{"id":4485,"date":"2014-07-11T00:00:00","date_gmt":"2014-07-10T22:00:00","guid":{"rendered":"https:\/\/lightweb.dev\/l\/svm-temp\/advokatspalten-vad-kan-konsekvenserna-bli-om-jag-kor-rattfull-i-spanien\/"},"modified":"2014-07-11T00:00:00","modified_gmt":"2014-07-10T22:00:00","slug":"advokatspalten-vad-kan-konsekvenserna-bli-om-jag-kor-rattfull-i-spanien","status":"publish","type":"post","link":"https:\/\/lightweb.dev\/l\/svm-temp\/artiklar\/advokatspalten-vad-kan-konsekvenserna-bli-om-jag-kor-rattfull-i-spanien\/","title":{"rendered":"Advokatspalten: Vad kan konsekvenserna bli om jag k\u00f6r rattfull i Spanien?"},"content":{"rendered":"<p> Hej! Vi \u00e4r ett g\u00e4ng grabbar fr\u00e5n G\u00f6teborg som har hyrt ett hus utanf\u00f6r Marbella en vecka i sommar. F\u00f6rmodligen kommer vi att g\u00e5 ut och festa en hel del och vi funderar p\u00e5 att ta hyrbilen till klubbarna. Vad vi h\u00f6rt \u00e4r det mindre strikt att k\u00f6ra bil i Spanien \u00e4n i Sverige efter att man druckit alkohol. St\u00e4mmer detta? Av Jonas Nordgren, bitr\u00e4dande jurist vid Advokatfirman G\u00f6ran Rise<\/p>\n<p>Oavsett i vilket land Du befinner Dig vill vi avr\u00e5da fr\u00e5n att Du k\u00f6r bil efter att Du druckit alkohol.<br \/>\nGr\u00e4nsen f\u00f6r rattfylleri i Sverige \u00e4r 0,1 mg alkohol\/liter i utandningsluften, grovt brott \u00e4r 0,50 mg alkohol\/liter i utandningsluften. I Spanien \u00e4r gr\u00e4nsen f\u00f6r rattfylleri 0,25 mg alkohol\/liter i utandningsluften och grovt brott \u00e4r 0,60mg alkohol\/liter i utandningsluften &#8211; n\u00e5got f\u00f6renklat.<\/p>\n<p>Precis som i \u00f6vriga EU-l\u00e4nder \u00e4r det till\u00e5tet f\u00f6r Dig att k\u00f6ra bil i Spanien med Ditt svenska k\u00f6rkort och Du m\u00e5ste f\u00f6lja de lokala trafikreglerna. Bryter Du mot de lokala reglerna kan detta f\u00e5 konsekvenser \u00e4ven i Sverige.<\/p>\n<p>Om Du skulle l\u00e4mna positivt resultat i en alkoholkontroll i Spanien och g\u00f6ra Dig skyldig till rattfylleri \u00e4r straffet b\u00f6ter, f\u00f6rbud mot att k\u00f6ra bil i Spanien och eventuellt f\u00e4ngelse. Du riskerar dessutom ett omfattande skadest\u00e5nd om det sker en olycka d\u00e5 f\u00f6rs\u00e4kringen inte t\u00e4cker skadorna n\u00e4r Du k\u00f6rt rattfull.<\/p>\n<p>Har Du ett svenskt k\u00f6rkort kan inte spansk myndighet besluta om att det skall dras in. De kan d\u00e4remot f\u00f6rbjuda Dig fr\u00e5n att k\u00f6ra bil i Spanien under viss tid och skulle Du bryta mot ett s\u00e5dant f\u00f6rbud kan straffet bli betydligt h\u00f6gre. Beh\u00f6rig myndighet att dra in Ditt svenska k\u00f6rkort \u00e4r den myndighet som utf\u00e4rdat det, det vill s\u00e4ga Transportstyrelsen.<\/p>\n<p>Om det kommer till Transportstyrelsens k\u00e4nnedom att Du gjort Dig skyldig till rattfylleri \u2013 oavsett land \u2013 \u00e5terkallar de k\u00f6rkortet, beroende p\u00e5 utfallet av l\u00e4mnat alkoholtest. Transportstyrelsen tar i det fallet ingen h\u00e4nsyn till att myndigheterna i landet d\u00e4r brottet beg\u00e5tts endast drar in k\u00f6rkortet under en kortare tid. Ett lindrigare straff i Spanien kan i sj\u00e4lva verket leda till att Transportstyrelsen \u00e5terkallar Ditt k\u00f6rkort i Sverige, vilket inneb\u00e4r att Du m\u00e5ste g\u00f6ra om alla k\u00f6rkortsprover och dessutom erh\u00e5lla nytt k\u00f6rkortstillst\u00e5nd. Det senare brukar \u00e4ven kombineras med sp\u00e4rrtid.<\/p>\n<p>V\u00e5r erfarenhet \u00e4r att utbytet av information g\u00e4llande trafikrelaterad brottslighet mellan EU:s medlemsl\u00e4nder fungerar med varierande kvalitet i dagsl\u00e4get och att inte s\u00e4rskilt mycket information om trafikbrott beg\u00e5ngna i Spanien n\u00e5tt Sverige, hittills. Detta h\u00e5ller p\u00e5 att radikalt f\u00f6r\u00e4ndras, d\u00e5 EU:s medlemsstater f\u00f6r n\u00e4rvarande drifts\u00e4tter en gemensam databas f\u00f6r att underl\u00e4tta utbytet av information g\u00e4llande trafikrelaterad brottslighet.<\/p>\n<p>F\u00f6rutom risken Du uts\u00e4tter Dig sj\u00e4lv och andra f\u00f6r om Du k\u00f6r rattfull i Spanien under Din semester kan de till synes l\u00e5ga straffen i Spanien medf\u00f6ra allvarliga konsekvenser hemma i Sverige.<\/p>\n","protected":false},"excerpt":{"rendered":"<p>Hej! Vi \u00e4r ett g\u00e4ng grabbar fr\u00e5n G\u00f6teborg som har hyrt ett hus utanf\u00f6r Marbella en vecka i sommar. F\u00f6rmodligen kommer vi att g\u00e5 ut och festa en hel del och vi funderar p\u00e5 att ta hyrbilen till klubbarna. Vad vi h\u00f6rt \u00e4r det mindre strikt att k\u00f6ra bil i Spanien \u00e4n i Sverige efter [&hellip;]<\/p>\n","protected":false},"author":8,"featured_media":4486,"comment_status":"open","ping_status":"open","sticky":false,"template":"","format":"standard","meta":{"_et_pb_use_builder":"","_et_pb_old_content":"","_et_gb_content_width":"","footnotes":""},"categories":[396,4],"tags":[],"class_list":["post-4485","post","type-post","status-publish","format-standard","has-post-thumbnail","hentry","category-arkiv-artiklar","category-artiklar"],"yoast_head":"<!-- This site is optimized with the Yoast SEO Premium plugin v26.2 (Yoast SEO v27.4) - https:\/\/yoast.com\/product\/yoast-seo-premium-wordpress\/ -->\n<title>Advokatspalten: Vad kan konsekvenserna bli om jag k\u00f6r rattfull i Spanien? - Svenska Magasinet<\/title>\n<meta name=\"robots\" content=\"noindex, follow, max-snippet:-1, max-image-preview:large, max-video-preview:-1\" \/>\n<meta property=\"og:locale\" content=\"sv_SE\" \/>\n<meta property=\"og:type\" content=\"article\" \/>\n<meta property=\"og:title\" content=\"Advokatspalten: Vad kan konsekvenserna bli om jag k\u00f6r rattfull i Spanien?\" \/>\n<meta property=\"og:description\" content=\"Hej! Vi \u00e4r ett g\u00e4ng grabbar fr\u00e5n G\u00f6teborg som har hyrt ett hus utanf\u00f6r Marbella en vecka i sommar. F\u00f6rmodligen kommer vi att g\u00e5 ut och festa en hel del och vi funderar p\u00e5 att ta hyrbilen till klubbarna. Vad vi h\u00f6rt \u00e4r det mindre strikt att k\u00f6ra bil i Spanien \u00e4n i Sverige efter [&hellip;]\" \/>\n<meta property=\"og:url\" content=\"https:\/\/lightweb.dev\/l\/svm-temp\/artiklar\/advokatspalten-vad-kan-konsekvenserna-bli-om-jag-kor-rattfull-i-spanien\/\" \/>\n<meta property=\"og:site_name\" content=\"Svenska Magasinet\" \/>\n<meta property=\"article:publisher\" content=\"https:\/\/www.facebook.com\/svenskamagasinet\" \/>\n<meta property=\"article:published_time\" content=\"2014-07-10T22:00:00+00:00\" \/>\n<meta property=\"og:image\" content=\"https:\/\/lightweb.dev\/l\/svm-temp\/wp-content\/uploads\/2022\/04\/advokatspalten-vad-kan-konsekvenserna-bli-om-jag-kr-rattfull-i-spanien.png\" \/>\n\t<meta property=\"og:image:width\" content=\"280\" \/>\n\t<meta property=\"og:image:height\" content=\"396\" \/>\n\t<meta property=\"og:image:type\" content=\"image\/png\" \/>\n<meta name=\"author\" content=\"Redaktionen SvM\" \/>\n<meta name=\"twitter:card\" content=\"summary_large_image\" \/>\n<meta name=\"twitter:creator\" content=\"@SvenskaMagasine\" \/>\n<meta name=\"twitter:site\" content=\"@SvenskaMagasine\" \/>\n<script type=\"application\/ld+json\" class=\"yoast-schema-graph\">{\"@context\":\"https:\\\/\\\/schema.org\",\"@graph\":[{\"@type\":\"Article\",\"@id\":\"https:\\\/\\\/lightweb.dev\\\/l\\\/svm-temp\\\/artiklar\\\/advokatspalten-vad-kan-konsekvenserna-bli-om-jag-kor-rattfull-i-spanien\\\/#article\",\"isPartOf\":{\"@id\":\"https:\\\/\\\/lightweb.dev\\\/l\\\/svm-temp\\\/artiklar\\\/advokatspalten-vad-kan-konsekvenserna-bli-om-jag-kor-rattfull-i-spanien\\\/\"},\"author\":{\"name\":\"Redaktionen SvM\",\"@id\":\"https:\\\/\\\/lightweb.dev\\\/l\\\/svm-temp\\\/#\\\/schema\\\/person\\\/206a3bda5b607b0c25e1749191e4d837\"},\"headline\":\"Advokatspalten: Vad kan konsekvenserna bli om jag k\u00f6r rattfull i Spanien?\",\"datePublished\":\"2014-07-10T22:00:00+00:00\",\"mainEntityOfPage\":{\"@id\":\"https:\\\/\\\/lightweb.dev\\\/l\\\/svm-temp\\\/artiklar\\\/advokatspalten-vad-kan-konsekvenserna-bli-om-jag-kor-rattfull-i-spanien\\\/\"},\"wordCount\":561,\"commentCount\":1,\"publisher\":{\"@id\":\"https:\\\/\\\/lightweb.dev\\\/l\\\/svm-temp\\\/#organization\"},\"image\":{\"@id\":\"https:\\\/\\\/lightweb.dev\\\/l\\\/svm-temp\\\/artiklar\\\/advokatspalten-vad-kan-konsekvenserna-bli-om-jag-kor-rattfull-i-spanien\\\/#primaryimage\"},\"thumbnailUrl\":\"https:\\\/\\\/lightweb.dev\\\/l\\\/svm-temp\\\/wp-content\\\/uploads\\\/2022\\\/04\\\/advokatspalten-vad-kan-konsekvenserna-bli-om-jag-kr-rattfull-i-spanien.png\",\"articleSection\":[\"Arkiv\",\"Artiklar\"],\"inLanguage\":\"sv-SE\"},{\"@type\":\"WebPage\",\"@id\":\"https:\\\/\\\/lightweb.dev\\\/l\\\/svm-temp\\\/artiklar\\\/advokatspalten-vad-kan-konsekvenserna-bli-om-jag-kor-rattfull-i-spanien\\\/\",\"url\":\"https:\\\/\\\/lightweb.dev\\\/l\\\/svm-temp\\\/artiklar\\\/advokatspalten-vad-kan-konsekvenserna-bli-om-jag-kor-rattfull-i-spanien\\\/\",\"name\":\"Advokatspalten: Vad kan konsekvenserna bli om jag k\u00f6r rattfull i Spanien? - Svenska Magasinet\",\"isPartOf\":{\"@id\":\"https:\\\/\\\/lightweb.dev\\\/l\\\/svm-temp\\\/#website\"},\"primaryImageOfPage\":{\"@id\":\"https:\\\/\\\/lightweb.dev\\\/l\\\/svm-temp\\\/artiklar\\\/advokatspalten-vad-kan-konsekvenserna-bli-om-jag-kor-rattfull-i-spanien\\\/#primaryimage\"},\"image\":{\"@id\":\"https:\\\/\\\/lightweb.dev\\\/l\\\/svm-temp\\\/artiklar\\\/advokatspalten-vad-kan-konsekvenserna-bli-om-jag-kor-rattfull-i-spanien\\\/#primaryimage\"},\"thumbnailUrl\":\"https:\\\/\\\/lightweb.dev\\\/l\\\/svm-temp\\\/wp-content\\\/uploads\\\/2022\\\/04\\\/advokatspalten-vad-kan-konsekvenserna-bli-om-jag-kr-rattfull-i-spanien.png\",\"datePublished\":\"2014-07-10T22:00:00+00:00\",\"breadcrumb\":{\"@id\":\"https:\\\/\\\/lightweb.dev\\\/l\\\/svm-temp\\\/artiklar\\\/advokatspalten-vad-kan-konsekvenserna-bli-om-jag-kor-rattfull-i-spanien\\\/#breadcrumb\"},\"inLanguage\":\"sv-SE\",\"potentialAction\":[{\"@type\":\"ReadAction\",\"target\":[\"https:\\\/\\\/lightweb.dev\\\/l\\\/svm-temp\\\/artiklar\\\/advokatspalten-vad-kan-konsekvenserna-bli-om-jag-kor-rattfull-i-spanien\\\/\"]}]},{\"@type\":\"ImageObject\",\"inLanguage\":\"sv-SE\",\"@id\":\"https:\\\/\\\/lightweb.dev\\\/l\\\/svm-temp\\\/artiklar\\\/advokatspalten-vad-kan-konsekvenserna-bli-om-jag-kor-rattfull-i-spanien\\\/#primaryimage\",\"url\":\"https:\\\/\\\/lightweb.dev\\\/l\\\/svm-temp\\\/wp-content\\\/uploads\\\/2022\\\/04\\\/advokatspalten-vad-kan-konsekvenserna-bli-om-jag-kr-rattfull-i-spanien.png\",\"contentUrl\":\"https:\\\/\\\/lightweb.dev\\\/l\\\/svm-temp\\\/wp-content\\\/uploads\\\/2022\\\/04\\\/advokatspalten-vad-kan-konsekvenserna-bli-om-jag-kr-rattfull-i-spanien.png\",\"width\":280,\"height\":396},{\"@type\":\"BreadcrumbList\",\"@id\":\"https:\\\/\\\/lightweb.dev\\\/l\\\/svm-temp\\\/artiklar\\\/advokatspalten-vad-kan-konsekvenserna-bli-om-jag-kor-rattfull-i-spanien\\\/#breadcrumb\",\"itemListElement\":[{\"@type\":\"ListItem\",\"position\":1,\"name\":\"Hem\",\"item\":\"https:\\\/\\\/lightweb.dev\\\/l\\\/svm-temp\\\/\"},{\"@type\":\"ListItem\",\"position\":2,\"name\":\"Advokatspalten: Vad kan konsekvenserna bli om jag k\u00f6r rattfull i Spanien?\"}]},{\"@type\":\"WebSite\",\"@id\":\"https:\\\/\\\/lightweb.dev\\\/l\\\/svm-temp\\\/#website\",\"url\":\"https:\\\/\\\/lightweb.dev\\\/l\\\/svm-temp\\\/\",\"name\":\"Svenska Magasinet\",\"description\":\"Dina Spanska nyheter p&aring; Svenska\",\"publisher\":{\"@id\":\"https:\\\/\\\/lightweb.dev\\\/l\\\/svm-temp\\\/#organization\"},\"potentialAction\":[{\"@type\":\"SearchAction\",\"target\":{\"@type\":\"EntryPoint\",\"urlTemplate\":\"https:\\\/\\\/lightweb.dev\\\/l\\\/svm-temp\\\/?s={search_term_string}\"},\"query-input\":{\"@type\":\"PropertyValueSpecification\",\"valueRequired\":true,\"valueName\":\"search_term_string\"}}],\"inLanguage\":\"sv-SE\"},{\"@type\":\"Organization\",\"@id\":\"https:\\\/\\\/lightweb.dev\\\/l\\\/svm-temp\\\/#organization\",\"name\":\"Melkerson y Nott SL\",\"alternateName\":\"Svenska Magasinet\",\"url\":\"https:\\\/\\\/lightweb.dev\\\/l\\\/svm-temp\\\/\",\"logo\":{\"@type\":\"ImageObject\",\"inLanguage\":\"sv-SE\",\"@id\":\"https:\\\/\\\/lightweb.dev\\\/l\\\/svm-temp\\\/#\\\/schema\\\/logo\\\/image\\\/\",\"url\":\"https:\\\/\\\/lightweb.dev\\\/l\\\/svm-temp\\\/wp-content\\\/uploads\\\/2025\\\/02\\\/SvM-logo-Xtra-Centrerad-SVART.png\",\"contentUrl\":\"https:\\\/\\\/lightweb.dev\\\/l\\\/svm-temp\\\/wp-content\\\/uploads\\\/2025\\\/02\\\/SvM-logo-Xtra-Centrerad-SVART.png\",\"width\":300,\"height\":99,\"caption\":\"Melkerson y Nott SL\"},\"image\":{\"@id\":\"https:\\\/\\\/lightweb.dev\\\/l\\\/svm-temp\\\/#\\\/schema\\\/logo\\\/image\\\/\"},\"sameAs\":[\"https:\\\/\\\/www.facebook.com\\\/svenskamagasinet\",\"https:\\\/\\\/x.com\\\/SvenskaMagasine\"]},{\"@type\":\"Person\",\"@id\":\"https:\\\/\\\/lightweb.dev\\\/l\\\/svm-temp\\\/#\\\/schema\\\/person\\\/206a3bda5b607b0c25e1749191e4d837\",\"name\":\"Redaktionen SvM\",\"description\":\"Redaktionen\",\"sameAs\":[\"https:\\\/\\\/lightweb.dev\\\/l\\\/svm-temp\"],\"url\":\"https:\\\/\\\/lightweb.dev\\\/l\\\/svm-temp\\\/reporter\\\/redaktionen\\\/\"}]}<\/script>\n<!-- \/ Yoast SEO Premium plugin. -->","yoast_head_json":{"title":"Advokatspalten: Vad kan konsekvenserna bli om jag k\u00f6r rattfull i Spanien? - Svenska Magasinet","robots":{"index":"noindex","follow":"follow","max-snippet":"max-snippet:-1","max-image-preview":"max-image-preview:large","max-video-preview":"max-video-preview:-1"},"og_locale":"sv_SE","og_type":"article","og_title":"Advokatspalten: Vad kan konsekvenserna bli om jag k\u00f6r rattfull i Spanien?","og_description":"Hej! Vi \u00e4r ett g\u00e4ng grabbar fr\u00e5n G\u00f6teborg som har hyrt ett hus utanf\u00f6r Marbella en vecka i sommar. F\u00f6rmodligen kommer vi att g\u00e5 ut och festa en hel del och vi funderar p\u00e5 att ta hyrbilen till klubbarna. Vad vi h\u00f6rt \u00e4r det mindre strikt att k\u00f6ra bil i Spanien \u00e4n i Sverige efter [&hellip;]","og_url":"https:\/\/lightweb.dev\/l\/svm-temp\/artiklar\/advokatspalten-vad-kan-konsekvenserna-bli-om-jag-kor-rattfull-i-spanien\/","og_site_name":"Svenska Magasinet","article_publisher":"https:\/\/www.facebook.com\/svenskamagasinet","article_published_time":"2014-07-10T22:00:00+00:00","og_image":[{"width":280,"height":396,"url":"https:\/\/lightweb.dev\/l\/svm-temp\/wp-content\/uploads\/2022\/04\/advokatspalten-vad-kan-konsekvenserna-bli-om-jag-kr-rattfull-i-spanien.png","type":"image\/png"}],"author":"Redaktionen SvM","twitter_card":"summary_large_image","twitter_creator":"@SvenskaMagasine","twitter_site":"@SvenskaMagasine","schema":{"@context":"https:\/\/schema.org","@graph":[{"@type":"Article","@id":"https:\/\/lightweb.dev\/l\/svm-temp\/artiklar\/advokatspalten-vad-kan-konsekvenserna-bli-om-jag-kor-rattfull-i-spanien\/#article","isPartOf":{"@id":"https:\/\/lightweb.dev\/l\/svm-temp\/artiklar\/advokatspalten-vad-kan-konsekvenserna-bli-om-jag-kor-rattfull-i-spanien\/"},"author":{"name":"Redaktionen SvM","@id":"https:\/\/lightweb.dev\/l\/svm-temp\/#\/schema\/person\/206a3bda5b607b0c25e1749191e4d837"},"headline":"Advokatspalten: Vad kan konsekvenserna bli om jag k\u00f6r rattfull i Spanien?","datePublished":"2014-07-10T22:00:00+00:00","mainEntityOfPage":{"@id":"https:\/\/lightweb.dev\/l\/svm-temp\/artiklar\/advokatspalten-vad-kan-konsekvenserna-bli-om-jag-kor-rattfull-i-spanien\/"},"wordCount":561,"commentCount":1,"publisher":{"@id":"https:\/\/lightweb.dev\/l\/svm-temp\/#organization"},"image":{"@id":"https:\/\/lightweb.dev\/l\/svm-temp\/artiklar\/advokatspalten-vad-kan-konsekvenserna-bli-om-jag-kor-rattfull-i-spanien\/#primaryimage"},"thumbnailUrl":"https:\/\/lightweb.dev\/l\/svm-temp\/wp-content\/uploads\/2022\/04\/advokatspalten-vad-kan-konsekvenserna-bli-om-jag-kr-rattfull-i-spanien.png","articleSection":["Arkiv","Artiklar"],"inLanguage":"sv-SE"},{"@type":"WebPage","@id":"https:\/\/lightweb.dev\/l\/svm-temp\/artiklar\/advokatspalten-vad-kan-konsekvenserna-bli-om-jag-kor-rattfull-i-spanien\/","url":"https:\/\/lightweb.dev\/l\/svm-temp\/artiklar\/advokatspalten-vad-kan-konsekvenserna-bli-om-jag-kor-rattfull-i-spanien\/","name":"Advokatspalten: Vad kan konsekvenserna bli om jag k\u00f6r rattfull i Spanien? - Svenska Magasinet","isPartOf":{"@id":"https:\/\/lightweb.dev\/l\/svm-temp\/#website"},"primaryImageOfPage":{"@id":"https:\/\/lightweb.dev\/l\/svm-temp\/artiklar\/advokatspalten-vad-kan-konsekvenserna-bli-om-jag-kor-rattfull-i-spanien\/#primaryimage"},"image":{"@id":"https:\/\/lightweb.dev\/l\/svm-temp\/artiklar\/advokatspalten-vad-kan-konsekvenserna-bli-om-jag-kor-rattfull-i-spanien\/#primaryimage"},"thumbnailUrl":"https:\/\/lightweb.dev\/l\/svm-temp\/wp-content\/uploads\/2022\/04\/advokatspalten-vad-kan-konsekvenserna-bli-om-jag-kr-rattfull-i-spanien.png","datePublished":"2014-07-10T22:00:00+00:00","breadcrumb":{"@id":"https:\/\/lightweb.dev\/l\/svm-temp\/artiklar\/advokatspalten-vad-kan-konsekvenserna-bli-om-jag-kor-rattfull-i-spanien\/#breadcrumb"},"inLanguage":"sv-SE","potentialAction":[{"@type":"ReadAction","target":["https:\/\/lightweb.dev\/l\/svm-temp\/artiklar\/advokatspalten-vad-kan-konsekvenserna-bli-om-jag-kor-rattfull-i-spanien\/"]}]},{"@type":"ImageObject","inLanguage":"sv-SE","@id":"https:\/\/lightweb.dev\/l\/svm-temp\/artiklar\/advokatspalten-vad-kan-konsekvenserna-bli-om-jag-kor-rattfull-i-spanien\/#primaryimage","url":"https:\/\/lightweb.dev\/l\/svm-temp\/wp-content\/uploads\/2022\/04\/advokatspalten-vad-kan-konsekvenserna-bli-om-jag-kr-rattfull-i-spanien.png","contentUrl":"https:\/\/lightweb.dev\/l\/svm-temp\/wp-content\/uploads\/2022\/04\/advokatspalten-vad-kan-konsekvenserna-bli-om-jag-kr-rattfull-i-spanien.png","width":280,"height":396},{"@type":"BreadcrumbList","@id":"https:\/\/lightweb.dev\/l\/svm-temp\/artiklar\/advokatspalten-vad-kan-konsekvenserna-bli-om-jag-kor-rattfull-i-spanien\/#breadcrumb","itemListElement":[{"@type":"ListItem","position":1,"name":"Hem","item":"https:\/\/lightweb.dev\/l\/svm-temp\/"},{"@type":"ListItem","position":2,"name":"Advokatspalten: Vad kan konsekvenserna bli om jag k\u00f6r rattfull i Spanien?"}]},{"@type":"WebSite","@id":"https:\/\/lightweb.dev\/l\/svm-temp\/#website","url":"https:\/\/lightweb.dev\/l\/svm-temp\/","name":"Svenska Magasinet","description":"Dina Spanska nyheter p&aring; Svenska","publisher":{"@id":"https:\/\/lightweb.dev\/l\/svm-temp\/#organization"},"potentialAction":[{"@type":"SearchAction","target":{"@type":"EntryPoint","urlTemplate":"https:\/\/lightweb.dev\/l\/svm-temp\/?s={search_term_string}"},"query-input":{"@type":"PropertyValueSpecification","valueRequired":true,"valueName":"search_term_string"}}],"inLanguage":"sv-SE"},{"@type":"Organization","@id":"https:\/\/lightweb.dev\/l\/svm-temp\/#organization","name":"Melkerson y Nott SL","alternateName":"Svenska Magasinet","url":"https:\/\/lightweb.dev\/l\/svm-temp\/","logo":{"@type":"ImageObject","inLanguage":"sv-SE","@id":"https:\/\/lightweb.dev\/l\/svm-temp\/#\/schema\/logo\/image\/","url":"https:\/\/lightweb.dev\/l\/svm-temp\/wp-content\/uploads\/2025\/02\/SvM-logo-Xtra-Centrerad-SVART.png","contentUrl":"https:\/\/lightweb.dev\/l\/svm-temp\/wp-content\/uploads\/2025\/02\/SvM-logo-Xtra-Centrerad-SVART.png","width":300,"height":99,"caption":"Melkerson y Nott SL"},"image":{"@id":"https:\/\/lightweb.dev\/l\/svm-temp\/#\/schema\/logo\/image\/"},"sameAs":["https:\/\/www.facebook.com\/svenskamagasinet","https:\/\/x.com\/SvenskaMagasine"]},{"@type":"Person","@id":"https:\/\/lightweb.dev\/l\/svm-temp\/#\/schema\/person\/206a3bda5b607b0c25e1749191e4d837","name":"Redaktionen SvM","description":"Redaktionen","sameAs":["https:\/\/lightweb.dev\/l\/svm-temp"],"url":"https:\/\/lightweb.dev\/l\/svm-temp\/reporter\/redaktionen\/"}]}},"_links":{"self":[{"href":"https:\/\/lightweb.dev\/l\/svm-temp\/wp-json\/wp\/v2\/posts\/4485","targetHints":{"allow":["GET"]}}],"collection":[{"href":"https:\/\/lightweb.dev\/l\/svm-temp\/wp-json\/wp\/v2\/posts"}],"about":[{"href":"https:\/\/lightweb.dev\/l\/svm-temp\/wp-json\/wp\/v2\/types\/post"}],"author":[{"embeddable":true,"href":"https:\/\/lightweb.dev\/l\/svm-temp\/wp-json\/wp\/v2\/users\/8"}],"replies":[{"embeddable":true,"href":"https:\/\/lightweb.dev\/l\/svm-temp\/wp-json\/wp\/v2\/comments?post=4485"}],"version-history":[{"count":0,"href":"https:\/\/lightweb.dev\/l\/svm-temp\/wp-json\/wp\/v2\/posts\/4485\/revisions"}],"wp:featuredmedia":[{"embeddable":true,"href":"https:\/\/lightweb.dev\/l\/svm-temp\/wp-json\/wp\/v2\/media\/4486"}],"wp:attachment":[{"href":"https:\/\/lightweb.dev\/l\/svm-temp\/wp-json\/wp\/v2\/media?parent=4485"}],"wp:term":[{"taxonomy":"category","embeddable":true,"href":"https:\/\/lightweb.dev\/l\/svm-temp\/wp-json\/wp\/v2\/categories?post=4485"},{"taxonomy":"post_tag","embeddable":true,"href":"https:\/\/lightweb.dev\/l\/svm-temp\/wp-json\/wp\/v2\/tags?post=4485"}],"curies":[{"name":"wp","href":"https:\/\/api.w.org\/{rel}","templated":true}]}}