{"id":4489,"date":"2014-07-09T00:00:00","date_gmt":"2014-07-08T22:00:00","guid":{"rendered":"https:\/\/lightweb.dev\/l\/svm-temp\/inredning-i-monte-paraiso\/"},"modified":"2014-07-09T00:00:00","modified_gmt":"2014-07-08T22:00:00","slug":"inredning-i-monte-paraiso","status":"publish","type":"post","link":"https:\/\/lightweb.dev\/l\/svm-temp\/artiklar\/inredning-i-monte-paraiso\/","title":{"rendered":"Inredning i Monte Para\u00edso"},"content":{"rendered":"<p> Denna luxu\u00f6sa v\u00e5ning var fr\u00e5n b\u00f6rjan m\u00f6blerad i en nyklassisk stil med alla v\u00e4ggar och inbyggda garderober m\u00e5lade i gr\u00e4ddiga gula toner. Hela v\u00e5ningen gav ett r\u00f6rigt och slitet intryck. Designer Andrea B\u00f6ck ber\u00e4ttar:<\/p>\n<p>\u201cEfter att vi f\u00e5tt direktiv av kunden, fick vi i uppdrag att m\u00f6blera hela v\u00e5ningen i en modern och elegant stil. Kunden vill ha gr\u00e5a toner och mullvad som bas med inslag av f\u00e4rg och tillsammans valde vi ut de stora m\u00f6blerna f\u00f6r att framh\u00e4va elegans och luftiga utrymmen. D\u00e4refter fortsatte vi med att m\u00e5la om hela v\u00e5ningen, vi bytte d\u00f6rrbeslagen till silverf\u00e4rgade och restaurerade en del av de befintliga m\u00f6blerna. Kunden ville bl a beh\u00e5lla matbord och soffbord s\u00e5 vi \u00e5teranv\u00e4nde dessa\u201d.<\/p>\n<p>N\u00e4r man g\u00e5r in i v\u00e5ningen m\u00f6ts man av pelare i passagen mellan matrum, vardagsrum och arbetsrum, n\u00e5got som ger ett praktfullt intryck. Till h\u00f6ger hittar man ett rymligt och snitsigt arbetsrum med en inbyggd askgr\u00e5 bokhylla, omm\u00e5lad av Ambience. I matrummet beh\u00f6lls matbordet och kunden valde ut nya eleganta stolar i velour med nitade kanter och tv\u00e5 maffiga karmstolar med vadderade ryggst\u00f6d, en f\u00f6r varje \u00e4nde av bordet. En magnifik takkrona fr\u00e5n Italamp, h\u00e4nger \u00f6ver bordet som kronan p\u00e5 verket. P\u00e5 matrummets v\u00e4ggar sitter en fantastisk tapet i reptilskinn med underbara lampor fr\u00e5n Porto Romana p\u00e5 var sida om spegeln. Konsolbordet har kl\u00e4tts om och m\u00e5lats. Tv\u00e5 specialtillverkade askgr\u00e5 f\u00f6rvaringssk\u00e5p med silverinl\u00e4ggningar st\u00e5r intill. En lyxig silkesmatta i skimrande askgr\u00e5, ger matrum och vardagsrum en touch av glamour och \u00e4r en ren njutning f\u00f6r f\u00f6tterna.<\/p>\n<p>I vardagsrummet st\u00e5r en L-formad soffa i gr\u00e5tt slitstarkt tyg med kuddar i glittrande charolite, ljuslila och vitt. I bakgrunden glittrar lampornas prismor. En extra bred f\u00e5t\u00f6lj specialtillverkades och fotpallen kl\u00e4ddes om i gl\u00e4nsande m\u00f6rklila.<\/p>\n<p>\u201cVi ville ge sovrummet en l\u00e4cker och \u00f6ppen k\u00e4nsla. Vi valde silver satin f\u00f6r den vadderade s\u00e4nggaveln och en vacker randig tapet fr\u00e5n Carlucci p\u00e5 v\u00e4ggarna, s\u00e4ger Andrea.\u201d P\u00e5 var sida av s\u00e4ngen st\u00e5r Linear s\u00e4ngbord som kontrast mot de romantiska franska speglar f\u00f6r dramatik och djup bakom sydafrikanska antilophornslamporna. Kuddar med struktur i askgr\u00e5 och silver tillsammans med Zinc\u00b4s underbara Shadow Mountain p\u00e4ls, pryder s\u00e4ngen. B\u00e4nken vid fot\u00e4nden av s\u00e4ngen kl\u00e4ddes i metallliknande tyg. F\u00f6r att komplettera looken valdes ett jazzigt sicksackm\u00f6nster f\u00f6r de tunna gardinerna och en stor f\u00e5t\u00f6lj med geometriskt m\u00f6nster i tr\u00e4.<\/p>\n<p> I det mindre sovrummet fastnade man f\u00f6r en extra stor, rektangular vadderad s\u00e4nggavel i tv\u00e5 toner, skimrande gr\u00e5tt v\u00e4vt tyg, en lila filt och m\u00f6nstrade kuddar med struktur f\u00f6r att passa in med den konst som redan fanns d\u00e4r.<\/p>\n<p>Ett set med fluffiga, fyrkantiga fotpallar i softad, silverf\u00e4rgad skinnimmitation st\u00e5r vid fot\u00e4ndan av s\u00e4ngen. Lampor med ringar och nickel p\u00e4rlor st\u00e5r p\u00e5 \u00e5teranv\u00e4nda s\u00e4ngbord. En vacker f\u00e5t\u00f6lj fr\u00e5n Munna, omkl\u00e4dd med ett smakfullt oregelbundet fiskbensm\u00f6nstrat chenille tyg fr\u00e5n Zinc.<\/p>\n<p>I det tredje sovrummet valdes en mer industriell chic dekor med ett beige f\u00e4rgschema och kontraster av svart och krom. M\u00f6rka trunks\u00e4ngbord, justerbara kromlampor och s\u00e4nggavel kl\u00e4dd med linnecanvas f\u00f6r en softare look och en naturlig struktur i rummet. Kuddarnas design \u00e4r sammansatt av m\u00e5nga olika tyger, fl\u00e4tade trimningar och v\u00e5giga band kors och tv\u00e4rs \u00f6ver kudden. F\u00e5t\u00f6ljen \u00e4r ocks\u00e5 kl\u00e4dd med linnetyg och har nitad kant f\u00f6r en klassisk touch. S\u00e4ngbordet restaurerades och m\u00e5lades i en gr\u00e5 satin finish. Svart\/vit retro konst ovanf\u00f6r bordet \u00e4r pricken \u00f6ver i.<\/p>\n<p>Bes\u00f6k den fina hemsidan www.ambiencehomedesign.com<\/p>\n<p>Studio\/Kontor p\u00e5 Ronda-v\u00e4gen, La Cancela de la Quinta, San Pedro de Alc\u00e1ntara<\/p>\n","protected":false},"excerpt":{"rendered":"<p>Denna luxu\u00f6sa v\u00e5ning var fr\u00e5n b\u00f6rjan m\u00f6blerad i en nyklassisk stil med alla v\u00e4ggar och inbyggda garderober m\u00e5lade i gr\u00e4ddiga gula toner. Hela v\u00e5ningen gav ett r\u00f6rigt och slitet intryck. Designer Andrea B\u00f6ck ber\u00e4ttar: \u201cEfter att vi f\u00e5tt direktiv av kunden, fick vi i uppdrag att m\u00f6blera hela v\u00e5ningen i en modern och elegant stil. [&hellip;]<\/p>\n","protected":false},"author":8,"featured_media":4490,"comment_status":"open","ping_status":"open","sticky":false,"template":"","format":"standard","meta":{"_et_pb_use_builder":"","_et_pb_old_content":"","_et_gb_content_width":"","footnotes":""},"categories":[4,37],"tags":[],"class_list":["post-4489","post","type-post","status-publish","format-standard","has-post-thumbnail","hentry","category-artiklar","category-hem-bostad"],"yoast_head":"<!-- This site is optimized with the Yoast SEO Premium plugin v26.2 (Yoast SEO v28.2) - https:\/\/yoast.com\/product\/yoast-seo-premium-wordpress\/ -->\n<title>Inredning i Monte Para\u00edso - Svenska Magasinet<\/title>\n<meta name=\"robots\" content=\"noindex, follow, max-snippet:-1, max-image-preview:large, max-video-preview:-1\" \/>\n<meta property=\"og:locale\" content=\"sv_SE\" \/>\n<meta property=\"og:type\" content=\"article\" \/>\n<meta property=\"og:title\" content=\"Inredning i Monte Para\u00edso\" \/>\n<meta property=\"og:description\" content=\"Denna luxu\u00f6sa v\u00e5ning var fr\u00e5n b\u00f6rjan m\u00f6blerad i en nyklassisk stil med alla v\u00e4ggar och inbyggda garderober m\u00e5lade i gr\u00e4ddiga gula toner. Hela v\u00e5ningen gav ett r\u00f6rigt och slitet intryck. Designer Andrea B\u00f6ck ber\u00e4ttar: \u201cEfter att vi f\u00e5tt direktiv av kunden, fick vi i uppdrag att m\u00f6blera hela v\u00e5ningen i en modern och elegant stil. [&hellip;]\" \/>\n<meta property=\"og:url\" content=\"https:\/\/lightweb.dev\/l\/svm-temp\/artiklar\/inredning-i-monte-paraiso\/\" \/>\n<meta property=\"og:site_name\" content=\"Svenska Magasinet\" \/>\n<meta property=\"article:publisher\" content=\"https:\/\/www.facebook.com\/svenskamagasinet\" \/>\n<meta property=\"article:published_time\" content=\"2014-07-08T22:00:00+00:00\" \/>\n<meta property=\"og:image\" content=\"https:\/\/lightweb.dev\/l\/svm-temp\/wp-content\/uploads\/2022\/04\/inredning-i-monte-paraso.png\" \/>\n\t<meta property=\"og:image:width\" content=\"300\" \/>\n\t<meta property=\"og:image:height\" content=\"200\" \/>\n\t<meta property=\"og:image:type\" content=\"image\/png\" \/>\n<meta name=\"author\" content=\"Redaktionen SvM\" \/>\n<meta name=\"twitter:card\" content=\"summary_large_image\" \/>\n<meta name=\"twitter:creator\" content=\"@SvenskaMagasine\" \/>\n<meta name=\"twitter:site\" content=\"@SvenskaMagasine\" \/>\n<script type=\"application\/ld+json\" class=\"yoast-schema-graph\">{\"@context\":\"https:\\\/\\\/schema.org\",\"@graph\":[{\"@type\":\"Article\",\"@id\":\"https:\\\/\\\/lightweb.dev\\\/l\\\/svm-temp\\\/artiklar\\\/inredning-i-monte-paraiso\\\/#article\",\"isPartOf\":{\"@id\":\"https:\\\/\\\/lightweb.dev\\\/l\\\/svm-temp\\\/artiklar\\\/inredning-i-monte-paraiso\\\/\"},\"author\":{\"name\":\"Redaktionen SvM\",\"@id\":\"https:\\\/\\\/lightweb.dev\\\/l\\\/svm-temp\\\/#\\\/schema\\\/person\\\/206a3bda5b607b0c25e1749191e4d837\"},\"headline\":\"Inredning i Monte Para\u00edso\",\"datePublished\":\"2014-07-08T22:00:00+00:00\",\"mainEntityOfPage\":{\"@id\":\"https:\\\/\\\/lightweb.dev\\\/l\\\/svm-temp\\\/artiklar\\\/inredning-i-monte-paraiso\\\/\"},\"wordCount\":700,\"commentCount\":0,\"publisher\":{\"@id\":\"https:\\\/\\\/lightweb.dev\\\/l\\\/svm-temp\\\/#organization\"},\"image\":{\"@id\":\"https:\\\/\\\/lightweb.dev\\\/l\\\/svm-temp\\\/artiklar\\\/inredning-i-monte-paraiso\\\/#primaryimage\"},\"thumbnailUrl\":\"https:\\\/\\\/lightweb.dev\\\/l\\\/svm-temp\\\/wp-content\\\/uploads\\\/2022\\\/04\\\/inredning-i-monte-paraso.png\",\"articleSection\":[\"Artiklar\",\"Hem &amp; bostad\"],\"inLanguage\":\"sv-SE\"},{\"@type\":\"WebPage\",\"@id\":\"https:\\\/\\\/lightweb.dev\\\/l\\\/svm-temp\\\/artiklar\\\/inredning-i-monte-paraiso\\\/\",\"url\":\"https:\\\/\\\/lightweb.dev\\\/l\\\/svm-temp\\\/artiklar\\\/inredning-i-monte-paraiso\\\/\",\"name\":\"Inredning i Monte Para\u00edso - Svenska Magasinet\",\"isPartOf\":{\"@id\":\"https:\\\/\\\/lightweb.dev\\\/l\\\/svm-temp\\\/#website\"},\"primaryImageOfPage\":{\"@id\":\"https:\\\/\\\/lightweb.dev\\\/l\\\/svm-temp\\\/artiklar\\\/inredning-i-monte-paraiso\\\/#primaryimage\"},\"image\":{\"@id\":\"https:\\\/\\\/lightweb.dev\\\/l\\\/svm-temp\\\/artiklar\\\/inredning-i-monte-paraiso\\\/#primaryimage\"},\"thumbnailUrl\":\"https:\\\/\\\/lightweb.dev\\\/l\\\/svm-temp\\\/wp-content\\\/uploads\\\/2022\\\/04\\\/inredning-i-monte-paraso.png\",\"datePublished\":\"2014-07-08T22:00:00+00:00\",\"breadcrumb\":{\"@id\":\"https:\\\/\\\/lightweb.dev\\\/l\\\/svm-temp\\\/artiklar\\\/inredning-i-monte-paraiso\\\/#breadcrumb\"},\"inLanguage\":\"sv-SE\",\"potentialAction\":[{\"@type\":\"ReadAction\",\"target\":[\"https:\\\/\\\/lightweb.dev\\\/l\\\/svm-temp\\\/artiklar\\\/inredning-i-monte-paraiso\\\/\"]}]},{\"@type\":\"ImageObject\",\"inLanguage\":\"sv-SE\",\"@id\":\"https:\\\/\\\/lightweb.dev\\\/l\\\/svm-temp\\\/artiklar\\\/inredning-i-monte-paraiso\\\/#primaryimage\",\"url\":\"https:\\\/\\\/lightweb.dev\\\/l\\\/svm-temp\\\/wp-content\\\/uploads\\\/2022\\\/04\\\/inredning-i-monte-paraso.png\",\"contentUrl\":\"https:\\\/\\\/lightweb.dev\\\/l\\\/svm-temp\\\/wp-content\\\/uploads\\\/2022\\\/04\\\/inredning-i-monte-paraso.png\",\"width\":300,\"height\":200},{\"@type\":\"BreadcrumbList\",\"@id\":\"https:\\\/\\\/lightweb.dev\\\/l\\\/svm-temp\\\/artiklar\\\/inredning-i-monte-paraiso\\\/#breadcrumb\",\"itemListElement\":[{\"@type\":\"ListItem\",\"position\":1,\"name\":\"Hem\",\"item\":\"https:\\\/\\\/lightweb.dev\\\/l\\\/svm-temp\\\/\"},{\"@type\":\"ListItem\",\"position\":2,\"name\":\"Inredning i Monte Para\u00edso\"}]},{\"@type\":\"WebSite\",\"@id\":\"https:\\\/\\\/lightweb.dev\\\/l\\\/svm-temp\\\/#website\",\"url\":\"https:\\\/\\\/lightweb.dev\\\/l\\\/svm-temp\\\/\",\"name\":\"Svenska Magasinet\",\"description\":\"Dina Spanska nyheter p&aring; Svenska\",\"publisher\":{\"@id\":\"https:\\\/\\\/lightweb.dev\\\/l\\\/svm-temp\\\/#organization\"},\"potentialAction\":[{\"@type\":\"SearchAction\",\"target\":{\"@type\":\"EntryPoint\",\"urlTemplate\":\"https:\\\/\\\/lightweb.dev\\\/l\\\/svm-temp\\\/?s={search_term_string}\"},\"query-input\":{\"@type\":\"PropertyValueSpecification\",\"valueRequired\":true,\"valueName\":\"search_term_string\"}}],\"inLanguage\":\"sv-SE\"},{\"@type\":\"Organization\",\"@id\":\"https:\\\/\\\/lightweb.dev\\\/l\\\/svm-temp\\\/#organization\",\"name\":\"Melkerson y Nott SL\",\"alternateName\":\"Svenska Magasinet\",\"url\":\"https:\\\/\\\/lightweb.dev\\\/l\\\/svm-temp\\\/\",\"logo\":{\"@type\":\"ImageObject\",\"inLanguage\":\"sv-SE\",\"@id\":\"https:\\\/\\\/lightweb.dev\\\/l\\\/svm-temp\\\/#\\\/schema\\\/logo\\\/image\\\/\",\"url\":\"https:\\\/\\\/lightweb.dev\\\/l\\\/svm-temp\\\/wp-content\\\/uploads\\\/2025\\\/02\\\/SvM-logo-Xtra-Centrerad-SVART.png\",\"contentUrl\":\"https:\\\/\\\/lightweb.dev\\\/l\\\/svm-temp\\\/wp-content\\\/uploads\\\/2025\\\/02\\\/SvM-logo-Xtra-Centrerad-SVART.png\",\"width\":300,\"height\":99,\"caption\":\"Melkerson y Nott SL\"},\"image\":{\"@id\":\"https:\\\/\\\/lightweb.dev\\\/l\\\/svm-temp\\\/#\\\/schema\\\/logo\\\/image\\\/\"},\"sameAs\":[\"https:\\\/\\\/www.facebook.com\\\/svenskamagasinet\",\"https:\\\/\\\/x.com\\\/SvenskaMagasine\"]},{\"@type\":\"Person\",\"@id\":\"https:\\\/\\\/lightweb.dev\\\/l\\\/svm-temp\\\/#\\\/schema\\\/person\\\/206a3bda5b607b0c25e1749191e4d837\",\"name\":\"Redaktionen SvM\",\"description\":\"Redaktionen\",\"sameAs\":[\"https:\\\/\\\/lightweb.dev\\\/l\\\/svm-temp\"],\"url\":\"https:\\\/\\\/lightweb.dev\\\/l\\\/svm-temp\\\/reporter\\\/redaktionen\\\/\"}]}<\/script>\n<!-- \/ Yoast SEO Premium plugin. -->","yoast_head_json":{"title":"Inredning i Monte Para\u00edso - Svenska Magasinet","robots":{"index":"noindex","follow":"follow","max-snippet":"max-snippet:-1","max-image-preview":"max-image-preview:large","max-video-preview":"max-video-preview:-1"},"og_locale":"sv_SE","og_type":"article","og_title":"Inredning i Monte Para\u00edso","og_description":"Denna luxu\u00f6sa v\u00e5ning var fr\u00e5n b\u00f6rjan m\u00f6blerad i en nyklassisk stil med alla v\u00e4ggar och inbyggda garderober m\u00e5lade i gr\u00e4ddiga gula toner. Hela v\u00e5ningen gav ett r\u00f6rigt och slitet intryck. Designer Andrea B\u00f6ck ber\u00e4ttar: \u201cEfter att vi f\u00e5tt direktiv av kunden, fick vi i uppdrag att m\u00f6blera hela v\u00e5ningen i en modern och elegant stil. [&hellip;]","og_url":"https:\/\/lightweb.dev\/l\/svm-temp\/artiklar\/inredning-i-monte-paraiso\/","og_site_name":"Svenska Magasinet","article_publisher":"https:\/\/www.facebook.com\/svenskamagasinet","article_published_time":"2014-07-08T22:00:00+00:00","og_image":[{"width":300,"height":200,"url":"https:\/\/lightweb.dev\/l\/svm-temp\/wp-content\/uploads\/2022\/04\/inredning-i-monte-paraso.png","type":"image\/png"}],"author":"Redaktionen SvM","twitter_card":"summary_large_image","twitter_creator":"@SvenskaMagasine","twitter_site":"@SvenskaMagasine","schema":{"@context":"https:\/\/schema.org","@graph":[{"@type":"Article","@id":"https:\/\/lightweb.dev\/l\/svm-temp\/artiklar\/inredning-i-monte-paraiso\/#article","isPartOf":{"@id":"https:\/\/lightweb.dev\/l\/svm-temp\/artiklar\/inredning-i-monte-paraiso\/"},"author":{"name":"Redaktionen SvM","@id":"https:\/\/lightweb.dev\/l\/svm-temp\/#\/schema\/person\/206a3bda5b607b0c25e1749191e4d837"},"headline":"Inredning i Monte Para\u00edso","datePublished":"2014-07-08T22:00:00+00:00","mainEntityOfPage":{"@id":"https:\/\/lightweb.dev\/l\/svm-temp\/artiklar\/inredning-i-monte-paraiso\/"},"wordCount":700,"commentCount":0,"publisher":{"@id":"https:\/\/lightweb.dev\/l\/svm-temp\/#organization"},"image":{"@id":"https:\/\/lightweb.dev\/l\/svm-temp\/artiklar\/inredning-i-monte-paraiso\/#primaryimage"},"thumbnailUrl":"https:\/\/lightweb.dev\/l\/svm-temp\/wp-content\/uploads\/2022\/04\/inredning-i-monte-paraso.png","articleSection":["Artiklar","Hem &amp; bostad"],"inLanguage":"sv-SE"},{"@type":"WebPage","@id":"https:\/\/lightweb.dev\/l\/svm-temp\/artiklar\/inredning-i-monte-paraiso\/","url":"https:\/\/lightweb.dev\/l\/svm-temp\/artiklar\/inredning-i-monte-paraiso\/","name":"Inredning i Monte Para\u00edso - Svenska Magasinet","isPartOf":{"@id":"https:\/\/lightweb.dev\/l\/svm-temp\/#website"},"primaryImageOfPage":{"@id":"https:\/\/lightweb.dev\/l\/svm-temp\/artiklar\/inredning-i-monte-paraiso\/#primaryimage"},"image":{"@id":"https:\/\/lightweb.dev\/l\/svm-temp\/artiklar\/inredning-i-monte-paraiso\/#primaryimage"},"thumbnailUrl":"https:\/\/lightweb.dev\/l\/svm-temp\/wp-content\/uploads\/2022\/04\/inredning-i-monte-paraso.png","datePublished":"2014-07-08T22:00:00+00:00","breadcrumb":{"@id":"https:\/\/lightweb.dev\/l\/svm-temp\/artiklar\/inredning-i-monte-paraiso\/#breadcrumb"},"inLanguage":"sv-SE","potentialAction":[{"@type":"ReadAction","target":["https:\/\/lightweb.dev\/l\/svm-temp\/artiklar\/inredning-i-monte-paraiso\/"]}]},{"@type":"ImageObject","inLanguage":"sv-SE","@id":"https:\/\/lightweb.dev\/l\/svm-temp\/artiklar\/inredning-i-monte-paraiso\/#primaryimage","url":"https:\/\/lightweb.dev\/l\/svm-temp\/wp-content\/uploads\/2022\/04\/inredning-i-monte-paraso.png","contentUrl":"https:\/\/lightweb.dev\/l\/svm-temp\/wp-content\/uploads\/2022\/04\/inredning-i-monte-paraso.png","width":300,"height":200},{"@type":"BreadcrumbList","@id":"https:\/\/lightweb.dev\/l\/svm-temp\/artiklar\/inredning-i-monte-paraiso\/#breadcrumb","itemListElement":[{"@type":"ListItem","position":1,"name":"Hem","item":"https:\/\/lightweb.dev\/l\/svm-temp\/"},{"@type":"ListItem","position":2,"name":"Inredning i Monte Para\u00edso"}]},{"@type":"WebSite","@id":"https:\/\/lightweb.dev\/l\/svm-temp\/#website","url":"https:\/\/lightweb.dev\/l\/svm-temp\/","name":"Svenska Magasinet","description":"Dina Spanska nyheter p&aring; Svenska","publisher":{"@id":"https:\/\/lightweb.dev\/l\/svm-temp\/#organization"},"potentialAction":[{"@type":"SearchAction","target":{"@type":"EntryPoint","urlTemplate":"https:\/\/lightweb.dev\/l\/svm-temp\/?s={search_term_string}"},"query-input":{"@type":"PropertyValueSpecification","valueRequired":true,"valueName":"search_term_string"}}],"inLanguage":"sv-SE"},{"@type":"Organization","@id":"https:\/\/lightweb.dev\/l\/svm-temp\/#organization","name":"Melkerson y Nott SL","alternateName":"Svenska Magasinet","url":"https:\/\/lightweb.dev\/l\/svm-temp\/","logo":{"@type":"ImageObject","inLanguage":"sv-SE","@id":"https:\/\/lightweb.dev\/l\/svm-temp\/#\/schema\/logo\/image\/","url":"https:\/\/lightweb.dev\/l\/svm-temp\/wp-content\/uploads\/2025\/02\/SvM-logo-Xtra-Centrerad-SVART.png","contentUrl":"https:\/\/lightweb.dev\/l\/svm-temp\/wp-content\/uploads\/2025\/02\/SvM-logo-Xtra-Centrerad-SVART.png","width":300,"height":99,"caption":"Melkerson y Nott SL"},"image":{"@id":"https:\/\/lightweb.dev\/l\/svm-temp\/#\/schema\/logo\/image\/"},"sameAs":["https:\/\/www.facebook.com\/svenskamagasinet","https:\/\/x.com\/SvenskaMagasine"]},{"@type":"Person","@id":"https:\/\/lightweb.dev\/l\/svm-temp\/#\/schema\/person\/206a3bda5b607b0c25e1749191e4d837","name":"Redaktionen SvM","description":"Redaktionen","sameAs":["https:\/\/lightweb.dev\/l\/svm-temp"],"url":"https:\/\/lightweb.dev\/l\/svm-temp\/reporter\/redaktionen\/"}]}},"_links":{"self":[{"href":"https:\/\/lightweb.dev\/l\/svm-temp\/wp-json\/wp\/v2\/posts\/4489","targetHints":{"allow":["GET"]}}],"collection":[{"href":"https:\/\/lightweb.dev\/l\/svm-temp\/wp-json\/wp\/v2\/posts"}],"about":[{"href":"https:\/\/lightweb.dev\/l\/svm-temp\/wp-json\/wp\/v2\/types\/post"}],"author":[{"embeddable":true,"href":"https:\/\/lightweb.dev\/l\/svm-temp\/wp-json\/wp\/v2\/users\/8"}],"replies":[{"embeddable":true,"href":"https:\/\/lightweb.dev\/l\/svm-temp\/wp-json\/wp\/v2\/comments?post=4489"}],"version-history":[{"count":0,"href":"https:\/\/lightweb.dev\/l\/svm-temp\/wp-json\/wp\/v2\/posts\/4489\/revisions"}],"wp:featuredmedia":[{"embeddable":true,"href":"https:\/\/lightweb.dev\/l\/svm-temp\/wp-json\/wp\/v2\/media\/4490"}],"wp:attachment":[{"href":"https:\/\/lightweb.dev\/l\/svm-temp\/wp-json\/wp\/v2\/media?parent=4489"}],"wp:term":[{"taxonomy":"category","embeddable":true,"href":"https:\/\/lightweb.dev\/l\/svm-temp\/wp-json\/wp\/v2\/categories?post=4489"},{"taxonomy":"post_tag","embeddable":true,"href":"https:\/\/lightweb.dev\/l\/svm-temp\/wp-json\/wp\/v2\/tags?post=4489"}],"curies":[{"name":"wp","href":"https:\/\/api.w.org\/{rel}","templated":true}]}}