{"id":4516,"date":"2014-06-23T00:00:00","date_gmt":"2014-06-22T22:00:00","guid":{"rendered":"https:\/\/lightweb.dev\/l\/svm-temp\/har-du-besokt-havets-dotter\/"},"modified":"2014-06-23T00:00:00","modified_gmt":"2014-06-22T22:00:00","slug":"har-du-besokt-havets-dotter","status":"publish","type":"post","link":"https:\/\/lightweb.dev\/l\/svm-temp\/artiklar\/har-du-besokt-havets-dotter\/","title":{"rendered":"Har du bes\u00f6kt \u201dhavets dotter\u201d?"},"content":{"rendered":"<p> Finns det en g\u00f6md mycket v\u00e4rdefull p\u00e4rla i grottsystemet Cueva del Tesoro i Rinc\u00f3n de la Victoria som h\u00e4rstammar fr\u00e5n den moriska tiden? Det \u00e4r en av legenderna som omger ortens popul\u00e4raste turistm\u00e5l och den kan mycket v\u00e4l vara sann. Svenska Magasinet for dit f\u00f6r att leta&#8230; Av Ola Josefsson<\/p>\n<p>F\u00f6r Rinc\u00f3n de la Victoria, 12 kilometer \u00f6ster om M\u00e1laga, \u00e4r grottsystemet Cueva del Tesoro kommunens viktigaste turistm\u00e5l. Nyligen fick kommunen beviljat 755.000 euro till att f\u00f6rb\u00e4ttra g\u00e5ngstigar utrustade med ledst\u00e4nger och ny belysning.<\/p>\n<p>Grottan har blivit mer tillg\u00e4nglig och det finns \u00e4ven en hiss f\u00f6r bes\u00f6kare som har sv\u00e5rt att g\u00e5 l\u00e4ngre str\u00e4ckor i trappor. En utst\u00e4llning visar en detaljerad kronologi \u00f6ver perioderna fr\u00e5n sten\u00e5ldern till nutid. M\u00e5let \u00e4r att tredubbla antalet bes\u00f6kare som i nul\u00e4get ligger p\u00e5 29.000 per \u00e5r.<\/p>\n<p>Det \u00e4r en l\u00e4cker k\u00e4nsla att bege sig ned i underjorden i grottorna i Rinc\u00f3n de la Victoria. Ett av utflyktsm\u00e5len p\u00e5 Solkusten som m\u00e5nga missar. N\u00e4r vi talar grottor t\u00e4nker vi i f\u00f6rsta hand p\u00e5 Nerjagrottorna.<\/p>\n<p>\u00c4ven Cueva del Tesoro \u00e4r v\u00e4rd ett bes\u00f6k. Faktum \u00e4r att det \u00e4r en av de mest unika grottorna med marint ursprung som \u00e4r k\u00e4nda i v\u00e4rlden. Det \u00e4r den enda i sitt slag i Europa som \u00e4r \u00f6ppen f\u00f6r allm\u00e4nheten. De andra grottorna finns i Mexiko och Kina.<br \/>\nGrottan f\u00f6ddes ur havet och kallas d\u00e4rf\u00f6r \u201dhavets dotter\u201d. Havet bildade gallerier eller grottor med kolumner och raviner. Senare under landh\u00f6jningen har l\u00e4ckande f\u00e4rskvatten bildat stalaktiter och stalagmiter.<\/p>\n<p>Legender<br \/>\nGrottan i Rinc\u00f3n lever mycket p\u00e5 legenden att det finns en g\u00f6md p\u00e4rla n\u00e5gonstans som h\u00e4rstammar fr\u00e5n den moriska tiden. Legenden grundar sig p\u00e5 en skrift fr\u00e5n 1600-talet av Fray Antonio Agust\u00edn de Milla y Suazo. Enligt den skulle kejsaren Tasuf\u00edn ibn Al\u00ed under 1100-talet g\u00f6mt en v\u00e4rdefull p\u00e4rla i en av grottorna.<\/p>\n<p>Det \u00e4r inte helt otroligt att legenden st\u00e4mmer. Professor Laza Palacio har vid utgr\u00e4vningar funnit sex guldmynt i grottan fr\u00e5n epoken Al\u00ed ibn Yusuf i samma dynasti. M\u00e5nga har s\u00f6kt efter den g\u00f6mda p\u00e4rlan som schweizaren Antonio de la Nari. Under 30 \u00e5r h\u00f6ll han p\u00e5 innan han omkom i en explosion och dog 1847.<br \/>\nEn annan av grottorna har f\u00e5tt namnet Marco Craso som flydde fr\u00e5n Rom efter att hans f\u00f6r\u00e4ldrar hade blivit d\u00f6dade. Hans br\u00f6der Zinna och Mario jagade Marco som kom till M\u00e1laga och g\u00f6mde sig i grottan under \u00e5tta m\u00e5nader.<br \/>\n  S\u00e4kra fakta uppger \u00e5 andra sidan att det var Manuel Laza som uppt\u00e4ckte grottsystemet vid La Cala del Moral den 12 oktober 1951. Den grotta som Manuel kl\u00e4ttrade ned i fick senare namnet Jungfrugrottan eftersom den 12 oktober \u00e4r jungfrun Pilars dag.<br \/>\nD\u00e4refter gjordes flera arkeologiska uppt\u00e4ckter som m\u00e5lningar, keramik och m\u00e4nskliga kvarlevor. F\u00f6rem\u00e5len finns numera p\u00e5 nationalarkeologiska museet i Madrid.<\/p>\n<p>Du h\u00f6r vattnet porla l\u00e5ng nerifr\u00e5n. Det \u00e4r regnvatten som sipprar ner. Grottorna best\u00e5r av flera \u201dsalar\u201d med namn som \u00d6rnrummet, Sj\u00f6arnas rum, Jungfrurummet, Labyrintgalleriet och Vulcanrummet som \u00e4r den djupaste grottan d\u00e4r temperaturen \u00e4r n\u00e5got h\u00f6gre, d\u00e4rav namnet.<\/p>\n<p>I andra grottrum finns det gamla m\u00e5lningar. I \u00f6rnrummet finns en m\u00e4rklig klippformation som ser ut som en rovf\u00e5gel. H\u00e4r finns \u00e4ven droppstensformationer som formas efter regnvatten som kommer uppifr\u00e5n.<br \/>\nM\u00e4rkliga formationer som f\u00e5r fantasin att skena. Men fr\u00e5gan \u00e4r hur m\u00e5nga ouppt\u00e4ckta grottor Spanien har med tanke p\u00e5 att det \u00e4r Europas bergigaste land. <\/p>\n<p>Fakta: Cueva del Tesoro<br \/>\n(bild 06)<br \/>\nGrottsystemet Cueva del Tesoro \u00f6ppnade f\u00f6r allm\u00e4nheten 1960 men var st\u00e4ngt mellan \u00e5ren 1987 till 1992 i samband med restaurering. \u00d6ppnade \u00e5terigen 1992.<br \/>\nPension\u00e4rer mantalsskrivna i Rinc\u00f3n de la Victoria g\u00e5r in gratis. Information p\u00e5 spanska och engelska.<br \/>\nIntr\u00e4de: Barn upp till tre \u00e5r g\u00e5r in gratis, \u00f6vriga upp till 14 \u00e5r 2,75 euro. Vuxna 4,65 euro. Pension\u00e4rer \u00f6ver 65 \u00e5r 2,75 euro.<br \/>\nI samtliga bes\u00f6k ing\u00e5r guidade turer fr\u00e5n den 15 juni till 15 september klockan 10.45, 11.30, 12.15, 13.00, 16.45, 17.30, 18.15 och 19.00. \u00d6vrig tid p\u00e5 \u00e5ret guidade turer klockan 10.45, 11.30, 12.15, 13.00, 15.45, 16.30 och 17.15.<br \/>\nAvst\u00e5nd: Rinc\u00f3n-M\u00e1laga 12 km, Rinc\u00f3n-Nerja 30 km.<br \/>\nTlf: 952 406 162.<\/p>\n<p>Fakta: Casa Fuerte de Bezmiliana<br \/>\nI Rinc\u00f3n de la Victoria ligger ocks\u00e5 den lilla f\u00e4stningen Casa Fuerte de Bezmiliana som byggdes under 1700-talet under Carlos III tid. I v\u00e5ra dagar fungerar den som konstmuseum med tempor\u00e4ra utst\u00e4llningar.<br \/>\nF\u00e4stningen uppf\u00f6rdes eftersom pirater fr\u00e5n fr\u00e4mst Holland och Storbritannien h\u00e4rjade utmed kusten. Liknande f\u00e4stningar finns i La Herradura vid Almu\u00f1\u00e9car och Puerto de la Duquesa i Manilva.<br \/>\nF\u00e4stningen uppf\u00f6rdes av de milit\u00e4ra ingenj\u00f6rerna Jos\u00e9 Grane och Francisco de Gozar 1766. Under arkitekten \u00c1lvaro Mendiola ledning inledes en restaurering av f\u00e4stningen som stod f\u00e4rdig i april 1992.<\/p>\n<p>L\u00e4s mer: Mikroorganismer uppt\u00e4ckta som kan utveckla antibiotika<\/p>\n","protected":false},"excerpt":{"rendered":"<p>Finns det en g\u00f6md mycket v\u00e4rdefull p\u00e4rla i grottsystemet Cueva del Tesoro i Rinc\u00f3n de la Victoria som h\u00e4rstammar fr\u00e5n den moriska tiden? Det \u00e4r en av legenderna som omger ortens popul\u00e4raste turistm\u00e5l och den kan mycket v\u00e4l vara sann. Svenska Magasinet for dit f\u00f6r att leta&#8230; Av Ola Josefsson F\u00f6r Rinc\u00f3n de la Victoria, [&hellip;]<\/p>\n","protected":false},"author":8,"featured_media":4517,"comment_status":"open","ping_status":"open","sticky":false,"template":"","format":"standard","meta":{"_et_pb_use_builder":"","_et_pb_old_content":"","_et_gb_content_width":"","footnotes":""},"categories":[396,4],"tags":[],"class_list":["post-4516","post","type-post","status-publish","format-standard","has-post-thumbnail","hentry","category-arkiv-artiklar","category-artiklar"],"yoast_head":"<!-- This site is optimized with the Yoast SEO Premium plugin v26.2 (Yoast SEO v27.4) - https:\/\/yoast.com\/product\/yoast-seo-premium-wordpress\/ -->\n<title>Har du bes\u00f6kt \u201dhavets dotter\u201d? - Svenska Magasinet<\/title>\n<meta name=\"robots\" content=\"noindex, follow, max-snippet:-1, max-image-preview:large, max-video-preview:-1\" \/>\n<meta property=\"og:locale\" content=\"sv_SE\" \/>\n<meta property=\"og:type\" content=\"article\" \/>\n<meta property=\"og:title\" content=\"Har du bes\u00f6kt \u201dhavets dotter\u201d?\" \/>\n<meta property=\"og:description\" content=\"Finns det en g\u00f6md mycket v\u00e4rdefull p\u00e4rla i grottsystemet Cueva del Tesoro i Rinc\u00f3n de la Victoria som h\u00e4rstammar fr\u00e5n den moriska tiden? Det \u00e4r en av legenderna som omger ortens popul\u00e4raste turistm\u00e5l och den kan mycket v\u00e4l vara sann. Svenska Magasinet for dit f\u00f6r att leta&#8230; Av Ola Josefsson F\u00f6r Rinc\u00f3n de la Victoria, [&hellip;]\" \/>\n<meta property=\"og:url\" content=\"https:\/\/lightweb.dev\/l\/svm-temp\/artiklar\/har-du-besokt-havets-dotter\/\" \/>\n<meta property=\"og:site_name\" content=\"Svenska Magasinet\" \/>\n<meta property=\"article:publisher\" content=\"https:\/\/www.facebook.com\/svenskamagasinet\" \/>\n<meta property=\"article:published_time\" content=\"2014-06-22T22:00:00+00:00\" \/>\n<meta property=\"og:image\" content=\"https:\/\/lightweb.dev\/l\/svm-temp\/wp-content\/uploads\/2022\/04\/har-du-beskt-havets-dotter.png\" \/>\n\t<meta property=\"og:image:width\" content=\"300\" \/>\n\t<meta property=\"og:image:height\" content=\"200\" \/>\n\t<meta property=\"og:image:type\" content=\"image\/png\" \/>\n<meta name=\"author\" content=\"Redaktionen SvM\" \/>\n<meta name=\"twitter:card\" content=\"summary_large_image\" \/>\n<meta name=\"twitter:creator\" content=\"@SvenskaMagasine\" \/>\n<meta name=\"twitter:site\" content=\"@SvenskaMagasine\" \/>\n<script type=\"application\/ld+json\" class=\"yoast-schema-graph\">{\"@context\":\"https:\\\/\\\/schema.org\",\"@graph\":[{\"@type\":\"Article\",\"@id\":\"https:\\\/\\\/lightweb.dev\\\/l\\\/svm-temp\\\/artiklar\\\/har-du-besokt-havets-dotter\\\/#article\",\"isPartOf\":{\"@id\":\"https:\\\/\\\/lightweb.dev\\\/l\\\/svm-temp\\\/artiklar\\\/har-du-besokt-havets-dotter\\\/\"},\"author\":{\"name\":\"Redaktionen SvM\",\"@id\":\"https:\\\/\\\/lightweb.dev\\\/l\\\/svm-temp\\\/#\\\/schema\\\/person\\\/206a3bda5b607b0c25e1749191e4d837\"},\"headline\":\"Har du bes\u00f6kt \u201dhavets dotter\u201d?\",\"datePublished\":\"2014-06-22T22:00:00+00:00\",\"mainEntityOfPage\":{\"@id\":\"https:\\\/\\\/lightweb.dev\\\/l\\\/svm-temp\\\/artiklar\\\/har-du-besokt-havets-dotter\\\/\"},\"wordCount\":874,\"commentCount\":0,\"publisher\":{\"@id\":\"https:\\\/\\\/lightweb.dev\\\/l\\\/svm-temp\\\/#organization\"},\"image\":{\"@id\":\"https:\\\/\\\/lightweb.dev\\\/l\\\/svm-temp\\\/artiklar\\\/har-du-besokt-havets-dotter\\\/#primaryimage\"},\"thumbnailUrl\":\"https:\\\/\\\/lightweb.dev\\\/l\\\/svm-temp\\\/wp-content\\\/uploads\\\/2022\\\/04\\\/har-du-beskt-havets-dotter.png\",\"articleSection\":[\"Arkiv\",\"Artiklar\"],\"inLanguage\":\"sv-SE\"},{\"@type\":\"WebPage\",\"@id\":\"https:\\\/\\\/lightweb.dev\\\/l\\\/svm-temp\\\/artiklar\\\/har-du-besokt-havets-dotter\\\/\",\"url\":\"https:\\\/\\\/lightweb.dev\\\/l\\\/svm-temp\\\/artiklar\\\/har-du-besokt-havets-dotter\\\/\",\"name\":\"Har du bes\u00f6kt \u201dhavets dotter\u201d? - Svenska Magasinet\",\"isPartOf\":{\"@id\":\"https:\\\/\\\/lightweb.dev\\\/l\\\/svm-temp\\\/#website\"},\"primaryImageOfPage\":{\"@id\":\"https:\\\/\\\/lightweb.dev\\\/l\\\/svm-temp\\\/artiklar\\\/har-du-besokt-havets-dotter\\\/#primaryimage\"},\"image\":{\"@id\":\"https:\\\/\\\/lightweb.dev\\\/l\\\/svm-temp\\\/artiklar\\\/har-du-besokt-havets-dotter\\\/#primaryimage\"},\"thumbnailUrl\":\"https:\\\/\\\/lightweb.dev\\\/l\\\/svm-temp\\\/wp-content\\\/uploads\\\/2022\\\/04\\\/har-du-beskt-havets-dotter.png\",\"datePublished\":\"2014-06-22T22:00:00+00:00\",\"breadcrumb\":{\"@id\":\"https:\\\/\\\/lightweb.dev\\\/l\\\/svm-temp\\\/artiklar\\\/har-du-besokt-havets-dotter\\\/#breadcrumb\"},\"inLanguage\":\"sv-SE\",\"potentialAction\":[{\"@type\":\"ReadAction\",\"target\":[\"https:\\\/\\\/lightweb.dev\\\/l\\\/svm-temp\\\/artiklar\\\/har-du-besokt-havets-dotter\\\/\"]}]},{\"@type\":\"ImageObject\",\"inLanguage\":\"sv-SE\",\"@id\":\"https:\\\/\\\/lightweb.dev\\\/l\\\/svm-temp\\\/artiklar\\\/har-du-besokt-havets-dotter\\\/#primaryimage\",\"url\":\"https:\\\/\\\/lightweb.dev\\\/l\\\/svm-temp\\\/wp-content\\\/uploads\\\/2022\\\/04\\\/har-du-beskt-havets-dotter.png\",\"contentUrl\":\"https:\\\/\\\/lightweb.dev\\\/l\\\/svm-temp\\\/wp-content\\\/uploads\\\/2022\\\/04\\\/har-du-beskt-havets-dotter.png\",\"width\":300,\"height\":200},{\"@type\":\"BreadcrumbList\",\"@id\":\"https:\\\/\\\/lightweb.dev\\\/l\\\/svm-temp\\\/artiklar\\\/har-du-besokt-havets-dotter\\\/#breadcrumb\",\"itemListElement\":[{\"@type\":\"ListItem\",\"position\":1,\"name\":\"Hem\",\"item\":\"https:\\\/\\\/lightweb.dev\\\/l\\\/svm-temp\\\/\"},{\"@type\":\"ListItem\",\"position\":2,\"name\":\"Har du bes\u00f6kt \u201dhavets dotter\u201d?\"}]},{\"@type\":\"WebSite\",\"@id\":\"https:\\\/\\\/lightweb.dev\\\/l\\\/svm-temp\\\/#website\",\"url\":\"https:\\\/\\\/lightweb.dev\\\/l\\\/svm-temp\\\/\",\"name\":\"Svenska Magasinet\",\"description\":\"Dina Spanska nyheter p&aring; Svenska\",\"publisher\":{\"@id\":\"https:\\\/\\\/lightweb.dev\\\/l\\\/svm-temp\\\/#organization\"},\"potentialAction\":[{\"@type\":\"SearchAction\",\"target\":{\"@type\":\"EntryPoint\",\"urlTemplate\":\"https:\\\/\\\/lightweb.dev\\\/l\\\/svm-temp\\\/?s={search_term_string}\"},\"query-input\":{\"@type\":\"PropertyValueSpecification\",\"valueRequired\":true,\"valueName\":\"search_term_string\"}}],\"inLanguage\":\"sv-SE\"},{\"@type\":\"Organization\",\"@id\":\"https:\\\/\\\/lightweb.dev\\\/l\\\/svm-temp\\\/#organization\",\"name\":\"Melkerson y Nott SL\",\"alternateName\":\"Svenska Magasinet\",\"url\":\"https:\\\/\\\/lightweb.dev\\\/l\\\/svm-temp\\\/\",\"logo\":{\"@type\":\"ImageObject\",\"inLanguage\":\"sv-SE\",\"@id\":\"https:\\\/\\\/lightweb.dev\\\/l\\\/svm-temp\\\/#\\\/schema\\\/logo\\\/image\\\/\",\"url\":\"https:\\\/\\\/lightweb.dev\\\/l\\\/svm-temp\\\/wp-content\\\/uploads\\\/2025\\\/02\\\/SvM-logo-Xtra-Centrerad-SVART.png\",\"contentUrl\":\"https:\\\/\\\/lightweb.dev\\\/l\\\/svm-temp\\\/wp-content\\\/uploads\\\/2025\\\/02\\\/SvM-logo-Xtra-Centrerad-SVART.png\",\"width\":300,\"height\":99,\"caption\":\"Melkerson y Nott SL\"},\"image\":{\"@id\":\"https:\\\/\\\/lightweb.dev\\\/l\\\/svm-temp\\\/#\\\/schema\\\/logo\\\/image\\\/\"},\"sameAs\":[\"https:\\\/\\\/www.facebook.com\\\/svenskamagasinet\",\"https:\\\/\\\/x.com\\\/SvenskaMagasine\"]},{\"@type\":\"Person\",\"@id\":\"https:\\\/\\\/lightweb.dev\\\/l\\\/svm-temp\\\/#\\\/schema\\\/person\\\/206a3bda5b607b0c25e1749191e4d837\",\"name\":\"Redaktionen SvM\",\"description\":\"Redaktionen\",\"sameAs\":[\"https:\\\/\\\/lightweb.dev\\\/l\\\/svm-temp\"],\"url\":\"https:\\\/\\\/lightweb.dev\\\/l\\\/svm-temp\\\/reporter\\\/redaktionen\\\/\"}]}<\/script>\n<!-- \/ Yoast SEO Premium plugin. -->","yoast_head_json":{"title":"Har du bes\u00f6kt \u201dhavets dotter\u201d? - Svenska Magasinet","robots":{"index":"noindex","follow":"follow","max-snippet":"max-snippet:-1","max-image-preview":"max-image-preview:large","max-video-preview":"max-video-preview:-1"},"og_locale":"sv_SE","og_type":"article","og_title":"Har du bes\u00f6kt \u201dhavets dotter\u201d?","og_description":"Finns det en g\u00f6md mycket v\u00e4rdefull p\u00e4rla i grottsystemet Cueva del Tesoro i Rinc\u00f3n de la Victoria som h\u00e4rstammar fr\u00e5n den moriska tiden? Det \u00e4r en av legenderna som omger ortens popul\u00e4raste turistm\u00e5l och den kan mycket v\u00e4l vara sann. Svenska Magasinet for dit f\u00f6r att leta&#8230; Av Ola Josefsson F\u00f6r Rinc\u00f3n de la Victoria, [&hellip;]","og_url":"https:\/\/lightweb.dev\/l\/svm-temp\/artiklar\/har-du-besokt-havets-dotter\/","og_site_name":"Svenska Magasinet","article_publisher":"https:\/\/www.facebook.com\/svenskamagasinet","article_published_time":"2014-06-22T22:00:00+00:00","og_image":[{"width":300,"height":200,"url":"https:\/\/lightweb.dev\/l\/svm-temp\/wp-content\/uploads\/2022\/04\/har-du-beskt-havets-dotter.png","type":"image\/png"}],"author":"Redaktionen SvM","twitter_card":"summary_large_image","twitter_creator":"@SvenskaMagasine","twitter_site":"@SvenskaMagasine","schema":{"@context":"https:\/\/schema.org","@graph":[{"@type":"Article","@id":"https:\/\/lightweb.dev\/l\/svm-temp\/artiklar\/har-du-besokt-havets-dotter\/#article","isPartOf":{"@id":"https:\/\/lightweb.dev\/l\/svm-temp\/artiklar\/har-du-besokt-havets-dotter\/"},"author":{"name":"Redaktionen SvM","@id":"https:\/\/lightweb.dev\/l\/svm-temp\/#\/schema\/person\/206a3bda5b607b0c25e1749191e4d837"},"headline":"Har du bes\u00f6kt \u201dhavets dotter\u201d?","datePublished":"2014-06-22T22:00:00+00:00","mainEntityOfPage":{"@id":"https:\/\/lightweb.dev\/l\/svm-temp\/artiklar\/har-du-besokt-havets-dotter\/"},"wordCount":874,"commentCount":0,"publisher":{"@id":"https:\/\/lightweb.dev\/l\/svm-temp\/#organization"},"image":{"@id":"https:\/\/lightweb.dev\/l\/svm-temp\/artiklar\/har-du-besokt-havets-dotter\/#primaryimage"},"thumbnailUrl":"https:\/\/lightweb.dev\/l\/svm-temp\/wp-content\/uploads\/2022\/04\/har-du-beskt-havets-dotter.png","articleSection":["Arkiv","Artiklar"],"inLanguage":"sv-SE"},{"@type":"WebPage","@id":"https:\/\/lightweb.dev\/l\/svm-temp\/artiklar\/har-du-besokt-havets-dotter\/","url":"https:\/\/lightweb.dev\/l\/svm-temp\/artiklar\/har-du-besokt-havets-dotter\/","name":"Har du bes\u00f6kt \u201dhavets dotter\u201d? - Svenska Magasinet","isPartOf":{"@id":"https:\/\/lightweb.dev\/l\/svm-temp\/#website"},"primaryImageOfPage":{"@id":"https:\/\/lightweb.dev\/l\/svm-temp\/artiklar\/har-du-besokt-havets-dotter\/#primaryimage"},"image":{"@id":"https:\/\/lightweb.dev\/l\/svm-temp\/artiklar\/har-du-besokt-havets-dotter\/#primaryimage"},"thumbnailUrl":"https:\/\/lightweb.dev\/l\/svm-temp\/wp-content\/uploads\/2022\/04\/har-du-beskt-havets-dotter.png","datePublished":"2014-06-22T22:00:00+00:00","breadcrumb":{"@id":"https:\/\/lightweb.dev\/l\/svm-temp\/artiklar\/har-du-besokt-havets-dotter\/#breadcrumb"},"inLanguage":"sv-SE","potentialAction":[{"@type":"ReadAction","target":["https:\/\/lightweb.dev\/l\/svm-temp\/artiklar\/har-du-besokt-havets-dotter\/"]}]},{"@type":"ImageObject","inLanguage":"sv-SE","@id":"https:\/\/lightweb.dev\/l\/svm-temp\/artiklar\/har-du-besokt-havets-dotter\/#primaryimage","url":"https:\/\/lightweb.dev\/l\/svm-temp\/wp-content\/uploads\/2022\/04\/har-du-beskt-havets-dotter.png","contentUrl":"https:\/\/lightweb.dev\/l\/svm-temp\/wp-content\/uploads\/2022\/04\/har-du-beskt-havets-dotter.png","width":300,"height":200},{"@type":"BreadcrumbList","@id":"https:\/\/lightweb.dev\/l\/svm-temp\/artiklar\/har-du-besokt-havets-dotter\/#breadcrumb","itemListElement":[{"@type":"ListItem","position":1,"name":"Hem","item":"https:\/\/lightweb.dev\/l\/svm-temp\/"},{"@type":"ListItem","position":2,"name":"Har du bes\u00f6kt \u201dhavets dotter\u201d?"}]},{"@type":"WebSite","@id":"https:\/\/lightweb.dev\/l\/svm-temp\/#website","url":"https:\/\/lightweb.dev\/l\/svm-temp\/","name":"Svenska Magasinet","description":"Dina Spanska nyheter p&aring; Svenska","publisher":{"@id":"https:\/\/lightweb.dev\/l\/svm-temp\/#organization"},"potentialAction":[{"@type":"SearchAction","target":{"@type":"EntryPoint","urlTemplate":"https:\/\/lightweb.dev\/l\/svm-temp\/?s={search_term_string}"},"query-input":{"@type":"PropertyValueSpecification","valueRequired":true,"valueName":"search_term_string"}}],"inLanguage":"sv-SE"},{"@type":"Organization","@id":"https:\/\/lightweb.dev\/l\/svm-temp\/#organization","name":"Melkerson y Nott SL","alternateName":"Svenska Magasinet","url":"https:\/\/lightweb.dev\/l\/svm-temp\/","logo":{"@type":"ImageObject","inLanguage":"sv-SE","@id":"https:\/\/lightweb.dev\/l\/svm-temp\/#\/schema\/logo\/image\/","url":"https:\/\/lightweb.dev\/l\/svm-temp\/wp-content\/uploads\/2025\/02\/SvM-logo-Xtra-Centrerad-SVART.png","contentUrl":"https:\/\/lightweb.dev\/l\/svm-temp\/wp-content\/uploads\/2025\/02\/SvM-logo-Xtra-Centrerad-SVART.png","width":300,"height":99,"caption":"Melkerson y Nott SL"},"image":{"@id":"https:\/\/lightweb.dev\/l\/svm-temp\/#\/schema\/logo\/image\/"},"sameAs":["https:\/\/www.facebook.com\/svenskamagasinet","https:\/\/x.com\/SvenskaMagasine"]},{"@type":"Person","@id":"https:\/\/lightweb.dev\/l\/svm-temp\/#\/schema\/person\/206a3bda5b607b0c25e1749191e4d837","name":"Redaktionen SvM","description":"Redaktionen","sameAs":["https:\/\/lightweb.dev\/l\/svm-temp"],"url":"https:\/\/lightweb.dev\/l\/svm-temp\/reporter\/redaktionen\/"}]}},"_links":{"self":[{"href":"https:\/\/lightweb.dev\/l\/svm-temp\/wp-json\/wp\/v2\/posts\/4516","targetHints":{"allow":["GET"]}}],"collection":[{"href":"https:\/\/lightweb.dev\/l\/svm-temp\/wp-json\/wp\/v2\/posts"}],"about":[{"href":"https:\/\/lightweb.dev\/l\/svm-temp\/wp-json\/wp\/v2\/types\/post"}],"author":[{"embeddable":true,"href":"https:\/\/lightweb.dev\/l\/svm-temp\/wp-json\/wp\/v2\/users\/8"}],"replies":[{"embeddable":true,"href":"https:\/\/lightweb.dev\/l\/svm-temp\/wp-json\/wp\/v2\/comments?post=4516"}],"version-history":[{"count":0,"href":"https:\/\/lightweb.dev\/l\/svm-temp\/wp-json\/wp\/v2\/posts\/4516\/revisions"}],"wp:featuredmedia":[{"embeddable":true,"href":"https:\/\/lightweb.dev\/l\/svm-temp\/wp-json\/wp\/v2\/media\/4517"}],"wp:attachment":[{"href":"https:\/\/lightweb.dev\/l\/svm-temp\/wp-json\/wp\/v2\/media?parent=4516"}],"wp:term":[{"taxonomy":"category","embeddable":true,"href":"https:\/\/lightweb.dev\/l\/svm-temp\/wp-json\/wp\/v2\/categories?post=4516"},{"taxonomy":"post_tag","embeddable":true,"href":"https:\/\/lightweb.dev\/l\/svm-temp\/wp-json\/wp\/v2\/tags?post=4516"}],"curies":[{"name":"wp","href":"https:\/\/api.w.org\/{rel}","templated":true}]}}