{"id":4518,"date":"2014-06-23T00:00:00","date_gmt":"2014-06-22T22:00:00","guid":{"rendered":"https:\/\/lightweb.dev\/l\/svm-temp\/spanien-just-nu-kulturstaden-malaga\/"},"modified":"2014-06-23T00:00:00","modified_gmt":"2014-06-22T22:00:00","slug":"spanien-just-nu-kulturstaden-malaga","status":"publish","type":"post","link":"https:\/\/lightweb.dev\/l\/svm-temp\/artiklar\/spanien-just-nu-kulturstaden-malaga\/","title":{"rendered":"Spanien just nu \u2013 kulturstaden M\u00e1laga"},"content":{"rendered":"<p> P\u00e5 bara ett decennium har M\u00e1laga g\u00e5tt fr\u00e5n att vara utsvulten p\u00e5 kultur till att sp\u00e4nna musklerna och bli Spaniens tredje kulturstad efter metropolerna Madrid och Barcelona. En del ser det som en genomt\u00e4nkt plan medan andra beskriver satsningen som ekonomisk dopning efter ett antal miljoner \u201danabola injektioner\u201d. Av Ola Josefsson<\/p>\n<p>Har du valt Spanien som ditt semesterm\u00e5l i sommar? D\u00e5 \u00e4r du inte ensam. Faktum \u00e4r att Spanien \u00e4r klar etta n\u00e4r vi svenskar ska semestra i utlandet. Det \u00e4r n\u00e4stan dubbelt s\u00e5 m\u00e5nga svenskar som v\u00e4ljer Spanien \u00e4n tv\u00e5an Danmark.<\/p>\n<p>Av 13,4 miljoner semesterresor som svenskar gjorde utomlands ifjol gick 2,04 miljoner till Spanien. 1,18 miljoner semestrade i grannlandet Danmark.<\/p>\n<p>Spanien har mycket att erbjuda. Storstadsliv med metropoler som Madrid, Barcelona, Valencia och Sevilla. Skid\u00e5kning i Sierra Nevada, Pyren\u00e9erna eller i pisterna norr om Madrid. Naturupplevelser i form av ett rikt djur- och v\u00e4xtliv utmed sk\u00f6na vandringsleder samt badliv p\u00e5 Kanarie\u00f6arna, Balearerna, Costa del Sol, Costa Tropical och Costa Blanca. Eller varf\u00f6r inte en golfrunda i Europas b\u00e4sta klimat. P\u00e5 tre \u00e5r har antalet svenskar som v\u00e4ljer Spanien \u00f6kat dubbelt.<\/p>\n<p>Costa del Sol har sedan 1950-talet varit en popul\u00e4r destination. Efter att flyget tagit mark i M\u00e1laga fortsatte resen\u00e4ren till fr\u00e4mst Torremolinos, Fuengirola och Marbella. Nu har n\u00e5gonting h\u00e4nt. Alltfler bes\u00f6ker M\u00e1lagas n\u00e4tverk av museer.<\/p>\n<p>N\u00e4sta \u00e5r kommer M\u00e1laga att ha Spaniens fr\u00e4msta kulturutbud efter Madrid och Barcelona. Under parollen \u201dM\u00e1laga, ciudad de museos\u201d, en stad av museer, ska provinsstaden p\u00e5 Costa del Sol bli Spaniens tredje konstdestination som i nul\u00e4get anses vara Bilbao. Snart \u00e4r M\u00e1laga ifatt den nordspanska staden som kan skryta med Guggenheim.<\/p>\n<p>Sedan tidigare har M\u00e1laga stad ansedda CAC (Centro de Arte Contempor\u00e1neo) och Museo Carmen Thyssen, Picassomuseet, Picassos f\u00f6delsehem Casa Natal, Museo Revello de Toro, MUPAM (Museo del Patrimonio de M\u00e1laga), Museum Jorge Rando, bilmuseum, interaktivt musikmuseum, Casa de Gerald Brenan och i v\u00e5ras \u00f6ppnade Museo de Bellas Artes i pampiga Palacio de la Aduana.<\/p>\n<p>Till v\u00e5ren 2015 \u00f6ppnar Centro Pompidou. En stor kub med en utst\u00e4llningsyta p\u00e5 2.000 kvadratmeter kommer att byggas i M\u00e1lagas vackra hamn som blir den f\u00f6rsta filialen av Centro George Pompidou utanf\u00f6r Frankrikes gr\u00e4nser. H\u00e4r kommer ett 70-tal konstf\u00f6rem\u00e5l fr\u00e5n det prestigefyllda franska museet att visas.<\/p>\n<p>P\u00e5 f\u00f6rsommaren sl\u00e4pptes den stora nyheten att det ryska statsmuseet i S:t Petersburg f\u00e5r en filial i M\u00e1lagas gamla tobaksfabrik. H\u00e4r kommer ikoner i guld, expressionistiska m\u00e5lningar och socialrealistisk konst fr\u00e5n Sovjettiden att visas permanent.<br \/>\nEtt hundratal konstverk av bland annat Kandinskij och Chagall. Dessutom f\u00e5r man l\u00e5na omkring 60 konstverk \u00e5rligen f\u00f6r tempor\u00e4ra utst\u00e4llningar. Museet v\u00e4ntas f\u00e5 200.000 bes\u00f6kare om \u00e5ret och skapar 389 arbetstillf\u00e4llen.<\/p>\n<p>Samtidigt kommer det kritik mot M\u00e1lagas j\u00e4ttesatsning p\u00e5 kulturomr\u00e5det. 2015 \u00e4r som bekant val\u00e5r i Spanien och det g\u00e4ller att visa f\u00f6r inv\u00e5narna att staden \u00e4r p\u00e5 f\u00f6tter. Men det kostar ocks\u00e5. Under de senaste tio \u00e5ren har M\u00e1laga kommun satsat 53 miljoner euro p\u00e5 kulturutbud. CAC M\u00e1laga som har 400.000 bes\u00f6kare per \u00e5r har kostat mest f\u00f6r staden som f\u00e5r punga ut med 3,4 miljoner euro om \u00e5ret.<br \/>\nKommunen har betalat omkring 13 miljoner euro enbart i driftskostnader per \u00e5r en siffra som kommer att \u00f6ka till 15 miljoner \u00e5r 2015 enligt lokala medier.<\/p>\n<p>Satsningen har inte bara kostat pengar utan \u00e4ven genererat inkomster. Antalet kulturturister i M\u00e1laga har \u00f6kat fr\u00e5n 400.000 till fyra miljoner p\u00e5 tio \u00e5r. Det betyder inkomster f\u00f6r staden i form av \u00f6vernattningar p\u00e5 hotell, restaurangbes\u00f6k och shopping.<\/p>\n<p>M\u00e1lagas uppg\u00e5ng som kulturstad uppm\u00e4rksammas \u00f6ver hela landet. Carlos Herrera, k\u00e4nd kr\u00f6nik\u00f6r i veckomagasinet XLSemanal i mediehuset Vocentos dagstidningar sprider rosor \u00f6ver M\u00e1lagas kultursatsning:<br \/>\n\u201dP\u00e5 mindre yta \u00e4n en kvadratkilometer vid Medelhavets v\u00e5gor kan du bes\u00f6ka en utst\u00e4llning av Marina Abramovic vid CAC, se en handfull konstverk av Sorolla och Zuloaga p\u00e5 Thyssen och uppleva Picasso i museet som b\u00e4r hans namn. Inom kort kan du se konstverk av Kandinsky och Bacon p\u00e5 kulturcentret Georges Pompidou samt unika pj\u00e4ser av Tropinin, Levitan och Venetsianov i ryska statens filial i tobaksfabriken\u201d.<\/p>\n<p>M\u00e1laga som storstadsdestination v\u00e4xer s\u00e5 det knakar med bra flygf\u00f6rbindelser och regelbundna bes\u00f6k av kryssningsfartyg. F\u00f6rutom kulturen \u00e4ter och dricker du gott. Gl\u00f6m inte heller bort att bes\u00f6ka idyllerna och fiskrestaurangerna i Pedregalejo och El Palo p\u00e5 \u00f6stra sidan.<br \/>\nEller borgen Gibralfaro med avslut p\u00e5 Paradorens terrass med b\u00e4sta utsikten \u00f6ver hamnen. Gamla stan inbjuder till sk\u00f6na promenader liksom de vackra parkerna. H\u00e4r finns ocks\u00e5 jazzklubbar och bra underh\u00e5llning <\/p>\n<p>Stanna g\u00e4rna en stund f\u00f6r att se allt \u2013 och smaka.<\/p>\n<p>\u2026. f\u00f6r \u00f6vrigt anser jag att priserna p\u00e5 betalmotorv\u00e4gen Autopista del la Costa del Sol AP-7 b\u00f6r s\u00e4nkas!<\/p>\n","protected":false},"excerpt":{"rendered":"<p>P\u00e5 bara ett decennium har M\u00e1laga g\u00e5tt fr\u00e5n att vara utsvulten p\u00e5 kultur till att sp\u00e4nna musklerna och bli Spaniens tredje kulturstad efter metropolerna Madrid och Barcelona. En del ser det som en genomt\u00e4nkt plan medan andra beskriver satsningen som ekonomisk dopning efter ett antal miljoner \u201danabola injektioner\u201d. Av Ola Josefsson Har du valt Spanien [&hellip;]<\/p>\n","protected":false},"author":8,"featured_media":4519,"comment_status":"open","ping_status":"open","sticky":false,"template":"","format":"standard","meta":{"_et_pb_use_builder":"","_et_pb_old_content":"","_et_gb_content_width":"","footnotes":""},"categories":[4,36],"tags":[],"class_list":["post-4518","post","type-post","status-publish","format-standard","has-post-thumbnail","hentry","category-artiklar","category-spanien-just-nu"],"yoast_head":"<!-- This site is optimized with the Yoast SEO Premium plugin v26.2 (Yoast SEO v27.4) - https:\/\/yoast.com\/product\/yoast-seo-premium-wordpress\/ -->\n<title>Spanien just nu \u2013 kulturstaden M\u00e1laga - Svenska Magasinet<\/title>\n<meta name=\"robots\" content=\"noindex, follow, max-snippet:-1, max-image-preview:large, max-video-preview:-1\" \/>\n<meta property=\"og:locale\" content=\"sv_SE\" \/>\n<meta property=\"og:type\" content=\"article\" \/>\n<meta property=\"og:title\" content=\"Spanien just nu \u2013 kulturstaden M\u00e1laga\" \/>\n<meta property=\"og:description\" content=\"P\u00e5 bara ett decennium har M\u00e1laga g\u00e5tt fr\u00e5n att vara utsvulten p\u00e5 kultur till att sp\u00e4nna musklerna och bli Spaniens tredje kulturstad efter metropolerna Madrid och Barcelona. En del ser det som en genomt\u00e4nkt plan medan andra beskriver satsningen som ekonomisk dopning efter ett antal miljoner \u201danabola injektioner\u201d. Av Ola Josefsson Har du valt Spanien [&hellip;]\" \/>\n<meta property=\"og:url\" content=\"https:\/\/lightweb.dev\/l\/svm-temp\/artiklar\/spanien-just-nu-kulturstaden-malaga\/\" \/>\n<meta property=\"og:site_name\" content=\"Svenska Magasinet\" \/>\n<meta property=\"article:publisher\" content=\"https:\/\/www.facebook.com\/svenskamagasinet\" \/>\n<meta property=\"article:published_time\" content=\"2014-06-22T22:00:00+00:00\" \/>\n<meta property=\"og:image\" content=\"https:\/\/lightweb.dev\/l\/svm-temp\/wp-content\/uploads\/2022\/04\/spanien-just-nu-kulturstaden-mlaga.png\" \/>\n\t<meta property=\"og:image:width\" content=\"280\" \/>\n\t<meta property=\"og:image:height\" content=\"419\" \/>\n\t<meta property=\"og:image:type\" content=\"image\/png\" \/>\n<meta name=\"author\" content=\"Redaktionen SvM\" \/>\n<meta name=\"twitter:card\" content=\"summary_large_image\" \/>\n<meta name=\"twitter:creator\" content=\"@SvenskaMagasine\" \/>\n<meta name=\"twitter:site\" content=\"@SvenskaMagasine\" \/>\n<script type=\"application\/ld+json\" class=\"yoast-schema-graph\">{\"@context\":\"https:\\\/\\\/schema.org\",\"@graph\":[{\"@type\":\"Article\",\"@id\":\"https:\\\/\\\/lightweb.dev\\\/l\\\/svm-temp\\\/artiklar\\\/spanien-just-nu-kulturstaden-malaga\\\/#article\",\"isPartOf\":{\"@id\":\"https:\\\/\\\/lightweb.dev\\\/l\\\/svm-temp\\\/artiklar\\\/spanien-just-nu-kulturstaden-malaga\\\/\"},\"author\":{\"name\":\"Redaktionen SvM\",\"@id\":\"https:\\\/\\\/lightweb.dev\\\/l\\\/svm-temp\\\/#\\\/schema\\\/person\\\/206a3bda5b607b0c25e1749191e4d837\"},\"headline\":\"Spanien just nu \u2013 kulturstaden M\u00e1laga\",\"datePublished\":\"2014-06-22T22:00:00+00:00\",\"mainEntityOfPage\":{\"@id\":\"https:\\\/\\\/lightweb.dev\\\/l\\\/svm-temp\\\/artiklar\\\/spanien-just-nu-kulturstaden-malaga\\\/\"},\"wordCount\":854,\"commentCount\":0,\"publisher\":{\"@id\":\"https:\\\/\\\/lightweb.dev\\\/l\\\/svm-temp\\\/#organization\"},\"image\":{\"@id\":\"https:\\\/\\\/lightweb.dev\\\/l\\\/svm-temp\\\/artiklar\\\/spanien-just-nu-kulturstaden-malaga\\\/#primaryimage\"},\"thumbnailUrl\":\"https:\\\/\\\/lightweb.dev\\\/l\\\/svm-temp\\\/wp-content\\\/uploads\\\/2022\\\/04\\\/spanien-just-nu-kulturstaden-mlaga.png\",\"articleSection\":[\"Artiklar\",\"Spanien just nu\"],\"inLanguage\":\"sv-SE\"},{\"@type\":\"WebPage\",\"@id\":\"https:\\\/\\\/lightweb.dev\\\/l\\\/svm-temp\\\/artiklar\\\/spanien-just-nu-kulturstaden-malaga\\\/\",\"url\":\"https:\\\/\\\/lightweb.dev\\\/l\\\/svm-temp\\\/artiklar\\\/spanien-just-nu-kulturstaden-malaga\\\/\",\"name\":\"Spanien just nu \u2013 kulturstaden M\u00e1laga - Svenska Magasinet\",\"isPartOf\":{\"@id\":\"https:\\\/\\\/lightweb.dev\\\/l\\\/svm-temp\\\/#website\"},\"primaryImageOfPage\":{\"@id\":\"https:\\\/\\\/lightweb.dev\\\/l\\\/svm-temp\\\/artiklar\\\/spanien-just-nu-kulturstaden-malaga\\\/#primaryimage\"},\"image\":{\"@id\":\"https:\\\/\\\/lightweb.dev\\\/l\\\/svm-temp\\\/artiklar\\\/spanien-just-nu-kulturstaden-malaga\\\/#primaryimage\"},\"thumbnailUrl\":\"https:\\\/\\\/lightweb.dev\\\/l\\\/svm-temp\\\/wp-content\\\/uploads\\\/2022\\\/04\\\/spanien-just-nu-kulturstaden-mlaga.png\",\"datePublished\":\"2014-06-22T22:00:00+00:00\",\"breadcrumb\":{\"@id\":\"https:\\\/\\\/lightweb.dev\\\/l\\\/svm-temp\\\/artiklar\\\/spanien-just-nu-kulturstaden-malaga\\\/#breadcrumb\"},\"inLanguage\":\"sv-SE\",\"potentialAction\":[{\"@type\":\"ReadAction\",\"target\":[\"https:\\\/\\\/lightweb.dev\\\/l\\\/svm-temp\\\/artiklar\\\/spanien-just-nu-kulturstaden-malaga\\\/\"]}]},{\"@type\":\"ImageObject\",\"inLanguage\":\"sv-SE\",\"@id\":\"https:\\\/\\\/lightweb.dev\\\/l\\\/svm-temp\\\/artiklar\\\/spanien-just-nu-kulturstaden-malaga\\\/#primaryimage\",\"url\":\"https:\\\/\\\/lightweb.dev\\\/l\\\/svm-temp\\\/wp-content\\\/uploads\\\/2022\\\/04\\\/spanien-just-nu-kulturstaden-mlaga.png\",\"contentUrl\":\"https:\\\/\\\/lightweb.dev\\\/l\\\/svm-temp\\\/wp-content\\\/uploads\\\/2022\\\/04\\\/spanien-just-nu-kulturstaden-mlaga.png\",\"width\":280,\"height\":419},{\"@type\":\"BreadcrumbList\",\"@id\":\"https:\\\/\\\/lightweb.dev\\\/l\\\/svm-temp\\\/artiklar\\\/spanien-just-nu-kulturstaden-malaga\\\/#breadcrumb\",\"itemListElement\":[{\"@type\":\"ListItem\",\"position\":1,\"name\":\"Hem\",\"item\":\"https:\\\/\\\/lightweb.dev\\\/l\\\/svm-temp\\\/\"},{\"@type\":\"ListItem\",\"position\":2,\"name\":\"Spanien just nu \u2013 kulturstaden M\u00e1laga\"}]},{\"@type\":\"WebSite\",\"@id\":\"https:\\\/\\\/lightweb.dev\\\/l\\\/svm-temp\\\/#website\",\"url\":\"https:\\\/\\\/lightweb.dev\\\/l\\\/svm-temp\\\/\",\"name\":\"Svenska Magasinet\",\"description\":\"Dina Spanska nyheter p&aring; Svenska\",\"publisher\":{\"@id\":\"https:\\\/\\\/lightweb.dev\\\/l\\\/svm-temp\\\/#organization\"},\"potentialAction\":[{\"@type\":\"SearchAction\",\"target\":{\"@type\":\"EntryPoint\",\"urlTemplate\":\"https:\\\/\\\/lightweb.dev\\\/l\\\/svm-temp\\\/?s={search_term_string}\"},\"query-input\":{\"@type\":\"PropertyValueSpecification\",\"valueRequired\":true,\"valueName\":\"search_term_string\"}}],\"inLanguage\":\"sv-SE\"},{\"@type\":\"Organization\",\"@id\":\"https:\\\/\\\/lightweb.dev\\\/l\\\/svm-temp\\\/#organization\",\"name\":\"Melkerson y Nott SL\",\"alternateName\":\"Svenska Magasinet\",\"url\":\"https:\\\/\\\/lightweb.dev\\\/l\\\/svm-temp\\\/\",\"logo\":{\"@type\":\"ImageObject\",\"inLanguage\":\"sv-SE\",\"@id\":\"https:\\\/\\\/lightweb.dev\\\/l\\\/svm-temp\\\/#\\\/schema\\\/logo\\\/image\\\/\",\"url\":\"https:\\\/\\\/lightweb.dev\\\/l\\\/svm-temp\\\/wp-content\\\/uploads\\\/2025\\\/02\\\/SvM-logo-Xtra-Centrerad-SVART.png\",\"contentUrl\":\"https:\\\/\\\/lightweb.dev\\\/l\\\/svm-temp\\\/wp-content\\\/uploads\\\/2025\\\/02\\\/SvM-logo-Xtra-Centrerad-SVART.png\",\"width\":300,\"height\":99,\"caption\":\"Melkerson y Nott SL\"},\"image\":{\"@id\":\"https:\\\/\\\/lightweb.dev\\\/l\\\/svm-temp\\\/#\\\/schema\\\/logo\\\/image\\\/\"},\"sameAs\":[\"https:\\\/\\\/www.facebook.com\\\/svenskamagasinet\",\"https:\\\/\\\/x.com\\\/SvenskaMagasine\"]},{\"@type\":\"Person\",\"@id\":\"https:\\\/\\\/lightweb.dev\\\/l\\\/svm-temp\\\/#\\\/schema\\\/person\\\/206a3bda5b607b0c25e1749191e4d837\",\"name\":\"Redaktionen SvM\",\"description\":\"Redaktionen\",\"sameAs\":[\"https:\\\/\\\/lightweb.dev\\\/l\\\/svm-temp\"],\"url\":\"https:\\\/\\\/lightweb.dev\\\/l\\\/svm-temp\\\/reporter\\\/redaktionen\\\/\"}]}<\/script>\n<!-- \/ Yoast SEO Premium plugin. -->","yoast_head_json":{"title":"Spanien just nu \u2013 kulturstaden M\u00e1laga - Svenska Magasinet","robots":{"index":"noindex","follow":"follow","max-snippet":"max-snippet:-1","max-image-preview":"max-image-preview:large","max-video-preview":"max-video-preview:-1"},"og_locale":"sv_SE","og_type":"article","og_title":"Spanien just nu \u2013 kulturstaden M\u00e1laga","og_description":"P\u00e5 bara ett decennium har M\u00e1laga g\u00e5tt fr\u00e5n att vara utsvulten p\u00e5 kultur till att sp\u00e4nna musklerna och bli Spaniens tredje kulturstad efter metropolerna Madrid och Barcelona. En del ser det som en genomt\u00e4nkt plan medan andra beskriver satsningen som ekonomisk dopning efter ett antal miljoner \u201danabola injektioner\u201d. Av Ola Josefsson Har du valt Spanien [&hellip;]","og_url":"https:\/\/lightweb.dev\/l\/svm-temp\/artiklar\/spanien-just-nu-kulturstaden-malaga\/","og_site_name":"Svenska Magasinet","article_publisher":"https:\/\/www.facebook.com\/svenskamagasinet","article_published_time":"2014-06-22T22:00:00+00:00","og_image":[{"width":280,"height":419,"url":"https:\/\/lightweb.dev\/l\/svm-temp\/wp-content\/uploads\/2022\/04\/spanien-just-nu-kulturstaden-mlaga.png","type":"image\/png"}],"author":"Redaktionen SvM","twitter_card":"summary_large_image","twitter_creator":"@SvenskaMagasine","twitter_site":"@SvenskaMagasine","schema":{"@context":"https:\/\/schema.org","@graph":[{"@type":"Article","@id":"https:\/\/lightweb.dev\/l\/svm-temp\/artiklar\/spanien-just-nu-kulturstaden-malaga\/#article","isPartOf":{"@id":"https:\/\/lightweb.dev\/l\/svm-temp\/artiklar\/spanien-just-nu-kulturstaden-malaga\/"},"author":{"name":"Redaktionen SvM","@id":"https:\/\/lightweb.dev\/l\/svm-temp\/#\/schema\/person\/206a3bda5b607b0c25e1749191e4d837"},"headline":"Spanien just nu \u2013 kulturstaden M\u00e1laga","datePublished":"2014-06-22T22:00:00+00:00","mainEntityOfPage":{"@id":"https:\/\/lightweb.dev\/l\/svm-temp\/artiklar\/spanien-just-nu-kulturstaden-malaga\/"},"wordCount":854,"commentCount":0,"publisher":{"@id":"https:\/\/lightweb.dev\/l\/svm-temp\/#organization"},"image":{"@id":"https:\/\/lightweb.dev\/l\/svm-temp\/artiklar\/spanien-just-nu-kulturstaden-malaga\/#primaryimage"},"thumbnailUrl":"https:\/\/lightweb.dev\/l\/svm-temp\/wp-content\/uploads\/2022\/04\/spanien-just-nu-kulturstaden-mlaga.png","articleSection":["Artiklar","Spanien just nu"],"inLanguage":"sv-SE"},{"@type":"WebPage","@id":"https:\/\/lightweb.dev\/l\/svm-temp\/artiklar\/spanien-just-nu-kulturstaden-malaga\/","url":"https:\/\/lightweb.dev\/l\/svm-temp\/artiklar\/spanien-just-nu-kulturstaden-malaga\/","name":"Spanien just nu \u2013 kulturstaden M\u00e1laga - Svenska Magasinet","isPartOf":{"@id":"https:\/\/lightweb.dev\/l\/svm-temp\/#website"},"primaryImageOfPage":{"@id":"https:\/\/lightweb.dev\/l\/svm-temp\/artiklar\/spanien-just-nu-kulturstaden-malaga\/#primaryimage"},"image":{"@id":"https:\/\/lightweb.dev\/l\/svm-temp\/artiklar\/spanien-just-nu-kulturstaden-malaga\/#primaryimage"},"thumbnailUrl":"https:\/\/lightweb.dev\/l\/svm-temp\/wp-content\/uploads\/2022\/04\/spanien-just-nu-kulturstaden-mlaga.png","datePublished":"2014-06-22T22:00:00+00:00","breadcrumb":{"@id":"https:\/\/lightweb.dev\/l\/svm-temp\/artiklar\/spanien-just-nu-kulturstaden-malaga\/#breadcrumb"},"inLanguage":"sv-SE","potentialAction":[{"@type":"ReadAction","target":["https:\/\/lightweb.dev\/l\/svm-temp\/artiklar\/spanien-just-nu-kulturstaden-malaga\/"]}]},{"@type":"ImageObject","inLanguage":"sv-SE","@id":"https:\/\/lightweb.dev\/l\/svm-temp\/artiklar\/spanien-just-nu-kulturstaden-malaga\/#primaryimage","url":"https:\/\/lightweb.dev\/l\/svm-temp\/wp-content\/uploads\/2022\/04\/spanien-just-nu-kulturstaden-mlaga.png","contentUrl":"https:\/\/lightweb.dev\/l\/svm-temp\/wp-content\/uploads\/2022\/04\/spanien-just-nu-kulturstaden-mlaga.png","width":280,"height":419},{"@type":"BreadcrumbList","@id":"https:\/\/lightweb.dev\/l\/svm-temp\/artiklar\/spanien-just-nu-kulturstaden-malaga\/#breadcrumb","itemListElement":[{"@type":"ListItem","position":1,"name":"Hem","item":"https:\/\/lightweb.dev\/l\/svm-temp\/"},{"@type":"ListItem","position":2,"name":"Spanien just nu \u2013 kulturstaden M\u00e1laga"}]},{"@type":"WebSite","@id":"https:\/\/lightweb.dev\/l\/svm-temp\/#website","url":"https:\/\/lightweb.dev\/l\/svm-temp\/","name":"Svenska Magasinet","description":"Dina Spanska nyheter p&aring; Svenska","publisher":{"@id":"https:\/\/lightweb.dev\/l\/svm-temp\/#organization"},"potentialAction":[{"@type":"SearchAction","target":{"@type":"EntryPoint","urlTemplate":"https:\/\/lightweb.dev\/l\/svm-temp\/?s={search_term_string}"},"query-input":{"@type":"PropertyValueSpecification","valueRequired":true,"valueName":"search_term_string"}}],"inLanguage":"sv-SE"},{"@type":"Organization","@id":"https:\/\/lightweb.dev\/l\/svm-temp\/#organization","name":"Melkerson y Nott SL","alternateName":"Svenska Magasinet","url":"https:\/\/lightweb.dev\/l\/svm-temp\/","logo":{"@type":"ImageObject","inLanguage":"sv-SE","@id":"https:\/\/lightweb.dev\/l\/svm-temp\/#\/schema\/logo\/image\/","url":"https:\/\/lightweb.dev\/l\/svm-temp\/wp-content\/uploads\/2025\/02\/SvM-logo-Xtra-Centrerad-SVART.png","contentUrl":"https:\/\/lightweb.dev\/l\/svm-temp\/wp-content\/uploads\/2025\/02\/SvM-logo-Xtra-Centrerad-SVART.png","width":300,"height":99,"caption":"Melkerson y Nott SL"},"image":{"@id":"https:\/\/lightweb.dev\/l\/svm-temp\/#\/schema\/logo\/image\/"},"sameAs":["https:\/\/www.facebook.com\/svenskamagasinet","https:\/\/x.com\/SvenskaMagasine"]},{"@type":"Person","@id":"https:\/\/lightweb.dev\/l\/svm-temp\/#\/schema\/person\/206a3bda5b607b0c25e1749191e4d837","name":"Redaktionen SvM","description":"Redaktionen","sameAs":["https:\/\/lightweb.dev\/l\/svm-temp"],"url":"https:\/\/lightweb.dev\/l\/svm-temp\/reporter\/redaktionen\/"}]}},"_links":{"self":[{"href":"https:\/\/lightweb.dev\/l\/svm-temp\/wp-json\/wp\/v2\/posts\/4518","targetHints":{"allow":["GET"]}}],"collection":[{"href":"https:\/\/lightweb.dev\/l\/svm-temp\/wp-json\/wp\/v2\/posts"}],"about":[{"href":"https:\/\/lightweb.dev\/l\/svm-temp\/wp-json\/wp\/v2\/types\/post"}],"author":[{"embeddable":true,"href":"https:\/\/lightweb.dev\/l\/svm-temp\/wp-json\/wp\/v2\/users\/8"}],"replies":[{"embeddable":true,"href":"https:\/\/lightweb.dev\/l\/svm-temp\/wp-json\/wp\/v2\/comments?post=4518"}],"version-history":[{"count":0,"href":"https:\/\/lightweb.dev\/l\/svm-temp\/wp-json\/wp\/v2\/posts\/4518\/revisions"}],"wp:featuredmedia":[{"embeddable":true,"href":"https:\/\/lightweb.dev\/l\/svm-temp\/wp-json\/wp\/v2\/media\/4519"}],"wp:attachment":[{"href":"https:\/\/lightweb.dev\/l\/svm-temp\/wp-json\/wp\/v2\/media?parent=4518"}],"wp:term":[{"taxonomy":"category","embeddable":true,"href":"https:\/\/lightweb.dev\/l\/svm-temp\/wp-json\/wp\/v2\/categories?post=4518"},{"taxonomy":"post_tag","embeddable":true,"href":"https:\/\/lightweb.dev\/l\/svm-temp\/wp-json\/wp\/v2\/tags?post=4518"}],"curies":[{"name":"wp","href":"https:\/\/api.w.org\/{rel}","templated":true}]}}