{"id":4524,"date":"2014-06-12T00:00:00","date_gmt":"2014-06-11T22:00:00","guid":{"rendered":"https:\/\/lightweb.dev\/l\/svm-temp\/kan-man-ata-sig-frisk\/"},"modified":"2014-06-12T00:00:00","modified_gmt":"2014-06-11T22:00:00","slug":"kan-man-ata-sig-frisk","status":"publish","type":"post","link":"https:\/\/lightweb.dev\/l\/svm-temp\/artiklar\/kan-man-ata-sig-frisk\/","title":{"rendered":"Kan man \u00e4ta sig frisk?"},"content":{"rendered":"<p> Om du upplever uppbl\u00e5st, orolig mage? Tr\u00f6tthet, eksem eller ledbesv\u00e4r? Detta \u00e4r n\u00e5gra vanliga symptom vid matintolerans. Av Madeleine \u00d6berg<\/p>\n<p>Matintolerans f\u00f6rv\u00e4xlas ofta med matallergi. Matintolerans beror p\u00e5 en onormal k\u00e4nslighet mot ett f\u00f6do\u00e4mne men som inte \u00e4r en allergisk reaktion. Den s\u00e4rskiljer sig fr\u00e5n allergi genom att den inte involverar antikroppar i immunsystemet. Till exempel kan en person ha magsm\u00e4rtor efter att ha druckit mj\u00f6lk. Den reaktionen beror troligtvis p\u00e5 mj\u00f6lksockerintolerans (laktosintolerans), d\u00e4r individen har brist p\u00e5 det enzym som beh\u00f6vs f\u00f6r bryta ned mj\u00f6lksockret (laktos).<\/p>\n<p>Reaktioner fr\u00e5n matintolerans \u00e4r oftast orsakade av andra faktorer \u00e4n proteiner, som bygger upp matallergien. En av de mest vanliga \u00e4r laktosintolerans. Andra reaktioner av matintolerans kan utl\u00f6sas av drogliknande best\u00e5ndsdelar i vissa matsorter. Symtom kan innefatta nervositet fr\u00e5n koffein i kaffe eller l\u00e4sk, huvudv\u00e4rk som utl\u00f6ses av \u00e4mnen i ost och choklad eller diverse reaktioner orsakade av tillsatser i maten. Det b\u00e4sta s\u00e4ttet att hantera \u00f6verk\u00e4nslighet mot mattillsatser \u00e4r att veta vilka tillsatser som orsakar symtom och att undvika dessa. Shinsei Salud \u00e4r en ny\u00f6ppnad klinik f\u00f6r naturmedicin och alternativ medicinska behandlingar. H\u00e4r erbjuder Luis och Carmen v\u00e5ra l\u00e4sare en gratis matintoleranstest under juni m\u00e5nad.<\/p>\n<p>Paul Schmidt-metoden<br \/>\nDe anv\u00e4nder Paul Schmidt-metoden och den g\u00e5r till s\u00e5 att elektroder f\u00e4stes runt dina vrister och vader. Med hj\u00e4lp av bioenergiska v\u00e5gor m\u00e4ts dina v\u00e4rden. F\u00f6rutom matintolerans kan de ocks\u00e5 g\u00f6ra en metabolisk utv\u00e4rdering av din kropp.<\/p>\n<p>Inom den alternativa medicinen \u00e4r, av naturliga sk\u00e4l, \u00e4nnu m\u00e5nga fr\u00e5gor oklara eller omtvistade n\u00e4r det g\u00e4ller de str\u00e4nga vetenskapliga reglerna. Men den alternativa medicinen p\u00e5 god v\u00e4g att etablera sig.<\/p>\n<p>Notera \u00e4nd\u00e5 att information, r\u00e5dgivning och l\u00f6sningsf\u00f6rslag som ges inte ers\u00e4tter att du g\u00e5r till en l\u00e4kare. Dessutom p\u00e5pekas att de sammanhang som kommer fram, delvis ligger l\u00e5ngt f\u00f6re vedertagen vetenskap, vilket \u00e4r anledningen till att den vanliga l\u00e4karvetenskapen, varken accepterar eller erk\u00e4nner de sammanhang och den verkan som bioenergetiska v\u00e5gor har. Inom traditionell kinesisk medicin upplevs h\u00e4lsa som ett harmoniskt samspel mellan  funktionella enheter som s\u00e4gs reglera matsm\u00e4ltning, andning, \u00e5ldrande o.s.v. och omv\u00e4rlden. Sjukdom tolkas som en disharmoni i detta samspel.<\/p>\n<p>Den b\u00e4sta medicinen mot \u00e5ldrande \u00e4r att ha en kropp som fungerar bra. B\u00e5de kropp och sj\u00e4l m\u00e5ste fungera bra f\u00f6r b\u00e4st resultat. Om allt detta, har Carmen och Luis stor kunskap och de \u00e4r v\u00e4lutbildade inom dessa omr\u00e5den. Deras plan \u00e4r bl  a att starta kurser och workshops f\u00f6r andra intresserade.<\/p>\n<p>Tillskott<br \/>\nI Shinsei Saluds butik finns vitaminer, mineraler och andra tillskott, h\u00e4lsoprodukter och preparat f\u00f6r kinesiska mediciner samt fytoterapi, vilket \u00e4r en alternativ behandlingsmetod, d\u00e4r \u00f6rters och medicinalv\u00e4xters l\u00e4kande effekt st\u00e5r i centrum.<\/p>\n<p>H\u00e4r finns produkter som knappt finns n\u00e5gon annanstans i Spanien. Shinsei Salud hittar ni i Guadalmina i shopping centrat vid huvudv\u00e4gen, intill supermercadon. Tel 952 886 369.<\/p>\n","protected":false},"excerpt":{"rendered":"<p>Om du upplever uppbl\u00e5st, orolig mage? Tr\u00f6tthet, eksem eller ledbesv\u00e4r? Detta \u00e4r n\u00e5gra vanliga symptom vid matintolerans. Av Madeleine \u00d6berg Matintolerans f\u00f6rv\u00e4xlas ofta med matallergi. Matintolerans beror p\u00e5 en onormal k\u00e4nslighet mot ett f\u00f6do\u00e4mne men som inte \u00e4r en allergisk reaktion. Den s\u00e4rskiljer sig fr\u00e5n allergi genom att den inte involverar antikroppar i immunsystemet. Till [&hellip;]<\/p>\n","protected":false},"author":8,"featured_media":4525,"comment_status":"open","ping_status":"open","sticky":false,"template":"","format":"standard","meta":{"_et_pb_use_builder":"","_et_pb_old_content":"","_et_gb_content_width":"","footnotes":""},"categories":[396,4],"tags":[],"class_list":["post-4524","post","type-post","status-publish","format-standard","has-post-thumbnail","hentry","category-arkiv-artiklar","category-artiklar"],"yoast_head":"<!-- This site is optimized with the Yoast SEO Premium plugin v26.2 (Yoast SEO v27.4) - https:\/\/yoast.com\/product\/yoast-seo-premium-wordpress\/ -->\n<title>Kan man \u00e4ta sig frisk? - Svenska Magasinet<\/title>\n<meta name=\"robots\" content=\"noindex, follow, max-snippet:-1, max-image-preview:large, max-video-preview:-1\" \/>\n<meta property=\"og:locale\" content=\"sv_SE\" \/>\n<meta property=\"og:type\" content=\"article\" \/>\n<meta property=\"og:title\" content=\"Kan man \u00e4ta sig frisk?\" \/>\n<meta property=\"og:description\" content=\"Om du upplever uppbl\u00e5st, orolig mage? Tr\u00f6tthet, eksem eller ledbesv\u00e4r? Detta \u00e4r n\u00e5gra vanliga symptom vid matintolerans. Av Madeleine \u00d6berg Matintolerans f\u00f6rv\u00e4xlas ofta med matallergi. Matintolerans beror p\u00e5 en onormal k\u00e4nslighet mot ett f\u00f6do\u00e4mne men som inte \u00e4r en allergisk reaktion. Den s\u00e4rskiljer sig fr\u00e5n allergi genom att den inte involverar antikroppar i immunsystemet. Till [&hellip;]\" \/>\n<meta property=\"og:url\" content=\"https:\/\/lightweb.dev\/l\/svm-temp\/artiklar\/kan-man-ata-sig-frisk\/\" \/>\n<meta property=\"og:site_name\" content=\"Svenska Magasinet\" \/>\n<meta property=\"article:publisher\" content=\"https:\/\/www.facebook.com\/svenskamagasinet\" \/>\n<meta property=\"article:published_time\" content=\"2014-06-11T22:00:00+00:00\" \/>\n<meta property=\"og:image\" content=\"https:\/\/lightweb.dev\/l\/svm-temp\/wp-content\/uploads\/2022\/04\/kan-man-ta-sig-frisk.png\" \/>\n\t<meta property=\"og:image:width\" content=\"300\" \/>\n\t<meta property=\"og:image:height\" content=\"200\" \/>\n\t<meta property=\"og:image:type\" content=\"image\/png\" \/>\n<meta name=\"author\" content=\"Redaktionen SvM\" \/>\n<meta name=\"twitter:card\" content=\"summary_large_image\" \/>\n<meta name=\"twitter:creator\" content=\"@SvenskaMagasine\" \/>\n<meta name=\"twitter:site\" content=\"@SvenskaMagasine\" \/>\n<script type=\"application\/ld+json\" class=\"yoast-schema-graph\">{\"@context\":\"https:\\\/\\\/schema.org\",\"@graph\":[{\"@type\":\"Article\",\"@id\":\"https:\\\/\\\/lightweb.dev\\\/l\\\/svm-temp\\\/artiklar\\\/kan-man-ata-sig-frisk\\\/#article\",\"isPartOf\":{\"@id\":\"https:\\\/\\\/lightweb.dev\\\/l\\\/svm-temp\\\/artiklar\\\/kan-man-ata-sig-frisk\\\/\"},\"author\":{\"name\":\"Redaktionen SvM\",\"@id\":\"https:\\\/\\\/lightweb.dev\\\/l\\\/svm-temp\\\/#\\\/schema\\\/person\\\/206a3bda5b607b0c25e1749191e4d837\"},\"headline\":\"Kan man \u00e4ta sig frisk?\",\"datePublished\":\"2014-06-11T22:00:00+00:00\",\"mainEntityOfPage\":{\"@id\":\"https:\\\/\\\/lightweb.dev\\\/l\\\/svm-temp\\\/artiklar\\\/kan-man-ata-sig-frisk\\\/\"},\"wordCount\":546,\"commentCount\":0,\"publisher\":{\"@id\":\"https:\\\/\\\/lightweb.dev\\\/l\\\/svm-temp\\\/#organization\"},\"image\":{\"@id\":\"https:\\\/\\\/lightweb.dev\\\/l\\\/svm-temp\\\/artiklar\\\/kan-man-ata-sig-frisk\\\/#primaryimage\"},\"thumbnailUrl\":\"https:\\\/\\\/lightweb.dev\\\/l\\\/svm-temp\\\/wp-content\\\/uploads\\\/2022\\\/04\\\/kan-man-ta-sig-frisk.png\",\"articleSection\":[\"Arkiv\",\"Artiklar\"],\"inLanguage\":\"sv-SE\"},{\"@type\":\"WebPage\",\"@id\":\"https:\\\/\\\/lightweb.dev\\\/l\\\/svm-temp\\\/artiklar\\\/kan-man-ata-sig-frisk\\\/\",\"url\":\"https:\\\/\\\/lightweb.dev\\\/l\\\/svm-temp\\\/artiklar\\\/kan-man-ata-sig-frisk\\\/\",\"name\":\"Kan man \u00e4ta sig frisk? - Svenska Magasinet\",\"isPartOf\":{\"@id\":\"https:\\\/\\\/lightweb.dev\\\/l\\\/svm-temp\\\/#website\"},\"primaryImageOfPage\":{\"@id\":\"https:\\\/\\\/lightweb.dev\\\/l\\\/svm-temp\\\/artiklar\\\/kan-man-ata-sig-frisk\\\/#primaryimage\"},\"image\":{\"@id\":\"https:\\\/\\\/lightweb.dev\\\/l\\\/svm-temp\\\/artiklar\\\/kan-man-ata-sig-frisk\\\/#primaryimage\"},\"thumbnailUrl\":\"https:\\\/\\\/lightweb.dev\\\/l\\\/svm-temp\\\/wp-content\\\/uploads\\\/2022\\\/04\\\/kan-man-ta-sig-frisk.png\",\"datePublished\":\"2014-06-11T22:00:00+00:00\",\"breadcrumb\":{\"@id\":\"https:\\\/\\\/lightweb.dev\\\/l\\\/svm-temp\\\/artiklar\\\/kan-man-ata-sig-frisk\\\/#breadcrumb\"},\"inLanguage\":\"sv-SE\",\"potentialAction\":[{\"@type\":\"ReadAction\",\"target\":[\"https:\\\/\\\/lightweb.dev\\\/l\\\/svm-temp\\\/artiklar\\\/kan-man-ata-sig-frisk\\\/\"]}]},{\"@type\":\"ImageObject\",\"inLanguage\":\"sv-SE\",\"@id\":\"https:\\\/\\\/lightweb.dev\\\/l\\\/svm-temp\\\/artiklar\\\/kan-man-ata-sig-frisk\\\/#primaryimage\",\"url\":\"https:\\\/\\\/lightweb.dev\\\/l\\\/svm-temp\\\/wp-content\\\/uploads\\\/2022\\\/04\\\/kan-man-ta-sig-frisk.png\",\"contentUrl\":\"https:\\\/\\\/lightweb.dev\\\/l\\\/svm-temp\\\/wp-content\\\/uploads\\\/2022\\\/04\\\/kan-man-ta-sig-frisk.png\",\"width\":300,\"height\":200},{\"@type\":\"BreadcrumbList\",\"@id\":\"https:\\\/\\\/lightweb.dev\\\/l\\\/svm-temp\\\/artiklar\\\/kan-man-ata-sig-frisk\\\/#breadcrumb\",\"itemListElement\":[{\"@type\":\"ListItem\",\"position\":1,\"name\":\"Hem\",\"item\":\"https:\\\/\\\/lightweb.dev\\\/l\\\/svm-temp\\\/\"},{\"@type\":\"ListItem\",\"position\":2,\"name\":\"Kan man \u00e4ta sig frisk?\"}]},{\"@type\":\"WebSite\",\"@id\":\"https:\\\/\\\/lightweb.dev\\\/l\\\/svm-temp\\\/#website\",\"url\":\"https:\\\/\\\/lightweb.dev\\\/l\\\/svm-temp\\\/\",\"name\":\"Svenska Magasinet\",\"description\":\"Dina Spanska nyheter p&aring; Svenska\",\"publisher\":{\"@id\":\"https:\\\/\\\/lightweb.dev\\\/l\\\/svm-temp\\\/#organization\"},\"potentialAction\":[{\"@type\":\"SearchAction\",\"target\":{\"@type\":\"EntryPoint\",\"urlTemplate\":\"https:\\\/\\\/lightweb.dev\\\/l\\\/svm-temp\\\/?s={search_term_string}\"},\"query-input\":{\"@type\":\"PropertyValueSpecification\",\"valueRequired\":true,\"valueName\":\"search_term_string\"}}],\"inLanguage\":\"sv-SE\"},{\"@type\":\"Organization\",\"@id\":\"https:\\\/\\\/lightweb.dev\\\/l\\\/svm-temp\\\/#organization\",\"name\":\"Melkerson y Nott SL\",\"alternateName\":\"Svenska Magasinet\",\"url\":\"https:\\\/\\\/lightweb.dev\\\/l\\\/svm-temp\\\/\",\"logo\":{\"@type\":\"ImageObject\",\"inLanguage\":\"sv-SE\",\"@id\":\"https:\\\/\\\/lightweb.dev\\\/l\\\/svm-temp\\\/#\\\/schema\\\/logo\\\/image\\\/\",\"url\":\"https:\\\/\\\/lightweb.dev\\\/l\\\/svm-temp\\\/wp-content\\\/uploads\\\/2025\\\/02\\\/SvM-logo-Xtra-Centrerad-SVART.png\",\"contentUrl\":\"https:\\\/\\\/lightweb.dev\\\/l\\\/svm-temp\\\/wp-content\\\/uploads\\\/2025\\\/02\\\/SvM-logo-Xtra-Centrerad-SVART.png\",\"width\":300,\"height\":99,\"caption\":\"Melkerson y Nott SL\"},\"image\":{\"@id\":\"https:\\\/\\\/lightweb.dev\\\/l\\\/svm-temp\\\/#\\\/schema\\\/logo\\\/image\\\/\"},\"sameAs\":[\"https:\\\/\\\/www.facebook.com\\\/svenskamagasinet\",\"https:\\\/\\\/x.com\\\/SvenskaMagasine\"]},{\"@type\":\"Person\",\"@id\":\"https:\\\/\\\/lightweb.dev\\\/l\\\/svm-temp\\\/#\\\/schema\\\/person\\\/206a3bda5b607b0c25e1749191e4d837\",\"name\":\"Redaktionen SvM\",\"description\":\"Redaktionen\",\"sameAs\":[\"https:\\\/\\\/lightweb.dev\\\/l\\\/svm-temp\"],\"url\":\"https:\\\/\\\/lightweb.dev\\\/l\\\/svm-temp\\\/reporter\\\/redaktionen\\\/\"}]}<\/script>\n<!-- \/ Yoast SEO Premium plugin. -->","yoast_head_json":{"title":"Kan man \u00e4ta sig frisk? - Svenska Magasinet","robots":{"index":"noindex","follow":"follow","max-snippet":"max-snippet:-1","max-image-preview":"max-image-preview:large","max-video-preview":"max-video-preview:-1"},"og_locale":"sv_SE","og_type":"article","og_title":"Kan man \u00e4ta sig frisk?","og_description":"Om du upplever uppbl\u00e5st, orolig mage? Tr\u00f6tthet, eksem eller ledbesv\u00e4r? Detta \u00e4r n\u00e5gra vanliga symptom vid matintolerans. Av Madeleine \u00d6berg Matintolerans f\u00f6rv\u00e4xlas ofta med matallergi. Matintolerans beror p\u00e5 en onormal k\u00e4nslighet mot ett f\u00f6do\u00e4mne men som inte \u00e4r en allergisk reaktion. Den s\u00e4rskiljer sig fr\u00e5n allergi genom att den inte involverar antikroppar i immunsystemet. Till [&hellip;]","og_url":"https:\/\/lightweb.dev\/l\/svm-temp\/artiklar\/kan-man-ata-sig-frisk\/","og_site_name":"Svenska Magasinet","article_publisher":"https:\/\/www.facebook.com\/svenskamagasinet","article_published_time":"2014-06-11T22:00:00+00:00","og_image":[{"width":300,"height":200,"url":"https:\/\/lightweb.dev\/l\/svm-temp\/wp-content\/uploads\/2022\/04\/kan-man-ta-sig-frisk.png","type":"image\/png"}],"author":"Redaktionen SvM","twitter_card":"summary_large_image","twitter_creator":"@SvenskaMagasine","twitter_site":"@SvenskaMagasine","schema":{"@context":"https:\/\/schema.org","@graph":[{"@type":"Article","@id":"https:\/\/lightweb.dev\/l\/svm-temp\/artiklar\/kan-man-ata-sig-frisk\/#article","isPartOf":{"@id":"https:\/\/lightweb.dev\/l\/svm-temp\/artiklar\/kan-man-ata-sig-frisk\/"},"author":{"name":"Redaktionen SvM","@id":"https:\/\/lightweb.dev\/l\/svm-temp\/#\/schema\/person\/206a3bda5b607b0c25e1749191e4d837"},"headline":"Kan man \u00e4ta sig frisk?","datePublished":"2014-06-11T22:00:00+00:00","mainEntityOfPage":{"@id":"https:\/\/lightweb.dev\/l\/svm-temp\/artiklar\/kan-man-ata-sig-frisk\/"},"wordCount":546,"commentCount":0,"publisher":{"@id":"https:\/\/lightweb.dev\/l\/svm-temp\/#organization"},"image":{"@id":"https:\/\/lightweb.dev\/l\/svm-temp\/artiklar\/kan-man-ata-sig-frisk\/#primaryimage"},"thumbnailUrl":"https:\/\/lightweb.dev\/l\/svm-temp\/wp-content\/uploads\/2022\/04\/kan-man-ta-sig-frisk.png","articleSection":["Arkiv","Artiklar"],"inLanguage":"sv-SE"},{"@type":"WebPage","@id":"https:\/\/lightweb.dev\/l\/svm-temp\/artiklar\/kan-man-ata-sig-frisk\/","url":"https:\/\/lightweb.dev\/l\/svm-temp\/artiklar\/kan-man-ata-sig-frisk\/","name":"Kan man \u00e4ta sig frisk? - Svenska Magasinet","isPartOf":{"@id":"https:\/\/lightweb.dev\/l\/svm-temp\/#website"},"primaryImageOfPage":{"@id":"https:\/\/lightweb.dev\/l\/svm-temp\/artiklar\/kan-man-ata-sig-frisk\/#primaryimage"},"image":{"@id":"https:\/\/lightweb.dev\/l\/svm-temp\/artiklar\/kan-man-ata-sig-frisk\/#primaryimage"},"thumbnailUrl":"https:\/\/lightweb.dev\/l\/svm-temp\/wp-content\/uploads\/2022\/04\/kan-man-ta-sig-frisk.png","datePublished":"2014-06-11T22:00:00+00:00","breadcrumb":{"@id":"https:\/\/lightweb.dev\/l\/svm-temp\/artiklar\/kan-man-ata-sig-frisk\/#breadcrumb"},"inLanguage":"sv-SE","potentialAction":[{"@type":"ReadAction","target":["https:\/\/lightweb.dev\/l\/svm-temp\/artiklar\/kan-man-ata-sig-frisk\/"]}]},{"@type":"ImageObject","inLanguage":"sv-SE","@id":"https:\/\/lightweb.dev\/l\/svm-temp\/artiklar\/kan-man-ata-sig-frisk\/#primaryimage","url":"https:\/\/lightweb.dev\/l\/svm-temp\/wp-content\/uploads\/2022\/04\/kan-man-ta-sig-frisk.png","contentUrl":"https:\/\/lightweb.dev\/l\/svm-temp\/wp-content\/uploads\/2022\/04\/kan-man-ta-sig-frisk.png","width":300,"height":200},{"@type":"BreadcrumbList","@id":"https:\/\/lightweb.dev\/l\/svm-temp\/artiklar\/kan-man-ata-sig-frisk\/#breadcrumb","itemListElement":[{"@type":"ListItem","position":1,"name":"Hem","item":"https:\/\/lightweb.dev\/l\/svm-temp\/"},{"@type":"ListItem","position":2,"name":"Kan man \u00e4ta sig frisk?"}]},{"@type":"WebSite","@id":"https:\/\/lightweb.dev\/l\/svm-temp\/#website","url":"https:\/\/lightweb.dev\/l\/svm-temp\/","name":"Svenska Magasinet","description":"Dina Spanska nyheter p&aring; Svenska","publisher":{"@id":"https:\/\/lightweb.dev\/l\/svm-temp\/#organization"},"potentialAction":[{"@type":"SearchAction","target":{"@type":"EntryPoint","urlTemplate":"https:\/\/lightweb.dev\/l\/svm-temp\/?s={search_term_string}"},"query-input":{"@type":"PropertyValueSpecification","valueRequired":true,"valueName":"search_term_string"}}],"inLanguage":"sv-SE"},{"@type":"Organization","@id":"https:\/\/lightweb.dev\/l\/svm-temp\/#organization","name":"Melkerson y Nott SL","alternateName":"Svenska Magasinet","url":"https:\/\/lightweb.dev\/l\/svm-temp\/","logo":{"@type":"ImageObject","inLanguage":"sv-SE","@id":"https:\/\/lightweb.dev\/l\/svm-temp\/#\/schema\/logo\/image\/","url":"https:\/\/lightweb.dev\/l\/svm-temp\/wp-content\/uploads\/2025\/02\/SvM-logo-Xtra-Centrerad-SVART.png","contentUrl":"https:\/\/lightweb.dev\/l\/svm-temp\/wp-content\/uploads\/2025\/02\/SvM-logo-Xtra-Centrerad-SVART.png","width":300,"height":99,"caption":"Melkerson y Nott SL"},"image":{"@id":"https:\/\/lightweb.dev\/l\/svm-temp\/#\/schema\/logo\/image\/"},"sameAs":["https:\/\/www.facebook.com\/svenskamagasinet","https:\/\/x.com\/SvenskaMagasine"]},{"@type":"Person","@id":"https:\/\/lightweb.dev\/l\/svm-temp\/#\/schema\/person\/206a3bda5b607b0c25e1749191e4d837","name":"Redaktionen SvM","description":"Redaktionen","sameAs":["https:\/\/lightweb.dev\/l\/svm-temp"],"url":"https:\/\/lightweb.dev\/l\/svm-temp\/reporter\/redaktionen\/"}]}},"_links":{"self":[{"href":"https:\/\/lightweb.dev\/l\/svm-temp\/wp-json\/wp\/v2\/posts\/4524","targetHints":{"allow":["GET"]}}],"collection":[{"href":"https:\/\/lightweb.dev\/l\/svm-temp\/wp-json\/wp\/v2\/posts"}],"about":[{"href":"https:\/\/lightweb.dev\/l\/svm-temp\/wp-json\/wp\/v2\/types\/post"}],"author":[{"embeddable":true,"href":"https:\/\/lightweb.dev\/l\/svm-temp\/wp-json\/wp\/v2\/users\/8"}],"replies":[{"embeddable":true,"href":"https:\/\/lightweb.dev\/l\/svm-temp\/wp-json\/wp\/v2\/comments?post=4524"}],"version-history":[{"count":0,"href":"https:\/\/lightweb.dev\/l\/svm-temp\/wp-json\/wp\/v2\/posts\/4524\/revisions"}],"wp:featuredmedia":[{"embeddable":true,"href":"https:\/\/lightweb.dev\/l\/svm-temp\/wp-json\/wp\/v2\/media\/4525"}],"wp:attachment":[{"href":"https:\/\/lightweb.dev\/l\/svm-temp\/wp-json\/wp\/v2\/media?parent=4524"}],"wp:term":[{"taxonomy":"category","embeddable":true,"href":"https:\/\/lightweb.dev\/l\/svm-temp\/wp-json\/wp\/v2\/categories?post=4524"},{"taxonomy":"post_tag","embeddable":true,"href":"https:\/\/lightweb.dev\/l\/svm-temp\/wp-json\/wp\/v2\/tags?post=4524"}],"curies":[{"name":"wp","href":"https:\/\/api.w.org\/{rel}","templated":true}]}}