{"id":4526,"date":"2014-06-12T00:00:00","date_gmt":"2014-06-11T22:00:00","guid":{"rendered":"https:\/\/lightweb.dev\/l\/svm-temp\/advokatspalten-hon-hindrar-mig-fran-all-kontakt-med-barnen-vad-kan-jag-gora\/"},"modified":"2014-06-12T00:00:00","modified_gmt":"2014-06-11T22:00:00","slug":"advokatspalten-hon-hindrar-mig-fran-all-kontakt-med-barnen-vad-kan-jag-gora","status":"publish","type":"post","link":"https:\/\/lightweb.dev\/l\/svm-temp\/artiklar\/advokatspalten-hon-hindrar-mig-fran-all-kontakt-med-barnen-vad-kan-jag-gora\/","title":{"rendered":"Advokatspalten: &#8221;Hon hindrar mig fr\u00e5n all kontakt med barnen &#8211; vad kan jag g\u00f6ra?&#8221;"},"content":{"rendered":"<p> Hej! Jag har flyttat till Solkusten efter att jag nyligen skilt mig fr\u00e5n min svenska fru. Vi har varit gifta tillsammans i 12 \u00e5r och har tv\u00e5 barn som \u00e4r 5 och 11 \u00e5r gamla. Min f.d. fru vill inte prata med mig om barnen som \u00e4r kvar i Sverige hos henne. Nu har det g\u00e5tt en tid och hon hindrar mig fr\u00e5n all kontakt med barnen &#8211; vad kan jag g\u00f6ra? Av Jonas Nordgren, bitr\u00e4dande jurist vid Advokatfirman G\u00f6ran Rise<\/p>\n<p>Svar: Vanligast \u00e4r att v\u00e5rdnaden om gemensamma barn efter en \u00e4ktenskapsskillnad alltj\u00e4mt \u00e4r gemensam. Tingsr\u00e4tten brukar uppm\u00e4rksamma f\u00f6r\u00e4ldrarna p\u00e5 detta genom att ta med det i domen p\u00e5 \u00e4ktenskapsskillnaden.<\/p>\n<p>Utg\u00e5ngspunkten \u00e4r att barnets b\u00e4sta skall avg\u00f6ra alla fr\u00e5gor som r\u00f6r barnen, vem som har v\u00e5rdnaden, vem som \u00e4r boendef\u00f6r\u00e4lder och hur umg\u00e4nget skall g\u00e5 till.<\/p>\n<p>Oavsett om v\u00e5rdnaden \u00e4r enskild eller gemensam har barnen r\u00e4tt till kontakt och umg\u00e4nge med b\u00e5da sina f\u00f6r\u00e4ldrar, s\u00e5 l\u00e4nge detta \u00e4r till deras b\u00e4sta. Barnens mor f\u00e5r d\u00e4rf\u00f6r inte utan starka sk\u00e4l hindra Dig och barnen fr\u00e5n att ha kontakt och umg\u00e4nge.<\/p>\n<p>Att den ena f\u00f6r\u00e4ldern \u00e4r bosatt utomlands inneb\u00e4r inte att barnens r\u00e4tt till umg\u00e4nge med denne upph\u00f6r. Det kan d\u00e4remot givetvis inneb\u00e4ra att umg\u00e4nget till formen ser ut p\u00e5 annat vis \u00e4n \u201dvarannan helg\u201d, vilket kan vara vanligt om b\u00e5da f\u00f6r\u00e4ldrarna \u00e4r bosatta p\u00e5 samma ort. N\u00e4r det r\u00f6r sig om l\u00e4ngre avst\u00e5nd \u00e4r det inte ovanligt att umg\u00e4nge ut\u00f6vas genom exempelvis Skype, som komplettering till fysiskt umg\u00e4nge.<\/p>\n<p>N\u00e4r Du och barnens mor inte kan komma \u00f6verens i fr\u00e5gorna som r\u00f6r barnen kan Du v\u00e4cka talan mot henne vid tingsr\u00e4tten p\u00e5 den ort d\u00e4r barnen \u00e4r bosatta och beg\u00e4ra att tingsr\u00e4tten reglerar hur umg\u00e4nget mellan Dig och barnen skall g\u00e5 till. Domstolen kan ocks\u00e5, om n\u00e5gon av parterna yrkar p\u00e5 det, d\u00f6ma till enskild v\u00e5rdnad, \u00e4ndrad boendef\u00f6r\u00e4lder, eller att underh\u00e5llsbidrag skall utges.<\/p>\n<p>Du \u00e4r v\u00e4lkommen att kontakta v\u00e5rt kontor f\u00f6r att boka en tid f\u00f6r ett m\u00f6te och n\u00e4rmare diskutera m\u00f6jligheterna f\u00f6r Dig och barnen att forts\u00e4ttningsvis ha en god kontakt.<\/p>\n","protected":false},"excerpt":{"rendered":"<p>Hej! Jag har flyttat till Solkusten efter att jag nyligen skilt mig fr\u00e5n min svenska fru. Vi har varit gifta tillsammans i 12 \u00e5r och har tv\u00e5 barn som \u00e4r 5 och 11 \u00e5r gamla. Min f.d. fru vill inte prata med mig om barnen som \u00e4r kvar i Sverige hos henne. Nu har det [&hellip;]<\/p>\n","protected":false},"author":8,"featured_media":4527,"comment_status":"open","ping_status":"open","sticky":false,"template":"","format":"standard","meta":{"_et_pb_use_builder":"","_et_pb_old_content":"","_et_gb_content_width":"","footnotes":""},"categories":[396,4],"tags":[],"class_list":["post-4526","post","type-post","status-publish","format-standard","has-post-thumbnail","hentry","category-arkiv-artiklar","category-artiklar"],"yoast_head":"<!-- This site is optimized with the Yoast SEO Premium plugin v26.2 (Yoast SEO v27.4) - https:\/\/yoast.com\/product\/yoast-seo-premium-wordpress\/ -->\n<title>Advokatspalten: &quot;Hon hindrar mig fr\u00e5n all kontakt med barnen - vad kan jag g\u00f6ra?&quot; - Svenska Magasinet<\/title>\n<meta name=\"robots\" content=\"noindex, follow, max-snippet:-1, max-image-preview:large, max-video-preview:-1\" \/>\n<meta property=\"og:locale\" content=\"sv_SE\" \/>\n<meta property=\"og:type\" content=\"article\" \/>\n<meta property=\"og:title\" content=\"Advokatspalten: &quot;Hon hindrar mig fr\u00e5n all kontakt med barnen - vad kan jag g\u00f6ra?&quot;\" \/>\n<meta property=\"og:description\" content=\"Hej! Jag har flyttat till Solkusten efter att jag nyligen skilt mig fr\u00e5n min svenska fru. Vi har varit gifta tillsammans i 12 \u00e5r och har tv\u00e5 barn som \u00e4r 5 och 11 \u00e5r gamla. Min f.d. fru vill inte prata med mig om barnen som \u00e4r kvar i Sverige hos henne. Nu har det [&hellip;]\" \/>\n<meta property=\"og:url\" content=\"https:\/\/lightweb.dev\/l\/svm-temp\/artiklar\/advokatspalten-hon-hindrar-mig-fran-all-kontakt-med-barnen-vad-kan-jag-gora\/\" \/>\n<meta property=\"og:site_name\" content=\"Svenska Magasinet\" \/>\n<meta property=\"article:publisher\" content=\"https:\/\/www.facebook.com\/svenskamagasinet\" \/>\n<meta property=\"article:published_time\" content=\"2014-06-11T22:00:00+00:00\" \/>\n<meta property=\"og:image\" content=\"https:\/\/lightweb.dev\/l\/svm-temp\/wp-content\/uploads\/2022\/04\/advokatspalten-hon-hindrar-mig-frn-all-kontakt-med-barnen-vad-kan-jag-gra.png\" \/>\n\t<meta property=\"og:image:width\" content=\"280\" \/>\n\t<meta property=\"og:image:height\" content=\"396\" \/>\n\t<meta property=\"og:image:type\" content=\"image\/png\" \/>\n<meta name=\"author\" content=\"Redaktionen SvM\" \/>\n<meta name=\"twitter:card\" content=\"summary_large_image\" \/>\n<meta name=\"twitter:creator\" content=\"@SvenskaMagasine\" \/>\n<meta name=\"twitter:site\" content=\"@SvenskaMagasine\" \/>\n<script type=\"application\/ld+json\" class=\"yoast-schema-graph\">{\"@context\":\"https:\\\/\\\/schema.org\",\"@graph\":[{\"@type\":\"Article\",\"@id\":\"https:\\\/\\\/lightweb.dev\\\/l\\\/svm-temp\\\/artiklar\\\/advokatspalten-hon-hindrar-mig-fran-all-kontakt-med-barnen-vad-kan-jag-gora\\\/#article\",\"isPartOf\":{\"@id\":\"https:\\\/\\\/lightweb.dev\\\/l\\\/svm-temp\\\/artiklar\\\/advokatspalten-hon-hindrar-mig-fran-all-kontakt-med-barnen-vad-kan-jag-gora\\\/\"},\"author\":{\"name\":\"Redaktionen SvM\",\"@id\":\"https:\\\/\\\/lightweb.dev\\\/l\\\/svm-temp\\\/#\\\/schema\\\/person\\\/206a3bda5b607b0c25e1749191e4d837\"},\"headline\":\"Advokatspalten: &#8221;Hon hindrar mig fr\u00e5n all kontakt med barnen &#8211; vad kan jag g\u00f6ra?&#8221;\",\"datePublished\":\"2014-06-11T22:00:00+00:00\",\"mainEntityOfPage\":{\"@id\":\"https:\\\/\\\/lightweb.dev\\\/l\\\/svm-temp\\\/artiklar\\\/advokatspalten-hon-hindrar-mig-fran-all-kontakt-med-barnen-vad-kan-jag-gora\\\/\"},\"wordCount\":432,\"commentCount\":0,\"publisher\":{\"@id\":\"https:\\\/\\\/lightweb.dev\\\/l\\\/svm-temp\\\/#organization\"},\"image\":{\"@id\":\"https:\\\/\\\/lightweb.dev\\\/l\\\/svm-temp\\\/artiklar\\\/advokatspalten-hon-hindrar-mig-fran-all-kontakt-med-barnen-vad-kan-jag-gora\\\/#primaryimage\"},\"thumbnailUrl\":\"https:\\\/\\\/lightweb.dev\\\/l\\\/svm-temp\\\/wp-content\\\/uploads\\\/2022\\\/04\\\/advokatspalten-hon-hindrar-mig-frn-all-kontakt-med-barnen-vad-kan-jag-gra.png\",\"articleSection\":[\"Arkiv\",\"Artiklar\"],\"inLanguage\":\"sv-SE\"},{\"@type\":\"WebPage\",\"@id\":\"https:\\\/\\\/lightweb.dev\\\/l\\\/svm-temp\\\/artiklar\\\/advokatspalten-hon-hindrar-mig-fran-all-kontakt-med-barnen-vad-kan-jag-gora\\\/\",\"url\":\"https:\\\/\\\/lightweb.dev\\\/l\\\/svm-temp\\\/artiklar\\\/advokatspalten-hon-hindrar-mig-fran-all-kontakt-med-barnen-vad-kan-jag-gora\\\/\",\"name\":\"Advokatspalten: \\\"Hon hindrar mig fr\u00e5n all kontakt med barnen - vad kan jag g\u00f6ra?\\\" - Svenska Magasinet\",\"isPartOf\":{\"@id\":\"https:\\\/\\\/lightweb.dev\\\/l\\\/svm-temp\\\/#website\"},\"primaryImageOfPage\":{\"@id\":\"https:\\\/\\\/lightweb.dev\\\/l\\\/svm-temp\\\/artiklar\\\/advokatspalten-hon-hindrar-mig-fran-all-kontakt-med-barnen-vad-kan-jag-gora\\\/#primaryimage\"},\"image\":{\"@id\":\"https:\\\/\\\/lightweb.dev\\\/l\\\/svm-temp\\\/artiklar\\\/advokatspalten-hon-hindrar-mig-fran-all-kontakt-med-barnen-vad-kan-jag-gora\\\/#primaryimage\"},\"thumbnailUrl\":\"https:\\\/\\\/lightweb.dev\\\/l\\\/svm-temp\\\/wp-content\\\/uploads\\\/2022\\\/04\\\/advokatspalten-hon-hindrar-mig-frn-all-kontakt-med-barnen-vad-kan-jag-gra.png\",\"datePublished\":\"2014-06-11T22:00:00+00:00\",\"breadcrumb\":{\"@id\":\"https:\\\/\\\/lightweb.dev\\\/l\\\/svm-temp\\\/artiklar\\\/advokatspalten-hon-hindrar-mig-fran-all-kontakt-med-barnen-vad-kan-jag-gora\\\/#breadcrumb\"},\"inLanguage\":\"sv-SE\",\"potentialAction\":[{\"@type\":\"ReadAction\",\"target\":[\"https:\\\/\\\/lightweb.dev\\\/l\\\/svm-temp\\\/artiklar\\\/advokatspalten-hon-hindrar-mig-fran-all-kontakt-med-barnen-vad-kan-jag-gora\\\/\"]}]},{\"@type\":\"ImageObject\",\"inLanguage\":\"sv-SE\",\"@id\":\"https:\\\/\\\/lightweb.dev\\\/l\\\/svm-temp\\\/artiklar\\\/advokatspalten-hon-hindrar-mig-fran-all-kontakt-med-barnen-vad-kan-jag-gora\\\/#primaryimage\",\"url\":\"https:\\\/\\\/lightweb.dev\\\/l\\\/svm-temp\\\/wp-content\\\/uploads\\\/2022\\\/04\\\/advokatspalten-hon-hindrar-mig-frn-all-kontakt-med-barnen-vad-kan-jag-gra.png\",\"contentUrl\":\"https:\\\/\\\/lightweb.dev\\\/l\\\/svm-temp\\\/wp-content\\\/uploads\\\/2022\\\/04\\\/advokatspalten-hon-hindrar-mig-frn-all-kontakt-med-barnen-vad-kan-jag-gra.png\",\"width\":280,\"height\":396},{\"@type\":\"BreadcrumbList\",\"@id\":\"https:\\\/\\\/lightweb.dev\\\/l\\\/svm-temp\\\/artiklar\\\/advokatspalten-hon-hindrar-mig-fran-all-kontakt-med-barnen-vad-kan-jag-gora\\\/#breadcrumb\",\"itemListElement\":[{\"@type\":\"ListItem\",\"position\":1,\"name\":\"Hem\",\"item\":\"https:\\\/\\\/lightweb.dev\\\/l\\\/svm-temp\\\/\"},{\"@type\":\"ListItem\",\"position\":2,\"name\":\"Advokatspalten: &#8221;Hon hindrar mig fr\u00e5n all kontakt med barnen &#8211; vad kan jag g\u00f6ra?&#8221;\"}]},{\"@type\":\"WebSite\",\"@id\":\"https:\\\/\\\/lightweb.dev\\\/l\\\/svm-temp\\\/#website\",\"url\":\"https:\\\/\\\/lightweb.dev\\\/l\\\/svm-temp\\\/\",\"name\":\"Svenska Magasinet\",\"description\":\"Dina Spanska nyheter p&aring; Svenska\",\"publisher\":{\"@id\":\"https:\\\/\\\/lightweb.dev\\\/l\\\/svm-temp\\\/#organization\"},\"potentialAction\":[{\"@type\":\"SearchAction\",\"target\":{\"@type\":\"EntryPoint\",\"urlTemplate\":\"https:\\\/\\\/lightweb.dev\\\/l\\\/svm-temp\\\/?s={search_term_string}\"},\"query-input\":{\"@type\":\"PropertyValueSpecification\",\"valueRequired\":true,\"valueName\":\"search_term_string\"}}],\"inLanguage\":\"sv-SE\"},{\"@type\":\"Organization\",\"@id\":\"https:\\\/\\\/lightweb.dev\\\/l\\\/svm-temp\\\/#organization\",\"name\":\"Melkerson y Nott SL\",\"alternateName\":\"Svenska Magasinet\",\"url\":\"https:\\\/\\\/lightweb.dev\\\/l\\\/svm-temp\\\/\",\"logo\":{\"@type\":\"ImageObject\",\"inLanguage\":\"sv-SE\",\"@id\":\"https:\\\/\\\/lightweb.dev\\\/l\\\/svm-temp\\\/#\\\/schema\\\/logo\\\/image\\\/\",\"url\":\"https:\\\/\\\/lightweb.dev\\\/l\\\/svm-temp\\\/wp-content\\\/uploads\\\/2025\\\/02\\\/SvM-logo-Xtra-Centrerad-SVART.png\",\"contentUrl\":\"https:\\\/\\\/lightweb.dev\\\/l\\\/svm-temp\\\/wp-content\\\/uploads\\\/2025\\\/02\\\/SvM-logo-Xtra-Centrerad-SVART.png\",\"width\":300,\"height\":99,\"caption\":\"Melkerson y Nott SL\"},\"image\":{\"@id\":\"https:\\\/\\\/lightweb.dev\\\/l\\\/svm-temp\\\/#\\\/schema\\\/logo\\\/image\\\/\"},\"sameAs\":[\"https:\\\/\\\/www.facebook.com\\\/svenskamagasinet\",\"https:\\\/\\\/x.com\\\/SvenskaMagasine\"]},{\"@type\":\"Person\",\"@id\":\"https:\\\/\\\/lightweb.dev\\\/l\\\/svm-temp\\\/#\\\/schema\\\/person\\\/206a3bda5b607b0c25e1749191e4d837\",\"name\":\"Redaktionen SvM\",\"description\":\"Redaktionen\",\"sameAs\":[\"https:\\\/\\\/lightweb.dev\\\/l\\\/svm-temp\"],\"url\":\"https:\\\/\\\/lightweb.dev\\\/l\\\/svm-temp\\\/reporter\\\/redaktionen\\\/\"}]}<\/script>\n<!-- \/ Yoast SEO Premium plugin. -->","yoast_head_json":{"title":"Advokatspalten: \"Hon hindrar mig fr\u00e5n all kontakt med barnen - vad kan jag g\u00f6ra?\" - Svenska Magasinet","robots":{"index":"noindex","follow":"follow","max-snippet":"max-snippet:-1","max-image-preview":"max-image-preview:large","max-video-preview":"max-video-preview:-1"},"og_locale":"sv_SE","og_type":"article","og_title":"Advokatspalten: \"Hon hindrar mig fr\u00e5n all kontakt med barnen - vad kan jag g\u00f6ra?\"","og_description":"Hej! Jag har flyttat till Solkusten efter att jag nyligen skilt mig fr\u00e5n min svenska fru. Vi har varit gifta tillsammans i 12 \u00e5r och har tv\u00e5 barn som \u00e4r 5 och 11 \u00e5r gamla. Min f.d. fru vill inte prata med mig om barnen som \u00e4r kvar i Sverige hos henne. Nu har det [&hellip;]","og_url":"https:\/\/lightweb.dev\/l\/svm-temp\/artiklar\/advokatspalten-hon-hindrar-mig-fran-all-kontakt-med-barnen-vad-kan-jag-gora\/","og_site_name":"Svenska Magasinet","article_publisher":"https:\/\/www.facebook.com\/svenskamagasinet","article_published_time":"2014-06-11T22:00:00+00:00","og_image":[{"width":280,"height":396,"url":"https:\/\/lightweb.dev\/l\/svm-temp\/wp-content\/uploads\/2022\/04\/advokatspalten-hon-hindrar-mig-frn-all-kontakt-med-barnen-vad-kan-jag-gra.png","type":"image\/png"}],"author":"Redaktionen SvM","twitter_card":"summary_large_image","twitter_creator":"@SvenskaMagasine","twitter_site":"@SvenskaMagasine","schema":{"@context":"https:\/\/schema.org","@graph":[{"@type":"Article","@id":"https:\/\/lightweb.dev\/l\/svm-temp\/artiklar\/advokatspalten-hon-hindrar-mig-fran-all-kontakt-med-barnen-vad-kan-jag-gora\/#article","isPartOf":{"@id":"https:\/\/lightweb.dev\/l\/svm-temp\/artiklar\/advokatspalten-hon-hindrar-mig-fran-all-kontakt-med-barnen-vad-kan-jag-gora\/"},"author":{"name":"Redaktionen SvM","@id":"https:\/\/lightweb.dev\/l\/svm-temp\/#\/schema\/person\/206a3bda5b607b0c25e1749191e4d837"},"headline":"Advokatspalten: &#8221;Hon hindrar mig fr\u00e5n all kontakt med barnen &#8211; vad kan jag g\u00f6ra?&#8221;","datePublished":"2014-06-11T22:00:00+00:00","mainEntityOfPage":{"@id":"https:\/\/lightweb.dev\/l\/svm-temp\/artiklar\/advokatspalten-hon-hindrar-mig-fran-all-kontakt-med-barnen-vad-kan-jag-gora\/"},"wordCount":432,"commentCount":0,"publisher":{"@id":"https:\/\/lightweb.dev\/l\/svm-temp\/#organization"},"image":{"@id":"https:\/\/lightweb.dev\/l\/svm-temp\/artiklar\/advokatspalten-hon-hindrar-mig-fran-all-kontakt-med-barnen-vad-kan-jag-gora\/#primaryimage"},"thumbnailUrl":"https:\/\/lightweb.dev\/l\/svm-temp\/wp-content\/uploads\/2022\/04\/advokatspalten-hon-hindrar-mig-frn-all-kontakt-med-barnen-vad-kan-jag-gra.png","articleSection":["Arkiv","Artiklar"],"inLanguage":"sv-SE"},{"@type":"WebPage","@id":"https:\/\/lightweb.dev\/l\/svm-temp\/artiklar\/advokatspalten-hon-hindrar-mig-fran-all-kontakt-med-barnen-vad-kan-jag-gora\/","url":"https:\/\/lightweb.dev\/l\/svm-temp\/artiklar\/advokatspalten-hon-hindrar-mig-fran-all-kontakt-med-barnen-vad-kan-jag-gora\/","name":"Advokatspalten: \"Hon hindrar mig fr\u00e5n all kontakt med barnen - vad kan jag g\u00f6ra?\" - Svenska Magasinet","isPartOf":{"@id":"https:\/\/lightweb.dev\/l\/svm-temp\/#website"},"primaryImageOfPage":{"@id":"https:\/\/lightweb.dev\/l\/svm-temp\/artiklar\/advokatspalten-hon-hindrar-mig-fran-all-kontakt-med-barnen-vad-kan-jag-gora\/#primaryimage"},"image":{"@id":"https:\/\/lightweb.dev\/l\/svm-temp\/artiklar\/advokatspalten-hon-hindrar-mig-fran-all-kontakt-med-barnen-vad-kan-jag-gora\/#primaryimage"},"thumbnailUrl":"https:\/\/lightweb.dev\/l\/svm-temp\/wp-content\/uploads\/2022\/04\/advokatspalten-hon-hindrar-mig-frn-all-kontakt-med-barnen-vad-kan-jag-gra.png","datePublished":"2014-06-11T22:00:00+00:00","breadcrumb":{"@id":"https:\/\/lightweb.dev\/l\/svm-temp\/artiklar\/advokatspalten-hon-hindrar-mig-fran-all-kontakt-med-barnen-vad-kan-jag-gora\/#breadcrumb"},"inLanguage":"sv-SE","potentialAction":[{"@type":"ReadAction","target":["https:\/\/lightweb.dev\/l\/svm-temp\/artiklar\/advokatspalten-hon-hindrar-mig-fran-all-kontakt-med-barnen-vad-kan-jag-gora\/"]}]},{"@type":"ImageObject","inLanguage":"sv-SE","@id":"https:\/\/lightweb.dev\/l\/svm-temp\/artiklar\/advokatspalten-hon-hindrar-mig-fran-all-kontakt-med-barnen-vad-kan-jag-gora\/#primaryimage","url":"https:\/\/lightweb.dev\/l\/svm-temp\/wp-content\/uploads\/2022\/04\/advokatspalten-hon-hindrar-mig-frn-all-kontakt-med-barnen-vad-kan-jag-gra.png","contentUrl":"https:\/\/lightweb.dev\/l\/svm-temp\/wp-content\/uploads\/2022\/04\/advokatspalten-hon-hindrar-mig-frn-all-kontakt-med-barnen-vad-kan-jag-gra.png","width":280,"height":396},{"@type":"BreadcrumbList","@id":"https:\/\/lightweb.dev\/l\/svm-temp\/artiklar\/advokatspalten-hon-hindrar-mig-fran-all-kontakt-med-barnen-vad-kan-jag-gora\/#breadcrumb","itemListElement":[{"@type":"ListItem","position":1,"name":"Hem","item":"https:\/\/lightweb.dev\/l\/svm-temp\/"},{"@type":"ListItem","position":2,"name":"Advokatspalten: &#8221;Hon hindrar mig fr\u00e5n all kontakt med barnen &#8211; vad kan jag g\u00f6ra?&#8221;"}]},{"@type":"WebSite","@id":"https:\/\/lightweb.dev\/l\/svm-temp\/#website","url":"https:\/\/lightweb.dev\/l\/svm-temp\/","name":"Svenska Magasinet","description":"Dina Spanska nyheter p&aring; Svenska","publisher":{"@id":"https:\/\/lightweb.dev\/l\/svm-temp\/#organization"},"potentialAction":[{"@type":"SearchAction","target":{"@type":"EntryPoint","urlTemplate":"https:\/\/lightweb.dev\/l\/svm-temp\/?s={search_term_string}"},"query-input":{"@type":"PropertyValueSpecification","valueRequired":true,"valueName":"search_term_string"}}],"inLanguage":"sv-SE"},{"@type":"Organization","@id":"https:\/\/lightweb.dev\/l\/svm-temp\/#organization","name":"Melkerson y Nott SL","alternateName":"Svenska Magasinet","url":"https:\/\/lightweb.dev\/l\/svm-temp\/","logo":{"@type":"ImageObject","inLanguage":"sv-SE","@id":"https:\/\/lightweb.dev\/l\/svm-temp\/#\/schema\/logo\/image\/","url":"https:\/\/lightweb.dev\/l\/svm-temp\/wp-content\/uploads\/2025\/02\/SvM-logo-Xtra-Centrerad-SVART.png","contentUrl":"https:\/\/lightweb.dev\/l\/svm-temp\/wp-content\/uploads\/2025\/02\/SvM-logo-Xtra-Centrerad-SVART.png","width":300,"height":99,"caption":"Melkerson y Nott SL"},"image":{"@id":"https:\/\/lightweb.dev\/l\/svm-temp\/#\/schema\/logo\/image\/"},"sameAs":["https:\/\/www.facebook.com\/svenskamagasinet","https:\/\/x.com\/SvenskaMagasine"]},{"@type":"Person","@id":"https:\/\/lightweb.dev\/l\/svm-temp\/#\/schema\/person\/206a3bda5b607b0c25e1749191e4d837","name":"Redaktionen SvM","description":"Redaktionen","sameAs":["https:\/\/lightweb.dev\/l\/svm-temp"],"url":"https:\/\/lightweb.dev\/l\/svm-temp\/reporter\/redaktionen\/"}]}},"_links":{"self":[{"href":"https:\/\/lightweb.dev\/l\/svm-temp\/wp-json\/wp\/v2\/posts\/4526","targetHints":{"allow":["GET"]}}],"collection":[{"href":"https:\/\/lightweb.dev\/l\/svm-temp\/wp-json\/wp\/v2\/posts"}],"about":[{"href":"https:\/\/lightweb.dev\/l\/svm-temp\/wp-json\/wp\/v2\/types\/post"}],"author":[{"embeddable":true,"href":"https:\/\/lightweb.dev\/l\/svm-temp\/wp-json\/wp\/v2\/users\/8"}],"replies":[{"embeddable":true,"href":"https:\/\/lightweb.dev\/l\/svm-temp\/wp-json\/wp\/v2\/comments?post=4526"}],"version-history":[{"count":0,"href":"https:\/\/lightweb.dev\/l\/svm-temp\/wp-json\/wp\/v2\/posts\/4526\/revisions"}],"wp:featuredmedia":[{"embeddable":true,"href":"https:\/\/lightweb.dev\/l\/svm-temp\/wp-json\/wp\/v2\/media\/4527"}],"wp:attachment":[{"href":"https:\/\/lightweb.dev\/l\/svm-temp\/wp-json\/wp\/v2\/media?parent=4526"}],"wp:term":[{"taxonomy":"category","embeddable":true,"href":"https:\/\/lightweb.dev\/l\/svm-temp\/wp-json\/wp\/v2\/categories?post=4526"},{"taxonomy":"post_tag","embeddable":true,"href":"https:\/\/lightweb.dev\/l\/svm-temp\/wp-json\/wp\/v2\/tags?post=4526"}],"curies":[{"name":"wp","href":"https:\/\/api.w.org\/{rel}","templated":true}]}}