{"id":4528,"date":"2014-06-12T00:00:00","date_gmt":"2014-06-11T22:00:00","guid":{"rendered":"https:\/\/lightweb.dev\/l\/svm-temp\/hans-g-den-gemensamma-namnaren-som-inte-finns\/"},"modified":"2014-06-12T00:00:00","modified_gmt":"2014-06-11T22:00:00","slug":"hans-g-den-gemensamma-namnaren-som-inte-finns","status":"publish","type":"post","link":"https:\/\/lightweb.dev\/l\/svm-temp\/artiklar\/hans-g-den-gemensamma-namnaren-som-inte-finns\/","title":{"rendered":"Hans G: Den gemensamma n\u00e4mnaren som inte finns"},"content":{"rendered":"<p> Det moraliska tr\u00e4sk som PP och PSOE lett Spanien in i kommer med all s\u00e4kerhet att s\u00e4tta sin sp\u00e5r f\u00f6r l\u00e5ng tidfram\u00e5t. Situationen, som den \u00e4r idag, beror givetvis p\u00e5 att tv\u00e5 politiska partier i princip har haft monopol p\u00e5 makten alltsedan det f\u00f6rsta valet. Av Hans G<\/p>\n<p>Alla har en dr\u00f6s skelett i garderoben och d\u00e4rf\u00f6r ingen st\u00f6rre ambition att rensa rent. Att o\u00e4rliga och skrupelfria politiker har skapat en gangsterkultur d\u00e4r fiffel och b\u00e5g har blivit livsluft blir inte l\u00e4tt att r\u00e5da bot p\u00e5. S\u00e5 v\u00e4lkomna Podemos.<\/p>\n<p>Nu n\u00e4r jag \u00e4nd\u00e5 \u00e4r ig\u00e5ng och gn\u00f6lar tar vi en sv\u00e4ngom med byr\u00e5kratin ocks\u00e5. D\u00e4r \u00e4r det kommunerna som \u00e4r d\u00f6-k\u00f6ttet. Oavsett vad som beslutas p\u00e5 riks-och regionniv\u00e5 s\u00e5 \u00e4r det i sista \u00e4nden kommunerna det h\u00e4nger p\u00e5. Och d\u00e4r h\u00e4rskar byr\u00e5kratin. All byr\u00e5krati \u00e4r givetvis rigid. Det ligger i sakens natur. Man r\u00e4ttar in sig i ledet, g\u00f6r man ett avsteg fr\u00e5n det best\u00e4mda, till exempel tar ett eget initiativ, s\u00e5 kollapsar hela systemet.<\/p>\n<p>Byr\u00e5krater \u00e4r mer eller mindre desamma var man \u00e4n hamnar i v\u00e4rlden. Det viktigaste f\u00f6r dem \u00e4r att inte anpassa sig till verkligheten och att inte g\u00f6ra mer \u00e4n vad som absolut kr\u00e4vs. Om kartan inte st\u00e4mmer med verkligheten s\u00e5 \u00e4r det kartan som g\u00e4ller. S\u00e5 det s\u00e5.<\/p>\n<p>MIN sambo, Annika, har i m\u00e5nga \u00e5r arbetat med att bygga om, bygga till och renovera hus och l\u00e4genheter. Det inneb\u00e4r att hon s\u00f6kt bygglov i ett antal kommuner p\u00e5 Costa del Sol. Den gemensamma n\u00e4mnaren \u00e4r att det inte finns n\u00e5got gemensamt.Alla kommuner har olika system, olika blanketter och olika avgifter. Att man skulle f\u00f6rs\u00f6ka samordna, trots att man ligger s\u00e5 t\u00e4tt att man kan kasta sten p\u00e5 varandra, \u00e4r inte att t\u00e4nka p\u00e5.<\/p>\n<p>Om man mot f\u00f6rmodan skulle lyckas med ett samordningsprojekt blir resultatet bara s\u00e4mre \u00e4n vad det var. Endesa, elbolaget, \u00e4r tvekl\u00f6st det f\u00f6retag som ligger i topp p\u00e5 oduglig-listan. Var de anst\u00e4llda kommer ifr\u00e5n \u00e4r sv\u00e5rt att s\u00e4ga. Ett anst\u00e4llningskriterium \u00e4r definitivt d\u00f6v-stumhet och en framskriden senilitet. Att f\u00e5 ett besked fr\u00e5n dem i n\u00e5got som helst sammanhang \u00e4r lika givande som att tro p\u00e5 tomtar och troll.<\/p>\n<p>Men nu har Endesa b\u00f6rjat f\u00e5 konkurrens. Jag trodde aldrig att man skulle f\u00e5 uppleva den dagen. Att Endesas inkompetens och obefintliga kundservice skulle kunna matchas av n\u00e5gon annan f\u00f6reteelse. Vi skriver ju trots allt 2014 och v\u00e5ra trofasta politiker har lovat, p\u00e5 heder och samvete, att de skall f\u00f6renkla livet f\u00f6r oss vanliga medborgare. Men nu har motsatsen h\u00e4nt.<\/p>\n<p>EN del kommuner p\u00e5 kusten har kommit p\u00e5 den briljanta id\u00e9n att man skulle kunna spara pengar om man bildade ett gemensamt f\u00f6retag som skulle syssla med uppgiften att se till att vattenf\u00f6rs\u00f6rjningen fungerar. Och givetvis skicka fakturor. Namnet \u00e4r Acosol och det \u00e4r en riktig k\u00f6kkenm\u00f6dding. Har man hamnat i det tr\u00e4sket, och det \u00e4r man \u00e4n s\u00e5 l\u00e4nge tvungen till, n\u00e5got alternativ finns inte, s\u00e5 \u00e4r det inte l\u00e4tt att kravla sig upp till ytan. Ett litet exempel. H\u00e4rom dagen var Sambon inne p\u00e5 banken f\u00f6r att betala sex olika fakturor f\u00f6r en klient.<\/p>\n<p>Hon fick bara betala tv\u00e5!<\/p>\n<p>Nej, det \u00e4r inget april-sk\u00e4mt. Sk\u00e4let var att fyra fakturor var ett par dagar f\u00f6r gamla. S\u00e5 det vara bara att dra sig tillbaka och p\u00e5b\u00f6rja den m\u00f6dosamma uppgiften att f\u00e5 nya fakturor fr\u00e5n Acosol. Bortsett fr\u00e5n f\u00f6retag i de gamla \u00f6st-staterna, som ju inte kunde g\u00e5 vare sig med vinst eller f\u00f6rlust, s\u00e5 har det f\u00f6r f\u00f6rsta g\u00e5ngen i v\u00e4rldshistorien dykt upp ett f\u00f6retag som inte \u00e4r glada f\u00f6r att f\u00e5 betalt, oavsett om fakturan \u00e4r b\u00e4st-f\u00f6re eller inte. Jag s\u00e4ger d\u00e5 det, outgrundliga \u00e4ro Herrans v\u00e4gar och \u00e4n outgrundligare \u00e4r det i v\u00e5rt k\u00e4ra Spanien.<\/p>\n<p>PS.<br \/>\nGrattis till Felipe f\u00f6rresten. Det skall v\u00e4l bli lattjo-lajbans att leka kung.<\/p>\n<p>Saludos amigas\/os<br \/>\nM\u00e5 v\u00e4l och ta hand om er.<\/p>\n","protected":false},"excerpt":{"rendered":"<p>Det moraliska tr\u00e4sk som PP och PSOE lett Spanien in i kommer med all s\u00e4kerhet att s\u00e4tta sin sp\u00e5r f\u00f6r l\u00e5ng tidfram\u00e5t. Situationen, som den \u00e4r idag, beror givetvis p\u00e5 att tv\u00e5 politiska partier i princip har haft monopol p\u00e5 makten alltsedan det f\u00f6rsta valet. Av Hans G Alla har en dr\u00f6s skelett i garderoben [&hellip;]<\/p>\n","protected":false},"author":8,"featured_media":4529,"comment_status":"open","ping_status":"open","sticky":false,"template":"","format":"standard","meta":{"_et_pb_use_builder":"","_et_pb_old_content":"","_et_gb_content_width":"","footnotes":""},"categories":[396,4],"tags":[],"class_list":["post-4528","post","type-post","status-publish","format-standard","has-post-thumbnail","hentry","category-arkiv-artiklar","category-artiklar"],"yoast_head":"<!-- This site is optimized with the Yoast SEO Premium plugin v26.2 (Yoast SEO v27.4) - https:\/\/yoast.com\/product\/yoast-seo-premium-wordpress\/ -->\n<title>Hans G: Den gemensamma n\u00e4mnaren som inte finns - Svenska Magasinet<\/title>\n<meta name=\"robots\" content=\"noindex, follow, max-snippet:-1, max-image-preview:large, max-video-preview:-1\" \/>\n<meta property=\"og:locale\" content=\"sv_SE\" \/>\n<meta property=\"og:type\" content=\"article\" \/>\n<meta property=\"og:title\" content=\"Hans G: Den gemensamma n\u00e4mnaren som inte finns\" \/>\n<meta property=\"og:description\" content=\"Det moraliska tr\u00e4sk som PP och PSOE lett Spanien in i kommer med all s\u00e4kerhet att s\u00e4tta sin sp\u00e5r f\u00f6r l\u00e5ng tidfram\u00e5t. Situationen, som den \u00e4r idag, beror givetvis p\u00e5 att tv\u00e5 politiska partier i princip har haft monopol p\u00e5 makten alltsedan det f\u00f6rsta valet. Av Hans G Alla har en dr\u00f6s skelett i garderoben [&hellip;]\" \/>\n<meta property=\"og:url\" content=\"https:\/\/lightweb.dev\/l\/svm-temp\/artiklar\/hans-g-den-gemensamma-namnaren-som-inte-finns\/\" \/>\n<meta property=\"og:site_name\" content=\"Svenska Magasinet\" \/>\n<meta property=\"article:publisher\" content=\"https:\/\/www.facebook.com\/svenskamagasinet\" \/>\n<meta property=\"article:published_time\" content=\"2014-06-11T22:00:00+00:00\" \/>\n<meta property=\"og:image\" content=\"https:\/\/lightweb.dev\/l\/svm-temp\/wp-content\/uploads\/2022\/04\/hans-g-den-gemensamma-nmnaren-som-inte-finns.png\" \/>\n\t<meta property=\"og:image:width\" content=\"280\" \/>\n\t<meta property=\"og:image:height\" content=\"498\" \/>\n\t<meta property=\"og:image:type\" content=\"image\/png\" \/>\n<meta name=\"author\" content=\"Redaktionen SvM\" \/>\n<meta name=\"twitter:card\" content=\"summary_large_image\" \/>\n<meta name=\"twitter:creator\" content=\"@SvenskaMagasine\" \/>\n<meta name=\"twitter:site\" content=\"@SvenskaMagasine\" \/>\n<script type=\"application\/ld+json\" class=\"yoast-schema-graph\">{\"@context\":\"https:\\\/\\\/schema.org\",\"@graph\":[{\"@type\":\"Article\",\"@id\":\"https:\\\/\\\/lightweb.dev\\\/l\\\/svm-temp\\\/artiklar\\\/hans-g-den-gemensamma-namnaren-som-inte-finns\\\/#article\",\"isPartOf\":{\"@id\":\"https:\\\/\\\/lightweb.dev\\\/l\\\/svm-temp\\\/artiklar\\\/hans-g-den-gemensamma-namnaren-som-inte-finns\\\/\"},\"author\":{\"name\":\"Redaktionen SvM\",\"@id\":\"https:\\\/\\\/lightweb.dev\\\/l\\\/svm-temp\\\/#\\\/schema\\\/person\\\/206a3bda5b607b0c25e1749191e4d837\"},\"headline\":\"Hans G: Den gemensamma n\u00e4mnaren som inte finns\",\"datePublished\":\"2014-06-11T22:00:00+00:00\",\"mainEntityOfPage\":{\"@id\":\"https:\\\/\\\/lightweb.dev\\\/l\\\/svm-temp\\\/artiklar\\\/hans-g-den-gemensamma-namnaren-som-inte-finns\\\/\"},\"wordCount\":755,\"commentCount\":0,\"publisher\":{\"@id\":\"https:\\\/\\\/lightweb.dev\\\/l\\\/svm-temp\\\/#organization\"},\"image\":{\"@id\":\"https:\\\/\\\/lightweb.dev\\\/l\\\/svm-temp\\\/artiklar\\\/hans-g-den-gemensamma-namnaren-som-inte-finns\\\/#primaryimage\"},\"thumbnailUrl\":\"https:\\\/\\\/lightweb.dev\\\/l\\\/svm-temp\\\/wp-content\\\/uploads\\\/2022\\\/04\\\/hans-g-den-gemensamma-nmnaren-som-inte-finns.png\",\"articleSection\":[\"Arkiv\",\"Artiklar\"],\"inLanguage\":\"sv-SE\"},{\"@type\":\"WebPage\",\"@id\":\"https:\\\/\\\/lightweb.dev\\\/l\\\/svm-temp\\\/artiklar\\\/hans-g-den-gemensamma-namnaren-som-inte-finns\\\/\",\"url\":\"https:\\\/\\\/lightweb.dev\\\/l\\\/svm-temp\\\/artiklar\\\/hans-g-den-gemensamma-namnaren-som-inte-finns\\\/\",\"name\":\"Hans G: Den gemensamma n\u00e4mnaren som inte finns - Svenska Magasinet\",\"isPartOf\":{\"@id\":\"https:\\\/\\\/lightweb.dev\\\/l\\\/svm-temp\\\/#website\"},\"primaryImageOfPage\":{\"@id\":\"https:\\\/\\\/lightweb.dev\\\/l\\\/svm-temp\\\/artiklar\\\/hans-g-den-gemensamma-namnaren-som-inte-finns\\\/#primaryimage\"},\"image\":{\"@id\":\"https:\\\/\\\/lightweb.dev\\\/l\\\/svm-temp\\\/artiklar\\\/hans-g-den-gemensamma-namnaren-som-inte-finns\\\/#primaryimage\"},\"thumbnailUrl\":\"https:\\\/\\\/lightweb.dev\\\/l\\\/svm-temp\\\/wp-content\\\/uploads\\\/2022\\\/04\\\/hans-g-den-gemensamma-nmnaren-som-inte-finns.png\",\"datePublished\":\"2014-06-11T22:00:00+00:00\",\"breadcrumb\":{\"@id\":\"https:\\\/\\\/lightweb.dev\\\/l\\\/svm-temp\\\/artiklar\\\/hans-g-den-gemensamma-namnaren-som-inte-finns\\\/#breadcrumb\"},\"inLanguage\":\"sv-SE\",\"potentialAction\":[{\"@type\":\"ReadAction\",\"target\":[\"https:\\\/\\\/lightweb.dev\\\/l\\\/svm-temp\\\/artiklar\\\/hans-g-den-gemensamma-namnaren-som-inte-finns\\\/\"]}]},{\"@type\":\"ImageObject\",\"inLanguage\":\"sv-SE\",\"@id\":\"https:\\\/\\\/lightweb.dev\\\/l\\\/svm-temp\\\/artiklar\\\/hans-g-den-gemensamma-namnaren-som-inte-finns\\\/#primaryimage\",\"url\":\"https:\\\/\\\/lightweb.dev\\\/l\\\/svm-temp\\\/wp-content\\\/uploads\\\/2022\\\/04\\\/hans-g-den-gemensamma-nmnaren-som-inte-finns.png\",\"contentUrl\":\"https:\\\/\\\/lightweb.dev\\\/l\\\/svm-temp\\\/wp-content\\\/uploads\\\/2022\\\/04\\\/hans-g-den-gemensamma-nmnaren-som-inte-finns.png\",\"width\":280,\"height\":498},{\"@type\":\"BreadcrumbList\",\"@id\":\"https:\\\/\\\/lightweb.dev\\\/l\\\/svm-temp\\\/artiklar\\\/hans-g-den-gemensamma-namnaren-som-inte-finns\\\/#breadcrumb\",\"itemListElement\":[{\"@type\":\"ListItem\",\"position\":1,\"name\":\"Hem\",\"item\":\"https:\\\/\\\/lightweb.dev\\\/l\\\/svm-temp\\\/\"},{\"@type\":\"ListItem\",\"position\":2,\"name\":\"Hans G: Den gemensamma n\u00e4mnaren som inte finns\"}]},{\"@type\":\"WebSite\",\"@id\":\"https:\\\/\\\/lightweb.dev\\\/l\\\/svm-temp\\\/#website\",\"url\":\"https:\\\/\\\/lightweb.dev\\\/l\\\/svm-temp\\\/\",\"name\":\"Svenska Magasinet\",\"description\":\"Dina Spanska nyheter p&aring; Svenska\",\"publisher\":{\"@id\":\"https:\\\/\\\/lightweb.dev\\\/l\\\/svm-temp\\\/#organization\"},\"potentialAction\":[{\"@type\":\"SearchAction\",\"target\":{\"@type\":\"EntryPoint\",\"urlTemplate\":\"https:\\\/\\\/lightweb.dev\\\/l\\\/svm-temp\\\/?s={search_term_string}\"},\"query-input\":{\"@type\":\"PropertyValueSpecification\",\"valueRequired\":true,\"valueName\":\"search_term_string\"}}],\"inLanguage\":\"sv-SE\"},{\"@type\":\"Organization\",\"@id\":\"https:\\\/\\\/lightweb.dev\\\/l\\\/svm-temp\\\/#organization\",\"name\":\"Melkerson y Nott SL\",\"alternateName\":\"Svenska Magasinet\",\"url\":\"https:\\\/\\\/lightweb.dev\\\/l\\\/svm-temp\\\/\",\"logo\":{\"@type\":\"ImageObject\",\"inLanguage\":\"sv-SE\",\"@id\":\"https:\\\/\\\/lightweb.dev\\\/l\\\/svm-temp\\\/#\\\/schema\\\/logo\\\/image\\\/\",\"url\":\"https:\\\/\\\/lightweb.dev\\\/l\\\/svm-temp\\\/wp-content\\\/uploads\\\/2025\\\/02\\\/SvM-logo-Xtra-Centrerad-SVART.png\",\"contentUrl\":\"https:\\\/\\\/lightweb.dev\\\/l\\\/svm-temp\\\/wp-content\\\/uploads\\\/2025\\\/02\\\/SvM-logo-Xtra-Centrerad-SVART.png\",\"width\":300,\"height\":99,\"caption\":\"Melkerson y Nott SL\"},\"image\":{\"@id\":\"https:\\\/\\\/lightweb.dev\\\/l\\\/svm-temp\\\/#\\\/schema\\\/logo\\\/image\\\/\"},\"sameAs\":[\"https:\\\/\\\/www.facebook.com\\\/svenskamagasinet\",\"https:\\\/\\\/x.com\\\/SvenskaMagasine\"]},{\"@type\":\"Person\",\"@id\":\"https:\\\/\\\/lightweb.dev\\\/l\\\/svm-temp\\\/#\\\/schema\\\/person\\\/206a3bda5b607b0c25e1749191e4d837\",\"name\":\"Redaktionen SvM\",\"description\":\"Redaktionen\",\"sameAs\":[\"https:\\\/\\\/lightweb.dev\\\/l\\\/svm-temp\"],\"url\":\"https:\\\/\\\/lightweb.dev\\\/l\\\/svm-temp\\\/reporter\\\/redaktionen\\\/\"}]}<\/script>\n<!-- \/ Yoast SEO Premium plugin. -->","yoast_head_json":{"title":"Hans G: Den gemensamma n\u00e4mnaren som inte finns - Svenska Magasinet","robots":{"index":"noindex","follow":"follow","max-snippet":"max-snippet:-1","max-image-preview":"max-image-preview:large","max-video-preview":"max-video-preview:-1"},"og_locale":"sv_SE","og_type":"article","og_title":"Hans G: Den gemensamma n\u00e4mnaren som inte finns","og_description":"Det moraliska tr\u00e4sk som PP och PSOE lett Spanien in i kommer med all s\u00e4kerhet att s\u00e4tta sin sp\u00e5r f\u00f6r l\u00e5ng tidfram\u00e5t. Situationen, som den \u00e4r idag, beror givetvis p\u00e5 att tv\u00e5 politiska partier i princip har haft monopol p\u00e5 makten alltsedan det f\u00f6rsta valet. Av Hans G Alla har en dr\u00f6s skelett i garderoben [&hellip;]","og_url":"https:\/\/lightweb.dev\/l\/svm-temp\/artiklar\/hans-g-den-gemensamma-namnaren-som-inte-finns\/","og_site_name":"Svenska Magasinet","article_publisher":"https:\/\/www.facebook.com\/svenskamagasinet","article_published_time":"2014-06-11T22:00:00+00:00","og_image":[{"width":280,"height":498,"url":"https:\/\/lightweb.dev\/l\/svm-temp\/wp-content\/uploads\/2022\/04\/hans-g-den-gemensamma-nmnaren-som-inte-finns.png","type":"image\/png"}],"author":"Redaktionen SvM","twitter_card":"summary_large_image","twitter_creator":"@SvenskaMagasine","twitter_site":"@SvenskaMagasine","schema":{"@context":"https:\/\/schema.org","@graph":[{"@type":"Article","@id":"https:\/\/lightweb.dev\/l\/svm-temp\/artiklar\/hans-g-den-gemensamma-namnaren-som-inte-finns\/#article","isPartOf":{"@id":"https:\/\/lightweb.dev\/l\/svm-temp\/artiklar\/hans-g-den-gemensamma-namnaren-som-inte-finns\/"},"author":{"name":"Redaktionen SvM","@id":"https:\/\/lightweb.dev\/l\/svm-temp\/#\/schema\/person\/206a3bda5b607b0c25e1749191e4d837"},"headline":"Hans G: Den gemensamma n\u00e4mnaren som inte finns","datePublished":"2014-06-11T22:00:00+00:00","mainEntityOfPage":{"@id":"https:\/\/lightweb.dev\/l\/svm-temp\/artiklar\/hans-g-den-gemensamma-namnaren-som-inte-finns\/"},"wordCount":755,"commentCount":0,"publisher":{"@id":"https:\/\/lightweb.dev\/l\/svm-temp\/#organization"},"image":{"@id":"https:\/\/lightweb.dev\/l\/svm-temp\/artiklar\/hans-g-den-gemensamma-namnaren-som-inte-finns\/#primaryimage"},"thumbnailUrl":"https:\/\/lightweb.dev\/l\/svm-temp\/wp-content\/uploads\/2022\/04\/hans-g-den-gemensamma-nmnaren-som-inte-finns.png","articleSection":["Arkiv","Artiklar"],"inLanguage":"sv-SE"},{"@type":"WebPage","@id":"https:\/\/lightweb.dev\/l\/svm-temp\/artiklar\/hans-g-den-gemensamma-namnaren-som-inte-finns\/","url":"https:\/\/lightweb.dev\/l\/svm-temp\/artiklar\/hans-g-den-gemensamma-namnaren-som-inte-finns\/","name":"Hans G: Den gemensamma n\u00e4mnaren som inte finns - Svenska Magasinet","isPartOf":{"@id":"https:\/\/lightweb.dev\/l\/svm-temp\/#website"},"primaryImageOfPage":{"@id":"https:\/\/lightweb.dev\/l\/svm-temp\/artiklar\/hans-g-den-gemensamma-namnaren-som-inte-finns\/#primaryimage"},"image":{"@id":"https:\/\/lightweb.dev\/l\/svm-temp\/artiklar\/hans-g-den-gemensamma-namnaren-som-inte-finns\/#primaryimage"},"thumbnailUrl":"https:\/\/lightweb.dev\/l\/svm-temp\/wp-content\/uploads\/2022\/04\/hans-g-den-gemensamma-nmnaren-som-inte-finns.png","datePublished":"2014-06-11T22:00:00+00:00","breadcrumb":{"@id":"https:\/\/lightweb.dev\/l\/svm-temp\/artiklar\/hans-g-den-gemensamma-namnaren-som-inte-finns\/#breadcrumb"},"inLanguage":"sv-SE","potentialAction":[{"@type":"ReadAction","target":["https:\/\/lightweb.dev\/l\/svm-temp\/artiklar\/hans-g-den-gemensamma-namnaren-som-inte-finns\/"]}]},{"@type":"ImageObject","inLanguage":"sv-SE","@id":"https:\/\/lightweb.dev\/l\/svm-temp\/artiklar\/hans-g-den-gemensamma-namnaren-som-inte-finns\/#primaryimage","url":"https:\/\/lightweb.dev\/l\/svm-temp\/wp-content\/uploads\/2022\/04\/hans-g-den-gemensamma-nmnaren-som-inte-finns.png","contentUrl":"https:\/\/lightweb.dev\/l\/svm-temp\/wp-content\/uploads\/2022\/04\/hans-g-den-gemensamma-nmnaren-som-inte-finns.png","width":280,"height":498},{"@type":"BreadcrumbList","@id":"https:\/\/lightweb.dev\/l\/svm-temp\/artiklar\/hans-g-den-gemensamma-namnaren-som-inte-finns\/#breadcrumb","itemListElement":[{"@type":"ListItem","position":1,"name":"Hem","item":"https:\/\/lightweb.dev\/l\/svm-temp\/"},{"@type":"ListItem","position":2,"name":"Hans G: Den gemensamma n\u00e4mnaren som inte finns"}]},{"@type":"WebSite","@id":"https:\/\/lightweb.dev\/l\/svm-temp\/#website","url":"https:\/\/lightweb.dev\/l\/svm-temp\/","name":"Svenska Magasinet","description":"Dina Spanska nyheter p&aring; Svenska","publisher":{"@id":"https:\/\/lightweb.dev\/l\/svm-temp\/#organization"},"potentialAction":[{"@type":"SearchAction","target":{"@type":"EntryPoint","urlTemplate":"https:\/\/lightweb.dev\/l\/svm-temp\/?s={search_term_string}"},"query-input":{"@type":"PropertyValueSpecification","valueRequired":true,"valueName":"search_term_string"}}],"inLanguage":"sv-SE"},{"@type":"Organization","@id":"https:\/\/lightweb.dev\/l\/svm-temp\/#organization","name":"Melkerson y Nott SL","alternateName":"Svenska Magasinet","url":"https:\/\/lightweb.dev\/l\/svm-temp\/","logo":{"@type":"ImageObject","inLanguage":"sv-SE","@id":"https:\/\/lightweb.dev\/l\/svm-temp\/#\/schema\/logo\/image\/","url":"https:\/\/lightweb.dev\/l\/svm-temp\/wp-content\/uploads\/2025\/02\/SvM-logo-Xtra-Centrerad-SVART.png","contentUrl":"https:\/\/lightweb.dev\/l\/svm-temp\/wp-content\/uploads\/2025\/02\/SvM-logo-Xtra-Centrerad-SVART.png","width":300,"height":99,"caption":"Melkerson y Nott SL"},"image":{"@id":"https:\/\/lightweb.dev\/l\/svm-temp\/#\/schema\/logo\/image\/"},"sameAs":["https:\/\/www.facebook.com\/svenskamagasinet","https:\/\/x.com\/SvenskaMagasine"]},{"@type":"Person","@id":"https:\/\/lightweb.dev\/l\/svm-temp\/#\/schema\/person\/206a3bda5b607b0c25e1749191e4d837","name":"Redaktionen SvM","description":"Redaktionen","sameAs":["https:\/\/lightweb.dev\/l\/svm-temp"],"url":"https:\/\/lightweb.dev\/l\/svm-temp\/reporter\/redaktionen\/"}]}},"_links":{"self":[{"href":"https:\/\/lightweb.dev\/l\/svm-temp\/wp-json\/wp\/v2\/posts\/4528","targetHints":{"allow":["GET"]}}],"collection":[{"href":"https:\/\/lightweb.dev\/l\/svm-temp\/wp-json\/wp\/v2\/posts"}],"about":[{"href":"https:\/\/lightweb.dev\/l\/svm-temp\/wp-json\/wp\/v2\/types\/post"}],"author":[{"embeddable":true,"href":"https:\/\/lightweb.dev\/l\/svm-temp\/wp-json\/wp\/v2\/users\/8"}],"replies":[{"embeddable":true,"href":"https:\/\/lightweb.dev\/l\/svm-temp\/wp-json\/wp\/v2\/comments?post=4528"}],"version-history":[{"count":0,"href":"https:\/\/lightweb.dev\/l\/svm-temp\/wp-json\/wp\/v2\/posts\/4528\/revisions"}],"wp:featuredmedia":[{"embeddable":true,"href":"https:\/\/lightweb.dev\/l\/svm-temp\/wp-json\/wp\/v2\/media\/4529"}],"wp:attachment":[{"href":"https:\/\/lightweb.dev\/l\/svm-temp\/wp-json\/wp\/v2\/media?parent=4528"}],"wp:term":[{"taxonomy":"category","embeddable":true,"href":"https:\/\/lightweb.dev\/l\/svm-temp\/wp-json\/wp\/v2\/categories?post=4528"},{"taxonomy":"post_tag","embeddable":true,"href":"https:\/\/lightweb.dev\/l\/svm-temp\/wp-json\/wp\/v2\/tags?post=4528"}],"curies":[{"name":"wp","href":"https:\/\/api.w.org\/{rel}","templated":true}]}}