{"id":4530,"date":"2014-06-11T00:00:00","date_gmt":"2014-06-10T22:00:00","guid":{"rendered":"https:\/\/lightweb.dev\/l\/svm-temp\/koalagodis-och-tak-av-eld\/"},"modified":"2014-06-11T00:00:00","modified_gmt":"2014-06-10T22:00:00","slug":"koalagodis-och-tak-av-eld","status":"publish","type":"post","link":"https:\/\/lightweb.dev\/l\/svm-temp\/artiklar\/koalagodis-och-tak-av-eld\/","title":{"rendered":"Koalagodis och tak av eld"},"content":{"rendered":"<p> P\u00e5 1800-talet kom eukalyptustr\u00e4den (Eucalyptus globulus) till Spanien, ursprungligen fr\u00e5n Tasmanien. De kallas ocks\u00e5 febertr\u00e4d eftersom de suger upp stora m\u00e4ngder vatten och d\u00e4rmed motarbetas malariamyggorna. Men marken blir steril eftersom tr\u00e4den uts\u00f6ndrar ett gift. Text\/foto: Lennart Ekman<br \/>\ne-post: lennartekman@hotmail.com<\/p>\n<p>Just nu \u00e4r eukalyptusodling i Brasilien en k\u00e4lla till strid mellan sm\u00e5brukare och storf\u00f6retag, bl a Stora Enso. Tr\u00e4den \u00e4r anv\u00e4ndbara till massa och virke och vissa arter ger r\u00e5vara till parfymindustrin och till halstabletter. De som bara kan t\u00e4nka sig eukalyptusblad som f\u00f6da \u00e4r ju koalorna.<br \/>\nEukalyptustr\u00e4den \u00e4r l\u00e4tta att k\u00e4nna igen. De ser ut som nykomna semesterfirare som solat f\u00f6r h\u00e4ftigt och d\u00e4rmed flagar. Tr\u00e4den skalar av sig barken.<br \/>\nOrdet eukalyptus betyder v\u00e4l g\u00f6md och syftar p\u00e5 att blombladen t\u00e4cker \u00f6ver st\u00e5ndarna. Det finns \u00f6ver 600 olika arter.<\/p>\n<p>Fikon (Ficus carica)<br \/>\n1 Mosebok 3:7 D\u00e5 \u00f6ppnades b\u00e5das \u00f6gon, och de blev varse att de var nakna; och de f\u00e4ste ihop fikonl\u00f6v och band omkring sig.<br \/>\nMed Adam och Eva blev fikonl\u00f6v s\u00e5 att s\u00e4ga historiska. I Domarboken 9:10-11 l\u00e4ser man: D\u00e5 sade tr\u00e4den till fikontr\u00e4det: \u201dKom du och bli konung \u00f6ver oss.\u201d Men fikontr\u00e4det svarade dem: \u201dSkulle jag avst\u00e5 fr\u00e5n min s\u00f6tma och min goda frukt och g\u00e5 bort f\u00f6r att svaja \u00f6ver de andra tr\u00e4den?\u201d Fikontr\u00e4det var \u00f6dmjukt men blev \u00e4nd\u00e5 historiskt. Det vajade \u00f6ver Romulus och Remus, Roms grundare. De grekiska atleterna \u00e5t bara fikon n\u00e4r de tr\u00e4nande. De romerska legion\u00e4rerna och \u00e4ven slavarna hade torkade fikon som basf\u00f6da.<br \/>\nFikontr\u00e4det kom med fenicierna fr\u00e5n Mindre Asien och trivdes bra i Andalusien.<br \/>\nH\u00f6r h\u00e4r: \u201dOh, fikon fr\u00e5n M\u00e1laga, var h\u00e4lsade. F\u00f6r er skull kommer skeppen till denna stad.\u201d S\u00e5 skriver den moriske diktaren Abu \u2013 I \u2013 Hayyay Yussuf  f. 1177.<br \/>\nDet \u00e4r inte l\u00e4tt att bli fikon. En milimeterstor stekel som utvecklas i hanfikon m\u00e5ste ta sig in i honfikonblom f\u00f6r att pollinera dem. Linn\u00e9 kom p\u00e5 tekniken.<\/p>\n<p>  Flamranka (Pyrostegia venusta)<br \/>\nDen h\u00e4r sydamerikanska lianen, vars latinska namn betyder vackert tak av eld, g\u00f6r verkligen sk\u00e4l f\u00f6r namnet. P\u00e5 svenska heter den ocks\u00e5 eldbignonia och engelsm\u00e4nnen kallar den t ex Orange trumpet och Chinese Cracker Flower. Ni som minns de r\u00f6da sm\u00e5 sm\u00e4llarna f\u00f6rst\u00e5r s\u00e4kert.<\/p>\n<p>Kandelaberkassia (Senna didymobotrya)<br \/>\nLjusbusken, som den ocks\u00e5 kallas, kommer fr\u00e5n Afrika. Det \u00e4r en \u00e4rtv\u00e4xt och Sennasl\u00e4ktet \u00e4r k\u00e4nt som ett verksamt laxativ men \u00e4ven omtalat i vackrare samman hang som i Psaltaren 45:9 \u201d\u2026 av myrra, aloe och kassia doftar alla dina kl\u00e4der; \u2026\u201d Vi gl\u00e4ds \u00e5t att v\u00e4xten blommar hela \u00e5ret.<\/p>\n","protected":false},"excerpt":{"rendered":"<p>P\u00e5 1800-talet kom eukalyptustr\u00e4den (Eucalyptus globulus) till Spanien, ursprungligen fr\u00e5n Tasmanien. De kallas ocks\u00e5 febertr\u00e4d eftersom de suger upp stora m\u00e4ngder vatten och d\u00e4rmed motarbetas malariamyggorna. Men marken blir steril eftersom tr\u00e4den uts\u00f6ndrar ett gift. Text\/foto: Lennart Ekman e-post: lennartekman@hotmail.com Just nu \u00e4r eukalyptusodling i Brasilien en k\u00e4lla till strid mellan sm\u00e5brukare och storf\u00f6retag, bl [&hellip;]<\/p>\n","protected":false},"author":8,"featured_media":4531,"comment_status":"open","ping_status":"open","sticky":false,"template":"","format":"standard","meta":{"_et_pb_use_builder":"","_et_pb_old_content":"","_et_gb_content_width":"","footnotes":""},"categories":[4,37],"tags":[],"class_list":["post-4530","post","type-post","status-publish","format-standard","has-post-thumbnail","hentry","category-artiklar","category-hem-bostad"],"yoast_head":"<!-- This site is optimized with the Yoast SEO Premium plugin v26.2 (Yoast SEO v27.4) - https:\/\/yoast.com\/product\/yoast-seo-premium-wordpress\/ -->\n<title>Koalagodis och tak av eld - Svenska Magasinet<\/title>\n<meta name=\"robots\" content=\"noindex, follow, max-snippet:-1, max-image-preview:large, max-video-preview:-1\" \/>\n<meta property=\"og:locale\" content=\"sv_SE\" \/>\n<meta property=\"og:type\" content=\"article\" \/>\n<meta property=\"og:title\" content=\"Koalagodis och tak av eld\" \/>\n<meta property=\"og:description\" content=\"P\u00e5 1800-talet kom eukalyptustr\u00e4den (Eucalyptus globulus) till Spanien, ursprungligen fr\u00e5n Tasmanien. De kallas ocks\u00e5 febertr\u00e4d eftersom de suger upp stora m\u00e4ngder vatten och d\u00e4rmed motarbetas malariamyggorna. Men marken blir steril eftersom tr\u00e4den uts\u00f6ndrar ett gift. Text\/foto: Lennart Ekman e-post: lennartekman@hotmail.com Just nu \u00e4r eukalyptusodling i Brasilien en k\u00e4lla till strid mellan sm\u00e5brukare och storf\u00f6retag, bl [&hellip;]\" \/>\n<meta property=\"og:url\" content=\"https:\/\/lightweb.dev\/l\/svm-temp\/artiklar\/koalagodis-och-tak-av-eld\/\" \/>\n<meta property=\"og:site_name\" content=\"Svenska Magasinet\" \/>\n<meta property=\"article:publisher\" content=\"https:\/\/www.facebook.com\/svenskamagasinet\" \/>\n<meta property=\"article:published_time\" content=\"2014-06-10T22:00:00+00:00\" \/>\n<meta property=\"og:image\" content=\"https:\/\/lightweb.dev\/l\/svm-temp\/wp-content\/uploads\/2022\/04\/koalagodis-och-tak-av-eld.png\" \/>\n\t<meta property=\"og:image:width\" content=\"280\" \/>\n\t<meta property=\"og:image:height\" content=\"420\" \/>\n\t<meta property=\"og:image:type\" content=\"image\/png\" \/>\n<meta name=\"author\" content=\"Redaktionen SvM\" \/>\n<meta name=\"twitter:card\" content=\"summary_large_image\" \/>\n<meta name=\"twitter:creator\" content=\"@SvenskaMagasine\" \/>\n<meta name=\"twitter:site\" content=\"@SvenskaMagasine\" \/>\n<script type=\"application\/ld+json\" class=\"yoast-schema-graph\">{\"@context\":\"https:\\\/\\\/schema.org\",\"@graph\":[{\"@type\":\"Article\",\"@id\":\"https:\\\/\\\/lightweb.dev\\\/l\\\/svm-temp\\\/artiklar\\\/koalagodis-och-tak-av-eld\\\/#article\",\"isPartOf\":{\"@id\":\"https:\\\/\\\/lightweb.dev\\\/l\\\/svm-temp\\\/artiklar\\\/koalagodis-och-tak-av-eld\\\/\"},\"author\":{\"name\":\"Redaktionen SvM\",\"@id\":\"https:\\\/\\\/lightweb.dev\\\/l\\\/svm-temp\\\/#\\\/schema\\\/person\\\/206a3bda5b607b0c25e1749191e4d837\"},\"headline\":\"Koalagodis och tak av eld\",\"datePublished\":\"2014-06-10T22:00:00+00:00\",\"mainEntityOfPage\":{\"@id\":\"https:\\\/\\\/lightweb.dev\\\/l\\\/svm-temp\\\/artiklar\\\/koalagodis-och-tak-av-eld\\\/\"},\"wordCount\":483,\"commentCount\":0,\"publisher\":{\"@id\":\"https:\\\/\\\/lightweb.dev\\\/l\\\/svm-temp\\\/#organization\"},\"image\":{\"@id\":\"https:\\\/\\\/lightweb.dev\\\/l\\\/svm-temp\\\/artiklar\\\/koalagodis-och-tak-av-eld\\\/#primaryimage\"},\"thumbnailUrl\":\"https:\\\/\\\/lightweb.dev\\\/l\\\/svm-temp\\\/wp-content\\\/uploads\\\/2022\\\/04\\\/koalagodis-och-tak-av-eld.png\",\"articleSection\":[\"Artiklar\",\"Hem &amp; bostad\"],\"inLanguage\":\"sv-SE\"},{\"@type\":\"WebPage\",\"@id\":\"https:\\\/\\\/lightweb.dev\\\/l\\\/svm-temp\\\/artiklar\\\/koalagodis-och-tak-av-eld\\\/\",\"url\":\"https:\\\/\\\/lightweb.dev\\\/l\\\/svm-temp\\\/artiklar\\\/koalagodis-och-tak-av-eld\\\/\",\"name\":\"Koalagodis och tak av eld - Svenska Magasinet\",\"isPartOf\":{\"@id\":\"https:\\\/\\\/lightweb.dev\\\/l\\\/svm-temp\\\/#website\"},\"primaryImageOfPage\":{\"@id\":\"https:\\\/\\\/lightweb.dev\\\/l\\\/svm-temp\\\/artiklar\\\/koalagodis-och-tak-av-eld\\\/#primaryimage\"},\"image\":{\"@id\":\"https:\\\/\\\/lightweb.dev\\\/l\\\/svm-temp\\\/artiklar\\\/koalagodis-och-tak-av-eld\\\/#primaryimage\"},\"thumbnailUrl\":\"https:\\\/\\\/lightweb.dev\\\/l\\\/svm-temp\\\/wp-content\\\/uploads\\\/2022\\\/04\\\/koalagodis-och-tak-av-eld.png\",\"datePublished\":\"2014-06-10T22:00:00+00:00\",\"breadcrumb\":{\"@id\":\"https:\\\/\\\/lightweb.dev\\\/l\\\/svm-temp\\\/artiklar\\\/koalagodis-och-tak-av-eld\\\/#breadcrumb\"},\"inLanguage\":\"sv-SE\",\"potentialAction\":[{\"@type\":\"ReadAction\",\"target\":[\"https:\\\/\\\/lightweb.dev\\\/l\\\/svm-temp\\\/artiklar\\\/koalagodis-och-tak-av-eld\\\/\"]}]},{\"@type\":\"ImageObject\",\"inLanguage\":\"sv-SE\",\"@id\":\"https:\\\/\\\/lightweb.dev\\\/l\\\/svm-temp\\\/artiklar\\\/koalagodis-och-tak-av-eld\\\/#primaryimage\",\"url\":\"https:\\\/\\\/lightweb.dev\\\/l\\\/svm-temp\\\/wp-content\\\/uploads\\\/2022\\\/04\\\/koalagodis-och-tak-av-eld.png\",\"contentUrl\":\"https:\\\/\\\/lightweb.dev\\\/l\\\/svm-temp\\\/wp-content\\\/uploads\\\/2022\\\/04\\\/koalagodis-och-tak-av-eld.png\",\"width\":280,\"height\":420},{\"@type\":\"BreadcrumbList\",\"@id\":\"https:\\\/\\\/lightweb.dev\\\/l\\\/svm-temp\\\/artiklar\\\/koalagodis-och-tak-av-eld\\\/#breadcrumb\",\"itemListElement\":[{\"@type\":\"ListItem\",\"position\":1,\"name\":\"Hem\",\"item\":\"https:\\\/\\\/lightweb.dev\\\/l\\\/svm-temp\\\/\"},{\"@type\":\"ListItem\",\"position\":2,\"name\":\"Koalagodis och tak av eld\"}]},{\"@type\":\"WebSite\",\"@id\":\"https:\\\/\\\/lightweb.dev\\\/l\\\/svm-temp\\\/#website\",\"url\":\"https:\\\/\\\/lightweb.dev\\\/l\\\/svm-temp\\\/\",\"name\":\"Svenska Magasinet\",\"description\":\"Dina Spanska nyheter p&aring; Svenska\",\"publisher\":{\"@id\":\"https:\\\/\\\/lightweb.dev\\\/l\\\/svm-temp\\\/#organization\"},\"potentialAction\":[{\"@type\":\"SearchAction\",\"target\":{\"@type\":\"EntryPoint\",\"urlTemplate\":\"https:\\\/\\\/lightweb.dev\\\/l\\\/svm-temp\\\/?s={search_term_string}\"},\"query-input\":{\"@type\":\"PropertyValueSpecification\",\"valueRequired\":true,\"valueName\":\"search_term_string\"}}],\"inLanguage\":\"sv-SE\"},{\"@type\":\"Organization\",\"@id\":\"https:\\\/\\\/lightweb.dev\\\/l\\\/svm-temp\\\/#organization\",\"name\":\"Melkerson y Nott SL\",\"alternateName\":\"Svenska Magasinet\",\"url\":\"https:\\\/\\\/lightweb.dev\\\/l\\\/svm-temp\\\/\",\"logo\":{\"@type\":\"ImageObject\",\"inLanguage\":\"sv-SE\",\"@id\":\"https:\\\/\\\/lightweb.dev\\\/l\\\/svm-temp\\\/#\\\/schema\\\/logo\\\/image\\\/\",\"url\":\"https:\\\/\\\/lightweb.dev\\\/l\\\/svm-temp\\\/wp-content\\\/uploads\\\/2025\\\/02\\\/SvM-logo-Xtra-Centrerad-SVART.png\",\"contentUrl\":\"https:\\\/\\\/lightweb.dev\\\/l\\\/svm-temp\\\/wp-content\\\/uploads\\\/2025\\\/02\\\/SvM-logo-Xtra-Centrerad-SVART.png\",\"width\":300,\"height\":99,\"caption\":\"Melkerson y Nott SL\"},\"image\":{\"@id\":\"https:\\\/\\\/lightweb.dev\\\/l\\\/svm-temp\\\/#\\\/schema\\\/logo\\\/image\\\/\"},\"sameAs\":[\"https:\\\/\\\/www.facebook.com\\\/svenskamagasinet\",\"https:\\\/\\\/x.com\\\/SvenskaMagasine\"]},{\"@type\":\"Person\",\"@id\":\"https:\\\/\\\/lightweb.dev\\\/l\\\/svm-temp\\\/#\\\/schema\\\/person\\\/206a3bda5b607b0c25e1749191e4d837\",\"name\":\"Redaktionen SvM\",\"description\":\"Redaktionen\",\"sameAs\":[\"https:\\\/\\\/lightweb.dev\\\/l\\\/svm-temp\"],\"url\":\"https:\\\/\\\/lightweb.dev\\\/l\\\/svm-temp\\\/reporter\\\/redaktionen\\\/\"}]}<\/script>\n<!-- \/ Yoast SEO Premium plugin. -->","yoast_head_json":{"title":"Koalagodis och tak av eld - Svenska Magasinet","robots":{"index":"noindex","follow":"follow","max-snippet":"max-snippet:-1","max-image-preview":"max-image-preview:large","max-video-preview":"max-video-preview:-1"},"og_locale":"sv_SE","og_type":"article","og_title":"Koalagodis och tak av eld","og_description":"P\u00e5 1800-talet kom eukalyptustr\u00e4den (Eucalyptus globulus) till Spanien, ursprungligen fr\u00e5n Tasmanien. De kallas ocks\u00e5 febertr\u00e4d eftersom de suger upp stora m\u00e4ngder vatten och d\u00e4rmed motarbetas malariamyggorna. Men marken blir steril eftersom tr\u00e4den uts\u00f6ndrar ett gift. Text\/foto: Lennart Ekman e-post: lennartekman@hotmail.com Just nu \u00e4r eukalyptusodling i Brasilien en k\u00e4lla till strid mellan sm\u00e5brukare och storf\u00f6retag, bl [&hellip;]","og_url":"https:\/\/lightweb.dev\/l\/svm-temp\/artiklar\/koalagodis-och-tak-av-eld\/","og_site_name":"Svenska Magasinet","article_publisher":"https:\/\/www.facebook.com\/svenskamagasinet","article_published_time":"2014-06-10T22:00:00+00:00","og_image":[{"width":280,"height":420,"url":"https:\/\/lightweb.dev\/l\/svm-temp\/wp-content\/uploads\/2022\/04\/koalagodis-och-tak-av-eld.png","type":"image\/png"}],"author":"Redaktionen SvM","twitter_card":"summary_large_image","twitter_creator":"@SvenskaMagasine","twitter_site":"@SvenskaMagasine","schema":{"@context":"https:\/\/schema.org","@graph":[{"@type":"Article","@id":"https:\/\/lightweb.dev\/l\/svm-temp\/artiklar\/koalagodis-och-tak-av-eld\/#article","isPartOf":{"@id":"https:\/\/lightweb.dev\/l\/svm-temp\/artiklar\/koalagodis-och-tak-av-eld\/"},"author":{"name":"Redaktionen SvM","@id":"https:\/\/lightweb.dev\/l\/svm-temp\/#\/schema\/person\/206a3bda5b607b0c25e1749191e4d837"},"headline":"Koalagodis och tak av eld","datePublished":"2014-06-10T22:00:00+00:00","mainEntityOfPage":{"@id":"https:\/\/lightweb.dev\/l\/svm-temp\/artiklar\/koalagodis-och-tak-av-eld\/"},"wordCount":483,"commentCount":0,"publisher":{"@id":"https:\/\/lightweb.dev\/l\/svm-temp\/#organization"},"image":{"@id":"https:\/\/lightweb.dev\/l\/svm-temp\/artiklar\/koalagodis-och-tak-av-eld\/#primaryimage"},"thumbnailUrl":"https:\/\/lightweb.dev\/l\/svm-temp\/wp-content\/uploads\/2022\/04\/koalagodis-och-tak-av-eld.png","articleSection":["Artiklar","Hem &amp; bostad"],"inLanguage":"sv-SE"},{"@type":"WebPage","@id":"https:\/\/lightweb.dev\/l\/svm-temp\/artiklar\/koalagodis-och-tak-av-eld\/","url":"https:\/\/lightweb.dev\/l\/svm-temp\/artiklar\/koalagodis-och-tak-av-eld\/","name":"Koalagodis och tak av eld - Svenska Magasinet","isPartOf":{"@id":"https:\/\/lightweb.dev\/l\/svm-temp\/#website"},"primaryImageOfPage":{"@id":"https:\/\/lightweb.dev\/l\/svm-temp\/artiklar\/koalagodis-och-tak-av-eld\/#primaryimage"},"image":{"@id":"https:\/\/lightweb.dev\/l\/svm-temp\/artiklar\/koalagodis-och-tak-av-eld\/#primaryimage"},"thumbnailUrl":"https:\/\/lightweb.dev\/l\/svm-temp\/wp-content\/uploads\/2022\/04\/koalagodis-och-tak-av-eld.png","datePublished":"2014-06-10T22:00:00+00:00","breadcrumb":{"@id":"https:\/\/lightweb.dev\/l\/svm-temp\/artiklar\/koalagodis-och-tak-av-eld\/#breadcrumb"},"inLanguage":"sv-SE","potentialAction":[{"@type":"ReadAction","target":["https:\/\/lightweb.dev\/l\/svm-temp\/artiklar\/koalagodis-och-tak-av-eld\/"]}]},{"@type":"ImageObject","inLanguage":"sv-SE","@id":"https:\/\/lightweb.dev\/l\/svm-temp\/artiklar\/koalagodis-och-tak-av-eld\/#primaryimage","url":"https:\/\/lightweb.dev\/l\/svm-temp\/wp-content\/uploads\/2022\/04\/koalagodis-och-tak-av-eld.png","contentUrl":"https:\/\/lightweb.dev\/l\/svm-temp\/wp-content\/uploads\/2022\/04\/koalagodis-och-tak-av-eld.png","width":280,"height":420},{"@type":"BreadcrumbList","@id":"https:\/\/lightweb.dev\/l\/svm-temp\/artiklar\/koalagodis-och-tak-av-eld\/#breadcrumb","itemListElement":[{"@type":"ListItem","position":1,"name":"Hem","item":"https:\/\/lightweb.dev\/l\/svm-temp\/"},{"@type":"ListItem","position":2,"name":"Koalagodis och tak av eld"}]},{"@type":"WebSite","@id":"https:\/\/lightweb.dev\/l\/svm-temp\/#website","url":"https:\/\/lightweb.dev\/l\/svm-temp\/","name":"Svenska Magasinet","description":"Dina Spanska nyheter p&aring; Svenska","publisher":{"@id":"https:\/\/lightweb.dev\/l\/svm-temp\/#organization"},"potentialAction":[{"@type":"SearchAction","target":{"@type":"EntryPoint","urlTemplate":"https:\/\/lightweb.dev\/l\/svm-temp\/?s={search_term_string}"},"query-input":{"@type":"PropertyValueSpecification","valueRequired":true,"valueName":"search_term_string"}}],"inLanguage":"sv-SE"},{"@type":"Organization","@id":"https:\/\/lightweb.dev\/l\/svm-temp\/#organization","name":"Melkerson y Nott SL","alternateName":"Svenska Magasinet","url":"https:\/\/lightweb.dev\/l\/svm-temp\/","logo":{"@type":"ImageObject","inLanguage":"sv-SE","@id":"https:\/\/lightweb.dev\/l\/svm-temp\/#\/schema\/logo\/image\/","url":"https:\/\/lightweb.dev\/l\/svm-temp\/wp-content\/uploads\/2025\/02\/SvM-logo-Xtra-Centrerad-SVART.png","contentUrl":"https:\/\/lightweb.dev\/l\/svm-temp\/wp-content\/uploads\/2025\/02\/SvM-logo-Xtra-Centrerad-SVART.png","width":300,"height":99,"caption":"Melkerson y Nott SL"},"image":{"@id":"https:\/\/lightweb.dev\/l\/svm-temp\/#\/schema\/logo\/image\/"},"sameAs":["https:\/\/www.facebook.com\/svenskamagasinet","https:\/\/x.com\/SvenskaMagasine"]},{"@type":"Person","@id":"https:\/\/lightweb.dev\/l\/svm-temp\/#\/schema\/person\/206a3bda5b607b0c25e1749191e4d837","name":"Redaktionen SvM","description":"Redaktionen","sameAs":["https:\/\/lightweb.dev\/l\/svm-temp"],"url":"https:\/\/lightweb.dev\/l\/svm-temp\/reporter\/redaktionen\/"}]}},"_links":{"self":[{"href":"https:\/\/lightweb.dev\/l\/svm-temp\/wp-json\/wp\/v2\/posts\/4530","targetHints":{"allow":["GET"]}}],"collection":[{"href":"https:\/\/lightweb.dev\/l\/svm-temp\/wp-json\/wp\/v2\/posts"}],"about":[{"href":"https:\/\/lightweb.dev\/l\/svm-temp\/wp-json\/wp\/v2\/types\/post"}],"author":[{"embeddable":true,"href":"https:\/\/lightweb.dev\/l\/svm-temp\/wp-json\/wp\/v2\/users\/8"}],"replies":[{"embeddable":true,"href":"https:\/\/lightweb.dev\/l\/svm-temp\/wp-json\/wp\/v2\/comments?post=4530"}],"version-history":[{"count":0,"href":"https:\/\/lightweb.dev\/l\/svm-temp\/wp-json\/wp\/v2\/posts\/4530\/revisions"}],"wp:featuredmedia":[{"embeddable":true,"href":"https:\/\/lightweb.dev\/l\/svm-temp\/wp-json\/wp\/v2\/media\/4531"}],"wp:attachment":[{"href":"https:\/\/lightweb.dev\/l\/svm-temp\/wp-json\/wp\/v2\/media?parent=4530"}],"wp:term":[{"taxonomy":"category","embeddable":true,"href":"https:\/\/lightweb.dev\/l\/svm-temp\/wp-json\/wp\/v2\/categories?post=4530"},{"taxonomy":"post_tag","embeddable":true,"href":"https:\/\/lightweb.dev\/l\/svm-temp\/wp-json\/wp\/v2\/tags?post=4530"}],"curies":[{"name":"wp","href":"https:\/\/api.w.org\/{rel}","templated":true}]}}