{"id":4534,"date":"2014-06-11T00:00:00","date_gmt":"2014-06-10T22:00:00","guid":{"rendered":"https:\/\/lightweb.dev\/l\/svm-temp\/varldsartisten-joaquin-cortes-kommer-till-marbella\/"},"modified":"2014-06-11T00:00:00","modified_gmt":"2014-06-10T22:00:00","slug":"varldsartisten-joaquin-cortes-kommer-till-marbella","status":"publish","type":"post","link":"https:\/\/lightweb.dev\/l\/svm-temp\/artiklar\/varldsartisten-joaquin-cortes-kommer-till-marbella\/","title":{"rendered":"V\u00e4rldsartisten Joaqu\u00edn Cort\u00e9s kommer till Marbella"},"content":{"rendered":"<p> V\u00e4rldsartisten Joaqu\u00edn Cort\u00e9s \u00e4r tillbaka med v\u00e4rldsturn\u00e9 och showen \u201dGitano\u201d och kommer till Puente Romano Beach Resort i Marbella den 25 och 26 juli. Det \u00e4r en mycket p\u00e5kostad show med tiotal dansare, s\u00e5ngare, k\u00f6r och en levande orkester p\u00e5 17 musiker. Av Ola Josefsson<\/p>\n<p>Det var premi\u00e4r p\u00e5 showen \u201dGitano\u201d den 2 maj p\u00e5 Teatro T\u00edvoli i Barcelona. Till skillnad mot tidigare framtr\u00e4den gr\u00e4vs det djupare i Joaqu\u00edn Cort\u00e9s flamenco-r\u00f6tter. Vid en presskonferens f\u00f6rklarade Cort\u00e9s att showen \u201dGitano\u201d (p\u00e5 svenska zigenare) inte bara handlar om originalmusik. Showen bjuder \u00e4ven p\u00e5 ljus och audiovisuella upplevelser.<br \/>\nJoaqu\u00edn Cort\u00e9s \u00e4r en av de tio b\u00e4sta dansarna i v\u00e4rlden. N\u00e5gonsin. Det \u00e4r experter och bed\u00f6mare \u00f6verens om. Showen \u00e4r uppdelad i tv\u00e5 delar. Den f\u00f6rsta delen \u00e4r klassisk, mer trogen zigenare-r\u00f6tterna och i den deltar tv\u00e5 unga dansare som enligt Cort\u00e9s sj\u00e4lv kommer att f\u00e5nga publikens uppm\u00e4rksamhet.<\/p>\n<p>Den andra delen utspelas i samtiden och \u00e4r en egen tolkning av Joaqu\u00edn Cort\u00e9s som har bidragit till hans popularitet p\u00e5 v\u00e4rldsscenen. Han utf\u00f6r en koreografi som sm\u00e4lter samman stilar som flamenco, balett och jazz med en garderob av italienska snitt av designern Giorgio Armani som \u00e4r en mycket god v\u00e4n.<br \/>\n\u201dJag \u00e4r en zigenare som v\u00e4xte upp d\u00e4r atmosf\u00e4ren var hundra procent zigenare. Jag l\u00e4rde mig att klappa h\u00e4nderna till min farbrors dragspel. Jag \u00e4r nomad eller resande. Jag har rest runt i v\u00e4rlden vilket har \u00f6ppnat upp gr\u00e4nserna och som publiken kan se i min koreografi\u201d.<\/p>\n<p>2008 avled Joaqu\u00edn Cort\u00e9s mamma n\u00e5got som tog honom h\u00e5rt.<br \/>\n\u201dEfter att min mamma avled k\u00e4nde jag mig helt ur form och m\u00e5dde d\u00e5ligt. Jag k\u00e4nde inte f\u00f6r att dansa. Nu har det g\u00e5tt \u00f6ver fem \u00e5r och jag k\u00e4nner mig b\u00e4ttre och kan \u00e5terigen ge hundra procent p\u00e5 scen. Jag k\u00e4nner mig motiverad att satsa p\u00e5 att vara nummer 1 n\u00e5got som jag vet att min mamma skulle varit stolt \u00f6ver\u201d sa Joaqu\u00edn Cort\u00e9s vid presskonferensen f\u00f6re v\u00e4rldspremi\u00e4ren i Barcelona.<\/p>\n<p>Joaqu\u00edn Cort\u00e9s \u00e4r ocks\u00e5 Flamencodansaren som har k\u00e4mpat f\u00f6r f\u00f6r romers r\u00e4ttigheter. 2006 m\u00f6tte han Europaparlamentets talman Josep Borrell i samband med att Europas romer var i fokus.<br \/>\nNi kanske undrar vad en flamencoartist g\u00f6r p\u00e5 Europaparlamentet. Institutionen \u00e4r k\u00e4nd som f\u00f6rk\u00e4mpe f\u00f6r m\u00e4nskliga r\u00e4ttigheter i EU. Jag har romsk bakgrund och min stiftelse har lanserat kampanjen \u201dStoppa &#8230; fientlighet mot zigenare\u201d ber\u00e4ttade Joaqu\u00edn Cort\u00e9s f\u00f6r ledam\u00f6terna och fortsatte:<br \/>\n\u201dJag \u00e4r en av f\u00e5 av de 12-15 miljoner romer i Europa som har haft tur eftersom jag kan h\u00e4vda min identitet utan r\u00e4dsla f\u00f6r f\u00f6rf\u00f6ljelse, f\u00f6rnedring eller bli syndabock f\u00f6r alla onda saker man kan komma p\u00e5\u201d.<\/p>\n<p>  Han har ocks\u00e5 riktat kritik mot Spanien som han anser brister i att ge st\u00f6d till flamencokulturen.<br \/>\n\u201dAndra l\u00e4nder som Ryssland erbjuder mig stipendier och plats p\u00e5 teatrar f\u00f6r att arbeta med att utbilda dansare\u201d.<\/p>\n<p>Han hyllar den nyss bortg\u00e5ngne gitarristen Paco de Luc\u00eda som tog den spanska kulturen ut i v\u00e4rlden och som hedrades av Unesco 2009 p\u00e5 v\u00e4rldsarvslistan \u00f6ver ickemateriella kulturarv.<\/p>\n<p>\u201dJag har bes\u00f6kt l\u00e4nder d\u00e4r tidigare bara Julio Iglesias hade varit om vi talar spansk kultur. Jag har tagit den spanska flamencokulturen till platser d\u00e4r den inte har varit f\u00f6rut\u201d s\u00e4ger Joaqu\u00edn Cort\u00e9s som anser att Spanien inte har gett honom det erk\u00e4nnande han f\u00f6rtj\u00e4nar som flamencodansare d\u00e5 han har f\u00e5tt fler utm\u00e4rkelser i andra delar av v\u00e4rlden.<br \/>\n\u201dDet finns m\u00e5nga l\u00e4nder d\u00e4r de skulle ge mig en teater och bett mig stanna f\u00f6r att dansa, utveckla koreografin och utbilda dansare. Men h\u00e4r i Spanien har jag inte f\u00e5tt n\u00e5got\u201d.<br \/>\nHan har tv\u00e5 g\u00e5nger f\u00e5tt erbjudandet om att bli direkt\u00f6r f\u00f6r Nationalbaletten n\u00e5got som Joaqu\u00edn Cort\u00e9s har avvisat d\u00e5 han \u201dvill ha fria h\u00e4nder och inte \u00e4r villig att lyda en politiker som inte vet n\u00e5gonting om dans\u201d.<\/p>\n<p>Showen \u201dGitano\u201d har visats i Barcelona, Pamplona, Ciudad Condal, Valladolid, Madrid och kommer att forts\u00e4tta till Asien. Schemat l\u00e4r vara fulltecknat till 2016. Den 25 och 26 juli har alla Spaniensvenskar och turister m\u00f6jlighet att se v\u00e4rldsstj\u00e4rnan Joaqu\u00edn Cort\u00e9s p\u00e5 Puente Romano Beach Resort i Marbella.<\/p>\n<p>Fakta\/Joaqu\u00edn Cort\u00e9s<br \/>\nJoaqu\u00edn Cort\u00e9s \u00e4r dansare, koreograf, regiss\u00f6r och producent. F\u00f6ddes 1969 i C\u00f3rdoba i en zigenarfamilj. Flyttade till Madrid och b\u00f6rjade dansa fr\u00e5n tolv \u00e5r. V\u00e4rlden. Han har dansat i Metropolitan Opera House i New York och i Kreml i Moskva. 1995 spelade han in en reklamfilm f\u00f6r Seat Ibiza Passion. Har st\u00e5tt p\u00e5 samtliga v\u00e4rldsscener och upptr\u00e4dde p\u00e5 stranden Ipanema (Rio de Janeiro) inf\u00f6r 800.000 m\u00e4nniskor.<\/p>\n","protected":false},"excerpt":{"rendered":"<p>V\u00e4rldsartisten Joaqu\u00edn Cort\u00e9s \u00e4r tillbaka med v\u00e4rldsturn\u00e9 och showen \u201dGitano\u201d och kommer till Puente Romano Beach Resort i Marbella den 25 och 26 juli. Det \u00e4r en mycket p\u00e5kostad show med tiotal dansare, s\u00e5ngare, k\u00f6r och en levande orkester p\u00e5 17 musiker. Av Ola Josefsson Det var premi\u00e4r p\u00e5 showen \u201dGitano\u201d den 2 maj p\u00e5 [&hellip;]<\/p>\n","protected":false},"author":8,"featured_media":4535,"comment_status":"open","ping_status":"open","sticky":false,"template":"","format":"standard","meta":{"_et_pb_use_builder":"","_et_pb_old_content":"","_et_gb_content_width":"","footnotes":""},"categories":[396,4],"tags":[],"class_list":["post-4534","post","type-post","status-publish","format-standard","has-post-thumbnail","hentry","category-arkiv-artiklar","category-artiklar"],"yoast_head":"<!-- This site is optimized with the Yoast SEO Premium plugin v26.2 (Yoast SEO v27.4) - https:\/\/yoast.com\/product\/yoast-seo-premium-wordpress\/ -->\n<title>V\u00e4rldsartisten Joaqu\u00edn Cort\u00e9s kommer till Marbella - Svenska Magasinet<\/title>\n<meta name=\"robots\" content=\"noindex, follow, max-snippet:-1, max-image-preview:large, max-video-preview:-1\" \/>\n<meta property=\"og:locale\" content=\"sv_SE\" \/>\n<meta property=\"og:type\" content=\"article\" \/>\n<meta property=\"og:title\" content=\"V\u00e4rldsartisten Joaqu\u00edn Cort\u00e9s kommer till Marbella\" \/>\n<meta property=\"og:description\" content=\"V\u00e4rldsartisten Joaqu\u00edn Cort\u00e9s \u00e4r tillbaka med v\u00e4rldsturn\u00e9 och showen \u201dGitano\u201d och kommer till Puente Romano Beach Resort i Marbella den 25 och 26 juli. Det \u00e4r en mycket p\u00e5kostad show med tiotal dansare, s\u00e5ngare, k\u00f6r och en levande orkester p\u00e5 17 musiker. Av Ola Josefsson Det var premi\u00e4r p\u00e5 showen \u201dGitano\u201d den 2 maj p\u00e5 [&hellip;]\" \/>\n<meta property=\"og:url\" content=\"https:\/\/lightweb.dev\/l\/svm-temp\/artiklar\/varldsartisten-joaquin-cortes-kommer-till-marbella\/\" \/>\n<meta property=\"og:site_name\" content=\"Svenska Magasinet\" \/>\n<meta property=\"article:publisher\" content=\"https:\/\/www.facebook.com\/svenskamagasinet\" \/>\n<meta property=\"article:published_time\" content=\"2014-06-10T22:00:00+00:00\" \/>\n<meta property=\"og:image\" content=\"https:\/\/lightweb.dev\/l\/svm-temp\/wp-content\/uploads\/2022\/04\/vrldsartisten-joaqun-corts-kommer-till-marbella.png\" \/>\n\t<meta property=\"og:image:width\" content=\"357\" \/>\n\t<meta property=\"og:image:height\" content=\"200\" \/>\n\t<meta property=\"og:image:type\" content=\"image\/png\" \/>\n<meta name=\"author\" content=\"Redaktionen SvM\" \/>\n<meta name=\"twitter:card\" content=\"summary_large_image\" \/>\n<meta name=\"twitter:creator\" content=\"@SvenskaMagasine\" \/>\n<meta name=\"twitter:site\" content=\"@SvenskaMagasine\" \/>\n<script type=\"application\/ld+json\" class=\"yoast-schema-graph\">{\"@context\":\"https:\\\/\\\/schema.org\",\"@graph\":[{\"@type\":\"Article\",\"@id\":\"https:\\\/\\\/lightweb.dev\\\/l\\\/svm-temp\\\/artiklar\\\/varldsartisten-joaquin-cortes-kommer-till-marbella\\\/#article\",\"isPartOf\":{\"@id\":\"https:\\\/\\\/lightweb.dev\\\/l\\\/svm-temp\\\/artiklar\\\/varldsartisten-joaquin-cortes-kommer-till-marbella\\\/\"},\"author\":{\"name\":\"Redaktionen SvM\",\"@id\":\"https:\\\/\\\/lightweb.dev\\\/l\\\/svm-temp\\\/#\\\/schema\\\/person\\\/206a3bda5b607b0c25e1749191e4d837\"},\"headline\":\"V\u00e4rldsartisten Joaqu\u00edn Cort\u00e9s kommer till Marbella\",\"datePublished\":\"2014-06-10T22:00:00+00:00\",\"mainEntityOfPage\":{\"@id\":\"https:\\\/\\\/lightweb.dev\\\/l\\\/svm-temp\\\/artiklar\\\/varldsartisten-joaquin-cortes-kommer-till-marbella\\\/\"},\"wordCount\":876,\"commentCount\":0,\"publisher\":{\"@id\":\"https:\\\/\\\/lightweb.dev\\\/l\\\/svm-temp\\\/#organization\"},\"image\":{\"@id\":\"https:\\\/\\\/lightweb.dev\\\/l\\\/svm-temp\\\/artiklar\\\/varldsartisten-joaquin-cortes-kommer-till-marbella\\\/#primaryimage\"},\"thumbnailUrl\":\"https:\\\/\\\/lightweb.dev\\\/l\\\/svm-temp\\\/wp-content\\\/uploads\\\/2022\\\/04\\\/vrldsartisten-joaqun-corts-kommer-till-marbella.png\",\"articleSection\":[\"Arkiv\",\"Artiklar\"],\"inLanguage\":\"sv-SE\"},{\"@type\":\"WebPage\",\"@id\":\"https:\\\/\\\/lightweb.dev\\\/l\\\/svm-temp\\\/artiklar\\\/varldsartisten-joaquin-cortes-kommer-till-marbella\\\/\",\"url\":\"https:\\\/\\\/lightweb.dev\\\/l\\\/svm-temp\\\/artiklar\\\/varldsartisten-joaquin-cortes-kommer-till-marbella\\\/\",\"name\":\"V\u00e4rldsartisten Joaqu\u00edn Cort\u00e9s kommer till Marbella - Svenska Magasinet\",\"isPartOf\":{\"@id\":\"https:\\\/\\\/lightweb.dev\\\/l\\\/svm-temp\\\/#website\"},\"primaryImageOfPage\":{\"@id\":\"https:\\\/\\\/lightweb.dev\\\/l\\\/svm-temp\\\/artiklar\\\/varldsartisten-joaquin-cortes-kommer-till-marbella\\\/#primaryimage\"},\"image\":{\"@id\":\"https:\\\/\\\/lightweb.dev\\\/l\\\/svm-temp\\\/artiklar\\\/varldsartisten-joaquin-cortes-kommer-till-marbella\\\/#primaryimage\"},\"thumbnailUrl\":\"https:\\\/\\\/lightweb.dev\\\/l\\\/svm-temp\\\/wp-content\\\/uploads\\\/2022\\\/04\\\/vrldsartisten-joaqun-corts-kommer-till-marbella.png\",\"datePublished\":\"2014-06-10T22:00:00+00:00\",\"breadcrumb\":{\"@id\":\"https:\\\/\\\/lightweb.dev\\\/l\\\/svm-temp\\\/artiklar\\\/varldsartisten-joaquin-cortes-kommer-till-marbella\\\/#breadcrumb\"},\"inLanguage\":\"sv-SE\",\"potentialAction\":[{\"@type\":\"ReadAction\",\"target\":[\"https:\\\/\\\/lightweb.dev\\\/l\\\/svm-temp\\\/artiklar\\\/varldsartisten-joaquin-cortes-kommer-till-marbella\\\/\"]}]},{\"@type\":\"ImageObject\",\"inLanguage\":\"sv-SE\",\"@id\":\"https:\\\/\\\/lightweb.dev\\\/l\\\/svm-temp\\\/artiklar\\\/varldsartisten-joaquin-cortes-kommer-till-marbella\\\/#primaryimage\",\"url\":\"https:\\\/\\\/lightweb.dev\\\/l\\\/svm-temp\\\/wp-content\\\/uploads\\\/2022\\\/04\\\/vrldsartisten-joaqun-corts-kommer-till-marbella.png\",\"contentUrl\":\"https:\\\/\\\/lightweb.dev\\\/l\\\/svm-temp\\\/wp-content\\\/uploads\\\/2022\\\/04\\\/vrldsartisten-joaqun-corts-kommer-till-marbella.png\",\"width\":357,\"height\":200},{\"@type\":\"BreadcrumbList\",\"@id\":\"https:\\\/\\\/lightweb.dev\\\/l\\\/svm-temp\\\/artiklar\\\/varldsartisten-joaquin-cortes-kommer-till-marbella\\\/#breadcrumb\",\"itemListElement\":[{\"@type\":\"ListItem\",\"position\":1,\"name\":\"Hem\",\"item\":\"https:\\\/\\\/lightweb.dev\\\/l\\\/svm-temp\\\/\"},{\"@type\":\"ListItem\",\"position\":2,\"name\":\"V\u00e4rldsartisten Joaqu\u00edn Cort\u00e9s kommer till Marbella\"}]},{\"@type\":\"WebSite\",\"@id\":\"https:\\\/\\\/lightweb.dev\\\/l\\\/svm-temp\\\/#website\",\"url\":\"https:\\\/\\\/lightweb.dev\\\/l\\\/svm-temp\\\/\",\"name\":\"Svenska Magasinet\",\"description\":\"Dina Spanska nyheter p&aring; Svenska\",\"publisher\":{\"@id\":\"https:\\\/\\\/lightweb.dev\\\/l\\\/svm-temp\\\/#organization\"},\"potentialAction\":[{\"@type\":\"SearchAction\",\"target\":{\"@type\":\"EntryPoint\",\"urlTemplate\":\"https:\\\/\\\/lightweb.dev\\\/l\\\/svm-temp\\\/?s={search_term_string}\"},\"query-input\":{\"@type\":\"PropertyValueSpecification\",\"valueRequired\":true,\"valueName\":\"search_term_string\"}}],\"inLanguage\":\"sv-SE\"},{\"@type\":\"Organization\",\"@id\":\"https:\\\/\\\/lightweb.dev\\\/l\\\/svm-temp\\\/#organization\",\"name\":\"Melkerson y Nott SL\",\"alternateName\":\"Svenska Magasinet\",\"url\":\"https:\\\/\\\/lightweb.dev\\\/l\\\/svm-temp\\\/\",\"logo\":{\"@type\":\"ImageObject\",\"inLanguage\":\"sv-SE\",\"@id\":\"https:\\\/\\\/lightweb.dev\\\/l\\\/svm-temp\\\/#\\\/schema\\\/logo\\\/image\\\/\",\"url\":\"https:\\\/\\\/lightweb.dev\\\/l\\\/svm-temp\\\/wp-content\\\/uploads\\\/2025\\\/02\\\/SvM-logo-Xtra-Centrerad-SVART.png\",\"contentUrl\":\"https:\\\/\\\/lightweb.dev\\\/l\\\/svm-temp\\\/wp-content\\\/uploads\\\/2025\\\/02\\\/SvM-logo-Xtra-Centrerad-SVART.png\",\"width\":300,\"height\":99,\"caption\":\"Melkerson y Nott SL\"},\"image\":{\"@id\":\"https:\\\/\\\/lightweb.dev\\\/l\\\/svm-temp\\\/#\\\/schema\\\/logo\\\/image\\\/\"},\"sameAs\":[\"https:\\\/\\\/www.facebook.com\\\/svenskamagasinet\",\"https:\\\/\\\/x.com\\\/SvenskaMagasine\"]},{\"@type\":\"Person\",\"@id\":\"https:\\\/\\\/lightweb.dev\\\/l\\\/svm-temp\\\/#\\\/schema\\\/person\\\/206a3bda5b607b0c25e1749191e4d837\",\"name\":\"Redaktionen SvM\",\"description\":\"Redaktionen\",\"sameAs\":[\"https:\\\/\\\/lightweb.dev\\\/l\\\/svm-temp\"],\"url\":\"https:\\\/\\\/lightweb.dev\\\/l\\\/svm-temp\\\/reporter\\\/redaktionen\\\/\"}]}<\/script>\n<!-- \/ Yoast SEO Premium plugin. -->","yoast_head_json":{"title":"V\u00e4rldsartisten Joaqu\u00edn Cort\u00e9s kommer till Marbella - Svenska Magasinet","robots":{"index":"noindex","follow":"follow","max-snippet":"max-snippet:-1","max-image-preview":"max-image-preview:large","max-video-preview":"max-video-preview:-1"},"og_locale":"sv_SE","og_type":"article","og_title":"V\u00e4rldsartisten Joaqu\u00edn Cort\u00e9s kommer till Marbella","og_description":"V\u00e4rldsartisten Joaqu\u00edn Cort\u00e9s \u00e4r tillbaka med v\u00e4rldsturn\u00e9 och showen \u201dGitano\u201d och kommer till Puente Romano Beach Resort i Marbella den 25 och 26 juli. Det \u00e4r en mycket p\u00e5kostad show med tiotal dansare, s\u00e5ngare, k\u00f6r och en levande orkester p\u00e5 17 musiker. Av Ola Josefsson Det var premi\u00e4r p\u00e5 showen \u201dGitano\u201d den 2 maj p\u00e5 [&hellip;]","og_url":"https:\/\/lightweb.dev\/l\/svm-temp\/artiklar\/varldsartisten-joaquin-cortes-kommer-till-marbella\/","og_site_name":"Svenska Magasinet","article_publisher":"https:\/\/www.facebook.com\/svenskamagasinet","article_published_time":"2014-06-10T22:00:00+00:00","og_image":[{"width":357,"height":200,"url":"https:\/\/lightweb.dev\/l\/svm-temp\/wp-content\/uploads\/2022\/04\/vrldsartisten-joaqun-corts-kommer-till-marbella.png","type":"image\/png"}],"author":"Redaktionen SvM","twitter_card":"summary_large_image","twitter_creator":"@SvenskaMagasine","twitter_site":"@SvenskaMagasine","schema":{"@context":"https:\/\/schema.org","@graph":[{"@type":"Article","@id":"https:\/\/lightweb.dev\/l\/svm-temp\/artiklar\/varldsartisten-joaquin-cortes-kommer-till-marbella\/#article","isPartOf":{"@id":"https:\/\/lightweb.dev\/l\/svm-temp\/artiklar\/varldsartisten-joaquin-cortes-kommer-till-marbella\/"},"author":{"name":"Redaktionen SvM","@id":"https:\/\/lightweb.dev\/l\/svm-temp\/#\/schema\/person\/206a3bda5b607b0c25e1749191e4d837"},"headline":"V\u00e4rldsartisten Joaqu\u00edn Cort\u00e9s kommer till Marbella","datePublished":"2014-06-10T22:00:00+00:00","mainEntityOfPage":{"@id":"https:\/\/lightweb.dev\/l\/svm-temp\/artiklar\/varldsartisten-joaquin-cortes-kommer-till-marbella\/"},"wordCount":876,"commentCount":0,"publisher":{"@id":"https:\/\/lightweb.dev\/l\/svm-temp\/#organization"},"image":{"@id":"https:\/\/lightweb.dev\/l\/svm-temp\/artiklar\/varldsartisten-joaquin-cortes-kommer-till-marbella\/#primaryimage"},"thumbnailUrl":"https:\/\/lightweb.dev\/l\/svm-temp\/wp-content\/uploads\/2022\/04\/vrldsartisten-joaqun-corts-kommer-till-marbella.png","articleSection":["Arkiv","Artiklar"],"inLanguage":"sv-SE"},{"@type":"WebPage","@id":"https:\/\/lightweb.dev\/l\/svm-temp\/artiklar\/varldsartisten-joaquin-cortes-kommer-till-marbella\/","url":"https:\/\/lightweb.dev\/l\/svm-temp\/artiklar\/varldsartisten-joaquin-cortes-kommer-till-marbella\/","name":"V\u00e4rldsartisten Joaqu\u00edn Cort\u00e9s kommer till Marbella - Svenska Magasinet","isPartOf":{"@id":"https:\/\/lightweb.dev\/l\/svm-temp\/#website"},"primaryImageOfPage":{"@id":"https:\/\/lightweb.dev\/l\/svm-temp\/artiklar\/varldsartisten-joaquin-cortes-kommer-till-marbella\/#primaryimage"},"image":{"@id":"https:\/\/lightweb.dev\/l\/svm-temp\/artiklar\/varldsartisten-joaquin-cortes-kommer-till-marbella\/#primaryimage"},"thumbnailUrl":"https:\/\/lightweb.dev\/l\/svm-temp\/wp-content\/uploads\/2022\/04\/vrldsartisten-joaqun-corts-kommer-till-marbella.png","datePublished":"2014-06-10T22:00:00+00:00","breadcrumb":{"@id":"https:\/\/lightweb.dev\/l\/svm-temp\/artiklar\/varldsartisten-joaquin-cortes-kommer-till-marbella\/#breadcrumb"},"inLanguage":"sv-SE","potentialAction":[{"@type":"ReadAction","target":["https:\/\/lightweb.dev\/l\/svm-temp\/artiklar\/varldsartisten-joaquin-cortes-kommer-till-marbella\/"]}]},{"@type":"ImageObject","inLanguage":"sv-SE","@id":"https:\/\/lightweb.dev\/l\/svm-temp\/artiklar\/varldsartisten-joaquin-cortes-kommer-till-marbella\/#primaryimage","url":"https:\/\/lightweb.dev\/l\/svm-temp\/wp-content\/uploads\/2022\/04\/vrldsartisten-joaqun-corts-kommer-till-marbella.png","contentUrl":"https:\/\/lightweb.dev\/l\/svm-temp\/wp-content\/uploads\/2022\/04\/vrldsartisten-joaqun-corts-kommer-till-marbella.png","width":357,"height":200},{"@type":"BreadcrumbList","@id":"https:\/\/lightweb.dev\/l\/svm-temp\/artiklar\/varldsartisten-joaquin-cortes-kommer-till-marbella\/#breadcrumb","itemListElement":[{"@type":"ListItem","position":1,"name":"Hem","item":"https:\/\/lightweb.dev\/l\/svm-temp\/"},{"@type":"ListItem","position":2,"name":"V\u00e4rldsartisten Joaqu\u00edn Cort\u00e9s kommer till Marbella"}]},{"@type":"WebSite","@id":"https:\/\/lightweb.dev\/l\/svm-temp\/#website","url":"https:\/\/lightweb.dev\/l\/svm-temp\/","name":"Svenska Magasinet","description":"Dina Spanska nyheter p&aring; Svenska","publisher":{"@id":"https:\/\/lightweb.dev\/l\/svm-temp\/#organization"},"potentialAction":[{"@type":"SearchAction","target":{"@type":"EntryPoint","urlTemplate":"https:\/\/lightweb.dev\/l\/svm-temp\/?s={search_term_string}"},"query-input":{"@type":"PropertyValueSpecification","valueRequired":true,"valueName":"search_term_string"}}],"inLanguage":"sv-SE"},{"@type":"Organization","@id":"https:\/\/lightweb.dev\/l\/svm-temp\/#organization","name":"Melkerson y Nott SL","alternateName":"Svenska Magasinet","url":"https:\/\/lightweb.dev\/l\/svm-temp\/","logo":{"@type":"ImageObject","inLanguage":"sv-SE","@id":"https:\/\/lightweb.dev\/l\/svm-temp\/#\/schema\/logo\/image\/","url":"https:\/\/lightweb.dev\/l\/svm-temp\/wp-content\/uploads\/2025\/02\/SvM-logo-Xtra-Centrerad-SVART.png","contentUrl":"https:\/\/lightweb.dev\/l\/svm-temp\/wp-content\/uploads\/2025\/02\/SvM-logo-Xtra-Centrerad-SVART.png","width":300,"height":99,"caption":"Melkerson y Nott SL"},"image":{"@id":"https:\/\/lightweb.dev\/l\/svm-temp\/#\/schema\/logo\/image\/"},"sameAs":["https:\/\/www.facebook.com\/svenskamagasinet","https:\/\/x.com\/SvenskaMagasine"]},{"@type":"Person","@id":"https:\/\/lightweb.dev\/l\/svm-temp\/#\/schema\/person\/206a3bda5b607b0c25e1749191e4d837","name":"Redaktionen SvM","description":"Redaktionen","sameAs":["https:\/\/lightweb.dev\/l\/svm-temp"],"url":"https:\/\/lightweb.dev\/l\/svm-temp\/reporter\/redaktionen\/"}]}},"_links":{"self":[{"href":"https:\/\/lightweb.dev\/l\/svm-temp\/wp-json\/wp\/v2\/posts\/4534","targetHints":{"allow":["GET"]}}],"collection":[{"href":"https:\/\/lightweb.dev\/l\/svm-temp\/wp-json\/wp\/v2\/posts"}],"about":[{"href":"https:\/\/lightweb.dev\/l\/svm-temp\/wp-json\/wp\/v2\/types\/post"}],"author":[{"embeddable":true,"href":"https:\/\/lightweb.dev\/l\/svm-temp\/wp-json\/wp\/v2\/users\/8"}],"replies":[{"embeddable":true,"href":"https:\/\/lightweb.dev\/l\/svm-temp\/wp-json\/wp\/v2\/comments?post=4534"}],"version-history":[{"count":0,"href":"https:\/\/lightweb.dev\/l\/svm-temp\/wp-json\/wp\/v2\/posts\/4534\/revisions"}],"wp:featuredmedia":[{"embeddable":true,"href":"https:\/\/lightweb.dev\/l\/svm-temp\/wp-json\/wp\/v2\/media\/4535"}],"wp:attachment":[{"href":"https:\/\/lightweb.dev\/l\/svm-temp\/wp-json\/wp\/v2\/media?parent=4534"}],"wp:term":[{"taxonomy":"category","embeddable":true,"href":"https:\/\/lightweb.dev\/l\/svm-temp\/wp-json\/wp\/v2\/categories?post=4534"},{"taxonomy":"post_tag","embeddable":true,"href":"https:\/\/lightweb.dev\/l\/svm-temp\/wp-json\/wp\/v2\/tags?post=4534"}],"curies":[{"name":"wp","href":"https:\/\/api.w.org\/{rel}","templated":true}]}}