{"id":4536,"date":"2014-06-11T00:00:00","date_gmt":"2014-06-10T22:00:00","guid":{"rendered":"https:\/\/lightweb.dev\/l\/svm-temp\/spanien-just-nu-yttrandefrihet-eller-mordhot\/"},"modified":"2014-06-11T00:00:00","modified_gmt":"2014-06-10T22:00:00","slug":"spanien-just-nu-yttrandefrihet-eller-mordhot","status":"publish","type":"post","link":"https:\/\/lightweb.dev\/l\/svm-temp\/artiklar\/spanien-just-nu-yttrandefrihet-eller-mordhot\/","title":{"rendered":"Spanien just nu \u2013 yttrandefrihet eller mordhot"},"content":{"rendered":"<p> Vid ett tillf\u00e4lle efter en dispyt med en meningsmotst\u00e5ndare l\u00e4r den store 1700-talst\u00e4nkaren Voltaire ha yttrat: \u201dS\u00e5 l\u00e4nge jag lever kommer jag att bek\u00e4mpa dina \u00e5sikter. Men lika l\u00e4nge t\u00e4nker jag k\u00e4mpa f\u00f6r din r\u00e4tt att yttra dem\u201d. \u00c5sikter kan vara vara uppfriskande. Men \u00e5sikter kan ocks\u00e5 andas hot och d\u00f6d. Av Ola Josefsson<\/p>\n<p>Bara n\u00e5gra minuter efter att den spanska politikern Isabel Carrasco kallblodigt hade avr\u00e4ttats med fyra pistolskott bakifr\u00e5n i nordspanska Le\u00f3n haglade meddelanden p\u00e5 sociala n\u00e4tverk. Tack och lov var majoriteten avsedda f\u00f6r att uttrycka kondoleanser till familjen och anh\u00f6riga och att f\u00f6rd\u00f6ma \u00f6verfallet. Men inte alla.<br \/>\n\u201dDen som s\u00e5r vind sk\u00f6rdar storm\u201d. S\u00e5 skrev det socialistiska kommunalr\u00e5det i Vilagarc\u00eda, Susana Cami\u00f1o, p\u00e5 sin Facebook-profil. Det fanns de som anv\u00e4nde n\u00e4tet till att \u201dappl\u00e5dera\u201d att en PP-politiker hade blivit d\u00f6dad.<\/p>\n<p>Media rapporterade om m\u00e5nga kr\u00e4nkande meddelanden p\u00e5 sociala n\u00e4tverk, de flesta i anonymitetens namn som exempelvis en som kallar sig f\u00f6r \u201dRastaBullSmoker\u201d: \u201dSaknar bara att d\u00f6da Rajoy, Soraya Saez de Santa Maria, Aguirre, Aznar, Fabra, Paqito Camps, Rita Barber\u00e1, Cospedal&#8230;\u201d.<\/p>\n<p>Anv\u00e4ndaren p\u00e5 det sociala n\u00e4tverket Twitter uppmanar till massaker, till massmord p\u00e5 flera folkvalda politiker! Det finns de som ser detta som \u201ddet goda hotet\u201d eller \u201ddet goda v\u00e5ldet\u201d. \u00c4ven Sverige har sina extremister eller politiska v\u00e5ldsverkare. En som kallar sig \u201dInglorious\u201d skriver: \u201dJ\u00e4vla Sverigedemokraterna, jag ska d\u00f6da er, blir s\u00e5 j\u00e4vla arg, har ni inget vett i er fucking hj\u00e4rna eller hoppas ni d\u00f6r sm\u00e4rtsamt\u201d.<br \/>\nKommentarer p\u00e5 n\u00e4tet som ovan frodas varje dag och blir allt gr\u00f6vre. Kommentarer som uppmanar till att d\u00f6da och avr\u00e4tta dem som inte tycker som en sj\u00e4lv. Det \u00e4r ett problem som har accelererat.<\/p>\n<p>Kommentarerna som f\u00f6ljde efter avr\u00e4ttningen av Isabel Carrasco har startat en debatt i Spanien om det finns ett behov av att reglera det som uttrycks p\u00e5 n\u00e4tet. Det har \u00e4ven riktats f\u00f6rol\u00e4mpningar mot judar efter att basketlaget Macabbi Tel Aviv vann \u00f6ver Real Madrid i Europacupens final. \u00c4ven de tre tjurf\u00e4ktare som skadades p\u00e5 Las Ventas i Madrid har blivit f\u00f6rol\u00e4mpade.<\/p>\n<p>Socialisten Elena Valenciano beslutade sig f\u00f6r att st\u00e4nga ned sitt Twitter-konto i mars 2013 efter att mottagit flera f\u00f6rol\u00e4mpningar riktade mot familjen. Och vem minns inte de st\u00e4ndiga f\u00f6rol\u00e4mpningarna mot Esperanza Aguirre. Bland de mest radikala var det h\u00e5n hon utsattes f\u00f6r i samband med en helikopterkrasch 2005 och den \u201dgl\u00e4dje\u201d en del visade n\u00e4r hon hade f\u00e5tt diagnosen br\u00f6stcancer.<\/p>\n<p>Spaniens inrikesminister Jorge Fern\u00e1ndez D\u00edaz sa bara n\u00e5gra timmar efter mordet p\u00e5 Carrasco att det \u00e4r dags att tills\u00e4tta en kommission tillsammans med Justitiedepartementet f\u00f6r att se \u00f6ver om inte lagarna mot n\u00e4that b\u00f6r sk\u00e4rpas. Det handlar om att ta st\u00e4llning till om straffbest\u00e4mmelserna f\u00f6r olaga hot, ofredande, f\u00f6rtal och f\u00f6rol\u00e4mpning b\u00f6r sk\u00e4rpas. Den personliga integriteten b\u00f6r f\u00e5 ett b\u00e4ttre skydd. \u201dDet \u00e4r dags att st\u00e4da i de sociala n\u00e4tverken\u201d sa inrikesministern.<\/p>\n<p>Kan bara t\u00e4nka mig att se\u00f1or Fern\u00e1ndez D\u00edaz \u00e4r ute p\u00e5 djupt vatten med ett s\u00e5dant uttalande som l\u00e4tt kan misstolkas. Spanien har redan f\u00e5tt kritik mot ett lagf\u00f6rslag som g\u00e5r under namnet \u201dmunkavlelagen\u201d.<br \/>\nTy det dr\u00f6jde inte l\u00e4nge efter inrikesministerns uttalande om att de sociala n\u00e4tverken b\u00f6r st\u00e4das s\u00e5 h\u00f6jdes andra r\u00f6ster som varnade f\u00f6r att sk\u00e4rpta regler \u00e4r en attack mot r\u00e4tten till yttrandefrihet.<\/p>\n<p>Sedan januari finns det 50 \u00e5klagare i samtliga provinser som utreder fall p\u00e5 n\u00e4tet som r\u00f6r \u00e4rekr\u00e4nkning och f\u00f6rtal. De agerar inte p\u00e5 eget initiativ, endast n\u00e4r anm\u00e4lningar kommer in.<\/p>\n<p>N\u00e4r det g\u00e4ller f\u00f6rol\u00e4mpningar mot det judiska samh\u00e4llet efter basketfinalen har man s\u00e5llat bland 17.000 kr\u00e4nkande kommentarer p\u00e5 Twitter. 200 av dessa kan r\u00f6ra sig om \u00e4rekr\u00e4nkning och f\u00f6rtal.<br \/>\nProblemet \u00e4r att det saknas resurser. \u00c5klagare och polis som arbetar med it-brottslighet hinner inte med d\u00e5 barnpornografi, spioneri eller f\u00f6rfalskningar bed\u00f6ms som allvarligare brott och prioriteras.<\/p>\n<p>\u00c5klagare har ocks\u00e5 att ta st\u00e4llning till en annan fr\u00e5ga. Bakom Twitter och Facebook st\u00e5r amerikanska f\u00f6retag som samarbetar med andra l\u00e4nder d\u00e5 det g\u00e4ller identifiering av anonyma anv\u00e4ndare. Skulle regeringen \u00f6ka kontrollen \u00f6ver n\u00e4tet skulle f\u00f6retagen som st\u00e5r bakom de sociala n\u00e4tverken inte l\u00e4mna ut uppgifter d\u00e5 kontrollen kunde uppfattas som censur eller brist p\u00e5 respekt f\u00f6r yttrandefriheten.<\/p>\n<p>I skrivande stund hade tre personer \u00e5talats f\u00f6r kommentarer som f\u00f6ljde efter d\u00f6dsskjutningen i Le\u00f3n. Tv\u00e5 av dessa fall rubriceras som mordhot och kan ge mellan sju och ett halvt till 15 \u00e5rs f\u00e4ngelse.<br \/>\nNu \u00e4r fr\u00e5gan; har de \u00e5talade beg\u00e5tt ett brott eller \u00e4r deras kommentarer p\u00e5 n\u00e4tet bara ett uttryck f\u00f6r yttrandefrihet?<\/p>\n<p>\u2026. f\u00f6r \u00f6vrigt anser jag att priserna p\u00e5 betalmotorv\u00e4gen Autopista del la Costa del Sol AP-7 b\u00f6r s\u00e4nkas!<\/p>\n","protected":false},"excerpt":{"rendered":"<p>Vid ett tillf\u00e4lle efter en dispyt med en meningsmotst\u00e5ndare l\u00e4r den store 1700-talst\u00e4nkaren Voltaire ha yttrat: \u201dS\u00e5 l\u00e4nge jag lever kommer jag att bek\u00e4mpa dina \u00e5sikter. Men lika l\u00e4nge t\u00e4nker jag k\u00e4mpa f\u00f6r din r\u00e4tt att yttra dem\u201d. \u00c5sikter kan vara vara uppfriskande. Men \u00e5sikter kan ocks\u00e5 andas hot och d\u00f6d. Av Ola Josefsson Bara [&hellip;]<\/p>\n","protected":false},"author":8,"featured_media":4537,"comment_status":"open","ping_status":"open","sticky":false,"template":"","format":"standard","meta":{"_et_pb_use_builder":"","_et_pb_old_content":"","_et_gb_content_width":"","footnotes":""},"categories":[4,36],"tags":[],"class_list":["post-4536","post","type-post","status-publish","format-standard","has-post-thumbnail","hentry","category-artiklar","category-spanien-just-nu"],"yoast_head":"<!-- This site is optimized with the Yoast SEO Premium plugin v26.2 (Yoast SEO v27.4) - https:\/\/yoast.com\/product\/yoast-seo-premium-wordpress\/ -->\n<title>Spanien just nu \u2013 yttrandefrihet eller mordhot - Svenska Magasinet<\/title>\n<meta name=\"robots\" content=\"noindex, follow, max-snippet:-1, max-image-preview:large, max-video-preview:-1\" \/>\n<meta property=\"og:locale\" content=\"sv_SE\" \/>\n<meta property=\"og:type\" content=\"article\" \/>\n<meta property=\"og:title\" content=\"Spanien just nu \u2013 yttrandefrihet eller mordhot\" \/>\n<meta property=\"og:description\" content=\"Vid ett tillf\u00e4lle efter en dispyt med en meningsmotst\u00e5ndare l\u00e4r den store 1700-talst\u00e4nkaren Voltaire ha yttrat: \u201dS\u00e5 l\u00e4nge jag lever kommer jag att bek\u00e4mpa dina \u00e5sikter. Men lika l\u00e4nge t\u00e4nker jag k\u00e4mpa f\u00f6r din r\u00e4tt att yttra dem\u201d. \u00c5sikter kan vara vara uppfriskande. Men \u00e5sikter kan ocks\u00e5 andas hot och d\u00f6d. Av Ola Josefsson Bara [&hellip;]\" \/>\n<meta property=\"og:url\" content=\"https:\/\/lightweb.dev\/l\/svm-temp\/artiklar\/spanien-just-nu-yttrandefrihet-eller-mordhot\/\" \/>\n<meta property=\"og:site_name\" content=\"Svenska Magasinet\" \/>\n<meta property=\"article:publisher\" content=\"https:\/\/www.facebook.com\/svenskamagasinet\" \/>\n<meta property=\"article:published_time\" content=\"2014-06-10T22:00:00+00:00\" \/>\n<meta property=\"og:image\" content=\"https:\/\/lightweb.dev\/l\/svm-temp\/wp-content\/uploads\/2022\/04\/spanien-just-nu-yttrandefrihet-eller-mordhot.png\" \/>\n\t<meta property=\"og:image:width\" content=\"280\" \/>\n\t<meta property=\"og:image:height\" content=\"419\" \/>\n\t<meta property=\"og:image:type\" content=\"image\/png\" \/>\n<meta name=\"author\" content=\"Redaktionen SvM\" \/>\n<meta name=\"twitter:card\" content=\"summary_large_image\" \/>\n<meta name=\"twitter:creator\" content=\"@SvenskaMagasine\" \/>\n<meta name=\"twitter:site\" content=\"@SvenskaMagasine\" \/>\n<script type=\"application\/ld+json\" class=\"yoast-schema-graph\">{\"@context\":\"https:\\\/\\\/schema.org\",\"@graph\":[{\"@type\":\"Article\",\"@id\":\"https:\\\/\\\/lightweb.dev\\\/l\\\/svm-temp\\\/artiklar\\\/spanien-just-nu-yttrandefrihet-eller-mordhot\\\/#article\",\"isPartOf\":{\"@id\":\"https:\\\/\\\/lightweb.dev\\\/l\\\/svm-temp\\\/artiklar\\\/spanien-just-nu-yttrandefrihet-eller-mordhot\\\/\"},\"author\":{\"name\":\"Redaktionen SvM\",\"@id\":\"https:\\\/\\\/lightweb.dev\\\/l\\\/svm-temp\\\/#\\\/schema\\\/person\\\/206a3bda5b607b0c25e1749191e4d837\"},\"headline\":\"Spanien just nu \u2013 yttrandefrihet eller mordhot\",\"datePublished\":\"2014-06-10T22:00:00+00:00\",\"mainEntityOfPage\":{\"@id\":\"https:\\\/\\\/lightweb.dev\\\/l\\\/svm-temp\\\/artiklar\\\/spanien-just-nu-yttrandefrihet-eller-mordhot\\\/\"},\"wordCount\":902,\"commentCount\":0,\"publisher\":{\"@id\":\"https:\\\/\\\/lightweb.dev\\\/l\\\/svm-temp\\\/#organization\"},\"image\":{\"@id\":\"https:\\\/\\\/lightweb.dev\\\/l\\\/svm-temp\\\/artiklar\\\/spanien-just-nu-yttrandefrihet-eller-mordhot\\\/#primaryimage\"},\"thumbnailUrl\":\"https:\\\/\\\/lightweb.dev\\\/l\\\/svm-temp\\\/wp-content\\\/uploads\\\/2022\\\/04\\\/spanien-just-nu-yttrandefrihet-eller-mordhot.png\",\"articleSection\":[\"Artiklar\",\"Spanien just nu\"],\"inLanguage\":\"sv-SE\"},{\"@type\":\"WebPage\",\"@id\":\"https:\\\/\\\/lightweb.dev\\\/l\\\/svm-temp\\\/artiklar\\\/spanien-just-nu-yttrandefrihet-eller-mordhot\\\/\",\"url\":\"https:\\\/\\\/lightweb.dev\\\/l\\\/svm-temp\\\/artiklar\\\/spanien-just-nu-yttrandefrihet-eller-mordhot\\\/\",\"name\":\"Spanien just nu \u2013 yttrandefrihet eller mordhot - Svenska Magasinet\",\"isPartOf\":{\"@id\":\"https:\\\/\\\/lightweb.dev\\\/l\\\/svm-temp\\\/#website\"},\"primaryImageOfPage\":{\"@id\":\"https:\\\/\\\/lightweb.dev\\\/l\\\/svm-temp\\\/artiklar\\\/spanien-just-nu-yttrandefrihet-eller-mordhot\\\/#primaryimage\"},\"image\":{\"@id\":\"https:\\\/\\\/lightweb.dev\\\/l\\\/svm-temp\\\/artiklar\\\/spanien-just-nu-yttrandefrihet-eller-mordhot\\\/#primaryimage\"},\"thumbnailUrl\":\"https:\\\/\\\/lightweb.dev\\\/l\\\/svm-temp\\\/wp-content\\\/uploads\\\/2022\\\/04\\\/spanien-just-nu-yttrandefrihet-eller-mordhot.png\",\"datePublished\":\"2014-06-10T22:00:00+00:00\",\"breadcrumb\":{\"@id\":\"https:\\\/\\\/lightweb.dev\\\/l\\\/svm-temp\\\/artiklar\\\/spanien-just-nu-yttrandefrihet-eller-mordhot\\\/#breadcrumb\"},\"inLanguage\":\"sv-SE\",\"potentialAction\":[{\"@type\":\"ReadAction\",\"target\":[\"https:\\\/\\\/lightweb.dev\\\/l\\\/svm-temp\\\/artiklar\\\/spanien-just-nu-yttrandefrihet-eller-mordhot\\\/\"]}]},{\"@type\":\"ImageObject\",\"inLanguage\":\"sv-SE\",\"@id\":\"https:\\\/\\\/lightweb.dev\\\/l\\\/svm-temp\\\/artiklar\\\/spanien-just-nu-yttrandefrihet-eller-mordhot\\\/#primaryimage\",\"url\":\"https:\\\/\\\/lightweb.dev\\\/l\\\/svm-temp\\\/wp-content\\\/uploads\\\/2022\\\/04\\\/spanien-just-nu-yttrandefrihet-eller-mordhot.png\",\"contentUrl\":\"https:\\\/\\\/lightweb.dev\\\/l\\\/svm-temp\\\/wp-content\\\/uploads\\\/2022\\\/04\\\/spanien-just-nu-yttrandefrihet-eller-mordhot.png\",\"width\":280,\"height\":419},{\"@type\":\"BreadcrumbList\",\"@id\":\"https:\\\/\\\/lightweb.dev\\\/l\\\/svm-temp\\\/artiklar\\\/spanien-just-nu-yttrandefrihet-eller-mordhot\\\/#breadcrumb\",\"itemListElement\":[{\"@type\":\"ListItem\",\"position\":1,\"name\":\"Hem\",\"item\":\"https:\\\/\\\/lightweb.dev\\\/l\\\/svm-temp\\\/\"},{\"@type\":\"ListItem\",\"position\":2,\"name\":\"Spanien just nu \u2013 yttrandefrihet eller mordhot\"}]},{\"@type\":\"WebSite\",\"@id\":\"https:\\\/\\\/lightweb.dev\\\/l\\\/svm-temp\\\/#website\",\"url\":\"https:\\\/\\\/lightweb.dev\\\/l\\\/svm-temp\\\/\",\"name\":\"Svenska Magasinet\",\"description\":\"Dina Spanska nyheter p&aring; Svenska\",\"publisher\":{\"@id\":\"https:\\\/\\\/lightweb.dev\\\/l\\\/svm-temp\\\/#organization\"},\"potentialAction\":[{\"@type\":\"SearchAction\",\"target\":{\"@type\":\"EntryPoint\",\"urlTemplate\":\"https:\\\/\\\/lightweb.dev\\\/l\\\/svm-temp\\\/?s={search_term_string}\"},\"query-input\":{\"@type\":\"PropertyValueSpecification\",\"valueRequired\":true,\"valueName\":\"search_term_string\"}}],\"inLanguage\":\"sv-SE\"},{\"@type\":\"Organization\",\"@id\":\"https:\\\/\\\/lightweb.dev\\\/l\\\/svm-temp\\\/#organization\",\"name\":\"Melkerson y Nott SL\",\"alternateName\":\"Svenska Magasinet\",\"url\":\"https:\\\/\\\/lightweb.dev\\\/l\\\/svm-temp\\\/\",\"logo\":{\"@type\":\"ImageObject\",\"inLanguage\":\"sv-SE\",\"@id\":\"https:\\\/\\\/lightweb.dev\\\/l\\\/svm-temp\\\/#\\\/schema\\\/logo\\\/image\\\/\",\"url\":\"https:\\\/\\\/lightweb.dev\\\/l\\\/svm-temp\\\/wp-content\\\/uploads\\\/2025\\\/02\\\/SvM-logo-Xtra-Centrerad-SVART.png\",\"contentUrl\":\"https:\\\/\\\/lightweb.dev\\\/l\\\/svm-temp\\\/wp-content\\\/uploads\\\/2025\\\/02\\\/SvM-logo-Xtra-Centrerad-SVART.png\",\"width\":300,\"height\":99,\"caption\":\"Melkerson y Nott SL\"},\"image\":{\"@id\":\"https:\\\/\\\/lightweb.dev\\\/l\\\/svm-temp\\\/#\\\/schema\\\/logo\\\/image\\\/\"},\"sameAs\":[\"https:\\\/\\\/www.facebook.com\\\/svenskamagasinet\",\"https:\\\/\\\/x.com\\\/SvenskaMagasine\"]},{\"@type\":\"Person\",\"@id\":\"https:\\\/\\\/lightweb.dev\\\/l\\\/svm-temp\\\/#\\\/schema\\\/person\\\/206a3bda5b607b0c25e1749191e4d837\",\"name\":\"Redaktionen SvM\",\"description\":\"Redaktionen\",\"sameAs\":[\"https:\\\/\\\/lightweb.dev\\\/l\\\/svm-temp\"],\"url\":\"https:\\\/\\\/lightweb.dev\\\/l\\\/svm-temp\\\/reporter\\\/redaktionen\\\/\"}]}<\/script>\n<!-- \/ Yoast SEO Premium plugin. -->","yoast_head_json":{"title":"Spanien just nu \u2013 yttrandefrihet eller mordhot - Svenska Magasinet","robots":{"index":"noindex","follow":"follow","max-snippet":"max-snippet:-1","max-image-preview":"max-image-preview:large","max-video-preview":"max-video-preview:-1"},"og_locale":"sv_SE","og_type":"article","og_title":"Spanien just nu \u2013 yttrandefrihet eller mordhot","og_description":"Vid ett tillf\u00e4lle efter en dispyt med en meningsmotst\u00e5ndare l\u00e4r den store 1700-talst\u00e4nkaren Voltaire ha yttrat: \u201dS\u00e5 l\u00e4nge jag lever kommer jag att bek\u00e4mpa dina \u00e5sikter. Men lika l\u00e4nge t\u00e4nker jag k\u00e4mpa f\u00f6r din r\u00e4tt att yttra dem\u201d. \u00c5sikter kan vara vara uppfriskande. Men \u00e5sikter kan ocks\u00e5 andas hot och d\u00f6d. Av Ola Josefsson Bara [&hellip;]","og_url":"https:\/\/lightweb.dev\/l\/svm-temp\/artiklar\/spanien-just-nu-yttrandefrihet-eller-mordhot\/","og_site_name":"Svenska Magasinet","article_publisher":"https:\/\/www.facebook.com\/svenskamagasinet","article_published_time":"2014-06-10T22:00:00+00:00","og_image":[{"width":280,"height":419,"url":"https:\/\/lightweb.dev\/l\/svm-temp\/wp-content\/uploads\/2022\/04\/spanien-just-nu-yttrandefrihet-eller-mordhot.png","type":"image\/png"}],"author":"Redaktionen SvM","twitter_card":"summary_large_image","twitter_creator":"@SvenskaMagasine","twitter_site":"@SvenskaMagasine","schema":{"@context":"https:\/\/schema.org","@graph":[{"@type":"Article","@id":"https:\/\/lightweb.dev\/l\/svm-temp\/artiklar\/spanien-just-nu-yttrandefrihet-eller-mordhot\/#article","isPartOf":{"@id":"https:\/\/lightweb.dev\/l\/svm-temp\/artiklar\/spanien-just-nu-yttrandefrihet-eller-mordhot\/"},"author":{"name":"Redaktionen SvM","@id":"https:\/\/lightweb.dev\/l\/svm-temp\/#\/schema\/person\/206a3bda5b607b0c25e1749191e4d837"},"headline":"Spanien just nu \u2013 yttrandefrihet eller mordhot","datePublished":"2014-06-10T22:00:00+00:00","mainEntityOfPage":{"@id":"https:\/\/lightweb.dev\/l\/svm-temp\/artiklar\/spanien-just-nu-yttrandefrihet-eller-mordhot\/"},"wordCount":902,"commentCount":0,"publisher":{"@id":"https:\/\/lightweb.dev\/l\/svm-temp\/#organization"},"image":{"@id":"https:\/\/lightweb.dev\/l\/svm-temp\/artiklar\/spanien-just-nu-yttrandefrihet-eller-mordhot\/#primaryimage"},"thumbnailUrl":"https:\/\/lightweb.dev\/l\/svm-temp\/wp-content\/uploads\/2022\/04\/spanien-just-nu-yttrandefrihet-eller-mordhot.png","articleSection":["Artiklar","Spanien just nu"],"inLanguage":"sv-SE"},{"@type":"WebPage","@id":"https:\/\/lightweb.dev\/l\/svm-temp\/artiklar\/spanien-just-nu-yttrandefrihet-eller-mordhot\/","url":"https:\/\/lightweb.dev\/l\/svm-temp\/artiklar\/spanien-just-nu-yttrandefrihet-eller-mordhot\/","name":"Spanien just nu \u2013 yttrandefrihet eller mordhot - Svenska Magasinet","isPartOf":{"@id":"https:\/\/lightweb.dev\/l\/svm-temp\/#website"},"primaryImageOfPage":{"@id":"https:\/\/lightweb.dev\/l\/svm-temp\/artiklar\/spanien-just-nu-yttrandefrihet-eller-mordhot\/#primaryimage"},"image":{"@id":"https:\/\/lightweb.dev\/l\/svm-temp\/artiklar\/spanien-just-nu-yttrandefrihet-eller-mordhot\/#primaryimage"},"thumbnailUrl":"https:\/\/lightweb.dev\/l\/svm-temp\/wp-content\/uploads\/2022\/04\/spanien-just-nu-yttrandefrihet-eller-mordhot.png","datePublished":"2014-06-10T22:00:00+00:00","breadcrumb":{"@id":"https:\/\/lightweb.dev\/l\/svm-temp\/artiklar\/spanien-just-nu-yttrandefrihet-eller-mordhot\/#breadcrumb"},"inLanguage":"sv-SE","potentialAction":[{"@type":"ReadAction","target":["https:\/\/lightweb.dev\/l\/svm-temp\/artiklar\/spanien-just-nu-yttrandefrihet-eller-mordhot\/"]}]},{"@type":"ImageObject","inLanguage":"sv-SE","@id":"https:\/\/lightweb.dev\/l\/svm-temp\/artiklar\/spanien-just-nu-yttrandefrihet-eller-mordhot\/#primaryimage","url":"https:\/\/lightweb.dev\/l\/svm-temp\/wp-content\/uploads\/2022\/04\/spanien-just-nu-yttrandefrihet-eller-mordhot.png","contentUrl":"https:\/\/lightweb.dev\/l\/svm-temp\/wp-content\/uploads\/2022\/04\/spanien-just-nu-yttrandefrihet-eller-mordhot.png","width":280,"height":419},{"@type":"BreadcrumbList","@id":"https:\/\/lightweb.dev\/l\/svm-temp\/artiklar\/spanien-just-nu-yttrandefrihet-eller-mordhot\/#breadcrumb","itemListElement":[{"@type":"ListItem","position":1,"name":"Hem","item":"https:\/\/lightweb.dev\/l\/svm-temp\/"},{"@type":"ListItem","position":2,"name":"Spanien just nu \u2013 yttrandefrihet eller mordhot"}]},{"@type":"WebSite","@id":"https:\/\/lightweb.dev\/l\/svm-temp\/#website","url":"https:\/\/lightweb.dev\/l\/svm-temp\/","name":"Svenska Magasinet","description":"Dina Spanska nyheter p&aring; Svenska","publisher":{"@id":"https:\/\/lightweb.dev\/l\/svm-temp\/#organization"},"potentialAction":[{"@type":"SearchAction","target":{"@type":"EntryPoint","urlTemplate":"https:\/\/lightweb.dev\/l\/svm-temp\/?s={search_term_string}"},"query-input":{"@type":"PropertyValueSpecification","valueRequired":true,"valueName":"search_term_string"}}],"inLanguage":"sv-SE"},{"@type":"Organization","@id":"https:\/\/lightweb.dev\/l\/svm-temp\/#organization","name":"Melkerson y Nott SL","alternateName":"Svenska Magasinet","url":"https:\/\/lightweb.dev\/l\/svm-temp\/","logo":{"@type":"ImageObject","inLanguage":"sv-SE","@id":"https:\/\/lightweb.dev\/l\/svm-temp\/#\/schema\/logo\/image\/","url":"https:\/\/lightweb.dev\/l\/svm-temp\/wp-content\/uploads\/2025\/02\/SvM-logo-Xtra-Centrerad-SVART.png","contentUrl":"https:\/\/lightweb.dev\/l\/svm-temp\/wp-content\/uploads\/2025\/02\/SvM-logo-Xtra-Centrerad-SVART.png","width":300,"height":99,"caption":"Melkerson y Nott SL"},"image":{"@id":"https:\/\/lightweb.dev\/l\/svm-temp\/#\/schema\/logo\/image\/"},"sameAs":["https:\/\/www.facebook.com\/svenskamagasinet","https:\/\/x.com\/SvenskaMagasine"]},{"@type":"Person","@id":"https:\/\/lightweb.dev\/l\/svm-temp\/#\/schema\/person\/206a3bda5b607b0c25e1749191e4d837","name":"Redaktionen SvM","description":"Redaktionen","sameAs":["https:\/\/lightweb.dev\/l\/svm-temp"],"url":"https:\/\/lightweb.dev\/l\/svm-temp\/reporter\/redaktionen\/"}]}},"_links":{"self":[{"href":"https:\/\/lightweb.dev\/l\/svm-temp\/wp-json\/wp\/v2\/posts\/4536","targetHints":{"allow":["GET"]}}],"collection":[{"href":"https:\/\/lightweb.dev\/l\/svm-temp\/wp-json\/wp\/v2\/posts"}],"about":[{"href":"https:\/\/lightweb.dev\/l\/svm-temp\/wp-json\/wp\/v2\/types\/post"}],"author":[{"embeddable":true,"href":"https:\/\/lightweb.dev\/l\/svm-temp\/wp-json\/wp\/v2\/users\/8"}],"replies":[{"embeddable":true,"href":"https:\/\/lightweb.dev\/l\/svm-temp\/wp-json\/wp\/v2\/comments?post=4536"}],"version-history":[{"count":0,"href":"https:\/\/lightweb.dev\/l\/svm-temp\/wp-json\/wp\/v2\/posts\/4536\/revisions"}],"wp:featuredmedia":[{"embeddable":true,"href":"https:\/\/lightweb.dev\/l\/svm-temp\/wp-json\/wp\/v2\/media\/4537"}],"wp:attachment":[{"href":"https:\/\/lightweb.dev\/l\/svm-temp\/wp-json\/wp\/v2\/media?parent=4536"}],"wp:term":[{"taxonomy":"category","embeddable":true,"href":"https:\/\/lightweb.dev\/l\/svm-temp\/wp-json\/wp\/v2\/categories?post=4536"},{"taxonomy":"post_tag","embeddable":true,"href":"https:\/\/lightweb.dev\/l\/svm-temp\/wp-json\/wp\/v2\/tags?post=4536"}],"curies":[{"name":"wp","href":"https:\/\/api.w.org\/{rel}","templated":true}]}}