{"id":4538,"date":"2014-06-11T00:00:00","date_gmt":"2014-06-10T22:00:00","guid":{"rendered":"https:\/\/lightweb.dev\/l\/svm-temp\/graciela-yuste-carlstrom-och-tango-kansla-passion-nostalgi-och-mycket-romantik\/"},"modified":"2014-06-11T00:00:00","modified_gmt":"2014-06-10T22:00:00","slug":"graciela-yuste-carlstrom-och-tango-kansla-passion-nostalgi-och-mycket-romantik","status":"publish","type":"post","link":"https:\/\/lightweb.dev\/l\/svm-temp\/artiklar\/graciela-yuste-carlstrom-och-tango-kansla-passion-nostalgi-och-mycket-romantik\/","title":{"rendered":"Graciela Yuste Carlstr\u00f6m och tango: \u201dK\u00e4nsla, passion, nostalgi och mycket romantik\u201d"},"content":{"rendered":"<p> Vi kunde se s\u00e5ngaren och l\u00e5tskrivaren Graciela Yuste Carlstr\u00f6m g\u00f6ra stor succ\u00e9 i en fullsatt Teatro Echegaray i M\u00e1laga den 8 maj. Ifjol bildade hon gruppen Camale\u00f3n Tango tillsammans med de professionella musikerna och dansarna Daniel L\u00f3pez, David Su\u00e1rez och Arlene Mart\u00ednez f\u00f6r att skildra den gyllene epoken i R\u00edo de la Plata. Du har m\u00f6jlighet att se henne under hela sommaren d\u00e5 hon upptr\u00e4der i Torremolinos varje veckoslut. Ola Josefsson<\/p>\n<p>Det var en komplett musik-och dansshow med bandone\u00f3n, gitarr, s\u00e5ng, dans, kl\u00e4nningar, kostymer och koreografi. En f\u00e4rgsprakande show med tango som huvudtema. Tango som av Unescos utsetts som ett m\u00e4nskligt kulturarv.<br \/>\nEn av de k\u00e4nda tangomelodierna som framf\u00f6rdes var \u201dMilonga sentimental\u201d som framf\u00f6rdes p\u00e5 1930-talet av Carlos Gardel. Melodin och texten skrevs av Sebasti\u00e1n Piana och Homero Manzi. Under ledning av Graciela Yuste Carlstr\u00f6m p\u00e5 s\u00e5ng och gitarr framf\u00f6rdes personliga tolkningar av k\u00e4nda \u201dComo dos extra\u00f1os\u201d och \u201dCambalache\u201d.<\/p>\n<p>Graciela Yuste Carlstr\u00f6m \u00e4r f\u00f6dd i tangons hemland Argentina. I stadsdelen La Boca i Buenos Aires. N\u00e4r jag tr\u00e4ffar Graciela f\u00f6r en intervju i Rinc\u00f3n de la Victoria \u00f6ster om M\u00e1laga ber\u00e4ttar hon om fotbollslaget Boca Junior som spelar i bl\u00e5tt och gult.<br \/>\n&#8211; Fr\u00e5n La Boca kommer det ber\u00f6mda fotbollslaget Boca Junior som spelar i Sveriges f\u00e4rger. Det var fyra pojkar som startade klubben f\u00f6r \u00f6ver hundra \u00e5r sedan. De tog f\u00e4rgerna fr\u00e5n en svensk flagga som som satt p\u00e5 ett svenskt fartyg i hamnen.<\/p>\n<p>Flera av gatorna och kajerna i Buenos Aires \u00e4r lagda med sten fr\u00e5n Sverige ber\u00e4ttar Graciela Yuste Carlstr\u00f6m som har varit bosatt i Sverige i n\u00e4stan tio \u00e5r.<br \/>\n&#8211; N\u00e4r jag var 18 \u00e5r visades Ingemar Bergman-filmer p\u00e5 tv i Argentina. Filmerna hade undertext s\u00e5 det var f\u00f6rsta g\u00e5ngen jag h\u00f6rde svenska. Minns att jag f\u00f6rst tyckte filmerna var lite m\u00e4rkliga, annorlunda. Nu \u00e4r jag imponerad av Ingemar Bergmans storhet.<\/p>\n<p>Graciela Yuste Carlstr\u00f6m \u00e4r en mycket framst\u00e5ende musiker och komposit\u00f6r i Argentina. M\u00e5nga k\u00e4nner till henne. Hon har skrivit musik till artister som Mercedes Sosa och Cinco Latina och hon har t\u00e4vlat flera g\u00e5nger f\u00f6r Argentina vid olika musikfestivaler. Hon l\u00e4mnade landet 1978 p\u00e5 grund av milit\u00e4rjuntan. Hon ville inte att de skulle styra hennes liv.<br \/>\n&#8211; Jag hade en bra karri\u00e4r i Argentina men valde att flytta 25 \u00e5r gammal.<br \/>\nI rask takt klarade hon av Madrid, Paris, Barcelona, Milano innan hon kom till Teneriffa och Playa de las Am\u00e9ricas. Det var h\u00e4r Graciela fick kontakt med Sverige. Hon tr\u00e4ffade en svensk man och flyttade 1990 till Mora i Dalarna och b\u00f6rjade studera svenska.<\/p>\n<p>H\u00e4r fanns Bosse Gathu som hade spelat i bandet Con\u00b4s Combo som var stora i Argentina under 1960-talet. Con\u00b4s Combo har ibland beskrivits som Sveriges mest ok\u00e4nda v\u00e4rldsband med flera tv-framtr\u00e4danden i veckan, spelningar inf\u00f6r mer \u00e4n 30.000 \u00e5sk\u00e5dare och ett gigantiskt mediauppb\u00e5d i Sydamerika.<br \/>\n&#8211; Det var fina \u00e5r i Sverige. Fantastiskt att f\u00e5 se norrsken. Min mamma trodde att det var ljus fr\u00e5n ett diskotek i skogen&#8230;<\/p>\n<p>Graciela deltog vid s\u00e5ngspelet 1998 vid Mora Folkh\u00f6gskola. Tillsammans med P-E Ernlund har hon komponerat musik till Anders Zorn-spelet. Men det \u00e4r tangon som har legat Graciela Yuste Carlstr\u00f6m varmast om hj\u00e4rtat och hon har arbetat med flera tango-komposit\u00f6rer.<\/p>\n<p>  I maj gjorde hon stor succ\u00e9 vid Camale\u00f3n Tango Konsert p\u00e5 Teatro Echegaray i M\u00e1laga. Fullsatt salong slutade med st\u00e5ende ovationer f\u00f6r Graciela som hade satt ihop hela konceptet.<br \/>\n&#8211; Jag har upptr\u00e4tt p\u00e5 Echegaray tv\u00e5 g\u00e5nger. Det h\u00e4r var f\u00f6rsta g\u00e5ngen med n\u00e5gra av mina egna l\u00e5tar. Det var fantastiskt roligt, s\u00e4ger Graciela som \u00e4ven upptr\u00e4dde p\u00e5 Nerjas teater den 4 april inf\u00f6r 300 personer.<\/p>\n<p>Camale\u00f3n Tango var en 90 minuter l\u00e5ng show som gav publiken en musikalisk upplevelse och magisk atmosf\u00e4r med den mest sensuella rytmen genom tiderna. Det \u00e4r 40-talet i R\u00edo de la Plata och den gyllene epoken f\u00f6r tango. Gitarr, s\u00e5ng, dans, tangokl\u00e4nningar och kostymer h\u00e4mtade fr\u00e5n tango som av Unesco betecknas som kulturarv. Ett levande monument som \u00f6verlevt trots alla moderna stilar och trender under ett sekel.<br \/>\nTangons guldepok var p\u00e5 1940-talet och det \u00e4r den som Graciela vill skildra.<br \/>\n&#8211; Det \u00e4r originella versioner som jag framf\u00f6r p\u00e5 mitt s\u00e4tt eller efter min egen tolkning.<\/p>\n<p>Vad \u00e4r tango?<br \/>\n&#8211; Det \u00e4r en k\u00e4nsla, en passion och nostalgi. Det \u00e4r stark takt och mycket romantik.<\/p>\n<p>Tangon f\u00f6ddes ur en blandning av flera olika folkslag. I likhet med andra latindanser kan tangon sp\u00e5ras till Afrika. Med slavhandeln f\u00f6ljde danser, s\u00e5nger och rytmer. Det var ungdomarna i Argentina som tog tangon till sig och det blev deras egen musik. Man tror att sj\u00e4lva ordet tango h\u00e4rr\u00f6r fr\u00e5n ordet tangano som var en dans som de afrikanska slavarna f\u00f6rde med sig. Tidigare hade Bandone\u00f3n kommit fr\u00e5n Tyskland, det \u00e4r ett l\u00e5dliknande knappdragspel och bidrog till tangon i Argentina.<\/p>\n<p>Tangon var i b\u00f6rjan synonymt med hamnkvarteren i Buenos Aires. I b\u00f6rjan dansade m\u00e4n med m\u00e4n eftersom det inte fanns n\u00e5gra kvinnor, d\u00e5 kvinnorna fanns p\u00e5 bordellerna. Tangon var utsatt f\u00f6r m\u00e5nga angrepp, den fick d\u00e5ligt rykte och var under en period inte accepterad. Tangon beskrevs som \u201dmusik fr\u00e5n bordeller\u201d. N\u00e4r tangon kom till Frankrike blev den accepterad och populariteten v\u00e4xte.<\/p>\n<p>Under sommaren spelar Graciela Yuste Carlstr\u00f6m fredagar och l\u00f6rdagar klockan 21 p\u00e5 restaurangen La Parrillada Argentina p\u00e5 Calle Salvador Allende 44 , local 6 i stadsdelen La Carihuela i Torremolinos.<br \/>\n&#8211; H\u00e4r blir det en bred repertoar med latinmusik, fado, bossanova, tango och jazz.<\/p>\n","protected":false},"excerpt":{"rendered":"<p>Vi kunde se s\u00e5ngaren och l\u00e5tskrivaren Graciela Yuste Carlstr\u00f6m g\u00f6ra stor succ\u00e9 i en fullsatt Teatro Echegaray i M\u00e1laga den 8 maj. Ifjol bildade hon gruppen Camale\u00f3n Tango tillsammans med de professionella musikerna och dansarna Daniel L\u00f3pez, David Su\u00e1rez och Arlene Mart\u00ednez f\u00f6r att skildra den gyllene epoken i R\u00edo de la Plata. Du har [&hellip;]<\/p>\n","protected":false},"author":8,"featured_media":4539,"comment_status":"open","ping_status":"open","sticky":false,"template":"","format":"standard","meta":{"_et_pb_use_builder":"","_et_pb_old_content":"","_et_gb_content_width":"","footnotes":""},"categories":[4,45],"tags":[],"class_list":["post-4538","post","type-post","status-publish","format-standard","has-post-thumbnail","hentry","category-artiklar","category-kultur"],"yoast_head":"<!-- This site is optimized with the Yoast SEO Premium plugin v26.2 (Yoast SEO v27.4) - https:\/\/yoast.com\/product\/yoast-seo-premium-wordpress\/ -->\n<title>Graciela Yuste Carlstr\u00f6m och tango: \u201dK\u00e4nsla, passion, nostalgi och mycket romantik\u201d - Svenska Magasinet<\/title>\n<meta name=\"robots\" content=\"noindex, follow, max-snippet:-1, max-image-preview:large, max-video-preview:-1\" \/>\n<meta property=\"og:locale\" content=\"sv_SE\" \/>\n<meta property=\"og:type\" content=\"article\" \/>\n<meta property=\"og:title\" content=\"Graciela Yuste Carlstr\u00f6m och tango: \u201dK\u00e4nsla, passion, nostalgi och mycket romantik\u201d\" \/>\n<meta property=\"og:description\" content=\"Vi kunde se s\u00e5ngaren och l\u00e5tskrivaren Graciela Yuste Carlstr\u00f6m g\u00f6ra stor succ\u00e9 i en fullsatt Teatro Echegaray i M\u00e1laga den 8 maj. Ifjol bildade hon gruppen Camale\u00f3n Tango tillsammans med de professionella musikerna och dansarna Daniel L\u00f3pez, David Su\u00e1rez och Arlene Mart\u00ednez f\u00f6r att skildra den gyllene epoken i R\u00edo de la Plata. Du har [&hellip;]\" \/>\n<meta property=\"og:url\" content=\"https:\/\/lightweb.dev\/l\/svm-temp\/artiklar\/graciela-yuste-carlstrom-och-tango-kansla-passion-nostalgi-och-mycket-romantik\/\" \/>\n<meta property=\"og:site_name\" content=\"Svenska Magasinet\" \/>\n<meta property=\"article:publisher\" content=\"https:\/\/www.facebook.com\/svenskamagasinet\" \/>\n<meta property=\"article:published_time\" content=\"2014-06-10T22:00:00+00:00\" \/>\n<meta property=\"og:image\" content=\"https:\/\/lightweb.dev\/l\/svm-temp\/wp-content\/uploads\/2022\/04\/graciela-yuste-carlstrm-och-tango-knsla-passion-nostalgi-och-mycket-romantik.png\" \/>\n\t<meta property=\"og:image:width\" content=\"280\" \/>\n\t<meta property=\"og:image:height\" content=\"322\" \/>\n\t<meta property=\"og:image:type\" content=\"image\/png\" \/>\n<meta name=\"author\" content=\"Redaktionen SvM\" \/>\n<meta name=\"twitter:card\" content=\"summary_large_image\" \/>\n<meta name=\"twitter:creator\" content=\"@SvenskaMagasine\" \/>\n<meta name=\"twitter:site\" content=\"@SvenskaMagasine\" \/>\n<script type=\"application\/ld+json\" class=\"yoast-schema-graph\">{\"@context\":\"https:\\\/\\\/schema.org\",\"@graph\":[{\"@type\":\"Article\",\"@id\":\"https:\\\/\\\/lightweb.dev\\\/l\\\/svm-temp\\\/artiklar\\\/graciela-yuste-carlstrom-och-tango-kansla-passion-nostalgi-och-mycket-romantik\\\/#article\",\"isPartOf\":{\"@id\":\"https:\\\/\\\/lightweb.dev\\\/l\\\/svm-temp\\\/artiklar\\\/graciela-yuste-carlstrom-och-tango-kansla-passion-nostalgi-och-mycket-romantik\\\/\"},\"author\":{\"name\":\"Redaktionen SvM\",\"@id\":\"https:\\\/\\\/lightweb.dev\\\/l\\\/svm-temp\\\/#\\\/schema\\\/person\\\/206a3bda5b607b0c25e1749191e4d837\"},\"headline\":\"Graciela Yuste Carlstr\u00f6m och tango: \u201dK\u00e4nsla, passion, nostalgi och mycket romantik\u201d\",\"datePublished\":\"2014-06-10T22:00:00+00:00\",\"mainEntityOfPage\":{\"@id\":\"https:\\\/\\\/lightweb.dev\\\/l\\\/svm-temp\\\/artiklar\\\/graciela-yuste-carlstrom-och-tango-kansla-passion-nostalgi-och-mycket-romantik\\\/\"},\"wordCount\":1027,\"commentCount\":0,\"publisher\":{\"@id\":\"https:\\\/\\\/lightweb.dev\\\/l\\\/svm-temp\\\/#organization\"},\"image\":{\"@id\":\"https:\\\/\\\/lightweb.dev\\\/l\\\/svm-temp\\\/artiklar\\\/graciela-yuste-carlstrom-och-tango-kansla-passion-nostalgi-och-mycket-romantik\\\/#primaryimage\"},\"thumbnailUrl\":\"https:\\\/\\\/lightweb.dev\\\/l\\\/svm-temp\\\/wp-content\\\/uploads\\\/2022\\\/04\\\/graciela-yuste-carlstrm-och-tango-knsla-passion-nostalgi-och-mycket-romantik.png\",\"articleSection\":[\"Artiklar\",\"Kultur &amp; historia\"],\"inLanguage\":\"sv-SE\"},{\"@type\":\"WebPage\",\"@id\":\"https:\\\/\\\/lightweb.dev\\\/l\\\/svm-temp\\\/artiklar\\\/graciela-yuste-carlstrom-och-tango-kansla-passion-nostalgi-och-mycket-romantik\\\/\",\"url\":\"https:\\\/\\\/lightweb.dev\\\/l\\\/svm-temp\\\/artiklar\\\/graciela-yuste-carlstrom-och-tango-kansla-passion-nostalgi-och-mycket-romantik\\\/\",\"name\":\"Graciela Yuste Carlstr\u00f6m och tango: \u201dK\u00e4nsla, passion, nostalgi och mycket romantik\u201d - Svenska Magasinet\",\"isPartOf\":{\"@id\":\"https:\\\/\\\/lightweb.dev\\\/l\\\/svm-temp\\\/#website\"},\"primaryImageOfPage\":{\"@id\":\"https:\\\/\\\/lightweb.dev\\\/l\\\/svm-temp\\\/artiklar\\\/graciela-yuste-carlstrom-och-tango-kansla-passion-nostalgi-och-mycket-romantik\\\/#primaryimage\"},\"image\":{\"@id\":\"https:\\\/\\\/lightweb.dev\\\/l\\\/svm-temp\\\/artiklar\\\/graciela-yuste-carlstrom-och-tango-kansla-passion-nostalgi-och-mycket-romantik\\\/#primaryimage\"},\"thumbnailUrl\":\"https:\\\/\\\/lightweb.dev\\\/l\\\/svm-temp\\\/wp-content\\\/uploads\\\/2022\\\/04\\\/graciela-yuste-carlstrm-och-tango-knsla-passion-nostalgi-och-mycket-romantik.png\",\"datePublished\":\"2014-06-10T22:00:00+00:00\",\"breadcrumb\":{\"@id\":\"https:\\\/\\\/lightweb.dev\\\/l\\\/svm-temp\\\/artiklar\\\/graciela-yuste-carlstrom-och-tango-kansla-passion-nostalgi-och-mycket-romantik\\\/#breadcrumb\"},\"inLanguage\":\"sv-SE\",\"potentialAction\":[{\"@type\":\"ReadAction\",\"target\":[\"https:\\\/\\\/lightweb.dev\\\/l\\\/svm-temp\\\/artiklar\\\/graciela-yuste-carlstrom-och-tango-kansla-passion-nostalgi-och-mycket-romantik\\\/\"]}]},{\"@type\":\"ImageObject\",\"inLanguage\":\"sv-SE\",\"@id\":\"https:\\\/\\\/lightweb.dev\\\/l\\\/svm-temp\\\/artiklar\\\/graciela-yuste-carlstrom-och-tango-kansla-passion-nostalgi-och-mycket-romantik\\\/#primaryimage\",\"url\":\"https:\\\/\\\/lightweb.dev\\\/l\\\/svm-temp\\\/wp-content\\\/uploads\\\/2022\\\/04\\\/graciela-yuste-carlstrm-och-tango-knsla-passion-nostalgi-och-mycket-romantik.png\",\"contentUrl\":\"https:\\\/\\\/lightweb.dev\\\/l\\\/svm-temp\\\/wp-content\\\/uploads\\\/2022\\\/04\\\/graciela-yuste-carlstrm-och-tango-knsla-passion-nostalgi-och-mycket-romantik.png\",\"width\":280,\"height\":322},{\"@type\":\"BreadcrumbList\",\"@id\":\"https:\\\/\\\/lightweb.dev\\\/l\\\/svm-temp\\\/artiklar\\\/graciela-yuste-carlstrom-och-tango-kansla-passion-nostalgi-och-mycket-romantik\\\/#breadcrumb\",\"itemListElement\":[{\"@type\":\"ListItem\",\"position\":1,\"name\":\"Hem\",\"item\":\"https:\\\/\\\/lightweb.dev\\\/l\\\/svm-temp\\\/\"},{\"@type\":\"ListItem\",\"position\":2,\"name\":\"Graciela Yuste Carlstr\u00f6m och tango: \u201dK\u00e4nsla, passion, nostalgi och mycket romantik\u201d\"}]},{\"@type\":\"WebSite\",\"@id\":\"https:\\\/\\\/lightweb.dev\\\/l\\\/svm-temp\\\/#website\",\"url\":\"https:\\\/\\\/lightweb.dev\\\/l\\\/svm-temp\\\/\",\"name\":\"Svenska Magasinet\",\"description\":\"Dina Spanska nyheter p&aring; Svenska\",\"publisher\":{\"@id\":\"https:\\\/\\\/lightweb.dev\\\/l\\\/svm-temp\\\/#organization\"},\"potentialAction\":[{\"@type\":\"SearchAction\",\"target\":{\"@type\":\"EntryPoint\",\"urlTemplate\":\"https:\\\/\\\/lightweb.dev\\\/l\\\/svm-temp\\\/?s={search_term_string}\"},\"query-input\":{\"@type\":\"PropertyValueSpecification\",\"valueRequired\":true,\"valueName\":\"search_term_string\"}}],\"inLanguage\":\"sv-SE\"},{\"@type\":\"Organization\",\"@id\":\"https:\\\/\\\/lightweb.dev\\\/l\\\/svm-temp\\\/#organization\",\"name\":\"Melkerson y Nott SL\",\"alternateName\":\"Svenska Magasinet\",\"url\":\"https:\\\/\\\/lightweb.dev\\\/l\\\/svm-temp\\\/\",\"logo\":{\"@type\":\"ImageObject\",\"inLanguage\":\"sv-SE\",\"@id\":\"https:\\\/\\\/lightweb.dev\\\/l\\\/svm-temp\\\/#\\\/schema\\\/logo\\\/image\\\/\",\"url\":\"https:\\\/\\\/lightweb.dev\\\/l\\\/svm-temp\\\/wp-content\\\/uploads\\\/2025\\\/02\\\/SvM-logo-Xtra-Centrerad-SVART.png\",\"contentUrl\":\"https:\\\/\\\/lightweb.dev\\\/l\\\/svm-temp\\\/wp-content\\\/uploads\\\/2025\\\/02\\\/SvM-logo-Xtra-Centrerad-SVART.png\",\"width\":300,\"height\":99,\"caption\":\"Melkerson y Nott SL\"},\"image\":{\"@id\":\"https:\\\/\\\/lightweb.dev\\\/l\\\/svm-temp\\\/#\\\/schema\\\/logo\\\/image\\\/\"},\"sameAs\":[\"https:\\\/\\\/www.facebook.com\\\/svenskamagasinet\",\"https:\\\/\\\/x.com\\\/SvenskaMagasine\"]},{\"@type\":\"Person\",\"@id\":\"https:\\\/\\\/lightweb.dev\\\/l\\\/svm-temp\\\/#\\\/schema\\\/person\\\/206a3bda5b607b0c25e1749191e4d837\",\"name\":\"Redaktionen SvM\",\"description\":\"Redaktionen\",\"sameAs\":[\"https:\\\/\\\/lightweb.dev\\\/l\\\/svm-temp\"],\"url\":\"https:\\\/\\\/lightweb.dev\\\/l\\\/svm-temp\\\/reporter\\\/redaktionen\\\/\"}]}<\/script>\n<!-- \/ Yoast SEO Premium plugin. -->","yoast_head_json":{"title":"Graciela Yuste Carlstr\u00f6m och tango: \u201dK\u00e4nsla, passion, nostalgi och mycket romantik\u201d - Svenska Magasinet","robots":{"index":"noindex","follow":"follow","max-snippet":"max-snippet:-1","max-image-preview":"max-image-preview:large","max-video-preview":"max-video-preview:-1"},"og_locale":"sv_SE","og_type":"article","og_title":"Graciela Yuste Carlstr\u00f6m och tango: \u201dK\u00e4nsla, passion, nostalgi och mycket romantik\u201d","og_description":"Vi kunde se s\u00e5ngaren och l\u00e5tskrivaren Graciela Yuste Carlstr\u00f6m g\u00f6ra stor succ\u00e9 i en fullsatt Teatro Echegaray i M\u00e1laga den 8 maj. Ifjol bildade hon gruppen Camale\u00f3n Tango tillsammans med de professionella musikerna och dansarna Daniel L\u00f3pez, David Su\u00e1rez och Arlene Mart\u00ednez f\u00f6r att skildra den gyllene epoken i R\u00edo de la Plata. Du har [&hellip;]","og_url":"https:\/\/lightweb.dev\/l\/svm-temp\/artiklar\/graciela-yuste-carlstrom-och-tango-kansla-passion-nostalgi-och-mycket-romantik\/","og_site_name":"Svenska Magasinet","article_publisher":"https:\/\/www.facebook.com\/svenskamagasinet","article_published_time":"2014-06-10T22:00:00+00:00","og_image":[{"width":280,"height":322,"url":"https:\/\/lightweb.dev\/l\/svm-temp\/wp-content\/uploads\/2022\/04\/graciela-yuste-carlstrm-och-tango-knsla-passion-nostalgi-och-mycket-romantik.png","type":"image\/png"}],"author":"Redaktionen SvM","twitter_card":"summary_large_image","twitter_creator":"@SvenskaMagasine","twitter_site":"@SvenskaMagasine","schema":{"@context":"https:\/\/schema.org","@graph":[{"@type":"Article","@id":"https:\/\/lightweb.dev\/l\/svm-temp\/artiklar\/graciela-yuste-carlstrom-och-tango-kansla-passion-nostalgi-och-mycket-romantik\/#article","isPartOf":{"@id":"https:\/\/lightweb.dev\/l\/svm-temp\/artiklar\/graciela-yuste-carlstrom-och-tango-kansla-passion-nostalgi-och-mycket-romantik\/"},"author":{"name":"Redaktionen SvM","@id":"https:\/\/lightweb.dev\/l\/svm-temp\/#\/schema\/person\/206a3bda5b607b0c25e1749191e4d837"},"headline":"Graciela Yuste Carlstr\u00f6m och tango: \u201dK\u00e4nsla, passion, nostalgi och mycket romantik\u201d","datePublished":"2014-06-10T22:00:00+00:00","mainEntityOfPage":{"@id":"https:\/\/lightweb.dev\/l\/svm-temp\/artiklar\/graciela-yuste-carlstrom-och-tango-kansla-passion-nostalgi-och-mycket-romantik\/"},"wordCount":1027,"commentCount":0,"publisher":{"@id":"https:\/\/lightweb.dev\/l\/svm-temp\/#organization"},"image":{"@id":"https:\/\/lightweb.dev\/l\/svm-temp\/artiklar\/graciela-yuste-carlstrom-och-tango-kansla-passion-nostalgi-och-mycket-romantik\/#primaryimage"},"thumbnailUrl":"https:\/\/lightweb.dev\/l\/svm-temp\/wp-content\/uploads\/2022\/04\/graciela-yuste-carlstrm-och-tango-knsla-passion-nostalgi-och-mycket-romantik.png","articleSection":["Artiklar","Kultur &amp; historia"],"inLanguage":"sv-SE"},{"@type":"WebPage","@id":"https:\/\/lightweb.dev\/l\/svm-temp\/artiklar\/graciela-yuste-carlstrom-och-tango-kansla-passion-nostalgi-och-mycket-romantik\/","url":"https:\/\/lightweb.dev\/l\/svm-temp\/artiklar\/graciela-yuste-carlstrom-och-tango-kansla-passion-nostalgi-och-mycket-romantik\/","name":"Graciela Yuste Carlstr\u00f6m och tango: \u201dK\u00e4nsla, passion, nostalgi och mycket romantik\u201d - Svenska Magasinet","isPartOf":{"@id":"https:\/\/lightweb.dev\/l\/svm-temp\/#website"},"primaryImageOfPage":{"@id":"https:\/\/lightweb.dev\/l\/svm-temp\/artiklar\/graciela-yuste-carlstrom-och-tango-kansla-passion-nostalgi-och-mycket-romantik\/#primaryimage"},"image":{"@id":"https:\/\/lightweb.dev\/l\/svm-temp\/artiklar\/graciela-yuste-carlstrom-och-tango-kansla-passion-nostalgi-och-mycket-romantik\/#primaryimage"},"thumbnailUrl":"https:\/\/lightweb.dev\/l\/svm-temp\/wp-content\/uploads\/2022\/04\/graciela-yuste-carlstrm-och-tango-knsla-passion-nostalgi-och-mycket-romantik.png","datePublished":"2014-06-10T22:00:00+00:00","breadcrumb":{"@id":"https:\/\/lightweb.dev\/l\/svm-temp\/artiklar\/graciela-yuste-carlstrom-och-tango-kansla-passion-nostalgi-och-mycket-romantik\/#breadcrumb"},"inLanguage":"sv-SE","potentialAction":[{"@type":"ReadAction","target":["https:\/\/lightweb.dev\/l\/svm-temp\/artiklar\/graciela-yuste-carlstrom-och-tango-kansla-passion-nostalgi-och-mycket-romantik\/"]}]},{"@type":"ImageObject","inLanguage":"sv-SE","@id":"https:\/\/lightweb.dev\/l\/svm-temp\/artiklar\/graciela-yuste-carlstrom-och-tango-kansla-passion-nostalgi-och-mycket-romantik\/#primaryimage","url":"https:\/\/lightweb.dev\/l\/svm-temp\/wp-content\/uploads\/2022\/04\/graciela-yuste-carlstrm-och-tango-knsla-passion-nostalgi-och-mycket-romantik.png","contentUrl":"https:\/\/lightweb.dev\/l\/svm-temp\/wp-content\/uploads\/2022\/04\/graciela-yuste-carlstrm-och-tango-knsla-passion-nostalgi-och-mycket-romantik.png","width":280,"height":322},{"@type":"BreadcrumbList","@id":"https:\/\/lightweb.dev\/l\/svm-temp\/artiklar\/graciela-yuste-carlstrom-och-tango-kansla-passion-nostalgi-och-mycket-romantik\/#breadcrumb","itemListElement":[{"@type":"ListItem","position":1,"name":"Hem","item":"https:\/\/lightweb.dev\/l\/svm-temp\/"},{"@type":"ListItem","position":2,"name":"Graciela Yuste Carlstr\u00f6m och tango: \u201dK\u00e4nsla, passion, nostalgi och mycket romantik\u201d"}]},{"@type":"WebSite","@id":"https:\/\/lightweb.dev\/l\/svm-temp\/#website","url":"https:\/\/lightweb.dev\/l\/svm-temp\/","name":"Svenska Magasinet","description":"Dina Spanska nyheter p&aring; Svenska","publisher":{"@id":"https:\/\/lightweb.dev\/l\/svm-temp\/#organization"},"potentialAction":[{"@type":"SearchAction","target":{"@type":"EntryPoint","urlTemplate":"https:\/\/lightweb.dev\/l\/svm-temp\/?s={search_term_string}"},"query-input":{"@type":"PropertyValueSpecification","valueRequired":true,"valueName":"search_term_string"}}],"inLanguage":"sv-SE"},{"@type":"Organization","@id":"https:\/\/lightweb.dev\/l\/svm-temp\/#organization","name":"Melkerson y Nott SL","alternateName":"Svenska Magasinet","url":"https:\/\/lightweb.dev\/l\/svm-temp\/","logo":{"@type":"ImageObject","inLanguage":"sv-SE","@id":"https:\/\/lightweb.dev\/l\/svm-temp\/#\/schema\/logo\/image\/","url":"https:\/\/lightweb.dev\/l\/svm-temp\/wp-content\/uploads\/2025\/02\/SvM-logo-Xtra-Centrerad-SVART.png","contentUrl":"https:\/\/lightweb.dev\/l\/svm-temp\/wp-content\/uploads\/2025\/02\/SvM-logo-Xtra-Centrerad-SVART.png","width":300,"height":99,"caption":"Melkerson y Nott SL"},"image":{"@id":"https:\/\/lightweb.dev\/l\/svm-temp\/#\/schema\/logo\/image\/"},"sameAs":["https:\/\/www.facebook.com\/svenskamagasinet","https:\/\/x.com\/SvenskaMagasine"]},{"@type":"Person","@id":"https:\/\/lightweb.dev\/l\/svm-temp\/#\/schema\/person\/206a3bda5b607b0c25e1749191e4d837","name":"Redaktionen SvM","description":"Redaktionen","sameAs":["https:\/\/lightweb.dev\/l\/svm-temp"],"url":"https:\/\/lightweb.dev\/l\/svm-temp\/reporter\/redaktionen\/"}]}},"_links":{"self":[{"href":"https:\/\/lightweb.dev\/l\/svm-temp\/wp-json\/wp\/v2\/posts\/4538","targetHints":{"allow":["GET"]}}],"collection":[{"href":"https:\/\/lightweb.dev\/l\/svm-temp\/wp-json\/wp\/v2\/posts"}],"about":[{"href":"https:\/\/lightweb.dev\/l\/svm-temp\/wp-json\/wp\/v2\/types\/post"}],"author":[{"embeddable":true,"href":"https:\/\/lightweb.dev\/l\/svm-temp\/wp-json\/wp\/v2\/users\/8"}],"replies":[{"embeddable":true,"href":"https:\/\/lightweb.dev\/l\/svm-temp\/wp-json\/wp\/v2\/comments?post=4538"}],"version-history":[{"count":0,"href":"https:\/\/lightweb.dev\/l\/svm-temp\/wp-json\/wp\/v2\/posts\/4538\/revisions"}],"wp:featuredmedia":[{"embeddable":true,"href":"https:\/\/lightweb.dev\/l\/svm-temp\/wp-json\/wp\/v2\/media\/4539"}],"wp:attachment":[{"href":"https:\/\/lightweb.dev\/l\/svm-temp\/wp-json\/wp\/v2\/media?parent=4538"}],"wp:term":[{"taxonomy":"category","embeddable":true,"href":"https:\/\/lightweb.dev\/l\/svm-temp\/wp-json\/wp\/v2\/categories?post=4538"},{"taxonomy":"post_tag","embeddable":true,"href":"https:\/\/lightweb.dev\/l\/svm-temp\/wp-json\/wp\/v2\/tags?post=4538"}],"curies":[{"name":"wp","href":"https:\/\/api.w.org\/{rel}","templated":true}]}}