{"id":4540,"date":"2014-06-11T00:00:00","date_gmt":"2014-06-10T22:00:00","guid":{"rendered":"https:\/\/lightweb.dev\/l\/svm-temp\/doden-pa-eftermiddagen\/"},"modified":"2014-06-11T00:00:00","modified_gmt":"2014-06-10T22:00:00","slug":"doden-pa-eftermiddagen","status":"publish","type":"post","link":"https:\/\/lightweb.dev\/l\/svm-temp\/artiklar\/doden-pa-eftermiddagen\/","title":{"rendered":"&#8221;D\u00f6den p\u00e5 eftermiddagen&#8221;"},"content":{"rendered":"<p> Tjurf\u00e4ktning? Ordet besvaras oftast med: Fy! Usch! Hemskt djurpl\u00e5geri! Medan det f\u00f6r andra betecknar fest, st\u00e4mning, sp\u00e4nning  och beundran. Text: Britt-Marie Ekman<\/p>\n<p>\u00c5r 2007 ans\u00e5g sig mer \u00e4n 70 procent av spanjorerna vara ointresserade och 2010 f\u00f6rbj\u00f6ds tjurf\u00e4ktning i Katalonien. Det var inte f\u00f6rsta g\u00e5ngen ett f\u00f6rbud utf\u00e4rdades. 1991 blev det f\u00f6rbud p\u00e5 Kanarie\u00f6arna, och redan 1567 kom en skrivelse fr\u00e5n d\u00e5varande p\u00e5ven att de kungar och potentater som gav tillst\u00e5nd till tjurf\u00e4ktning skulle bannlysas och de som dog p\u00e5 arenan utan att f\u00e5 sista sm\u00f6rjelsen inte fick begravas i vigd jord.<\/p>\n<p>Kung Filip II s\u00e5g till att allm\u00e4nheten inte fick ta del av p\u00e5vens beslut, f\u00f6r hur skulle man kunna fira kungliga br\u00f6llop, f\u00f6dslar, dop, utl\u00e4ndska statsbes\u00f6k segrar och f\u00f6rdrag utan tjurf\u00e4ktning?<br \/>\nN\u00e4sta p\u00e5ve, Clemens VII, tog tillbaka f\u00f6rbudet, och med benskydd fortsatte matadorerna sitt v\u00e4rv fram till 1726, d\u00e5 regler och mode skapades i Ronda av Pedro Romero och Joaquin Castillares. Reglerna f\u00f6ljs \u00e4n i dag: Tre matadorer ska inom tv\u00e5 timmar m\u00f6ta sex tjurar som lottas ut till dem. F\u00f6rest\u00e4llningen \u00e4r i tre akter d\u00e4r picadorer, banderilleros och matadorer medverkar. Nu kunde dj\u00e4rva m\u00e4n \u00e4ven ur underklassen bli f\u00f6rm\u00f6gna om de var duktiga matadorer.<\/p>\n<p>Tjurf\u00e4ktning en gammal sed<br \/>\nI grottan Lascaux i Frankrike finns en 12.000 \u00e5r gammal m\u00e5lning som visar en man p\u00e5 marken framf\u00f6r en tjur med s\u00e4nkta horn. I det 4.000 \u00e5r gamla mesopotamiska eposet Gilgamesh d\u00f6dar hj\u00e4lten en tjur med sitt sv\u00e4rd. En v\u00e4ggm\u00e5lning fr\u00e5n Knossos p\u00e5 Kreta visar en man som svingar sig \u00f6ver en tjur. Visigoterna (415-711) tr\u00e4nade brottning med tjurar, morerna nedlade tjurar fr\u00e5n h\u00e4stryggen med lansar, och efter 1492 blev det \u00f6verklassens favoritsport i fredstid att k\u00e4mpa med tjurar fr\u00e5n h\u00e4stryggen. Vid de stora festligheterna \u00f6kade antalet tjurf\u00e4ktningar. 25 tjurar kunde d\u00e5 dagligen d\u00f6das.<br \/>\nF\u00f6rest\u00e4llningarna h\u00f6lls p\u00e5 st\u00e4dernas torg, och s\u00e5 sm\u00e5ningom b\u00f6rjade man bygga s\u00e4rskilda arenor, d\u00e4r matadorerna till\u00e4gnade sin uppvisning n\u00e5gon s\u00e4rskild h\u00e4ndelse, t ex tillkomsten av konstitutionen i Cadiz 1812.<\/p>\n<p>Tjurf\u00e4ktning gav inkomster<br \/>\nUnder 1800-talet gav tjurf\u00e4ktning god avkastning p\u00e5 investerat kapital. Man kunde renovera kyrkor och kloster, v\u00e4gar och broar med pengar d\u00e4rifr\u00e5n. 1808  beh\u00f6vdes sadlar till ryttare mot Napoleons trupper och pengarna till dessa sadlar kom fr\u00e5n tjurf\u00e4ktning. 1829 t\u00e4ckte pengar fr\u00e5n sporten omh\u00e4ndertagande av jordb\u00e4vningsoffer. \u00c4ven koleradrabbade, krigsinvalider och \u00f6versv\u00e4mningsoffer fick hj\u00e4lp via<br \/>\ntjurf\u00e4ktningspengar i slutet av 1800-talet. K\u00f6tt fr\u00e5n tjurarna delades ut bland fattiga och soldater.<br \/>\nSpaniens bidrag till v\u00e4rldsutst\u00e4llningen i Paris var en upplyst tjurf\u00e4ktningsarena med r\u00f6rligt tak.<\/p>\n<p>  Turistmagnet som svalnade<br \/>\nTjurf\u00e4ktningen drog massor av turister till Spanien, nya arenor byggdes, hotell och restauranger blomstrade. Man skrev om tjurf\u00e4ktning, Hemingway  skapade med b\u00f6ckerna \u201cFiesta\u201d och \u201cD\u00f6den p\u00e5 eftermiddagen\u201d intresse f\u00f6r Spanien och tjurf\u00e4ktning.<br \/>\nSen kom s\u00e5 sm\u00e5ningom debatten emot sporten ig\u00e5ng och intresset har svalnat, men tillr\u00e4ckligt m\u00e5nga spanjorer vill inte ha ett f\u00f6rbud. EU ger jordbruksst\u00f6d \u00e5t tjuruppf\u00f6darna och man vill r\u00e4kna tjurf\u00e4ktning som en del av spansk kulturhistoria. En organisation, Mesa de Toros, vill att FN ska ha sporten p\u00e5 listan \u00f6ver Immateriella kulturer.<br \/>\nI dag finns omkring 700 arenor och cirka 40 matadorskolor.<br \/>\nN\u00e5gra kvinnor har varit f\u00f6rtj\u00e4nstfulla matadorer. Francisca Garcia i slutet av 1700-talet, Concita Cintron med 700 nedlagda djur och Christina Sanchez med 316 tjurar var aktiv 1993-99.<br \/>\nDe l\u00e4sare som inte \u00e4r \u00e4lskare av tjurf\u00e4ktning kan sluta l\u00e4sa h\u00e4r.<\/p>\n<p>Vad som h\u00e4nder p\u00e5 Corrida de Toros<br \/>\nBiljettpriser till en f\u00f6rest\u00e4llning varierar med avst\u00e5ndet till sj\u00e4lva sk\u00e5despelet och en plats i solen \u00e4r billigare \u00e4n en i skuggan.<br \/>\nInledningen best\u00e5r av en parad ledd av tv\u00e5 beridna alguacillos i plymhattar och svarta kl\u00e4der. De f\u00f6ljs av dem som sedan utf\u00f6r sj\u00e4lva f\u00f6rest\u00e4llningen. De h\u00e4lsar arenans president och domare och avl\u00e4gsnar sig sen.<br \/>\nS\u00e5 \u00e4r matadorer, och medhj\u00e4lpare p\u00e5 plats och tjuren sl\u00e4pps ut. Den rusar runt och matadoren pr\u00f6var dess r\u00f6relser och anv\u00e4nder d\u00e5 en mantel, en capa, som \u00e4r r\u00f6d med gult foder. En trumpetsignal leder till n\u00e4sta (och ot\u00e4ckaste) fasen: picadorernas. Tv\u00e5 ryttare p\u00e5 madrasserade h\u00e4star m\u00f6ter tjuren och sticker sin l\u00e5nga lans i tjurens nacke f\u00f6r att f\u00f6rsvaga dess nackmuskler. Picadorerna har ett begr\u00e4nsat r\u00f6relseomr\u00e5de och h\u00e4starna blir ibland omkullst\u00e5ngade.<br \/>\nEn ny signal och n\u00e4sta agerande springer in. De kallas banderilleros och de b\u00e4r p\u00e5 tv\u00e5 halvmeterl\u00e5nga k\u00e4ppar f\u00f6rsedda med vimplar i ena \u00e4nden och hullingar i den andra. Springande ska de m\u00f6ta den anfallande tjuren och s\u00e4tta fast k\u00e4pparna, los banderillos, i nacken \/ryggen p\u00e5 tjuren. Dessa 4-6 stycken banderillos h\u00e4nger sen fast i djuret.<\/p>\n<p>Slutligen kommer matadoren, nu med blodr\u00f6tt skynke, muleta, och v\u00e4rja. Han g\u00f6r sin uppvisning i olika turer som visar hur skicklig han \u00e4r att stillast\u00e5ende sv\u00e4nga muletan och undg\u00e5 tjurens utfall. Slutligen ger han  tjuren d\u00f6dsst\u00f6ten rakt genom hj\u00e4rtat med v\u00e4rjan, och lyckas han genast f\u00e5 djuret p\u00e5 fall \u00e4r han skicklig och bel\u00f6nas med tjurens ena eller b\u00e5da \u00f6ron och kanske till och med dess svans om han varit extra skicklig.  Efter ett \u00e4revarv p\u00e5 arenan, kanske p\u00e5 en medhj\u00e4lpares axlar, dras tjuren ut och en ny f\u00f6rest\u00e4llning med ny tjur och matador b\u00f6rjar.<br \/>\nP\u00e5 en corrida \u00e4r tjurarna \u00f6ver tv\u00e5 \u00e5r, g\u00e4rna fyra och stora, En novillada  sker med h\u00f6gst tv\u00e5 \u00e5r gamla och lite mindre djur.<br \/>\nP\u00e5 affischerna st\u00e5r tjuruppf\u00f6darnas namn och naturligtvis ocks\u00e5 matadorernas. S\u00e4songen f\u00f6r tjurf\u00e4ktning brukar b\u00f6rja i mars-april och h\u00e5ller p\u00e5 \u00f6ver sommaren. Under spansk vinter arbetar m\u00e5nga matadorer p\u00e5 arenor i Sydamerika och Mexico.<br \/>\nI skvallerpressen ber\u00e4ttas om duktiga matadorer i samma stil som om Oscarsbel\u00f6nade filmstj\u00e4rnor.<\/p>\n","protected":false},"excerpt":{"rendered":"<p>Tjurf\u00e4ktning? Ordet besvaras oftast med: Fy! Usch! Hemskt djurpl\u00e5geri! Medan det f\u00f6r andra betecknar fest, st\u00e4mning, sp\u00e4nning och beundran. Text: Britt-Marie Ekman \u00c5r 2007 ans\u00e5g sig mer \u00e4n 70 procent av spanjorerna vara ointresserade och 2010 f\u00f6rbj\u00f6ds tjurf\u00e4ktning i Katalonien. Det var inte f\u00f6rsta g\u00e5ngen ett f\u00f6rbud utf\u00e4rdades. 1991 blev det f\u00f6rbud p\u00e5 Kanarie\u00f6arna, och [&hellip;]<\/p>\n","protected":false},"author":8,"featured_media":4541,"comment_status":"open","ping_status":"open","sticky":false,"template":"","format":"standard","meta":{"_et_pb_use_builder":"","_et_pb_old_content":"","_et_gb_content_width":"","footnotes":""},"categories":[4,45],"tags":[],"class_list":["post-4540","post","type-post","status-publish","format-standard","has-post-thumbnail","hentry","category-artiklar","category-kultur"],"yoast_head":"<!-- This site is optimized with the Yoast SEO Premium plugin v26.2 (Yoast SEO v27.4) - https:\/\/yoast.com\/product\/yoast-seo-premium-wordpress\/ -->\n<title>&quot;D\u00f6den p\u00e5 eftermiddagen&quot; - Svenska Magasinet<\/title>\n<meta name=\"robots\" content=\"noindex, follow, max-snippet:-1, max-image-preview:large, max-video-preview:-1\" \/>\n<meta property=\"og:locale\" content=\"sv_SE\" \/>\n<meta property=\"og:type\" content=\"article\" \/>\n<meta property=\"og:title\" content=\"&quot;D\u00f6den p\u00e5 eftermiddagen&quot;\" \/>\n<meta property=\"og:description\" content=\"Tjurf\u00e4ktning? Ordet besvaras oftast med: Fy! Usch! Hemskt djurpl\u00e5geri! Medan det f\u00f6r andra betecknar fest, st\u00e4mning, sp\u00e4nning och beundran. Text: Britt-Marie Ekman \u00c5r 2007 ans\u00e5g sig mer \u00e4n 70 procent av spanjorerna vara ointresserade och 2010 f\u00f6rbj\u00f6ds tjurf\u00e4ktning i Katalonien. Det var inte f\u00f6rsta g\u00e5ngen ett f\u00f6rbud utf\u00e4rdades. 1991 blev det f\u00f6rbud p\u00e5 Kanarie\u00f6arna, och [&hellip;]\" \/>\n<meta property=\"og:url\" content=\"https:\/\/lightweb.dev\/l\/svm-temp\/artiklar\/doden-pa-eftermiddagen\/\" \/>\n<meta property=\"og:site_name\" content=\"Svenska Magasinet\" \/>\n<meta property=\"article:publisher\" content=\"https:\/\/www.facebook.com\/svenskamagasinet\" \/>\n<meta property=\"article:published_time\" content=\"2014-06-10T22:00:00+00:00\" \/>\n<meta property=\"og:image\" content=\"https:\/\/lightweb.dev\/l\/svm-temp\/wp-content\/uploads\/2022\/04\/dden-p-eftermiddagen.png\" \/>\n\t<meta property=\"og:image:width\" content=\"280\" \/>\n\t<meta property=\"og:image:height\" content=\"210\" \/>\n\t<meta property=\"og:image:type\" content=\"image\/png\" \/>\n<meta name=\"author\" content=\"Redaktionen SvM\" \/>\n<meta name=\"twitter:card\" content=\"summary_large_image\" \/>\n<meta name=\"twitter:creator\" content=\"@SvenskaMagasine\" \/>\n<meta name=\"twitter:site\" content=\"@SvenskaMagasine\" \/>\n<script type=\"application\/ld+json\" class=\"yoast-schema-graph\">{\"@context\":\"https:\\\/\\\/schema.org\",\"@graph\":[{\"@type\":\"Article\",\"@id\":\"https:\\\/\\\/lightweb.dev\\\/l\\\/svm-temp\\\/artiklar\\\/doden-pa-eftermiddagen\\\/#article\",\"isPartOf\":{\"@id\":\"https:\\\/\\\/lightweb.dev\\\/l\\\/svm-temp\\\/artiklar\\\/doden-pa-eftermiddagen\\\/\"},\"author\":{\"name\":\"Redaktionen SvM\",\"@id\":\"https:\\\/\\\/lightweb.dev\\\/l\\\/svm-temp\\\/#\\\/schema\\\/person\\\/206a3bda5b607b0c25e1749191e4d837\"},\"headline\":\"&#8221;D\u00f6den p\u00e5 eftermiddagen&#8221;\",\"datePublished\":\"2014-06-10T22:00:00+00:00\",\"mainEntityOfPage\":{\"@id\":\"https:\\\/\\\/lightweb.dev\\\/l\\\/svm-temp\\\/artiklar\\\/doden-pa-eftermiddagen\\\/\"},\"wordCount\":1072,\"commentCount\":0,\"publisher\":{\"@id\":\"https:\\\/\\\/lightweb.dev\\\/l\\\/svm-temp\\\/#organization\"},\"image\":{\"@id\":\"https:\\\/\\\/lightweb.dev\\\/l\\\/svm-temp\\\/artiklar\\\/doden-pa-eftermiddagen\\\/#primaryimage\"},\"thumbnailUrl\":\"https:\\\/\\\/lightweb.dev\\\/l\\\/svm-temp\\\/wp-content\\\/uploads\\\/2022\\\/04\\\/dden-p-eftermiddagen.png\",\"articleSection\":[\"Artiklar\",\"Kultur &amp; historia\"],\"inLanguage\":\"sv-SE\"},{\"@type\":\"WebPage\",\"@id\":\"https:\\\/\\\/lightweb.dev\\\/l\\\/svm-temp\\\/artiklar\\\/doden-pa-eftermiddagen\\\/\",\"url\":\"https:\\\/\\\/lightweb.dev\\\/l\\\/svm-temp\\\/artiklar\\\/doden-pa-eftermiddagen\\\/\",\"name\":\"\\\"D\u00f6den p\u00e5 eftermiddagen\\\" - Svenska Magasinet\",\"isPartOf\":{\"@id\":\"https:\\\/\\\/lightweb.dev\\\/l\\\/svm-temp\\\/#website\"},\"primaryImageOfPage\":{\"@id\":\"https:\\\/\\\/lightweb.dev\\\/l\\\/svm-temp\\\/artiklar\\\/doden-pa-eftermiddagen\\\/#primaryimage\"},\"image\":{\"@id\":\"https:\\\/\\\/lightweb.dev\\\/l\\\/svm-temp\\\/artiklar\\\/doden-pa-eftermiddagen\\\/#primaryimage\"},\"thumbnailUrl\":\"https:\\\/\\\/lightweb.dev\\\/l\\\/svm-temp\\\/wp-content\\\/uploads\\\/2022\\\/04\\\/dden-p-eftermiddagen.png\",\"datePublished\":\"2014-06-10T22:00:00+00:00\",\"breadcrumb\":{\"@id\":\"https:\\\/\\\/lightweb.dev\\\/l\\\/svm-temp\\\/artiklar\\\/doden-pa-eftermiddagen\\\/#breadcrumb\"},\"inLanguage\":\"sv-SE\",\"potentialAction\":[{\"@type\":\"ReadAction\",\"target\":[\"https:\\\/\\\/lightweb.dev\\\/l\\\/svm-temp\\\/artiklar\\\/doden-pa-eftermiddagen\\\/\"]}]},{\"@type\":\"ImageObject\",\"inLanguage\":\"sv-SE\",\"@id\":\"https:\\\/\\\/lightweb.dev\\\/l\\\/svm-temp\\\/artiklar\\\/doden-pa-eftermiddagen\\\/#primaryimage\",\"url\":\"https:\\\/\\\/lightweb.dev\\\/l\\\/svm-temp\\\/wp-content\\\/uploads\\\/2022\\\/04\\\/dden-p-eftermiddagen.png\",\"contentUrl\":\"https:\\\/\\\/lightweb.dev\\\/l\\\/svm-temp\\\/wp-content\\\/uploads\\\/2022\\\/04\\\/dden-p-eftermiddagen.png\",\"width\":280,\"height\":210},{\"@type\":\"BreadcrumbList\",\"@id\":\"https:\\\/\\\/lightweb.dev\\\/l\\\/svm-temp\\\/artiklar\\\/doden-pa-eftermiddagen\\\/#breadcrumb\",\"itemListElement\":[{\"@type\":\"ListItem\",\"position\":1,\"name\":\"Hem\",\"item\":\"https:\\\/\\\/lightweb.dev\\\/l\\\/svm-temp\\\/\"},{\"@type\":\"ListItem\",\"position\":2,\"name\":\"&#8221;D\u00f6den p\u00e5 eftermiddagen&#8221;\"}]},{\"@type\":\"WebSite\",\"@id\":\"https:\\\/\\\/lightweb.dev\\\/l\\\/svm-temp\\\/#website\",\"url\":\"https:\\\/\\\/lightweb.dev\\\/l\\\/svm-temp\\\/\",\"name\":\"Svenska Magasinet\",\"description\":\"Dina Spanska nyheter p&aring; Svenska\",\"publisher\":{\"@id\":\"https:\\\/\\\/lightweb.dev\\\/l\\\/svm-temp\\\/#organization\"},\"potentialAction\":[{\"@type\":\"SearchAction\",\"target\":{\"@type\":\"EntryPoint\",\"urlTemplate\":\"https:\\\/\\\/lightweb.dev\\\/l\\\/svm-temp\\\/?s={search_term_string}\"},\"query-input\":{\"@type\":\"PropertyValueSpecification\",\"valueRequired\":true,\"valueName\":\"search_term_string\"}}],\"inLanguage\":\"sv-SE\"},{\"@type\":\"Organization\",\"@id\":\"https:\\\/\\\/lightweb.dev\\\/l\\\/svm-temp\\\/#organization\",\"name\":\"Melkerson y Nott SL\",\"alternateName\":\"Svenska Magasinet\",\"url\":\"https:\\\/\\\/lightweb.dev\\\/l\\\/svm-temp\\\/\",\"logo\":{\"@type\":\"ImageObject\",\"inLanguage\":\"sv-SE\",\"@id\":\"https:\\\/\\\/lightweb.dev\\\/l\\\/svm-temp\\\/#\\\/schema\\\/logo\\\/image\\\/\",\"url\":\"https:\\\/\\\/lightweb.dev\\\/l\\\/svm-temp\\\/wp-content\\\/uploads\\\/2025\\\/02\\\/SvM-logo-Xtra-Centrerad-SVART.png\",\"contentUrl\":\"https:\\\/\\\/lightweb.dev\\\/l\\\/svm-temp\\\/wp-content\\\/uploads\\\/2025\\\/02\\\/SvM-logo-Xtra-Centrerad-SVART.png\",\"width\":300,\"height\":99,\"caption\":\"Melkerson y Nott SL\"},\"image\":{\"@id\":\"https:\\\/\\\/lightweb.dev\\\/l\\\/svm-temp\\\/#\\\/schema\\\/logo\\\/image\\\/\"},\"sameAs\":[\"https:\\\/\\\/www.facebook.com\\\/svenskamagasinet\",\"https:\\\/\\\/x.com\\\/SvenskaMagasine\"]},{\"@type\":\"Person\",\"@id\":\"https:\\\/\\\/lightweb.dev\\\/l\\\/svm-temp\\\/#\\\/schema\\\/person\\\/206a3bda5b607b0c25e1749191e4d837\",\"name\":\"Redaktionen SvM\",\"description\":\"Redaktionen\",\"sameAs\":[\"https:\\\/\\\/lightweb.dev\\\/l\\\/svm-temp\"],\"url\":\"https:\\\/\\\/lightweb.dev\\\/l\\\/svm-temp\\\/reporter\\\/redaktionen\\\/\"}]}<\/script>\n<!-- \/ Yoast SEO Premium plugin. -->","yoast_head_json":{"title":"\"D\u00f6den p\u00e5 eftermiddagen\" - Svenska Magasinet","robots":{"index":"noindex","follow":"follow","max-snippet":"max-snippet:-1","max-image-preview":"max-image-preview:large","max-video-preview":"max-video-preview:-1"},"og_locale":"sv_SE","og_type":"article","og_title":"\"D\u00f6den p\u00e5 eftermiddagen\"","og_description":"Tjurf\u00e4ktning? Ordet besvaras oftast med: Fy! Usch! Hemskt djurpl\u00e5geri! Medan det f\u00f6r andra betecknar fest, st\u00e4mning, sp\u00e4nning och beundran. Text: Britt-Marie Ekman \u00c5r 2007 ans\u00e5g sig mer \u00e4n 70 procent av spanjorerna vara ointresserade och 2010 f\u00f6rbj\u00f6ds tjurf\u00e4ktning i Katalonien. Det var inte f\u00f6rsta g\u00e5ngen ett f\u00f6rbud utf\u00e4rdades. 1991 blev det f\u00f6rbud p\u00e5 Kanarie\u00f6arna, och [&hellip;]","og_url":"https:\/\/lightweb.dev\/l\/svm-temp\/artiklar\/doden-pa-eftermiddagen\/","og_site_name":"Svenska Magasinet","article_publisher":"https:\/\/www.facebook.com\/svenskamagasinet","article_published_time":"2014-06-10T22:00:00+00:00","og_image":[{"width":280,"height":210,"url":"https:\/\/lightweb.dev\/l\/svm-temp\/wp-content\/uploads\/2022\/04\/dden-p-eftermiddagen.png","type":"image\/png"}],"author":"Redaktionen SvM","twitter_card":"summary_large_image","twitter_creator":"@SvenskaMagasine","twitter_site":"@SvenskaMagasine","schema":{"@context":"https:\/\/schema.org","@graph":[{"@type":"Article","@id":"https:\/\/lightweb.dev\/l\/svm-temp\/artiklar\/doden-pa-eftermiddagen\/#article","isPartOf":{"@id":"https:\/\/lightweb.dev\/l\/svm-temp\/artiklar\/doden-pa-eftermiddagen\/"},"author":{"name":"Redaktionen SvM","@id":"https:\/\/lightweb.dev\/l\/svm-temp\/#\/schema\/person\/206a3bda5b607b0c25e1749191e4d837"},"headline":"&#8221;D\u00f6den p\u00e5 eftermiddagen&#8221;","datePublished":"2014-06-10T22:00:00+00:00","mainEntityOfPage":{"@id":"https:\/\/lightweb.dev\/l\/svm-temp\/artiklar\/doden-pa-eftermiddagen\/"},"wordCount":1072,"commentCount":0,"publisher":{"@id":"https:\/\/lightweb.dev\/l\/svm-temp\/#organization"},"image":{"@id":"https:\/\/lightweb.dev\/l\/svm-temp\/artiklar\/doden-pa-eftermiddagen\/#primaryimage"},"thumbnailUrl":"https:\/\/lightweb.dev\/l\/svm-temp\/wp-content\/uploads\/2022\/04\/dden-p-eftermiddagen.png","articleSection":["Artiklar","Kultur &amp; historia"],"inLanguage":"sv-SE"},{"@type":"WebPage","@id":"https:\/\/lightweb.dev\/l\/svm-temp\/artiklar\/doden-pa-eftermiddagen\/","url":"https:\/\/lightweb.dev\/l\/svm-temp\/artiklar\/doden-pa-eftermiddagen\/","name":"\"D\u00f6den p\u00e5 eftermiddagen\" - Svenska Magasinet","isPartOf":{"@id":"https:\/\/lightweb.dev\/l\/svm-temp\/#website"},"primaryImageOfPage":{"@id":"https:\/\/lightweb.dev\/l\/svm-temp\/artiklar\/doden-pa-eftermiddagen\/#primaryimage"},"image":{"@id":"https:\/\/lightweb.dev\/l\/svm-temp\/artiklar\/doden-pa-eftermiddagen\/#primaryimage"},"thumbnailUrl":"https:\/\/lightweb.dev\/l\/svm-temp\/wp-content\/uploads\/2022\/04\/dden-p-eftermiddagen.png","datePublished":"2014-06-10T22:00:00+00:00","breadcrumb":{"@id":"https:\/\/lightweb.dev\/l\/svm-temp\/artiklar\/doden-pa-eftermiddagen\/#breadcrumb"},"inLanguage":"sv-SE","potentialAction":[{"@type":"ReadAction","target":["https:\/\/lightweb.dev\/l\/svm-temp\/artiklar\/doden-pa-eftermiddagen\/"]}]},{"@type":"ImageObject","inLanguage":"sv-SE","@id":"https:\/\/lightweb.dev\/l\/svm-temp\/artiklar\/doden-pa-eftermiddagen\/#primaryimage","url":"https:\/\/lightweb.dev\/l\/svm-temp\/wp-content\/uploads\/2022\/04\/dden-p-eftermiddagen.png","contentUrl":"https:\/\/lightweb.dev\/l\/svm-temp\/wp-content\/uploads\/2022\/04\/dden-p-eftermiddagen.png","width":280,"height":210},{"@type":"BreadcrumbList","@id":"https:\/\/lightweb.dev\/l\/svm-temp\/artiklar\/doden-pa-eftermiddagen\/#breadcrumb","itemListElement":[{"@type":"ListItem","position":1,"name":"Hem","item":"https:\/\/lightweb.dev\/l\/svm-temp\/"},{"@type":"ListItem","position":2,"name":"&#8221;D\u00f6den p\u00e5 eftermiddagen&#8221;"}]},{"@type":"WebSite","@id":"https:\/\/lightweb.dev\/l\/svm-temp\/#website","url":"https:\/\/lightweb.dev\/l\/svm-temp\/","name":"Svenska Magasinet","description":"Dina Spanska nyheter p&aring; Svenska","publisher":{"@id":"https:\/\/lightweb.dev\/l\/svm-temp\/#organization"},"potentialAction":[{"@type":"SearchAction","target":{"@type":"EntryPoint","urlTemplate":"https:\/\/lightweb.dev\/l\/svm-temp\/?s={search_term_string}"},"query-input":{"@type":"PropertyValueSpecification","valueRequired":true,"valueName":"search_term_string"}}],"inLanguage":"sv-SE"},{"@type":"Organization","@id":"https:\/\/lightweb.dev\/l\/svm-temp\/#organization","name":"Melkerson y Nott SL","alternateName":"Svenska Magasinet","url":"https:\/\/lightweb.dev\/l\/svm-temp\/","logo":{"@type":"ImageObject","inLanguage":"sv-SE","@id":"https:\/\/lightweb.dev\/l\/svm-temp\/#\/schema\/logo\/image\/","url":"https:\/\/lightweb.dev\/l\/svm-temp\/wp-content\/uploads\/2025\/02\/SvM-logo-Xtra-Centrerad-SVART.png","contentUrl":"https:\/\/lightweb.dev\/l\/svm-temp\/wp-content\/uploads\/2025\/02\/SvM-logo-Xtra-Centrerad-SVART.png","width":300,"height":99,"caption":"Melkerson y Nott SL"},"image":{"@id":"https:\/\/lightweb.dev\/l\/svm-temp\/#\/schema\/logo\/image\/"},"sameAs":["https:\/\/www.facebook.com\/svenskamagasinet","https:\/\/x.com\/SvenskaMagasine"]},{"@type":"Person","@id":"https:\/\/lightweb.dev\/l\/svm-temp\/#\/schema\/person\/206a3bda5b607b0c25e1749191e4d837","name":"Redaktionen SvM","description":"Redaktionen","sameAs":["https:\/\/lightweb.dev\/l\/svm-temp"],"url":"https:\/\/lightweb.dev\/l\/svm-temp\/reporter\/redaktionen\/"}]}},"_links":{"self":[{"href":"https:\/\/lightweb.dev\/l\/svm-temp\/wp-json\/wp\/v2\/posts\/4540","targetHints":{"allow":["GET"]}}],"collection":[{"href":"https:\/\/lightweb.dev\/l\/svm-temp\/wp-json\/wp\/v2\/posts"}],"about":[{"href":"https:\/\/lightweb.dev\/l\/svm-temp\/wp-json\/wp\/v2\/types\/post"}],"author":[{"embeddable":true,"href":"https:\/\/lightweb.dev\/l\/svm-temp\/wp-json\/wp\/v2\/users\/8"}],"replies":[{"embeddable":true,"href":"https:\/\/lightweb.dev\/l\/svm-temp\/wp-json\/wp\/v2\/comments?post=4540"}],"version-history":[{"count":0,"href":"https:\/\/lightweb.dev\/l\/svm-temp\/wp-json\/wp\/v2\/posts\/4540\/revisions"}],"wp:featuredmedia":[{"embeddable":true,"href":"https:\/\/lightweb.dev\/l\/svm-temp\/wp-json\/wp\/v2\/media\/4541"}],"wp:attachment":[{"href":"https:\/\/lightweb.dev\/l\/svm-temp\/wp-json\/wp\/v2\/media?parent=4540"}],"wp:term":[{"taxonomy":"category","embeddable":true,"href":"https:\/\/lightweb.dev\/l\/svm-temp\/wp-json\/wp\/v2\/categories?post=4540"},{"taxonomy":"post_tag","embeddable":true,"href":"https:\/\/lightweb.dev\/l\/svm-temp\/wp-json\/wp\/v2\/tags?post=4540"}],"curies":[{"name":"wp","href":"https:\/\/api.w.org\/{rel}","templated":true}]}}