{"id":4542,"date":"2014-06-11T00:00:00","date_gmt":"2014-06-10T22:00:00","guid":{"rendered":"https:\/\/lightweb.dev\/l\/svm-temp\/turistfilmer-och-myterna-om-den-svenska-kvinnan\/"},"modified":"2014-06-11T00:00:00","modified_gmt":"2014-06-10T22:00:00","slug":"turistfilmer-och-myterna-om-den-svenska-kvinnan","status":"publish","type":"post","link":"https:\/\/lightweb.dev\/l\/svm-temp\/artiklar\/turistfilmer-och-myterna-om-den-svenska-kvinnan\/","title":{"rendered":"Turistfilmer och myterna om den svenska kvinnan"},"content":{"rendered":"<p> I sommar \u00e4r det 60 \u00e5r sedan den f\u00f6rsta svenska skolan startade p\u00e5 Costa del Sol. F\u00f6r en del kanske det kommer som en \u00f6verraskning men faktum \u00e4r att en svensk semester- och spr\u00e5kskola startades i Torremolinos den 15 juli 1954. Av Ola Josefsson<\/p>\n<p>S\u00e5 h\u00e4r \u00e5rs brukar vi titta i backspegeln. Sommar betyder h\u00f6gtryck i turiststr\u00f6mmen till Spanien och det uppskattas hos l\u00e4sekretsen n\u00e4r vi g\u00f6r tillbakablick i historien.<br \/>\nDet var p\u00e5 1960-talet som turiststr\u00f6mmen tog fart i Spanien. Och under dessa \u00e5r skapades m\u00e5nga myter som har h\u00e4ngt i. Den om \u201dlas suecas\u201d, om hur svenska kvinnor festade loss p\u00e5 den spanska Solkusten utan en tanke p\u00e5 morgondagen.<\/p>\n<p>Dabadabad \u00e1 ,dabadabad\u00e1&#8230;, \u00e4nnu i v\u00e5ra dagar kan man ibland h\u00f6ra filmmusiken eller soundtracket fr\u00e5n n\u00e5gra av de turistfilmer som spelades in p\u00e5 Costa del Sol. Film- och n\u00f6jesindustrin p\u00e5verkades av turiststr\u00f6mmen och gick p\u00e5 h\u00f6gvarv. Fr\u00e5n slutet av 1960-talet producerades spanska l\u00e5ngfilmer i turistorter. Och flera myter odlades.<\/p>\n<p>Bland annat den om m\u00f6tet mellan \u201dlas suecas\u201d och iberiska \u201dmachos\u201d eller karlakarlar p\u00e5 Solkusten.<\/p>\n<p>D\u00e5tiden speglas i regiss\u00f6ren Pablo Bergers Torremolinos 73 som \u00e4r en spansk-dansk komedifilm fr\u00e5n 2003. Filmen utspelar sig i Spanien 1973. En \u00e5ldrad Franco och ett Spanien \u00e4r i f\u00f6r\u00e4ndring liksom \u00e4kta paret Alfredo och Carmen Lopez liv som f\u00e5r ett mycket ovanligt erbjudande.<br \/>\nDe ska bidra till ett audiovisuellt lexikon som handlar om m\u00e4nniskans fortplantningsf\u00f6rm\u00e5ga. Paret ska filma Super 8-film fr\u00e5n sitt sovrum f\u00f6r vidaref\u00f6rs\u00e4ljning till det frisinnade Skandinavien. Projektet tar fart och Carmen g\u00e5r mot en erotisk ber\u00f6mmelse som \u00e4r sv\u00e5r att kontrollera.<\/p>\n<p>Filmerna med Alfredo Landa och Jos\u00e9 Luis L\u00f3pez V\u00e1zquez f\u00f6rst\u00e4rkte myten med \u201dlas suecas\u201d och de iberiska karlakarlarna. Fanns det n\u00e5gon verklighet i p\u00e5st\u00e5endet eller var det bara en myt?<\/p>\n<p>Nyligen intervjuades en svensk kvinna i den spanska tidningen El Confidencial. Hon \u00e4r nu 70 \u00e5r men kom till Costa del Sol f\u00f6r lite mer \u00e4n 50 \u00e5r sedan. 1962 anl\u00e4nde hon till ett hotell i Marbella.<br \/>\n\u201dVi \u00e4lskade omr\u00e5det och ett \u00e5r senare \u00e5terv\u00e4nde jag till Costa del Sol, inte som turist utan som guide\u201d ber\u00e4ttar den svenska svenskan som bosatte sig i Torremolinos men som idag bor i Marbella.<br \/>\n\u201dVi var mer p\u00e5 hugget \u00e4n spanjorskorna. Vi kom i bikini som inte fanns i Spanien tidigare. Vi k\u00e4nde till att vi var mer fria och liberala\u201d.<\/p>\n<p>En del ans\u00e5g att Spanien inte var utvecklat \u00e4ven om det hade sina f\u00f6rdelar. Svenskar som reste eller flyttade till Spanien p\u00e5 1960-talet s\u00e5g landet som ett tryggt st\u00e4lle att vistas p\u00e5. Samtidigt odlades en \u201derotisk myt\u201d som inte uppskattades av alla.<\/p>\n<p>Rafael de la Fuente, tidigare hotelldirekt\u00f6r f\u00f6r Villamagna i Madrid och Los Monteros i Marbella, och som \u00e4ven talar svenska, beskriver i en tidningsintervju spanjorernas relationer p\u00e5 den tiden som n\u00e4ra muslimsk.<br \/>\nMed turisternas int\u00e5g p\u00e5 Solkusten skulle ungdomar f\u00e5 m\u00f6ta n\u00e5got nytt; v\u00e4nliga, \u00f6ppna kvinnor som dessutom var v\u00e4lutbildade.<\/p>\n<p>De svenska tjejerna \u00f6kade i antal efter att en svensk semesterskola (Colegio Sueco de Vacaciones en Espa\u00f1a) invigdes 15 juli 1954 i Torremoilinos. Skolan l\u00e5g i Playamar d\u00e4r ocks\u00e5 gamla hotellet Pontinental p\u00e5 avenida del Lido l\u00e5g. Skolan fanns kvar fram till mitten av 1960-talet.<br \/>\nNya svenska studenter kom var femtonde dag mellan juli och september och det rapporteras att de \u201dreste hem med t\u00e5rar i \u00f6gonen\u201d n\u00e4r de var tvungna att l\u00e4mna Torremolinos. Dagstidningen ABC gjorde ett reportage om skolan i juli 1954 och kunde ber\u00e4tta att klassen bestod av sju \u201dse\u00f1oritas suecas\u201d. Fotot till artikeln visar de sju svenska tjejerna under en lektion i spanska.<\/p>\n<p>  F\u00f6r att hedra de svenska tjejerna anordnades en fest den 17 juli 1954 p\u00e5 \u201cEl Pimpi\u201d (calle Granada 46) i M\u00e1laga med flamenco. Juan Luis G\u00e1mez orkester spelade och Tahito Robemar sj\u00f6ng.<br \/>\nHundratals svenska tjejer kom till Torremilinos f\u00f6r att g\u00e5 i skolan och l\u00e4ra sig spanska och det s\u00e4gs att ortsborna i Torremolinos h\u00f6jde p\u00e5 \u00f6gonbrynen n\u00e4r de tog sina dagliga promenader genom byn eller bes\u00f6kte d\u00e5tidens n\u00f6jesst\u00e4lle \u201dEl Remo\u201d i Montemar.<br \/>\nInte konstigt att \u201dlas suecas\u201d fastnade p\u00e5 n\u00e4thinnan och att det i v\u00e5ra dagar st\u00e5r en \u201dla sueca\u201d som staty, dessutom den h\u00f6gsta i kommunen vid Avenida Rafael Gomez Sanchez vid norra infarten till Torremolinos.<\/p>\n<p>M\u00e5nga svenskor \u00e5terv\u00e4nde senare med sina familjer f\u00f6r att visa upp idyllen. \u00c5ter andra valde att stanna kvar. De fick arbete tack vare sin m\u00e5ngsidighet och kunskaper i flera spr\u00e5k.<br \/>\nF\u00f6r \u00f6vrigt blev inledningen p\u00e5 1954 n\u00e5got m\u00e4rklig kan man l\u00e4sa i gamla tidningsklipp. Inte bara att nordiska blonda kvinnor kom till kusten. Nordiskt v\u00e4der spelade ett spratt med inv\u00e5narna. Vid ny\u00e5ret sn\u00f6ade det p\u00e5 Solkusten vilket det inte har gjort s\u00e5 m\u00e5nga g\u00e5nger sedan dess.<\/p>\n<p>Det svenska inslaget p\u00e5 kusten kom efter att br\u00f6derna Bol\u00edn Bidwell grundade hotell Hotel La Roca 1942 som hade 28 rum. Det svenska fartyget M\/S Saga blev f\u00f6rst att ang\u00f6ra M\u00e1laga hamn i efterkrigstiden. Saga kom till M\u00e1laga hamn den 12 november 1946 och hade med sig 200 turister av olika nationaliteter.<br \/>\nTuristerna tog emot av Sveriges konsul och direkt\u00f6ren inom turism, Luis Antonio Bol\u00edn, som organiserade en bussresa i Andalusien. Turisterna som kom med det svenska fartyget M\/S Saga bes\u00f6kte Granada, C\u00f3rdoba, Sevilla, J\u00e9rez och C\u00e1diz innan de \u00e5terv\u00e4nde till M\u00e1laga f\u00f6r att forts\u00e4tta f\u00e4rden till sj\u00f6ss.<\/p>\n<p>1953 hade Torremolinos 7.000 turister varav 489 var svenskar, 104 danskar, 26 finl\u00e4ndare och 97 norrm\u00e4n. Detta enligt uppgifter fr\u00e5n d\u00e5tidens turistmyndighet Ministerio de Informaci\u00f3n y Turismo. Nu b\u00f6rjade ocks\u00e5 k\u00e4ndisar och politiker uppt\u00e4cka Spanien och Solkusten som sir Walter Monckton, Arbetsmarknadsminister i Storbritannien som tillbringade n\u00e5gra dagar p\u00e5 Hotell la Roca. Det gjorde \u00e4ven den tidigare tyske rikskanslern Franz Joseph Von Papen som tillbringade n\u00e5gra dagar h\u00e4r tillsammans med dottern Isabelle.<br \/>\nSk\u00e5despelare som John Mills, Cornel Wilde, Rita Hayworth och Merle Oberon samt f\u00f6rfattare som John Ateinbeck och Mckinlay Kantor bes\u00f6kte Hotell Montemar och n\u00f6jesst\u00e4llet \u201dEl Remo\u201d.<\/p>\n<p>Ankomsten av de svenska kvinnorna gjorde att n\u00f6jesv\u00e4rlden var snabba att odla den \u201derotiska myten\u201d. Turistfilmer som \u201dAmor a la espa\u00f1ola&#39; (1966), \u201dEl turismo es un gran invento\u201d (1968) och \u201dManolo la nuit\u201d (1973) odlade myten. Det handlade om en kollektiv dr\u00f6m som f\u00f6ddes p\u00e5 stranden.<br \/>\nL\u00f3pez V\u00e1zquez och Juanjo Men\u00e9ndez kom till Torremolinos tillsammans med Teresa Gimpera f\u00f6r att spela in filmen \u201dCuidado con las se\u00f1oras\u201d 1968. Det f\u00f6rsta som h\u00f6rs i filmen \u00e4r utropet \u201dViva Escandinavia!\u201d.<br \/>\n\u201dMed ankomsten av svenskorna skapades n\u00e4stan ett groteskt fenomen\u201d, har Rafael de la Fuente tidigare sagt i en intervju.<\/p>\n<p>\u201dHela myten f\u00f6ddes i Playamar i Toremolinos\u201d h\u00e4vdar historikern och f\u00f6rfattaren Antonio C. Blanco Cabrera som ansvarar f\u00f6r den mycket l\u00e4sv\u00e4rda webbplatsen aqueltorremolinos.com. Den svenska semesterskolan Colegio Sueco de Vacaciones en Espa\u00f1a var en bidragande orsak till\u00e4gger han i en artikel.<\/p>\n<p>En bild eller en myt skapades kring hur svenska kvinnor var hungriga p\u00e5 sex och att de s\u00e5g den spanska mannen som n\u00e5got helt underbart. Samtidigt skapades en grotesk karikatyr av hur spanska m\u00e4n jagade svenska kvinnor p\u00e5 hotell och str\u00e4nder i Torremolinos, Benalm\u00e1dena och Marbella. M\u00e4nnen framst\u00e4lldes med varierande grad av intelligens och hur en vacklande generation stod p\u00e5 gr\u00e4nsen sammanbrott i en ny v\u00e4rld av frihet.<\/p>\n<p>M\u00e5nga av filmerna byggde allts\u00e5 p\u00e5 fantasier. Som exempelvis \u201dEl turismo es un gran invento\u201d (1968) som kan beskrivas som en ikon. L\u00f3pez V\u00e1zquez och Paco Mart\u00ednez Soria njuter av en musikalisk natt i bass\u00e4ngen p\u00e5 hotell Meli\u00e1 Don Pepe i Marbella. Med Bubby Girls och Dabadabad \u00e1 , dabadabad\u00e1&#8230;<\/p>\n<p>Spanska turistfilmer<br \/>\nM\u00e4ngder av spanska turistfilmer spelades in p\u00e5 Costa del Sol under 60- och 70-talet. H\u00e4r \u00e4r n\u00e5gra filmer och klipp kan du hitta p\u00e5 n\u00e4tet:<br \/>\n\u201dAmor a la espa\u00f1ola&#39; (1966)<br \/>\n\u201dEl turismo es un gran invento\u201d (1968)<br \/>\n\u201dManolo la nuit\u201d (1973)<br \/>\n\u201dCuidado con las se\u00f1oras\u201d 1968<br \/>\n\u201dEl turismo es un gran invento\u201d (1968)<br \/>\n\u201dFin de semana al desnudo\u201d (1974) (Inspelad i Puerto Ban\u00fas och Estepona)<br \/>\n\u201dMayordomo para todo\u201d (1976)<br \/>\n\u201dPepito Piscinas\u201d (1977)<br \/>\n\u201dLos liantes\u201d (1981)<br \/>\n\u201dAg\u00edtese antes de usarla\u201d (1983)<\/p>\n<p>L\u00e4s mer: Rekord\u00e5ret 1964 \u2013 tv\u00e5 tusen nyf\u00f6dda per dag<\/p>\n","protected":false},"excerpt":{"rendered":"<p>I sommar \u00e4r det 60 \u00e5r sedan den f\u00f6rsta svenska skolan startade p\u00e5 Costa del Sol. F\u00f6r en del kanske det kommer som en \u00f6verraskning men faktum \u00e4r att en svensk semester- och spr\u00e5kskola startades i Torremolinos den 15 juli 1954. Av Ola Josefsson S\u00e5 h\u00e4r \u00e5rs brukar vi titta i backspegeln. Sommar betyder h\u00f6gtryck [&hellip;]<\/p>\n","protected":false},"author":8,"featured_media":4543,"comment_status":"open","ping_status":"open","sticky":false,"template":"","format":"standard","meta":{"_et_pb_use_builder":"","_et_pb_old_content":"","_et_gb_content_width":"","footnotes":""},"categories":[396,4],"tags":[],"class_list":["post-4542","post","type-post","status-publish","format-standard","has-post-thumbnail","hentry","category-arkiv-artiklar","category-artiklar"],"yoast_head":"<!-- This site is optimized with the Yoast SEO Premium plugin v26.2 (Yoast SEO v27.4) - https:\/\/yoast.com\/product\/yoast-seo-premium-wordpress\/ -->\n<title>Turistfilmer och myterna om den svenska kvinnan - Svenska Magasinet<\/title>\n<meta name=\"robots\" content=\"noindex, follow, max-snippet:-1, max-image-preview:large, max-video-preview:-1\" \/>\n<meta property=\"og:locale\" content=\"sv_SE\" \/>\n<meta property=\"og:type\" content=\"article\" \/>\n<meta property=\"og:title\" content=\"Turistfilmer och myterna om den svenska kvinnan\" \/>\n<meta property=\"og:description\" content=\"I sommar \u00e4r det 60 \u00e5r sedan den f\u00f6rsta svenska skolan startade p\u00e5 Costa del Sol. F\u00f6r en del kanske det kommer som en \u00f6verraskning men faktum \u00e4r att en svensk semester- och spr\u00e5kskola startades i Torremolinos den 15 juli 1954. Av Ola Josefsson S\u00e5 h\u00e4r \u00e5rs brukar vi titta i backspegeln. Sommar betyder h\u00f6gtryck [&hellip;]\" \/>\n<meta property=\"og:url\" content=\"https:\/\/lightweb.dev\/l\/svm-temp\/artiklar\/turistfilmer-och-myterna-om-den-svenska-kvinnan\/\" \/>\n<meta property=\"og:site_name\" content=\"Svenska Magasinet\" \/>\n<meta property=\"article:publisher\" content=\"https:\/\/www.facebook.com\/svenskamagasinet\" \/>\n<meta property=\"article:published_time\" content=\"2014-06-10T22:00:00+00:00\" \/>\n<meta property=\"og:image\" content=\"https:\/\/lightweb.dev\/l\/svm-temp\/wp-content\/uploads\/2022\/04\/turistfilmer-och-myterna-om-den-svenska-kvinnan.png\" \/>\n\t<meta property=\"og:image:width\" content=\"280\" \/>\n\t<meta property=\"og:image:height\" content=\"398\" \/>\n\t<meta property=\"og:image:type\" content=\"image\/png\" \/>\n<meta name=\"author\" content=\"Redaktionen SvM\" \/>\n<meta name=\"twitter:card\" content=\"summary_large_image\" \/>\n<meta name=\"twitter:creator\" content=\"@SvenskaMagasine\" \/>\n<meta name=\"twitter:site\" content=\"@SvenskaMagasine\" \/>\n<script type=\"application\/ld+json\" class=\"yoast-schema-graph\">{\"@context\":\"https:\\\/\\\/schema.org\",\"@graph\":[{\"@type\":\"Article\",\"@id\":\"https:\\\/\\\/lightweb.dev\\\/l\\\/svm-temp\\\/artiklar\\\/turistfilmer-och-myterna-om-den-svenska-kvinnan\\\/#article\",\"isPartOf\":{\"@id\":\"https:\\\/\\\/lightweb.dev\\\/l\\\/svm-temp\\\/artiklar\\\/turistfilmer-och-myterna-om-den-svenska-kvinnan\\\/\"},\"author\":{\"name\":\"Redaktionen SvM\",\"@id\":\"https:\\\/\\\/lightweb.dev\\\/l\\\/svm-temp\\\/#\\\/schema\\\/person\\\/206a3bda5b607b0c25e1749191e4d837\"},\"headline\":\"Turistfilmer och myterna om den svenska kvinnan\",\"datePublished\":\"2014-06-10T22:00:00+00:00\",\"mainEntityOfPage\":{\"@id\":\"https:\\\/\\\/lightweb.dev\\\/l\\\/svm-temp\\\/artiklar\\\/turistfilmer-och-myterna-om-den-svenska-kvinnan\\\/\"},\"wordCount\":1462,\"commentCount\":0,\"publisher\":{\"@id\":\"https:\\\/\\\/lightweb.dev\\\/l\\\/svm-temp\\\/#organization\"},\"image\":{\"@id\":\"https:\\\/\\\/lightweb.dev\\\/l\\\/svm-temp\\\/artiklar\\\/turistfilmer-och-myterna-om-den-svenska-kvinnan\\\/#primaryimage\"},\"thumbnailUrl\":\"https:\\\/\\\/lightweb.dev\\\/l\\\/svm-temp\\\/wp-content\\\/uploads\\\/2022\\\/04\\\/turistfilmer-och-myterna-om-den-svenska-kvinnan.png\",\"articleSection\":[\"Arkiv\",\"Artiklar\"],\"inLanguage\":\"sv-SE\"},{\"@type\":\"WebPage\",\"@id\":\"https:\\\/\\\/lightweb.dev\\\/l\\\/svm-temp\\\/artiklar\\\/turistfilmer-och-myterna-om-den-svenska-kvinnan\\\/\",\"url\":\"https:\\\/\\\/lightweb.dev\\\/l\\\/svm-temp\\\/artiklar\\\/turistfilmer-och-myterna-om-den-svenska-kvinnan\\\/\",\"name\":\"Turistfilmer och myterna om den svenska kvinnan - Svenska Magasinet\",\"isPartOf\":{\"@id\":\"https:\\\/\\\/lightweb.dev\\\/l\\\/svm-temp\\\/#website\"},\"primaryImageOfPage\":{\"@id\":\"https:\\\/\\\/lightweb.dev\\\/l\\\/svm-temp\\\/artiklar\\\/turistfilmer-och-myterna-om-den-svenska-kvinnan\\\/#primaryimage\"},\"image\":{\"@id\":\"https:\\\/\\\/lightweb.dev\\\/l\\\/svm-temp\\\/artiklar\\\/turistfilmer-och-myterna-om-den-svenska-kvinnan\\\/#primaryimage\"},\"thumbnailUrl\":\"https:\\\/\\\/lightweb.dev\\\/l\\\/svm-temp\\\/wp-content\\\/uploads\\\/2022\\\/04\\\/turistfilmer-och-myterna-om-den-svenska-kvinnan.png\",\"datePublished\":\"2014-06-10T22:00:00+00:00\",\"breadcrumb\":{\"@id\":\"https:\\\/\\\/lightweb.dev\\\/l\\\/svm-temp\\\/artiklar\\\/turistfilmer-och-myterna-om-den-svenska-kvinnan\\\/#breadcrumb\"},\"inLanguage\":\"sv-SE\",\"potentialAction\":[{\"@type\":\"ReadAction\",\"target\":[\"https:\\\/\\\/lightweb.dev\\\/l\\\/svm-temp\\\/artiklar\\\/turistfilmer-och-myterna-om-den-svenska-kvinnan\\\/\"]}]},{\"@type\":\"ImageObject\",\"inLanguage\":\"sv-SE\",\"@id\":\"https:\\\/\\\/lightweb.dev\\\/l\\\/svm-temp\\\/artiklar\\\/turistfilmer-och-myterna-om-den-svenska-kvinnan\\\/#primaryimage\",\"url\":\"https:\\\/\\\/lightweb.dev\\\/l\\\/svm-temp\\\/wp-content\\\/uploads\\\/2022\\\/04\\\/turistfilmer-och-myterna-om-den-svenska-kvinnan.png\",\"contentUrl\":\"https:\\\/\\\/lightweb.dev\\\/l\\\/svm-temp\\\/wp-content\\\/uploads\\\/2022\\\/04\\\/turistfilmer-och-myterna-om-den-svenska-kvinnan.png\",\"width\":280,\"height\":398},{\"@type\":\"BreadcrumbList\",\"@id\":\"https:\\\/\\\/lightweb.dev\\\/l\\\/svm-temp\\\/artiklar\\\/turistfilmer-och-myterna-om-den-svenska-kvinnan\\\/#breadcrumb\",\"itemListElement\":[{\"@type\":\"ListItem\",\"position\":1,\"name\":\"Hem\",\"item\":\"https:\\\/\\\/lightweb.dev\\\/l\\\/svm-temp\\\/\"},{\"@type\":\"ListItem\",\"position\":2,\"name\":\"Turistfilmer och myterna om den svenska kvinnan\"}]},{\"@type\":\"WebSite\",\"@id\":\"https:\\\/\\\/lightweb.dev\\\/l\\\/svm-temp\\\/#website\",\"url\":\"https:\\\/\\\/lightweb.dev\\\/l\\\/svm-temp\\\/\",\"name\":\"Svenska Magasinet\",\"description\":\"Dina Spanska nyheter p&aring; Svenska\",\"publisher\":{\"@id\":\"https:\\\/\\\/lightweb.dev\\\/l\\\/svm-temp\\\/#organization\"},\"potentialAction\":[{\"@type\":\"SearchAction\",\"target\":{\"@type\":\"EntryPoint\",\"urlTemplate\":\"https:\\\/\\\/lightweb.dev\\\/l\\\/svm-temp\\\/?s={search_term_string}\"},\"query-input\":{\"@type\":\"PropertyValueSpecification\",\"valueRequired\":true,\"valueName\":\"search_term_string\"}}],\"inLanguage\":\"sv-SE\"},{\"@type\":\"Organization\",\"@id\":\"https:\\\/\\\/lightweb.dev\\\/l\\\/svm-temp\\\/#organization\",\"name\":\"Melkerson y Nott SL\",\"alternateName\":\"Svenska Magasinet\",\"url\":\"https:\\\/\\\/lightweb.dev\\\/l\\\/svm-temp\\\/\",\"logo\":{\"@type\":\"ImageObject\",\"inLanguage\":\"sv-SE\",\"@id\":\"https:\\\/\\\/lightweb.dev\\\/l\\\/svm-temp\\\/#\\\/schema\\\/logo\\\/image\\\/\",\"url\":\"https:\\\/\\\/lightweb.dev\\\/l\\\/svm-temp\\\/wp-content\\\/uploads\\\/2025\\\/02\\\/SvM-logo-Xtra-Centrerad-SVART.png\",\"contentUrl\":\"https:\\\/\\\/lightweb.dev\\\/l\\\/svm-temp\\\/wp-content\\\/uploads\\\/2025\\\/02\\\/SvM-logo-Xtra-Centrerad-SVART.png\",\"width\":300,\"height\":99,\"caption\":\"Melkerson y Nott SL\"},\"image\":{\"@id\":\"https:\\\/\\\/lightweb.dev\\\/l\\\/svm-temp\\\/#\\\/schema\\\/logo\\\/image\\\/\"},\"sameAs\":[\"https:\\\/\\\/www.facebook.com\\\/svenskamagasinet\",\"https:\\\/\\\/x.com\\\/SvenskaMagasine\"]},{\"@type\":\"Person\",\"@id\":\"https:\\\/\\\/lightweb.dev\\\/l\\\/svm-temp\\\/#\\\/schema\\\/person\\\/206a3bda5b607b0c25e1749191e4d837\",\"name\":\"Redaktionen SvM\",\"description\":\"Redaktionen\",\"sameAs\":[\"https:\\\/\\\/lightweb.dev\\\/l\\\/svm-temp\"],\"url\":\"https:\\\/\\\/lightweb.dev\\\/l\\\/svm-temp\\\/reporter\\\/redaktionen\\\/\"}]}<\/script>\n<!-- \/ Yoast SEO Premium plugin. -->","yoast_head_json":{"title":"Turistfilmer och myterna om den svenska kvinnan - Svenska Magasinet","robots":{"index":"noindex","follow":"follow","max-snippet":"max-snippet:-1","max-image-preview":"max-image-preview:large","max-video-preview":"max-video-preview:-1"},"og_locale":"sv_SE","og_type":"article","og_title":"Turistfilmer och myterna om den svenska kvinnan","og_description":"I sommar \u00e4r det 60 \u00e5r sedan den f\u00f6rsta svenska skolan startade p\u00e5 Costa del Sol. F\u00f6r en del kanske det kommer som en \u00f6verraskning men faktum \u00e4r att en svensk semester- och spr\u00e5kskola startades i Torremolinos den 15 juli 1954. Av Ola Josefsson S\u00e5 h\u00e4r \u00e5rs brukar vi titta i backspegeln. Sommar betyder h\u00f6gtryck [&hellip;]","og_url":"https:\/\/lightweb.dev\/l\/svm-temp\/artiklar\/turistfilmer-och-myterna-om-den-svenska-kvinnan\/","og_site_name":"Svenska Magasinet","article_publisher":"https:\/\/www.facebook.com\/svenskamagasinet","article_published_time":"2014-06-10T22:00:00+00:00","og_image":[{"width":280,"height":398,"url":"https:\/\/lightweb.dev\/l\/svm-temp\/wp-content\/uploads\/2022\/04\/turistfilmer-och-myterna-om-den-svenska-kvinnan.png","type":"image\/png"}],"author":"Redaktionen SvM","twitter_card":"summary_large_image","twitter_creator":"@SvenskaMagasine","twitter_site":"@SvenskaMagasine","schema":{"@context":"https:\/\/schema.org","@graph":[{"@type":"Article","@id":"https:\/\/lightweb.dev\/l\/svm-temp\/artiklar\/turistfilmer-och-myterna-om-den-svenska-kvinnan\/#article","isPartOf":{"@id":"https:\/\/lightweb.dev\/l\/svm-temp\/artiklar\/turistfilmer-och-myterna-om-den-svenska-kvinnan\/"},"author":{"name":"Redaktionen SvM","@id":"https:\/\/lightweb.dev\/l\/svm-temp\/#\/schema\/person\/206a3bda5b607b0c25e1749191e4d837"},"headline":"Turistfilmer och myterna om den svenska kvinnan","datePublished":"2014-06-10T22:00:00+00:00","mainEntityOfPage":{"@id":"https:\/\/lightweb.dev\/l\/svm-temp\/artiklar\/turistfilmer-och-myterna-om-den-svenska-kvinnan\/"},"wordCount":1462,"commentCount":0,"publisher":{"@id":"https:\/\/lightweb.dev\/l\/svm-temp\/#organization"},"image":{"@id":"https:\/\/lightweb.dev\/l\/svm-temp\/artiklar\/turistfilmer-och-myterna-om-den-svenska-kvinnan\/#primaryimage"},"thumbnailUrl":"https:\/\/lightweb.dev\/l\/svm-temp\/wp-content\/uploads\/2022\/04\/turistfilmer-och-myterna-om-den-svenska-kvinnan.png","articleSection":["Arkiv","Artiklar"],"inLanguage":"sv-SE"},{"@type":"WebPage","@id":"https:\/\/lightweb.dev\/l\/svm-temp\/artiklar\/turistfilmer-och-myterna-om-den-svenska-kvinnan\/","url":"https:\/\/lightweb.dev\/l\/svm-temp\/artiklar\/turistfilmer-och-myterna-om-den-svenska-kvinnan\/","name":"Turistfilmer och myterna om den svenska kvinnan - Svenska Magasinet","isPartOf":{"@id":"https:\/\/lightweb.dev\/l\/svm-temp\/#website"},"primaryImageOfPage":{"@id":"https:\/\/lightweb.dev\/l\/svm-temp\/artiklar\/turistfilmer-och-myterna-om-den-svenska-kvinnan\/#primaryimage"},"image":{"@id":"https:\/\/lightweb.dev\/l\/svm-temp\/artiklar\/turistfilmer-och-myterna-om-den-svenska-kvinnan\/#primaryimage"},"thumbnailUrl":"https:\/\/lightweb.dev\/l\/svm-temp\/wp-content\/uploads\/2022\/04\/turistfilmer-och-myterna-om-den-svenska-kvinnan.png","datePublished":"2014-06-10T22:00:00+00:00","breadcrumb":{"@id":"https:\/\/lightweb.dev\/l\/svm-temp\/artiklar\/turistfilmer-och-myterna-om-den-svenska-kvinnan\/#breadcrumb"},"inLanguage":"sv-SE","potentialAction":[{"@type":"ReadAction","target":["https:\/\/lightweb.dev\/l\/svm-temp\/artiklar\/turistfilmer-och-myterna-om-den-svenska-kvinnan\/"]}]},{"@type":"ImageObject","inLanguage":"sv-SE","@id":"https:\/\/lightweb.dev\/l\/svm-temp\/artiklar\/turistfilmer-och-myterna-om-den-svenska-kvinnan\/#primaryimage","url":"https:\/\/lightweb.dev\/l\/svm-temp\/wp-content\/uploads\/2022\/04\/turistfilmer-och-myterna-om-den-svenska-kvinnan.png","contentUrl":"https:\/\/lightweb.dev\/l\/svm-temp\/wp-content\/uploads\/2022\/04\/turistfilmer-och-myterna-om-den-svenska-kvinnan.png","width":280,"height":398},{"@type":"BreadcrumbList","@id":"https:\/\/lightweb.dev\/l\/svm-temp\/artiklar\/turistfilmer-och-myterna-om-den-svenska-kvinnan\/#breadcrumb","itemListElement":[{"@type":"ListItem","position":1,"name":"Hem","item":"https:\/\/lightweb.dev\/l\/svm-temp\/"},{"@type":"ListItem","position":2,"name":"Turistfilmer och myterna om den svenska kvinnan"}]},{"@type":"WebSite","@id":"https:\/\/lightweb.dev\/l\/svm-temp\/#website","url":"https:\/\/lightweb.dev\/l\/svm-temp\/","name":"Svenska Magasinet","description":"Dina Spanska nyheter p&aring; Svenska","publisher":{"@id":"https:\/\/lightweb.dev\/l\/svm-temp\/#organization"},"potentialAction":[{"@type":"SearchAction","target":{"@type":"EntryPoint","urlTemplate":"https:\/\/lightweb.dev\/l\/svm-temp\/?s={search_term_string}"},"query-input":{"@type":"PropertyValueSpecification","valueRequired":true,"valueName":"search_term_string"}}],"inLanguage":"sv-SE"},{"@type":"Organization","@id":"https:\/\/lightweb.dev\/l\/svm-temp\/#organization","name":"Melkerson y Nott SL","alternateName":"Svenska Magasinet","url":"https:\/\/lightweb.dev\/l\/svm-temp\/","logo":{"@type":"ImageObject","inLanguage":"sv-SE","@id":"https:\/\/lightweb.dev\/l\/svm-temp\/#\/schema\/logo\/image\/","url":"https:\/\/lightweb.dev\/l\/svm-temp\/wp-content\/uploads\/2025\/02\/SvM-logo-Xtra-Centrerad-SVART.png","contentUrl":"https:\/\/lightweb.dev\/l\/svm-temp\/wp-content\/uploads\/2025\/02\/SvM-logo-Xtra-Centrerad-SVART.png","width":300,"height":99,"caption":"Melkerson y Nott SL"},"image":{"@id":"https:\/\/lightweb.dev\/l\/svm-temp\/#\/schema\/logo\/image\/"},"sameAs":["https:\/\/www.facebook.com\/svenskamagasinet","https:\/\/x.com\/SvenskaMagasine"]},{"@type":"Person","@id":"https:\/\/lightweb.dev\/l\/svm-temp\/#\/schema\/person\/206a3bda5b607b0c25e1749191e4d837","name":"Redaktionen SvM","description":"Redaktionen","sameAs":["https:\/\/lightweb.dev\/l\/svm-temp"],"url":"https:\/\/lightweb.dev\/l\/svm-temp\/reporter\/redaktionen\/"}]}},"_links":{"self":[{"href":"https:\/\/lightweb.dev\/l\/svm-temp\/wp-json\/wp\/v2\/posts\/4542","targetHints":{"allow":["GET"]}}],"collection":[{"href":"https:\/\/lightweb.dev\/l\/svm-temp\/wp-json\/wp\/v2\/posts"}],"about":[{"href":"https:\/\/lightweb.dev\/l\/svm-temp\/wp-json\/wp\/v2\/types\/post"}],"author":[{"embeddable":true,"href":"https:\/\/lightweb.dev\/l\/svm-temp\/wp-json\/wp\/v2\/users\/8"}],"replies":[{"embeddable":true,"href":"https:\/\/lightweb.dev\/l\/svm-temp\/wp-json\/wp\/v2\/comments?post=4542"}],"version-history":[{"count":0,"href":"https:\/\/lightweb.dev\/l\/svm-temp\/wp-json\/wp\/v2\/posts\/4542\/revisions"}],"wp:featuredmedia":[{"embeddable":true,"href":"https:\/\/lightweb.dev\/l\/svm-temp\/wp-json\/wp\/v2\/media\/4543"}],"wp:attachment":[{"href":"https:\/\/lightweb.dev\/l\/svm-temp\/wp-json\/wp\/v2\/media?parent=4542"}],"wp:term":[{"taxonomy":"category","embeddable":true,"href":"https:\/\/lightweb.dev\/l\/svm-temp\/wp-json\/wp\/v2\/categories?post=4542"},{"taxonomy":"post_tag","embeddable":true,"href":"https:\/\/lightweb.dev\/l\/svm-temp\/wp-json\/wp\/v2\/tags?post=4542"}],"curies":[{"name":"wp","href":"https:\/\/api.w.org\/{rel}","templated":true}]}}