{"id":4550,"date":"2014-06-10T00:00:00","date_gmt":"2014-06-09T22:00:00","guid":{"rendered":"https:\/\/lightweb.dev\/l\/svm-temp\/barn-och-skilsmassor\/"},"modified":"2014-06-10T00:00:00","modified_gmt":"2014-06-09T22:00:00","slug":"barn-och-skilsmassor","status":"publish","type":"post","link":"https:\/\/lightweb.dev\/l\/svm-temp\/artiklar\/barn-och-skilsmassor\/","title":{"rendered":"Barn och skilsm\u00e4ssor"},"content":{"rendered":"<p> Skilsm\u00e4ssor \u00e4r en tuff erfarenhet f\u00f6r alla inblandade. Och era barn \u00e4r de som f\u00e5r lov att acceptera f\u00f6r\u00e4ndringarna utan att kunna p\u00e5verka denna ibland psykiskt p\u00e5frestande upplevelse. Vi som f\u00f6r\u00e4ldrar kan hj\u00e4lpa dem att komma \u00f6ver en l\u00e5ngsiktigt negativ effekt via ett par enkla riktlinjer som kan v\u00e4nda en obehaglig upplevelse till n\u00e5got mycket b\u00e4ttre.<\/p>\n<p>Barnet beh\u00f6ver, f\u00f6r att m\u00e5 bra och k\u00e4nna sig trygg, att b\u00e5da f\u00f6r\u00e4ldrarna arbetar tillsammans p\u00e5 dessa viktiga punkter:<br \/>\nB\u00e5da f\u00f6r\u00e4ldrar skall vara en del av deras liv.<br \/>\nArbeta p\u00e5 att komma \u00f6verens och agera tillsammans.<br \/>\nSpendera kvalitetstid ensam med ditt barn.<br \/>\nKommunicera direkt med den andra f\u00f6r\u00e4ldern, aldrig med barnet som en f\u00f6rmedlare.<br \/>\nPrata inte illa om din ex-partner. \u00c4ven om du \u00e4r arg och har starka k\u00e4nslor s\u00e5 kom ih\u00e5g att det inte \u00e4r barnets fel och de skall inte beh\u00f6va k\u00e4nna sig skyldiga p\u00e5 n\u00e5got vis.<\/p>\n<p>M\u00e5nga f\u00f6r\u00e4ldrar oroar sig f\u00f6r vad de skall s\u00e4ga till barnen n\u00e4r stunden kommer att konfrontera dem<br \/>\nmed situationen.<br \/>\nBer\u00e4tta alltid sanningen. Barn \u00e4r intelligenta och f\u00f6rtj\u00e4nar respekt.<br \/>\nTala om att du \u00e4lskar dem. Du kanske tror att de f\u00f6rst\u00e5r det \u00e4nd\u00e5, men barn, speciellt under stress, beh\u00f6ver f\u00f6rs\u00e4kras om att k\u00e4rlek alltid finns hos mor och far.<br \/>\nByte av bostad. Livet kommer att ge m\u00e5nga s\u00e5dana. F\u00f6rs\u00f6k att inte l\u00e5tsas som att allt forts\u00e4tter som vanligt, f\u00f6r det g\u00f6r det inte. Det blir f\u00f6r\u00e4ndringar och vi m\u00e5ste hj\u00e4lpa dem. Hela deras v\u00e4rld v\u00e4nds upp och ner och vi m\u00e5ste f\u00f6rs\u00f6ka g\u00f6ra det b\u00e4sta i att hj\u00e4lpa dem tillr\u00e4tta.<br \/>\nPrata alltid p\u00e5 r\u00e4tt niv\u00e5 f\u00f6r barnets \u00e5lder. En fem\u00e5ring f\u00f6rst\u00e5r om vi f\u00f6rklarar p\u00e5 dera niv\u00e5 medans en ton\u00e5ring kan processa en mer k\u00e4nslom\u00e4ssigt djup konversation.<\/p>\n<p>Undvik alltid att skylla ifr\u00e5n er, som f\u00f6r\u00e4ldrar b\u00f6r vi presentera en f\u00f6renad front. Planera vad ni t\u00e4nker s\u00e4ga och h\u00e5ll er till planen. Vilseledande och mots\u00e4gande information leder till stress hos barnen vilket kan g\u00f6ra att det tar l\u00e4ngre tid f\u00f6r barnen att acceptera situationen. Kom ih\u00e5g att dela med er av praktisk information.<\/p>\n<p>Lova inget som ni inte kan h\u00e5lla.<br \/>\nSist men inte minst, lyssna p\u00e5 barnen, hj\u00e4lp dem att ge uttryck f\u00f6r sina k\u00e4nslor och l\u00e5t dem vara \u00e4rliga, \u00e4ven om det g\u00f6r ont. De m\u00e5ste f\u00e5 s\u00e4ga vad de tycker och t\u00e4nker. L\u00e5t dem f\u00f6rst\u00e5 att du fattar vad de vill och framf\u00f6r allt, ha t\u00e5lamod. Barn vill ha rutiner och \u00e4ven om ditt liv \u00e4r ett rent kaos, se till att de minsta har ett schema som f\u00f6ljs i b\u00e5da hush\u00e5llen.<\/p>\n<p>Ibland beh\u00f6ver man lite hj\u00e4lp f\u00f6r att klara av nya situationer. Om du tror att detta \u00e4r fallet, \u00e4r det viktigt att<br \/>\ns\u00f6ka professionell hj\u00e4lp b\u00e5de f\u00f6r barnen och er sj\u00e4lva. Ni beh\u00f6ver inte g\u00e5 igenom detta p\u00e5 egen hand.<\/p>\n<p>Sl\u00e5 en signal till TAM Therapists. Vi kan hj\u00e4lpa er. Tel 616 995 504<\/p>\n","protected":false},"excerpt":{"rendered":"<p>Skilsm\u00e4ssor \u00e4r en tuff erfarenhet f\u00f6r alla inblandade. Och era barn \u00e4r de som f\u00e5r lov att acceptera f\u00f6r\u00e4ndringarna utan att kunna p\u00e5verka denna ibland psykiskt p\u00e5frestande upplevelse. Vi som f\u00f6r\u00e4ldrar kan hj\u00e4lpa dem att komma \u00f6ver en l\u00e5ngsiktigt negativ effekt via ett par enkla riktlinjer som kan v\u00e4nda en obehaglig upplevelse till n\u00e5got mycket [&hellip;]<\/p>\n","protected":false},"author":8,"featured_media":4551,"comment_status":"open","ping_status":"open","sticky":false,"template":"","format":"standard","meta":{"_et_pb_use_builder":"","_et_pb_old_content":"","_et_gb_content_width":"","footnotes":""},"categories":[396,4],"tags":[],"class_list":["post-4550","post","type-post","status-publish","format-standard","has-post-thumbnail","hentry","category-arkiv-artiklar","category-artiklar"],"yoast_head":"<!-- This site is optimized with the Yoast SEO Premium plugin v26.2 (Yoast SEO v27.4) - https:\/\/yoast.com\/product\/yoast-seo-premium-wordpress\/ -->\n<title>Barn och skilsm\u00e4ssor - Svenska Magasinet<\/title>\n<meta name=\"robots\" content=\"noindex, follow, max-snippet:-1, max-image-preview:large, max-video-preview:-1\" \/>\n<meta property=\"og:locale\" content=\"sv_SE\" \/>\n<meta property=\"og:type\" content=\"article\" \/>\n<meta property=\"og:title\" content=\"Barn och skilsm\u00e4ssor\" \/>\n<meta property=\"og:description\" content=\"Skilsm\u00e4ssor \u00e4r en tuff erfarenhet f\u00f6r alla inblandade. Och era barn \u00e4r de som f\u00e5r lov att acceptera f\u00f6r\u00e4ndringarna utan att kunna p\u00e5verka denna ibland psykiskt p\u00e5frestande upplevelse. Vi som f\u00f6r\u00e4ldrar kan hj\u00e4lpa dem att komma \u00f6ver en l\u00e5ngsiktigt negativ effekt via ett par enkla riktlinjer som kan v\u00e4nda en obehaglig upplevelse till n\u00e5got mycket [&hellip;]\" \/>\n<meta property=\"og:url\" content=\"https:\/\/lightweb.dev\/l\/svm-temp\/artiklar\/barn-och-skilsmassor\/\" \/>\n<meta property=\"og:site_name\" content=\"Svenska Magasinet\" \/>\n<meta property=\"article:publisher\" content=\"https:\/\/www.facebook.com\/svenskamagasinet\" \/>\n<meta property=\"article:published_time\" content=\"2014-06-09T22:00:00+00:00\" \/>\n<meta property=\"og:image\" content=\"https:\/\/lightweb.dev\/l\/svm-temp\/wp-content\/uploads\/2022\/04\/barn-och-skilsmssor.png\" \/>\n\t<meta property=\"og:image:width\" content=\"356\" \/>\n\t<meta property=\"og:image:height\" content=\"200\" \/>\n\t<meta property=\"og:image:type\" content=\"image\/png\" \/>\n<meta name=\"author\" content=\"Redaktionen SvM\" \/>\n<meta name=\"twitter:card\" content=\"summary_large_image\" \/>\n<meta name=\"twitter:creator\" content=\"@SvenskaMagasine\" \/>\n<meta name=\"twitter:site\" content=\"@SvenskaMagasine\" \/>\n<script type=\"application\/ld+json\" class=\"yoast-schema-graph\">{\"@context\":\"https:\\\/\\\/schema.org\",\"@graph\":[{\"@type\":\"Article\",\"@id\":\"https:\\\/\\\/lightweb.dev\\\/l\\\/svm-temp\\\/artiklar\\\/barn-och-skilsmassor\\\/#article\",\"isPartOf\":{\"@id\":\"https:\\\/\\\/lightweb.dev\\\/l\\\/svm-temp\\\/artiklar\\\/barn-och-skilsmassor\\\/\"},\"author\":{\"name\":\"Redaktionen SvM\",\"@id\":\"https:\\\/\\\/lightweb.dev\\\/l\\\/svm-temp\\\/#\\\/schema\\\/person\\\/206a3bda5b607b0c25e1749191e4d837\"},\"headline\":\"Barn och skilsm\u00e4ssor\",\"datePublished\":\"2014-06-09T22:00:00+00:00\",\"mainEntityOfPage\":{\"@id\":\"https:\\\/\\\/lightweb.dev\\\/l\\\/svm-temp\\\/artiklar\\\/barn-och-skilsmassor\\\/\"},\"wordCount\":587,\"commentCount\":0,\"publisher\":{\"@id\":\"https:\\\/\\\/lightweb.dev\\\/l\\\/svm-temp\\\/#organization\"},\"image\":{\"@id\":\"https:\\\/\\\/lightweb.dev\\\/l\\\/svm-temp\\\/artiklar\\\/barn-och-skilsmassor\\\/#primaryimage\"},\"thumbnailUrl\":\"https:\\\/\\\/lightweb.dev\\\/l\\\/svm-temp\\\/wp-content\\\/uploads\\\/2022\\\/04\\\/barn-och-skilsmssor.png\",\"articleSection\":[\"Arkiv\",\"Artiklar\"],\"inLanguage\":\"sv-SE\"},{\"@type\":\"WebPage\",\"@id\":\"https:\\\/\\\/lightweb.dev\\\/l\\\/svm-temp\\\/artiklar\\\/barn-och-skilsmassor\\\/\",\"url\":\"https:\\\/\\\/lightweb.dev\\\/l\\\/svm-temp\\\/artiklar\\\/barn-och-skilsmassor\\\/\",\"name\":\"Barn och skilsm\u00e4ssor - Svenska Magasinet\",\"isPartOf\":{\"@id\":\"https:\\\/\\\/lightweb.dev\\\/l\\\/svm-temp\\\/#website\"},\"primaryImageOfPage\":{\"@id\":\"https:\\\/\\\/lightweb.dev\\\/l\\\/svm-temp\\\/artiklar\\\/barn-och-skilsmassor\\\/#primaryimage\"},\"image\":{\"@id\":\"https:\\\/\\\/lightweb.dev\\\/l\\\/svm-temp\\\/artiklar\\\/barn-och-skilsmassor\\\/#primaryimage\"},\"thumbnailUrl\":\"https:\\\/\\\/lightweb.dev\\\/l\\\/svm-temp\\\/wp-content\\\/uploads\\\/2022\\\/04\\\/barn-och-skilsmssor.png\",\"datePublished\":\"2014-06-09T22:00:00+00:00\",\"breadcrumb\":{\"@id\":\"https:\\\/\\\/lightweb.dev\\\/l\\\/svm-temp\\\/artiklar\\\/barn-och-skilsmassor\\\/#breadcrumb\"},\"inLanguage\":\"sv-SE\",\"potentialAction\":[{\"@type\":\"ReadAction\",\"target\":[\"https:\\\/\\\/lightweb.dev\\\/l\\\/svm-temp\\\/artiklar\\\/barn-och-skilsmassor\\\/\"]}]},{\"@type\":\"ImageObject\",\"inLanguage\":\"sv-SE\",\"@id\":\"https:\\\/\\\/lightweb.dev\\\/l\\\/svm-temp\\\/artiklar\\\/barn-och-skilsmassor\\\/#primaryimage\",\"url\":\"https:\\\/\\\/lightweb.dev\\\/l\\\/svm-temp\\\/wp-content\\\/uploads\\\/2022\\\/04\\\/barn-och-skilsmssor.png\",\"contentUrl\":\"https:\\\/\\\/lightweb.dev\\\/l\\\/svm-temp\\\/wp-content\\\/uploads\\\/2022\\\/04\\\/barn-och-skilsmssor.png\",\"width\":356,\"height\":200},{\"@type\":\"BreadcrumbList\",\"@id\":\"https:\\\/\\\/lightweb.dev\\\/l\\\/svm-temp\\\/artiklar\\\/barn-och-skilsmassor\\\/#breadcrumb\",\"itemListElement\":[{\"@type\":\"ListItem\",\"position\":1,\"name\":\"Hem\",\"item\":\"https:\\\/\\\/lightweb.dev\\\/l\\\/svm-temp\\\/\"},{\"@type\":\"ListItem\",\"position\":2,\"name\":\"Barn och skilsm\u00e4ssor\"}]},{\"@type\":\"WebSite\",\"@id\":\"https:\\\/\\\/lightweb.dev\\\/l\\\/svm-temp\\\/#website\",\"url\":\"https:\\\/\\\/lightweb.dev\\\/l\\\/svm-temp\\\/\",\"name\":\"Svenska Magasinet\",\"description\":\"Dina Spanska nyheter p&aring; Svenska\",\"publisher\":{\"@id\":\"https:\\\/\\\/lightweb.dev\\\/l\\\/svm-temp\\\/#organization\"},\"potentialAction\":[{\"@type\":\"SearchAction\",\"target\":{\"@type\":\"EntryPoint\",\"urlTemplate\":\"https:\\\/\\\/lightweb.dev\\\/l\\\/svm-temp\\\/?s={search_term_string}\"},\"query-input\":{\"@type\":\"PropertyValueSpecification\",\"valueRequired\":true,\"valueName\":\"search_term_string\"}}],\"inLanguage\":\"sv-SE\"},{\"@type\":\"Organization\",\"@id\":\"https:\\\/\\\/lightweb.dev\\\/l\\\/svm-temp\\\/#organization\",\"name\":\"Melkerson y Nott SL\",\"alternateName\":\"Svenska Magasinet\",\"url\":\"https:\\\/\\\/lightweb.dev\\\/l\\\/svm-temp\\\/\",\"logo\":{\"@type\":\"ImageObject\",\"inLanguage\":\"sv-SE\",\"@id\":\"https:\\\/\\\/lightweb.dev\\\/l\\\/svm-temp\\\/#\\\/schema\\\/logo\\\/image\\\/\",\"url\":\"https:\\\/\\\/lightweb.dev\\\/l\\\/svm-temp\\\/wp-content\\\/uploads\\\/2025\\\/02\\\/SvM-logo-Xtra-Centrerad-SVART.png\",\"contentUrl\":\"https:\\\/\\\/lightweb.dev\\\/l\\\/svm-temp\\\/wp-content\\\/uploads\\\/2025\\\/02\\\/SvM-logo-Xtra-Centrerad-SVART.png\",\"width\":300,\"height\":99,\"caption\":\"Melkerson y Nott SL\"},\"image\":{\"@id\":\"https:\\\/\\\/lightweb.dev\\\/l\\\/svm-temp\\\/#\\\/schema\\\/logo\\\/image\\\/\"},\"sameAs\":[\"https:\\\/\\\/www.facebook.com\\\/svenskamagasinet\",\"https:\\\/\\\/x.com\\\/SvenskaMagasine\"]},{\"@type\":\"Person\",\"@id\":\"https:\\\/\\\/lightweb.dev\\\/l\\\/svm-temp\\\/#\\\/schema\\\/person\\\/206a3bda5b607b0c25e1749191e4d837\",\"name\":\"Redaktionen SvM\",\"description\":\"Redaktionen\",\"sameAs\":[\"https:\\\/\\\/lightweb.dev\\\/l\\\/svm-temp\"],\"url\":\"https:\\\/\\\/lightweb.dev\\\/l\\\/svm-temp\\\/reporter\\\/redaktionen\\\/\"}]}<\/script>\n<!-- \/ Yoast SEO Premium plugin. -->","yoast_head_json":{"title":"Barn och skilsm\u00e4ssor - Svenska Magasinet","robots":{"index":"noindex","follow":"follow","max-snippet":"max-snippet:-1","max-image-preview":"max-image-preview:large","max-video-preview":"max-video-preview:-1"},"og_locale":"sv_SE","og_type":"article","og_title":"Barn och skilsm\u00e4ssor","og_description":"Skilsm\u00e4ssor \u00e4r en tuff erfarenhet f\u00f6r alla inblandade. Och era barn \u00e4r de som f\u00e5r lov att acceptera f\u00f6r\u00e4ndringarna utan att kunna p\u00e5verka denna ibland psykiskt p\u00e5frestande upplevelse. Vi som f\u00f6r\u00e4ldrar kan hj\u00e4lpa dem att komma \u00f6ver en l\u00e5ngsiktigt negativ effekt via ett par enkla riktlinjer som kan v\u00e4nda en obehaglig upplevelse till n\u00e5got mycket [&hellip;]","og_url":"https:\/\/lightweb.dev\/l\/svm-temp\/artiklar\/barn-och-skilsmassor\/","og_site_name":"Svenska Magasinet","article_publisher":"https:\/\/www.facebook.com\/svenskamagasinet","article_published_time":"2014-06-09T22:00:00+00:00","og_image":[{"width":356,"height":200,"url":"https:\/\/lightweb.dev\/l\/svm-temp\/wp-content\/uploads\/2022\/04\/barn-och-skilsmssor.png","type":"image\/png"}],"author":"Redaktionen SvM","twitter_card":"summary_large_image","twitter_creator":"@SvenskaMagasine","twitter_site":"@SvenskaMagasine","schema":{"@context":"https:\/\/schema.org","@graph":[{"@type":"Article","@id":"https:\/\/lightweb.dev\/l\/svm-temp\/artiklar\/barn-och-skilsmassor\/#article","isPartOf":{"@id":"https:\/\/lightweb.dev\/l\/svm-temp\/artiklar\/barn-och-skilsmassor\/"},"author":{"name":"Redaktionen SvM","@id":"https:\/\/lightweb.dev\/l\/svm-temp\/#\/schema\/person\/206a3bda5b607b0c25e1749191e4d837"},"headline":"Barn och skilsm\u00e4ssor","datePublished":"2014-06-09T22:00:00+00:00","mainEntityOfPage":{"@id":"https:\/\/lightweb.dev\/l\/svm-temp\/artiklar\/barn-och-skilsmassor\/"},"wordCount":587,"commentCount":0,"publisher":{"@id":"https:\/\/lightweb.dev\/l\/svm-temp\/#organization"},"image":{"@id":"https:\/\/lightweb.dev\/l\/svm-temp\/artiklar\/barn-och-skilsmassor\/#primaryimage"},"thumbnailUrl":"https:\/\/lightweb.dev\/l\/svm-temp\/wp-content\/uploads\/2022\/04\/barn-och-skilsmssor.png","articleSection":["Arkiv","Artiklar"],"inLanguage":"sv-SE"},{"@type":"WebPage","@id":"https:\/\/lightweb.dev\/l\/svm-temp\/artiklar\/barn-och-skilsmassor\/","url":"https:\/\/lightweb.dev\/l\/svm-temp\/artiklar\/barn-och-skilsmassor\/","name":"Barn och skilsm\u00e4ssor - Svenska Magasinet","isPartOf":{"@id":"https:\/\/lightweb.dev\/l\/svm-temp\/#website"},"primaryImageOfPage":{"@id":"https:\/\/lightweb.dev\/l\/svm-temp\/artiklar\/barn-och-skilsmassor\/#primaryimage"},"image":{"@id":"https:\/\/lightweb.dev\/l\/svm-temp\/artiklar\/barn-och-skilsmassor\/#primaryimage"},"thumbnailUrl":"https:\/\/lightweb.dev\/l\/svm-temp\/wp-content\/uploads\/2022\/04\/barn-och-skilsmssor.png","datePublished":"2014-06-09T22:00:00+00:00","breadcrumb":{"@id":"https:\/\/lightweb.dev\/l\/svm-temp\/artiklar\/barn-och-skilsmassor\/#breadcrumb"},"inLanguage":"sv-SE","potentialAction":[{"@type":"ReadAction","target":["https:\/\/lightweb.dev\/l\/svm-temp\/artiklar\/barn-och-skilsmassor\/"]}]},{"@type":"ImageObject","inLanguage":"sv-SE","@id":"https:\/\/lightweb.dev\/l\/svm-temp\/artiklar\/barn-och-skilsmassor\/#primaryimage","url":"https:\/\/lightweb.dev\/l\/svm-temp\/wp-content\/uploads\/2022\/04\/barn-och-skilsmssor.png","contentUrl":"https:\/\/lightweb.dev\/l\/svm-temp\/wp-content\/uploads\/2022\/04\/barn-och-skilsmssor.png","width":356,"height":200},{"@type":"BreadcrumbList","@id":"https:\/\/lightweb.dev\/l\/svm-temp\/artiklar\/barn-och-skilsmassor\/#breadcrumb","itemListElement":[{"@type":"ListItem","position":1,"name":"Hem","item":"https:\/\/lightweb.dev\/l\/svm-temp\/"},{"@type":"ListItem","position":2,"name":"Barn och skilsm\u00e4ssor"}]},{"@type":"WebSite","@id":"https:\/\/lightweb.dev\/l\/svm-temp\/#website","url":"https:\/\/lightweb.dev\/l\/svm-temp\/","name":"Svenska Magasinet","description":"Dina Spanska nyheter p&aring; Svenska","publisher":{"@id":"https:\/\/lightweb.dev\/l\/svm-temp\/#organization"},"potentialAction":[{"@type":"SearchAction","target":{"@type":"EntryPoint","urlTemplate":"https:\/\/lightweb.dev\/l\/svm-temp\/?s={search_term_string}"},"query-input":{"@type":"PropertyValueSpecification","valueRequired":true,"valueName":"search_term_string"}}],"inLanguage":"sv-SE"},{"@type":"Organization","@id":"https:\/\/lightweb.dev\/l\/svm-temp\/#organization","name":"Melkerson y Nott SL","alternateName":"Svenska Magasinet","url":"https:\/\/lightweb.dev\/l\/svm-temp\/","logo":{"@type":"ImageObject","inLanguage":"sv-SE","@id":"https:\/\/lightweb.dev\/l\/svm-temp\/#\/schema\/logo\/image\/","url":"https:\/\/lightweb.dev\/l\/svm-temp\/wp-content\/uploads\/2025\/02\/SvM-logo-Xtra-Centrerad-SVART.png","contentUrl":"https:\/\/lightweb.dev\/l\/svm-temp\/wp-content\/uploads\/2025\/02\/SvM-logo-Xtra-Centrerad-SVART.png","width":300,"height":99,"caption":"Melkerson y Nott SL"},"image":{"@id":"https:\/\/lightweb.dev\/l\/svm-temp\/#\/schema\/logo\/image\/"},"sameAs":["https:\/\/www.facebook.com\/svenskamagasinet","https:\/\/x.com\/SvenskaMagasine"]},{"@type":"Person","@id":"https:\/\/lightweb.dev\/l\/svm-temp\/#\/schema\/person\/206a3bda5b607b0c25e1749191e4d837","name":"Redaktionen SvM","description":"Redaktionen","sameAs":["https:\/\/lightweb.dev\/l\/svm-temp"],"url":"https:\/\/lightweb.dev\/l\/svm-temp\/reporter\/redaktionen\/"}]}},"_links":{"self":[{"href":"https:\/\/lightweb.dev\/l\/svm-temp\/wp-json\/wp\/v2\/posts\/4550","targetHints":{"allow":["GET"]}}],"collection":[{"href":"https:\/\/lightweb.dev\/l\/svm-temp\/wp-json\/wp\/v2\/posts"}],"about":[{"href":"https:\/\/lightweb.dev\/l\/svm-temp\/wp-json\/wp\/v2\/types\/post"}],"author":[{"embeddable":true,"href":"https:\/\/lightweb.dev\/l\/svm-temp\/wp-json\/wp\/v2\/users\/8"}],"replies":[{"embeddable":true,"href":"https:\/\/lightweb.dev\/l\/svm-temp\/wp-json\/wp\/v2\/comments?post=4550"}],"version-history":[{"count":0,"href":"https:\/\/lightweb.dev\/l\/svm-temp\/wp-json\/wp\/v2\/posts\/4550\/revisions"}],"wp:featuredmedia":[{"embeddable":true,"href":"https:\/\/lightweb.dev\/l\/svm-temp\/wp-json\/wp\/v2\/media\/4551"}],"wp:attachment":[{"href":"https:\/\/lightweb.dev\/l\/svm-temp\/wp-json\/wp\/v2\/media?parent=4550"}],"wp:term":[{"taxonomy":"category","embeddable":true,"href":"https:\/\/lightweb.dev\/l\/svm-temp\/wp-json\/wp\/v2\/categories?post=4550"},{"taxonomy":"post_tag","embeddable":true,"href":"https:\/\/lightweb.dev\/l\/svm-temp\/wp-json\/wp\/v2\/tags?post=4550"}],"curies":[{"name":"wp","href":"https:\/\/api.w.org\/{rel}","templated":true}]}}