{"id":4558,"date":"2014-05-15T00:00:00","date_gmt":"2014-05-14T22:00:00","guid":{"rendered":"https:\/\/lightweb.dev\/l\/svm-temp\/advokatspalten-vilka-kontroller-gor-ni-som-svensk-advokatfirma-vid-kop-av-en-bostad\/"},"modified":"2014-05-15T00:00:00","modified_gmt":"2014-05-14T22:00:00","slug":"advokatspalten-vilka-kontroller-gor-ni-som-svensk-advokatfirma-vid-kop-av-en-bostad","status":"publish","type":"post","link":"https:\/\/lightweb.dev\/l\/svm-temp\/artiklar\/advokatspalten-vilka-kontroller-gor-ni-som-svensk-advokatfirma-vid-kop-av-en-bostad\/","title":{"rendered":"Advokatspalten: Vilka kontroller g\u00f6r ni som svensk advokatfirma vid k\u00f6p av en bostad?"},"content":{"rendered":"<p> Som vi skrivit om i tidigare artiklar \u00e4r det viktigt att anlita juridiskt bitr\u00e4de vid ett fastighets- eller l\u00e4genhetsk\u00f6p i Spanien. Av Jessica Kamph, Paralegal vid Advokatfirman G\u00f6ran Rise<\/p>\n<p>Fastigheter och l\u00e4genheter s\u00e4ljs oftast i befintligt skick och enligt de uppgifter som \u00e4r registrerade i respektive register. De allra flesta skatter och avgifter belastar egendomen i sig, vilket betyder att man som ny \u00e4gare kan bli tvungen att betala s\u00e4ljarens gamla skulder. Det \u00e4r d\u00e4rf\u00f6r n\u00f6dv\u00e4ndigt att noggrant kontrollera egendomen. Vi rekommenderar ocks\u00e5 att man l\u00e5ter en fackman utf\u00f6ra en besiktning innan k\u00f6p. <\/p>\n<p>De tj\u00e4nster som advokatfirman erbjuder i samband med ett k\u00f6p \u00e4r f\u00f6ljande:<\/p>\n<p>\u2022 Ans\u00f6kan av NIE-nummer<br \/>\n\u2022 Granskning av s\u00e4ljarens lagfart och nota simple (gravationsbevis) och inf\u00f6rskaffande av densamma<br \/>\n\u2022 Granskning av avtal och uppr\u00e4ttande av privat k\u00f6peavtal<br \/>\n\u2022 Kontroll att alla skatter, el, vatten, comunidadavgifter m.m. \u00e4r betalda<br \/>\n\u2022 Kontroll att fastigheten \u00e4r lagligen uppf\u00f6rd, t.ex. att bygglov och alla erforderliga tillst\u00e5nd finns<br \/>\n\u2022 Kontroll av Comunidadens (ung. samf\u00e4llighetsf\u00f6reningen) ekonomi<br \/>\n\u2022 Ombes\u00f6rja besiktning av l\u00e4genheten innan k\u00f6p<br \/>\n\u2022 F\u00f6rberedelse av slutf\u00f6rande av k\u00f6pet och bes\u00f6k hos notarie f\u00f6r undertecknande av officiellt k\u00f6pekontrakt (escritura)<br \/>\n\u2022 Hantering av klientmedel; k\u00f6peskilling, betalningar m.m.<br \/>\n\u2022 Betalning av transferskatt, st\u00e4mpelskatt och\/eller moms samt \u00f6vriga avgifter<br \/>\n\u2022 Inregistrering av lagfarten i fastighetsregistret<br \/>\n\u2022 Inbetalning av s\u00e4ljarens skatt (utifall denne \u00e4r ickeresident), 3 % p\u00e5 k\u00f6peskilling samt redovisning h\u00e4rav till s\u00e4ljaren<br \/>\n\u2022 Alla kontakter med s\u00e4ljarens advokat och m\u00e4klare, notarie samt myndigheter<br \/>\n\u2022 \u00d6ppnande av bankkonto<br \/>\n\u2022 Registrering av \u00e4garbyte hos kommunen f\u00f6r betalning av fastighetsskatt, hos Comunidaden (samf\u00e4llighetsf\u00f6reningen), elverket, vattenverket, etc. samt ordna med autogiro f\u00f6r enkel betalning av alla r\u00e4kningar<br \/>\n\u2022 Tecknande av hemf\u00f6rs\u00e4kring <\/p>\n<p>Vi ger ocks\u00e5 r\u00e5dgivning r\u00f6rande de familje- och skatter\u00e4ttsliga konsekvenserna av ett k\u00f6p ur b\u00e5de ett svenskt och ett spanskt perspektiv f\u00f6r att f\u00f6rs\u00e4kra Er om ett tryggt \u00e4gande.<\/p>\n<p>All r\u00e5dgivning sker givetvis p\u00e5 svenska. <\/p>\n","protected":false},"excerpt":{"rendered":"<p>Som vi skrivit om i tidigare artiklar \u00e4r det viktigt att anlita juridiskt bitr\u00e4de vid ett fastighets- eller l\u00e4genhetsk\u00f6p i Spanien. Av Jessica Kamph, Paralegal vid Advokatfirman G\u00f6ran Rise Fastigheter och l\u00e4genheter s\u00e4ljs oftast i befintligt skick och enligt de uppgifter som \u00e4r registrerade i respektive register. De allra flesta skatter och avgifter belastar egendomen [&hellip;]<\/p>\n","protected":false},"author":8,"featured_media":4559,"comment_status":"open","ping_status":"open","sticky":false,"template":"","format":"standard","meta":{"_et_pb_use_builder":"","_et_pb_old_content":"","_et_gb_content_width":"","footnotes":""},"categories":[396,4],"tags":[],"class_list":["post-4558","post","type-post","status-publish","format-standard","has-post-thumbnail","hentry","category-arkiv-artiklar","category-artiklar"],"yoast_head":"<!-- This site is optimized with the Yoast SEO Premium plugin v26.2 (Yoast SEO v27.4) - https:\/\/yoast.com\/product\/yoast-seo-premium-wordpress\/ -->\n<title>Advokatspalten: Vilka kontroller g\u00f6r ni som svensk advokatfirma vid k\u00f6p av en bostad? - Svenska Magasinet<\/title>\n<meta name=\"robots\" content=\"noindex, follow, max-snippet:-1, max-image-preview:large, max-video-preview:-1\" \/>\n<meta property=\"og:locale\" content=\"sv_SE\" \/>\n<meta property=\"og:type\" content=\"article\" \/>\n<meta property=\"og:title\" content=\"Advokatspalten: Vilka kontroller g\u00f6r ni som svensk advokatfirma vid k\u00f6p av en bostad?\" \/>\n<meta property=\"og:description\" content=\"Som vi skrivit om i tidigare artiklar \u00e4r det viktigt att anlita juridiskt bitr\u00e4de vid ett fastighets- eller l\u00e4genhetsk\u00f6p i Spanien. Av Jessica Kamph, Paralegal vid Advokatfirman G\u00f6ran Rise Fastigheter och l\u00e4genheter s\u00e4ljs oftast i befintligt skick och enligt de uppgifter som \u00e4r registrerade i respektive register. De allra flesta skatter och avgifter belastar egendomen [&hellip;]\" \/>\n<meta property=\"og:url\" content=\"https:\/\/lightweb.dev\/l\/svm-temp\/artiklar\/advokatspalten-vilka-kontroller-gor-ni-som-svensk-advokatfirma-vid-kop-av-en-bostad\/\" \/>\n<meta property=\"og:site_name\" content=\"Svenska Magasinet\" \/>\n<meta property=\"article:publisher\" content=\"https:\/\/www.facebook.com\/svenskamagasinet\" \/>\n<meta property=\"article:published_time\" content=\"2014-05-14T22:00:00+00:00\" \/>\n<meta property=\"og:image\" content=\"https:\/\/lightweb.dev\/l\/svm-temp\/wp-content\/uploads\/2022\/04\/advokatspalten-vilka-kontroller-gr-ni-som-svensk-advokatfirma-vid-kp-av-en-bostad.png\" \/>\n\t<meta property=\"og:image:width\" content=\"280\" \/>\n\t<meta property=\"og:image:height\" content=\"420\" \/>\n\t<meta property=\"og:image:type\" content=\"image\/png\" \/>\n<meta name=\"author\" content=\"Redaktionen SvM\" \/>\n<meta name=\"twitter:card\" content=\"summary_large_image\" \/>\n<meta name=\"twitter:creator\" content=\"@SvenskaMagasine\" \/>\n<meta name=\"twitter:site\" content=\"@SvenskaMagasine\" \/>\n<script type=\"application\/ld+json\" class=\"yoast-schema-graph\">{\"@context\":\"https:\\\/\\\/schema.org\",\"@graph\":[{\"@type\":\"Article\",\"@id\":\"https:\\\/\\\/lightweb.dev\\\/l\\\/svm-temp\\\/artiklar\\\/advokatspalten-vilka-kontroller-gor-ni-som-svensk-advokatfirma-vid-kop-av-en-bostad\\\/#article\",\"isPartOf\":{\"@id\":\"https:\\\/\\\/lightweb.dev\\\/l\\\/svm-temp\\\/artiklar\\\/advokatspalten-vilka-kontroller-gor-ni-som-svensk-advokatfirma-vid-kop-av-en-bostad\\\/\"},\"author\":{\"name\":\"Redaktionen SvM\",\"@id\":\"https:\\\/\\\/lightweb.dev\\\/l\\\/svm-temp\\\/#\\\/schema\\\/person\\\/206a3bda5b607b0c25e1749191e4d837\"},\"headline\":\"Advokatspalten: Vilka kontroller g\u00f6r ni som svensk advokatfirma vid k\u00f6p av en bostad?\",\"datePublished\":\"2014-05-14T22:00:00+00:00\",\"mainEntityOfPage\":{\"@id\":\"https:\\\/\\\/lightweb.dev\\\/l\\\/svm-temp\\\/artiklar\\\/advokatspalten-vilka-kontroller-gor-ni-som-svensk-advokatfirma-vid-kop-av-en-bostad\\\/\"},\"wordCount\":368,\"commentCount\":1,\"publisher\":{\"@id\":\"https:\\\/\\\/lightweb.dev\\\/l\\\/svm-temp\\\/#organization\"},\"image\":{\"@id\":\"https:\\\/\\\/lightweb.dev\\\/l\\\/svm-temp\\\/artiklar\\\/advokatspalten-vilka-kontroller-gor-ni-som-svensk-advokatfirma-vid-kop-av-en-bostad\\\/#primaryimage\"},\"thumbnailUrl\":\"https:\\\/\\\/lightweb.dev\\\/l\\\/svm-temp\\\/wp-content\\\/uploads\\\/2022\\\/04\\\/advokatspalten-vilka-kontroller-gr-ni-som-svensk-advokatfirma-vid-kp-av-en-bostad.png\",\"articleSection\":[\"Arkiv\",\"Artiklar\"],\"inLanguage\":\"sv-SE\"},{\"@type\":\"WebPage\",\"@id\":\"https:\\\/\\\/lightweb.dev\\\/l\\\/svm-temp\\\/artiklar\\\/advokatspalten-vilka-kontroller-gor-ni-som-svensk-advokatfirma-vid-kop-av-en-bostad\\\/\",\"url\":\"https:\\\/\\\/lightweb.dev\\\/l\\\/svm-temp\\\/artiklar\\\/advokatspalten-vilka-kontroller-gor-ni-som-svensk-advokatfirma-vid-kop-av-en-bostad\\\/\",\"name\":\"Advokatspalten: Vilka kontroller g\u00f6r ni som svensk advokatfirma vid k\u00f6p av en bostad? - Svenska Magasinet\",\"isPartOf\":{\"@id\":\"https:\\\/\\\/lightweb.dev\\\/l\\\/svm-temp\\\/#website\"},\"primaryImageOfPage\":{\"@id\":\"https:\\\/\\\/lightweb.dev\\\/l\\\/svm-temp\\\/artiklar\\\/advokatspalten-vilka-kontroller-gor-ni-som-svensk-advokatfirma-vid-kop-av-en-bostad\\\/#primaryimage\"},\"image\":{\"@id\":\"https:\\\/\\\/lightweb.dev\\\/l\\\/svm-temp\\\/artiklar\\\/advokatspalten-vilka-kontroller-gor-ni-som-svensk-advokatfirma-vid-kop-av-en-bostad\\\/#primaryimage\"},\"thumbnailUrl\":\"https:\\\/\\\/lightweb.dev\\\/l\\\/svm-temp\\\/wp-content\\\/uploads\\\/2022\\\/04\\\/advokatspalten-vilka-kontroller-gr-ni-som-svensk-advokatfirma-vid-kp-av-en-bostad.png\",\"datePublished\":\"2014-05-14T22:00:00+00:00\",\"breadcrumb\":{\"@id\":\"https:\\\/\\\/lightweb.dev\\\/l\\\/svm-temp\\\/artiklar\\\/advokatspalten-vilka-kontroller-gor-ni-som-svensk-advokatfirma-vid-kop-av-en-bostad\\\/#breadcrumb\"},\"inLanguage\":\"sv-SE\",\"potentialAction\":[{\"@type\":\"ReadAction\",\"target\":[\"https:\\\/\\\/lightweb.dev\\\/l\\\/svm-temp\\\/artiklar\\\/advokatspalten-vilka-kontroller-gor-ni-som-svensk-advokatfirma-vid-kop-av-en-bostad\\\/\"]}]},{\"@type\":\"ImageObject\",\"inLanguage\":\"sv-SE\",\"@id\":\"https:\\\/\\\/lightweb.dev\\\/l\\\/svm-temp\\\/artiklar\\\/advokatspalten-vilka-kontroller-gor-ni-som-svensk-advokatfirma-vid-kop-av-en-bostad\\\/#primaryimage\",\"url\":\"https:\\\/\\\/lightweb.dev\\\/l\\\/svm-temp\\\/wp-content\\\/uploads\\\/2022\\\/04\\\/advokatspalten-vilka-kontroller-gr-ni-som-svensk-advokatfirma-vid-kp-av-en-bostad.png\",\"contentUrl\":\"https:\\\/\\\/lightweb.dev\\\/l\\\/svm-temp\\\/wp-content\\\/uploads\\\/2022\\\/04\\\/advokatspalten-vilka-kontroller-gr-ni-som-svensk-advokatfirma-vid-kp-av-en-bostad.png\",\"width\":280,\"height\":420},{\"@type\":\"BreadcrumbList\",\"@id\":\"https:\\\/\\\/lightweb.dev\\\/l\\\/svm-temp\\\/artiklar\\\/advokatspalten-vilka-kontroller-gor-ni-som-svensk-advokatfirma-vid-kop-av-en-bostad\\\/#breadcrumb\",\"itemListElement\":[{\"@type\":\"ListItem\",\"position\":1,\"name\":\"Hem\",\"item\":\"https:\\\/\\\/lightweb.dev\\\/l\\\/svm-temp\\\/\"},{\"@type\":\"ListItem\",\"position\":2,\"name\":\"Advokatspalten: Vilka kontroller g\u00f6r ni som svensk advokatfirma vid k\u00f6p av en bostad?\"}]},{\"@type\":\"WebSite\",\"@id\":\"https:\\\/\\\/lightweb.dev\\\/l\\\/svm-temp\\\/#website\",\"url\":\"https:\\\/\\\/lightweb.dev\\\/l\\\/svm-temp\\\/\",\"name\":\"Svenska Magasinet\",\"description\":\"Dina Spanska nyheter p&aring; Svenska\",\"publisher\":{\"@id\":\"https:\\\/\\\/lightweb.dev\\\/l\\\/svm-temp\\\/#organization\"},\"potentialAction\":[{\"@type\":\"SearchAction\",\"target\":{\"@type\":\"EntryPoint\",\"urlTemplate\":\"https:\\\/\\\/lightweb.dev\\\/l\\\/svm-temp\\\/?s={search_term_string}\"},\"query-input\":{\"@type\":\"PropertyValueSpecification\",\"valueRequired\":true,\"valueName\":\"search_term_string\"}}],\"inLanguage\":\"sv-SE\"},{\"@type\":\"Organization\",\"@id\":\"https:\\\/\\\/lightweb.dev\\\/l\\\/svm-temp\\\/#organization\",\"name\":\"Melkerson y Nott SL\",\"alternateName\":\"Svenska Magasinet\",\"url\":\"https:\\\/\\\/lightweb.dev\\\/l\\\/svm-temp\\\/\",\"logo\":{\"@type\":\"ImageObject\",\"inLanguage\":\"sv-SE\",\"@id\":\"https:\\\/\\\/lightweb.dev\\\/l\\\/svm-temp\\\/#\\\/schema\\\/logo\\\/image\\\/\",\"url\":\"https:\\\/\\\/lightweb.dev\\\/l\\\/svm-temp\\\/wp-content\\\/uploads\\\/2025\\\/02\\\/SvM-logo-Xtra-Centrerad-SVART.png\",\"contentUrl\":\"https:\\\/\\\/lightweb.dev\\\/l\\\/svm-temp\\\/wp-content\\\/uploads\\\/2025\\\/02\\\/SvM-logo-Xtra-Centrerad-SVART.png\",\"width\":300,\"height\":99,\"caption\":\"Melkerson y Nott SL\"},\"image\":{\"@id\":\"https:\\\/\\\/lightweb.dev\\\/l\\\/svm-temp\\\/#\\\/schema\\\/logo\\\/image\\\/\"},\"sameAs\":[\"https:\\\/\\\/www.facebook.com\\\/svenskamagasinet\",\"https:\\\/\\\/x.com\\\/SvenskaMagasine\"]},{\"@type\":\"Person\",\"@id\":\"https:\\\/\\\/lightweb.dev\\\/l\\\/svm-temp\\\/#\\\/schema\\\/person\\\/206a3bda5b607b0c25e1749191e4d837\",\"name\":\"Redaktionen SvM\",\"description\":\"Redaktionen\",\"sameAs\":[\"https:\\\/\\\/lightweb.dev\\\/l\\\/svm-temp\"],\"url\":\"https:\\\/\\\/lightweb.dev\\\/l\\\/svm-temp\\\/reporter\\\/redaktionen\\\/\"}]}<\/script>\n<!-- \/ Yoast SEO Premium plugin. -->","yoast_head_json":{"title":"Advokatspalten: Vilka kontroller g\u00f6r ni som svensk advokatfirma vid k\u00f6p av en bostad? - Svenska Magasinet","robots":{"index":"noindex","follow":"follow","max-snippet":"max-snippet:-1","max-image-preview":"max-image-preview:large","max-video-preview":"max-video-preview:-1"},"og_locale":"sv_SE","og_type":"article","og_title":"Advokatspalten: Vilka kontroller g\u00f6r ni som svensk advokatfirma vid k\u00f6p av en bostad?","og_description":"Som vi skrivit om i tidigare artiklar \u00e4r det viktigt att anlita juridiskt bitr\u00e4de vid ett fastighets- eller l\u00e4genhetsk\u00f6p i Spanien. Av Jessica Kamph, Paralegal vid Advokatfirman G\u00f6ran Rise Fastigheter och l\u00e4genheter s\u00e4ljs oftast i befintligt skick och enligt de uppgifter som \u00e4r registrerade i respektive register. De allra flesta skatter och avgifter belastar egendomen [&hellip;]","og_url":"https:\/\/lightweb.dev\/l\/svm-temp\/artiklar\/advokatspalten-vilka-kontroller-gor-ni-som-svensk-advokatfirma-vid-kop-av-en-bostad\/","og_site_name":"Svenska Magasinet","article_publisher":"https:\/\/www.facebook.com\/svenskamagasinet","article_published_time":"2014-05-14T22:00:00+00:00","og_image":[{"width":280,"height":420,"url":"https:\/\/lightweb.dev\/l\/svm-temp\/wp-content\/uploads\/2022\/04\/advokatspalten-vilka-kontroller-gr-ni-som-svensk-advokatfirma-vid-kp-av-en-bostad.png","type":"image\/png"}],"author":"Redaktionen SvM","twitter_card":"summary_large_image","twitter_creator":"@SvenskaMagasine","twitter_site":"@SvenskaMagasine","schema":{"@context":"https:\/\/schema.org","@graph":[{"@type":"Article","@id":"https:\/\/lightweb.dev\/l\/svm-temp\/artiklar\/advokatspalten-vilka-kontroller-gor-ni-som-svensk-advokatfirma-vid-kop-av-en-bostad\/#article","isPartOf":{"@id":"https:\/\/lightweb.dev\/l\/svm-temp\/artiklar\/advokatspalten-vilka-kontroller-gor-ni-som-svensk-advokatfirma-vid-kop-av-en-bostad\/"},"author":{"name":"Redaktionen SvM","@id":"https:\/\/lightweb.dev\/l\/svm-temp\/#\/schema\/person\/206a3bda5b607b0c25e1749191e4d837"},"headline":"Advokatspalten: Vilka kontroller g\u00f6r ni som svensk advokatfirma vid k\u00f6p av en bostad?","datePublished":"2014-05-14T22:00:00+00:00","mainEntityOfPage":{"@id":"https:\/\/lightweb.dev\/l\/svm-temp\/artiklar\/advokatspalten-vilka-kontroller-gor-ni-som-svensk-advokatfirma-vid-kop-av-en-bostad\/"},"wordCount":368,"commentCount":1,"publisher":{"@id":"https:\/\/lightweb.dev\/l\/svm-temp\/#organization"},"image":{"@id":"https:\/\/lightweb.dev\/l\/svm-temp\/artiklar\/advokatspalten-vilka-kontroller-gor-ni-som-svensk-advokatfirma-vid-kop-av-en-bostad\/#primaryimage"},"thumbnailUrl":"https:\/\/lightweb.dev\/l\/svm-temp\/wp-content\/uploads\/2022\/04\/advokatspalten-vilka-kontroller-gr-ni-som-svensk-advokatfirma-vid-kp-av-en-bostad.png","articleSection":["Arkiv","Artiklar"],"inLanguage":"sv-SE"},{"@type":"WebPage","@id":"https:\/\/lightweb.dev\/l\/svm-temp\/artiklar\/advokatspalten-vilka-kontroller-gor-ni-som-svensk-advokatfirma-vid-kop-av-en-bostad\/","url":"https:\/\/lightweb.dev\/l\/svm-temp\/artiklar\/advokatspalten-vilka-kontroller-gor-ni-som-svensk-advokatfirma-vid-kop-av-en-bostad\/","name":"Advokatspalten: Vilka kontroller g\u00f6r ni som svensk advokatfirma vid k\u00f6p av en bostad? - Svenska Magasinet","isPartOf":{"@id":"https:\/\/lightweb.dev\/l\/svm-temp\/#website"},"primaryImageOfPage":{"@id":"https:\/\/lightweb.dev\/l\/svm-temp\/artiklar\/advokatspalten-vilka-kontroller-gor-ni-som-svensk-advokatfirma-vid-kop-av-en-bostad\/#primaryimage"},"image":{"@id":"https:\/\/lightweb.dev\/l\/svm-temp\/artiklar\/advokatspalten-vilka-kontroller-gor-ni-som-svensk-advokatfirma-vid-kop-av-en-bostad\/#primaryimage"},"thumbnailUrl":"https:\/\/lightweb.dev\/l\/svm-temp\/wp-content\/uploads\/2022\/04\/advokatspalten-vilka-kontroller-gr-ni-som-svensk-advokatfirma-vid-kp-av-en-bostad.png","datePublished":"2014-05-14T22:00:00+00:00","breadcrumb":{"@id":"https:\/\/lightweb.dev\/l\/svm-temp\/artiklar\/advokatspalten-vilka-kontroller-gor-ni-som-svensk-advokatfirma-vid-kop-av-en-bostad\/#breadcrumb"},"inLanguage":"sv-SE","potentialAction":[{"@type":"ReadAction","target":["https:\/\/lightweb.dev\/l\/svm-temp\/artiklar\/advokatspalten-vilka-kontroller-gor-ni-som-svensk-advokatfirma-vid-kop-av-en-bostad\/"]}]},{"@type":"ImageObject","inLanguage":"sv-SE","@id":"https:\/\/lightweb.dev\/l\/svm-temp\/artiklar\/advokatspalten-vilka-kontroller-gor-ni-som-svensk-advokatfirma-vid-kop-av-en-bostad\/#primaryimage","url":"https:\/\/lightweb.dev\/l\/svm-temp\/wp-content\/uploads\/2022\/04\/advokatspalten-vilka-kontroller-gr-ni-som-svensk-advokatfirma-vid-kp-av-en-bostad.png","contentUrl":"https:\/\/lightweb.dev\/l\/svm-temp\/wp-content\/uploads\/2022\/04\/advokatspalten-vilka-kontroller-gr-ni-som-svensk-advokatfirma-vid-kp-av-en-bostad.png","width":280,"height":420},{"@type":"BreadcrumbList","@id":"https:\/\/lightweb.dev\/l\/svm-temp\/artiklar\/advokatspalten-vilka-kontroller-gor-ni-som-svensk-advokatfirma-vid-kop-av-en-bostad\/#breadcrumb","itemListElement":[{"@type":"ListItem","position":1,"name":"Hem","item":"https:\/\/lightweb.dev\/l\/svm-temp\/"},{"@type":"ListItem","position":2,"name":"Advokatspalten: Vilka kontroller g\u00f6r ni som svensk advokatfirma vid k\u00f6p av en bostad?"}]},{"@type":"WebSite","@id":"https:\/\/lightweb.dev\/l\/svm-temp\/#website","url":"https:\/\/lightweb.dev\/l\/svm-temp\/","name":"Svenska Magasinet","description":"Dina Spanska nyheter p&aring; Svenska","publisher":{"@id":"https:\/\/lightweb.dev\/l\/svm-temp\/#organization"},"potentialAction":[{"@type":"SearchAction","target":{"@type":"EntryPoint","urlTemplate":"https:\/\/lightweb.dev\/l\/svm-temp\/?s={search_term_string}"},"query-input":{"@type":"PropertyValueSpecification","valueRequired":true,"valueName":"search_term_string"}}],"inLanguage":"sv-SE"},{"@type":"Organization","@id":"https:\/\/lightweb.dev\/l\/svm-temp\/#organization","name":"Melkerson y Nott SL","alternateName":"Svenska Magasinet","url":"https:\/\/lightweb.dev\/l\/svm-temp\/","logo":{"@type":"ImageObject","inLanguage":"sv-SE","@id":"https:\/\/lightweb.dev\/l\/svm-temp\/#\/schema\/logo\/image\/","url":"https:\/\/lightweb.dev\/l\/svm-temp\/wp-content\/uploads\/2025\/02\/SvM-logo-Xtra-Centrerad-SVART.png","contentUrl":"https:\/\/lightweb.dev\/l\/svm-temp\/wp-content\/uploads\/2025\/02\/SvM-logo-Xtra-Centrerad-SVART.png","width":300,"height":99,"caption":"Melkerson y Nott SL"},"image":{"@id":"https:\/\/lightweb.dev\/l\/svm-temp\/#\/schema\/logo\/image\/"},"sameAs":["https:\/\/www.facebook.com\/svenskamagasinet","https:\/\/x.com\/SvenskaMagasine"]},{"@type":"Person","@id":"https:\/\/lightweb.dev\/l\/svm-temp\/#\/schema\/person\/206a3bda5b607b0c25e1749191e4d837","name":"Redaktionen SvM","description":"Redaktionen","sameAs":["https:\/\/lightweb.dev\/l\/svm-temp"],"url":"https:\/\/lightweb.dev\/l\/svm-temp\/reporter\/redaktionen\/"}]}},"_links":{"self":[{"href":"https:\/\/lightweb.dev\/l\/svm-temp\/wp-json\/wp\/v2\/posts\/4558","targetHints":{"allow":["GET"]}}],"collection":[{"href":"https:\/\/lightweb.dev\/l\/svm-temp\/wp-json\/wp\/v2\/posts"}],"about":[{"href":"https:\/\/lightweb.dev\/l\/svm-temp\/wp-json\/wp\/v2\/types\/post"}],"author":[{"embeddable":true,"href":"https:\/\/lightweb.dev\/l\/svm-temp\/wp-json\/wp\/v2\/users\/8"}],"replies":[{"embeddable":true,"href":"https:\/\/lightweb.dev\/l\/svm-temp\/wp-json\/wp\/v2\/comments?post=4558"}],"version-history":[{"count":0,"href":"https:\/\/lightweb.dev\/l\/svm-temp\/wp-json\/wp\/v2\/posts\/4558\/revisions"}],"wp:featuredmedia":[{"embeddable":true,"href":"https:\/\/lightweb.dev\/l\/svm-temp\/wp-json\/wp\/v2\/media\/4559"}],"wp:attachment":[{"href":"https:\/\/lightweb.dev\/l\/svm-temp\/wp-json\/wp\/v2\/media?parent=4558"}],"wp:term":[{"taxonomy":"category","embeddable":true,"href":"https:\/\/lightweb.dev\/l\/svm-temp\/wp-json\/wp\/v2\/categories?post=4558"},{"taxonomy":"post_tag","embeddable":true,"href":"https:\/\/lightweb.dev\/l\/svm-temp\/wp-json\/wp\/v2\/tags?post=4558"}],"curies":[{"name":"wp","href":"https:\/\/api.w.org\/{rel}","templated":true}]}}