{"id":4560,"date":"2014-05-14T00:00:00","date_gmt":"2014-05-13T22:00:00","guid":{"rendered":"https:\/\/lightweb.dev\/l\/svm-temp\/hans-g-om-jag-ska-vara-arlig\/"},"modified":"2014-05-14T00:00:00","modified_gmt":"2014-05-13T22:00:00","slug":"hans-g-om-jag-ska-vara-arlig","status":"publish","type":"post","link":"https:\/\/lightweb.dev\/l\/svm-temp\/artiklar\/hans-g-om-jag-ska-vara-arlig\/","title":{"rendered":"Hans G: Om jag ska vara \u00e4rlig"},"content":{"rendered":"<p> Har ni t\u00e4nkt p\u00e5 att det finns personer som \u00e4r helt of\u00f6rm\u00f6gna att s\u00e4ga som saker och ting egentligen \u00e4r. Ni vet, de d\u00e4r som alltid b\u00f6rjar med att s\u00e4ga \u201dOm jag skall vara \u00e4rlig.\u201d Av Hans G<\/p>\n<p>Vad betyder det? Att personen ifr\u00e5ga alltid ljuger eller att han f\u00f6r en g\u00e5ngs skull ska h\u00e5lla sig till sanningen? Det \u00e4r minst sagt underligt att n\u00e5gon m\u00e5ste p\u00e5peka att nu skall h\u00e4r minnsann talas sanning, nu skall jag s\u00e4ga som det \u00e4r.<\/p>\n<p>Sedan finns den andra typen. De som oftast inte har rent mj\u00f6l i p\u00e5sen och uttrycker sig p\u00e5 ett s\u00e4tt som g\u00f6r att man inte fattar n\u00e5gonting. De som \u00e4r b\u00e4st p\u00e5 det h\u00e4r \u00e4r givetvis politiker. De g\u00e5r med all s\u00e4kerhet p\u00e5 kurs i konsten att prata i en halvtimma utan att s\u00e4ga n\u00e5got. Som till exempel han Mariano \u201dahoj med r framf\u00f6r\u201d. Nu har han dessutom f\u00e5tt sv\u00e5rslagen konkurrens inom de egna leden. Skatteministern Cristobal Montero menr att spanjorerna inte f\u00e5tt det s\u00e4mre de senaste \u00e5ren utan bara \u201dupplever en reducerad inkomst\u00f6kning\u201d. Det \u00e4r en sk\u00f6n omskrivning som givetvis alla som \u00e4r utsatta tror blint p\u00e5.<\/p>\n<p>\u201dVad sk\u00f6nt, d\u00e5 har jag ju inte f\u00e5tt det s\u00e4mre d\u00e5, utan bara inte fullt s\u00e5 mycket b\u00e4ttre som i vanliga fall.\u201d<\/p>\n<p>Men det \u00e4r inte bara PP-grabbarna som uttrycker sig minst sagt kryptiskt. V\u00e5r k\u00e4re gamle skomakare, Se\u00f1or Zapatero, v\u00e4grade ju i det l\u00e4ngsta att \u00f6ver huvud taget ta ordet kris i sin mun. Han sl\u00e4ppte ist\u00e4llet den h\u00e4r klokheten. \u201dKris, vad d\u00e5 kris? Det handlar bara om en avmattning i stegringstakten.\u201d Det fordras sannerligen en alldeles speciell beg\u00e5vning f\u00f6r att komma p\u00e5 en s\u00e5dna makal\u00f6s omskrivning av verkligheten.<\/p>\n<p>Om han hade hetat Putin kanske man kunde f\u00f6rst\u00e5. Den mannen \u00e4r ju uppf\u00f6dd med Pravda och d\u00e5 \u00e4r det inte enkelt att skilja p\u00e5 sant och osant. S\u00e5 d\u00e4rf\u00f6r kan ju Putin utan att darra p\u00e5 manschetten f\u00f6rklara f\u00f6r sina k\u00e4ra landsm\u00e4n, och resten av v\u00e4rlden, att det bara \u00e4r imperialistisk propaganda att Ryssland skulle ha n\u00e5got att g\u00f6ra med krisen i Ukraina. Och sj\u00e4lvklart tror alla p\u00e5 honom. Fattas bara.<\/p>\n<p>Det \u00e4r precis som med alla \u201ddemokratiska\u201d l\u00e4nder. N\u00e4r Kabila lyckats komma till makten i Kongo utropade han genast Demokratiska Republiken Congo med sig sj\u00e4lv som env\u00e5ldsh\u00e4rskare. Och inte \u00e4r det n\u00e5got br\u00e5k d\u00e4r inte och visst har de demokratiska val, det h\u00f6rs ju p\u00e5 namnet.<\/p>\n<p>Arm\u00e9n i Kina heter Folkets Arm\u00e8. Det var ju knappast de som sk\u00f6t p\u00e5 folket n\u00e4r det drog ihop sig p\u00e5 Tiananmen Square. Folkets Arm\u00e9 skjuter ju inte p\u00e5 Folket, eller hur.<\/p>\n<p>Men i en fullkomligt ohotad ledarposition n\u00e4r det kommer till bla-ha spr\u00e5k finns Nord-Korea. D\u00e4r \u00e4r det inte landet som \u00e4r demokratiskt, vilket man ju hade anat, utan sj\u00e4lva folket. Nord-Korea heter egentligen Det Demokratiska Folkets Koreanska Republik. Och f\u00f6r att ytterligare understryka allvaret har man f\u00f6ljande valspr\u00e5k: \u201dDen m\u00e4ktiga och blomstrande nationen.\u201d Inte ens Pravda kunde gjort det b\u00e4ttre. Inte sv\u00e4lter dom i Nord-Korea inte och demokratin \u00e4r n\u00e5got i h\u00e4stv\u00e4g.<\/p>\n<p>Aprop\u00e5 f\u00f6rsk\u00f6ning av verkligheten s\u00e5 har vi PP, Partido Popular. Jag kan ju inte l\u00e5ta bli att ge dom en liten k\u00e4nga nu n\u00e4r jag har chansen. Popular betyder givetvis popul\u00e4r. Men det \u00e4r mer intrikat \u00e4n s\u00e5. Det betyder ocks\u00e5 folklig, s\u00e5 det heter det Folkliga Partiet, det Enkla Partiet. Hur nu en man som han med plat\u00e5dojorna kan tro att n\u00e5gon p\u00e5 denna jord skulle kunna f\u00e5 det till att han, Jos\u00e9 Maria Aznar, \u00e4r folklig och enkel. Det \u00e4r ju som att f\u00f6rneka att G\u00f6ran Persson var en gr\u00e5sosse med betongh\u00e4ck. Det \u00e4r det v\u00e4l \u00e4nd\u00e5 ingen som med trov\u00e4rdighet kan att f\u00f6ra till torgs.<\/p>\n<p>Nog om detta. Nu till mitt personliga trauma. Jag har precis inlett \u00e5rets Golgata-vandring. Torsk 2-0 mot Husqvarna FF. V\u00e4rldens b\u00e4sta fotbollslag \u00e5ker till Sm\u00e5land och f\u00e5r p\u00e5 moppe. Det \u00e4r s\u00e5 att man inte tror att det \u00e4r sant. Men det \u00e4r ju s\u00e5 med oss GAIS-\u00e4lskare, vi \u00e4r n\u00e5got s\u00e5 unikt som masochistiska optimister. Det \u00e4r som han som ramlade ut fr\u00e5n tolfte v\u00e5ning sa. N\u00e4r han passerade 8:e v\u00e5ningen sa han till sig sj\u00e4lv: \u201d Det h\u00e4r g\u00e5r ju riktigt bra\u201d. Men som sagt, vi Gaisare lever p\u00e5 hoppet och ger aldrig upp.<\/p>\n<p>M\u00e5 v\u00e4l och ta hand om er.<br \/>\nSaludos amigas\/os<\/p>\n","protected":false},"excerpt":{"rendered":"<p>Har ni t\u00e4nkt p\u00e5 att det finns personer som \u00e4r helt of\u00f6rm\u00f6gna att s\u00e4ga som saker och ting egentligen \u00e4r. Ni vet, de d\u00e4r som alltid b\u00f6rjar med att s\u00e4ga \u201dOm jag skall vara \u00e4rlig.\u201d Av Hans G Vad betyder det? Att personen ifr\u00e5ga alltid ljuger eller att han f\u00f6r en g\u00e5ngs skull ska h\u00e5lla [&hellip;]<\/p>\n","protected":false},"author":8,"featured_media":4561,"comment_status":"open","ping_status":"open","sticky":false,"template":"","format":"standard","meta":{"_et_pb_use_builder":"","_et_pb_old_content":"","_et_gb_content_width":"","footnotes":""},"categories":[396,4],"tags":[],"class_list":["post-4560","post","type-post","status-publish","format-standard","has-post-thumbnail","hentry","category-arkiv-artiklar","category-artiklar"],"yoast_head":"<!-- This site is optimized with the Yoast SEO Premium plugin v26.2 (Yoast SEO v27.4) - https:\/\/yoast.com\/product\/yoast-seo-premium-wordpress\/ -->\n<title>Hans G: Om jag ska vara \u00e4rlig - Svenska Magasinet<\/title>\n<meta name=\"robots\" content=\"noindex, follow, max-snippet:-1, max-image-preview:large, max-video-preview:-1\" \/>\n<meta property=\"og:locale\" content=\"sv_SE\" \/>\n<meta property=\"og:type\" content=\"article\" \/>\n<meta property=\"og:title\" content=\"Hans G: Om jag ska vara \u00e4rlig\" \/>\n<meta property=\"og:description\" content=\"Har ni t\u00e4nkt p\u00e5 att det finns personer som \u00e4r helt of\u00f6rm\u00f6gna att s\u00e4ga som saker och ting egentligen \u00e4r. Ni vet, de d\u00e4r som alltid b\u00f6rjar med att s\u00e4ga \u201dOm jag skall vara \u00e4rlig.\u201d Av Hans G Vad betyder det? Att personen ifr\u00e5ga alltid ljuger eller att han f\u00f6r en g\u00e5ngs skull ska h\u00e5lla [&hellip;]\" \/>\n<meta property=\"og:url\" content=\"https:\/\/lightweb.dev\/l\/svm-temp\/artiklar\/hans-g-om-jag-ska-vara-arlig\/\" \/>\n<meta property=\"og:site_name\" content=\"Svenska Magasinet\" \/>\n<meta property=\"article:publisher\" content=\"https:\/\/www.facebook.com\/svenskamagasinet\" \/>\n<meta property=\"article:published_time\" content=\"2014-05-13T22:00:00+00:00\" \/>\n<meta property=\"og:image\" content=\"https:\/\/lightweb.dev\/l\/svm-temp\/wp-content\/uploads\/2022\/04\/hans-g-om-jag-ska-vara-rlig.png\" \/>\n\t<meta property=\"og:image:width\" content=\"280\" \/>\n\t<meta property=\"og:image:height\" content=\"498\" \/>\n\t<meta property=\"og:image:type\" content=\"image\/png\" \/>\n<meta name=\"author\" content=\"Redaktionen SvM\" \/>\n<meta name=\"twitter:card\" content=\"summary_large_image\" \/>\n<meta name=\"twitter:creator\" content=\"@SvenskaMagasine\" \/>\n<meta name=\"twitter:site\" content=\"@SvenskaMagasine\" \/>\n<script type=\"application\/ld+json\" class=\"yoast-schema-graph\">{\"@context\":\"https:\\\/\\\/schema.org\",\"@graph\":[{\"@type\":\"Article\",\"@id\":\"https:\\\/\\\/lightweb.dev\\\/l\\\/svm-temp\\\/artiklar\\\/hans-g-om-jag-ska-vara-arlig\\\/#article\",\"isPartOf\":{\"@id\":\"https:\\\/\\\/lightweb.dev\\\/l\\\/svm-temp\\\/artiklar\\\/hans-g-om-jag-ska-vara-arlig\\\/\"},\"author\":{\"name\":\"Redaktionen SvM\",\"@id\":\"https:\\\/\\\/lightweb.dev\\\/l\\\/svm-temp\\\/#\\\/schema\\\/person\\\/206a3bda5b607b0c25e1749191e4d837\"},\"headline\":\"Hans G: Om jag ska vara \u00e4rlig\",\"datePublished\":\"2014-05-13T22:00:00+00:00\",\"mainEntityOfPage\":{\"@id\":\"https:\\\/\\\/lightweb.dev\\\/l\\\/svm-temp\\\/artiklar\\\/hans-g-om-jag-ska-vara-arlig\\\/\"},\"wordCount\":837,\"commentCount\":0,\"publisher\":{\"@id\":\"https:\\\/\\\/lightweb.dev\\\/l\\\/svm-temp\\\/#organization\"},\"image\":{\"@id\":\"https:\\\/\\\/lightweb.dev\\\/l\\\/svm-temp\\\/artiklar\\\/hans-g-om-jag-ska-vara-arlig\\\/#primaryimage\"},\"thumbnailUrl\":\"https:\\\/\\\/lightweb.dev\\\/l\\\/svm-temp\\\/wp-content\\\/uploads\\\/2022\\\/04\\\/hans-g-om-jag-ska-vara-rlig.png\",\"articleSection\":[\"Arkiv\",\"Artiklar\"],\"inLanguage\":\"sv-SE\"},{\"@type\":\"WebPage\",\"@id\":\"https:\\\/\\\/lightweb.dev\\\/l\\\/svm-temp\\\/artiklar\\\/hans-g-om-jag-ska-vara-arlig\\\/\",\"url\":\"https:\\\/\\\/lightweb.dev\\\/l\\\/svm-temp\\\/artiklar\\\/hans-g-om-jag-ska-vara-arlig\\\/\",\"name\":\"Hans G: Om jag ska vara \u00e4rlig - Svenska Magasinet\",\"isPartOf\":{\"@id\":\"https:\\\/\\\/lightweb.dev\\\/l\\\/svm-temp\\\/#website\"},\"primaryImageOfPage\":{\"@id\":\"https:\\\/\\\/lightweb.dev\\\/l\\\/svm-temp\\\/artiklar\\\/hans-g-om-jag-ska-vara-arlig\\\/#primaryimage\"},\"image\":{\"@id\":\"https:\\\/\\\/lightweb.dev\\\/l\\\/svm-temp\\\/artiklar\\\/hans-g-om-jag-ska-vara-arlig\\\/#primaryimage\"},\"thumbnailUrl\":\"https:\\\/\\\/lightweb.dev\\\/l\\\/svm-temp\\\/wp-content\\\/uploads\\\/2022\\\/04\\\/hans-g-om-jag-ska-vara-rlig.png\",\"datePublished\":\"2014-05-13T22:00:00+00:00\",\"breadcrumb\":{\"@id\":\"https:\\\/\\\/lightweb.dev\\\/l\\\/svm-temp\\\/artiklar\\\/hans-g-om-jag-ska-vara-arlig\\\/#breadcrumb\"},\"inLanguage\":\"sv-SE\",\"potentialAction\":[{\"@type\":\"ReadAction\",\"target\":[\"https:\\\/\\\/lightweb.dev\\\/l\\\/svm-temp\\\/artiklar\\\/hans-g-om-jag-ska-vara-arlig\\\/\"]}]},{\"@type\":\"ImageObject\",\"inLanguage\":\"sv-SE\",\"@id\":\"https:\\\/\\\/lightweb.dev\\\/l\\\/svm-temp\\\/artiklar\\\/hans-g-om-jag-ska-vara-arlig\\\/#primaryimage\",\"url\":\"https:\\\/\\\/lightweb.dev\\\/l\\\/svm-temp\\\/wp-content\\\/uploads\\\/2022\\\/04\\\/hans-g-om-jag-ska-vara-rlig.png\",\"contentUrl\":\"https:\\\/\\\/lightweb.dev\\\/l\\\/svm-temp\\\/wp-content\\\/uploads\\\/2022\\\/04\\\/hans-g-om-jag-ska-vara-rlig.png\",\"width\":280,\"height\":498},{\"@type\":\"BreadcrumbList\",\"@id\":\"https:\\\/\\\/lightweb.dev\\\/l\\\/svm-temp\\\/artiklar\\\/hans-g-om-jag-ska-vara-arlig\\\/#breadcrumb\",\"itemListElement\":[{\"@type\":\"ListItem\",\"position\":1,\"name\":\"Hem\",\"item\":\"https:\\\/\\\/lightweb.dev\\\/l\\\/svm-temp\\\/\"},{\"@type\":\"ListItem\",\"position\":2,\"name\":\"Hans G: Om jag ska vara \u00e4rlig\"}]},{\"@type\":\"WebSite\",\"@id\":\"https:\\\/\\\/lightweb.dev\\\/l\\\/svm-temp\\\/#website\",\"url\":\"https:\\\/\\\/lightweb.dev\\\/l\\\/svm-temp\\\/\",\"name\":\"Svenska Magasinet\",\"description\":\"Dina Spanska nyheter p&aring; Svenska\",\"publisher\":{\"@id\":\"https:\\\/\\\/lightweb.dev\\\/l\\\/svm-temp\\\/#organization\"},\"potentialAction\":[{\"@type\":\"SearchAction\",\"target\":{\"@type\":\"EntryPoint\",\"urlTemplate\":\"https:\\\/\\\/lightweb.dev\\\/l\\\/svm-temp\\\/?s={search_term_string}\"},\"query-input\":{\"@type\":\"PropertyValueSpecification\",\"valueRequired\":true,\"valueName\":\"search_term_string\"}}],\"inLanguage\":\"sv-SE\"},{\"@type\":\"Organization\",\"@id\":\"https:\\\/\\\/lightweb.dev\\\/l\\\/svm-temp\\\/#organization\",\"name\":\"Melkerson y Nott SL\",\"alternateName\":\"Svenska Magasinet\",\"url\":\"https:\\\/\\\/lightweb.dev\\\/l\\\/svm-temp\\\/\",\"logo\":{\"@type\":\"ImageObject\",\"inLanguage\":\"sv-SE\",\"@id\":\"https:\\\/\\\/lightweb.dev\\\/l\\\/svm-temp\\\/#\\\/schema\\\/logo\\\/image\\\/\",\"url\":\"https:\\\/\\\/lightweb.dev\\\/l\\\/svm-temp\\\/wp-content\\\/uploads\\\/2025\\\/02\\\/SvM-logo-Xtra-Centrerad-SVART.png\",\"contentUrl\":\"https:\\\/\\\/lightweb.dev\\\/l\\\/svm-temp\\\/wp-content\\\/uploads\\\/2025\\\/02\\\/SvM-logo-Xtra-Centrerad-SVART.png\",\"width\":300,\"height\":99,\"caption\":\"Melkerson y Nott SL\"},\"image\":{\"@id\":\"https:\\\/\\\/lightweb.dev\\\/l\\\/svm-temp\\\/#\\\/schema\\\/logo\\\/image\\\/\"},\"sameAs\":[\"https:\\\/\\\/www.facebook.com\\\/svenskamagasinet\",\"https:\\\/\\\/x.com\\\/SvenskaMagasine\"]},{\"@type\":\"Person\",\"@id\":\"https:\\\/\\\/lightweb.dev\\\/l\\\/svm-temp\\\/#\\\/schema\\\/person\\\/206a3bda5b607b0c25e1749191e4d837\",\"name\":\"Redaktionen SvM\",\"description\":\"Redaktionen\",\"sameAs\":[\"https:\\\/\\\/lightweb.dev\\\/l\\\/svm-temp\"],\"url\":\"https:\\\/\\\/lightweb.dev\\\/l\\\/svm-temp\\\/reporter\\\/redaktionen\\\/\"}]}<\/script>\n<!-- \/ Yoast SEO Premium plugin. -->","yoast_head_json":{"title":"Hans G: Om jag ska vara \u00e4rlig - Svenska Magasinet","robots":{"index":"noindex","follow":"follow","max-snippet":"max-snippet:-1","max-image-preview":"max-image-preview:large","max-video-preview":"max-video-preview:-1"},"og_locale":"sv_SE","og_type":"article","og_title":"Hans G: Om jag ska vara \u00e4rlig","og_description":"Har ni t\u00e4nkt p\u00e5 att det finns personer som \u00e4r helt of\u00f6rm\u00f6gna att s\u00e4ga som saker och ting egentligen \u00e4r. Ni vet, de d\u00e4r som alltid b\u00f6rjar med att s\u00e4ga \u201dOm jag skall vara \u00e4rlig.\u201d Av Hans G Vad betyder det? Att personen ifr\u00e5ga alltid ljuger eller att han f\u00f6r en g\u00e5ngs skull ska h\u00e5lla [&hellip;]","og_url":"https:\/\/lightweb.dev\/l\/svm-temp\/artiklar\/hans-g-om-jag-ska-vara-arlig\/","og_site_name":"Svenska Magasinet","article_publisher":"https:\/\/www.facebook.com\/svenskamagasinet","article_published_time":"2014-05-13T22:00:00+00:00","og_image":[{"width":280,"height":498,"url":"https:\/\/lightweb.dev\/l\/svm-temp\/wp-content\/uploads\/2022\/04\/hans-g-om-jag-ska-vara-rlig.png","type":"image\/png"}],"author":"Redaktionen SvM","twitter_card":"summary_large_image","twitter_creator":"@SvenskaMagasine","twitter_site":"@SvenskaMagasine","schema":{"@context":"https:\/\/schema.org","@graph":[{"@type":"Article","@id":"https:\/\/lightweb.dev\/l\/svm-temp\/artiklar\/hans-g-om-jag-ska-vara-arlig\/#article","isPartOf":{"@id":"https:\/\/lightweb.dev\/l\/svm-temp\/artiklar\/hans-g-om-jag-ska-vara-arlig\/"},"author":{"name":"Redaktionen SvM","@id":"https:\/\/lightweb.dev\/l\/svm-temp\/#\/schema\/person\/206a3bda5b607b0c25e1749191e4d837"},"headline":"Hans G: Om jag ska vara \u00e4rlig","datePublished":"2014-05-13T22:00:00+00:00","mainEntityOfPage":{"@id":"https:\/\/lightweb.dev\/l\/svm-temp\/artiklar\/hans-g-om-jag-ska-vara-arlig\/"},"wordCount":837,"commentCount":0,"publisher":{"@id":"https:\/\/lightweb.dev\/l\/svm-temp\/#organization"},"image":{"@id":"https:\/\/lightweb.dev\/l\/svm-temp\/artiklar\/hans-g-om-jag-ska-vara-arlig\/#primaryimage"},"thumbnailUrl":"https:\/\/lightweb.dev\/l\/svm-temp\/wp-content\/uploads\/2022\/04\/hans-g-om-jag-ska-vara-rlig.png","articleSection":["Arkiv","Artiklar"],"inLanguage":"sv-SE"},{"@type":"WebPage","@id":"https:\/\/lightweb.dev\/l\/svm-temp\/artiklar\/hans-g-om-jag-ska-vara-arlig\/","url":"https:\/\/lightweb.dev\/l\/svm-temp\/artiklar\/hans-g-om-jag-ska-vara-arlig\/","name":"Hans G: Om jag ska vara \u00e4rlig - Svenska Magasinet","isPartOf":{"@id":"https:\/\/lightweb.dev\/l\/svm-temp\/#website"},"primaryImageOfPage":{"@id":"https:\/\/lightweb.dev\/l\/svm-temp\/artiklar\/hans-g-om-jag-ska-vara-arlig\/#primaryimage"},"image":{"@id":"https:\/\/lightweb.dev\/l\/svm-temp\/artiklar\/hans-g-om-jag-ska-vara-arlig\/#primaryimage"},"thumbnailUrl":"https:\/\/lightweb.dev\/l\/svm-temp\/wp-content\/uploads\/2022\/04\/hans-g-om-jag-ska-vara-rlig.png","datePublished":"2014-05-13T22:00:00+00:00","breadcrumb":{"@id":"https:\/\/lightweb.dev\/l\/svm-temp\/artiklar\/hans-g-om-jag-ska-vara-arlig\/#breadcrumb"},"inLanguage":"sv-SE","potentialAction":[{"@type":"ReadAction","target":["https:\/\/lightweb.dev\/l\/svm-temp\/artiklar\/hans-g-om-jag-ska-vara-arlig\/"]}]},{"@type":"ImageObject","inLanguage":"sv-SE","@id":"https:\/\/lightweb.dev\/l\/svm-temp\/artiklar\/hans-g-om-jag-ska-vara-arlig\/#primaryimage","url":"https:\/\/lightweb.dev\/l\/svm-temp\/wp-content\/uploads\/2022\/04\/hans-g-om-jag-ska-vara-rlig.png","contentUrl":"https:\/\/lightweb.dev\/l\/svm-temp\/wp-content\/uploads\/2022\/04\/hans-g-om-jag-ska-vara-rlig.png","width":280,"height":498},{"@type":"BreadcrumbList","@id":"https:\/\/lightweb.dev\/l\/svm-temp\/artiklar\/hans-g-om-jag-ska-vara-arlig\/#breadcrumb","itemListElement":[{"@type":"ListItem","position":1,"name":"Hem","item":"https:\/\/lightweb.dev\/l\/svm-temp\/"},{"@type":"ListItem","position":2,"name":"Hans G: Om jag ska vara \u00e4rlig"}]},{"@type":"WebSite","@id":"https:\/\/lightweb.dev\/l\/svm-temp\/#website","url":"https:\/\/lightweb.dev\/l\/svm-temp\/","name":"Svenska Magasinet","description":"Dina Spanska nyheter p&aring; Svenska","publisher":{"@id":"https:\/\/lightweb.dev\/l\/svm-temp\/#organization"},"potentialAction":[{"@type":"SearchAction","target":{"@type":"EntryPoint","urlTemplate":"https:\/\/lightweb.dev\/l\/svm-temp\/?s={search_term_string}"},"query-input":{"@type":"PropertyValueSpecification","valueRequired":true,"valueName":"search_term_string"}}],"inLanguage":"sv-SE"},{"@type":"Organization","@id":"https:\/\/lightweb.dev\/l\/svm-temp\/#organization","name":"Melkerson y Nott SL","alternateName":"Svenska Magasinet","url":"https:\/\/lightweb.dev\/l\/svm-temp\/","logo":{"@type":"ImageObject","inLanguage":"sv-SE","@id":"https:\/\/lightweb.dev\/l\/svm-temp\/#\/schema\/logo\/image\/","url":"https:\/\/lightweb.dev\/l\/svm-temp\/wp-content\/uploads\/2025\/02\/SvM-logo-Xtra-Centrerad-SVART.png","contentUrl":"https:\/\/lightweb.dev\/l\/svm-temp\/wp-content\/uploads\/2025\/02\/SvM-logo-Xtra-Centrerad-SVART.png","width":300,"height":99,"caption":"Melkerson y Nott SL"},"image":{"@id":"https:\/\/lightweb.dev\/l\/svm-temp\/#\/schema\/logo\/image\/"},"sameAs":["https:\/\/www.facebook.com\/svenskamagasinet","https:\/\/x.com\/SvenskaMagasine"]},{"@type":"Person","@id":"https:\/\/lightweb.dev\/l\/svm-temp\/#\/schema\/person\/206a3bda5b607b0c25e1749191e4d837","name":"Redaktionen SvM","description":"Redaktionen","sameAs":["https:\/\/lightweb.dev\/l\/svm-temp"],"url":"https:\/\/lightweb.dev\/l\/svm-temp\/reporter\/redaktionen\/"}]}},"_links":{"self":[{"href":"https:\/\/lightweb.dev\/l\/svm-temp\/wp-json\/wp\/v2\/posts\/4560","targetHints":{"allow":["GET"]}}],"collection":[{"href":"https:\/\/lightweb.dev\/l\/svm-temp\/wp-json\/wp\/v2\/posts"}],"about":[{"href":"https:\/\/lightweb.dev\/l\/svm-temp\/wp-json\/wp\/v2\/types\/post"}],"author":[{"embeddable":true,"href":"https:\/\/lightweb.dev\/l\/svm-temp\/wp-json\/wp\/v2\/users\/8"}],"replies":[{"embeddable":true,"href":"https:\/\/lightweb.dev\/l\/svm-temp\/wp-json\/wp\/v2\/comments?post=4560"}],"version-history":[{"count":0,"href":"https:\/\/lightweb.dev\/l\/svm-temp\/wp-json\/wp\/v2\/posts\/4560\/revisions"}],"wp:featuredmedia":[{"embeddable":true,"href":"https:\/\/lightweb.dev\/l\/svm-temp\/wp-json\/wp\/v2\/media\/4561"}],"wp:attachment":[{"href":"https:\/\/lightweb.dev\/l\/svm-temp\/wp-json\/wp\/v2\/media?parent=4560"}],"wp:term":[{"taxonomy":"category","embeddable":true,"href":"https:\/\/lightweb.dev\/l\/svm-temp\/wp-json\/wp\/v2\/categories?post=4560"},{"taxonomy":"post_tag","embeddable":true,"href":"https:\/\/lightweb.dev\/l\/svm-temp\/wp-json\/wp\/v2\/tags?post=4560"}],"curies":[{"name":"wp","href":"https:\/\/api.w.org\/{rel}","templated":true}]}}