{"id":4584,"date":"2014-05-09T00:00:00","date_gmt":"2014-05-08T22:00:00","guid":{"rendered":"https:\/\/lightweb.dev\/l\/svm-temp\/forsvarsmedel-och-uppfostringsredskap\/"},"modified":"2014-05-09T00:00:00","modified_gmt":"2014-05-08T22:00:00","slug":"forsvarsmedel-och-uppfostringsredskap","status":"publish","type":"post","link":"https:\/\/lightweb.dev\/l\/svm-temp\/artiklar\/forsvarsmedel-och-uppfostringsredskap\/","title":{"rendered":"F\u00f6rsvarsmedel och uppfostringsredskap"},"content":{"rendered":"<p> Det har varit en mycket torr v\u00e5r men n\u00e4r sommaren n\u00e4rmar sig kan man lita p\u00e5 att jakarandatr\u00e4dens bl\u00e5a blomklasar spricker ut. Tr\u00e4den tror att det \u00e4r h\u00f6st, f\u00f6r det \u00e4r det i Sydamerika, deras hemland. I Australien s\u00e4ger man: When the bloom of the jakaranda tree is here, Christmas time is near. Text\/foto: Lennart Ekman<br \/>\nlennartekman@hotmail.com<\/p>\n<p>\u00c4rtt\u00f6rne (Ulex europaeus)<br \/>\nTrots torkan kan man alltid njuta av klargula buskar ute i markerna. \u00c4rtt\u00f6rne \u00e4r en av dem, andra heter t ex t\u00f6rnginst och dj\u00e4vulsginst och d\u00e5 inser man att man inte ska plocka kvistar av dem. De har hemska tornar vilket g\u00f6r att de st\u00e5r kvar \u00e4ven n\u00e4r getflockar g\u00e5tt fram. En annan f\u00f6rdel \u00e4r att de kan vara \u201cbarnkammare\u201d \u00e5t k\u00e4nsligare v\u00e4xter som kan v\u00e4xa i fred under taggbuskarna f\u00f6r att sedan klara sig n\u00e4r de vuxit till sig.<br \/>\nEtt av de spanska namnen p\u00e5 \u00e4rtt\u00f6rne \u00e4r aulaga.<\/p>\n<p>J\u00e4ttestinkfloka (Ferula communis)<br \/>\nDen h\u00e4r pampiga v\u00e4xten h\u00f6r till f\u00e4nk\u00e5len men \u00e4r mest bekant f\u00f6r sin stj\u00e4lk som man kan ta med sig gl\u00f6dande kol i, om man nu vill flytta p\u00e5 eld. Det gjorde Prometheus som stal elden fr\u00e5n gudarna och tog med sig den till m\u00e4nniskorna, vilket vi ju ska vara tacksamma f\u00f6r.  Zeus var inte glad utan straffade Prometheus genom att l\u00e5ta en \u00f6rn kalasa p\u00e5 hans lever.<br \/>\nInte fullt s\u00e5 blodiga straff utm\u00e4tte l\u00e4rare f\u00f6rr med f\u00e4rlan, som man kunde tillverka av ferulans stj\u00e4lk.<br \/>\n  Magnolia<br \/>\nMagnoliaarterna, som \u00e4r m\u00e5nga, \u00e4r ur\u00e5ldriga v\u00e4xter som har \u00f6verlevt istider och kontinentaldrifter. Urmagnoliorna fanns till och med f\u00f6re bina och fick hj\u00e4lp av skalbaggar med pollineringen.<br \/>\nProfessor Pierre Magnol, chef f\u00f6r Montpelliers botaniska tr\u00e4dg\u00e5rd, kom 1689 ut med en epokg\u00f6rande bok som indelade v\u00e4xterna i familjer. 1753 kom Linnes verk som blev allenar\u00e5dande. Linne gav i alla fall Magnol evig \u00e4ra med namnet p\u00e5 magnoliafamiljen.<\/p>\n","protected":false},"excerpt":{"rendered":"<p>Det har varit en mycket torr v\u00e5r men n\u00e4r sommaren n\u00e4rmar sig kan man lita p\u00e5 att jakarandatr\u00e4dens bl\u00e5a blomklasar spricker ut. Tr\u00e4den tror att det \u00e4r h\u00f6st, f\u00f6r det \u00e4r det i Sydamerika, deras hemland. I Australien s\u00e4ger man: When the bloom of the jakaranda tree is here, Christmas time is near. Text\/foto: Lennart [&hellip;]<\/p>\n","protected":false},"author":8,"featured_media":4585,"comment_status":"open","ping_status":"open","sticky":false,"template":"","format":"standard","meta":{"_et_pb_use_builder":"","_et_pb_old_content":"","_et_gb_content_width":"","footnotes":""},"categories":[4,37],"tags":[],"class_list":["post-4584","post","type-post","status-publish","format-standard","has-post-thumbnail","hentry","category-artiklar","category-hem-bostad"],"yoast_head":"<!-- This site is optimized with the Yoast SEO Premium plugin v26.2 (Yoast SEO v27.4) - https:\/\/yoast.com\/product\/yoast-seo-premium-wordpress\/ -->\n<title>F\u00f6rsvarsmedel och uppfostringsredskap - Svenska Magasinet<\/title>\n<meta name=\"robots\" content=\"noindex, follow, max-snippet:-1, max-image-preview:large, max-video-preview:-1\" \/>\n<meta property=\"og:locale\" content=\"sv_SE\" \/>\n<meta property=\"og:type\" content=\"article\" \/>\n<meta property=\"og:title\" content=\"F\u00f6rsvarsmedel och uppfostringsredskap\" \/>\n<meta property=\"og:description\" content=\"Det har varit en mycket torr v\u00e5r men n\u00e4r sommaren n\u00e4rmar sig kan man lita p\u00e5 att jakarandatr\u00e4dens bl\u00e5a blomklasar spricker ut. Tr\u00e4den tror att det \u00e4r h\u00f6st, f\u00f6r det \u00e4r det i Sydamerika, deras hemland. I Australien s\u00e4ger man: When the bloom of the jakaranda tree is here, Christmas time is near. Text\/foto: Lennart [&hellip;]\" \/>\n<meta property=\"og:url\" content=\"https:\/\/lightweb.dev\/l\/svm-temp\/artiklar\/forsvarsmedel-och-uppfostringsredskap\/\" \/>\n<meta property=\"og:site_name\" content=\"Svenska Magasinet\" \/>\n<meta property=\"article:publisher\" content=\"https:\/\/www.facebook.com\/svenskamagasinet\" \/>\n<meta property=\"article:published_time\" content=\"2014-05-08T22:00:00+00:00\" \/>\n<meta property=\"og:image\" content=\"https:\/\/lightweb.dev\/l\/svm-temp\/wp-content\/uploads\/2022\/04\/frsvarsmedel-och-uppfostringsredskap.png\" \/>\n\t<meta property=\"og:image:width\" content=\"280\" \/>\n\t<meta property=\"og:image:height\" content=\"210\" \/>\n\t<meta property=\"og:image:type\" content=\"image\/png\" \/>\n<meta name=\"author\" content=\"Redaktionen SvM\" \/>\n<meta name=\"twitter:card\" content=\"summary_large_image\" \/>\n<meta name=\"twitter:creator\" content=\"@SvenskaMagasine\" \/>\n<meta name=\"twitter:site\" content=\"@SvenskaMagasine\" \/>\n<script type=\"application\/ld+json\" class=\"yoast-schema-graph\">{\"@context\":\"https:\\\/\\\/schema.org\",\"@graph\":[{\"@type\":\"Article\",\"@id\":\"https:\\\/\\\/lightweb.dev\\\/l\\\/svm-temp\\\/artiklar\\\/forsvarsmedel-och-uppfostringsredskap\\\/#article\",\"isPartOf\":{\"@id\":\"https:\\\/\\\/lightweb.dev\\\/l\\\/svm-temp\\\/artiklar\\\/forsvarsmedel-och-uppfostringsredskap\\\/\"},\"author\":{\"name\":\"Redaktionen SvM\",\"@id\":\"https:\\\/\\\/lightweb.dev\\\/l\\\/svm-temp\\\/#\\\/schema\\\/person\\\/206a3bda5b607b0c25e1749191e4d837\"},\"headline\":\"F\u00f6rsvarsmedel och uppfostringsredskap\",\"datePublished\":\"2014-05-08T22:00:00+00:00\",\"mainEntityOfPage\":{\"@id\":\"https:\\\/\\\/lightweb.dev\\\/l\\\/svm-temp\\\/artiklar\\\/forsvarsmedel-och-uppfostringsredskap\\\/\"},\"wordCount\":362,\"commentCount\":0,\"publisher\":{\"@id\":\"https:\\\/\\\/lightweb.dev\\\/l\\\/svm-temp\\\/#organization\"},\"image\":{\"@id\":\"https:\\\/\\\/lightweb.dev\\\/l\\\/svm-temp\\\/artiklar\\\/forsvarsmedel-och-uppfostringsredskap\\\/#primaryimage\"},\"thumbnailUrl\":\"https:\\\/\\\/lightweb.dev\\\/l\\\/svm-temp\\\/wp-content\\\/uploads\\\/2022\\\/04\\\/frsvarsmedel-och-uppfostringsredskap.png\",\"articleSection\":[\"Artiklar\",\"Hem &amp; bostad\"],\"inLanguage\":\"sv-SE\"},{\"@type\":\"WebPage\",\"@id\":\"https:\\\/\\\/lightweb.dev\\\/l\\\/svm-temp\\\/artiklar\\\/forsvarsmedel-och-uppfostringsredskap\\\/\",\"url\":\"https:\\\/\\\/lightweb.dev\\\/l\\\/svm-temp\\\/artiklar\\\/forsvarsmedel-och-uppfostringsredskap\\\/\",\"name\":\"F\u00f6rsvarsmedel och uppfostringsredskap - Svenska Magasinet\",\"isPartOf\":{\"@id\":\"https:\\\/\\\/lightweb.dev\\\/l\\\/svm-temp\\\/#website\"},\"primaryImageOfPage\":{\"@id\":\"https:\\\/\\\/lightweb.dev\\\/l\\\/svm-temp\\\/artiklar\\\/forsvarsmedel-och-uppfostringsredskap\\\/#primaryimage\"},\"image\":{\"@id\":\"https:\\\/\\\/lightweb.dev\\\/l\\\/svm-temp\\\/artiklar\\\/forsvarsmedel-och-uppfostringsredskap\\\/#primaryimage\"},\"thumbnailUrl\":\"https:\\\/\\\/lightweb.dev\\\/l\\\/svm-temp\\\/wp-content\\\/uploads\\\/2022\\\/04\\\/frsvarsmedel-och-uppfostringsredskap.png\",\"datePublished\":\"2014-05-08T22:00:00+00:00\",\"breadcrumb\":{\"@id\":\"https:\\\/\\\/lightweb.dev\\\/l\\\/svm-temp\\\/artiklar\\\/forsvarsmedel-och-uppfostringsredskap\\\/#breadcrumb\"},\"inLanguage\":\"sv-SE\",\"potentialAction\":[{\"@type\":\"ReadAction\",\"target\":[\"https:\\\/\\\/lightweb.dev\\\/l\\\/svm-temp\\\/artiklar\\\/forsvarsmedel-och-uppfostringsredskap\\\/\"]}]},{\"@type\":\"ImageObject\",\"inLanguage\":\"sv-SE\",\"@id\":\"https:\\\/\\\/lightweb.dev\\\/l\\\/svm-temp\\\/artiklar\\\/forsvarsmedel-och-uppfostringsredskap\\\/#primaryimage\",\"url\":\"https:\\\/\\\/lightweb.dev\\\/l\\\/svm-temp\\\/wp-content\\\/uploads\\\/2022\\\/04\\\/frsvarsmedel-och-uppfostringsredskap.png\",\"contentUrl\":\"https:\\\/\\\/lightweb.dev\\\/l\\\/svm-temp\\\/wp-content\\\/uploads\\\/2022\\\/04\\\/frsvarsmedel-och-uppfostringsredskap.png\",\"width\":280,\"height\":210},{\"@type\":\"BreadcrumbList\",\"@id\":\"https:\\\/\\\/lightweb.dev\\\/l\\\/svm-temp\\\/artiklar\\\/forsvarsmedel-och-uppfostringsredskap\\\/#breadcrumb\",\"itemListElement\":[{\"@type\":\"ListItem\",\"position\":1,\"name\":\"Hem\",\"item\":\"https:\\\/\\\/lightweb.dev\\\/l\\\/svm-temp\\\/\"},{\"@type\":\"ListItem\",\"position\":2,\"name\":\"F\u00f6rsvarsmedel och uppfostringsredskap\"}]},{\"@type\":\"WebSite\",\"@id\":\"https:\\\/\\\/lightweb.dev\\\/l\\\/svm-temp\\\/#website\",\"url\":\"https:\\\/\\\/lightweb.dev\\\/l\\\/svm-temp\\\/\",\"name\":\"Svenska Magasinet\",\"description\":\"Dina Spanska nyheter p&aring; Svenska\",\"publisher\":{\"@id\":\"https:\\\/\\\/lightweb.dev\\\/l\\\/svm-temp\\\/#organization\"},\"potentialAction\":[{\"@type\":\"SearchAction\",\"target\":{\"@type\":\"EntryPoint\",\"urlTemplate\":\"https:\\\/\\\/lightweb.dev\\\/l\\\/svm-temp\\\/?s={search_term_string}\"},\"query-input\":{\"@type\":\"PropertyValueSpecification\",\"valueRequired\":true,\"valueName\":\"search_term_string\"}}],\"inLanguage\":\"sv-SE\"},{\"@type\":\"Organization\",\"@id\":\"https:\\\/\\\/lightweb.dev\\\/l\\\/svm-temp\\\/#organization\",\"name\":\"Melkerson y Nott SL\",\"alternateName\":\"Svenska Magasinet\",\"url\":\"https:\\\/\\\/lightweb.dev\\\/l\\\/svm-temp\\\/\",\"logo\":{\"@type\":\"ImageObject\",\"inLanguage\":\"sv-SE\",\"@id\":\"https:\\\/\\\/lightweb.dev\\\/l\\\/svm-temp\\\/#\\\/schema\\\/logo\\\/image\\\/\",\"url\":\"https:\\\/\\\/lightweb.dev\\\/l\\\/svm-temp\\\/wp-content\\\/uploads\\\/2025\\\/02\\\/SvM-logo-Xtra-Centrerad-SVART.png\",\"contentUrl\":\"https:\\\/\\\/lightweb.dev\\\/l\\\/svm-temp\\\/wp-content\\\/uploads\\\/2025\\\/02\\\/SvM-logo-Xtra-Centrerad-SVART.png\",\"width\":300,\"height\":99,\"caption\":\"Melkerson y Nott SL\"},\"image\":{\"@id\":\"https:\\\/\\\/lightweb.dev\\\/l\\\/svm-temp\\\/#\\\/schema\\\/logo\\\/image\\\/\"},\"sameAs\":[\"https:\\\/\\\/www.facebook.com\\\/svenskamagasinet\",\"https:\\\/\\\/x.com\\\/SvenskaMagasine\"]},{\"@type\":\"Person\",\"@id\":\"https:\\\/\\\/lightweb.dev\\\/l\\\/svm-temp\\\/#\\\/schema\\\/person\\\/206a3bda5b607b0c25e1749191e4d837\",\"name\":\"Redaktionen SvM\",\"description\":\"Redaktionen\",\"sameAs\":[\"https:\\\/\\\/lightweb.dev\\\/l\\\/svm-temp\"],\"url\":\"https:\\\/\\\/lightweb.dev\\\/l\\\/svm-temp\\\/reporter\\\/redaktionen\\\/\"}]}<\/script>\n<!-- \/ Yoast SEO Premium plugin. -->","yoast_head_json":{"title":"F\u00f6rsvarsmedel och uppfostringsredskap - Svenska Magasinet","robots":{"index":"noindex","follow":"follow","max-snippet":"max-snippet:-1","max-image-preview":"max-image-preview:large","max-video-preview":"max-video-preview:-1"},"og_locale":"sv_SE","og_type":"article","og_title":"F\u00f6rsvarsmedel och uppfostringsredskap","og_description":"Det har varit en mycket torr v\u00e5r men n\u00e4r sommaren n\u00e4rmar sig kan man lita p\u00e5 att jakarandatr\u00e4dens bl\u00e5a blomklasar spricker ut. Tr\u00e4den tror att det \u00e4r h\u00f6st, f\u00f6r det \u00e4r det i Sydamerika, deras hemland. I Australien s\u00e4ger man: When the bloom of the jakaranda tree is here, Christmas time is near. Text\/foto: Lennart [&hellip;]","og_url":"https:\/\/lightweb.dev\/l\/svm-temp\/artiklar\/forsvarsmedel-och-uppfostringsredskap\/","og_site_name":"Svenska Magasinet","article_publisher":"https:\/\/www.facebook.com\/svenskamagasinet","article_published_time":"2014-05-08T22:00:00+00:00","og_image":[{"width":280,"height":210,"url":"https:\/\/lightweb.dev\/l\/svm-temp\/wp-content\/uploads\/2022\/04\/frsvarsmedel-och-uppfostringsredskap.png","type":"image\/png"}],"author":"Redaktionen SvM","twitter_card":"summary_large_image","twitter_creator":"@SvenskaMagasine","twitter_site":"@SvenskaMagasine","schema":{"@context":"https:\/\/schema.org","@graph":[{"@type":"Article","@id":"https:\/\/lightweb.dev\/l\/svm-temp\/artiklar\/forsvarsmedel-och-uppfostringsredskap\/#article","isPartOf":{"@id":"https:\/\/lightweb.dev\/l\/svm-temp\/artiklar\/forsvarsmedel-och-uppfostringsredskap\/"},"author":{"name":"Redaktionen SvM","@id":"https:\/\/lightweb.dev\/l\/svm-temp\/#\/schema\/person\/206a3bda5b607b0c25e1749191e4d837"},"headline":"F\u00f6rsvarsmedel och uppfostringsredskap","datePublished":"2014-05-08T22:00:00+00:00","mainEntityOfPage":{"@id":"https:\/\/lightweb.dev\/l\/svm-temp\/artiklar\/forsvarsmedel-och-uppfostringsredskap\/"},"wordCount":362,"commentCount":0,"publisher":{"@id":"https:\/\/lightweb.dev\/l\/svm-temp\/#organization"},"image":{"@id":"https:\/\/lightweb.dev\/l\/svm-temp\/artiklar\/forsvarsmedel-och-uppfostringsredskap\/#primaryimage"},"thumbnailUrl":"https:\/\/lightweb.dev\/l\/svm-temp\/wp-content\/uploads\/2022\/04\/frsvarsmedel-och-uppfostringsredskap.png","articleSection":["Artiklar","Hem &amp; bostad"],"inLanguage":"sv-SE"},{"@type":"WebPage","@id":"https:\/\/lightweb.dev\/l\/svm-temp\/artiklar\/forsvarsmedel-och-uppfostringsredskap\/","url":"https:\/\/lightweb.dev\/l\/svm-temp\/artiklar\/forsvarsmedel-och-uppfostringsredskap\/","name":"F\u00f6rsvarsmedel och uppfostringsredskap - Svenska Magasinet","isPartOf":{"@id":"https:\/\/lightweb.dev\/l\/svm-temp\/#website"},"primaryImageOfPage":{"@id":"https:\/\/lightweb.dev\/l\/svm-temp\/artiklar\/forsvarsmedel-och-uppfostringsredskap\/#primaryimage"},"image":{"@id":"https:\/\/lightweb.dev\/l\/svm-temp\/artiklar\/forsvarsmedel-och-uppfostringsredskap\/#primaryimage"},"thumbnailUrl":"https:\/\/lightweb.dev\/l\/svm-temp\/wp-content\/uploads\/2022\/04\/frsvarsmedel-och-uppfostringsredskap.png","datePublished":"2014-05-08T22:00:00+00:00","breadcrumb":{"@id":"https:\/\/lightweb.dev\/l\/svm-temp\/artiklar\/forsvarsmedel-och-uppfostringsredskap\/#breadcrumb"},"inLanguage":"sv-SE","potentialAction":[{"@type":"ReadAction","target":["https:\/\/lightweb.dev\/l\/svm-temp\/artiklar\/forsvarsmedel-och-uppfostringsredskap\/"]}]},{"@type":"ImageObject","inLanguage":"sv-SE","@id":"https:\/\/lightweb.dev\/l\/svm-temp\/artiklar\/forsvarsmedel-och-uppfostringsredskap\/#primaryimage","url":"https:\/\/lightweb.dev\/l\/svm-temp\/wp-content\/uploads\/2022\/04\/frsvarsmedel-och-uppfostringsredskap.png","contentUrl":"https:\/\/lightweb.dev\/l\/svm-temp\/wp-content\/uploads\/2022\/04\/frsvarsmedel-och-uppfostringsredskap.png","width":280,"height":210},{"@type":"BreadcrumbList","@id":"https:\/\/lightweb.dev\/l\/svm-temp\/artiklar\/forsvarsmedel-och-uppfostringsredskap\/#breadcrumb","itemListElement":[{"@type":"ListItem","position":1,"name":"Hem","item":"https:\/\/lightweb.dev\/l\/svm-temp\/"},{"@type":"ListItem","position":2,"name":"F\u00f6rsvarsmedel och uppfostringsredskap"}]},{"@type":"WebSite","@id":"https:\/\/lightweb.dev\/l\/svm-temp\/#website","url":"https:\/\/lightweb.dev\/l\/svm-temp\/","name":"Svenska Magasinet","description":"Dina Spanska nyheter p&aring; Svenska","publisher":{"@id":"https:\/\/lightweb.dev\/l\/svm-temp\/#organization"},"potentialAction":[{"@type":"SearchAction","target":{"@type":"EntryPoint","urlTemplate":"https:\/\/lightweb.dev\/l\/svm-temp\/?s={search_term_string}"},"query-input":{"@type":"PropertyValueSpecification","valueRequired":true,"valueName":"search_term_string"}}],"inLanguage":"sv-SE"},{"@type":"Organization","@id":"https:\/\/lightweb.dev\/l\/svm-temp\/#organization","name":"Melkerson y Nott SL","alternateName":"Svenska Magasinet","url":"https:\/\/lightweb.dev\/l\/svm-temp\/","logo":{"@type":"ImageObject","inLanguage":"sv-SE","@id":"https:\/\/lightweb.dev\/l\/svm-temp\/#\/schema\/logo\/image\/","url":"https:\/\/lightweb.dev\/l\/svm-temp\/wp-content\/uploads\/2025\/02\/SvM-logo-Xtra-Centrerad-SVART.png","contentUrl":"https:\/\/lightweb.dev\/l\/svm-temp\/wp-content\/uploads\/2025\/02\/SvM-logo-Xtra-Centrerad-SVART.png","width":300,"height":99,"caption":"Melkerson y Nott SL"},"image":{"@id":"https:\/\/lightweb.dev\/l\/svm-temp\/#\/schema\/logo\/image\/"},"sameAs":["https:\/\/www.facebook.com\/svenskamagasinet","https:\/\/x.com\/SvenskaMagasine"]},{"@type":"Person","@id":"https:\/\/lightweb.dev\/l\/svm-temp\/#\/schema\/person\/206a3bda5b607b0c25e1749191e4d837","name":"Redaktionen SvM","description":"Redaktionen","sameAs":["https:\/\/lightweb.dev\/l\/svm-temp"],"url":"https:\/\/lightweb.dev\/l\/svm-temp\/reporter\/redaktionen\/"}]}},"_links":{"self":[{"href":"https:\/\/lightweb.dev\/l\/svm-temp\/wp-json\/wp\/v2\/posts\/4584","targetHints":{"allow":["GET"]}}],"collection":[{"href":"https:\/\/lightweb.dev\/l\/svm-temp\/wp-json\/wp\/v2\/posts"}],"about":[{"href":"https:\/\/lightweb.dev\/l\/svm-temp\/wp-json\/wp\/v2\/types\/post"}],"author":[{"embeddable":true,"href":"https:\/\/lightweb.dev\/l\/svm-temp\/wp-json\/wp\/v2\/users\/8"}],"replies":[{"embeddable":true,"href":"https:\/\/lightweb.dev\/l\/svm-temp\/wp-json\/wp\/v2\/comments?post=4584"}],"version-history":[{"count":0,"href":"https:\/\/lightweb.dev\/l\/svm-temp\/wp-json\/wp\/v2\/posts\/4584\/revisions"}],"wp:featuredmedia":[{"embeddable":true,"href":"https:\/\/lightweb.dev\/l\/svm-temp\/wp-json\/wp\/v2\/media\/4585"}],"wp:attachment":[{"href":"https:\/\/lightweb.dev\/l\/svm-temp\/wp-json\/wp\/v2\/media?parent=4584"}],"wp:term":[{"taxonomy":"category","embeddable":true,"href":"https:\/\/lightweb.dev\/l\/svm-temp\/wp-json\/wp\/v2\/categories?post=4584"},{"taxonomy":"post_tag","embeddable":true,"href":"https:\/\/lightweb.dev\/l\/svm-temp\/wp-json\/wp\/v2\/tags?post=4584"}],"curies":[{"name":"wp","href":"https:\/\/api.w.org\/{rel}","templated":true}]}}