{"id":4604,"date":"2014-04-09T00:00:00","date_gmt":"2014-04-08T22:00:00","guid":{"rendered":"https:\/\/lightweb.dev\/l\/svm-temp\/skandinaviskt-serviceforetag-i-almunecar\/"},"modified":"2014-04-09T00:00:00","modified_gmt":"2014-04-08T22:00:00","slug":"skandinaviskt-serviceforetag-i-almunecar","status":"publish","type":"post","link":"https:\/\/lightweb.dev\/l\/svm-temp\/artiklar\/skandinaviskt-serviceforetag-i-almunecar\/","title":{"rendered":"Skandinaviskt servicef\u00f6retag i Almu\u00f1\u00e9car"},"content":{"rendered":"<p> Vi presenterar MW Services, ett v\u00e4letablerat service och konsulting kontor i det vackra Almu\u00f1\u00e9car p\u00e5 Costa Tropical. F\u00f6retaget drivs av spanska Maria Luisa Mor\u00f3n Garcia, utbildad tolk och \u00f6vers\u00e4ttare vid universitetet i Granada och danske Poul Westergaard, som \u00e4r utbildad ekonom vid K\u00f6penhamns<br \/>\nuniversitet.<\/p>\n<p>De har varit verksamma inom Costa Tropicals skandinaviska f\u00f6retagsv\u00e4rld sedan<br \/>\n2001. MW Services kan hj\u00e4lpa till och l\u00f6sa problem som kan uppst\u00e5 n\u00e4r man flyttar till ett annat<br \/>\nland, om man bor h\u00e4r under l\u00e4ngre tider eller har skaffat sig en bostad. Ni kanske ocks\u00e5 startar<br \/>\nen verksamhet och beh\u00f6ver assistans med pappersexercisen.<\/p>\n<p>\u00c4r du resident och skattepliktig i Spanien \u00e4r det nu dags att deklarera, vilket MW Services kan<br \/>\nhj\u00e4lpa er med. Perioden b\u00f6rjar nu i april och l\u00f6per till den 30 juni. \u00c4r du inte resident men \u00e4ger<br \/>\negendom i Spanien, har du ocks\u00e5 f\u00f6rpliktelser till spanska skatteverket, vare sig du hyr ut eller inte.<br \/>\nMW Services har all  information om vad man m\u00e5ste t\u00e4nka p\u00e5 som ny fastighets\u00e4gare.<\/p>\n<p>De har under \u00e5ren hj\u00e4lpt m\u00e5nga m\u00e4nniskor av olika nationaliteter med service och tj\u00e4nster:<br \/>\nans\u00f6kan om uppeh\u00e5llstillst\u00e5nd o arbetstillst\u00e5nd, kontakt med myndigheter, bolagsbildning,<br \/>\nskatter f\u00f6r residenter och icke-residenter, bokf\u00f6ring, \u00e4garbyten och import av fordon, undervisning<br \/>\ni spanska p\u00e5 alla niv\u00e5er, \u00f6vers\u00e4ttningar, tolkning, personlig hj\u00e4lp t ex vid l\u00e4karbes\u00f6k, sjukhus m.m,<br \/>\nbostadsf\u00f6rmedling uthyrning o f\u00f6rs\u00e4ljning, uppf\u00f6ljning av byggnation o renovering.<\/p>\n<p>MW Services finns i centrala Almu\u00f1ecar vid Plaza Madrid, i ett omr\u00e5de med m\u00e5nga banker<br \/>\noch advokatkontor. Kontakta Maria Luisa och Poul p\u00e5 tel 958 531 753 eller skicka en mail till<br \/>\ninfo@servicesmw.com<\/p>\n","protected":false},"excerpt":{"rendered":"<p>Vi presenterar MW Services, ett v\u00e4letablerat service och konsulting kontor i det vackra Almu\u00f1\u00e9car p\u00e5 Costa Tropical. F\u00f6retaget drivs av spanska Maria Luisa Mor\u00f3n Garcia, utbildad tolk och \u00f6vers\u00e4ttare vid universitetet i Granada och danske Poul Westergaard, som \u00e4r utbildad ekonom vid K\u00f6penhamns universitet. De har varit verksamma inom Costa Tropicals skandinaviska f\u00f6retagsv\u00e4rld sedan 2001. [&hellip;]<\/p>\n","protected":false},"author":8,"featured_media":0,"comment_status":"open","ping_status":"open","sticky":false,"template":"","format":"standard","meta":{"_et_pb_use_builder":"","_et_pb_old_content":"","_et_gb_content_width":"","footnotes":""},"categories":[396,4],"tags":[],"class_list":["post-4604","post","type-post","status-publish","format-standard","hentry","category-arkiv-artiklar","category-artiklar"],"yoast_head":"<!-- This site is optimized with the Yoast SEO Premium plugin v26.2 (Yoast SEO v27.4) - https:\/\/yoast.com\/product\/yoast-seo-premium-wordpress\/ -->\n<title>Skandinaviskt servicef\u00f6retag i Almu\u00f1\u00e9car - Svenska Magasinet<\/title>\n<meta name=\"robots\" content=\"noindex, follow, max-snippet:-1, max-image-preview:large, max-video-preview:-1\" \/>\n<meta property=\"og:locale\" content=\"sv_SE\" \/>\n<meta property=\"og:type\" content=\"article\" \/>\n<meta property=\"og:title\" content=\"Skandinaviskt servicef\u00f6retag i Almu\u00f1\u00e9car\" \/>\n<meta property=\"og:description\" content=\"Vi presenterar MW Services, ett v\u00e4letablerat service och konsulting kontor i det vackra Almu\u00f1\u00e9car p\u00e5 Costa Tropical. F\u00f6retaget drivs av spanska Maria Luisa Mor\u00f3n Garcia, utbildad tolk och \u00f6vers\u00e4ttare vid universitetet i Granada och danske Poul Westergaard, som \u00e4r utbildad ekonom vid K\u00f6penhamns universitet. De har varit verksamma inom Costa Tropicals skandinaviska f\u00f6retagsv\u00e4rld sedan 2001. [&hellip;]\" \/>\n<meta property=\"og:url\" content=\"https:\/\/lightweb.dev\/l\/svm-temp\/artiklar\/skandinaviskt-serviceforetag-i-almunecar\/\" \/>\n<meta property=\"og:site_name\" content=\"Svenska Magasinet\" \/>\n<meta property=\"article:publisher\" content=\"https:\/\/www.facebook.com\/svenskamagasinet\" \/>\n<meta property=\"article:published_time\" content=\"2014-04-08T22:00:00+00:00\" \/>\n<meta name=\"author\" content=\"Redaktionen SvM\" \/>\n<meta name=\"twitter:card\" content=\"summary_large_image\" \/>\n<meta name=\"twitter:creator\" content=\"@SvenskaMagasine\" \/>\n<meta name=\"twitter:site\" content=\"@SvenskaMagasine\" \/>\n<script type=\"application\/ld+json\" class=\"yoast-schema-graph\">{\"@context\":\"https:\\\/\\\/schema.org\",\"@graph\":[{\"@type\":\"Article\",\"@id\":\"https:\\\/\\\/lightweb.dev\\\/l\\\/svm-temp\\\/artiklar\\\/skandinaviskt-serviceforetag-i-almunecar\\\/#article\",\"isPartOf\":{\"@id\":\"https:\\\/\\\/lightweb.dev\\\/l\\\/svm-temp\\\/artiklar\\\/skandinaviskt-serviceforetag-i-almunecar\\\/\"},\"author\":{\"name\":\"Redaktionen SvM\",\"@id\":\"https:\\\/\\\/lightweb.dev\\\/l\\\/svm-temp\\\/#\\\/schema\\\/person\\\/206a3bda5b607b0c25e1749191e4d837\"},\"headline\":\"Skandinaviskt servicef\u00f6retag i Almu\u00f1\u00e9car\",\"datePublished\":\"2014-04-08T22:00:00+00:00\",\"mainEntityOfPage\":{\"@id\":\"https:\\\/\\\/lightweb.dev\\\/l\\\/svm-temp\\\/artiklar\\\/skandinaviskt-serviceforetag-i-almunecar\\\/\"},\"wordCount\":304,\"commentCount\":0,\"publisher\":{\"@id\":\"https:\\\/\\\/lightweb.dev\\\/l\\\/svm-temp\\\/#organization\"},\"articleSection\":[\"Arkiv\",\"Artiklar\"],\"inLanguage\":\"sv-SE\"},{\"@type\":\"WebPage\",\"@id\":\"https:\\\/\\\/lightweb.dev\\\/l\\\/svm-temp\\\/artiklar\\\/skandinaviskt-serviceforetag-i-almunecar\\\/\",\"url\":\"https:\\\/\\\/lightweb.dev\\\/l\\\/svm-temp\\\/artiklar\\\/skandinaviskt-serviceforetag-i-almunecar\\\/\",\"name\":\"Skandinaviskt servicef\u00f6retag i Almu\u00f1\u00e9car - Svenska Magasinet\",\"isPartOf\":{\"@id\":\"https:\\\/\\\/lightweb.dev\\\/l\\\/svm-temp\\\/#website\"},\"datePublished\":\"2014-04-08T22:00:00+00:00\",\"breadcrumb\":{\"@id\":\"https:\\\/\\\/lightweb.dev\\\/l\\\/svm-temp\\\/artiklar\\\/skandinaviskt-serviceforetag-i-almunecar\\\/#breadcrumb\"},\"inLanguage\":\"sv-SE\",\"potentialAction\":[{\"@type\":\"ReadAction\",\"target\":[\"https:\\\/\\\/lightweb.dev\\\/l\\\/svm-temp\\\/artiklar\\\/skandinaviskt-serviceforetag-i-almunecar\\\/\"]}]},{\"@type\":\"BreadcrumbList\",\"@id\":\"https:\\\/\\\/lightweb.dev\\\/l\\\/svm-temp\\\/artiklar\\\/skandinaviskt-serviceforetag-i-almunecar\\\/#breadcrumb\",\"itemListElement\":[{\"@type\":\"ListItem\",\"position\":1,\"name\":\"Hem\",\"item\":\"https:\\\/\\\/lightweb.dev\\\/l\\\/svm-temp\\\/\"},{\"@type\":\"ListItem\",\"position\":2,\"name\":\"Skandinaviskt servicef\u00f6retag i Almu\u00f1\u00e9car\"}]},{\"@type\":\"WebSite\",\"@id\":\"https:\\\/\\\/lightweb.dev\\\/l\\\/svm-temp\\\/#website\",\"url\":\"https:\\\/\\\/lightweb.dev\\\/l\\\/svm-temp\\\/\",\"name\":\"Svenska Magasinet\",\"description\":\"Dina Spanska nyheter p&aring; Svenska\",\"publisher\":{\"@id\":\"https:\\\/\\\/lightweb.dev\\\/l\\\/svm-temp\\\/#organization\"},\"potentialAction\":[{\"@type\":\"SearchAction\",\"target\":{\"@type\":\"EntryPoint\",\"urlTemplate\":\"https:\\\/\\\/lightweb.dev\\\/l\\\/svm-temp\\\/?s={search_term_string}\"},\"query-input\":{\"@type\":\"PropertyValueSpecification\",\"valueRequired\":true,\"valueName\":\"search_term_string\"}}],\"inLanguage\":\"sv-SE\"},{\"@type\":\"Organization\",\"@id\":\"https:\\\/\\\/lightweb.dev\\\/l\\\/svm-temp\\\/#organization\",\"name\":\"Melkerson y Nott SL\",\"alternateName\":\"Svenska Magasinet\",\"url\":\"https:\\\/\\\/lightweb.dev\\\/l\\\/svm-temp\\\/\",\"logo\":{\"@type\":\"ImageObject\",\"inLanguage\":\"sv-SE\",\"@id\":\"https:\\\/\\\/lightweb.dev\\\/l\\\/svm-temp\\\/#\\\/schema\\\/logo\\\/image\\\/\",\"url\":\"https:\\\/\\\/lightweb.dev\\\/l\\\/svm-temp\\\/wp-content\\\/uploads\\\/2025\\\/02\\\/SvM-logo-Xtra-Centrerad-SVART.png\",\"contentUrl\":\"https:\\\/\\\/lightweb.dev\\\/l\\\/svm-temp\\\/wp-content\\\/uploads\\\/2025\\\/02\\\/SvM-logo-Xtra-Centrerad-SVART.png\",\"width\":300,\"height\":99,\"caption\":\"Melkerson y Nott SL\"},\"image\":{\"@id\":\"https:\\\/\\\/lightweb.dev\\\/l\\\/svm-temp\\\/#\\\/schema\\\/logo\\\/image\\\/\"},\"sameAs\":[\"https:\\\/\\\/www.facebook.com\\\/svenskamagasinet\",\"https:\\\/\\\/x.com\\\/SvenskaMagasine\"]},{\"@type\":\"Person\",\"@id\":\"https:\\\/\\\/lightweb.dev\\\/l\\\/svm-temp\\\/#\\\/schema\\\/person\\\/206a3bda5b607b0c25e1749191e4d837\",\"name\":\"Redaktionen SvM\",\"description\":\"Redaktionen\",\"sameAs\":[\"https:\\\/\\\/lightweb.dev\\\/l\\\/svm-temp\"],\"url\":\"https:\\\/\\\/lightweb.dev\\\/l\\\/svm-temp\\\/reporter\\\/redaktionen\\\/\"}]}<\/script>\n<!-- \/ Yoast SEO Premium plugin. -->","yoast_head_json":{"title":"Skandinaviskt servicef\u00f6retag i Almu\u00f1\u00e9car - Svenska Magasinet","robots":{"index":"noindex","follow":"follow","max-snippet":"max-snippet:-1","max-image-preview":"max-image-preview:large","max-video-preview":"max-video-preview:-1"},"og_locale":"sv_SE","og_type":"article","og_title":"Skandinaviskt servicef\u00f6retag i Almu\u00f1\u00e9car","og_description":"Vi presenterar MW Services, ett v\u00e4letablerat service och konsulting kontor i det vackra Almu\u00f1\u00e9car p\u00e5 Costa Tropical. F\u00f6retaget drivs av spanska Maria Luisa Mor\u00f3n Garcia, utbildad tolk och \u00f6vers\u00e4ttare vid universitetet i Granada och danske Poul Westergaard, som \u00e4r utbildad ekonom vid K\u00f6penhamns universitet. De har varit verksamma inom Costa Tropicals skandinaviska f\u00f6retagsv\u00e4rld sedan 2001. [&hellip;]","og_url":"https:\/\/lightweb.dev\/l\/svm-temp\/artiklar\/skandinaviskt-serviceforetag-i-almunecar\/","og_site_name":"Svenska Magasinet","article_publisher":"https:\/\/www.facebook.com\/svenskamagasinet","article_published_time":"2014-04-08T22:00:00+00:00","author":"Redaktionen SvM","twitter_card":"summary_large_image","twitter_creator":"@SvenskaMagasine","twitter_site":"@SvenskaMagasine","schema":{"@context":"https:\/\/schema.org","@graph":[{"@type":"Article","@id":"https:\/\/lightweb.dev\/l\/svm-temp\/artiklar\/skandinaviskt-serviceforetag-i-almunecar\/#article","isPartOf":{"@id":"https:\/\/lightweb.dev\/l\/svm-temp\/artiklar\/skandinaviskt-serviceforetag-i-almunecar\/"},"author":{"name":"Redaktionen SvM","@id":"https:\/\/lightweb.dev\/l\/svm-temp\/#\/schema\/person\/206a3bda5b607b0c25e1749191e4d837"},"headline":"Skandinaviskt servicef\u00f6retag i Almu\u00f1\u00e9car","datePublished":"2014-04-08T22:00:00+00:00","mainEntityOfPage":{"@id":"https:\/\/lightweb.dev\/l\/svm-temp\/artiklar\/skandinaviskt-serviceforetag-i-almunecar\/"},"wordCount":304,"commentCount":0,"publisher":{"@id":"https:\/\/lightweb.dev\/l\/svm-temp\/#organization"},"articleSection":["Arkiv","Artiklar"],"inLanguage":"sv-SE"},{"@type":"WebPage","@id":"https:\/\/lightweb.dev\/l\/svm-temp\/artiklar\/skandinaviskt-serviceforetag-i-almunecar\/","url":"https:\/\/lightweb.dev\/l\/svm-temp\/artiklar\/skandinaviskt-serviceforetag-i-almunecar\/","name":"Skandinaviskt servicef\u00f6retag i Almu\u00f1\u00e9car - Svenska Magasinet","isPartOf":{"@id":"https:\/\/lightweb.dev\/l\/svm-temp\/#website"},"datePublished":"2014-04-08T22:00:00+00:00","breadcrumb":{"@id":"https:\/\/lightweb.dev\/l\/svm-temp\/artiklar\/skandinaviskt-serviceforetag-i-almunecar\/#breadcrumb"},"inLanguage":"sv-SE","potentialAction":[{"@type":"ReadAction","target":["https:\/\/lightweb.dev\/l\/svm-temp\/artiklar\/skandinaviskt-serviceforetag-i-almunecar\/"]}]},{"@type":"BreadcrumbList","@id":"https:\/\/lightweb.dev\/l\/svm-temp\/artiklar\/skandinaviskt-serviceforetag-i-almunecar\/#breadcrumb","itemListElement":[{"@type":"ListItem","position":1,"name":"Hem","item":"https:\/\/lightweb.dev\/l\/svm-temp\/"},{"@type":"ListItem","position":2,"name":"Skandinaviskt servicef\u00f6retag i Almu\u00f1\u00e9car"}]},{"@type":"WebSite","@id":"https:\/\/lightweb.dev\/l\/svm-temp\/#website","url":"https:\/\/lightweb.dev\/l\/svm-temp\/","name":"Svenska Magasinet","description":"Dina Spanska nyheter p&aring; Svenska","publisher":{"@id":"https:\/\/lightweb.dev\/l\/svm-temp\/#organization"},"potentialAction":[{"@type":"SearchAction","target":{"@type":"EntryPoint","urlTemplate":"https:\/\/lightweb.dev\/l\/svm-temp\/?s={search_term_string}"},"query-input":{"@type":"PropertyValueSpecification","valueRequired":true,"valueName":"search_term_string"}}],"inLanguage":"sv-SE"},{"@type":"Organization","@id":"https:\/\/lightweb.dev\/l\/svm-temp\/#organization","name":"Melkerson y Nott SL","alternateName":"Svenska Magasinet","url":"https:\/\/lightweb.dev\/l\/svm-temp\/","logo":{"@type":"ImageObject","inLanguage":"sv-SE","@id":"https:\/\/lightweb.dev\/l\/svm-temp\/#\/schema\/logo\/image\/","url":"https:\/\/lightweb.dev\/l\/svm-temp\/wp-content\/uploads\/2025\/02\/SvM-logo-Xtra-Centrerad-SVART.png","contentUrl":"https:\/\/lightweb.dev\/l\/svm-temp\/wp-content\/uploads\/2025\/02\/SvM-logo-Xtra-Centrerad-SVART.png","width":300,"height":99,"caption":"Melkerson y Nott SL"},"image":{"@id":"https:\/\/lightweb.dev\/l\/svm-temp\/#\/schema\/logo\/image\/"},"sameAs":["https:\/\/www.facebook.com\/svenskamagasinet","https:\/\/x.com\/SvenskaMagasine"]},{"@type":"Person","@id":"https:\/\/lightweb.dev\/l\/svm-temp\/#\/schema\/person\/206a3bda5b607b0c25e1749191e4d837","name":"Redaktionen SvM","description":"Redaktionen","sameAs":["https:\/\/lightweb.dev\/l\/svm-temp"],"url":"https:\/\/lightweb.dev\/l\/svm-temp\/reporter\/redaktionen\/"}]}},"_links":{"self":[{"href":"https:\/\/lightweb.dev\/l\/svm-temp\/wp-json\/wp\/v2\/posts\/4604","targetHints":{"allow":["GET"]}}],"collection":[{"href":"https:\/\/lightweb.dev\/l\/svm-temp\/wp-json\/wp\/v2\/posts"}],"about":[{"href":"https:\/\/lightweb.dev\/l\/svm-temp\/wp-json\/wp\/v2\/types\/post"}],"author":[{"embeddable":true,"href":"https:\/\/lightweb.dev\/l\/svm-temp\/wp-json\/wp\/v2\/users\/8"}],"replies":[{"embeddable":true,"href":"https:\/\/lightweb.dev\/l\/svm-temp\/wp-json\/wp\/v2\/comments?post=4604"}],"version-history":[{"count":0,"href":"https:\/\/lightweb.dev\/l\/svm-temp\/wp-json\/wp\/v2\/posts\/4604\/revisions"}],"wp:attachment":[{"href":"https:\/\/lightweb.dev\/l\/svm-temp\/wp-json\/wp\/v2\/media?parent=4604"}],"wp:term":[{"taxonomy":"category","embeddable":true,"href":"https:\/\/lightweb.dev\/l\/svm-temp\/wp-json\/wp\/v2\/categories?post=4604"},{"taxonomy":"post_tag","embeddable":true,"href":"https:\/\/lightweb.dev\/l\/svm-temp\/wp-json\/wp\/v2\/tags?post=4604"}],"curies":[{"name":"wp","href":"https:\/\/api.w.org\/{rel}","templated":true}]}}