{"id":4621,"date":"2014-04-09T00:00:00","date_gmt":"2014-04-08T22:00:00","guid":{"rendered":"https:\/\/lightweb.dev\/l\/svm-temp\/tog-stauppkomiken-till-sverige-nu-kommer-adde-malmberg-till-marbella\/"},"modified":"2014-04-09T00:00:00","modified_gmt":"2014-04-08T22:00:00","slug":"tog-stauppkomiken-till-sverige-nu-kommer-adde-malmberg-till-marbella","status":"publish","type":"post","link":"https:\/\/lightweb.dev\/l\/svm-temp\/artiklar\/tog-stauppkomiken-till-sverige-nu-kommer-adde-malmberg-till-marbella\/","title":{"rendered":"Tog st\u00e5uppkomiken till Sverige &#8211; nu kommer Adde Malmberg till Marbella"},"content":{"rendered":"<p> Babben Larsson kommer till Marbella teater i oktober tillsammans med Adde Malmberg f\u00f6r att ge succ\u00e9showen Gammal \u00e4r \u00e4ldst. I sommar kan vi se Adde Malmberg g\u00f6ra rollen som Basil Fawlty fr\u00e5n den folkk\u00e4ra tv-serien Pang i bygget som blir teater p\u00e5 Fredriksdalsteatern i Helsingborg. Av Ola Josefsson<\/p>\n<p>Biljettf\u00f6rs\u00e4ljningen till h\u00f6stens skrattfest i Marbella p\u00e5g\u00e5r f\u00f6r fullt. Innan det blir Marbella teater och showen Gammal \u00e4r \u00e4ldst \u00e4r det Helsingborg och Fredriksdalsteatern som g\u00e4ller. I april inleder Adde repetitionerna av \u201dPang i bygget\u201d som g\u00f6r v\u00e4rldspremi\u00e4r p\u00e5 teaterscenen.<br \/>\n&#8211; Det blir f\u00f6rsta g\u00e5ngen som Pang i bygget visas p\u00e5 teater. Sommarens upps\u00e4ttning \u00e4r baserad p\u00e5 tre avsnitt ur original-tv-serien, ber\u00e4ttar Adde Malmberg f\u00f6r Svenska Magasinet.<br \/>\nFolkk\u00e4ra Pang i bygget (Fawlty Towers) \u00e4r en brittisk TV-serie fr\u00e5n 1975 av John Cleese och Connie Booth. John Cleese, Prunella Scales, Connie Booth och Andrew Sachs spelade huvudrollerna.<\/p>\n<p>Adde Malmberg spelar Basil Fawlty som \u00e4ger hotellet Fawlty Towers. Premi\u00e4ren \u00e4r fredagen den 13 juni, sex kv\u00e4llar i veckan, totalt 54 f\u00f6rest\u00e4llningar med avslutning den 17 augusti. Spanske kyparen Manuel \u2013 fr\u00e5n Barcelona \u2013 spelas av Kalle Rydberg.<br \/>\nPang i bygget \u00e4r baserad p\u00e5 v\u00e4rldens kanske mest \u00e4lskade komediserie Fawlty Towers i \u00f6vers\u00e4ttning och regi av Anders Albien.<br \/>\n&#8211; I slutet p\u00e5 april b\u00f6rjar vi att repeterar. Det ska bli v\u00e4ldigt roligt, samtidigt lite nerv\u00f6st. Det ligger stora f\u00f6rv\u00e4ntningar p\u00e5 en s\u00e5dan roll eftersom alla k\u00e4nner till rollen i tv-serien. S\u00e5 nog k\u00e4nner man sig extra utsatt, men som sagt v\u00e4ldigt roligt och utmanande.<\/p>\n<p>Ut\u00f6ver repetitioner till sommarens f\u00f6rest\u00e4llning i Helsingborg h\u00e5ller Adde Malmberg p\u00e5 att regissera en annan pj\u00e4s som ska g\u00e5 p\u00e5 N\u00f6jesteatern i Malm\u00f6. En pj\u00e4s efter den engelska komedifarsen Jobbar f\u00f6r tv\u00e5.<br \/>\n&#8211; Jag har \u00f6versatt och regisserar f\u00f6rest\u00e4llningen som har premi\u00e4r den 25 september.<\/p>\n<p>Adde Malmberg n\u00e4mns ibland som grundaren till st\u00e5uppkomik i Sverige. Han \u00e4r en av tre som tog initiativet till st\u00e5uppkomik i Sverige och han var en av de f\u00f6rsta p\u00e5 scen 1988 tillsammans med Jonas Hallberg.<br \/>\n&#8211; Tillsammans med Jonas Hallberg och Bertil Goldberg tog vi Stand Up-underh\u00e5llningen till Sverige genom att bilda SUCK &#8211; landets f\u00f6rsta stand up comedy-klubb.<\/p>\n<p>Adde hade tidigare sysslat med kabar\u00e9 och teater. Nu ville han g\u00f6ra n\u00e5got nytt.<br \/>\n&#8211; Jag hade hela tiden sysslat med humor, kabar\u00e9 och teater. Jag drogs till ett nummer d\u00e4r man fick vara sig sj\u00e4lv och inte beh\u00f6va vara utkl\u00e4dd. Jag hade l\u00e4st och h\u00f6rt om den amerikanska underh\u00e5llningsformen Stand Up.<br \/>\n&#8211; Det var den st\u00f6rsta t\u00e4nkbara utmaningen man kan uts\u00e4tta sig f\u00f6r. Okej, man kan kl\u00e4ttra i berg och g\u00f6ra s\u00e5dant. Men att st\u00e5 helt utl\u00e4mnad p\u00e5 scen, vara sig sj\u00e4lv och inte vara utkl\u00e4dd eller spela n\u00e5gon roll. Det k\u00e4ndes om\u00f6jligt, men det ville jag testa.<\/p>\n<p>St\u00e5uppkomik var n\u00e5got helt annat \u00e4n vad jag dittills hade gjort.<br \/>\n&#8211; Du kan inte skylla p\u00e5 n\u00e5gon annan, som regiss\u00f6ren eller f\u00f6rfattaren. Du har ingen rollfigur, du \u00e4r dig sj\u00e4lv, ansvarig vilar helt p\u00e5 dig.<\/p>\n<p>Vilka inspirerade dig?<br \/>\n&#8211; I f\u00f6rsta hand blev jag inspirerad av genren, konst- eller underh\u00e5llningsformen. Jag hittade snabbt n\u00e5gra inspirationsk\u00e4llor och titta p\u00e5 n\u00e5gra amerikanska komiker som Jackie Mason. Han var inte s\u00e5 k\u00e4nd kanske, men en stor inspirationsk\u00e4lla f\u00f6r mig.<br \/>\n&#8211; En annan var britten Tommy Cooper. Han var kanske inte en riktig st\u00e5uppkomiker men Cooper hade ett Stand Up-s\u00e4tt.<\/p>\n<p>Hur togs det emot?<br \/>\n&#8211; Vi fick en bra start och fick uppm\u00e4rksamhet. Vi var ett bra g\u00e4ng, blev omskrivna i pressen och tv h\u00e4ngde p\u00e5 med Sl\u00e4ng dig i brunnen. Det hj\u00e4lpte oss j\u00e4ttemycket och folk l\u00e4rde sig underh\u00e5llningsformen.<br \/>\n  Hur ofta k\u00f6r du st\u00e5uppkomik nu f\u00f6r tiden?<br \/>\n&#8211; Det blir inte lika mycket som f\u00f6rr. Det g\u00e5r i perioder, jag har s\u00e5 mycket annat s\u00e5 det finns inte s\u00e5 mycket utrymme. Det finns \u00e4ven ett \u00f6verutbud av st\u00e5uppkomik f\u00f6r tillf\u00e4llet.<\/p>\n<p>Den 10 oktober klockan 20 st\u00e5r Adde Malmberg tillsammans med Babben Larsson p\u00e5 st\u00e5uppkomik-scenen i Marbella kommunala teater vid Plaza Ram\u00f3n Mart\u00ednez 3. Det blir premi\u00e4r f\u00f6r Adde p\u00e5 Solkusten med Standupsucc\u00e9n fr\u00e5n Stockholm.<br \/>\n&#8211; Gammal \u00e4r \u00e4ldst har vi k\u00f6rt i flera varianter. Babben, jag och Lennie, N\u00e5gon g\u00e5ng har Lennie och jag k\u00f6rt sj\u00e4lva. Nu blir det Babben och jag i Marbella och jag m\u00e5ste s\u00e4ga att det k\u00e4nns riktigt kul och inspirerande.<\/p>\n<p>Adde har upptr\u00e4tt i Spanien en g\u00e5ng tidigare. Det var n\u00e4r ett svenskt f\u00f6retag hade konferens i Bilbao, d\u00e5 var Adde med och stod f\u00f6r underh\u00e5llningen.<br \/>\n&#8211; Jag har aldrig varit i Marbella, jag har l\u00e4nge velat, s\u00e5 det blir nytt f\u00f6r mig.<\/p>\n<p>Blir det en Adde Malmberg i Marbella med mustasch \u2013 eller utan?<br \/>\n&#8211; Jag kommer att odla mustasch till i sommar. Jag kan inte spela rollen som Basil Fawlty utan mustasch s\u00e5 den f\u00e5r h\u00e4nga med till Marbella&#8230;<\/p>\n","protected":false},"excerpt":{"rendered":"<p>Babben Larsson kommer till Marbella teater i oktober tillsammans med Adde Malmberg f\u00f6r att ge succ\u00e9showen Gammal \u00e4r \u00e4ldst. I sommar kan vi se Adde Malmberg g\u00f6ra rollen som Basil Fawlty fr\u00e5n den folkk\u00e4ra tv-serien Pang i bygget som blir teater p\u00e5 Fredriksdalsteatern i Helsingborg. Av Ola Josefsson Biljettf\u00f6rs\u00e4ljningen till h\u00f6stens skrattfest i Marbella p\u00e5g\u00e5r [&hellip;]<\/p>\n","protected":false},"author":8,"featured_media":4622,"comment_status":"open","ping_status":"open","sticky":false,"template":"","format":"standard","meta":{"_et_pb_use_builder":"","_et_pb_old_content":"","_et_gb_content_width":"","footnotes":""},"categories":[396,4],"tags":[],"class_list":["post-4621","post","type-post","status-publish","format-standard","has-post-thumbnail","hentry","category-arkiv-artiklar","category-artiklar"],"yoast_head":"<!-- This site is optimized with the Yoast SEO Premium plugin v26.2 (Yoast SEO v27.5) - https:\/\/yoast.com\/product\/yoast-seo-premium-wordpress\/ -->\n<title>Tog st\u00e5uppkomiken till Sverige - nu kommer Adde Malmberg till Marbella - Svenska Magasinet<\/title>\n<meta name=\"robots\" content=\"noindex, follow, max-snippet:-1, max-image-preview:large, max-video-preview:-1\" \/>\n<meta property=\"og:locale\" content=\"sv_SE\" \/>\n<meta property=\"og:type\" content=\"article\" \/>\n<meta property=\"og:title\" content=\"Tog st\u00e5uppkomiken till Sverige - nu kommer Adde Malmberg till Marbella\" \/>\n<meta property=\"og:description\" content=\"Babben Larsson kommer till Marbella teater i oktober tillsammans med Adde Malmberg f\u00f6r att ge succ\u00e9showen Gammal \u00e4r \u00e4ldst. I sommar kan vi se Adde Malmberg g\u00f6ra rollen som Basil Fawlty fr\u00e5n den folkk\u00e4ra tv-serien Pang i bygget som blir teater p\u00e5 Fredriksdalsteatern i Helsingborg. Av Ola Josefsson Biljettf\u00f6rs\u00e4ljningen till h\u00f6stens skrattfest i Marbella p\u00e5g\u00e5r [&hellip;]\" \/>\n<meta property=\"og:url\" content=\"https:\/\/lightweb.dev\/l\/svm-temp\/artiklar\/tog-stauppkomiken-till-sverige-nu-kommer-adde-malmberg-till-marbella\/\" \/>\n<meta property=\"og:site_name\" content=\"Svenska Magasinet\" \/>\n<meta property=\"article:publisher\" content=\"https:\/\/www.facebook.com\/svenskamagasinet\" \/>\n<meta property=\"article:published_time\" content=\"2014-04-08T22:00:00+00:00\" \/>\n<meta property=\"og:image\" content=\"https:\/\/lightweb.dev\/l\/svm-temp\/wp-content\/uploads\/2022\/04\/tog-stuppkomiken-till-sverige-nu-kommer-adde-malmberg-till-marbella.png\" \/>\n\t<meta property=\"og:image:width\" content=\"299\" \/>\n\t<meta property=\"og:image:height\" content=\"200\" \/>\n\t<meta property=\"og:image:type\" content=\"image\/png\" \/>\n<meta name=\"author\" content=\"Redaktionen SvM\" \/>\n<meta name=\"twitter:card\" content=\"summary_large_image\" \/>\n<meta name=\"twitter:creator\" content=\"@SvenskaMagasine\" \/>\n<meta name=\"twitter:site\" content=\"@SvenskaMagasine\" \/>\n<script type=\"application\/ld+json\" class=\"yoast-schema-graph\">{\"@context\":\"https:\\\/\\\/schema.org\",\"@graph\":[{\"@type\":\"Article\",\"@id\":\"https:\\\/\\\/lightweb.dev\\\/l\\\/svm-temp\\\/artiklar\\\/tog-stauppkomiken-till-sverige-nu-kommer-adde-malmberg-till-marbella\\\/#article\",\"isPartOf\":{\"@id\":\"https:\\\/\\\/lightweb.dev\\\/l\\\/svm-temp\\\/artiklar\\\/tog-stauppkomiken-till-sverige-nu-kommer-adde-malmberg-till-marbella\\\/\"},\"author\":{\"name\":\"Redaktionen SvM\",\"@id\":\"https:\\\/\\\/lightweb.dev\\\/l\\\/svm-temp\\\/#\\\/schema\\\/person\\\/206a3bda5b607b0c25e1749191e4d837\"},\"headline\":\"Tog st\u00e5uppkomiken till Sverige &#8211; nu kommer Adde Malmberg till Marbella\",\"datePublished\":\"2014-04-08T22:00:00+00:00\",\"mainEntityOfPage\":{\"@id\":\"https:\\\/\\\/lightweb.dev\\\/l\\\/svm-temp\\\/artiklar\\\/tog-stauppkomiken-till-sverige-nu-kommer-adde-malmberg-till-marbella\\\/\"},\"wordCount\":922,\"commentCount\":0,\"publisher\":{\"@id\":\"https:\\\/\\\/lightweb.dev\\\/l\\\/svm-temp\\\/#organization\"},\"image\":{\"@id\":\"https:\\\/\\\/lightweb.dev\\\/l\\\/svm-temp\\\/artiklar\\\/tog-stauppkomiken-till-sverige-nu-kommer-adde-malmberg-till-marbella\\\/#primaryimage\"},\"thumbnailUrl\":\"https:\\\/\\\/lightweb.dev\\\/l\\\/svm-temp\\\/wp-content\\\/uploads\\\/2022\\\/04\\\/tog-stuppkomiken-till-sverige-nu-kommer-adde-malmberg-till-marbella.png\",\"articleSection\":[\"Arkiv\",\"Artiklar\"],\"inLanguage\":\"sv-SE\"},{\"@type\":\"WebPage\",\"@id\":\"https:\\\/\\\/lightweb.dev\\\/l\\\/svm-temp\\\/artiklar\\\/tog-stauppkomiken-till-sverige-nu-kommer-adde-malmberg-till-marbella\\\/\",\"url\":\"https:\\\/\\\/lightweb.dev\\\/l\\\/svm-temp\\\/artiklar\\\/tog-stauppkomiken-till-sverige-nu-kommer-adde-malmberg-till-marbella\\\/\",\"name\":\"Tog st\u00e5uppkomiken till Sverige - nu kommer Adde Malmberg till Marbella - Svenska Magasinet\",\"isPartOf\":{\"@id\":\"https:\\\/\\\/lightweb.dev\\\/l\\\/svm-temp\\\/#website\"},\"primaryImageOfPage\":{\"@id\":\"https:\\\/\\\/lightweb.dev\\\/l\\\/svm-temp\\\/artiklar\\\/tog-stauppkomiken-till-sverige-nu-kommer-adde-malmberg-till-marbella\\\/#primaryimage\"},\"image\":{\"@id\":\"https:\\\/\\\/lightweb.dev\\\/l\\\/svm-temp\\\/artiklar\\\/tog-stauppkomiken-till-sverige-nu-kommer-adde-malmberg-till-marbella\\\/#primaryimage\"},\"thumbnailUrl\":\"https:\\\/\\\/lightweb.dev\\\/l\\\/svm-temp\\\/wp-content\\\/uploads\\\/2022\\\/04\\\/tog-stuppkomiken-till-sverige-nu-kommer-adde-malmberg-till-marbella.png\",\"datePublished\":\"2014-04-08T22:00:00+00:00\",\"breadcrumb\":{\"@id\":\"https:\\\/\\\/lightweb.dev\\\/l\\\/svm-temp\\\/artiklar\\\/tog-stauppkomiken-till-sverige-nu-kommer-adde-malmberg-till-marbella\\\/#breadcrumb\"},\"inLanguage\":\"sv-SE\",\"potentialAction\":[{\"@type\":\"ReadAction\",\"target\":[\"https:\\\/\\\/lightweb.dev\\\/l\\\/svm-temp\\\/artiklar\\\/tog-stauppkomiken-till-sverige-nu-kommer-adde-malmberg-till-marbella\\\/\"]}]},{\"@type\":\"ImageObject\",\"inLanguage\":\"sv-SE\",\"@id\":\"https:\\\/\\\/lightweb.dev\\\/l\\\/svm-temp\\\/artiklar\\\/tog-stauppkomiken-till-sverige-nu-kommer-adde-malmberg-till-marbella\\\/#primaryimage\",\"url\":\"https:\\\/\\\/lightweb.dev\\\/l\\\/svm-temp\\\/wp-content\\\/uploads\\\/2022\\\/04\\\/tog-stuppkomiken-till-sverige-nu-kommer-adde-malmberg-till-marbella.png\",\"contentUrl\":\"https:\\\/\\\/lightweb.dev\\\/l\\\/svm-temp\\\/wp-content\\\/uploads\\\/2022\\\/04\\\/tog-stuppkomiken-till-sverige-nu-kommer-adde-malmberg-till-marbella.png\",\"width\":299,\"height\":200},{\"@type\":\"BreadcrumbList\",\"@id\":\"https:\\\/\\\/lightweb.dev\\\/l\\\/svm-temp\\\/artiklar\\\/tog-stauppkomiken-till-sverige-nu-kommer-adde-malmberg-till-marbella\\\/#breadcrumb\",\"itemListElement\":[{\"@type\":\"ListItem\",\"position\":1,\"name\":\"Hem\",\"item\":\"https:\\\/\\\/lightweb.dev\\\/l\\\/svm-temp\\\/\"},{\"@type\":\"ListItem\",\"position\":2,\"name\":\"Tog st\u00e5uppkomiken till Sverige &#8211; nu kommer Adde Malmberg till Marbella\"}]},{\"@type\":\"WebSite\",\"@id\":\"https:\\\/\\\/lightweb.dev\\\/l\\\/svm-temp\\\/#website\",\"url\":\"https:\\\/\\\/lightweb.dev\\\/l\\\/svm-temp\\\/\",\"name\":\"Svenska Magasinet\",\"description\":\"Dina Spanska nyheter p&aring; Svenska\",\"publisher\":{\"@id\":\"https:\\\/\\\/lightweb.dev\\\/l\\\/svm-temp\\\/#organization\"},\"potentialAction\":[{\"@type\":\"SearchAction\",\"target\":{\"@type\":\"EntryPoint\",\"urlTemplate\":\"https:\\\/\\\/lightweb.dev\\\/l\\\/svm-temp\\\/?s={search_term_string}\"},\"query-input\":{\"@type\":\"PropertyValueSpecification\",\"valueRequired\":true,\"valueName\":\"search_term_string\"}}],\"inLanguage\":\"sv-SE\"},{\"@type\":\"Organization\",\"@id\":\"https:\\\/\\\/lightweb.dev\\\/l\\\/svm-temp\\\/#organization\",\"name\":\"Melkerson y Nott SL\",\"alternateName\":\"Svenska Magasinet\",\"url\":\"https:\\\/\\\/lightweb.dev\\\/l\\\/svm-temp\\\/\",\"logo\":{\"@type\":\"ImageObject\",\"inLanguage\":\"sv-SE\",\"@id\":\"https:\\\/\\\/lightweb.dev\\\/l\\\/svm-temp\\\/#\\\/schema\\\/logo\\\/image\\\/\",\"url\":\"https:\\\/\\\/lightweb.dev\\\/l\\\/svm-temp\\\/wp-content\\\/uploads\\\/2025\\\/02\\\/SvM-logo-Xtra-Centrerad-SVART.png\",\"contentUrl\":\"https:\\\/\\\/lightweb.dev\\\/l\\\/svm-temp\\\/wp-content\\\/uploads\\\/2025\\\/02\\\/SvM-logo-Xtra-Centrerad-SVART.png\",\"width\":300,\"height\":99,\"caption\":\"Melkerson y Nott SL\"},\"image\":{\"@id\":\"https:\\\/\\\/lightweb.dev\\\/l\\\/svm-temp\\\/#\\\/schema\\\/logo\\\/image\\\/\"},\"sameAs\":[\"https:\\\/\\\/www.facebook.com\\\/svenskamagasinet\",\"https:\\\/\\\/x.com\\\/SvenskaMagasine\"]},{\"@type\":\"Person\",\"@id\":\"https:\\\/\\\/lightweb.dev\\\/l\\\/svm-temp\\\/#\\\/schema\\\/person\\\/206a3bda5b607b0c25e1749191e4d837\",\"name\":\"Redaktionen SvM\",\"description\":\"Redaktionen\",\"sameAs\":[\"https:\\\/\\\/lightweb.dev\\\/l\\\/svm-temp\"],\"url\":\"https:\\\/\\\/lightweb.dev\\\/l\\\/svm-temp\\\/reporter\\\/redaktionen\\\/\"}]}<\/script>\n<!-- \/ Yoast SEO Premium plugin. -->","yoast_head_json":{"title":"Tog st\u00e5uppkomiken till Sverige - nu kommer Adde Malmberg till Marbella - Svenska Magasinet","robots":{"index":"noindex","follow":"follow","max-snippet":"max-snippet:-1","max-image-preview":"max-image-preview:large","max-video-preview":"max-video-preview:-1"},"og_locale":"sv_SE","og_type":"article","og_title":"Tog st\u00e5uppkomiken till Sverige - nu kommer Adde Malmberg till Marbella","og_description":"Babben Larsson kommer till Marbella teater i oktober tillsammans med Adde Malmberg f\u00f6r att ge succ\u00e9showen Gammal \u00e4r \u00e4ldst. I sommar kan vi se Adde Malmberg g\u00f6ra rollen som Basil Fawlty fr\u00e5n den folkk\u00e4ra tv-serien Pang i bygget som blir teater p\u00e5 Fredriksdalsteatern i Helsingborg. Av Ola Josefsson Biljettf\u00f6rs\u00e4ljningen till h\u00f6stens skrattfest i Marbella p\u00e5g\u00e5r [&hellip;]","og_url":"https:\/\/lightweb.dev\/l\/svm-temp\/artiklar\/tog-stauppkomiken-till-sverige-nu-kommer-adde-malmberg-till-marbella\/","og_site_name":"Svenska Magasinet","article_publisher":"https:\/\/www.facebook.com\/svenskamagasinet","article_published_time":"2014-04-08T22:00:00+00:00","og_image":[{"width":299,"height":200,"url":"https:\/\/lightweb.dev\/l\/svm-temp\/wp-content\/uploads\/2022\/04\/tog-stuppkomiken-till-sverige-nu-kommer-adde-malmberg-till-marbella.png","type":"image\/png"}],"author":"Redaktionen SvM","twitter_card":"summary_large_image","twitter_creator":"@SvenskaMagasine","twitter_site":"@SvenskaMagasine","schema":{"@context":"https:\/\/schema.org","@graph":[{"@type":"Article","@id":"https:\/\/lightweb.dev\/l\/svm-temp\/artiklar\/tog-stauppkomiken-till-sverige-nu-kommer-adde-malmberg-till-marbella\/#article","isPartOf":{"@id":"https:\/\/lightweb.dev\/l\/svm-temp\/artiklar\/tog-stauppkomiken-till-sverige-nu-kommer-adde-malmberg-till-marbella\/"},"author":{"name":"Redaktionen SvM","@id":"https:\/\/lightweb.dev\/l\/svm-temp\/#\/schema\/person\/206a3bda5b607b0c25e1749191e4d837"},"headline":"Tog st\u00e5uppkomiken till Sverige &#8211; nu kommer Adde Malmberg till Marbella","datePublished":"2014-04-08T22:00:00+00:00","mainEntityOfPage":{"@id":"https:\/\/lightweb.dev\/l\/svm-temp\/artiklar\/tog-stauppkomiken-till-sverige-nu-kommer-adde-malmberg-till-marbella\/"},"wordCount":922,"commentCount":0,"publisher":{"@id":"https:\/\/lightweb.dev\/l\/svm-temp\/#organization"},"image":{"@id":"https:\/\/lightweb.dev\/l\/svm-temp\/artiklar\/tog-stauppkomiken-till-sverige-nu-kommer-adde-malmberg-till-marbella\/#primaryimage"},"thumbnailUrl":"https:\/\/lightweb.dev\/l\/svm-temp\/wp-content\/uploads\/2022\/04\/tog-stuppkomiken-till-sverige-nu-kommer-adde-malmberg-till-marbella.png","articleSection":["Arkiv","Artiklar"],"inLanguage":"sv-SE"},{"@type":"WebPage","@id":"https:\/\/lightweb.dev\/l\/svm-temp\/artiklar\/tog-stauppkomiken-till-sverige-nu-kommer-adde-malmberg-till-marbella\/","url":"https:\/\/lightweb.dev\/l\/svm-temp\/artiklar\/tog-stauppkomiken-till-sverige-nu-kommer-adde-malmberg-till-marbella\/","name":"Tog st\u00e5uppkomiken till Sverige - nu kommer Adde Malmberg till Marbella - Svenska Magasinet","isPartOf":{"@id":"https:\/\/lightweb.dev\/l\/svm-temp\/#website"},"primaryImageOfPage":{"@id":"https:\/\/lightweb.dev\/l\/svm-temp\/artiklar\/tog-stauppkomiken-till-sverige-nu-kommer-adde-malmberg-till-marbella\/#primaryimage"},"image":{"@id":"https:\/\/lightweb.dev\/l\/svm-temp\/artiklar\/tog-stauppkomiken-till-sverige-nu-kommer-adde-malmberg-till-marbella\/#primaryimage"},"thumbnailUrl":"https:\/\/lightweb.dev\/l\/svm-temp\/wp-content\/uploads\/2022\/04\/tog-stuppkomiken-till-sverige-nu-kommer-adde-malmberg-till-marbella.png","datePublished":"2014-04-08T22:00:00+00:00","breadcrumb":{"@id":"https:\/\/lightweb.dev\/l\/svm-temp\/artiklar\/tog-stauppkomiken-till-sverige-nu-kommer-adde-malmberg-till-marbella\/#breadcrumb"},"inLanguage":"sv-SE","potentialAction":[{"@type":"ReadAction","target":["https:\/\/lightweb.dev\/l\/svm-temp\/artiklar\/tog-stauppkomiken-till-sverige-nu-kommer-adde-malmberg-till-marbella\/"]}]},{"@type":"ImageObject","inLanguage":"sv-SE","@id":"https:\/\/lightweb.dev\/l\/svm-temp\/artiklar\/tog-stauppkomiken-till-sverige-nu-kommer-adde-malmberg-till-marbella\/#primaryimage","url":"https:\/\/lightweb.dev\/l\/svm-temp\/wp-content\/uploads\/2022\/04\/tog-stuppkomiken-till-sverige-nu-kommer-adde-malmberg-till-marbella.png","contentUrl":"https:\/\/lightweb.dev\/l\/svm-temp\/wp-content\/uploads\/2022\/04\/tog-stuppkomiken-till-sverige-nu-kommer-adde-malmberg-till-marbella.png","width":299,"height":200},{"@type":"BreadcrumbList","@id":"https:\/\/lightweb.dev\/l\/svm-temp\/artiklar\/tog-stauppkomiken-till-sverige-nu-kommer-adde-malmberg-till-marbella\/#breadcrumb","itemListElement":[{"@type":"ListItem","position":1,"name":"Hem","item":"https:\/\/lightweb.dev\/l\/svm-temp\/"},{"@type":"ListItem","position":2,"name":"Tog st\u00e5uppkomiken till Sverige &#8211; nu kommer Adde Malmberg till Marbella"}]},{"@type":"WebSite","@id":"https:\/\/lightweb.dev\/l\/svm-temp\/#website","url":"https:\/\/lightweb.dev\/l\/svm-temp\/","name":"Svenska Magasinet","description":"Dina Spanska nyheter p&aring; Svenska","publisher":{"@id":"https:\/\/lightweb.dev\/l\/svm-temp\/#organization"},"potentialAction":[{"@type":"SearchAction","target":{"@type":"EntryPoint","urlTemplate":"https:\/\/lightweb.dev\/l\/svm-temp\/?s={search_term_string}"},"query-input":{"@type":"PropertyValueSpecification","valueRequired":true,"valueName":"search_term_string"}}],"inLanguage":"sv-SE"},{"@type":"Organization","@id":"https:\/\/lightweb.dev\/l\/svm-temp\/#organization","name":"Melkerson y Nott SL","alternateName":"Svenska Magasinet","url":"https:\/\/lightweb.dev\/l\/svm-temp\/","logo":{"@type":"ImageObject","inLanguage":"sv-SE","@id":"https:\/\/lightweb.dev\/l\/svm-temp\/#\/schema\/logo\/image\/","url":"https:\/\/lightweb.dev\/l\/svm-temp\/wp-content\/uploads\/2025\/02\/SvM-logo-Xtra-Centrerad-SVART.png","contentUrl":"https:\/\/lightweb.dev\/l\/svm-temp\/wp-content\/uploads\/2025\/02\/SvM-logo-Xtra-Centrerad-SVART.png","width":300,"height":99,"caption":"Melkerson y Nott SL"},"image":{"@id":"https:\/\/lightweb.dev\/l\/svm-temp\/#\/schema\/logo\/image\/"},"sameAs":["https:\/\/www.facebook.com\/svenskamagasinet","https:\/\/x.com\/SvenskaMagasine"]},{"@type":"Person","@id":"https:\/\/lightweb.dev\/l\/svm-temp\/#\/schema\/person\/206a3bda5b607b0c25e1749191e4d837","name":"Redaktionen SvM","description":"Redaktionen","sameAs":["https:\/\/lightweb.dev\/l\/svm-temp"],"url":"https:\/\/lightweb.dev\/l\/svm-temp\/reporter\/redaktionen\/"}]}},"_links":{"self":[{"href":"https:\/\/lightweb.dev\/l\/svm-temp\/wp-json\/wp\/v2\/posts\/4621","targetHints":{"allow":["GET"]}}],"collection":[{"href":"https:\/\/lightweb.dev\/l\/svm-temp\/wp-json\/wp\/v2\/posts"}],"about":[{"href":"https:\/\/lightweb.dev\/l\/svm-temp\/wp-json\/wp\/v2\/types\/post"}],"author":[{"embeddable":true,"href":"https:\/\/lightweb.dev\/l\/svm-temp\/wp-json\/wp\/v2\/users\/8"}],"replies":[{"embeddable":true,"href":"https:\/\/lightweb.dev\/l\/svm-temp\/wp-json\/wp\/v2\/comments?post=4621"}],"version-history":[{"count":0,"href":"https:\/\/lightweb.dev\/l\/svm-temp\/wp-json\/wp\/v2\/posts\/4621\/revisions"}],"wp:featuredmedia":[{"embeddable":true,"href":"https:\/\/lightweb.dev\/l\/svm-temp\/wp-json\/wp\/v2\/media\/4622"}],"wp:attachment":[{"href":"https:\/\/lightweb.dev\/l\/svm-temp\/wp-json\/wp\/v2\/media?parent=4621"}],"wp:term":[{"taxonomy":"category","embeddable":true,"href":"https:\/\/lightweb.dev\/l\/svm-temp\/wp-json\/wp\/v2\/categories?post=4621"},{"taxonomy":"post_tag","embeddable":true,"href":"https:\/\/lightweb.dev\/l\/svm-temp\/wp-json\/wp\/v2\/tags?post=4621"}],"curies":[{"name":"wp","href":"https:\/\/api.w.org\/{rel}","templated":true}]}}