{"id":4623,"date":"2014-04-09T00:00:00","date_gmt":"2014-04-08T22:00:00","guid":{"rendered":"https:\/\/lightweb.dev\/l\/svm-temp\/med-380-arter-ar-solkusten-ett-fagelparadis\/"},"modified":"2014-04-09T00:00:00","modified_gmt":"2014-04-08T22:00:00","slug":"med-380-arter-ar-solkusten-ett-fagelparadis","status":"publish","type":"post","link":"https:\/\/lightweb.dev\/l\/svm-temp\/artiklar\/med-380-arter-ar-solkusten-ett-fagelparadis\/","title":{"rendered":"Med 380 arter \u00e4r Solkusten ett f\u00e5gelparadis"},"content":{"rendered":"<p> Sydspanien \u00e4r ett f\u00e5gelparadis vilket g\u00f6r att provinsen M\u00e1laga satsar p\u00e5 ornitologisk turism. F\u00e5gelsk\u00e5dare lockas till Costa del Sol i allt st\u00f6rre antal och anl\u00e4nder under hela \u00e5ret f\u00f6r att \u201dkryssa\u201d och sk\u00e5da provinsens 380 registrerade arter. Hela Spanien har 569 registrerade arter och med det utg\u00f6r landet en huvuddestination f\u00f6r \u201dkryssarna\u201d. Av Ola Josefsson<br \/>\nFoto Lars H\u00f8jbjerg (bild 2, 3, 4, 9)<\/p>\n<p>Spaniens m\u00e5ngfald av ekosystem och l\u00e4get i Sydeuropa med n\u00e4rheten till Afrika g\u00f6r landet till ett paradis f\u00f6r f\u00e5gelsk\u00e5daren. Det finns flera biotoper p\u00e5 Costa del Sol och Costa Tropical som bidrar till bredden. Lagunen Charca de Su\u00e1rez vid Motril, bergskedjorna utmed kusten, jordbrukslandskapen, v\u00e5tmarker som rio Guadalhorces flodmynning, uddar som El Faro vid Mijas Costa och Sotogrande p\u00e5 gr\u00e4nsen till C\u00e1dizprovinsen \u00e4r bara n\u00e5gra av guldkornen.<\/p>\n<p>Det finns mer \u00e4n s\u00e5 och d\u00e5 t\u00e4nker jag p\u00e5 sj\u00f6arna vid Guadalteba norr om M\u00e1laga, lagunerna vid Campillos, bergskedjan vid Ca\u00f1ete la Real samt bergen vid Alcapara\u00edn och Aguas liksom Tajo del Molino och skogsomr\u00e5dena vid Orteg\u00edcar har ett rikt f\u00e5gelliv. Ronda-bergen som Sierra de las Nieves, Rio Grande och Grazalema \u00e4r suver\u00e4na platser f\u00f6r att sk\u00e5da f\u00e5gel.<br \/>\nDet finns allts\u00e5 m\u00e5nga sk\u00e4l till varf\u00f6r provinsstyrelsen i M\u00e1laga g\u00f6r en storsatsning p\u00e5 den ornitologiska turismen. Trots massturism har kusten flera bevarade naturomr\u00e5dena. Kusten \u00e4r ocks\u00e5 intressant fr\u00e5n en annan synvinkel; migration. Flyttf\u00e5glar p\u00e5 v\u00e4g mellan Afrika och Europa passerar s\u00f6dra Spanien.<\/p>\n<p>Provinsen M\u00e1laga har ett brett utbud av olika livsmilj\u00f6er f\u00f6r f\u00e5glar vilket g\u00f6r att det finns 380 olika arter registrerade. H\u00e4r finns olika biotoper, ekosystem och naturtyper som kustremsan som fungerar som en \u201dbro\u201d i kommunikationen nord-syd mellan Europa och Afrika f\u00f6r flyttf\u00e5glar.<br \/>\n\u201dDet \u00e4r en unik plats med m\u00e5nga milj\u00f6er vilket skapar en potential f\u00f6r ornitologisk turism\u201d s\u00e4ger Jacobo Florido vid provinsstyrelsens turistn\u00e4mnd.<br \/>\nI provinsen finns n\u00e5gra av de arter som beskrivs vara utrotningshotade. Det g\u00e4ller h\u00f6k\u00f6rn, kungs\u00f6rn, smutsgam och r\u00f6dfalk. <\/p>\n<p>Vid kustremsan hittar vi sj\u00f6f\u00e5glar som skrattm\u00e5s, medelhavstrut, svarthuvud m\u00e5s, r\u00f6dn\u00e4bbad trut, fiskt\u00e4rna, kentsk t\u00e4rna och sm\u00e5t\u00e4rna. En mycket fin plats att sk\u00e5da f\u00e5gel d\u00e4r myndigheterna har lagt ut g\u00e5ngd\u00e4ck \u00e4r flodmynningen r\u00edo Guadalhorce. Du hittar den mellan flygplatsen och det gamla svenskkvarteret Sacaba Beach i v\u00e4stra utkanten av M\u00e1laga stad.<br \/>\nOmr\u00e5det best\u00e5r av v\u00e5tmarker och h\u00e4r hittar du gr\u00e4sand, snatterand, vadare, k\u00e4rrsn\u00e4ppa, storspov, strandpipare och styltl\u00f6pare bland annat.<\/p>\n<p>\u00c4ven inne i st\u00e4derna kan du se mycket f\u00e5gel. St\u00e4der erbjuder inte bara tak (l\u00e4s skugga) f\u00f6r f\u00e5glar utan \u00e4r \u00e4ven h\u00e4ckningsplatser. H\u00e4r finns mat, \u00f6vernattningsplatser och font\u00e4ner som ger vatten under torra sommarm\u00e5nader. Till kyrkor, palats, borgar eller st\u00f6rre byggnader s\u00f6ker sig r\u00f6dfalk, ladusvala, tornseglare och gr\u00e5sparvar bland annat.<br \/>\nI stadsparker och utmed breda boulevarder, dammar, vattenreservoarer, fiske- och fritidshamnar ser du sj\u00f6f\u00e5glar som m\u00e5sar och t\u00e4rnor.<\/p>\n<p>Ger du dig upp i bergen kan du se arter som bi\u00e4tare, st\u00f6rre hackspett, svartmes, g\u00e4rdsmyg, gr\u00f6nsiska, mindre korsn\u00e4bb och den vackra r\u00f6dhaken. Du kan ocks\u00e5 f\u00e5 se kungs\u00f6rn, dv\u00e4rg\u00f6rn, h\u00f6k\u00f6rn, brun glada, ormvr\u00e5k, duvh\u00f6k, sparvh\u00f6k och min egen personliga favorit; orm\u00f6rnen som k\u00e4kar ormar och kr\u00e4ldjur som vi m\u00e4nniskor k\u00e4kar spagetti&#8230;<br \/>\nDet finns \u00e4ven nattf\u00e5glar som kan vara sv\u00e5ra att uppt\u00e4cka som berguv, tornuggla, kattuggla och minervauggla som finns i skogsbekl\u00e4dda bergstrakter.<br \/>\n  Antalet f\u00e5gelsk\u00e5dare \u00f6kar och i dagsl\u00e4get finns det enbart i Europa tio miljoner m\u00e4nniskor som reser f\u00f6r att sk\u00e5da f\u00e5gel. Storbritannien, Nederl\u00e4nderna och Tyskland har flest \u201df\u00e5gel-resen\u00e4rer\u201d enligt uppgifter fr\u00e5n V\u00e4rldsturistorganisationen, UNWTO.<br \/>\nEnligt statssekreteraren inom turism, Isabel Borrego, \u00e4r det 50.000 turister fr\u00e5n europeiska l\u00e4nder som bes\u00f6ker Spanien varje \u00e5r f\u00f6r att sk\u00e5da f\u00e5gel. Flest kommer fr\u00e5n Storbritannien. \u201dF\u00e5gel-resen\u00e4ren\u201d har en medelstor k\u00f6pkraft och spenderar tusen euro i veckan. De reser till olika omr\u00e5den under alla \u00e5rstider.<\/p>\n<p>Det stora intresset f\u00f6r Solkusten och Sydspanien har gjort att provinsstyrelsen (Diputaci\u00f3n de M\u00e1laga) nyligen skapade webbplatsen malagabirding.com f\u00f6r att erbjuda information till f\u00e5gelsk\u00e5dare. H\u00e4r finns en omfattande information om utsiktsplatser, tj\u00e4nster, livsmilj\u00f6er f\u00f6r f\u00e5glar, registrerade arter och en uppdaterad kartl\u00e4ggning.<br \/>\nWebbplatsen inneh\u00e5ller ett forum eller m\u00f6tesplats f\u00f6r \u201df\u00e5gelsk\u00e5dare\u201d som kan utbyta information, publicera bilder och diskutera iakttagelser.<\/p>\n<p>I h\u00f6stas bes\u00f6kte Tim Appleton fr\u00e5n British Birdwatching Fair (Birdfair) och redakt\u00f6ren f\u00f6r den ansedda tidskriften Birdwatching, Mathew Merrit, provinsen M\u00e1laga och de beskrev provinsen som en plats med \u201dgoda f\u00f6ruts\u00e4ttningar\u201d. Fuente de Piedra, norr om M\u00e1laga, \u00e4r redan k\u00e4nd i Europa f\u00f6r sin stora koloni av flamingos fr\u00e5n april till oktober.<\/p>\n<p>F\u00e5geln som f\u00e5r ornitologer att resa till Costa Tropical<br \/>\nSpecialister och f\u00e5gelsk\u00e5dare fr\u00e5n hela v\u00e4rlden flockas till v\u00e5tmarkerna i de s\u00f6dra delarna av Iberiska halv\u00f6n f\u00f6r att \u201dkryssa\u201d och spana in den ovanliga kamsoth\u00f6nan (Fulica cristata).<br \/>\nInte mindre \u00e4n fyra par har observerats i lagunen Charca de Su\u00e1rez som ligger vid stranden playa de Poniente i Motril. Arten tillh\u00f6r familjen rallar som f\u00f6rekommer fr\u00e5n Iberiska halv\u00f6n till Sydafrika och Madagaskar och den lever i f\u00e4rskvattensbiotoper som sj\u00f6ar och dammar.<br \/>\nJournalisten Juan Enrique G\u00f3mez skriver i dagstidningen Ideal att m\u00e5nga reser tusentals kilometer f\u00f6r att se den ovanliga f\u00e5geln som finns i vissa dammar eller laguner i s\u00f6dra Europa och norra Afrika.<br \/>\nKamsoth\u00f6nan har tidigare observerats i Marismas del Odiel i Huelva, Ca\u00f1ada de los P\u00e1jaros vid Guadalquivir samt i lagunen Charca de Su\u00e1rez i Motril och Laguna de Cerrillos i Roquetas de Mar vid Almer\u00eda.<\/p>\n<p>App hj\u00e4lper till att identifiera 563 f\u00e5gelarter<br \/>\nStiftelsen Fundaci\u00f3n BBVA och SEO\/BirdLife har lanserat en ny gratis applikation f\u00f6r programmen iOS och Android som ska ge information om 563 f\u00e5gelarter. Den inneh\u00e5ller 200 filmer och 300 inspelade l\u00e4ten plus m\u00e4ngder av kartor.<br \/>\nH\u00e4r finns m\u00e4ngder av tips p\u00e5 f\u00e5gelomr\u00e5den i Spanien. Det \u00e4r den mest helt\u00e4ckande guiden i Spanien avsedd f\u00f6r mobila enheter.<br \/>\nDen digitala version \u00e4r: enciclopediadelasaves.es<\/p>\n<p>Bes\u00f6k turistm\u00e4ssa f\u00f6r f\u00e5gelsk\u00e5dare<br \/>\nFIO (Feria Internacional de Turismo Ornitol\u00f3gico) i Extremadura \u00e4r den mest omfattande m\u00e4ssan inom ornitologisk turism i Spanien. N\u00e4r m\u00e4ssan nyligen h\u00f6ll var det 50 utst\u00e4llare p\u00e5 plats och 10.000 bes\u00f6kare.<br \/>\nFIO n\u00e4ra nationalparken och det ansedda f\u00e5gelparadiset Monfrag\u00fce. M\u00e1lagaprovinsens turistansvarige var p\u00e5 plats f\u00f6r att presentera den nya webbplatsen birdingmalaga.com och f\u00f6r att marknadsf\u00f6ra Guadalhorce-dalen.<br \/>\n\u201dProvinsen M\u00e1laga har den st\u00f6rsta koncentrationen av rovf\u00e5glar i hela Europa\u201d sa Jacobo Florido fr\u00e5n provinsstyrelsen.<br \/>\nVid Gibraltar sund finns en av de st\u00f6rsta korridorerna n\u00e4r flyttf\u00e5glar tar sig mellan Europa och Afrika.<\/p>\n","protected":false},"excerpt":{"rendered":"<p>Sydspanien \u00e4r ett f\u00e5gelparadis vilket g\u00f6r att provinsen M\u00e1laga satsar p\u00e5 ornitologisk turism. F\u00e5gelsk\u00e5dare lockas till Costa del Sol i allt st\u00f6rre antal och anl\u00e4nder under hela \u00e5ret f\u00f6r att \u201dkryssa\u201d och sk\u00e5da provinsens 380 registrerade arter. Hela Spanien har 569 registrerade arter och med det utg\u00f6r landet en huvuddestination f\u00f6r \u201dkryssarna\u201d. Av Ola Josefsson [&hellip;]<\/p>\n","protected":false},"author":8,"featured_media":4624,"comment_status":"open","ping_status":"open","sticky":false,"template":"","format":"standard","meta":{"_et_pb_use_builder":"","_et_pb_old_content":"","_et_gb_content_width":"","footnotes":""},"categories":[396,4],"tags":[],"class_list":["post-4623","post","type-post","status-publish","format-standard","has-post-thumbnail","hentry","category-arkiv-artiklar","category-artiklar"],"yoast_head":"<!-- This site is optimized with the Yoast SEO Premium plugin v26.2 (Yoast SEO v27.4) - https:\/\/yoast.com\/product\/yoast-seo-premium-wordpress\/ -->\n<title>Med 380 arter \u00e4r Solkusten ett f\u00e5gelparadis - Svenska Magasinet<\/title>\n<meta name=\"robots\" content=\"noindex, follow, max-snippet:-1, max-image-preview:large, max-video-preview:-1\" \/>\n<meta property=\"og:locale\" content=\"sv_SE\" \/>\n<meta property=\"og:type\" content=\"article\" \/>\n<meta property=\"og:title\" content=\"Med 380 arter \u00e4r Solkusten ett f\u00e5gelparadis\" \/>\n<meta property=\"og:description\" content=\"Sydspanien \u00e4r ett f\u00e5gelparadis vilket g\u00f6r att provinsen M\u00e1laga satsar p\u00e5 ornitologisk turism. F\u00e5gelsk\u00e5dare lockas till Costa del Sol i allt st\u00f6rre antal och anl\u00e4nder under hela \u00e5ret f\u00f6r att \u201dkryssa\u201d och sk\u00e5da provinsens 380 registrerade arter. Hela Spanien har 569 registrerade arter och med det utg\u00f6r landet en huvuddestination f\u00f6r \u201dkryssarna\u201d. Av Ola Josefsson [&hellip;]\" \/>\n<meta property=\"og:url\" content=\"https:\/\/lightweb.dev\/l\/svm-temp\/artiklar\/med-380-arter-ar-solkusten-ett-fagelparadis\/\" \/>\n<meta property=\"og:site_name\" content=\"Svenska Magasinet\" \/>\n<meta property=\"article:publisher\" content=\"https:\/\/www.facebook.com\/svenskamagasinet\" \/>\n<meta property=\"article:published_time\" content=\"2014-04-08T22:00:00+00:00\" \/>\n<meta property=\"og:image\" content=\"https:\/\/lightweb.dev\/l\/svm-temp\/wp-content\/uploads\/2022\/04\/med-380-arter-r-solkusten-ett-fgelparadis.png\" \/>\n\t<meta property=\"og:image:width\" content=\"329\" \/>\n\t<meta property=\"og:image:height\" content=\"200\" \/>\n\t<meta property=\"og:image:type\" content=\"image\/png\" \/>\n<meta name=\"author\" content=\"Redaktionen SvM\" \/>\n<meta name=\"twitter:card\" content=\"summary_large_image\" \/>\n<meta name=\"twitter:creator\" content=\"@SvenskaMagasine\" \/>\n<meta name=\"twitter:site\" content=\"@SvenskaMagasine\" \/>\n<script type=\"application\/ld+json\" class=\"yoast-schema-graph\">{\"@context\":\"https:\\\/\\\/schema.org\",\"@graph\":[{\"@type\":\"Article\",\"@id\":\"https:\\\/\\\/lightweb.dev\\\/l\\\/svm-temp\\\/artiklar\\\/med-380-arter-ar-solkusten-ett-fagelparadis\\\/#article\",\"isPartOf\":{\"@id\":\"https:\\\/\\\/lightweb.dev\\\/l\\\/svm-temp\\\/artiklar\\\/med-380-arter-ar-solkusten-ett-fagelparadis\\\/\"},\"author\":{\"name\":\"Redaktionen SvM\",\"@id\":\"https:\\\/\\\/lightweb.dev\\\/l\\\/svm-temp\\\/#\\\/schema\\\/person\\\/206a3bda5b607b0c25e1749191e4d837\"},\"headline\":\"Med 380 arter \u00e4r Solkusten ett f\u00e5gelparadis\",\"datePublished\":\"2014-04-08T22:00:00+00:00\",\"mainEntityOfPage\":{\"@id\":\"https:\\\/\\\/lightweb.dev\\\/l\\\/svm-temp\\\/artiklar\\\/med-380-arter-ar-solkusten-ett-fagelparadis\\\/\"},\"wordCount\":1266,\"commentCount\":0,\"publisher\":{\"@id\":\"https:\\\/\\\/lightweb.dev\\\/l\\\/svm-temp\\\/#organization\"},\"image\":{\"@id\":\"https:\\\/\\\/lightweb.dev\\\/l\\\/svm-temp\\\/artiklar\\\/med-380-arter-ar-solkusten-ett-fagelparadis\\\/#primaryimage\"},\"thumbnailUrl\":\"https:\\\/\\\/lightweb.dev\\\/l\\\/svm-temp\\\/wp-content\\\/uploads\\\/2022\\\/04\\\/med-380-arter-r-solkusten-ett-fgelparadis.png\",\"articleSection\":[\"Arkiv\",\"Artiklar\"],\"inLanguage\":\"sv-SE\"},{\"@type\":\"WebPage\",\"@id\":\"https:\\\/\\\/lightweb.dev\\\/l\\\/svm-temp\\\/artiklar\\\/med-380-arter-ar-solkusten-ett-fagelparadis\\\/\",\"url\":\"https:\\\/\\\/lightweb.dev\\\/l\\\/svm-temp\\\/artiklar\\\/med-380-arter-ar-solkusten-ett-fagelparadis\\\/\",\"name\":\"Med 380 arter \u00e4r Solkusten ett f\u00e5gelparadis - Svenska Magasinet\",\"isPartOf\":{\"@id\":\"https:\\\/\\\/lightweb.dev\\\/l\\\/svm-temp\\\/#website\"},\"primaryImageOfPage\":{\"@id\":\"https:\\\/\\\/lightweb.dev\\\/l\\\/svm-temp\\\/artiklar\\\/med-380-arter-ar-solkusten-ett-fagelparadis\\\/#primaryimage\"},\"image\":{\"@id\":\"https:\\\/\\\/lightweb.dev\\\/l\\\/svm-temp\\\/artiklar\\\/med-380-arter-ar-solkusten-ett-fagelparadis\\\/#primaryimage\"},\"thumbnailUrl\":\"https:\\\/\\\/lightweb.dev\\\/l\\\/svm-temp\\\/wp-content\\\/uploads\\\/2022\\\/04\\\/med-380-arter-r-solkusten-ett-fgelparadis.png\",\"datePublished\":\"2014-04-08T22:00:00+00:00\",\"breadcrumb\":{\"@id\":\"https:\\\/\\\/lightweb.dev\\\/l\\\/svm-temp\\\/artiklar\\\/med-380-arter-ar-solkusten-ett-fagelparadis\\\/#breadcrumb\"},\"inLanguage\":\"sv-SE\",\"potentialAction\":[{\"@type\":\"ReadAction\",\"target\":[\"https:\\\/\\\/lightweb.dev\\\/l\\\/svm-temp\\\/artiklar\\\/med-380-arter-ar-solkusten-ett-fagelparadis\\\/\"]}]},{\"@type\":\"ImageObject\",\"inLanguage\":\"sv-SE\",\"@id\":\"https:\\\/\\\/lightweb.dev\\\/l\\\/svm-temp\\\/artiklar\\\/med-380-arter-ar-solkusten-ett-fagelparadis\\\/#primaryimage\",\"url\":\"https:\\\/\\\/lightweb.dev\\\/l\\\/svm-temp\\\/wp-content\\\/uploads\\\/2022\\\/04\\\/med-380-arter-r-solkusten-ett-fgelparadis.png\",\"contentUrl\":\"https:\\\/\\\/lightweb.dev\\\/l\\\/svm-temp\\\/wp-content\\\/uploads\\\/2022\\\/04\\\/med-380-arter-r-solkusten-ett-fgelparadis.png\",\"width\":329,\"height\":200},{\"@type\":\"BreadcrumbList\",\"@id\":\"https:\\\/\\\/lightweb.dev\\\/l\\\/svm-temp\\\/artiklar\\\/med-380-arter-ar-solkusten-ett-fagelparadis\\\/#breadcrumb\",\"itemListElement\":[{\"@type\":\"ListItem\",\"position\":1,\"name\":\"Hem\",\"item\":\"https:\\\/\\\/lightweb.dev\\\/l\\\/svm-temp\\\/\"},{\"@type\":\"ListItem\",\"position\":2,\"name\":\"Med 380 arter \u00e4r Solkusten ett f\u00e5gelparadis\"}]},{\"@type\":\"WebSite\",\"@id\":\"https:\\\/\\\/lightweb.dev\\\/l\\\/svm-temp\\\/#website\",\"url\":\"https:\\\/\\\/lightweb.dev\\\/l\\\/svm-temp\\\/\",\"name\":\"Svenska Magasinet\",\"description\":\"Dina Spanska nyheter p&aring; Svenska\",\"publisher\":{\"@id\":\"https:\\\/\\\/lightweb.dev\\\/l\\\/svm-temp\\\/#organization\"},\"potentialAction\":[{\"@type\":\"SearchAction\",\"target\":{\"@type\":\"EntryPoint\",\"urlTemplate\":\"https:\\\/\\\/lightweb.dev\\\/l\\\/svm-temp\\\/?s={search_term_string}\"},\"query-input\":{\"@type\":\"PropertyValueSpecification\",\"valueRequired\":true,\"valueName\":\"search_term_string\"}}],\"inLanguage\":\"sv-SE\"},{\"@type\":\"Organization\",\"@id\":\"https:\\\/\\\/lightweb.dev\\\/l\\\/svm-temp\\\/#organization\",\"name\":\"Melkerson y Nott SL\",\"alternateName\":\"Svenska Magasinet\",\"url\":\"https:\\\/\\\/lightweb.dev\\\/l\\\/svm-temp\\\/\",\"logo\":{\"@type\":\"ImageObject\",\"inLanguage\":\"sv-SE\",\"@id\":\"https:\\\/\\\/lightweb.dev\\\/l\\\/svm-temp\\\/#\\\/schema\\\/logo\\\/image\\\/\",\"url\":\"https:\\\/\\\/lightweb.dev\\\/l\\\/svm-temp\\\/wp-content\\\/uploads\\\/2025\\\/02\\\/SvM-logo-Xtra-Centrerad-SVART.png\",\"contentUrl\":\"https:\\\/\\\/lightweb.dev\\\/l\\\/svm-temp\\\/wp-content\\\/uploads\\\/2025\\\/02\\\/SvM-logo-Xtra-Centrerad-SVART.png\",\"width\":300,\"height\":99,\"caption\":\"Melkerson y Nott SL\"},\"image\":{\"@id\":\"https:\\\/\\\/lightweb.dev\\\/l\\\/svm-temp\\\/#\\\/schema\\\/logo\\\/image\\\/\"},\"sameAs\":[\"https:\\\/\\\/www.facebook.com\\\/svenskamagasinet\",\"https:\\\/\\\/x.com\\\/SvenskaMagasine\"]},{\"@type\":\"Person\",\"@id\":\"https:\\\/\\\/lightweb.dev\\\/l\\\/svm-temp\\\/#\\\/schema\\\/person\\\/206a3bda5b607b0c25e1749191e4d837\",\"name\":\"Redaktionen SvM\",\"description\":\"Redaktionen\",\"sameAs\":[\"https:\\\/\\\/lightweb.dev\\\/l\\\/svm-temp\"],\"url\":\"https:\\\/\\\/lightweb.dev\\\/l\\\/svm-temp\\\/reporter\\\/redaktionen\\\/\"}]}<\/script>\n<!-- \/ Yoast SEO Premium plugin. -->","yoast_head_json":{"title":"Med 380 arter \u00e4r Solkusten ett f\u00e5gelparadis - Svenska Magasinet","robots":{"index":"noindex","follow":"follow","max-snippet":"max-snippet:-1","max-image-preview":"max-image-preview:large","max-video-preview":"max-video-preview:-1"},"og_locale":"sv_SE","og_type":"article","og_title":"Med 380 arter \u00e4r Solkusten ett f\u00e5gelparadis","og_description":"Sydspanien \u00e4r ett f\u00e5gelparadis vilket g\u00f6r att provinsen M\u00e1laga satsar p\u00e5 ornitologisk turism. F\u00e5gelsk\u00e5dare lockas till Costa del Sol i allt st\u00f6rre antal och anl\u00e4nder under hela \u00e5ret f\u00f6r att \u201dkryssa\u201d och sk\u00e5da provinsens 380 registrerade arter. Hela Spanien har 569 registrerade arter och med det utg\u00f6r landet en huvuddestination f\u00f6r \u201dkryssarna\u201d. Av Ola Josefsson [&hellip;]","og_url":"https:\/\/lightweb.dev\/l\/svm-temp\/artiklar\/med-380-arter-ar-solkusten-ett-fagelparadis\/","og_site_name":"Svenska Magasinet","article_publisher":"https:\/\/www.facebook.com\/svenskamagasinet","article_published_time":"2014-04-08T22:00:00+00:00","og_image":[{"width":329,"height":200,"url":"https:\/\/lightweb.dev\/l\/svm-temp\/wp-content\/uploads\/2022\/04\/med-380-arter-r-solkusten-ett-fgelparadis.png","type":"image\/png"}],"author":"Redaktionen SvM","twitter_card":"summary_large_image","twitter_creator":"@SvenskaMagasine","twitter_site":"@SvenskaMagasine","schema":{"@context":"https:\/\/schema.org","@graph":[{"@type":"Article","@id":"https:\/\/lightweb.dev\/l\/svm-temp\/artiklar\/med-380-arter-ar-solkusten-ett-fagelparadis\/#article","isPartOf":{"@id":"https:\/\/lightweb.dev\/l\/svm-temp\/artiklar\/med-380-arter-ar-solkusten-ett-fagelparadis\/"},"author":{"name":"Redaktionen SvM","@id":"https:\/\/lightweb.dev\/l\/svm-temp\/#\/schema\/person\/206a3bda5b607b0c25e1749191e4d837"},"headline":"Med 380 arter \u00e4r Solkusten ett f\u00e5gelparadis","datePublished":"2014-04-08T22:00:00+00:00","mainEntityOfPage":{"@id":"https:\/\/lightweb.dev\/l\/svm-temp\/artiklar\/med-380-arter-ar-solkusten-ett-fagelparadis\/"},"wordCount":1266,"commentCount":0,"publisher":{"@id":"https:\/\/lightweb.dev\/l\/svm-temp\/#organization"},"image":{"@id":"https:\/\/lightweb.dev\/l\/svm-temp\/artiklar\/med-380-arter-ar-solkusten-ett-fagelparadis\/#primaryimage"},"thumbnailUrl":"https:\/\/lightweb.dev\/l\/svm-temp\/wp-content\/uploads\/2022\/04\/med-380-arter-r-solkusten-ett-fgelparadis.png","articleSection":["Arkiv","Artiklar"],"inLanguage":"sv-SE"},{"@type":"WebPage","@id":"https:\/\/lightweb.dev\/l\/svm-temp\/artiklar\/med-380-arter-ar-solkusten-ett-fagelparadis\/","url":"https:\/\/lightweb.dev\/l\/svm-temp\/artiklar\/med-380-arter-ar-solkusten-ett-fagelparadis\/","name":"Med 380 arter \u00e4r Solkusten ett f\u00e5gelparadis - Svenska Magasinet","isPartOf":{"@id":"https:\/\/lightweb.dev\/l\/svm-temp\/#website"},"primaryImageOfPage":{"@id":"https:\/\/lightweb.dev\/l\/svm-temp\/artiklar\/med-380-arter-ar-solkusten-ett-fagelparadis\/#primaryimage"},"image":{"@id":"https:\/\/lightweb.dev\/l\/svm-temp\/artiklar\/med-380-arter-ar-solkusten-ett-fagelparadis\/#primaryimage"},"thumbnailUrl":"https:\/\/lightweb.dev\/l\/svm-temp\/wp-content\/uploads\/2022\/04\/med-380-arter-r-solkusten-ett-fgelparadis.png","datePublished":"2014-04-08T22:00:00+00:00","breadcrumb":{"@id":"https:\/\/lightweb.dev\/l\/svm-temp\/artiklar\/med-380-arter-ar-solkusten-ett-fagelparadis\/#breadcrumb"},"inLanguage":"sv-SE","potentialAction":[{"@type":"ReadAction","target":["https:\/\/lightweb.dev\/l\/svm-temp\/artiklar\/med-380-arter-ar-solkusten-ett-fagelparadis\/"]}]},{"@type":"ImageObject","inLanguage":"sv-SE","@id":"https:\/\/lightweb.dev\/l\/svm-temp\/artiklar\/med-380-arter-ar-solkusten-ett-fagelparadis\/#primaryimage","url":"https:\/\/lightweb.dev\/l\/svm-temp\/wp-content\/uploads\/2022\/04\/med-380-arter-r-solkusten-ett-fgelparadis.png","contentUrl":"https:\/\/lightweb.dev\/l\/svm-temp\/wp-content\/uploads\/2022\/04\/med-380-arter-r-solkusten-ett-fgelparadis.png","width":329,"height":200},{"@type":"BreadcrumbList","@id":"https:\/\/lightweb.dev\/l\/svm-temp\/artiklar\/med-380-arter-ar-solkusten-ett-fagelparadis\/#breadcrumb","itemListElement":[{"@type":"ListItem","position":1,"name":"Hem","item":"https:\/\/lightweb.dev\/l\/svm-temp\/"},{"@type":"ListItem","position":2,"name":"Med 380 arter \u00e4r Solkusten ett f\u00e5gelparadis"}]},{"@type":"WebSite","@id":"https:\/\/lightweb.dev\/l\/svm-temp\/#website","url":"https:\/\/lightweb.dev\/l\/svm-temp\/","name":"Svenska Magasinet","description":"Dina Spanska nyheter p&aring; Svenska","publisher":{"@id":"https:\/\/lightweb.dev\/l\/svm-temp\/#organization"},"potentialAction":[{"@type":"SearchAction","target":{"@type":"EntryPoint","urlTemplate":"https:\/\/lightweb.dev\/l\/svm-temp\/?s={search_term_string}"},"query-input":{"@type":"PropertyValueSpecification","valueRequired":true,"valueName":"search_term_string"}}],"inLanguage":"sv-SE"},{"@type":"Organization","@id":"https:\/\/lightweb.dev\/l\/svm-temp\/#organization","name":"Melkerson y Nott SL","alternateName":"Svenska Magasinet","url":"https:\/\/lightweb.dev\/l\/svm-temp\/","logo":{"@type":"ImageObject","inLanguage":"sv-SE","@id":"https:\/\/lightweb.dev\/l\/svm-temp\/#\/schema\/logo\/image\/","url":"https:\/\/lightweb.dev\/l\/svm-temp\/wp-content\/uploads\/2025\/02\/SvM-logo-Xtra-Centrerad-SVART.png","contentUrl":"https:\/\/lightweb.dev\/l\/svm-temp\/wp-content\/uploads\/2025\/02\/SvM-logo-Xtra-Centrerad-SVART.png","width":300,"height":99,"caption":"Melkerson y Nott SL"},"image":{"@id":"https:\/\/lightweb.dev\/l\/svm-temp\/#\/schema\/logo\/image\/"},"sameAs":["https:\/\/www.facebook.com\/svenskamagasinet","https:\/\/x.com\/SvenskaMagasine"]},{"@type":"Person","@id":"https:\/\/lightweb.dev\/l\/svm-temp\/#\/schema\/person\/206a3bda5b607b0c25e1749191e4d837","name":"Redaktionen SvM","description":"Redaktionen","sameAs":["https:\/\/lightweb.dev\/l\/svm-temp"],"url":"https:\/\/lightweb.dev\/l\/svm-temp\/reporter\/redaktionen\/"}]}},"_links":{"self":[{"href":"https:\/\/lightweb.dev\/l\/svm-temp\/wp-json\/wp\/v2\/posts\/4623","targetHints":{"allow":["GET"]}}],"collection":[{"href":"https:\/\/lightweb.dev\/l\/svm-temp\/wp-json\/wp\/v2\/posts"}],"about":[{"href":"https:\/\/lightweb.dev\/l\/svm-temp\/wp-json\/wp\/v2\/types\/post"}],"author":[{"embeddable":true,"href":"https:\/\/lightweb.dev\/l\/svm-temp\/wp-json\/wp\/v2\/users\/8"}],"replies":[{"embeddable":true,"href":"https:\/\/lightweb.dev\/l\/svm-temp\/wp-json\/wp\/v2\/comments?post=4623"}],"version-history":[{"count":0,"href":"https:\/\/lightweb.dev\/l\/svm-temp\/wp-json\/wp\/v2\/posts\/4623\/revisions"}],"wp:featuredmedia":[{"embeddable":true,"href":"https:\/\/lightweb.dev\/l\/svm-temp\/wp-json\/wp\/v2\/media\/4624"}],"wp:attachment":[{"href":"https:\/\/lightweb.dev\/l\/svm-temp\/wp-json\/wp\/v2\/media?parent=4623"}],"wp:term":[{"taxonomy":"category","embeddable":true,"href":"https:\/\/lightweb.dev\/l\/svm-temp\/wp-json\/wp\/v2\/categories?post=4623"},{"taxonomy":"post_tag","embeddable":true,"href":"https:\/\/lightweb.dev\/l\/svm-temp\/wp-json\/wp\/v2\/tags?post=4623"}],"curies":[{"name":"wp","href":"https:\/\/api.w.org\/{rel}","templated":true}]}}