{"id":4627,"date":"2014-03-12T00:00:00","date_gmt":"2014-03-11T23:00:00","guid":{"rendered":"https:\/\/lightweb.dev\/l\/svm-temp\/kara-lasare-varkanslor\/"},"modified":"2022-10-23T11:54:14","modified_gmt":"2022-10-23T09:54:14","slug":"kara-lasare-varkanslor","status":"publish","type":"post","link":"https:\/\/lightweb.dev\/l\/svm-temp\/artiklar\/kara-lasare-varkanslor\/","title":{"rendered":"K\u00e4ra l\u00e4sare &#8211; v\u00e5rk\u00e4nslor!"},"content":{"rendered":"<p>Det ligger i luften! S\u00e4songsskillnaderna mellan att bo i Sverige och Spanien \u00e4r f\u00f6rst\u00e5s stora, \u00e4ven om \u00f6verg\u00e5ngen mellan vinter till v\u00e5r i Spanien \u00e4r t\u00e4mligen sm\u00e5. Av Anders Rosell<\/p>\n<p>Solen blir varmare, v\u00e4xtlivet tar fart igen och pl\u00f6tsligt prunkar det i varje h\u00f6rna av tr\u00e4dg\u00e5rden. F\u00e4rg, f\u00e4rg och mer f\u00e4rg. H\u00e4rligt! Att vi ens skulle beh\u00f6va sommartid h\u00e4r i Spanien k\u00e4nns ibland lite ironiskt, men vem s\u00e4ger nej tack till ljusare och l\u00e4ngre dagar och mer sommar? Inte jag! Det k\u00e4nns ocks\u00e5 som ett privilegie att f\u00e5 ha en s\u00e5 h\u00e4r l\u00e5ng v\u00e5r, det ger tid att riktigt njuta av \u00e5rstiden och d\u00e4rmed f\u00e5 l\u00e4ngta till sommarens heta m\u00e5nader, sena grillkv\u00e4llar och svalkande pooldopp. Det \u00e4r v\u00e5rk\u00e4nslor nu!<\/p>\n<p>REKORD! Spanien satte nytt pr\u00e4ktigt turistrekord under fjol\u00e5ret med 60,6 miljoner. Runt tio miljoner turister v\u00e4ntas till Solkusten under 2014. Gamla dagars charterresa \u00e4r p\u00e5 v\u00e4g tillbaka i ett nytt koncept. Under vinterhalv\u00e5ret kom tre tusen nordiska resen\u00e4rer till Torremolinos.<br \/>\nL\u00e4s Olas artikel om charteresorna som \u00f6kar till Solkusten p\u00e5 sidan 22.<\/p>\n<p>SKRATTKRAMP! Babben Larsson \u00e4r i ropet med fredagsunderh\u00e5llning i tv och teater i Uppsala. I h\u00f6st kommer en av Sveriges mest folkk\u00e4ra artister till Marbella tillsammans med Adde Malmberg. D\u00e5 v\u00e4ntar stand up i svenskkolonin &#8211; och skrattkramp!<br \/>\nL\u00e4s om Babben Larsson p\u00e5 sidan 20!<\/p>\n<p>SVENSKA KYRKAN P\u00c5 SOLKUSTEN! Kyrkokommitt\u00e9n i Fuengirola hoppas kunna bli en f\u00f6rsamling igen med avl\u00f6nad pr\u00e4st fr\u00e5n Sverige. Nyligen bes\u00f6kte representanter fr\u00e5n SKUT Costa del Sol f\u00f6r att se hur behoven har f\u00f6r\u00e4ndrats sedan 2011 d\u00e5 beslutet om nedl\u00e4ggning kom. L\u00e4s artikeln p\u00e5 sidan 30.<br \/>\nOch s\u00e5 mycket mer, f\u00f6rst\u00e5s.<\/p>\n<p>Trevlig l\u00e4sning!<\/p>\n","protected":false},"excerpt":{"rendered":"<p>Det ligger i luften! S\u00e4songsskillnaderna mellan att bo i Sverige och Spanien \u00e4r f\u00f6rst\u00e5s stora, \u00e4ven om \u00f6verg\u00e5ngen mellan vinter till v\u00e5r i Spanien \u00e4r t\u00e4mligen sm\u00e5. Av Anders Rosell Solen blir varmare, v\u00e4xtlivet tar fart igen och pl\u00f6tsligt prunkar det i varje h\u00f6rna av tr\u00e4dg\u00e5rden. F\u00e4rg, f\u00e4rg och mer f\u00e4rg. H\u00e4rligt! Att vi ens [&hellip;]<\/p>\n","protected":false},"author":8,"featured_media":58572,"comment_status":"open","ping_status":"open","sticky":false,"template":"","format":"standard","meta":{"_et_pb_use_builder":"","_et_pb_old_content":"","_et_gb_content_width":"","footnotes":""},"categories":[4,397],"tags":[],"class_list":["post-4627","post","type-post","status-publish","format-standard","has-post-thumbnail","hentry","category-artiklar","category-ledare"],"yoast_head":"<!-- This site is optimized with the Yoast SEO Premium plugin v26.2 (Yoast SEO v27.4) - https:\/\/yoast.com\/product\/yoast-seo-premium-wordpress\/ -->\n<title>K\u00e4ra l\u00e4sare - v\u00e5rk\u00e4nslor! - Svenska Magasinet<\/title>\n<meta name=\"robots\" content=\"noindex, follow, max-snippet:-1, max-image-preview:large, max-video-preview:-1\" \/>\n<meta property=\"og:locale\" content=\"sv_SE\" \/>\n<meta property=\"og:type\" content=\"article\" \/>\n<meta property=\"og:title\" content=\"K\u00e4ra l\u00e4sare - v\u00e5rk\u00e4nslor!\" \/>\n<meta property=\"og:description\" content=\"Det ligger i luften! S\u00e4songsskillnaderna mellan att bo i Sverige och Spanien \u00e4r f\u00f6rst\u00e5s stora, \u00e4ven om \u00f6verg\u00e5ngen mellan vinter till v\u00e5r i Spanien \u00e4r t\u00e4mligen sm\u00e5. Av Anders Rosell Solen blir varmare, v\u00e4xtlivet tar fart igen och pl\u00f6tsligt prunkar det i varje h\u00f6rna av tr\u00e4dg\u00e5rden. F\u00e4rg, f\u00e4rg och mer f\u00e4rg. H\u00e4rligt! Att vi ens [&hellip;]\" \/>\n<meta property=\"og:url\" content=\"https:\/\/lightweb.dev\/l\/svm-temp\/artiklar\/kara-lasare-varkanslor\/\" \/>\n<meta property=\"og:site_name\" content=\"Svenska Magasinet\" \/>\n<meta property=\"article:publisher\" content=\"https:\/\/www.facebook.com\/svenskamagasinet\" \/>\n<meta property=\"article:published_time\" content=\"2014-03-11T23:00:00+00:00\" \/>\n<meta property=\"article:modified_time\" content=\"2022-10-23T09:54:14+00:00\" \/>\n<meta property=\"og:image\" content=\"https:\/\/lightweb.dev\/l\/svm-temp\/wp-content\/uploads\/2021\/03\/coffee-gd09340dec_1920.jpg\" \/>\n\t<meta property=\"og:image:width\" content=\"1920\" \/>\n\t<meta property=\"og:image:height\" content=\"1280\" \/>\n\t<meta property=\"og:image:type\" content=\"image\/jpeg\" \/>\n<meta name=\"author\" content=\"Redaktionen SvM\" \/>\n<meta name=\"twitter:card\" content=\"summary_large_image\" \/>\n<meta name=\"twitter:creator\" content=\"@SvenskaMagasine\" \/>\n<meta name=\"twitter:site\" content=\"@SvenskaMagasine\" \/>\n<script type=\"application\/ld+json\" class=\"yoast-schema-graph\">{\"@context\":\"https:\\\/\\\/schema.org\",\"@graph\":[{\"@type\":\"Article\",\"@id\":\"https:\\\/\\\/lightweb.dev\\\/l\\\/svm-temp\\\/artiklar\\\/kara-lasare-varkanslor\\\/#article\",\"isPartOf\":{\"@id\":\"https:\\\/\\\/lightweb.dev\\\/l\\\/svm-temp\\\/artiklar\\\/kara-lasare-varkanslor\\\/\"},\"author\":{\"name\":\"Redaktionen SvM\",\"@id\":\"https:\\\/\\\/lightweb.dev\\\/l\\\/svm-temp\\\/#\\\/schema\\\/person\\\/206a3bda5b607b0c25e1749191e4d837\"},\"headline\":\"K\u00e4ra l\u00e4sare &#8211; v\u00e5rk\u00e4nslor!\",\"datePublished\":\"2014-03-11T23:00:00+00:00\",\"dateModified\":\"2022-10-23T09:54:14+00:00\",\"mainEntityOfPage\":{\"@id\":\"https:\\\/\\\/lightweb.dev\\\/l\\\/svm-temp\\\/artiklar\\\/kara-lasare-varkanslor\\\/\"},\"wordCount\":327,\"commentCount\":0,\"publisher\":{\"@id\":\"https:\\\/\\\/lightweb.dev\\\/l\\\/svm-temp\\\/#organization\"},\"image\":{\"@id\":\"https:\\\/\\\/lightweb.dev\\\/l\\\/svm-temp\\\/artiklar\\\/kara-lasare-varkanslor\\\/#primaryimage\"},\"thumbnailUrl\":\"https:\\\/\\\/lightweb.dev\\\/l\\\/svm-temp\\\/wp-content\\\/uploads\\\/2021\\\/03\\\/coffee-gd09340dec_1920.jpg\",\"articleSection\":[\"Artiklar\",\"Ledare\"],\"inLanguage\":\"sv-SE\"},{\"@type\":\"WebPage\",\"@id\":\"https:\\\/\\\/lightweb.dev\\\/l\\\/svm-temp\\\/artiklar\\\/kara-lasare-varkanslor\\\/\",\"url\":\"https:\\\/\\\/lightweb.dev\\\/l\\\/svm-temp\\\/artiklar\\\/kara-lasare-varkanslor\\\/\",\"name\":\"K\u00e4ra l\u00e4sare - v\u00e5rk\u00e4nslor! - Svenska Magasinet\",\"isPartOf\":{\"@id\":\"https:\\\/\\\/lightweb.dev\\\/l\\\/svm-temp\\\/#website\"},\"primaryImageOfPage\":{\"@id\":\"https:\\\/\\\/lightweb.dev\\\/l\\\/svm-temp\\\/artiklar\\\/kara-lasare-varkanslor\\\/#primaryimage\"},\"image\":{\"@id\":\"https:\\\/\\\/lightweb.dev\\\/l\\\/svm-temp\\\/artiklar\\\/kara-lasare-varkanslor\\\/#primaryimage\"},\"thumbnailUrl\":\"https:\\\/\\\/lightweb.dev\\\/l\\\/svm-temp\\\/wp-content\\\/uploads\\\/2021\\\/03\\\/coffee-gd09340dec_1920.jpg\",\"datePublished\":\"2014-03-11T23:00:00+00:00\",\"dateModified\":\"2022-10-23T09:54:14+00:00\",\"breadcrumb\":{\"@id\":\"https:\\\/\\\/lightweb.dev\\\/l\\\/svm-temp\\\/artiklar\\\/kara-lasare-varkanslor\\\/#breadcrumb\"},\"inLanguage\":\"sv-SE\",\"potentialAction\":[{\"@type\":\"ReadAction\",\"target\":[\"https:\\\/\\\/lightweb.dev\\\/l\\\/svm-temp\\\/artiklar\\\/kara-lasare-varkanslor\\\/\"]}]},{\"@type\":\"ImageObject\",\"inLanguage\":\"sv-SE\",\"@id\":\"https:\\\/\\\/lightweb.dev\\\/l\\\/svm-temp\\\/artiklar\\\/kara-lasare-varkanslor\\\/#primaryimage\",\"url\":\"https:\\\/\\\/lightweb.dev\\\/l\\\/svm-temp\\\/wp-content\\\/uploads\\\/2021\\\/03\\\/coffee-gd09340dec_1920.jpg\",\"contentUrl\":\"https:\\\/\\\/lightweb.dev\\\/l\\\/svm-temp\\\/wp-content\\\/uploads\\\/2021\\\/03\\\/coffee-gd09340dec_1920.jpg\",\"width\":1920,\"height\":1280},{\"@type\":\"BreadcrumbList\",\"@id\":\"https:\\\/\\\/lightweb.dev\\\/l\\\/svm-temp\\\/artiklar\\\/kara-lasare-varkanslor\\\/#breadcrumb\",\"itemListElement\":[{\"@type\":\"ListItem\",\"position\":1,\"name\":\"Hem\",\"item\":\"https:\\\/\\\/lightweb.dev\\\/l\\\/svm-temp\\\/\"},{\"@type\":\"ListItem\",\"position\":2,\"name\":\"K\u00e4ra l\u00e4sare &#8211; v\u00e5rk\u00e4nslor!\"}]},{\"@type\":\"WebSite\",\"@id\":\"https:\\\/\\\/lightweb.dev\\\/l\\\/svm-temp\\\/#website\",\"url\":\"https:\\\/\\\/lightweb.dev\\\/l\\\/svm-temp\\\/\",\"name\":\"Svenska Magasinet\",\"description\":\"Dina Spanska nyheter p&aring; Svenska\",\"publisher\":{\"@id\":\"https:\\\/\\\/lightweb.dev\\\/l\\\/svm-temp\\\/#organization\"},\"potentialAction\":[{\"@type\":\"SearchAction\",\"target\":{\"@type\":\"EntryPoint\",\"urlTemplate\":\"https:\\\/\\\/lightweb.dev\\\/l\\\/svm-temp\\\/?s={search_term_string}\"},\"query-input\":{\"@type\":\"PropertyValueSpecification\",\"valueRequired\":true,\"valueName\":\"search_term_string\"}}],\"inLanguage\":\"sv-SE\"},{\"@type\":\"Organization\",\"@id\":\"https:\\\/\\\/lightweb.dev\\\/l\\\/svm-temp\\\/#organization\",\"name\":\"Melkerson y Nott SL\",\"alternateName\":\"Svenska Magasinet\",\"url\":\"https:\\\/\\\/lightweb.dev\\\/l\\\/svm-temp\\\/\",\"logo\":{\"@type\":\"ImageObject\",\"inLanguage\":\"sv-SE\",\"@id\":\"https:\\\/\\\/lightweb.dev\\\/l\\\/svm-temp\\\/#\\\/schema\\\/logo\\\/image\\\/\",\"url\":\"https:\\\/\\\/lightweb.dev\\\/l\\\/svm-temp\\\/wp-content\\\/uploads\\\/2025\\\/02\\\/SvM-logo-Xtra-Centrerad-SVART.png\",\"contentUrl\":\"https:\\\/\\\/lightweb.dev\\\/l\\\/svm-temp\\\/wp-content\\\/uploads\\\/2025\\\/02\\\/SvM-logo-Xtra-Centrerad-SVART.png\",\"width\":300,\"height\":99,\"caption\":\"Melkerson y Nott SL\"},\"image\":{\"@id\":\"https:\\\/\\\/lightweb.dev\\\/l\\\/svm-temp\\\/#\\\/schema\\\/logo\\\/image\\\/\"},\"sameAs\":[\"https:\\\/\\\/www.facebook.com\\\/svenskamagasinet\",\"https:\\\/\\\/x.com\\\/SvenskaMagasine\"]},{\"@type\":\"Person\",\"@id\":\"https:\\\/\\\/lightweb.dev\\\/l\\\/svm-temp\\\/#\\\/schema\\\/person\\\/206a3bda5b607b0c25e1749191e4d837\",\"name\":\"Redaktionen SvM\",\"description\":\"Redaktionen\",\"sameAs\":[\"https:\\\/\\\/lightweb.dev\\\/l\\\/svm-temp\"],\"url\":\"https:\\\/\\\/lightweb.dev\\\/l\\\/svm-temp\\\/reporter\\\/redaktionen\\\/\"}]}<\/script>\n<!-- \/ Yoast SEO Premium plugin. -->","yoast_head_json":{"title":"K\u00e4ra l\u00e4sare - v\u00e5rk\u00e4nslor! - Svenska Magasinet","robots":{"index":"noindex","follow":"follow","max-snippet":"max-snippet:-1","max-image-preview":"max-image-preview:large","max-video-preview":"max-video-preview:-1"},"og_locale":"sv_SE","og_type":"article","og_title":"K\u00e4ra l\u00e4sare - v\u00e5rk\u00e4nslor!","og_description":"Det ligger i luften! S\u00e4songsskillnaderna mellan att bo i Sverige och Spanien \u00e4r f\u00f6rst\u00e5s stora, \u00e4ven om \u00f6verg\u00e5ngen mellan vinter till v\u00e5r i Spanien \u00e4r t\u00e4mligen sm\u00e5. Av Anders Rosell Solen blir varmare, v\u00e4xtlivet tar fart igen och pl\u00f6tsligt prunkar det i varje h\u00f6rna av tr\u00e4dg\u00e5rden. F\u00e4rg, f\u00e4rg och mer f\u00e4rg. H\u00e4rligt! Att vi ens [&hellip;]","og_url":"https:\/\/lightweb.dev\/l\/svm-temp\/artiklar\/kara-lasare-varkanslor\/","og_site_name":"Svenska Magasinet","article_publisher":"https:\/\/www.facebook.com\/svenskamagasinet","article_published_time":"2014-03-11T23:00:00+00:00","article_modified_time":"2022-10-23T09:54:14+00:00","og_image":[{"width":1920,"height":1280,"url":"https:\/\/lightweb.dev\/l\/svm-temp\/wp-content\/uploads\/2021\/03\/coffee-gd09340dec_1920.jpg","type":"image\/jpeg"}],"author":"Redaktionen SvM","twitter_card":"summary_large_image","twitter_creator":"@SvenskaMagasine","twitter_site":"@SvenskaMagasine","schema":{"@context":"https:\/\/schema.org","@graph":[{"@type":"Article","@id":"https:\/\/lightweb.dev\/l\/svm-temp\/artiklar\/kara-lasare-varkanslor\/#article","isPartOf":{"@id":"https:\/\/lightweb.dev\/l\/svm-temp\/artiklar\/kara-lasare-varkanslor\/"},"author":{"name":"Redaktionen SvM","@id":"https:\/\/lightweb.dev\/l\/svm-temp\/#\/schema\/person\/206a3bda5b607b0c25e1749191e4d837"},"headline":"K\u00e4ra l\u00e4sare &#8211; v\u00e5rk\u00e4nslor!","datePublished":"2014-03-11T23:00:00+00:00","dateModified":"2022-10-23T09:54:14+00:00","mainEntityOfPage":{"@id":"https:\/\/lightweb.dev\/l\/svm-temp\/artiklar\/kara-lasare-varkanslor\/"},"wordCount":327,"commentCount":0,"publisher":{"@id":"https:\/\/lightweb.dev\/l\/svm-temp\/#organization"},"image":{"@id":"https:\/\/lightweb.dev\/l\/svm-temp\/artiklar\/kara-lasare-varkanslor\/#primaryimage"},"thumbnailUrl":"https:\/\/lightweb.dev\/l\/svm-temp\/wp-content\/uploads\/2021\/03\/coffee-gd09340dec_1920.jpg","articleSection":["Artiklar","Ledare"],"inLanguage":"sv-SE"},{"@type":"WebPage","@id":"https:\/\/lightweb.dev\/l\/svm-temp\/artiklar\/kara-lasare-varkanslor\/","url":"https:\/\/lightweb.dev\/l\/svm-temp\/artiklar\/kara-lasare-varkanslor\/","name":"K\u00e4ra l\u00e4sare - v\u00e5rk\u00e4nslor! - Svenska Magasinet","isPartOf":{"@id":"https:\/\/lightweb.dev\/l\/svm-temp\/#website"},"primaryImageOfPage":{"@id":"https:\/\/lightweb.dev\/l\/svm-temp\/artiklar\/kara-lasare-varkanslor\/#primaryimage"},"image":{"@id":"https:\/\/lightweb.dev\/l\/svm-temp\/artiklar\/kara-lasare-varkanslor\/#primaryimage"},"thumbnailUrl":"https:\/\/lightweb.dev\/l\/svm-temp\/wp-content\/uploads\/2021\/03\/coffee-gd09340dec_1920.jpg","datePublished":"2014-03-11T23:00:00+00:00","dateModified":"2022-10-23T09:54:14+00:00","breadcrumb":{"@id":"https:\/\/lightweb.dev\/l\/svm-temp\/artiklar\/kara-lasare-varkanslor\/#breadcrumb"},"inLanguage":"sv-SE","potentialAction":[{"@type":"ReadAction","target":["https:\/\/lightweb.dev\/l\/svm-temp\/artiklar\/kara-lasare-varkanslor\/"]}]},{"@type":"ImageObject","inLanguage":"sv-SE","@id":"https:\/\/lightweb.dev\/l\/svm-temp\/artiklar\/kara-lasare-varkanslor\/#primaryimage","url":"https:\/\/lightweb.dev\/l\/svm-temp\/wp-content\/uploads\/2021\/03\/coffee-gd09340dec_1920.jpg","contentUrl":"https:\/\/lightweb.dev\/l\/svm-temp\/wp-content\/uploads\/2021\/03\/coffee-gd09340dec_1920.jpg","width":1920,"height":1280},{"@type":"BreadcrumbList","@id":"https:\/\/lightweb.dev\/l\/svm-temp\/artiklar\/kara-lasare-varkanslor\/#breadcrumb","itemListElement":[{"@type":"ListItem","position":1,"name":"Hem","item":"https:\/\/lightweb.dev\/l\/svm-temp\/"},{"@type":"ListItem","position":2,"name":"K\u00e4ra l\u00e4sare &#8211; v\u00e5rk\u00e4nslor!"}]},{"@type":"WebSite","@id":"https:\/\/lightweb.dev\/l\/svm-temp\/#website","url":"https:\/\/lightweb.dev\/l\/svm-temp\/","name":"Svenska Magasinet","description":"Dina Spanska nyheter p&aring; Svenska","publisher":{"@id":"https:\/\/lightweb.dev\/l\/svm-temp\/#organization"},"potentialAction":[{"@type":"SearchAction","target":{"@type":"EntryPoint","urlTemplate":"https:\/\/lightweb.dev\/l\/svm-temp\/?s={search_term_string}"},"query-input":{"@type":"PropertyValueSpecification","valueRequired":true,"valueName":"search_term_string"}}],"inLanguage":"sv-SE"},{"@type":"Organization","@id":"https:\/\/lightweb.dev\/l\/svm-temp\/#organization","name":"Melkerson y Nott SL","alternateName":"Svenska Magasinet","url":"https:\/\/lightweb.dev\/l\/svm-temp\/","logo":{"@type":"ImageObject","inLanguage":"sv-SE","@id":"https:\/\/lightweb.dev\/l\/svm-temp\/#\/schema\/logo\/image\/","url":"https:\/\/lightweb.dev\/l\/svm-temp\/wp-content\/uploads\/2025\/02\/SvM-logo-Xtra-Centrerad-SVART.png","contentUrl":"https:\/\/lightweb.dev\/l\/svm-temp\/wp-content\/uploads\/2025\/02\/SvM-logo-Xtra-Centrerad-SVART.png","width":300,"height":99,"caption":"Melkerson y Nott SL"},"image":{"@id":"https:\/\/lightweb.dev\/l\/svm-temp\/#\/schema\/logo\/image\/"},"sameAs":["https:\/\/www.facebook.com\/svenskamagasinet","https:\/\/x.com\/SvenskaMagasine"]},{"@type":"Person","@id":"https:\/\/lightweb.dev\/l\/svm-temp\/#\/schema\/person\/206a3bda5b607b0c25e1749191e4d837","name":"Redaktionen SvM","description":"Redaktionen","sameAs":["https:\/\/lightweb.dev\/l\/svm-temp"],"url":"https:\/\/lightweb.dev\/l\/svm-temp\/reporter\/redaktionen\/"}]}},"_links":{"self":[{"href":"https:\/\/lightweb.dev\/l\/svm-temp\/wp-json\/wp\/v2\/posts\/4627","targetHints":{"allow":["GET"]}}],"collection":[{"href":"https:\/\/lightweb.dev\/l\/svm-temp\/wp-json\/wp\/v2\/posts"}],"about":[{"href":"https:\/\/lightweb.dev\/l\/svm-temp\/wp-json\/wp\/v2\/types\/post"}],"author":[{"embeddable":true,"href":"https:\/\/lightweb.dev\/l\/svm-temp\/wp-json\/wp\/v2\/users\/8"}],"replies":[{"embeddable":true,"href":"https:\/\/lightweb.dev\/l\/svm-temp\/wp-json\/wp\/v2\/comments?post=4627"}],"version-history":[{"count":0,"href":"https:\/\/lightweb.dev\/l\/svm-temp\/wp-json\/wp\/v2\/posts\/4627\/revisions"}],"wp:featuredmedia":[{"embeddable":true,"href":"https:\/\/lightweb.dev\/l\/svm-temp\/wp-json\/wp\/v2\/media\/58572"}],"wp:attachment":[{"href":"https:\/\/lightweb.dev\/l\/svm-temp\/wp-json\/wp\/v2\/media?parent=4627"}],"wp:term":[{"taxonomy":"category","embeddable":true,"href":"https:\/\/lightweb.dev\/l\/svm-temp\/wp-json\/wp\/v2\/categories?post=4627"},{"taxonomy":"post_tag","embeddable":true,"href":"https:\/\/lightweb.dev\/l\/svm-temp\/wp-json\/wp\/v2\/tags?post=4627"}],"curies":[{"name":"wp","href":"https:\/\/api.w.org\/{rel}","templated":true}]}}