{"id":4640,"date":"2014-03-11T00:00:00","date_gmt":"2014-03-10T23:00:00","guid":{"rendered":"https:\/\/lightweb.dev\/l\/svm-temp\/ekonomi-hypokondrikern-ar-sjuk-pa-riktigt\/"},"modified":"2014-03-11T00:00:00","modified_gmt":"2014-03-10T23:00:00","slug":"ekonomi-hypokondrikern-ar-sjuk-pa-riktigt","status":"publish","type":"post","link":"https:\/\/lightweb.dev\/l\/svm-temp\/artiklar\/ekonomi-hypokondrikern-ar-sjuk-pa-riktigt\/","title":{"rendered":"Ekonomi: Hypokondrikern \u00e4r sjuk p\u00e5 riktigt"},"content":{"rendered":"<p> Om han hade hade levt i dag ist\u00e4llet f\u00f6r p\u00e5 1600-talet hade kanske dramatikern Moli\u00e8re funderat p\u00e5 att d\u00f6pa om sin satiriska komedi Le Malade Imaginaire (\u201dDen inbillade sjuke\u201d) till Le Malade r\u00e4tt och sl\u00e4tt, och l\u00e5tit den franska ekonomin spela huvudrollen ist\u00e4llet f\u00f6r hypokondrikern Argan. D\u00e5 hade det emellertid inte varit n\u00e5got \u201dinbillat\u201d om sjuklingen, f\u00f6r Frankrike h\u00e5ller snabbt p\u00e5 att bli Europas mest \u00f6mmande fall. Av Jesper Hertz, Chief Representative Nordea Bank S.A.<\/p>\n<p>Det \u00e4r n\u00e4mligen s\u00e5 att Frankrike h\u00e5ller p\u00e5 att bli omk\u00f6rd av de \u00f6vriga eurol\u00e4nderna som i alla fall kan gl\u00e4dja sig \u00e5t en svag \u00e5terh\u00e4mtning. Frankrikes st\u00f6rsta problem \u00e4r emellertid inte n\u00e5gon enorm statsskuld utan stela lagar som utg\u00f6r ett allvarligt hinder f\u00f6r ekonomisk tillv\u00e4xt. Arbetsr\u00e4tten \u00e4r ett bra exempel. I Frankrike \u00e4r det s\u00e5 sv\u00e5rt f\u00f6r arbetsgivarna att s\u00e4ga upp fast anst\u00e4lld personal att m\u00e5nga bolag b\u00f6rjat anst\u00e4lla folk p\u00e5 visstidskontrakt ist\u00e4llet. Det talas om att \u00f6ver 90 procent av alla nya jobb \u00e4r visstidsanst\u00e4llningar. F\u00f6r att underl\u00e4tta f\u00f6r f\u00f6retagen och sporra dem att anst\u00e4lla fler har regeringen f\u00f6reslagit att de sociala avgifterna ska minskas med \u00f6ver 30 miljarder euro. Men denna \u00e5tg\u00e4rd kommer sent och r\u00e4cker knappast f\u00f6r att f\u00e5 till en r\u00f6rligare arbetsmarknad.<\/p>\n<p>Passivitet och politisk feghet<br \/>\nTills nyligen har president Hollandes regering satsat mest p\u00e5 skatteh\u00f6jningar f\u00f6r att f\u00e5 fart p\u00e5 ekonomin. Man har bland annat inf\u00f6rt en kontroversiell skatt p\u00e5 75 procent som arbetsgivarna m\u00e5ste dra av p\u00e5 \u00e5rsl\u00f6ner \u00f6ver 1 miljon euro. Men snart kommer det att visa sig att skatte\u00f6kningarna inte r\u00e4cker till och d\u00e5 blir nedsk\u00e4rningar oundvikliga. Nedsk\u00e4rningar blir dock knappast lika popul\u00e4ra bland den breda allm\u00e4nheten som skatteh\u00f6jningar f\u00f6r en relativt rik minoritet. I dag kostar v\u00e4lf\u00e4rden ungef\u00e4r 30 procent av Frankrikes BNP, men alla f\u00f6rslag om neddragningar l\u00e4r m\u00f6tas av h\u00e5rd opposition eftersom folk vant sig vid sina gener\u00f6sa f\u00f6rm\u00e5ner och inte vill se n\u00e5gon f\u00f6rs\u00e4mring. Med tanke p\u00e5 att det h\u00e5lls b\u00e5de kommunalval och val till Europaparlamentet i \u00e5r \u00e4r det troligaste att regeringen v\u00e4ntar med att ta upp v\u00e4lf\u00e4rdsfr\u00e5gan.<\/p>\n<p>S\u00e5 samtidigt som de andra eurol\u00e4nderna kravlar sig upp ur svackan st\u00e5r Frankrike p\u00e5 randen av en l\u00e5gkonjunktur och man verkar of\u00f6rm\u00f6gen att ta itu med sina problem. Ytterst f\u00e5 franska politiker har varit modiga nog att riskera folkliga protester (Hollandes senaste l\u00e5nga tal inneh\u00f6ll m\u00e5nga l\u00f6ften men v\u00e4ldigt f\u00e5 konkreta besked). Reformerna kan emellertid inte skjutas upp i all o\u00e4ndlighet. Om fransm\u00e4nnen forts\u00e4tter att blunda f\u00f6r problemen kr\u00e4vs det att l\u00e4get blir mycket s\u00e4mre innan de h\u00e5rdnackade och strejkglada fackf\u00f6rbunden inser att landet beh\u00f6ver omfattande reformer och landet faktiskt v\u00e4ljer en regering med klart reformmandat. Stora framg\u00e5ngar f\u00f6r extremh\u00f6gern i \u00e5rets val kan kanske bli det som f\u00e5r fransm\u00e4nnen att acceptera att reformer \u00e4r det enda realistiska.<\/p>\n","protected":false},"excerpt":{"rendered":"<p>Om han hade hade levt i dag ist\u00e4llet f\u00f6r p\u00e5 1600-talet hade kanske dramatikern Moli\u00e8re funderat p\u00e5 att d\u00f6pa om sin satiriska komedi Le Malade Imaginaire (\u201dDen inbillade sjuke\u201d) till Le Malade r\u00e4tt och sl\u00e4tt, och l\u00e5tit den franska ekonomin spela huvudrollen ist\u00e4llet f\u00f6r hypokondrikern Argan. D\u00e5 hade det emellertid inte varit n\u00e5got \u201dinbillat\u201d om [&hellip;]<\/p>\n","protected":false},"author":8,"featured_media":4641,"comment_status":"open","ping_status":"open","sticky":false,"template":"","format":"standard","meta":{"_et_pb_use_builder":"","_et_pb_old_content":"","_et_gb_content_width":"","footnotes":""},"categories":[4,398],"tags":[],"class_list":["post-4640","post","type-post","status-publish","format-standard","has-post-thumbnail","hentry","category-artiklar","category-naringsliv"],"yoast_head":"<!-- This site is optimized with the Yoast SEO Premium plugin v26.2 (Yoast SEO v27.5) - https:\/\/yoast.com\/product\/yoast-seo-premium-wordpress\/ -->\n<title>Ekonomi: Hypokondrikern \u00e4r sjuk p\u00e5 riktigt - Svenska Magasinet<\/title>\n<meta name=\"robots\" content=\"noindex, follow, max-snippet:-1, max-image-preview:large, max-video-preview:-1\" \/>\n<meta property=\"og:locale\" content=\"sv_SE\" \/>\n<meta property=\"og:type\" content=\"article\" \/>\n<meta property=\"og:title\" content=\"Ekonomi: Hypokondrikern \u00e4r sjuk p\u00e5 riktigt\" \/>\n<meta property=\"og:description\" content=\"Om han hade hade levt i dag ist\u00e4llet f\u00f6r p\u00e5 1600-talet hade kanske dramatikern Moli\u00e8re funderat p\u00e5 att d\u00f6pa om sin satiriska komedi Le Malade Imaginaire (\u201dDen inbillade sjuke\u201d) till Le Malade r\u00e4tt och sl\u00e4tt, och l\u00e5tit den franska ekonomin spela huvudrollen ist\u00e4llet f\u00f6r hypokondrikern Argan. D\u00e5 hade det emellertid inte varit n\u00e5got \u201dinbillat\u201d om [&hellip;]\" \/>\n<meta property=\"og:url\" content=\"https:\/\/lightweb.dev\/l\/svm-temp\/artiklar\/ekonomi-hypokondrikern-ar-sjuk-pa-riktigt\/\" \/>\n<meta property=\"og:site_name\" content=\"Svenska Magasinet\" \/>\n<meta property=\"article:publisher\" content=\"https:\/\/www.facebook.com\/svenskamagasinet\" \/>\n<meta property=\"article:published_time\" content=\"2014-03-10T23:00:00+00:00\" \/>\n<meta property=\"og:image\" content=\"https:\/\/lightweb.dev\/l\/svm-temp\/wp-content\/uploads\/2022\/04\/ekonomi-hypokondrikern-r-sjuk-p-riktigt.png\" \/>\n\t<meta property=\"og:image:width\" content=\"280\" \/>\n\t<meta property=\"og:image:height\" content=\"351\" \/>\n\t<meta property=\"og:image:type\" content=\"image\/png\" \/>\n<meta name=\"author\" content=\"Redaktionen SvM\" \/>\n<meta name=\"twitter:card\" content=\"summary_large_image\" \/>\n<meta name=\"twitter:creator\" content=\"@SvenskaMagasine\" \/>\n<meta name=\"twitter:site\" content=\"@SvenskaMagasine\" \/>\n<script type=\"application\/ld+json\" class=\"yoast-schema-graph\">{\"@context\":\"https:\\\/\\\/schema.org\",\"@graph\":[{\"@type\":\"Article\",\"@id\":\"https:\\\/\\\/lightweb.dev\\\/l\\\/svm-temp\\\/artiklar\\\/ekonomi-hypokondrikern-ar-sjuk-pa-riktigt\\\/#article\",\"isPartOf\":{\"@id\":\"https:\\\/\\\/lightweb.dev\\\/l\\\/svm-temp\\\/artiklar\\\/ekonomi-hypokondrikern-ar-sjuk-pa-riktigt\\\/\"},\"author\":{\"name\":\"Redaktionen SvM\",\"@id\":\"https:\\\/\\\/lightweb.dev\\\/l\\\/svm-temp\\\/#\\\/schema\\\/person\\\/206a3bda5b607b0c25e1749191e4d837\"},\"headline\":\"Ekonomi: Hypokondrikern \u00e4r sjuk p\u00e5 riktigt\",\"datePublished\":\"2014-03-10T23:00:00+00:00\",\"mainEntityOfPage\":{\"@id\":\"https:\\\/\\\/lightweb.dev\\\/l\\\/svm-temp\\\/artiklar\\\/ekonomi-hypokondrikern-ar-sjuk-pa-riktigt\\\/\"},\"wordCount\":558,\"commentCount\":0,\"publisher\":{\"@id\":\"https:\\\/\\\/lightweb.dev\\\/l\\\/svm-temp\\\/#organization\"},\"image\":{\"@id\":\"https:\\\/\\\/lightweb.dev\\\/l\\\/svm-temp\\\/artiklar\\\/ekonomi-hypokondrikern-ar-sjuk-pa-riktigt\\\/#primaryimage\"},\"thumbnailUrl\":\"https:\\\/\\\/lightweb.dev\\\/l\\\/svm-temp\\\/wp-content\\\/uploads\\\/2022\\\/04\\\/ekonomi-hypokondrikern-r-sjuk-p-riktigt.png\",\"articleSection\":[\"Artiklar\",\"N\u00e4ringsliv\"],\"inLanguage\":\"sv-SE\"},{\"@type\":\"WebPage\",\"@id\":\"https:\\\/\\\/lightweb.dev\\\/l\\\/svm-temp\\\/artiklar\\\/ekonomi-hypokondrikern-ar-sjuk-pa-riktigt\\\/\",\"url\":\"https:\\\/\\\/lightweb.dev\\\/l\\\/svm-temp\\\/artiklar\\\/ekonomi-hypokondrikern-ar-sjuk-pa-riktigt\\\/\",\"name\":\"Ekonomi: Hypokondrikern \u00e4r sjuk p\u00e5 riktigt - Svenska Magasinet\",\"isPartOf\":{\"@id\":\"https:\\\/\\\/lightweb.dev\\\/l\\\/svm-temp\\\/#website\"},\"primaryImageOfPage\":{\"@id\":\"https:\\\/\\\/lightweb.dev\\\/l\\\/svm-temp\\\/artiklar\\\/ekonomi-hypokondrikern-ar-sjuk-pa-riktigt\\\/#primaryimage\"},\"image\":{\"@id\":\"https:\\\/\\\/lightweb.dev\\\/l\\\/svm-temp\\\/artiklar\\\/ekonomi-hypokondrikern-ar-sjuk-pa-riktigt\\\/#primaryimage\"},\"thumbnailUrl\":\"https:\\\/\\\/lightweb.dev\\\/l\\\/svm-temp\\\/wp-content\\\/uploads\\\/2022\\\/04\\\/ekonomi-hypokondrikern-r-sjuk-p-riktigt.png\",\"datePublished\":\"2014-03-10T23:00:00+00:00\",\"breadcrumb\":{\"@id\":\"https:\\\/\\\/lightweb.dev\\\/l\\\/svm-temp\\\/artiklar\\\/ekonomi-hypokondrikern-ar-sjuk-pa-riktigt\\\/#breadcrumb\"},\"inLanguage\":\"sv-SE\",\"potentialAction\":[{\"@type\":\"ReadAction\",\"target\":[\"https:\\\/\\\/lightweb.dev\\\/l\\\/svm-temp\\\/artiklar\\\/ekonomi-hypokondrikern-ar-sjuk-pa-riktigt\\\/\"]}]},{\"@type\":\"ImageObject\",\"inLanguage\":\"sv-SE\",\"@id\":\"https:\\\/\\\/lightweb.dev\\\/l\\\/svm-temp\\\/artiklar\\\/ekonomi-hypokondrikern-ar-sjuk-pa-riktigt\\\/#primaryimage\",\"url\":\"https:\\\/\\\/lightweb.dev\\\/l\\\/svm-temp\\\/wp-content\\\/uploads\\\/2022\\\/04\\\/ekonomi-hypokondrikern-r-sjuk-p-riktigt.png\",\"contentUrl\":\"https:\\\/\\\/lightweb.dev\\\/l\\\/svm-temp\\\/wp-content\\\/uploads\\\/2022\\\/04\\\/ekonomi-hypokondrikern-r-sjuk-p-riktigt.png\",\"width\":280,\"height\":351},{\"@type\":\"BreadcrumbList\",\"@id\":\"https:\\\/\\\/lightweb.dev\\\/l\\\/svm-temp\\\/artiklar\\\/ekonomi-hypokondrikern-ar-sjuk-pa-riktigt\\\/#breadcrumb\",\"itemListElement\":[{\"@type\":\"ListItem\",\"position\":1,\"name\":\"Hem\",\"item\":\"https:\\\/\\\/lightweb.dev\\\/l\\\/svm-temp\\\/\"},{\"@type\":\"ListItem\",\"position\":2,\"name\":\"Ekonomi: Hypokondrikern \u00e4r sjuk p\u00e5 riktigt\"}]},{\"@type\":\"WebSite\",\"@id\":\"https:\\\/\\\/lightweb.dev\\\/l\\\/svm-temp\\\/#website\",\"url\":\"https:\\\/\\\/lightweb.dev\\\/l\\\/svm-temp\\\/\",\"name\":\"Svenska Magasinet\",\"description\":\"Dina Spanska nyheter p&aring; Svenska\",\"publisher\":{\"@id\":\"https:\\\/\\\/lightweb.dev\\\/l\\\/svm-temp\\\/#organization\"},\"potentialAction\":[{\"@type\":\"SearchAction\",\"target\":{\"@type\":\"EntryPoint\",\"urlTemplate\":\"https:\\\/\\\/lightweb.dev\\\/l\\\/svm-temp\\\/?s={search_term_string}\"},\"query-input\":{\"@type\":\"PropertyValueSpecification\",\"valueRequired\":true,\"valueName\":\"search_term_string\"}}],\"inLanguage\":\"sv-SE\"},{\"@type\":\"Organization\",\"@id\":\"https:\\\/\\\/lightweb.dev\\\/l\\\/svm-temp\\\/#organization\",\"name\":\"Melkerson y Nott SL\",\"alternateName\":\"Svenska Magasinet\",\"url\":\"https:\\\/\\\/lightweb.dev\\\/l\\\/svm-temp\\\/\",\"logo\":{\"@type\":\"ImageObject\",\"inLanguage\":\"sv-SE\",\"@id\":\"https:\\\/\\\/lightweb.dev\\\/l\\\/svm-temp\\\/#\\\/schema\\\/logo\\\/image\\\/\",\"url\":\"https:\\\/\\\/lightweb.dev\\\/l\\\/svm-temp\\\/wp-content\\\/uploads\\\/2025\\\/02\\\/SvM-logo-Xtra-Centrerad-SVART.png\",\"contentUrl\":\"https:\\\/\\\/lightweb.dev\\\/l\\\/svm-temp\\\/wp-content\\\/uploads\\\/2025\\\/02\\\/SvM-logo-Xtra-Centrerad-SVART.png\",\"width\":300,\"height\":99,\"caption\":\"Melkerson y Nott SL\"},\"image\":{\"@id\":\"https:\\\/\\\/lightweb.dev\\\/l\\\/svm-temp\\\/#\\\/schema\\\/logo\\\/image\\\/\"},\"sameAs\":[\"https:\\\/\\\/www.facebook.com\\\/svenskamagasinet\",\"https:\\\/\\\/x.com\\\/SvenskaMagasine\"]},{\"@type\":\"Person\",\"@id\":\"https:\\\/\\\/lightweb.dev\\\/l\\\/svm-temp\\\/#\\\/schema\\\/person\\\/206a3bda5b607b0c25e1749191e4d837\",\"name\":\"Redaktionen SvM\",\"description\":\"Redaktionen\",\"sameAs\":[\"https:\\\/\\\/lightweb.dev\\\/l\\\/svm-temp\"],\"url\":\"https:\\\/\\\/lightweb.dev\\\/l\\\/svm-temp\\\/reporter\\\/redaktionen\\\/\"}]}<\/script>\n<!-- \/ Yoast SEO Premium plugin. -->","yoast_head_json":{"title":"Ekonomi: Hypokondrikern \u00e4r sjuk p\u00e5 riktigt - Svenska Magasinet","robots":{"index":"noindex","follow":"follow","max-snippet":"max-snippet:-1","max-image-preview":"max-image-preview:large","max-video-preview":"max-video-preview:-1"},"og_locale":"sv_SE","og_type":"article","og_title":"Ekonomi: Hypokondrikern \u00e4r sjuk p\u00e5 riktigt","og_description":"Om han hade hade levt i dag ist\u00e4llet f\u00f6r p\u00e5 1600-talet hade kanske dramatikern Moli\u00e8re funderat p\u00e5 att d\u00f6pa om sin satiriska komedi Le Malade Imaginaire (\u201dDen inbillade sjuke\u201d) till Le Malade r\u00e4tt och sl\u00e4tt, och l\u00e5tit den franska ekonomin spela huvudrollen ist\u00e4llet f\u00f6r hypokondrikern Argan. D\u00e5 hade det emellertid inte varit n\u00e5got \u201dinbillat\u201d om [&hellip;]","og_url":"https:\/\/lightweb.dev\/l\/svm-temp\/artiklar\/ekonomi-hypokondrikern-ar-sjuk-pa-riktigt\/","og_site_name":"Svenska Magasinet","article_publisher":"https:\/\/www.facebook.com\/svenskamagasinet","article_published_time":"2014-03-10T23:00:00+00:00","og_image":[{"width":280,"height":351,"url":"https:\/\/lightweb.dev\/l\/svm-temp\/wp-content\/uploads\/2022\/04\/ekonomi-hypokondrikern-r-sjuk-p-riktigt.png","type":"image\/png"}],"author":"Redaktionen SvM","twitter_card":"summary_large_image","twitter_creator":"@SvenskaMagasine","twitter_site":"@SvenskaMagasine","schema":{"@context":"https:\/\/schema.org","@graph":[{"@type":"Article","@id":"https:\/\/lightweb.dev\/l\/svm-temp\/artiklar\/ekonomi-hypokondrikern-ar-sjuk-pa-riktigt\/#article","isPartOf":{"@id":"https:\/\/lightweb.dev\/l\/svm-temp\/artiklar\/ekonomi-hypokondrikern-ar-sjuk-pa-riktigt\/"},"author":{"name":"Redaktionen SvM","@id":"https:\/\/lightweb.dev\/l\/svm-temp\/#\/schema\/person\/206a3bda5b607b0c25e1749191e4d837"},"headline":"Ekonomi: Hypokondrikern \u00e4r sjuk p\u00e5 riktigt","datePublished":"2014-03-10T23:00:00+00:00","mainEntityOfPage":{"@id":"https:\/\/lightweb.dev\/l\/svm-temp\/artiklar\/ekonomi-hypokondrikern-ar-sjuk-pa-riktigt\/"},"wordCount":558,"commentCount":0,"publisher":{"@id":"https:\/\/lightweb.dev\/l\/svm-temp\/#organization"},"image":{"@id":"https:\/\/lightweb.dev\/l\/svm-temp\/artiklar\/ekonomi-hypokondrikern-ar-sjuk-pa-riktigt\/#primaryimage"},"thumbnailUrl":"https:\/\/lightweb.dev\/l\/svm-temp\/wp-content\/uploads\/2022\/04\/ekonomi-hypokondrikern-r-sjuk-p-riktigt.png","articleSection":["Artiklar","N\u00e4ringsliv"],"inLanguage":"sv-SE"},{"@type":"WebPage","@id":"https:\/\/lightweb.dev\/l\/svm-temp\/artiklar\/ekonomi-hypokondrikern-ar-sjuk-pa-riktigt\/","url":"https:\/\/lightweb.dev\/l\/svm-temp\/artiklar\/ekonomi-hypokondrikern-ar-sjuk-pa-riktigt\/","name":"Ekonomi: Hypokondrikern \u00e4r sjuk p\u00e5 riktigt - Svenska Magasinet","isPartOf":{"@id":"https:\/\/lightweb.dev\/l\/svm-temp\/#website"},"primaryImageOfPage":{"@id":"https:\/\/lightweb.dev\/l\/svm-temp\/artiklar\/ekonomi-hypokondrikern-ar-sjuk-pa-riktigt\/#primaryimage"},"image":{"@id":"https:\/\/lightweb.dev\/l\/svm-temp\/artiklar\/ekonomi-hypokondrikern-ar-sjuk-pa-riktigt\/#primaryimage"},"thumbnailUrl":"https:\/\/lightweb.dev\/l\/svm-temp\/wp-content\/uploads\/2022\/04\/ekonomi-hypokondrikern-r-sjuk-p-riktigt.png","datePublished":"2014-03-10T23:00:00+00:00","breadcrumb":{"@id":"https:\/\/lightweb.dev\/l\/svm-temp\/artiklar\/ekonomi-hypokondrikern-ar-sjuk-pa-riktigt\/#breadcrumb"},"inLanguage":"sv-SE","potentialAction":[{"@type":"ReadAction","target":["https:\/\/lightweb.dev\/l\/svm-temp\/artiklar\/ekonomi-hypokondrikern-ar-sjuk-pa-riktigt\/"]}]},{"@type":"ImageObject","inLanguage":"sv-SE","@id":"https:\/\/lightweb.dev\/l\/svm-temp\/artiklar\/ekonomi-hypokondrikern-ar-sjuk-pa-riktigt\/#primaryimage","url":"https:\/\/lightweb.dev\/l\/svm-temp\/wp-content\/uploads\/2022\/04\/ekonomi-hypokondrikern-r-sjuk-p-riktigt.png","contentUrl":"https:\/\/lightweb.dev\/l\/svm-temp\/wp-content\/uploads\/2022\/04\/ekonomi-hypokondrikern-r-sjuk-p-riktigt.png","width":280,"height":351},{"@type":"BreadcrumbList","@id":"https:\/\/lightweb.dev\/l\/svm-temp\/artiklar\/ekonomi-hypokondrikern-ar-sjuk-pa-riktigt\/#breadcrumb","itemListElement":[{"@type":"ListItem","position":1,"name":"Hem","item":"https:\/\/lightweb.dev\/l\/svm-temp\/"},{"@type":"ListItem","position":2,"name":"Ekonomi: Hypokondrikern \u00e4r sjuk p\u00e5 riktigt"}]},{"@type":"WebSite","@id":"https:\/\/lightweb.dev\/l\/svm-temp\/#website","url":"https:\/\/lightweb.dev\/l\/svm-temp\/","name":"Svenska Magasinet","description":"Dina Spanska nyheter p&aring; Svenska","publisher":{"@id":"https:\/\/lightweb.dev\/l\/svm-temp\/#organization"},"potentialAction":[{"@type":"SearchAction","target":{"@type":"EntryPoint","urlTemplate":"https:\/\/lightweb.dev\/l\/svm-temp\/?s={search_term_string}"},"query-input":{"@type":"PropertyValueSpecification","valueRequired":true,"valueName":"search_term_string"}}],"inLanguage":"sv-SE"},{"@type":"Organization","@id":"https:\/\/lightweb.dev\/l\/svm-temp\/#organization","name":"Melkerson y Nott SL","alternateName":"Svenska Magasinet","url":"https:\/\/lightweb.dev\/l\/svm-temp\/","logo":{"@type":"ImageObject","inLanguage":"sv-SE","@id":"https:\/\/lightweb.dev\/l\/svm-temp\/#\/schema\/logo\/image\/","url":"https:\/\/lightweb.dev\/l\/svm-temp\/wp-content\/uploads\/2025\/02\/SvM-logo-Xtra-Centrerad-SVART.png","contentUrl":"https:\/\/lightweb.dev\/l\/svm-temp\/wp-content\/uploads\/2025\/02\/SvM-logo-Xtra-Centrerad-SVART.png","width":300,"height":99,"caption":"Melkerson y Nott SL"},"image":{"@id":"https:\/\/lightweb.dev\/l\/svm-temp\/#\/schema\/logo\/image\/"},"sameAs":["https:\/\/www.facebook.com\/svenskamagasinet","https:\/\/x.com\/SvenskaMagasine"]},{"@type":"Person","@id":"https:\/\/lightweb.dev\/l\/svm-temp\/#\/schema\/person\/206a3bda5b607b0c25e1749191e4d837","name":"Redaktionen SvM","description":"Redaktionen","sameAs":["https:\/\/lightweb.dev\/l\/svm-temp"],"url":"https:\/\/lightweb.dev\/l\/svm-temp\/reporter\/redaktionen\/"}]}},"_links":{"self":[{"href":"https:\/\/lightweb.dev\/l\/svm-temp\/wp-json\/wp\/v2\/posts\/4640","targetHints":{"allow":["GET"]}}],"collection":[{"href":"https:\/\/lightweb.dev\/l\/svm-temp\/wp-json\/wp\/v2\/posts"}],"about":[{"href":"https:\/\/lightweb.dev\/l\/svm-temp\/wp-json\/wp\/v2\/types\/post"}],"author":[{"embeddable":true,"href":"https:\/\/lightweb.dev\/l\/svm-temp\/wp-json\/wp\/v2\/users\/8"}],"replies":[{"embeddable":true,"href":"https:\/\/lightweb.dev\/l\/svm-temp\/wp-json\/wp\/v2\/comments?post=4640"}],"version-history":[{"count":0,"href":"https:\/\/lightweb.dev\/l\/svm-temp\/wp-json\/wp\/v2\/posts\/4640\/revisions"}],"wp:featuredmedia":[{"embeddable":true,"href":"https:\/\/lightweb.dev\/l\/svm-temp\/wp-json\/wp\/v2\/media\/4641"}],"wp:attachment":[{"href":"https:\/\/lightweb.dev\/l\/svm-temp\/wp-json\/wp\/v2\/media?parent=4640"}],"wp:term":[{"taxonomy":"category","embeddable":true,"href":"https:\/\/lightweb.dev\/l\/svm-temp\/wp-json\/wp\/v2\/categories?post=4640"},{"taxonomy":"post_tag","embeddable":true,"href":"https:\/\/lightweb.dev\/l\/svm-temp\/wp-json\/wp\/v2\/tags?post=4640"}],"curies":[{"name":"wp","href":"https:\/\/api.w.org\/{rel}","templated":true}]}}