{"id":4655,"date":"2014-03-11T00:00:00","date_gmt":"2014-03-10T23:00:00","guid":{"rendered":"https:\/\/lightweb.dev\/l\/svm-temp\/turismen-pa-solkusten-har-tva-ansikten-lyx-och-lagbudget-paradoxen-i-torremolinos\/"},"modified":"2014-03-11T00:00:00","modified_gmt":"2014-03-10T23:00:00","slug":"turismen-pa-solkusten-har-tva-ansikten-lyx-och-lagbudget-paradoxen-i-torremolinos","status":"publish","type":"post","link":"https:\/\/lightweb.dev\/l\/svm-temp\/artiklar\/turismen-pa-solkusten-har-tva-ansikten-lyx-och-lagbudget-paradoxen-i-torremolinos\/","title":{"rendered":"Turismen p\u00e5 Solkusten har tv\u00e5 ansikten \u2013 lyx och l\u00e5gbudget: Paradoxen i Torremolinos"},"content":{"rendered":"<p> Det kallas f\u00f6r \u201dLa paradoja de Torremolinos\u201d i provinsens st\u00f6rsta dagstidning Diario SUR. Paradoxen i Torremolinos. Platsen har flest hotell\u00f6vernattningar av samtliga badorter i provinsen. Trots det \u00e4r centrum folktomt kv\u00e4llstid och butikslokaler gapar tomma. Av Ola Josefsson<\/p>\n<p>Calle San Miguel \u00e4r symbolen f\u00f6r turistn\u00e4ringen p\u00e5 den spanska Solkusten. Men det \u00e4r inte vad det har varit, enligt k\u00f6pm\u00e4nnen i staden. En g\u00e5ng i tiden betraktades calle San Miguel som Spaniens fr\u00e4msta shoppinggata f\u00f6r turister.<\/p>\n<p>En iakttagare ser ganska snart att n\u00e5got inte st\u00e5r r\u00e4tt till. Tomma butikslokaler med skyltar som \u201dse vende\u201d och \u201dalquila\u201d. Den gamla badorten Torremolinos har drabbats h\u00e5rt av den ekonomiska krisen. Mcdonald&#39;s, Zara, Mango och Carrefour har slagit igen liksom gamla klassiska lokala m\u00e4rkesbutiker som Manferga, Glamour Tobaruela och El Goloso.<\/p>\n<p>Detta samtidigt som Torremolinos redovisar flest hotell\u00f6vernattningar av samtliga turistorter i provinsen. Senast redovisade Torremolinos 4.627.000 \u00f6vernattningar, det var dubbelt s\u00e5 m\u00e5nga som Marbella!<br \/>\nDen stora paradoxen. Torremolinos \u00e4r l\u00e5gbudget och turister med svag k\u00f6pkraft g\u00e5r inte ut och shoppar. Och p\u00e5 hotellen har g\u00e4sterna \u201dall inclusive\u201d, de g\u00e5r inte ut och \u00e4ter.<br \/>\nLa Caixas ekonomiska \u00e5rsbok f\u00f6r 2012 visar att 1.262 aff\u00e4rsr\u00f6relser drev detaljhandel i Torremolinos. \u00c5ret innan var det 1.360. Det kan j\u00e4mf\u00f6ras med 1.786 aff\u00e4rsr\u00f6relser som var ig\u00e5ng 2008.<br \/>\n  Pedro P\u00e9rez, sekreterare vid Asociaci\u00f3n de Fomento, s\u00e4ger till tidningen Diario SUR att 50 procent av de lokaler som finns \u00e4r st\u00e4ngda. Det kan j\u00e4mf\u00f6ras med 1980-talet d\u00e5 Torremolinos ans\u00e5gs vara provinsens kommersiella centrum dit internationella k\u00f6pare flyttade.<\/p>\n<p>Nu har calle San Miguel f\u00f6rlorat sin kommersiella dragningskraft liksom shoppingkvarteren runt Palma de Mallorca, Casablanca och de sm\u00e5 shoppinggatorna vid plaza de Andaluc\u00eda. Turisterna h\u00e5ller till l\u00e4ngs strandpromenaden.<br \/>\nCristina Jim\u00e9nez, \u00e4gare till butiken Spagnolo, p\u00e5 avenida Palma de Mallorca s\u00e4ger till tidningen:<br \/>\n\u201dTorremolinos \u00e4r d\u00f6ende. Jag har aldrig sett s\u00e5 m\u00e5nga st\u00e4ngda butiker som nu. Den traditionella handeln \u00e4r s\u00e5 gott som d\u00f6d\u201d.<\/p>\n<p>Vad \u00e4r d\u00e5 orsaken till den trista nedg\u00e5ngen? Borgm\u00e4staren Pedro Fern\u00e1ndez Montes skyller nedg\u00e5ngen p\u00e5 bristen av f\u00f6rnyelse i branschen. Vid sin ny\u00e5rsh\u00e4lsning sa borgm\u00e4staren att konsumenternas smak \u00e4r inte densamma som f\u00f6r tio \u00e5r sedan. Han p\u00e5minde ocks\u00e5 om att det klassiska erbjudandet som Torremolinos tidigare hade har spridit sig till andra platser.<\/p>\n<p>Juan Vallejo, sekreterare vid k\u00f6pm\u00e4nnens f\u00f6rening (Asociaci\u00f3n de Comerciantes y Empresarios) i Torremolinos har sin bild klar att det handlar om bristen p\u00e5 turister med kvalitet. Och den socialdemokratiska oppositionen med spr\u00e5kr\u00f6ret Jos\u00e9 Ort\u00edz i spetsen s\u00e4ger att Torremolinos m\u00e5ste titta p\u00e5 vad M\u00e1laga har gjort; fr\u00e4scha upp gator, torg och offentliga platser samt att f\u00e5 ig\u00e5ng den traditionella handeln.<\/p>\n","protected":false},"excerpt":{"rendered":"<p>Det kallas f\u00f6r \u201dLa paradoja de Torremolinos\u201d i provinsens st\u00f6rsta dagstidning Diario SUR. Paradoxen i Torremolinos. Platsen har flest hotell\u00f6vernattningar av samtliga badorter i provinsen. Trots det \u00e4r centrum folktomt kv\u00e4llstid och butikslokaler gapar tomma. Av Ola Josefsson Calle San Miguel \u00e4r symbolen f\u00f6r turistn\u00e4ringen p\u00e5 den spanska Solkusten. Men det \u00e4r inte vad det [&hellip;]<\/p>\n","protected":false},"author":8,"featured_media":4656,"comment_status":"open","ping_status":"open","sticky":false,"template":"","format":"standard","meta":{"_et_pb_use_builder":"","_et_pb_old_content":"","_et_gb_content_width":"","footnotes":""},"categories":[396,4],"tags":[],"class_list":["post-4655","post","type-post","status-publish","format-standard","has-post-thumbnail","hentry","category-arkiv-artiklar","category-artiklar"],"yoast_head":"<!-- This site is optimized with the Yoast SEO Premium plugin v26.2 (Yoast SEO v27.5) - https:\/\/yoast.com\/product\/yoast-seo-premium-wordpress\/ -->\n<title>Turismen p\u00e5 Solkusten har tv\u00e5 ansikten \u2013 lyx och l\u00e5gbudget: Paradoxen i Torremolinos - Svenska Magasinet<\/title>\n<meta name=\"robots\" content=\"noindex, follow, max-snippet:-1, max-image-preview:large, max-video-preview:-1\" \/>\n<meta property=\"og:locale\" content=\"sv_SE\" \/>\n<meta property=\"og:type\" content=\"article\" \/>\n<meta property=\"og:title\" content=\"Turismen p\u00e5 Solkusten har tv\u00e5 ansikten \u2013 lyx och l\u00e5gbudget: Paradoxen i Torremolinos\" \/>\n<meta property=\"og:description\" content=\"Det kallas f\u00f6r \u201dLa paradoja de Torremolinos\u201d i provinsens st\u00f6rsta dagstidning Diario SUR. Paradoxen i Torremolinos. Platsen har flest hotell\u00f6vernattningar av samtliga badorter i provinsen. Trots det \u00e4r centrum folktomt kv\u00e4llstid och butikslokaler gapar tomma. Av Ola Josefsson Calle San Miguel \u00e4r symbolen f\u00f6r turistn\u00e4ringen p\u00e5 den spanska Solkusten. Men det \u00e4r inte vad det [&hellip;]\" \/>\n<meta property=\"og:url\" content=\"https:\/\/lightweb.dev\/l\/svm-temp\/artiklar\/turismen-pa-solkusten-har-tva-ansikten-lyx-och-lagbudget-paradoxen-i-torremolinos\/\" \/>\n<meta property=\"og:site_name\" content=\"Svenska Magasinet\" \/>\n<meta property=\"article:publisher\" content=\"https:\/\/www.facebook.com\/svenskamagasinet\" \/>\n<meta property=\"article:published_time\" content=\"2014-03-10T23:00:00+00:00\" \/>\n<meta property=\"og:image\" content=\"https:\/\/lightweb.dev\/l\/svm-temp\/wp-content\/uploads\/2022\/04\/turismen-p-solkusten-har-tv-ansikten-lyx-och-lgbudget-paradoxen-i-torremolinos.png\" \/>\n\t<meta property=\"og:image:width\" content=\"299\" \/>\n\t<meta property=\"og:image:height\" content=\"200\" \/>\n\t<meta property=\"og:image:type\" content=\"image\/png\" \/>\n<meta name=\"author\" content=\"Redaktionen SvM\" \/>\n<meta name=\"twitter:card\" content=\"summary_large_image\" \/>\n<meta name=\"twitter:creator\" content=\"@SvenskaMagasine\" \/>\n<meta name=\"twitter:site\" content=\"@SvenskaMagasine\" \/>\n<script type=\"application\/ld+json\" class=\"yoast-schema-graph\">{\"@context\":\"https:\\\/\\\/schema.org\",\"@graph\":[{\"@type\":\"Article\",\"@id\":\"https:\\\/\\\/lightweb.dev\\\/l\\\/svm-temp\\\/artiklar\\\/turismen-pa-solkusten-har-tva-ansikten-lyx-och-lagbudget-paradoxen-i-torremolinos\\\/#article\",\"isPartOf\":{\"@id\":\"https:\\\/\\\/lightweb.dev\\\/l\\\/svm-temp\\\/artiklar\\\/turismen-pa-solkusten-har-tva-ansikten-lyx-och-lagbudget-paradoxen-i-torremolinos\\\/\"},\"author\":{\"name\":\"Redaktionen SvM\",\"@id\":\"https:\\\/\\\/lightweb.dev\\\/l\\\/svm-temp\\\/#\\\/schema\\\/person\\\/206a3bda5b607b0c25e1749191e4d837\"},\"headline\":\"Turismen p\u00e5 Solkusten har tv\u00e5 ansikten \u2013 lyx och l\u00e5gbudget: Paradoxen i Torremolinos\",\"datePublished\":\"2014-03-10T23:00:00+00:00\",\"mainEntityOfPage\":{\"@id\":\"https:\\\/\\\/lightweb.dev\\\/l\\\/svm-temp\\\/artiklar\\\/turismen-pa-solkusten-har-tva-ansikten-lyx-och-lagbudget-paradoxen-i-torremolinos\\\/\"},\"wordCount\":502,\"commentCount\":0,\"publisher\":{\"@id\":\"https:\\\/\\\/lightweb.dev\\\/l\\\/svm-temp\\\/#organization\"},\"image\":{\"@id\":\"https:\\\/\\\/lightweb.dev\\\/l\\\/svm-temp\\\/artiklar\\\/turismen-pa-solkusten-har-tva-ansikten-lyx-och-lagbudget-paradoxen-i-torremolinos\\\/#primaryimage\"},\"thumbnailUrl\":\"https:\\\/\\\/lightweb.dev\\\/l\\\/svm-temp\\\/wp-content\\\/uploads\\\/2022\\\/04\\\/turismen-p-solkusten-har-tv-ansikten-lyx-och-lgbudget-paradoxen-i-torremolinos.png\",\"articleSection\":[\"Arkiv\",\"Artiklar\"],\"inLanguage\":\"sv-SE\"},{\"@type\":\"WebPage\",\"@id\":\"https:\\\/\\\/lightweb.dev\\\/l\\\/svm-temp\\\/artiklar\\\/turismen-pa-solkusten-har-tva-ansikten-lyx-och-lagbudget-paradoxen-i-torremolinos\\\/\",\"url\":\"https:\\\/\\\/lightweb.dev\\\/l\\\/svm-temp\\\/artiklar\\\/turismen-pa-solkusten-har-tva-ansikten-lyx-och-lagbudget-paradoxen-i-torremolinos\\\/\",\"name\":\"Turismen p\u00e5 Solkusten har tv\u00e5 ansikten \u2013 lyx och l\u00e5gbudget: Paradoxen i Torremolinos - Svenska Magasinet\",\"isPartOf\":{\"@id\":\"https:\\\/\\\/lightweb.dev\\\/l\\\/svm-temp\\\/#website\"},\"primaryImageOfPage\":{\"@id\":\"https:\\\/\\\/lightweb.dev\\\/l\\\/svm-temp\\\/artiklar\\\/turismen-pa-solkusten-har-tva-ansikten-lyx-och-lagbudget-paradoxen-i-torremolinos\\\/#primaryimage\"},\"image\":{\"@id\":\"https:\\\/\\\/lightweb.dev\\\/l\\\/svm-temp\\\/artiklar\\\/turismen-pa-solkusten-har-tva-ansikten-lyx-och-lagbudget-paradoxen-i-torremolinos\\\/#primaryimage\"},\"thumbnailUrl\":\"https:\\\/\\\/lightweb.dev\\\/l\\\/svm-temp\\\/wp-content\\\/uploads\\\/2022\\\/04\\\/turismen-p-solkusten-har-tv-ansikten-lyx-och-lgbudget-paradoxen-i-torremolinos.png\",\"datePublished\":\"2014-03-10T23:00:00+00:00\",\"breadcrumb\":{\"@id\":\"https:\\\/\\\/lightweb.dev\\\/l\\\/svm-temp\\\/artiklar\\\/turismen-pa-solkusten-har-tva-ansikten-lyx-och-lagbudget-paradoxen-i-torremolinos\\\/#breadcrumb\"},\"inLanguage\":\"sv-SE\",\"potentialAction\":[{\"@type\":\"ReadAction\",\"target\":[\"https:\\\/\\\/lightweb.dev\\\/l\\\/svm-temp\\\/artiklar\\\/turismen-pa-solkusten-har-tva-ansikten-lyx-och-lagbudget-paradoxen-i-torremolinos\\\/\"]}]},{\"@type\":\"ImageObject\",\"inLanguage\":\"sv-SE\",\"@id\":\"https:\\\/\\\/lightweb.dev\\\/l\\\/svm-temp\\\/artiklar\\\/turismen-pa-solkusten-har-tva-ansikten-lyx-och-lagbudget-paradoxen-i-torremolinos\\\/#primaryimage\",\"url\":\"https:\\\/\\\/lightweb.dev\\\/l\\\/svm-temp\\\/wp-content\\\/uploads\\\/2022\\\/04\\\/turismen-p-solkusten-har-tv-ansikten-lyx-och-lgbudget-paradoxen-i-torremolinos.png\",\"contentUrl\":\"https:\\\/\\\/lightweb.dev\\\/l\\\/svm-temp\\\/wp-content\\\/uploads\\\/2022\\\/04\\\/turismen-p-solkusten-har-tv-ansikten-lyx-och-lgbudget-paradoxen-i-torremolinos.png\",\"width\":299,\"height\":200},{\"@type\":\"BreadcrumbList\",\"@id\":\"https:\\\/\\\/lightweb.dev\\\/l\\\/svm-temp\\\/artiklar\\\/turismen-pa-solkusten-har-tva-ansikten-lyx-och-lagbudget-paradoxen-i-torremolinos\\\/#breadcrumb\",\"itemListElement\":[{\"@type\":\"ListItem\",\"position\":1,\"name\":\"Hem\",\"item\":\"https:\\\/\\\/lightweb.dev\\\/l\\\/svm-temp\\\/\"},{\"@type\":\"ListItem\",\"position\":2,\"name\":\"Turismen p\u00e5 Solkusten har tv\u00e5 ansikten \u2013 lyx och l\u00e5gbudget: Paradoxen i Torremolinos\"}]},{\"@type\":\"WebSite\",\"@id\":\"https:\\\/\\\/lightweb.dev\\\/l\\\/svm-temp\\\/#website\",\"url\":\"https:\\\/\\\/lightweb.dev\\\/l\\\/svm-temp\\\/\",\"name\":\"Svenska Magasinet\",\"description\":\"Dina Spanska nyheter p&aring; Svenska\",\"publisher\":{\"@id\":\"https:\\\/\\\/lightweb.dev\\\/l\\\/svm-temp\\\/#organization\"},\"potentialAction\":[{\"@type\":\"SearchAction\",\"target\":{\"@type\":\"EntryPoint\",\"urlTemplate\":\"https:\\\/\\\/lightweb.dev\\\/l\\\/svm-temp\\\/?s={search_term_string}\"},\"query-input\":{\"@type\":\"PropertyValueSpecification\",\"valueRequired\":true,\"valueName\":\"search_term_string\"}}],\"inLanguage\":\"sv-SE\"},{\"@type\":\"Organization\",\"@id\":\"https:\\\/\\\/lightweb.dev\\\/l\\\/svm-temp\\\/#organization\",\"name\":\"Melkerson y Nott SL\",\"alternateName\":\"Svenska Magasinet\",\"url\":\"https:\\\/\\\/lightweb.dev\\\/l\\\/svm-temp\\\/\",\"logo\":{\"@type\":\"ImageObject\",\"inLanguage\":\"sv-SE\",\"@id\":\"https:\\\/\\\/lightweb.dev\\\/l\\\/svm-temp\\\/#\\\/schema\\\/logo\\\/image\\\/\",\"url\":\"https:\\\/\\\/lightweb.dev\\\/l\\\/svm-temp\\\/wp-content\\\/uploads\\\/2025\\\/02\\\/SvM-logo-Xtra-Centrerad-SVART.png\",\"contentUrl\":\"https:\\\/\\\/lightweb.dev\\\/l\\\/svm-temp\\\/wp-content\\\/uploads\\\/2025\\\/02\\\/SvM-logo-Xtra-Centrerad-SVART.png\",\"width\":300,\"height\":99,\"caption\":\"Melkerson y Nott SL\"},\"image\":{\"@id\":\"https:\\\/\\\/lightweb.dev\\\/l\\\/svm-temp\\\/#\\\/schema\\\/logo\\\/image\\\/\"},\"sameAs\":[\"https:\\\/\\\/www.facebook.com\\\/svenskamagasinet\",\"https:\\\/\\\/x.com\\\/SvenskaMagasine\"]},{\"@type\":\"Person\",\"@id\":\"https:\\\/\\\/lightweb.dev\\\/l\\\/svm-temp\\\/#\\\/schema\\\/person\\\/206a3bda5b607b0c25e1749191e4d837\",\"name\":\"Redaktionen SvM\",\"description\":\"Redaktionen\",\"sameAs\":[\"https:\\\/\\\/lightweb.dev\\\/l\\\/svm-temp\"],\"url\":\"https:\\\/\\\/lightweb.dev\\\/l\\\/svm-temp\\\/reporter\\\/redaktionen\\\/\"}]}<\/script>\n<!-- \/ Yoast SEO Premium plugin. -->","yoast_head_json":{"title":"Turismen p\u00e5 Solkusten har tv\u00e5 ansikten \u2013 lyx och l\u00e5gbudget: Paradoxen i Torremolinos - Svenska Magasinet","robots":{"index":"noindex","follow":"follow","max-snippet":"max-snippet:-1","max-image-preview":"max-image-preview:large","max-video-preview":"max-video-preview:-1"},"og_locale":"sv_SE","og_type":"article","og_title":"Turismen p\u00e5 Solkusten har tv\u00e5 ansikten \u2013 lyx och l\u00e5gbudget: Paradoxen i Torremolinos","og_description":"Det kallas f\u00f6r \u201dLa paradoja de Torremolinos\u201d i provinsens st\u00f6rsta dagstidning Diario SUR. Paradoxen i Torremolinos. Platsen har flest hotell\u00f6vernattningar av samtliga badorter i provinsen. Trots det \u00e4r centrum folktomt kv\u00e4llstid och butikslokaler gapar tomma. Av Ola Josefsson Calle San Miguel \u00e4r symbolen f\u00f6r turistn\u00e4ringen p\u00e5 den spanska Solkusten. Men det \u00e4r inte vad det [&hellip;]","og_url":"https:\/\/lightweb.dev\/l\/svm-temp\/artiklar\/turismen-pa-solkusten-har-tva-ansikten-lyx-och-lagbudget-paradoxen-i-torremolinos\/","og_site_name":"Svenska Magasinet","article_publisher":"https:\/\/www.facebook.com\/svenskamagasinet","article_published_time":"2014-03-10T23:00:00+00:00","og_image":[{"width":299,"height":200,"url":"https:\/\/lightweb.dev\/l\/svm-temp\/wp-content\/uploads\/2022\/04\/turismen-p-solkusten-har-tv-ansikten-lyx-och-lgbudget-paradoxen-i-torremolinos.png","type":"image\/png"}],"author":"Redaktionen SvM","twitter_card":"summary_large_image","twitter_creator":"@SvenskaMagasine","twitter_site":"@SvenskaMagasine","schema":{"@context":"https:\/\/schema.org","@graph":[{"@type":"Article","@id":"https:\/\/lightweb.dev\/l\/svm-temp\/artiklar\/turismen-pa-solkusten-har-tva-ansikten-lyx-och-lagbudget-paradoxen-i-torremolinos\/#article","isPartOf":{"@id":"https:\/\/lightweb.dev\/l\/svm-temp\/artiklar\/turismen-pa-solkusten-har-tva-ansikten-lyx-och-lagbudget-paradoxen-i-torremolinos\/"},"author":{"name":"Redaktionen SvM","@id":"https:\/\/lightweb.dev\/l\/svm-temp\/#\/schema\/person\/206a3bda5b607b0c25e1749191e4d837"},"headline":"Turismen p\u00e5 Solkusten har tv\u00e5 ansikten \u2013 lyx och l\u00e5gbudget: Paradoxen i Torremolinos","datePublished":"2014-03-10T23:00:00+00:00","mainEntityOfPage":{"@id":"https:\/\/lightweb.dev\/l\/svm-temp\/artiklar\/turismen-pa-solkusten-har-tva-ansikten-lyx-och-lagbudget-paradoxen-i-torremolinos\/"},"wordCount":502,"commentCount":0,"publisher":{"@id":"https:\/\/lightweb.dev\/l\/svm-temp\/#organization"},"image":{"@id":"https:\/\/lightweb.dev\/l\/svm-temp\/artiklar\/turismen-pa-solkusten-har-tva-ansikten-lyx-och-lagbudget-paradoxen-i-torremolinos\/#primaryimage"},"thumbnailUrl":"https:\/\/lightweb.dev\/l\/svm-temp\/wp-content\/uploads\/2022\/04\/turismen-p-solkusten-har-tv-ansikten-lyx-och-lgbudget-paradoxen-i-torremolinos.png","articleSection":["Arkiv","Artiklar"],"inLanguage":"sv-SE"},{"@type":"WebPage","@id":"https:\/\/lightweb.dev\/l\/svm-temp\/artiklar\/turismen-pa-solkusten-har-tva-ansikten-lyx-och-lagbudget-paradoxen-i-torremolinos\/","url":"https:\/\/lightweb.dev\/l\/svm-temp\/artiklar\/turismen-pa-solkusten-har-tva-ansikten-lyx-och-lagbudget-paradoxen-i-torremolinos\/","name":"Turismen p\u00e5 Solkusten har tv\u00e5 ansikten \u2013 lyx och l\u00e5gbudget: Paradoxen i Torremolinos - Svenska Magasinet","isPartOf":{"@id":"https:\/\/lightweb.dev\/l\/svm-temp\/#website"},"primaryImageOfPage":{"@id":"https:\/\/lightweb.dev\/l\/svm-temp\/artiklar\/turismen-pa-solkusten-har-tva-ansikten-lyx-och-lagbudget-paradoxen-i-torremolinos\/#primaryimage"},"image":{"@id":"https:\/\/lightweb.dev\/l\/svm-temp\/artiklar\/turismen-pa-solkusten-har-tva-ansikten-lyx-och-lagbudget-paradoxen-i-torremolinos\/#primaryimage"},"thumbnailUrl":"https:\/\/lightweb.dev\/l\/svm-temp\/wp-content\/uploads\/2022\/04\/turismen-p-solkusten-har-tv-ansikten-lyx-och-lgbudget-paradoxen-i-torremolinos.png","datePublished":"2014-03-10T23:00:00+00:00","breadcrumb":{"@id":"https:\/\/lightweb.dev\/l\/svm-temp\/artiklar\/turismen-pa-solkusten-har-tva-ansikten-lyx-och-lagbudget-paradoxen-i-torremolinos\/#breadcrumb"},"inLanguage":"sv-SE","potentialAction":[{"@type":"ReadAction","target":["https:\/\/lightweb.dev\/l\/svm-temp\/artiklar\/turismen-pa-solkusten-har-tva-ansikten-lyx-och-lagbudget-paradoxen-i-torremolinos\/"]}]},{"@type":"ImageObject","inLanguage":"sv-SE","@id":"https:\/\/lightweb.dev\/l\/svm-temp\/artiklar\/turismen-pa-solkusten-har-tva-ansikten-lyx-och-lagbudget-paradoxen-i-torremolinos\/#primaryimage","url":"https:\/\/lightweb.dev\/l\/svm-temp\/wp-content\/uploads\/2022\/04\/turismen-p-solkusten-har-tv-ansikten-lyx-och-lgbudget-paradoxen-i-torremolinos.png","contentUrl":"https:\/\/lightweb.dev\/l\/svm-temp\/wp-content\/uploads\/2022\/04\/turismen-p-solkusten-har-tv-ansikten-lyx-och-lgbudget-paradoxen-i-torremolinos.png","width":299,"height":200},{"@type":"BreadcrumbList","@id":"https:\/\/lightweb.dev\/l\/svm-temp\/artiklar\/turismen-pa-solkusten-har-tva-ansikten-lyx-och-lagbudget-paradoxen-i-torremolinos\/#breadcrumb","itemListElement":[{"@type":"ListItem","position":1,"name":"Hem","item":"https:\/\/lightweb.dev\/l\/svm-temp\/"},{"@type":"ListItem","position":2,"name":"Turismen p\u00e5 Solkusten har tv\u00e5 ansikten \u2013 lyx och l\u00e5gbudget: Paradoxen i Torremolinos"}]},{"@type":"WebSite","@id":"https:\/\/lightweb.dev\/l\/svm-temp\/#website","url":"https:\/\/lightweb.dev\/l\/svm-temp\/","name":"Svenska Magasinet","description":"Dina Spanska nyheter p&aring; Svenska","publisher":{"@id":"https:\/\/lightweb.dev\/l\/svm-temp\/#organization"},"potentialAction":[{"@type":"SearchAction","target":{"@type":"EntryPoint","urlTemplate":"https:\/\/lightweb.dev\/l\/svm-temp\/?s={search_term_string}"},"query-input":{"@type":"PropertyValueSpecification","valueRequired":true,"valueName":"search_term_string"}}],"inLanguage":"sv-SE"},{"@type":"Organization","@id":"https:\/\/lightweb.dev\/l\/svm-temp\/#organization","name":"Melkerson y Nott SL","alternateName":"Svenska Magasinet","url":"https:\/\/lightweb.dev\/l\/svm-temp\/","logo":{"@type":"ImageObject","inLanguage":"sv-SE","@id":"https:\/\/lightweb.dev\/l\/svm-temp\/#\/schema\/logo\/image\/","url":"https:\/\/lightweb.dev\/l\/svm-temp\/wp-content\/uploads\/2025\/02\/SvM-logo-Xtra-Centrerad-SVART.png","contentUrl":"https:\/\/lightweb.dev\/l\/svm-temp\/wp-content\/uploads\/2025\/02\/SvM-logo-Xtra-Centrerad-SVART.png","width":300,"height":99,"caption":"Melkerson y Nott SL"},"image":{"@id":"https:\/\/lightweb.dev\/l\/svm-temp\/#\/schema\/logo\/image\/"},"sameAs":["https:\/\/www.facebook.com\/svenskamagasinet","https:\/\/x.com\/SvenskaMagasine"]},{"@type":"Person","@id":"https:\/\/lightweb.dev\/l\/svm-temp\/#\/schema\/person\/206a3bda5b607b0c25e1749191e4d837","name":"Redaktionen SvM","description":"Redaktionen","sameAs":["https:\/\/lightweb.dev\/l\/svm-temp"],"url":"https:\/\/lightweb.dev\/l\/svm-temp\/reporter\/redaktionen\/"}]}},"_links":{"self":[{"href":"https:\/\/lightweb.dev\/l\/svm-temp\/wp-json\/wp\/v2\/posts\/4655","targetHints":{"allow":["GET"]}}],"collection":[{"href":"https:\/\/lightweb.dev\/l\/svm-temp\/wp-json\/wp\/v2\/posts"}],"about":[{"href":"https:\/\/lightweb.dev\/l\/svm-temp\/wp-json\/wp\/v2\/types\/post"}],"author":[{"embeddable":true,"href":"https:\/\/lightweb.dev\/l\/svm-temp\/wp-json\/wp\/v2\/users\/8"}],"replies":[{"embeddable":true,"href":"https:\/\/lightweb.dev\/l\/svm-temp\/wp-json\/wp\/v2\/comments?post=4655"}],"version-history":[{"count":0,"href":"https:\/\/lightweb.dev\/l\/svm-temp\/wp-json\/wp\/v2\/posts\/4655\/revisions"}],"wp:featuredmedia":[{"embeddable":true,"href":"https:\/\/lightweb.dev\/l\/svm-temp\/wp-json\/wp\/v2\/media\/4656"}],"wp:attachment":[{"href":"https:\/\/lightweb.dev\/l\/svm-temp\/wp-json\/wp\/v2\/media?parent=4655"}],"wp:term":[{"taxonomy":"category","embeddable":true,"href":"https:\/\/lightweb.dev\/l\/svm-temp\/wp-json\/wp\/v2\/categories?post=4655"},{"taxonomy":"post_tag","embeddable":true,"href":"https:\/\/lightweb.dev\/l\/svm-temp\/wp-json\/wp\/v2\/tags?post=4655"}],"curies":[{"name":"wp","href":"https:\/\/api.w.org\/{rel}","templated":true}]}}