{"id":4666,"date":"2014-02-18T00:00:00","date_gmt":"2014-02-17T23:00:00","guid":{"rendered":"https:\/\/lightweb.dev\/l\/svm-temp\/snart-dags-att-deklarera-2013-ars-inkomster\/"},"modified":"2014-02-18T00:00:00","modified_gmt":"2014-02-17T23:00:00","slug":"snart-dags-att-deklarera-2013-ars-inkomster","status":"publish","type":"post","link":"https:\/\/lightweb.dev\/l\/svm-temp\/artiklar\/snart-dags-att-deklarera-2013-ars-inkomster\/","title":{"rendered":"Snart dags att deklarera 2013 \u00e5rs inkomster"},"content":{"rendered":"<p> Du som \u00e4r resident i Spanien minst sex m\u00e5nader under 2013 f\u00f6rv\u00e4ntas deklarera dina inkomster under perioden maj-juni 2014. Om du f\u00e5r restskatt skall den betalas med 60 eller 100 % den dag deklarationen l\u00e4mnas in. Resten skall betalas den 5 november. Om dessa datum respekteras tillkommer ingen avgift. Av Bo Wennertorp<\/p>\n<p>Eftersom de flesta inkomster som kommer fr\u00e5n Sverige redan har beskattats med SINK m\u00e5ste den spanska skatten \u00e5terkr\u00e4vas fr\u00e5n svenska skatteverket.<\/p>\n<p>De inkomster som kan bli aktuella \u00e4r tex pensioner, l\u00f6ner, utdelningar, r\u00e4nteinkomster, uthyrning av bostaden, v\u00e4rdepappersaff\u00e4rer. Nytt f\u00f6r i \u00e5r \u00e4r att vinster\/f\u00f6rluster p\u00e5 v\u00e4rdepappersaff\u00e4rer med en innehavstid p\u00e5 mindre \u00e4n ett \u00e5r r\u00e4knas som inkomst av tj\u00e4nst. Beroende p\u00e5 din inkomst kan detta vara en f\u00f6rdel men det kan ocks\u00e5 bli en nackdel. Detta beror p\u00e5 din inkomst. Om pensionen\/l\u00f6nen per \u00e5r understiger ca 50,000\u20ac kan du bli en vinnare. Men om samma inkomst \u00f6verstiger ca 50,000\u20ac kan du komma att f\u00f6rlora.<\/p>\n<p>Som avdrag m\u00e4rks fr\u00e4mst f\u00f6rs\u00f6rjningsb\u00f6rda, r\u00e4ntor och amorteringar p\u00e5 permanentbostad, betald pensionsf\u00f6rs\u00e4kringspremie. Avseende utdelningar finns ett fribelopp om 1,500\u20ac.<\/p>\n<p>Makar f\u00e5r v\u00e4lja mellan att s\u00e4r- och sambeskatta sina inkomster.<\/p>\n<p>T\u00e4nk p\u00e5 att spanska skatteverket f\u00e5r kontrolluppgift fr\u00e5n Sverige avseende pensioner, v\u00e4rdepappersaff\u00e4rer, r\u00e4ntor och utdelningar.<\/p>\n<p>Spansk f\u00f6rm\u00f6genhetsdeklaration 2013<br \/>\nDu som har en f\u00f6rm\u00f6genhet per den 31 dec 2013 f\u00f6rv\u00e4ntas deklarera denna. Varje make deklarerar sin f\u00f6rm\u00f6genhet. Sambeskattning finns ej avseende f\u00f6rm\u00f6genhet. Fribelopp som m\u00e5ste anses gynnsamma finns. F\u00f6r permanentbostaden \u00e4r grundavdraget 300,000\u20ac per del\u00e4gare. F\u00f6r \u00f6vrig f\u00f6rm\u00f6genhetsmassa \u00e4r grundavdraget 700,000\u20ac per del\u00e4gare. Deklaration beh\u00f6ver enbart avl\u00e4mnas om inkomsten \u00f6verstiger grundavdraget.<\/p>\n<p>Blankett 720<br \/>\nDenna informationsblankett inf\u00f6rdes f\u00f6rra \u00e5ret. Man skall d\u00e4r informera spanska skatteverket om f\u00f6rm\u00f6genhetsmassa utanf\u00f6r Spanien. Informationen skall uppdelas i tre omr\u00e5den. Dessa omr\u00e5den \u00e4r bankmedel, v\u00e4rdepapper och fastigheter. Om endera gruppen \u00f6verstiger 50,000\u20ac skall all f\u00f6rm\u00f6genhetsmassa i den gruppen rapporteras. I princip ser blanketten ut som f\u00f6reg\u00e5ende \u00e5r och samma information skall rapporteras Denna blankett \u00e4r enbart f\u00f6r information. Och n\u00e5gon skatt ber\u00e4knas ej p\u00e5 bl 720. Senaste datum f\u00f6r att rapportera \u00e4r den 31 mars.<br \/>\nOm du uppr\u00e4ttade blankett 720 f\u00f6rra \u00e5ret m\u00e5ste du g\u00f6ra detta i \u00e5r under f\u00f6ruts\u00e4ttning att endera gruppen stigit med minst 20,000\u20ac eller att n\u00e5got konto avslutats under 2013. Om du hade ett bankkonto om 30,000\u20ac i bank A och ett liknande belopp i bank B 2012 beh\u00f6ver du bara g\u00f6ra ny blankett i \u00e5r om saldot \u00f6kat till minst 80,000\u20ac eller om endera kontot avslutats.<\/p>\n<p>Svensk deklaration<br \/>\nI mars f\u00e5r en del en f\u00f6rtryckt deklaration. F\u00f6r de flesta g\u00e4ller att den normalt kan besvaras via internet eller SMS.<\/p>\n<p>Denna information har f\u00f6rfattats av Bo Wennertorp vid den svenska revisionsbyr\u00e5n Global Accounting i Marbella. Du kan n\u00e5 Bo p\u00e5 mail: bosse@globalaccounting.es eller via telefon 952 82 82 52<\/p>\n","protected":false},"excerpt":{"rendered":"<p>Du som \u00e4r resident i Spanien minst sex m\u00e5nader under 2013 f\u00f6rv\u00e4ntas deklarera dina inkomster under perioden maj-juni 2014. Om du f\u00e5r restskatt skall den betalas med 60 eller 100 % den dag deklarationen l\u00e4mnas in. Resten skall betalas den 5 november. Om dessa datum respekteras tillkommer ingen avgift. Av Bo Wennertorp Eftersom de flesta [&hellip;]<\/p>\n","protected":false},"author":8,"featured_media":4667,"comment_status":"open","ping_status":"open","sticky":false,"template":"","format":"standard","meta":{"_et_pb_use_builder":"","_et_pb_old_content":"","_et_gb_content_width":"","footnotes":""},"categories":[396,4],"tags":[],"class_list":["post-4666","post","type-post","status-publish","format-standard","has-post-thumbnail","hentry","category-arkiv-artiklar","category-artiklar"],"yoast_head":"<!-- This site is optimized with the Yoast SEO Premium plugin v26.2 (Yoast SEO v27.5) - https:\/\/yoast.com\/product\/yoast-seo-premium-wordpress\/ -->\n<title>Snart dags att deklarera 2013 \u00e5rs inkomster - Svenska Magasinet<\/title>\n<meta name=\"robots\" content=\"noindex, follow, max-snippet:-1, max-image-preview:large, max-video-preview:-1\" \/>\n<meta property=\"og:locale\" content=\"sv_SE\" \/>\n<meta property=\"og:type\" content=\"article\" \/>\n<meta property=\"og:title\" content=\"Snart dags att deklarera 2013 \u00e5rs inkomster\" \/>\n<meta property=\"og:description\" content=\"Du som \u00e4r resident i Spanien minst sex m\u00e5nader under 2013 f\u00f6rv\u00e4ntas deklarera dina inkomster under perioden maj-juni 2014. Om du f\u00e5r restskatt skall den betalas med 60 eller 100 % den dag deklarationen l\u00e4mnas in. Resten skall betalas den 5 november. Om dessa datum respekteras tillkommer ingen avgift. Av Bo Wennertorp Eftersom de flesta [&hellip;]\" \/>\n<meta property=\"og:url\" content=\"https:\/\/lightweb.dev\/l\/svm-temp\/artiklar\/snart-dags-att-deklarera-2013-ars-inkomster\/\" \/>\n<meta property=\"og:site_name\" content=\"Svenska Magasinet\" \/>\n<meta property=\"article:publisher\" content=\"https:\/\/www.facebook.com\/svenskamagasinet\" \/>\n<meta property=\"article:published_time\" content=\"2014-02-17T23:00:00+00:00\" \/>\n<meta property=\"og:image\" content=\"https:\/\/lightweb.dev\/l\/svm-temp\/wp-content\/uploads\/2022\/04\/snart-dags-att-deklarera-2013-rs-inkomster.png\" \/>\n\t<meta property=\"og:image:width\" content=\"280\" \/>\n\t<meta property=\"og:image:height\" content=\"203\" \/>\n\t<meta property=\"og:image:type\" content=\"image\/png\" \/>\n<meta name=\"author\" content=\"Redaktionen SvM\" \/>\n<meta name=\"twitter:card\" content=\"summary_large_image\" \/>\n<meta name=\"twitter:creator\" content=\"@SvenskaMagasine\" \/>\n<meta name=\"twitter:site\" content=\"@SvenskaMagasine\" \/>\n<script type=\"application\/ld+json\" class=\"yoast-schema-graph\">{\"@context\":\"https:\\\/\\\/schema.org\",\"@graph\":[{\"@type\":\"Article\",\"@id\":\"https:\\\/\\\/lightweb.dev\\\/l\\\/svm-temp\\\/artiklar\\\/snart-dags-att-deklarera-2013-ars-inkomster\\\/#article\",\"isPartOf\":{\"@id\":\"https:\\\/\\\/lightweb.dev\\\/l\\\/svm-temp\\\/artiklar\\\/snart-dags-att-deklarera-2013-ars-inkomster\\\/\"},\"author\":{\"name\":\"Redaktionen SvM\",\"@id\":\"https:\\\/\\\/lightweb.dev\\\/l\\\/svm-temp\\\/#\\\/schema\\\/person\\\/206a3bda5b607b0c25e1749191e4d837\"},\"headline\":\"Snart dags att deklarera 2013 \u00e5rs inkomster\",\"datePublished\":\"2014-02-17T23:00:00+00:00\",\"mainEntityOfPage\":{\"@id\":\"https:\\\/\\\/lightweb.dev\\\/l\\\/svm-temp\\\/artiklar\\\/snart-dags-att-deklarera-2013-ars-inkomster\\\/\"},\"wordCount\":523,\"commentCount\":0,\"publisher\":{\"@id\":\"https:\\\/\\\/lightweb.dev\\\/l\\\/svm-temp\\\/#organization\"},\"image\":{\"@id\":\"https:\\\/\\\/lightweb.dev\\\/l\\\/svm-temp\\\/artiklar\\\/snart-dags-att-deklarera-2013-ars-inkomster\\\/#primaryimage\"},\"thumbnailUrl\":\"https:\\\/\\\/lightweb.dev\\\/l\\\/svm-temp\\\/wp-content\\\/uploads\\\/2022\\\/04\\\/snart-dags-att-deklarera-2013-rs-inkomster.png\",\"articleSection\":[\"Arkiv\",\"Artiklar\"],\"inLanguage\":\"sv-SE\"},{\"@type\":\"WebPage\",\"@id\":\"https:\\\/\\\/lightweb.dev\\\/l\\\/svm-temp\\\/artiklar\\\/snart-dags-att-deklarera-2013-ars-inkomster\\\/\",\"url\":\"https:\\\/\\\/lightweb.dev\\\/l\\\/svm-temp\\\/artiklar\\\/snart-dags-att-deklarera-2013-ars-inkomster\\\/\",\"name\":\"Snart dags att deklarera 2013 \u00e5rs inkomster - Svenska Magasinet\",\"isPartOf\":{\"@id\":\"https:\\\/\\\/lightweb.dev\\\/l\\\/svm-temp\\\/#website\"},\"primaryImageOfPage\":{\"@id\":\"https:\\\/\\\/lightweb.dev\\\/l\\\/svm-temp\\\/artiklar\\\/snart-dags-att-deklarera-2013-ars-inkomster\\\/#primaryimage\"},\"image\":{\"@id\":\"https:\\\/\\\/lightweb.dev\\\/l\\\/svm-temp\\\/artiklar\\\/snart-dags-att-deklarera-2013-ars-inkomster\\\/#primaryimage\"},\"thumbnailUrl\":\"https:\\\/\\\/lightweb.dev\\\/l\\\/svm-temp\\\/wp-content\\\/uploads\\\/2022\\\/04\\\/snart-dags-att-deklarera-2013-rs-inkomster.png\",\"datePublished\":\"2014-02-17T23:00:00+00:00\",\"breadcrumb\":{\"@id\":\"https:\\\/\\\/lightweb.dev\\\/l\\\/svm-temp\\\/artiklar\\\/snart-dags-att-deklarera-2013-ars-inkomster\\\/#breadcrumb\"},\"inLanguage\":\"sv-SE\",\"potentialAction\":[{\"@type\":\"ReadAction\",\"target\":[\"https:\\\/\\\/lightweb.dev\\\/l\\\/svm-temp\\\/artiklar\\\/snart-dags-att-deklarera-2013-ars-inkomster\\\/\"]}]},{\"@type\":\"ImageObject\",\"inLanguage\":\"sv-SE\",\"@id\":\"https:\\\/\\\/lightweb.dev\\\/l\\\/svm-temp\\\/artiklar\\\/snart-dags-att-deklarera-2013-ars-inkomster\\\/#primaryimage\",\"url\":\"https:\\\/\\\/lightweb.dev\\\/l\\\/svm-temp\\\/wp-content\\\/uploads\\\/2022\\\/04\\\/snart-dags-att-deklarera-2013-rs-inkomster.png\",\"contentUrl\":\"https:\\\/\\\/lightweb.dev\\\/l\\\/svm-temp\\\/wp-content\\\/uploads\\\/2022\\\/04\\\/snart-dags-att-deklarera-2013-rs-inkomster.png\",\"width\":280,\"height\":203},{\"@type\":\"BreadcrumbList\",\"@id\":\"https:\\\/\\\/lightweb.dev\\\/l\\\/svm-temp\\\/artiklar\\\/snart-dags-att-deklarera-2013-ars-inkomster\\\/#breadcrumb\",\"itemListElement\":[{\"@type\":\"ListItem\",\"position\":1,\"name\":\"Hem\",\"item\":\"https:\\\/\\\/lightweb.dev\\\/l\\\/svm-temp\\\/\"},{\"@type\":\"ListItem\",\"position\":2,\"name\":\"Snart dags att deklarera 2013 \u00e5rs inkomster\"}]},{\"@type\":\"WebSite\",\"@id\":\"https:\\\/\\\/lightweb.dev\\\/l\\\/svm-temp\\\/#website\",\"url\":\"https:\\\/\\\/lightweb.dev\\\/l\\\/svm-temp\\\/\",\"name\":\"Svenska Magasinet\",\"description\":\"Dina Spanska nyheter p&aring; Svenska\",\"publisher\":{\"@id\":\"https:\\\/\\\/lightweb.dev\\\/l\\\/svm-temp\\\/#organization\"},\"potentialAction\":[{\"@type\":\"SearchAction\",\"target\":{\"@type\":\"EntryPoint\",\"urlTemplate\":\"https:\\\/\\\/lightweb.dev\\\/l\\\/svm-temp\\\/?s={search_term_string}\"},\"query-input\":{\"@type\":\"PropertyValueSpecification\",\"valueRequired\":true,\"valueName\":\"search_term_string\"}}],\"inLanguage\":\"sv-SE\"},{\"@type\":\"Organization\",\"@id\":\"https:\\\/\\\/lightweb.dev\\\/l\\\/svm-temp\\\/#organization\",\"name\":\"Melkerson y Nott SL\",\"alternateName\":\"Svenska Magasinet\",\"url\":\"https:\\\/\\\/lightweb.dev\\\/l\\\/svm-temp\\\/\",\"logo\":{\"@type\":\"ImageObject\",\"inLanguage\":\"sv-SE\",\"@id\":\"https:\\\/\\\/lightweb.dev\\\/l\\\/svm-temp\\\/#\\\/schema\\\/logo\\\/image\\\/\",\"url\":\"https:\\\/\\\/lightweb.dev\\\/l\\\/svm-temp\\\/wp-content\\\/uploads\\\/2025\\\/02\\\/SvM-logo-Xtra-Centrerad-SVART.png\",\"contentUrl\":\"https:\\\/\\\/lightweb.dev\\\/l\\\/svm-temp\\\/wp-content\\\/uploads\\\/2025\\\/02\\\/SvM-logo-Xtra-Centrerad-SVART.png\",\"width\":300,\"height\":99,\"caption\":\"Melkerson y Nott SL\"},\"image\":{\"@id\":\"https:\\\/\\\/lightweb.dev\\\/l\\\/svm-temp\\\/#\\\/schema\\\/logo\\\/image\\\/\"},\"sameAs\":[\"https:\\\/\\\/www.facebook.com\\\/svenskamagasinet\",\"https:\\\/\\\/x.com\\\/SvenskaMagasine\"]},{\"@type\":\"Person\",\"@id\":\"https:\\\/\\\/lightweb.dev\\\/l\\\/svm-temp\\\/#\\\/schema\\\/person\\\/206a3bda5b607b0c25e1749191e4d837\",\"name\":\"Redaktionen SvM\",\"description\":\"Redaktionen\",\"sameAs\":[\"https:\\\/\\\/lightweb.dev\\\/l\\\/svm-temp\"],\"url\":\"https:\\\/\\\/lightweb.dev\\\/l\\\/svm-temp\\\/reporter\\\/redaktionen\\\/\"}]}<\/script>\n<!-- \/ Yoast SEO Premium plugin. -->","yoast_head_json":{"title":"Snart dags att deklarera 2013 \u00e5rs inkomster - Svenska Magasinet","robots":{"index":"noindex","follow":"follow","max-snippet":"max-snippet:-1","max-image-preview":"max-image-preview:large","max-video-preview":"max-video-preview:-1"},"og_locale":"sv_SE","og_type":"article","og_title":"Snart dags att deklarera 2013 \u00e5rs inkomster","og_description":"Du som \u00e4r resident i Spanien minst sex m\u00e5nader under 2013 f\u00f6rv\u00e4ntas deklarera dina inkomster under perioden maj-juni 2014. Om du f\u00e5r restskatt skall den betalas med 60 eller 100 % den dag deklarationen l\u00e4mnas in. Resten skall betalas den 5 november. Om dessa datum respekteras tillkommer ingen avgift. Av Bo Wennertorp Eftersom de flesta [&hellip;]","og_url":"https:\/\/lightweb.dev\/l\/svm-temp\/artiklar\/snart-dags-att-deklarera-2013-ars-inkomster\/","og_site_name":"Svenska Magasinet","article_publisher":"https:\/\/www.facebook.com\/svenskamagasinet","article_published_time":"2014-02-17T23:00:00+00:00","og_image":[{"width":280,"height":203,"url":"https:\/\/lightweb.dev\/l\/svm-temp\/wp-content\/uploads\/2022\/04\/snart-dags-att-deklarera-2013-rs-inkomster.png","type":"image\/png"}],"author":"Redaktionen SvM","twitter_card":"summary_large_image","twitter_creator":"@SvenskaMagasine","twitter_site":"@SvenskaMagasine","schema":{"@context":"https:\/\/schema.org","@graph":[{"@type":"Article","@id":"https:\/\/lightweb.dev\/l\/svm-temp\/artiklar\/snart-dags-att-deklarera-2013-ars-inkomster\/#article","isPartOf":{"@id":"https:\/\/lightweb.dev\/l\/svm-temp\/artiklar\/snart-dags-att-deklarera-2013-ars-inkomster\/"},"author":{"name":"Redaktionen SvM","@id":"https:\/\/lightweb.dev\/l\/svm-temp\/#\/schema\/person\/206a3bda5b607b0c25e1749191e4d837"},"headline":"Snart dags att deklarera 2013 \u00e5rs inkomster","datePublished":"2014-02-17T23:00:00+00:00","mainEntityOfPage":{"@id":"https:\/\/lightweb.dev\/l\/svm-temp\/artiklar\/snart-dags-att-deklarera-2013-ars-inkomster\/"},"wordCount":523,"commentCount":0,"publisher":{"@id":"https:\/\/lightweb.dev\/l\/svm-temp\/#organization"},"image":{"@id":"https:\/\/lightweb.dev\/l\/svm-temp\/artiklar\/snart-dags-att-deklarera-2013-ars-inkomster\/#primaryimage"},"thumbnailUrl":"https:\/\/lightweb.dev\/l\/svm-temp\/wp-content\/uploads\/2022\/04\/snart-dags-att-deklarera-2013-rs-inkomster.png","articleSection":["Arkiv","Artiklar"],"inLanguage":"sv-SE"},{"@type":"WebPage","@id":"https:\/\/lightweb.dev\/l\/svm-temp\/artiklar\/snart-dags-att-deklarera-2013-ars-inkomster\/","url":"https:\/\/lightweb.dev\/l\/svm-temp\/artiklar\/snart-dags-att-deklarera-2013-ars-inkomster\/","name":"Snart dags att deklarera 2013 \u00e5rs inkomster - Svenska Magasinet","isPartOf":{"@id":"https:\/\/lightweb.dev\/l\/svm-temp\/#website"},"primaryImageOfPage":{"@id":"https:\/\/lightweb.dev\/l\/svm-temp\/artiklar\/snart-dags-att-deklarera-2013-ars-inkomster\/#primaryimage"},"image":{"@id":"https:\/\/lightweb.dev\/l\/svm-temp\/artiklar\/snart-dags-att-deklarera-2013-ars-inkomster\/#primaryimage"},"thumbnailUrl":"https:\/\/lightweb.dev\/l\/svm-temp\/wp-content\/uploads\/2022\/04\/snart-dags-att-deklarera-2013-rs-inkomster.png","datePublished":"2014-02-17T23:00:00+00:00","breadcrumb":{"@id":"https:\/\/lightweb.dev\/l\/svm-temp\/artiklar\/snart-dags-att-deklarera-2013-ars-inkomster\/#breadcrumb"},"inLanguage":"sv-SE","potentialAction":[{"@type":"ReadAction","target":["https:\/\/lightweb.dev\/l\/svm-temp\/artiklar\/snart-dags-att-deklarera-2013-ars-inkomster\/"]}]},{"@type":"ImageObject","inLanguage":"sv-SE","@id":"https:\/\/lightweb.dev\/l\/svm-temp\/artiklar\/snart-dags-att-deklarera-2013-ars-inkomster\/#primaryimage","url":"https:\/\/lightweb.dev\/l\/svm-temp\/wp-content\/uploads\/2022\/04\/snart-dags-att-deklarera-2013-rs-inkomster.png","contentUrl":"https:\/\/lightweb.dev\/l\/svm-temp\/wp-content\/uploads\/2022\/04\/snart-dags-att-deklarera-2013-rs-inkomster.png","width":280,"height":203},{"@type":"BreadcrumbList","@id":"https:\/\/lightweb.dev\/l\/svm-temp\/artiklar\/snart-dags-att-deklarera-2013-ars-inkomster\/#breadcrumb","itemListElement":[{"@type":"ListItem","position":1,"name":"Hem","item":"https:\/\/lightweb.dev\/l\/svm-temp\/"},{"@type":"ListItem","position":2,"name":"Snart dags att deklarera 2013 \u00e5rs inkomster"}]},{"@type":"WebSite","@id":"https:\/\/lightweb.dev\/l\/svm-temp\/#website","url":"https:\/\/lightweb.dev\/l\/svm-temp\/","name":"Svenska Magasinet","description":"Dina Spanska nyheter p&aring; Svenska","publisher":{"@id":"https:\/\/lightweb.dev\/l\/svm-temp\/#organization"},"potentialAction":[{"@type":"SearchAction","target":{"@type":"EntryPoint","urlTemplate":"https:\/\/lightweb.dev\/l\/svm-temp\/?s={search_term_string}"},"query-input":{"@type":"PropertyValueSpecification","valueRequired":true,"valueName":"search_term_string"}}],"inLanguage":"sv-SE"},{"@type":"Organization","@id":"https:\/\/lightweb.dev\/l\/svm-temp\/#organization","name":"Melkerson y Nott SL","alternateName":"Svenska Magasinet","url":"https:\/\/lightweb.dev\/l\/svm-temp\/","logo":{"@type":"ImageObject","inLanguage":"sv-SE","@id":"https:\/\/lightweb.dev\/l\/svm-temp\/#\/schema\/logo\/image\/","url":"https:\/\/lightweb.dev\/l\/svm-temp\/wp-content\/uploads\/2025\/02\/SvM-logo-Xtra-Centrerad-SVART.png","contentUrl":"https:\/\/lightweb.dev\/l\/svm-temp\/wp-content\/uploads\/2025\/02\/SvM-logo-Xtra-Centrerad-SVART.png","width":300,"height":99,"caption":"Melkerson y Nott SL"},"image":{"@id":"https:\/\/lightweb.dev\/l\/svm-temp\/#\/schema\/logo\/image\/"},"sameAs":["https:\/\/www.facebook.com\/svenskamagasinet","https:\/\/x.com\/SvenskaMagasine"]},{"@type":"Person","@id":"https:\/\/lightweb.dev\/l\/svm-temp\/#\/schema\/person\/206a3bda5b607b0c25e1749191e4d837","name":"Redaktionen SvM","description":"Redaktionen","sameAs":["https:\/\/lightweb.dev\/l\/svm-temp"],"url":"https:\/\/lightweb.dev\/l\/svm-temp\/reporter\/redaktionen\/"}]}},"_links":{"self":[{"href":"https:\/\/lightweb.dev\/l\/svm-temp\/wp-json\/wp\/v2\/posts\/4666","targetHints":{"allow":["GET"]}}],"collection":[{"href":"https:\/\/lightweb.dev\/l\/svm-temp\/wp-json\/wp\/v2\/posts"}],"about":[{"href":"https:\/\/lightweb.dev\/l\/svm-temp\/wp-json\/wp\/v2\/types\/post"}],"author":[{"embeddable":true,"href":"https:\/\/lightweb.dev\/l\/svm-temp\/wp-json\/wp\/v2\/users\/8"}],"replies":[{"embeddable":true,"href":"https:\/\/lightweb.dev\/l\/svm-temp\/wp-json\/wp\/v2\/comments?post=4666"}],"version-history":[{"count":0,"href":"https:\/\/lightweb.dev\/l\/svm-temp\/wp-json\/wp\/v2\/posts\/4666\/revisions"}],"wp:featuredmedia":[{"embeddable":true,"href":"https:\/\/lightweb.dev\/l\/svm-temp\/wp-json\/wp\/v2\/media\/4667"}],"wp:attachment":[{"href":"https:\/\/lightweb.dev\/l\/svm-temp\/wp-json\/wp\/v2\/media?parent=4666"}],"wp:term":[{"taxonomy":"category","embeddable":true,"href":"https:\/\/lightweb.dev\/l\/svm-temp\/wp-json\/wp\/v2\/categories?post=4666"},{"taxonomy":"post_tag","embeddable":true,"href":"https:\/\/lightweb.dev\/l\/svm-temp\/wp-json\/wp\/v2\/tags?post=4666"}],"curies":[{"name":"wp","href":"https:\/\/api.w.org\/{rel}","templated":true}]}}