{"id":4668,"date":"2014-02-14T00:00:00","date_gmt":"2014-02-13T23:00:00","guid":{"rendered":"https:\/\/lightweb.dev\/l\/svm-temp\/mobiltelefonen-ett-vidhangande-smycke\/"},"modified":"2014-02-14T00:00:00","modified_gmt":"2014-02-13T23:00:00","slug":"mobiltelefonen-ett-vidhangande-smycke","status":"publish","type":"post","link":"https:\/\/lightweb.dev\/l\/svm-temp\/artiklar\/mobiltelefonen-ett-vidhangande-smycke\/","title":{"rendered":"Mobiltelefonen &#8211; ett vidh\u00e4ngande smycke"},"content":{"rendered":"<p> H\u00e4romdagen parkerade jag p\u00e5 \u201cFeria-platsen\u201d p\u00e5 v\u00e4g in till \u201dSvensk-aff\u00e4ren. V\u00e4l ute ur bilen noterade jag av n\u00e5gon anledning en ung dam som stog lutad mot sin bil och talade i telefon. Av Hans G<\/p>\n<p>S\u00e5nt som man l\u00e4gger m\u00e4rke till ibland utan att veta varf\u00f6r. N\u00e4r jag kom tillbaks efter cirka en halvtimme stog hon fortfarande p\u00e5 samma plats och snattrade. Det var d\u00e5 jag slogs av tanken att hon inte alls pratade i telefon. Det \u00e4r kanske s\u00e5 att det helt enkelt handlar om en slags mutation. Efter m\u00e5nga \u00e5rs idogt pratande har \u00f6rat helt enkelt anpassat sig och tagit formen av en mobiltelefon. Med vidh\u00e4ngande \u00f6ronsmycke. Men \u00e5 andra sidan \u00e4r det uppenbarligen s\u00e5 att vissa m\u00e4nniskor kan h\u00e4nga i telefon precis hur l\u00e4nge som helst.<\/p>\n<p>DET \u00e4r nu inte s\u00e5 att jag g\u00e5r omkring och irriterar mig i on\u00f6dan och h\u00e4nger upp mig p\u00e5 en massa sm\u00e5saker men h\u00e5ll med om att kapitlet mobiltelefoner kan f\u00e5 till och med en vuxen karl att falla i gr\u00e5t. Bara en s\u00e5 enkel sak som att skaffa sig en mobiltelefon med enbart den enkla funktionen att man skall kunna ringa. Det g\u00e5r inte. Ist\u00e4llet f\u00e5r man en mindre data-apparat med en massa appar, twittar, kameror, e-mail, ficklampa och jag vet inte allt. Det enda som saknas \u00e4r inbyggt m\u00e5nsken men det kommer v\u00e4l.<\/p>\n<p>\u201dJag vill inte ha n\u00e5got e-mail. Det har jag redan. Jag vill ha en telefon. En s\u00e5dan d\u00e4r som man kan ringa med\u201d, s\u00e4ger jag i butiken.<\/p>\n<p>\u201dJa, men det ing\u00e5r. Det kostar ingenting. Det \u00e4r gratis. Precis som kameran och ett antal andra app:r\u201d, s\u00e4ger snorg\u00e4rsen i butiken och tittar p\u00e5 en som om man vore j\u00e4mngammal med Metusalem. Vad\u00e5 gratis<\/p>\n<p>DET \u00e4r inte alls gratis visar det sig n\u00e4r man f\u00e5r f\u00f6rsta fakturan. D\u00e4r st\u00e5r att man skall betala 30 Euro som anslutningsavgift f\u00f6r e-mail. Man kan bli vansinning f\u00f6r mindre. Man undrar om snorg\u00e4rsen i butiken, ut\u00f6ver idiotfrisyren med ett kilo gel\u00e9 i, dessutom \u00e4r stend\u00f6v. N\u00e4r man g\u00e5r ner till butiken i akt och mening att ta snorg\u00e4rsen i \u00f6rat och kr\u00e4va pengarna tillbaka visar det sig att det g\u00e5r inte alls. D\u00e5 m\u00e5ste man prata med huvudkontoret och det ligger i Sevilla och d\u00e4r pratar dom bara spanska. S\u00e5 det \u00e4r bara att gl\u00f6mma. Det \u00e4r bara att konstatera att numera \u00e4r man utrustad med mobilt e-mail och det kan ju vara bra att veta om man n\u00e5gon g\u00e5ng beh\u00f6ver kommunicera med n\u00e5gon som \u00e4r d\u00f6v. Som han, snorg\u00e4rsen i butiken.<\/p>\n<p>Och ovanp\u00e5 allt lever dom f\u00f6rbannade apparaterna sitt eget liv. Dom hittar p\u00e5 saker som man aldrig har beg\u00e4rt av dom. Det r\u00e4cker med att man nuddar vid n\u00e5gon knapp s\u00e5 ringer den antingen upp Fidel Castro p\u00e5 Kuba eller ocks\u00e5 st\u00e4ngs hela skiten av. Jag blir galen. Funderar allvarligt p\u00e5 att g\u00e5 tillbaka till det gamla indianknepet med r\u00f6ksignaler.<\/p>\n<p>MINST lika irriterande \u00e4r det med alla som springer omkring p\u00e5 stan och \u201dmessar\u201d. Det verkar som om varenda person under trettio inte har annat att g\u00f6ra \u00e4n att h\u00e5lla p\u00e5 och informera, f\u00f6rl\u00e5t \u201dmessa\u201d, omv\u00e4rlden om vilka viktiga saker som r\u00f6r sig i huvudet just f\u00f6r tillf\u00e4llet. F\u00f6r det kan v\u00e4l knappast bara vara vanligt sladder. Ungef\u00e4r som f\u00f6rr n\u00e4r man var ute och seglade och n\u00f6dkanalen, kanal 16, trots att det var f\u00f6rbjudet, upptogs av en massa pladder.<\/p>\n<p>\u201dDu Gerda, jag passerar precis Kyrkesund s\u00e5 nu kan du s\u00e4tta p\u00e5 potatisen\u201d eller \u201dVar det en hela O.P. och en hela Explorer vi skulle ha\u201d? Men s\u00e5 kan det ju inte vara, det \u00e4r klart att det \u00e4r mer eller mindre livsviktiga meddelanden som \u201dmessas\u201d annars skulle \u201dmessarna\u201d knappast se s\u00e5 engagerade ut.<\/p>\n<p>PS. Jo tack, v\u00e4rldens b\u00e4sta fotbollslag, GAIS, g\u00e5r en str\u00e5lande framtid till m\u00f6tes. Sandeep Marko \u00e4r tillbaks och ut\u00f6ver U-21 kommer han allts\u00e5 att \u00f6sa in m\u00e5l f\u00f6r GAIS. Ovanp\u00e5 detta har vi f\u00e5tt en ny \u201dTj\u00e4rpapp\u201d i isl\u00e4nningen Asgeir B\u00f6rkur Asgeirsson. Det blir p\u00e5 egen risk man ger sig in i GAIS straffomr\u00e5de.<br \/>\nDS.<\/p>\n<p>M\u00e5 v\u00e4l och ta hand om er.<br \/>\nSaludos amigas\/os.<\/p>\n","protected":false},"excerpt":{"rendered":"<p>H\u00e4romdagen parkerade jag p\u00e5 \u201cFeria-platsen\u201d p\u00e5 v\u00e4g in till \u201dSvensk-aff\u00e4ren. V\u00e4l ute ur bilen noterade jag av n\u00e5gon anledning en ung dam som stog lutad mot sin bil och talade i telefon. Av Hans G S\u00e5nt som man l\u00e4gger m\u00e4rke till ibland utan att veta varf\u00f6r. N\u00e4r jag kom tillbaks efter cirka en halvtimme stog [&hellip;]<\/p>\n","protected":false},"author":8,"featured_media":4669,"comment_status":"open","ping_status":"open","sticky":false,"template":"","format":"standard","meta":{"_et_pb_use_builder":"","_et_pb_old_content":"","_et_gb_content_width":"","footnotes":""},"categories":[396,4],"tags":[],"class_list":["post-4668","post","type-post","status-publish","format-standard","has-post-thumbnail","hentry","category-arkiv-artiklar","category-artiklar"],"yoast_head":"<!-- This site is optimized with the Yoast SEO Premium plugin v26.2 (Yoast SEO v27.5) - https:\/\/yoast.com\/product\/yoast-seo-premium-wordpress\/ -->\n<title>Mobiltelefonen - ett vidh\u00e4ngande smycke - Svenska Magasinet<\/title>\n<meta name=\"robots\" content=\"noindex, follow, max-snippet:-1, max-image-preview:large, max-video-preview:-1\" \/>\n<meta property=\"og:locale\" content=\"sv_SE\" \/>\n<meta property=\"og:type\" content=\"article\" \/>\n<meta property=\"og:title\" content=\"Mobiltelefonen - ett vidh\u00e4ngande smycke\" \/>\n<meta property=\"og:description\" content=\"H\u00e4romdagen parkerade jag p\u00e5 \u201cFeria-platsen\u201d p\u00e5 v\u00e4g in till \u201dSvensk-aff\u00e4ren. V\u00e4l ute ur bilen noterade jag av n\u00e5gon anledning en ung dam som stog lutad mot sin bil och talade i telefon. Av Hans G S\u00e5nt som man l\u00e4gger m\u00e4rke till ibland utan att veta varf\u00f6r. N\u00e4r jag kom tillbaks efter cirka en halvtimme stog [&hellip;]\" \/>\n<meta property=\"og:url\" content=\"https:\/\/lightweb.dev\/l\/svm-temp\/artiklar\/mobiltelefonen-ett-vidhangande-smycke\/\" \/>\n<meta property=\"og:site_name\" content=\"Svenska Magasinet\" \/>\n<meta property=\"article:publisher\" content=\"https:\/\/www.facebook.com\/svenskamagasinet\" \/>\n<meta property=\"article:published_time\" content=\"2014-02-13T23:00:00+00:00\" \/>\n<meta property=\"og:image\" content=\"https:\/\/lightweb.dev\/l\/svm-temp\/wp-content\/uploads\/2022\/04\/mobiltelefonen-ett-vidhngande-smycke.png\" \/>\n\t<meta property=\"og:image:width\" content=\"280\" \/>\n\t<meta property=\"og:image:height\" content=\"498\" \/>\n\t<meta property=\"og:image:type\" content=\"image\/png\" \/>\n<meta name=\"author\" content=\"Redaktionen SvM\" \/>\n<meta name=\"twitter:card\" content=\"summary_large_image\" \/>\n<meta name=\"twitter:creator\" content=\"@SvenskaMagasine\" \/>\n<meta name=\"twitter:site\" content=\"@SvenskaMagasine\" \/>\n<script type=\"application\/ld+json\" class=\"yoast-schema-graph\">{\"@context\":\"https:\\\/\\\/schema.org\",\"@graph\":[{\"@type\":\"Article\",\"@id\":\"https:\\\/\\\/lightweb.dev\\\/l\\\/svm-temp\\\/artiklar\\\/mobiltelefonen-ett-vidhangande-smycke\\\/#article\",\"isPartOf\":{\"@id\":\"https:\\\/\\\/lightweb.dev\\\/l\\\/svm-temp\\\/artiklar\\\/mobiltelefonen-ett-vidhangande-smycke\\\/\"},\"author\":{\"name\":\"Redaktionen SvM\",\"@id\":\"https:\\\/\\\/lightweb.dev\\\/l\\\/svm-temp\\\/#\\\/schema\\\/person\\\/206a3bda5b607b0c25e1749191e4d837\"},\"headline\":\"Mobiltelefonen &#8211; ett vidh\u00e4ngande smycke\",\"datePublished\":\"2014-02-13T23:00:00+00:00\",\"mainEntityOfPage\":{\"@id\":\"https:\\\/\\\/lightweb.dev\\\/l\\\/svm-temp\\\/artiklar\\\/mobiltelefonen-ett-vidhangande-smycke\\\/\"},\"wordCount\":778,\"commentCount\":0,\"publisher\":{\"@id\":\"https:\\\/\\\/lightweb.dev\\\/l\\\/svm-temp\\\/#organization\"},\"image\":{\"@id\":\"https:\\\/\\\/lightweb.dev\\\/l\\\/svm-temp\\\/artiklar\\\/mobiltelefonen-ett-vidhangande-smycke\\\/#primaryimage\"},\"thumbnailUrl\":\"https:\\\/\\\/lightweb.dev\\\/l\\\/svm-temp\\\/wp-content\\\/uploads\\\/2022\\\/04\\\/mobiltelefonen-ett-vidhngande-smycke.png\",\"articleSection\":[\"Arkiv\",\"Artiklar\"],\"inLanguage\":\"sv-SE\"},{\"@type\":\"WebPage\",\"@id\":\"https:\\\/\\\/lightweb.dev\\\/l\\\/svm-temp\\\/artiklar\\\/mobiltelefonen-ett-vidhangande-smycke\\\/\",\"url\":\"https:\\\/\\\/lightweb.dev\\\/l\\\/svm-temp\\\/artiklar\\\/mobiltelefonen-ett-vidhangande-smycke\\\/\",\"name\":\"Mobiltelefonen - ett vidh\u00e4ngande smycke - Svenska Magasinet\",\"isPartOf\":{\"@id\":\"https:\\\/\\\/lightweb.dev\\\/l\\\/svm-temp\\\/#website\"},\"primaryImageOfPage\":{\"@id\":\"https:\\\/\\\/lightweb.dev\\\/l\\\/svm-temp\\\/artiklar\\\/mobiltelefonen-ett-vidhangande-smycke\\\/#primaryimage\"},\"image\":{\"@id\":\"https:\\\/\\\/lightweb.dev\\\/l\\\/svm-temp\\\/artiklar\\\/mobiltelefonen-ett-vidhangande-smycke\\\/#primaryimage\"},\"thumbnailUrl\":\"https:\\\/\\\/lightweb.dev\\\/l\\\/svm-temp\\\/wp-content\\\/uploads\\\/2022\\\/04\\\/mobiltelefonen-ett-vidhngande-smycke.png\",\"datePublished\":\"2014-02-13T23:00:00+00:00\",\"breadcrumb\":{\"@id\":\"https:\\\/\\\/lightweb.dev\\\/l\\\/svm-temp\\\/artiklar\\\/mobiltelefonen-ett-vidhangande-smycke\\\/#breadcrumb\"},\"inLanguage\":\"sv-SE\",\"potentialAction\":[{\"@type\":\"ReadAction\",\"target\":[\"https:\\\/\\\/lightweb.dev\\\/l\\\/svm-temp\\\/artiklar\\\/mobiltelefonen-ett-vidhangande-smycke\\\/\"]}]},{\"@type\":\"ImageObject\",\"inLanguage\":\"sv-SE\",\"@id\":\"https:\\\/\\\/lightweb.dev\\\/l\\\/svm-temp\\\/artiklar\\\/mobiltelefonen-ett-vidhangande-smycke\\\/#primaryimage\",\"url\":\"https:\\\/\\\/lightweb.dev\\\/l\\\/svm-temp\\\/wp-content\\\/uploads\\\/2022\\\/04\\\/mobiltelefonen-ett-vidhngande-smycke.png\",\"contentUrl\":\"https:\\\/\\\/lightweb.dev\\\/l\\\/svm-temp\\\/wp-content\\\/uploads\\\/2022\\\/04\\\/mobiltelefonen-ett-vidhngande-smycke.png\",\"width\":280,\"height\":498},{\"@type\":\"BreadcrumbList\",\"@id\":\"https:\\\/\\\/lightweb.dev\\\/l\\\/svm-temp\\\/artiklar\\\/mobiltelefonen-ett-vidhangande-smycke\\\/#breadcrumb\",\"itemListElement\":[{\"@type\":\"ListItem\",\"position\":1,\"name\":\"Hem\",\"item\":\"https:\\\/\\\/lightweb.dev\\\/l\\\/svm-temp\\\/\"},{\"@type\":\"ListItem\",\"position\":2,\"name\":\"Mobiltelefonen &#8211; ett vidh\u00e4ngande smycke\"}]},{\"@type\":\"WebSite\",\"@id\":\"https:\\\/\\\/lightweb.dev\\\/l\\\/svm-temp\\\/#website\",\"url\":\"https:\\\/\\\/lightweb.dev\\\/l\\\/svm-temp\\\/\",\"name\":\"Svenska Magasinet\",\"description\":\"Dina Spanska nyheter p&aring; Svenska\",\"publisher\":{\"@id\":\"https:\\\/\\\/lightweb.dev\\\/l\\\/svm-temp\\\/#organization\"},\"potentialAction\":[{\"@type\":\"SearchAction\",\"target\":{\"@type\":\"EntryPoint\",\"urlTemplate\":\"https:\\\/\\\/lightweb.dev\\\/l\\\/svm-temp\\\/?s={search_term_string}\"},\"query-input\":{\"@type\":\"PropertyValueSpecification\",\"valueRequired\":true,\"valueName\":\"search_term_string\"}}],\"inLanguage\":\"sv-SE\"},{\"@type\":\"Organization\",\"@id\":\"https:\\\/\\\/lightweb.dev\\\/l\\\/svm-temp\\\/#organization\",\"name\":\"Melkerson y Nott SL\",\"alternateName\":\"Svenska Magasinet\",\"url\":\"https:\\\/\\\/lightweb.dev\\\/l\\\/svm-temp\\\/\",\"logo\":{\"@type\":\"ImageObject\",\"inLanguage\":\"sv-SE\",\"@id\":\"https:\\\/\\\/lightweb.dev\\\/l\\\/svm-temp\\\/#\\\/schema\\\/logo\\\/image\\\/\",\"url\":\"https:\\\/\\\/lightweb.dev\\\/l\\\/svm-temp\\\/wp-content\\\/uploads\\\/2025\\\/02\\\/SvM-logo-Xtra-Centrerad-SVART.png\",\"contentUrl\":\"https:\\\/\\\/lightweb.dev\\\/l\\\/svm-temp\\\/wp-content\\\/uploads\\\/2025\\\/02\\\/SvM-logo-Xtra-Centrerad-SVART.png\",\"width\":300,\"height\":99,\"caption\":\"Melkerson y Nott SL\"},\"image\":{\"@id\":\"https:\\\/\\\/lightweb.dev\\\/l\\\/svm-temp\\\/#\\\/schema\\\/logo\\\/image\\\/\"},\"sameAs\":[\"https:\\\/\\\/www.facebook.com\\\/svenskamagasinet\",\"https:\\\/\\\/x.com\\\/SvenskaMagasine\"]},{\"@type\":\"Person\",\"@id\":\"https:\\\/\\\/lightweb.dev\\\/l\\\/svm-temp\\\/#\\\/schema\\\/person\\\/206a3bda5b607b0c25e1749191e4d837\",\"name\":\"Redaktionen SvM\",\"description\":\"Redaktionen\",\"sameAs\":[\"https:\\\/\\\/lightweb.dev\\\/l\\\/svm-temp\"],\"url\":\"https:\\\/\\\/lightweb.dev\\\/l\\\/svm-temp\\\/reporter\\\/redaktionen\\\/\"}]}<\/script>\n<!-- \/ Yoast SEO Premium plugin. -->","yoast_head_json":{"title":"Mobiltelefonen - ett vidh\u00e4ngande smycke - Svenska Magasinet","robots":{"index":"noindex","follow":"follow","max-snippet":"max-snippet:-1","max-image-preview":"max-image-preview:large","max-video-preview":"max-video-preview:-1"},"og_locale":"sv_SE","og_type":"article","og_title":"Mobiltelefonen - ett vidh\u00e4ngande smycke","og_description":"H\u00e4romdagen parkerade jag p\u00e5 \u201cFeria-platsen\u201d p\u00e5 v\u00e4g in till \u201dSvensk-aff\u00e4ren. V\u00e4l ute ur bilen noterade jag av n\u00e5gon anledning en ung dam som stog lutad mot sin bil och talade i telefon. Av Hans G S\u00e5nt som man l\u00e4gger m\u00e4rke till ibland utan att veta varf\u00f6r. N\u00e4r jag kom tillbaks efter cirka en halvtimme stog [&hellip;]","og_url":"https:\/\/lightweb.dev\/l\/svm-temp\/artiklar\/mobiltelefonen-ett-vidhangande-smycke\/","og_site_name":"Svenska Magasinet","article_publisher":"https:\/\/www.facebook.com\/svenskamagasinet","article_published_time":"2014-02-13T23:00:00+00:00","og_image":[{"width":280,"height":498,"url":"https:\/\/lightweb.dev\/l\/svm-temp\/wp-content\/uploads\/2022\/04\/mobiltelefonen-ett-vidhngande-smycke.png","type":"image\/png"}],"author":"Redaktionen SvM","twitter_card":"summary_large_image","twitter_creator":"@SvenskaMagasine","twitter_site":"@SvenskaMagasine","schema":{"@context":"https:\/\/schema.org","@graph":[{"@type":"Article","@id":"https:\/\/lightweb.dev\/l\/svm-temp\/artiklar\/mobiltelefonen-ett-vidhangande-smycke\/#article","isPartOf":{"@id":"https:\/\/lightweb.dev\/l\/svm-temp\/artiklar\/mobiltelefonen-ett-vidhangande-smycke\/"},"author":{"name":"Redaktionen SvM","@id":"https:\/\/lightweb.dev\/l\/svm-temp\/#\/schema\/person\/206a3bda5b607b0c25e1749191e4d837"},"headline":"Mobiltelefonen &#8211; ett vidh\u00e4ngande smycke","datePublished":"2014-02-13T23:00:00+00:00","mainEntityOfPage":{"@id":"https:\/\/lightweb.dev\/l\/svm-temp\/artiklar\/mobiltelefonen-ett-vidhangande-smycke\/"},"wordCount":778,"commentCount":0,"publisher":{"@id":"https:\/\/lightweb.dev\/l\/svm-temp\/#organization"},"image":{"@id":"https:\/\/lightweb.dev\/l\/svm-temp\/artiklar\/mobiltelefonen-ett-vidhangande-smycke\/#primaryimage"},"thumbnailUrl":"https:\/\/lightweb.dev\/l\/svm-temp\/wp-content\/uploads\/2022\/04\/mobiltelefonen-ett-vidhngande-smycke.png","articleSection":["Arkiv","Artiklar"],"inLanguage":"sv-SE"},{"@type":"WebPage","@id":"https:\/\/lightweb.dev\/l\/svm-temp\/artiklar\/mobiltelefonen-ett-vidhangande-smycke\/","url":"https:\/\/lightweb.dev\/l\/svm-temp\/artiklar\/mobiltelefonen-ett-vidhangande-smycke\/","name":"Mobiltelefonen - ett vidh\u00e4ngande smycke - Svenska Magasinet","isPartOf":{"@id":"https:\/\/lightweb.dev\/l\/svm-temp\/#website"},"primaryImageOfPage":{"@id":"https:\/\/lightweb.dev\/l\/svm-temp\/artiklar\/mobiltelefonen-ett-vidhangande-smycke\/#primaryimage"},"image":{"@id":"https:\/\/lightweb.dev\/l\/svm-temp\/artiklar\/mobiltelefonen-ett-vidhangande-smycke\/#primaryimage"},"thumbnailUrl":"https:\/\/lightweb.dev\/l\/svm-temp\/wp-content\/uploads\/2022\/04\/mobiltelefonen-ett-vidhngande-smycke.png","datePublished":"2014-02-13T23:00:00+00:00","breadcrumb":{"@id":"https:\/\/lightweb.dev\/l\/svm-temp\/artiklar\/mobiltelefonen-ett-vidhangande-smycke\/#breadcrumb"},"inLanguage":"sv-SE","potentialAction":[{"@type":"ReadAction","target":["https:\/\/lightweb.dev\/l\/svm-temp\/artiklar\/mobiltelefonen-ett-vidhangande-smycke\/"]}]},{"@type":"ImageObject","inLanguage":"sv-SE","@id":"https:\/\/lightweb.dev\/l\/svm-temp\/artiklar\/mobiltelefonen-ett-vidhangande-smycke\/#primaryimage","url":"https:\/\/lightweb.dev\/l\/svm-temp\/wp-content\/uploads\/2022\/04\/mobiltelefonen-ett-vidhngande-smycke.png","contentUrl":"https:\/\/lightweb.dev\/l\/svm-temp\/wp-content\/uploads\/2022\/04\/mobiltelefonen-ett-vidhngande-smycke.png","width":280,"height":498},{"@type":"BreadcrumbList","@id":"https:\/\/lightweb.dev\/l\/svm-temp\/artiklar\/mobiltelefonen-ett-vidhangande-smycke\/#breadcrumb","itemListElement":[{"@type":"ListItem","position":1,"name":"Hem","item":"https:\/\/lightweb.dev\/l\/svm-temp\/"},{"@type":"ListItem","position":2,"name":"Mobiltelefonen &#8211; ett vidh\u00e4ngande smycke"}]},{"@type":"WebSite","@id":"https:\/\/lightweb.dev\/l\/svm-temp\/#website","url":"https:\/\/lightweb.dev\/l\/svm-temp\/","name":"Svenska Magasinet","description":"Dina Spanska nyheter p&aring; Svenska","publisher":{"@id":"https:\/\/lightweb.dev\/l\/svm-temp\/#organization"},"potentialAction":[{"@type":"SearchAction","target":{"@type":"EntryPoint","urlTemplate":"https:\/\/lightweb.dev\/l\/svm-temp\/?s={search_term_string}"},"query-input":{"@type":"PropertyValueSpecification","valueRequired":true,"valueName":"search_term_string"}}],"inLanguage":"sv-SE"},{"@type":"Organization","@id":"https:\/\/lightweb.dev\/l\/svm-temp\/#organization","name":"Melkerson y Nott SL","alternateName":"Svenska Magasinet","url":"https:\/\/lightweb.dev\/l\/svm-temp\/","logo":{"@type":"ImageObject","inLanguage":"sv-SE","@id":"https:\/\/lightweb.dev\/l\/svm-temp\/#\/schema\/logo\/image\/","url":"https:\/\/lightweb.dev\/l\/svm-temp\/wp-content\/uploads\/2025\/02\/SvM-logo-Xtra-Centrerad-SVART.png","contentUrl":"https:\/\/lightweb.dev\/l\/svm-temp\/wp-content\/uploads\/2025\/02\/SvM-logo-Xtra-Centrerad-SVART.png","width":300,"height":99,"caption":"Melkerson y Nott SL"},"image":{"@id":"https:\/\/lightweb.dev\/l\/svm-temp\/#\/schema\/logo\/image\/"},"sameAs":["https:\/\/www.facebook.com\/svenskamagasinet","https:\/\/x.com\/SvenskaMagasine"]},{"@type":"Person","@id":"https:\/\/lightweb.dev\/l\/svm-temp\/#\/schema\/person\/206a3bda5b607b0c25e1749191e4d837","name":"Redaktionen SvM","description":"Redaktionen","sameAs":["https:\/\/lightweb.dev\/l\/svm-temp"],"url":"https:\/\/lightweb.dev\/l\/svm-temp\/reporter\/redaktionen\/"}]}},"_links":{"self":[{"href":"https:\/\/lightweb.dev\/l\/svm-temp\/wp-json\/wp\/v2\/posts\/4668","targetHints":{"allow":["GET"]}}],"collection":[{"href":"https:\/\/lightweb.dev\/l\/svm-temp\/wp-json\/wp\/v2\/posts"}],"about":[{"href":"https:\/\/lightweb.dev\/l\/svm-temp\/wp-json\/wp\/v2\/types\/post"}],"author":[{"embeddable":true,"href":"https:\/\/lightweb.dev\/l\/svm-temp\/wp-json\/wp\/v2\/users\/8"}],"replies":[{"embeddable":true,"href":"https:\/\/lightweb.dev\/l\/svm-temp\/wp-json\/wp\/v2\/comments?post=4668"}],"version-history":[{"count":0,"href":"https:\/\/lightweb.dev\/l\/svm-temp\/wp-json\/wp\/v2\/posts\/4668\/revisions"}],"wp:featuredmedia":[{"embeddable":true,"href":"https:\/\/lightweb.dev\/l\/svm-temp\/wp-json\/wp\/v2\/media\/4669"}],"wp:attachment":[{"href":"https:\/\/lightweb.dev\/l\/svm-temp\/wp-json\/wp\/v2\/media?parent=4668"}],"wp:term":[{"taxonomy":"category","embeddable":true,"href":"https:\/\/lightweb.dev\/l\/svm-temp\/wp-json\/wp\/v2\/categories?post=4668"},{"taxonomy":"post_tag","embeddable":true,"href":"https:\/\/lightweb.dev\/l\/svm-temp\/wp-json\/wp\/v2\/tags?post=4668"}],"curies":[{"name":"wp","href":"https:\/\/api.w.org\/{rel}","templated":true}]}}