{"id":4672,"date":"2014-02-14T00:00:00","date_gmt":"2014-02-13T23:00:00","guid":{"rendered":"https:\/\/lightweb.dev\/l\/svm-temp\/advokatspalten-vad-hander-med-mina-foraldrars-fastighet-vid-en-framtida-arvssituation\/"},"modified":"2014-02-14T00:00:00","modified_gmt":"2014-02-13T23:00:00","slug":"advokatspalten-vad-hander-med-mina-foraldrars-fastighet-vid-en-framtida-arvssituation","status":"publish","type":"post","link":"https:\/\/lightweb.dev\/l\/svm-temp\/artiklar\/advokatspalten-vad-hander-med-mina-foraldrars-fastighet-vid-en-framtida-arvssituation\/","title":{"rendered":"Advokatspalten: Vad h\u00e4nder med mina f\u00f6r\u00e4ldrars fastighet vid en framtida arvssituation?"},"content":{"rendered":"<p> Hej! Mina f\u00f6r\u00e4ldrar k\u00f6pte f\u00f6r ett antal \u00e5r sedan en villa i Marbella. N\u00e4r de genomf\u00f6rde k\u00f6pet fick de r\u00e5det att bilda ett bolag i Gibraltar som k\u00f6pare. Detta bolag \u00e4r nu lagfaren \u00e4gare. Min mamma och pappa b\u00f6rjar nu bli gamla och orkar inte l\u00e4ngre \u00e5ka till Spanien. De senaste \u00e5ren har de inte heller \u00e4gnat mycket uppm\u00e4rksamhet \u00e5t de dokument \u2013 \u00e5rsredovisningar mm &#8211; som m\u00e5ste g\u00f6ras i bolag med sitt s\u00e4te p\u00e5 Gibraltar.<br \/>\nJag undrar om det underl\u00e4ttar vid en framtida arvssituation att fastigheten nu \u00f6verf\u00f6rs direkt p\u00e5 mina f\u00f6r\u00e4ldrar eller p\u00e5 mig och min syster? Av Jonas Nordgren, bitr\u00e4dande jurist vid Advokatfirman G\u00f6ran Rise<\/p>\n<p>Svar: Dina f\u00f6r\u00e4ldrars problem, och \u00e4ven Ditt och Din systers, \u00e4r vanligt hos oss d\u00e5 allt fler som har bolag som \u00e4gare till sina fastigheter i Spanien vill avveckla s.k. \u201dskattebolag\u201d.<\/p>\n<p>F\u00f6r att svara p\u00e5 Din fr\u00e5ga vill jag g\u00f6ra f\u00f6ljande kommentarer:<\/p>\n<p>Vi unders\u00f6ker f\u00f6rst vem som st\u00e5r som \u00e4gare i bolaget och i vilken \u201dkondition\u201d bolaget \u00e4r. Jag misst\u00e4nker &#8211; att om Dina f\u00f6r\u00e4ldrar l\u00e4mnat bolaget \u201dvind f\u00f6r v\u00e5g\u201d under n\u00e5gra \u00e5r &#8211; finns det en uppenbar risk att bolaget blivit avregistrerat i Gibraltar. Den f\u00f6rsta \u00e5tg\u00e4rden \u00e4r att \u201dv\u00e4cka\u201d bolaget p\u00e5 Gibraltar \u201dtill liv\u201d och uppr\u00e4tta n\u00f6dv\u00e4ndiga dokument, \u00e5rsredovisningar mm samt ge ett kostnadsf\u00f6rslag. Ett \u201dd\u00f6tt\u201d bolag p\u00e5 Gibraltar g\u00e5r inte att hantera \u00f6verhuvudtaget.<\/p>\n<p>N\u00e4r v\u00e4l detta \u00e4r klart &#8211; som dessv\u00e4rre kan inneb\u00e4ra betydande kostnader \u2013 m\u00e5ste vi g\u00f6ra en analys av skattekonsekvenserna i s\u00e5v\u00e4l Spanien som Sverige om fastigheten skall utskiftas p\u00e5 Dina f\u00f6r\u00e4ldrar eller p\u00e5 Dig och Din syster.<\/p>\n<p>En juridisk analys av Er situation f\u00f6ruts\u00e4tter goda kunskaper om engelsk, spansk och svensk arvs- och skatter\u00e4tt. Svensk lag best\u00e4mmer hur arvet skall skiftas efter svenska medborgare.<\/p>\n<p>Innan vi kan ge Dig ett slutligt r\u00e5d och dessutom uppskatta de totala kostnaderna f\u00f6r transaktionerna m\u00e5ste vi g\u00f6ra ovanst\u00e5ende analyser.<\/p>\n<p>Som Du f\u00f6rst\u00e5r finns det m\u00e5nga aspekter p\u00e5 Din fr\u00e5ga och situationen \u00e4r minst sagt komplex.<br \/>\nDu \u00e4r v\u00e4lkommen att kontakta oss f\u00f6r att f\u00e5 juridiska r\u00e5d p\u00e5 vilket s\u00e4tt Du och Dina f\u00f6r\u00e4ldrar skall hantera \u00e4gander\u00e4tten till fastigheten i Marbella.<\/p>\n","protected":false},"excerpt":{"rendered":"<p>Hej! Mina f\u00f6r\u00e4ldrar k\u00f6pte f\u00f6r ett antal \u00e5r sedan en villa i Marbella. N\u00e4r de genomf\u00f6rde k\u00f6pet fick de r\u00e5det att bilda ett bolag i Gibraltar som k\u00f6pare. Detta bolag \u00e4r nu lagfaren \u00e4gare. Min mamma och pappa b\u00f6rjar nu bli gamla och orkar inte l\u00e4ngre \u00e5ka till Spanien. De senaste \u00e5ren har de inte [&hellip;]<\/p>\n","protected":false},"author":8,"featured_media":4673,"comment_status":"open","ping_status":"open","sticky":false,"template":"","format":"standard","meta":{"_et_pb_use_builder":"","_et_pb_old_content":"","_et_gb_content_width":"","footnotes":""},"categories":[396,4],"tags":[],"class_list":["post-4672","post","type-post","status-publish","format-standard","has-post-thumbnail","hentry","category-arkiv-artiklar","category-artiklar"],"yoast_head":"<!-- This site is optimized with the Yoast SEO Premium plugin v26.2 (Yoast SEO v27.5) - https:\/\/yoast.com\/product\/yoast-seo-premium-wordpress\/ -->\n<title>Advokatspalten: Vad h\u00e4nder med mina f\u00f6r\u00e4ldrars fastighet vid en framtida arvssituation? - Svenska Magasinet<\/title>\n<meta name=\"robots\" content=\"noindex, follow, max-snippet:-1, max-image-preview:large, max-video-preview:-1\" \/>\n<meta property=\"og:locale\" content=\"sv_SE\" \/>\n<meta property=\"og:type\" content=\"article\" \/>\n<meta property=\"og:title\" content=\"Advokatspalten: Vad h\u00e4nder med mina f\u00f6r\u00e4ldrars fastighet vid en framtida arvssituation?\" \/>\n<meta property=\"og:description\" content=\"Hej! Mina f\u00f6r\u00e4ldrar k\u00f6pte f\u00f6r ett antal \u00e5r sedan en villa i Marbella. N\u00e4r de genomf\u00f6rde k\u00f6pet fick de r\u00e5det att bilda ett bolag i Gibraltar som k\u00f6pare. Detta bolag \u00e4r nu lagfaren \u00e4gare. Min mamma och pappa b\u00f6rjar nu bli gamla och orkar inte l\u00e4ngre \u00e5ka till Spanien. De senaste \u00e5ren har de inte [&hellip;]\" \/>\n<meta property=\"og:url\" content=\"https:\/\/lightweb.dev\/l\/svm-temp\/artiklar\/advokatspalten-vad-hander-med-mina-foraldrars-fastighet-vid-en-framtida-arvssituation\/\" \/>\n<meta property=\"og:site_name\" content=\"Svenska Magasinet\" \/>\n<meta property=\"article:publisher\" content=\"https:\/\/www.facebook.com\/svenskamagasinet\" \/>\n<meta property=\"article:published_time\" content=\"2014-02-13T23:00:00+00:00\" \/>\n<meta property=\"og:image\" content=\"https:\/\/lightweb.dev\/l\/svm-temp\/wp-content\/uploads\/2022\/04\/advokatspalten-vad-hnder-med-mina-frldrars-fastighet-vid-en-framtida-arvssituation.png\" \/>\n\t<meta property=\"og:image:width\" content=\"280\" \/>\n\t<meta property=\"og:image:height\" content=\"396\" \/>\n\t<meta property=\"og:image:type\" content=\"image\/png\" \/>\n<meta name=\"author\" content=\"Redaktionen SvM\" \/>\n<meta name=\"twitter:card\" content=\"summary_large_image\" \/>\n<meta name=\"twitter:creator\" content=\"@SvenskaMagasine\" \/>\n<meta name=\"twitter:site\" content=\"@SvenskaMagasine\" \/>\n<script type=\"application\/ld+json\" class=\"yoast-schema-graph\">{\"@context\":\"https:\\\/\\\/schema.org\",\"@graph\":[{\"@type\":\"Article\",\"@id\":\"https:\\\/\\\/lightweb.dev\\\/l\\\/svm-temp\\\/artiklar\\\/advokatspalten-vad-hander-med-mina-foraldrars-fastighet-vid-en-framtida-arvssituation\\\/#article\",\"isPartOf\":{\"@id\":\"https:\\\/\\\/lightweb.dev\\\/l\\\/svm-temp\\\/artiklar\\\/advokatspalten-vad-hander-med-mina-foraldrars-fastighet-vid-en-framtida-arvssituation\\\/\"},\"author\":{\"name\":\"Redaktionen SvM\",\"@id\":\"https:\\\/\\\/lightweb.dev\\\/l\\\/svm-temp\\\/#\\\/schema\\\/person\\\/206a3bda5b607b0c25e1749191e4d837\"},\"headline\":\"Advokatspalten: Vad h\u00e4nder med mina f\u00f6r\u00e4ldrars fastighet vid en framtida arvssituation?\",\"datePublished\":\"2014-02-13T23:00:00+00:00\",\"mainEntityOfPage\":{\"@id\":\"https:\\\/\\\/lightweb.dev\\\/l\\\/svm-temp\\\/artiklar\\\/advokatspalten-vad-hander-med-mina-foraldrars-fastighet-vid-en-framtida-arvssituation\\\/\"},\"wordCount\":440,\"commentCount\":0,\"publisher\":{\"@id\":\"https:\\\/\\\/lightweb.dev\\\/l\\\/svm-temp\\\/#organization\"},\"image\":{\"@id\":\"https:\\\/\\\/lightweb.dev\\\/l\\\/svm-temp\\\/artiklar\\\/advokatspalten-vad-hander-med-mina-foraldrars-fastighet-vid-en-framtida-arvssituation\\\/#primaryimage\"},\"thumbnailUrl\":\"https:\\\/\\\/lightweb.dev\\\/l\\\/svm-temp\\\/wp-content\\\/uploads\\\/2022\\\/04\\\/advokatspalten-vad-hnder-med-mina-frldrars-fastighet-vid-en-framtida-arvssituation.png\",\"articleSection\":[\"Arkiv\",\"Artiklar\"],\"inLanguage\":\"sv-SE\"},{\"@type\":\"WebPage\",\"@id\":\"https:\\\/\\\/lightweb.dev\\\/l\\\/svm-temp\\\/artiklar\\\/advokatspalten-vad-hander-med-mina-foraldrars-fastighet-vid-en-framtida-arvssituation\\\/\",\"url\":\"https:\\\/\\\/lightweb.dev\\\/l\\\/svm-temp\\\/artiklar\\\/advokatspalten-vad-hander-med-mina-foraldrars-fastighet-vid-en-framtida-arvssituation\\\/\",\"name\":\"Advokatspalten: Vad h\u00e4nder med mina f\u00f6r\u00e4ldrars fastighet vid en framtida arvssituation? - Svenska Magasinet\",\"isPartOf\":{\"@id\":\"https:\\\/\\\/lightweb.dev\\\/l\\\/svm-temp\\\/#website\"},\"primaryImageOfPage\":{\"@id\":\"https:\\\/\\\/lightweb.dev\\\/l\\\/svm-temp\\\/artiklar\\\/advokatspalten-vad-hander-med-mina-foraldrars-fastighet-vid-en-framtida-arvssituation\\\/#primaryimage\"},\"image\":{\"@id\":\"https:\\\/\\\/lightweb.dev\\\/l\\\/svm-temp\\\/artiklar\\\/advokatspalten-vad-hander-med-mina-foraldrars-fastighet-vid-en-framtida-arvssituation\\\/#primaryimage\"},\"thumbnailUrl\":\"https:\\\/\\\/lightweb.dev\\\/l\\\/svm-temp\\\/wp-content\\\/uploads\\\/2022\\\/04\\\/advokatspalten-vad-hnder-med-mina-frldrars-fastighet-vid-en-framtida-arvssituation.png\",\"datePublished\":\"2014-02-13T23:00:00+00:00\",\"breadcrumb\":{\"@id\":\"https:\\\/\\\/lightweb.dev\\\/l\\\/svm-temp\\\/artiklar\\\/advokatspalten-vad-hander-med-mina-foraldrars-fastighet-vid-en-framtida-arvssituation\\\/#breadcrumb\"},\"inLanguage\":\"sv-SE\",\"potentialAction\":[{\"@type\":\"ReadAction\",\"target\":[\"https:\\\/\\\/lightweb.dev\\\/l\\\/svm-temp\\\/artiklar\\\/advokatspalten-vad-hander-med-mina-foraldrars-fastighet-vid-en-framtida-arvssituation\\\/\"]}]},{\"@type\":\"ImageObject\",\"inLanguage\":\"sv-SE\",\"@id\":\"https:\\\/\\\/lightweb.dev\\\/l\\\/svm-temp\\\/artiklar\\\/advokatspalten-vad-hander-med-mina-foraldrars-fastighet-vid-en-framtida-arvssituation\\\/#primaryimage\",\"url\":\"https:\\\/\\\/lightweb.dev\\\/l\\\/svm-temp\\\/wp-content\\\/uploads\\\/2022\\\/04\\\/advokatspalten-vad-hnder-med-mina-frldrars-fastighet-vid-en-framtida-arvssituation.png\",\"contentUrl\":\"https:\\\/\\\/lightweb.dev\\\/l\\\/svm-temp\\\/wp-content\\\/uploads\\\/2022\\\/04\\\/advokatspalten-vad-hnder-med-mina-frldrars-fastighet-vid-en-framtida-arvssituation.png\",\"width\":280,\"height\":396},{\"@type\":\"BreadcrumbList\",\"@id\":\"https:\\\/\\\/lightweb.dev\\\/l\\\/svm-temp\\\/artiklar\\\/advokatspalten-vad-hander-med-mina-foraldrars-fastighet-vid-en-framtida-arvssituation\\\/#breadcrumb\",\"itemListElement\":[{\"@type\":\"ListItem\",\"position\":1,\"name\":\"Hem\",\"item\":\"https:\\\/\\\/lightweb.dev\\\/l\\\/svm-temp\\\/\"},{\"@type\":\"ListItem\",\"position\":2,\"name\":\"Advokatspalten: Vad h\u00e4nder med mina f\u00f6r\u00e4ldrars fastighet vid en framtida arvssituation?\"}]},{\"@type\":\"WebSite\",\"@id\":\"https:\\\/\\\/lightweb.dev\\\/l\\\/svm-temp\\\/#website\",\"url\":\"https:\\\/\\\/lightweb.dev\\\/l\\\/svm-temp\\\/\",\"name\":\"Svenska Magasinet\",\"description\":\"Dina Spanska nyheter p&aring; Svenska\",\"publisher\":{\"@id\":\"https:\\\/\\\/lightweb.dev\\\/l\\\/svm-temp\\\/#organization\"},\"potentialAction\":[{\"@type\":\"SearchAction\",\"target\":{\"@type\":\"EntryPoint\",\"urlTemplate\":\"https:\\\/\\\/lightweb.dev\\\/l\\\/svm-temp\\\/?s={search_term_string}\"},\"query-input\":{\"@type\":\"PropertyValueSpecification\",\"valueRequired\":true,\"valueName\":\"search_term_string\"}}],\"inLanguage\":\"sv-SE\"},{\"@type\":\"Organization\",\"@id\":\"https:\\\/\\\/lightweb.dev\\\/l\\\/svm-temp\\\/#organization\",\"name\":\"Melkerson y Nott SL\",\"alternateName\":\"Svenska Magasinet\",\"url\":\"https:\\\/\\\/lightweb.dev\\\/l\\\/svm-temp\\\/\",\"logo\":{\"@type\":\"ImageObject\",\"inLanguage\":\"sv-SE\",\"@id\":\"https:\\\/\\\/lightweb.dev\\\/l\\\/svm-temp\\\/#\\\/schema\\\/logo\\\/image\\\/\",\"url\":\"https:\\\/\\\/lightweb.dev\\\/l\\\/svm-temp\\\/wp-content\\\/uploads\\\/2025\\\/02\\\/SvM-logo-Xtra-Centrerad-SVART.png\",\"contentUrl\":\"https:\\\/\\\/lightweb.dev\\\/l\\\/svm-temp\\\/wp-content\\\/uploads\\\/2025\\\/02\\\/SvM-logo-Xtra-Centrerad-SVART.png\",\"width\":300,\"height\":99,\"caption\":\"Melkerson y Nott SL\"},\"image\":{\"@id\":\"https:\\\/\\\/lightweb.dev\\\/l\\\/svm-temp\\\/#\\\/schema\\\/logo\\\/image\\\/\"},\"sameAs\":[\"https:\\\/\\\/www.facebook.com\\\/svenskamagasinet\",\"https:\\\/\\\/x.com\\\/SvenskaMagasine\"]},{\"@type\":\"Person\",\"@id\":\"https:\\\/\\\/lightweb.dev\\\/l\\\/svm-temp\\\/#\\\/schema\\\/person\\\/206a3bda5b607b0c25e1749191e4d837\",\"name\":\"Redaktionen SvM\",\"description\":\"Redaktionen\",\"sameAs\":[\"https:\\\/\\\/lightweb.dev\\\/l\\\/svm-temp\"],\"url\":\"https:\\\/\\\/lightweb.dev\\\/l\\\/svm-temp\\\/reporter\\\/redaktionen\\\/\"}]}<\/script>\n<!-- \/ Yoast SEO Premium plugin. -->","yoast_head_json":{"title":"Advokatspalten: Vad h\u00e4nder med mina f\u00f6r\u00e4ldrars fastighet vid en framtida arvssituation? - Svenska Magasinet","robots":{"index":"noindex","follow":"follow","max-snippet":"max-snippet:-1","max-image-preview":"max-image-preview:large","max-video-preview":"max-video-preview:-1"},"og_locale":"sv_SE","og_type":"article","og_title":"Advokatspalten: Vad h\u00e4nder med mina f\u00f6r\u00e4ldrars fastighet vid en framtida arvssituation?","og_description":"Hej! Mina f\u00f6r\u00e4ldrar k\u00f6pte f\u00f6r ett antal \u00e5r sedan en villa i Marbella. N\u00e4r de genomf\u00f6rde k\u00f6pet fick de r\u00e5det att bilda ett bolag i Gibraltar som k\u00f6pare. Detta bolag \u00e4r nu lagfaren \u00e4gare. Min mamma och pappa b\u00f6rjar nu bli gamla och orkar inte l\u00e4ngre \u00e5ka till Spanien. De senaste \u00e5ren har de inte [&hellip;]","og_url":"https:\/\/lightweb.dev\/l\/svm-temp\/artiklar\/advokatspalten-vad-hander-med-mina-foraldrars-fastighet-vid-en-framtida-arvssituation\/","og_site_name":"Svenska Magasinet","article_publisher":"https:\/\/www.facebook.com\/svenskamagasinet","article_published_time":"2014-02-13T23:00:00+00:00","og_image":[{"width":280,"height":396,"url":"https:\/\/lightweb.dev\/l\/svm-temp\/wp-content\/uploads\/2022\/04\/advokatspalten-vad-hnder-med-mina-frldrars-fastighet-vid-en-framtida-arvssituation.png","type":"image\/png"}],"author":"Redaktionen SvM","twitter_card":"summary_large_image","twitter_creator":"@SvenskaMagasine","twitter_site":"@SvenskaMagasine","schema":{"@context":"https:\/\/schema.org","@graph":[{"@type":"Article","@id":"https:\/\/lightweb.dev\/l\/svm-temp\/artiklar\/advokatspalten-vad-hander-med-mina-foraldrars-fastighet-vid-en-framtida-arvssituation\/#article","isPartOf":{"@id":"https:\/\/lightweb.dev\/l\/svm-temp\/artiklar\/advokatspalten-vad-hander-med-mina-foraldrars-fastighet-vid-en-framtida-arvssituation\/"},"author":{"name":"Redaktionen SvM","@id":"https:\/\/lightweb.dev\/l\/svm-temp\/#\/schema\/person\/206a3bda5b607b0c25e1749191e4d837"},"headline":"Advokatspalten: Vad h\u00e4nder med mina f\u00f6r\u00e4ldrars fastighet vid en framtida arvssituation?","datePublished":"2014-02-13T23:00:00+00:00","mainEntityOfPage":{"@id":"https:\/\/lightweb.dev\/l\/svm-temp\/artiklar\/advokatspalten-vad-hander-med-mina-foraldrars-fastighet-vid-en-framtida-arvssituation\/"},"wordCount":440,"commentCount":0,"publisher":{"@id":"https:\/\/lightweb.dev\/l\/svm-temp\/#organization"},"image":{"@id":"https:\/\/lightweb.dev\/l\/svm-temp\/artiklar\/advokatspalten-vad-hander-med-mina-foraldrars-fastighet-vid-en-framtida-arvssituation\/#primaryimage"},"thumbnailUrl":"https:\/\/lightweb.dev\/l\/svm-temp\/wp-content\/uploads\/2022\/04\/advokatspalten-vad-hnder-med-mina-frldrars-fastighet-vid-en-framtida-arvssituation.png","articleSection":["Arkiv","Artiklar"],"inLanguage":"sv-SE"},{"@type":"WebPage","@id":"https:\/\/lightweb.dev\/l\/svm-temp\/artiklar\/advokatspalten-vad-hander-med-mina-foraldrars-fastighet-vid-en-framtida-arvssituation\/","url":"https:\/\/lightweb.dev\/l\/svm-temp\/artiklar\/advokatspalten-vad-hander-med-mina-foraldrars-fastighet-vid-en-framtida-arvssituation\/","name":"Advokatspalten: Vad h\u00e4nder med mina f\u00f6r\u00e4ldrars fastighet vid en framtida arvssituation? - Svenska Magasinet","isPartOf":{"@id":"https:\/\/lightweb.dev\/l\/svm-temp\/#website"},"primaryImageOfPage":{"@id":"https:\/\/lightweb.dev\/l\/svm-temp\/artiklar\/advokatspalten-vad-hander-med-mina-foraldrars-fastighet-vid-en-framtida-arvssituation\/#primaryimage"},"image":{"@id":"https:\/\/lightweb.dev\/l\/svm-temp\/artiklar\/advokatspalten-vad-hander-med-mina-foraldrars-fastighet-vid-en-framtida-arvssituation\/#primaryimage"},"thumbnailUrl":"https:\/\/lightweb.dev\/l\/svm-temp\/wp-content\/uploads\/2022\/04\/advokatspalten-vad-hnder-med-mina-frldrars-fastighet-vid-en-framtida-arvssituation.png","datePublished":"2014-02-13T23:00:00+00:00","breadcrumb":{"@id":"https:\/\/lightweb.dev\/l\/svm-temp\/artiklar\/advokatspalten-vad-hander-med-mina-foraldrars-fastighet-vid-en-framtida-arvssituation\/#breadcrumb"},"inLanguage":"sv-SE","potentialAction":[{"@type":"ReadAction","target":["https:\/\/lightweb.dev\/l\/svm-temp\/artiklar\/advokatspalten-vad-hander-med-mina-foraldrars-fastighet-vid-en-framtida-arvssituation\/"]}]},{"@type":"ImageObject","inLanguage":"sv-SE","@id":"https:\/\/lightweb.dev\/l\/svm-temp\/artiklar\/advokatspalten-vad-hander-med-mina-foraldrars-fastighet-vid-en-framtida-arvssituation\/#primaryimage","url":"https:\/\/lightweb.dev\/l\/svm-temp\/wp-content\/uploads\/2022\/04\/advokatspalten-vad-hnder-med-mina-frldrars-fastighet-vid-en-framtida-arvssituation.png","contentUrl":"https:\/\/lightweb.dev\/l\/svm-temp\/wp-content\/uploads\/2022\/04\/advokatspalten-vad-hnder-med-mina-frldrars-fastighet-vid-en-framtida-arvssituation.png","width":280,"height":396},{"@type":"BreadcrumbList","@id":"https:\/\/lightweb.dev\/l\/svm-temp\/artiklar\/advokatspalten-vad-hander-med-mina-foraldrars-fastighet-vid-en-framtida-arvssituation\/#breadcrumb","itemListElement":[{"@type":"ListItem","position":1,"name":"Hem","item":"https:\/\/lightweb.dev\/l\/svm-temp\/"},{"@type":"ListItem","position":2,"name":"Advokatspalten: Vad h\u00e4nder med mina f\u00f6r\u00e4ldrars fastighet vid en framtida arvssituation?"}]},{"@type":"WebSite","@id":"https:\/\/lightweb.dev\/l\/svm-temp\/#website","url":"https:\/\/lightweb.dev\/l\/svm-temp\/","name":"Svenska Magasinet","description":"Dina Spanska nyheter p&aring; Svenska","publisher":{"@id":"https:\/\/lightweb.dev\/l\/svm-temp\/#organization"},"potentialAction":[{"@type":"SearchAction","target":{"@type":"EntryPoint","urlTemplate":"https:\/\/lightweb.dev\/l\/svm-temp\/?s={search_term_string}"},"query-input":{"@type":"PropertyValueSpecification","valueRequired":true,"valueName":"search_term_string"}}],"inLanguage":"sv-SE"},{"@type":"Organization","@id":"https:\/\/lightweb.dev\/l\/svm-temp\/#organization","name":"Melkerson y Nott SL","alternateName":"Svenska Magasinet","url":"https:\/\/lightweb.dev\/l\/svm-temp\/","logo":{"@type":"ImageObject","inLanguage":"sv-SE","@id":"https:\/\/lightweb.dev\/l\/svm-temp\/#\/schema\/logo\/image\/","url":"https:\/\/lightweb.dev\/l\/svm-temp\/wp-content\/uploads\/2025\/02\/SvM-logo-Xtra-Centrerad-SVART.png","contentUrl":"https:\/\/lightweb.dev\/l\/svm-temp\/wp-content\/uploads\/2025\/02\/SvM-logo-Xtra-Centrerad-SVART.png","width":300,"height":99,"caption":"Melkerson y Nott SL"},"image":{"@id":"https:\/\/lightweb.dev\/l\/svm-temp\/#\/schema\/logo\/image\/"},"sameAs":["https:\/\/www.facebook.com\/svenskamagasinet","https:\/\/x.com\/SvenskaMagasine"]},{"@type":"Person","@id":"https:\/\/lightweb.dev\/l\/svm-temp\/#\/schema\/person\/206a3bda5b607b0c25e1749191e4d837","name":"Redaktionen SvM","description":"Redaktionen","sameAs":["https:\/\/lightweb.dev\/l\/svm-temp"],"url":"https:\/\/lightweb.dev\/l\/svm-temp\/reporter\/redaktionen\/"}]}},"_links":{"self":[{"href":"https:\/\/lightweb.dev\/l\/svm-temp\/wp-json\/wp\/v2\/posts\/4672","targetHints":{"allow":["GET"]}}],"collection":[{"href":"https:\/\/lightweb.dev\/l\/svm-temp\/wp-json\/wp\/v2\/posts"}],"about":[{"href":"https:\/\/lightweb.dev\/l\/svm-temp\/wp-json\/wp\/v2\/types\/post"}],"author":[{"embeddable":true,"href":"https:\/\/lightweb.dev\/l\/svm-temp\/wp-json\/wp\/v2\/users\/8"}],"replies":[{"embeddable":true,"href":"https:\/\/lightweb.dev\/l\/svm-temp\/wp-json\/wp\/v2\/comments?post=4672"}],"version-history":[{"count":0,"href":"https:\/\/lightweb.dev\/l\/svm-temp\/wp-json\/wp\/v2\/posts\/4672\/revisions"}],"wp:featuredmedia":[{"embeddable":true,"href":"https:\/\/lightweb.dev\/l\/svm-temp\/wp-json\/wp\/v2\/media\/4673"}],"wp:attachment":[{"href":"https:\/\/lightweb.dev\/l\/svm-temp\/wp-json\/wp\/v2\/media?parent=4672"}],"wp:term":[{"taxonomy":"category","embeddable":true,"href":"https:\/\/lightweb.dev\/l\/svm-temp\/wp-json\/wp\/v2\/categories?post=4672"},{"taxonomy":"post_tag","embeddable":true,"href":"https:\/\/lightweb.dev\/l\/svm-temp\/wp-json\/wp\/v2\/tags?post=4672"}],"curies":[{"name":"wp","href":"https:\/\/api.w.org\/{rel}","templated":true}]}}