{"id":4696,"date":"2014-02-11T00:00:00","date_gmt":"2014-02-10T23:00:00","guid":{"rendered":"https:\/\/lightweb.dev\/l\/svm-temp\/spanien-just-nu-livskvalitet\/"},"modified":"2014-02-11T00:00:00","modified_gmt":"2014-02-10T23:00:00","slug":"spanien-just-nu-livskvalitet","status":"publish","type":"post","link":"https:\/\/lightweb.dev\/l\/svm-temp\/artiklar\/spanien-just-nu-livskvalitet\/","title":{"rendered":"Spanien just nu &#8211; livskvalitet"},"content":{"rendered":"<p> Livskvalitet kan vara s\u00e5 olika. Men n\u00e4r modenycker, tekniska prylar eller tv\u00e4rs\u00e4kerhetsanalytiker ska s\u00e4tta dagordningen f\u00f6r vanligt folk kan det bli f\u00f6r\u00f6dande konsekvenser. Av Ola Josefsson<\/p>\n<p>Trots den ekonomiska krisen som har slagit h\u00e5rt mot Spanien finns h\u00e4r en livskvalitet som saknas p\u00e5 andra h\u00e5ll. I Sverige med \u00f6verbel\u00e5nade hush\u00e5ll och ett massivt folkligt st\u00f6d f\u00f6r en gemensamt finansierad v\u00e4lf\u00e4rdsstat finns ocks\u00e5 en verklighet med isolerade m\u00e4nniskor, segregerade bostadsomr\u00e5den, kriminalitet, tablettmissbruk plus mycket annat.<br \/>\nTrots ett antal jobbskatteavdrag ligger Sverige p\u00e5 TOP 5 n\u00e4r det g\u00e4ller l\u00e4nder med h\u00f6gst skattetryck. Trots det r\u00e4cker inte pengarna till j\u00e4rnv\u00e4g, v\u00e5rd, omsorg och skola. Och livskvalit\u00e9n sl\u00e4par efter.<\/p>\n<p>\u201dLattemammor\u201d med barnvagnar g\u00e5r p\u00e5 stan, och med en stor pappersmugg med n\u00e5gon blaskig s\u00f6rja som kallas kaffe-latte. Jag \u00e4r s\u00e5 glad att jag slipper se s\u00e5dant i Spanien. H\u00e4r springer ingen runt med kaffe.<br \/>\nMina spanska v\u00e4nner f\u00f6rst\u00e5r inte hur man kan g\u00e5 p\u00e5 gatan med en pappersmugg med kaffe. I Sverige kallas detta utveckling och frihet. F\u00f6r mig \u00e4r det f\u00f6r\u00f6dande och det \u00e4r att ta d\u00f6d p\u00e5 den gamla fina caf\u00e9kulturen.<\/p>\n<p>H\u00e4r i Spanien sitter vi ned och dricker v\u00e5rt kaffe. Det \u00e4r en stund f\u00f6r \u00e5terh\u00e4mtning, begrundan, iakttagelse, en stund f\u00f6r samtal. Och du f\u00e5r sitta hur l\u00e4nge du vill p\u00e5 din spanska trottoar- eller torgservering.<br \/>\nHar du satt dig vid ett bord och tagit in din espresso, cafe con leche eller carajillo f\u00e5r du sitta hur l\u00e4nge du vill. Jag har aldrig varit med om att n\u00e5gon har blivit bortk\u00f6rd f\u00f6r att ha suttit f\u00f6r l\u00e4nge. Fr\u00e5n ditt caf\u00e9bord f\u00f6ljer du den spanska vardagen om du nu inte st\u00f6rs av o\u00e4ndliga mobiltelefoner.<\/p>\n<p>Att m\u00e5nga \u00e4r slavar under tekniken ser en vaken person ganska snart. Jag dryftade detta med en k\u00e4nd svensk restaurang\u00e4gare p\u00e5 Solkusten. B\u00e5da har vi observerat utvecklingen med alla som promenerar p\u00e5 gatan med mobilen i handen utan att titta upp, s\u00e4ga hej, och bidra till vanligt folkvett. Den svenske kr\u00f6garen p\u00e5 Solkusten \u00e4r orolig f\u00f6r utvecklingen och ber\u00e4ttar om ett allt vanligare fenomen:<br \/>\n\u201dDu Ola, det \u00e4r en hemsk utveckling. Jag ser familjer som kommer till min restaurang, s\u00e4tter sig ned och tar upp mobiltelefoner. De sitter tysta, trycker p\u00e5 sina mobiler. F\u00f6r mig som kr\u00f6gare \u00e4r det fruktansv\u00e4rt trist att uppleva detta. Ett restaurangbes\u00f6k ska vara en trevlig samvaro d\u00e4r middagsg\u00e4ster njuter av god mat och samtalar med varandra. Men jag ser bara fler tysta middagsg\u00e4ster&#8230;\u201d.<\/p>\n<p>Utveckling? En f\u00f6r\u00f6dande s\u00e5dan. Verkligheten \u00e4r komplex och ibland sv\u00e5r att f\u00e5nga och beskriva. En beskrivning av verkligheten \u00e4r i regel f\u00e4rgad. Svenska medier har en f\u00f6rk\u00e4rlek att beskriva Spanien p\u00e5 sitt eget speciella s\u00e4tt. Ta detta med aborter. I Sverige \u00e4r debatten lika med noll. I Spanien och p\u00e5 m\u00e5nga andra h\u00e5ll diskuteras \u00e4mnet flitigt.<br \/>\nSpaniens h\u00f6gerregering vill nu reformera abortlagstiftningen vilket betyder att abort endast till\u00e5ts om kvinnan utsatts f\u00f6r v\u00e5ldt\u00e4kt eller om graviditeten inneb\u00e4r fara f\u00f6r kvinnans h\u00e4lsa.<\/p>\n<p>Nyligen redogjorde Sveriges Radios Sydeuropakorrespondent f\u00f6r landets nya abortreformer och kallade det \u201dFrancopolitik\u201d. Sydsvenska Dagbladet h\u00e4ngde p\u00e5 och beskrev de aviserade f\u00f6r\u00e4ndringarna av abortlagen som en tillbakag\u00e5ng till \u201dFrancos dagar\u201d.<\/p>\n<p>Vad som inte sas i rapporteringen i Sverige \u00e4r att abortreformen som nu inf\u00f6rs \u00e4r en gammal socialdemokratisk modell som lades av den tidigare premi\u00e4rministern Felipe Gonza\u0301lez 1985. Den har ingenting med Franco att g\u00f6ra. Ty under Francotiden var aborter helt f\u00f6rbjudna.<br \/>\nSpanska h\u00f6gerregeringar st\u00e5r inte h\u00f6gt i kurs bland svenska journalister och d\u00e4rf\u00f6r blir nyhetsrapporteringen som den blir. Spaniens justitieminister Alberto Ruiz-Gallard\u00f3n f\u00f6rsvarar reformen med att det inte finns n\u00e5gon internationell lag som ser abort som en r\u00e4ttighet.<br \/>\nSpaniens uppgift \u00e4r att lagstifta enligt den spanska konstitutionen och i enlighet med internationella krav. Justitieministern betonar att den spanska konstitutionen skyddar m\u00e4nskligt liv \u201dfr\u00e5n befruktnings\u00f6gonblicket\u201d.<\/p>\n<p>Att g\u00f6ra abort p\u00e5 grund av en missbildning av fostret kan beskrivas som en \u201ddiskriminering av funktionshindrade\u201d menar Ruiz-Gallard\u00f3n. \u201dM\u00e4nniskor som inte har n\u00e5gra funktionsneds\u00e4ttningar ska inte ha fler r\u00e4ttigheter \u00e4n om de har funktionsneds\u00e4ttningar\u201d menar den spanske justitieministern.<\/p>\n<p>Det har f\u00f6rekommit demonstationer mot den nya abortlagstiftningen p\u00e5 flera h\u00e5ll i Spanien och utomlands, n\u00e5got som har uppm\u00e4rksammats i svenska medier. Det har ocks\u00e5 f\u00f6rekommit manifestationer i Paris d\u00e4r anh\u00e4ngare har uppmanat den franska regeringen att f\u00f6lja det spanska exemplet med en lag som skyddar det of\u00f6dda barnet. N\u00e5got som inte har uppm\u00e4rksammats i svenska medier.<\/p>\n<p>Verkligheten kan ibland vara f\u00f6r komplex f\u00f6r media att beskriva.<\/p>\n<p>\u2026. f\u00f6r \u00f6vrigt anser jag att priserna p\u00e5 betalmotorv\u00e4gen Autopista del la Costa del Sol AP-7 b\u00f6r s\u00e4nkas!<\/p>\n","protected":false},"excerpt":{"rendered":"<p>Livskvalitet kan vara s\u00e5 olika. Men n\u00e4r modenycker, tekniska prylar eller tv\u00e4rs\u00e4kerhetsanalytiker ska s\u00e4tta dagordningen f\u00f6r vanligt folk kan det bli f\u00f6r\u00f6dande konsekvenser. Av Ola Josefsson Trots den ekonomiska krisen som har slagit h\u00e5rt mot Spanien finns h\u00e4r en livskvalitet som saknas p\u00e5 andra h\u00e5ll. I Sverige med \u00f6verbel\u00e5nade hush\u00e5ll och ett massivt folkligt st\u00f6d [&hellip;]<\/p>\n","protected":false},"author":8,"featured_media":4697,"comment_status":"open","ping_status":"open","sticky":false,"template":"","format":"standard","meta":{"_et_pb_use_builder":"","_et_pb_old_content":"","_et_gb_content_width":"","footnotes":""},"categories":[4,36],"tags":[],"class_list":["post-4696","post","type-post","status-publish","format-standard","has-post-thumbnail","hentry","category-artiklar","category-spanien-just-nu"],"yoast_head":"<!-- This site is optimized with the Yoast SEO Premium plugin v26.2 (Yoast SEO v27.5) - https:\/\/yoast.com\/product\/yoast-seo-premium-wordpress\/ -->\n<title>Spanien just nu - livskvalitet - Svenska Magasinet<\/title>\n<meta name=\"robots\" content=\"noindex, follow, max-snippet:-1, max-image-preview:large, max-video-preview:-1\" \/>\n<meta property=\"og:locale\" content=\"sv_SE\" \/>\n<meta property=\"og:type\" content=\"article\" \/>\n<meta property=\"og:title\" content=\"Spanien just nu - livskvalitet\" \/>\n<meta property=\"og:description\" content=\"Livskvalitet kan vara s\u00e5 olika. Men n\u00e4r modenycker, tekniska prylar eller tv\u00e4rs\u00e4kerhetsanalytiker ska s\u00e4tta dagordningen f\u00f6r vanligt folk kan det bli f\u00f6r\u00f6dande konsekvenser. Av Ola Josefsson Trots den ekonomiska krisen som har slagit h\u00e5rt mot Spanien finns h\u00e4r en livskvalitet som saknas p\u00e5 andra h\u00e5ll. I Sverige med \u00f6verbel\u00e5nade hush\u00e5ll och ett massivt folkligt st\u00f6d [&hellip;]\" \/>\n<meta property=\"og:url\" content=\"https:\/\/lightweb.dev\/l\/svm-temp\/artiklar\/spanien-just-nu-livskvalitet\/\" \/>\n<meta property=\"og:site_name\" content=\"Svenska Magasinet\" \/>\n<meta property=\"article:publisher\" content=\"https:\/\/www.facebook.com\/svenskamagasinet\" \/>\n<meta property=\"article:published_time\" content=\"2014-02-10T23:00:00+00:00\" \/>\n<meta property=\"og:image\" content=\"https:\/\/lightweb.dev\/l\/svm-temp\/wp-content\/uploads\/2022\/04\/spanien-just-nu-livskvalitet.png\" \/>\n\t<meta property=\"og:image:width\" content=\"280\" \/>\n\t<meta property=\"og:image:height\" content=\"419\" \/>\n\t<meta property=\"og:image:type\" content=\"image\/png\" \/>\n<meta name=\"author\" content=\"Redaktionen SvM\" \/>\n<meta name=\"twitter:card\" content=\"summary_large_image\" \/>\n<meta name=\"twitter:creator\" content=\"@SvenskaMagasine\" \/>\n<meta name=\"twitter:site\" content=\"@SvenskaMagasine\" \/>\n<script type=\"application\/ld+json\" class=\"yoast-schema-graph\">{\"@context\":\"https:\\\/\\\/schema.org\",\"@graph\":[{\"@type\":\"Article\",\"@id\":\"https:\\\/\\\/lightweb.dev\\\/l\\\/svm-temp\\\/artiklar\\\/spanien-just-nu-livskvalitet\\\/#article\",\"isPartOf\":{\"@id\":\"https:\\\/\\\/lightweb.dev\\\/l\\\/svm-temp\\\/artiklar\\\/spanien-just-nu-livskvalitet\\\/\"},\"author\":{\"name\":\"Redaktionen SvM\",\"@id\":\"https:\\\/\\\/lightweb.dev\\\/l\\\/svm-temp\\\/#\\\/schema\\\/person\\\/206a3bda5b607b0c25e1749191e4d837\"},\"headline\":\"Spanien just nu &#8211; livskvalitet\",\"datePublished\":\"2014-02-10T23:00:00+00:00\",\"mainEntityOfPage\":{\"@id\":\"https:\\\/\\\/lightweb.dev\\\/l\\\/svm-temp\\\/artiklar\\\/spanien-just-nu-livskvalitet\\\/\"},\"wordCount\":883,\"commentCount\":0,\"publisher\":{\"@id\":\"https:\\\/\\\/lightweb.dev\\\/l\\\/svm-temp\\\/#organization\"},\"image\":{\"@id\":\"https:\\\/\\\/lightweb.dev\\\/l\\\/svm-temp\\\/artiklar\\\/spanien-just-nu-livskvalitet\\\/#primaryimage\"},\"thumbnailUrl\":\"https:\\\/\\\/lightweb.dev\\\/l\\\/svm-temp\\\/wp-content\\\/uploads\\\/2022\\\/04\\\/spanien-just-nu-livskvalitet.png\",\"articleSection\":[\"Artiklar\",\"Spanien just nu\"],\"inLanguage\":\"sv-SE\"},{\"@type\":\"WebPage\",\"@id\":\"https:\\\/\\\/lightweb.dev\\\/l\\\/svm-temp\\\/artiklar\\\/spanien-just-nu-livskvalitet\\\/\",\"url\":\"https:\\\/\\\/lightweb.dev\\\/l\\\/svm-temp\\\/artiklar\\\/spanien-just-nu-livskvalitet\\\/\",\"name\":\"Spanien just nu - livskvalitet - Svenska Magasinet\",\"isPartOf\":{\"@id\":\"https:\\\/\\\/lightweb.dev\\\/l\\\/svm-temp\\\/#website\"},\"primaryImageOfPage\":{\"@id\":\"https:\\\/\\\/lightweb.dev\\\/l\\\/svm-temp\\\/artiklar\\\/spanien-just-nu-livskvalitet\\\/#primaryimage\"},\"image\":{\"@id\":\"https:\\\/\\\/lightweb.dev\\\/l\\\/svm-temp\\\/artiklar\\\/spanien-just-nu-livskvalitet\\\/#primaryimage\"},\"thumbnailUrl\":\"https:\\\/\\\/lightweb.dev\\\/l\\\/svm-temp\\\/wp-content\\\/uploads\\\/2022\\\/04\\\/spanien-just-nu-livskvalitet.png\",\"datePublished\":\"2014-02-10T23:00:00+00:00\",\"breadcrumb\":{\"@id\":\"https:\\\/\\\/lightweb.dev\\\/l\\\/svm-temp\\\/artiklar\\\/spanien-just-nu-livskvalitet\\\/#breadcrumb\"},\"inLanguage\":\"sv-SE\",\"potentialAction\":[{\"@type\":\"ReadAction\",\"target\":[\"https:\\\/\\\/lightweb.dev\\\/l\\\/svm-temp\\\/artiklar\\\/spanien-just-nu-livskvalitet\\\/\"]}]},{\"@type\":\"ImageObject\",\"inLanguage\":\"sv-SE\",\"@id\":\"https:\\\/\\\/lightweb.dev\\\/l\\\/svm-temp\\\/artiklar\\\/spanien-just-nu-livskvalitet\\\/#primaryimage\",\"url\":\"https:\\\/\\\/lightweb.dev\\\/l\\\/svm-temp\\\/wp-content\\\/uploads\\\/2022\\\/04\\\/spanien-just-nu-livskvalitet.png\",\"contentUrl\":\"https:\\\/\\\/lightweb.dev\\\/l\\\/svm-temp\\\/wp-content\\\/uploads\\\/2022\\\/04\\\/spanien-just-nu-livskvalitet.png\",\"width\":280,\"height\":419},{\"@type\":\"BreadcrumbList\",\"@id\":\"https:\\\/\\\/lightweb.dev\\\/l\\\/svm-temp\\\/artiklar\\\/spanien-just-nu-livskvalitet\\\/#breadcrumb\",\"itemListElement\":[{\"@type\":\"ListItem\",\"position\":1,\"name\":\"Hem\",\"item\":\"https:\\\/\\\/lightweb.dev\\\/l\\\/svm-temp\\\/\"},{\"@type\":\"ListItem\",\"position\":2,\"name\":\"Spanien just nu &#8211; livskvalitet\"}]},{\"@type\":\"WebSite\",\"@id\":\"https:\\\/\\\/lightweb.dev\\\/l\\\/svm-temp\\\/#website\",\"url\":\"https:\\\/\\\/lightweb.dev\\\/l\\\/svm-temp\\\/\",\"name\":\"Svenska Magasinet\",\"description\":\"Dina Spanska nyheter p&aring; Svenska\",\"publisher\":{\"@id\":\"https:\\\/\\\/lightweb.dev\\\/l\\\/svm-temp\\\/#organization\"},\"potentialAction\":[{\"@type\":\"SearchAction\",\"target\":{\"@type\":\"EntryPoint\",\"urlTemplate\":\"https:\\\/\\\/lightweb.dev\\\/l\\\/svm-temp\\\/?s={search_term_string}\"},\"query-input\":{\"@type\":\"PropertyValueSpecification\",\"valueRequired\":true,\"valueName\":\"search_term_string\"}}],\"inLanguage\":\"sv-SE\"},{\"@type\":\"Organization\",\"@id\":\"https:\\\/\\\/lightweb.dev\\\/l\\\/svm-temp\\\/#organization\",\"name\":\"Melkerson y Nott SL\",\"alternateName\":\"Svenska Magasinet\",\"url\":\"https:\\\/\\\/lightweb.dev\\\/l\\\/svm-temp\\\/\",\"logo\":{\"@type\":\"ImageObject\",\"inLanguage\":\"sv-SE\",\"@id\":\"https:\\\/\\\/lightweb.dev\\\/l\\\/svm-temp\\\/#\\\/schema\\\/logo\\\/image\\\/\",\"url\":\"https:\\\/\\\/lightweb.dev\\\/l\\\/svm-temp\\\/wp-content\\\/uploads\\\/2025\\\/02\\\/SvM-logo-Xtra-Centrerad-SVART.png\",\"contentUrl\":\"https:\\\/\\\/lightweb.dev\\\/l\\\/svm-temp\\\/wp-content\\\/uploads\\\/2025\\\/02\\\/SvM-logo-Xtra-Centrerad-SVART.png\",\"width\":300,\"height\":99,\"caption\":\"Melkerson y Nott SL\"},\"image\":{\"@id\":\"https:\\\/\\\/lightweb.dev\\\/l\\\/svm-temp\\\/#\\\/schema\\\/logo\\\/image\\\/\"},\"sameAs\":[\"https:\\\/\\\/www.facebook.com\\\/svenskamagasinet\",\"https:\\\/\\\/x.com\\\/SvenskaMagasine\"]},{\"@type\":\"Person\",\"@id\":\"https:\\\/\\\/lightweb.dev\\\/l\\\/svm-temp\\\/#\\\/schema\\\/person\\\/206a3bda5b607b0c25e1749191e4d837\",\"name\":\"Redaktionen SvM\",\"description\":\"Redaktionen\",\"sameAs\":[\"https:\\\/\\\/lightweb.dev\\\/l\\\/svm-temp\"],\"url\":\"https:\\\/\\\/lightweb.dev\\\/l\\\/svm-temp\\\/reporter\\\/redaktionen\\\/\"}]}<\/script>\n<!-- \/ Yoast SEO Premium plugin. -->","yoast_head_json":{"title":"Spanien just nu - livskvalitet - Svenska Magasinet","robots":{"index":"noindex","follow":"follow","max-snippet":"max-snippet:-1","max-image-preview":"max-image-preview:large","max-video-preview":"max-video-preview:-1"},"og_locale":"sv_SE","og_type":"article","og_title":"Spanien just nu - livskvalitet","og_description":"Livskvalitet kan vara s\u00e5 olika. Men n\u00e4r modenycker, tekniska prylar eller tv\u00e4rs\u00e4kerhetsanalytiker ska s\u00e4tta dagordningen f\u00f6r vanligt folk kan det bli f\u00f6r\u00f6dande konsekvenser. Av Ola Josefsson Trots den ekonomiska krisen som har slagit h\u00e5rt mot Spanien finns h\u00e4r en livskvalitet som saknas p\u00e5 andra h\u00e5ll. I Sverige med \u00f6verbel\u00e5nade hush\u00e5ll och ett massivt folkligt st\u00f6d [&hellip;]","og_url":"https:\/\/lightweb.dev\/l\/svm-temp\/artiklar\/spanien-just-nu-livskvalitet\/","og_site_name":"Svenska Magasinet","article_publisher":"https:\/\/www.facebook.com\/svenskamagasinet","article_published_time":"2014-02-10T23:00:00+00:00","og_image":[{"width":280,"height":419,"url":"https:\/\/lightweb.dev\/l\/svm-temp\/wp-content\/uploads\/2022\/04\/spanien-just-nu-livskvalitet.png","type":"image\/png"}],"author":"Redaktionen SvM","twitter_card":"summary_large_image","twitter_creator":"@SvenskaMagasine","twitter_site":"@SvenskaMagasine","schema":{"@context":"https:\/\/schema.org","@graph":[{"@type":"Article","@id":"https:\/\/lightweb.dev\/l\/svm-temp\/artiklar\/spanien-just-nu-livskvalitet\/#article","isPartOf":{"@id":"https:\/\/lightweb.dev\/l\/svm-temp\/artiklar\/spanien-just-nu-livskvalitet\/"},"author":{"name":"Redaktionen SvM","@id":"https:\/\/lightweb.dev\/l\/svm-temp\/#\/schema\/person\/206a3bda5b607b0c25e1749191e4d837"},"headline":"Spanien just nu &#8211; livskvalitet","datePublished":"2014-02-10T23:00:00+00:00","mainEntityOfPage":{"@id":"https:\/\/lightweb.dev\/l\/svm-temp\/artiklar\/spanien-just-nu-livskvalitet\/"},"wordCount":883,"commentCount":0,"publisher":{"@id":"https:\/\/lightweb.dev\/l\/svm-temp\/#organization"},"image":{"@id":"https:\/\/lightweb.dev\/l\/svm-temp\/artiklar\/spanien-just-nu-livskvalitet\/#primaryimage"},"thumbnailUrl":"https:\/\/lightweb.dev\/l\/svm-temp\/wp-content\/uploads\/2022\/04\/spanien-just-nu-livskvalitet.png","articleSection":["Artiklar","Spanien just nu"],"inLanguage":"sv-SE"},{"@type":"WebPage","@id":"https:\/\/lightweb.dev\/l\/svm-temp\/artiklar\/spanien-just-nu-livskvalitet\/","url":"https:\/\/lightweb.dev\/l\/svm-temp\/artiklar\/spanien-just-nu-livskvalitet\/","name":"Spanien just nu - livskvalitet - Svenska Magasinet","isPartOf":{"@id":"https:\/\/lightweb.dev\/l\/svm-temp\/#website"},"primaryImageOfPage":{"@id":"https:\/\/lightweb.dev\/l\/svm-temp\/artiklar\/spanien-just-nu-livskvalitet\/#primaryimage"},"image":{"@id":"https:\/\/lightweb.dev\/l\/svm-temp\/artiklar\/spanien-just-nu-livskvalitet\/#primaryimage"},"thumbnailUrl":"https:\/\/lightweb.dev\/l\/svm-temp\/wp-content\/uploads\/2022\/04\/spanien-just-nu-livskvalitet.png","datePublished":"2014-02-10T23:00:00+00:00","breadcrumb":{"@id":"https:\/\/lightweb.dev\/l\/svm-temp\/artiklar\/spanien-just-nu-livskvalitet\/#breadcrumb"},"inLanguage":"sv-SE","potentialAction":[{"@type":"ReadAction","target":["https:\/\/lightweb.dev\/l\/svm-temp\/artiklar\/spanien-just-nu-livskvalitet\/"]}]},{"@type":"ImageObject","inLanguage":"sv-SE","@id":"https:\/\/lightweb.dev\/l\/svm-temp\/artiklar\/spanien-just-nu-livskvalitet\/#primaryimage","url":"https:\/\/lightweb.dev\/l\/svm-temp\/wp-content\/uploads\/2022\/04\/spanien-just-nu-livskvalitet.png","contentUrl":"https:\/\/lightweb.dev\/l\/svm-temp\/wp-content\/uploads\/2022\/04\/spanien-just-nu-livskvalitet.png","width":280,"height":419},{"@type":"BreadcrumbList","@id":"https:\/\/lightweb.dev\/l\/svm-temp\/artiklar\/spanien-just-nu-livskvalitet\/#breadcrumb","itemListElement":[{"@type":"ListItem","position":1,"name":"Hem","item":"https:\/\/lightweb.dev\/l\/svm-temp\/"},{"@type":"ListItem","position":2,"name":"Spanien just nu &#8211; livskvalitet"}]},{"@type":"WebSite","@id":"https:\/\/lightweb.dev\/l\/svm-temp\/#website","url":"https:\/\/lightweb.dev\/l\/svm-temp\/","name":"Svenska Magasinet","description":"Dina Spanska nyheter p&aring; Svenska","publisher":{"@id":"https:\/\/lightweb.dev\/l\/svm-temp\/#organization"},"potentialAction":[{"@type":"SearchAction","target":{"@type":"EntryPoint","urlTemplate":"https:\/\/lightweb.dev\/l\/svm-temp\/?s={search_term_string}"},"query-input":{"@type":"PropertyValueSpecification","valueRequired":true,"valueName":"search_term_string"}}],"inLanguage":"sv-SE"},{"@type":"Organization","@id":"https:\/\/lightweb.dev\/l\/svm-temp\/#organization","name":"Melkerson y Nott SL","alternateName":"Svenska Magasinet","url":"https:\/\/lightweb.dev\/l\/svm-temp\/","logo":{"@type":"ImageObject","inLanguage":"sv-SE","@id":"https:\/\/lightweb.dev\/l\/svm-temp\/#\/schema\/logo\/image\/","url":"https:\/\/lightweb.dev\/l\/svm-temp\/wp-content\/uploads\/2025\/02\/SvM-logo-Xtra-Centrerad-SVART.png","contentUrl":"https:\/\/lightweb.dev\/l\/svm-temp\/wp-content\/uploads\/2025\/02\/SvM-logo-Xtra-Centrerad-SVART.png","width":300,"height":99,"caption":"Melkerson y Nott SL"},"image":{"@id":"https:\/\/lightweb.dev\/l\/svm-temp\/#\/schema\/logo\/image\/"},"sameAs":["https:\/\/www.facebook.com\/svenskamagasinet","https:\/\/x.com\/SvenskaMagasine"]},{"@type":"Person","@id":"https:\/\/lightweb.dev\/l\/svm-temp\/#\/schema\/person\/206a3bda5b607b0c25e1749191e4d837","name":"Redaktionen SvM","description":"Redaktionen","sameAs":["https:\/\/lightweb.dev\/l\/svm-temp"],"url":"https:\/\/lightweb.dev\/l\/svm-temp\/reporter\/redaktionen\/"}]}},"_links":{"self":[{"href":"https:\/\/lightweb.dev\/l\/svm-temp\/wp-json\/wp\/v2\/posts\/4696","targetHints":{"allow":["GET"]}}],"collection":[{"href":"https:\/\/lightweb.dev\/l\/svm-temp\/wp-json\/wp\/v2\/posts"}],"about":[{"href":"https:\/\/lightweb.dev\/l\/svm-temp\/wp-json\/wp\/v2\/types\/post"}],"author":[{"embeddable":true,"href":"https:\/\/lightweb.dev\/l\/svm-temp\/wp-json\/wp\/v2\/users\/8"}],"replies":[{"embeddable":true,"href":"https:\/\/lightweb.dev\/l\/svm-temp\/wp-json\/wp\/v2\/comments?post=4696"}],"version-history":[{"count":0,"href":"https:\/\/lightweb.dev\/l\/svm-temp\/wp-json\/wp\/v2\/posts\/4696\/revisions"}],"wp:featuredmedia":[{"embeddable":true,"href":"https:\/\/lightweb.dev\/l\/svm-temp\/wp-json\/wp\/v2\/media\/4697"}],"wp:attachment":[{"href":"https:\/\/lightweb.dev\/l\/svm-temp\/wp-json\/wp\/v2\/media?parent=4696"}],"wp:term":[{"taxonomy":"category","embeddable":true,"href":"https:\/\/lightweb.dev\/l\/svm-temp\/wp-json\/wp\/v2\/categories?post=4696"},{"taxonomy":"post_tag","embeddable":true,"href":"https:\/\/lightweb.dev\/l\/svm-temp\/wp-json\/wp\/v2\/tags?post=4696"}],"curies":[{"name":"wp","href":"https:\/\/api.w.org\/{rel}","templated":true}]}}