{"id":4709,"date":"2014-01-13T00:00:00","date_gmt":"2014-01-12T23:00:00","guid":{"rendered":"https:\/\/lightweb.dev\/l\/svm-temp\/hans-g-gott-nytt-ar-till-alla-er-som-ar-fodda-pa-solsidan\/"},"modified":"2014-01-13T00:00:00","modified_gmt":"2014-01-12T23:00:00","slug":"hans-g-gott-nytt-ar-till-alla-er-som-ar-fodda-pa-solsidan","status":"publish","type":"post","link":"https:\/\/lightweb.dev\/l\/svm-temp\/artiklar\/hans-g-gott-nytt-ar-till-alla-er-som-ar-fodda-pa-solsidan\/","title":{"rendered":"Hans G: Gott nytt \u00e5r till alla er som \u00e4r f\u00f6dda p\u00e5 solsidan"},"content":{"rendered":"<p> D\u00e5 menar jag givetvis inte att vi \u00e4r f\u00f6dda p\u00e5 Costa del Sol utan snarare att vi \u00e4r f\u00f6dda p\u00e5 livets solsida och slipper att uppleva mycket av det el\u00e4nde som m\u00e5nga av v\u00e5ra medm\u00e4nniskor upplever just nu. F\u00f6r dem \u00e4r det tveksamt om det \u00e4r ett gott nytt \u00e5r som rullas upp. Av Hans G<\/p>\n<p>Uppe i Mijas Pueblo har vi till exempel f\u00f6r andra \u00e5ret i rad haft en insamling av presenter till barnen i byn. De presenterna g\u00e5r till de barn vars f\u00f6r\u00e4ldrar inte hade r\u00e5d med n\u00e5got extra, om \u00e4n s\u00e5 lite, s\u00e5 att de kan k\u00f6pa n\u00e5got att ge till sina barn p\u00e5 &#8221;De tre kungarnas dag&#8221;. Och tyv\u00e4rr \u00e4r det s\u00e5 att de f\u00f6r\u00e4ldrarna blir fler och fler.<\/p>\n<p>Men visst ja, det gl\u00f6mde jag. Krisen finns ju inte mer. &#8221;This parrot is no more&#8221; som Monthy Phyton sa. Och nog verkar hela resonemanget inom det s\u00e5 kallade etablissemanget mer och mer likna pyton. Men med en tillv\u00e4xt p\u00e5 blygsamma 0,2 procent f\u00f6r tredje kvartalet i rad har IMF och marknaden f\u00e5tt sitt. Att det har g\u00e5tt ut \u00f6ver vanliga, idogt arbetande m\u00e4nniskor och skapat ett vi och dom-samh\u00e4lle \u00e4r inget att bekymra sig \u00f6ver.<\/p>\n<p>Men nu \u00e4r det ett nytt \u00e5r och nya bollar som g\u00e4ller. Och kanske det trots allt finns tecken i skyn som tyder p\u00e5 att saker och ting b\u00f6rjar g\u00e5 \u00e5t r\u00e4tt h\u00e5ll \u00e4ven f\u00f6r dem som befinner sig p\u00e5 skuggsidan.<\/p>\n<p>Kan man bara h\u00e5lla banker och b\u00f6rsnissar p\u00e5 mattan s\u00e5 kanske, kanske. Inte minst trevligt \u00e4r det att l\u00e4sa att arbetsl\u00f6sheten, inte minst bland unga, \u00e4r p\u00e5 v\u00e4g ner\u00e5t. Siffrorna \u00e4r v\u00e4l knappast hundra procent trov\u00e4rdiga men de visar trots allt p\u00e5 en trend. Nu \u00e4r det bara att hoppas att Mariano &#8221;ahoj med R framf\u00f6r&#8221; forts\u00e4tter att stimulera ist\u00e4ller f\u00f6r att bara strangulera.<\/p>\n<p>DET \u00e4r kanske till och med l\u00e4ge att ge mannen en chans. Det \u00e4r ett l\u00f6fte som inte \u00e4r helt enkelt att avl\u00e4gga. Men \u00e5 andra sidan skriver vi ju den 15 januari, s\u00e5 vi \u00e4r mitt inne i de brutna l\u00f6ftenas m\u00e5nad. S\u00e5 jag g\u00f6r som biskop &#8221;h\u00e4rtill \u00e4r jag n\u00f6dd och tvungen&#8221; Brask gjorde. Jag lovar att inte gn\u00f6la p\u00e5 &#8221;ahoj&#8221; f\u00f6r tillf\u00e4llet.<\/p>\n<p>Tillbaka till verkligheten. F\u00f6rra \u00e5ret var det uppenbarligen bantning som g\u00e4llde som ny\u00e5rsl\u00f6fte, i varje fall om man skall se till de m\u00e4ngder salladsblad som knaprades och de hundratals liter mineralvatten som dracks, innan nu-skall-jag-bli-smal-l\u00f6ftet sl\u00e4ngdes p\u00e5 sopen och man glatt leende och med en stor pilsner i handen var tillbaks i tjock-smock livet. Det finns ju faktiskt n\u00e5got som heter trivselvikt som en av mina bekanta p\u00e5pekade med tanke p\u00e5 sina 20 kilos \u00f6vervikt.<\/p>\n<p>I \u00e5r \u00e4r det enklare att lova. Nu skall det slutas r\u00f6ka. Som hj\u00e4lp p\u00e5 traven har elektron-ciggen dykt upp. N\u00e4r man kommer in p\u00e5 baren fram\u00e5t kv\u00e4llskvisten ser det ut som rena lysmaskidyllen. Det glittrar och bl\u00e4nker och r\u00f6ken bolmar. Det luktar nikotin blandat med doften av apelsin, konjak, mango och Humle-Dumle kola. Det har dykt upp hundratals specialaff\u00e4rer som har m\u00e4ngder av konstfullt utsmyckade cigarett-substitut med olika smaker att erbjuda alla f\u00f6rhoppningsfulla.<\/p>\n<p>JO TACK , sj\u00e4lv m\u00e5r jag alldeles f\u00f6rtr\u00e4ffligt. Inte minst med mitt &#8221;nya&#8221; ansikte som enligt mina kvinnliga fans n\u00e4stan g\u00f6r mig r\u00e4ttvisa. Jag m\u00e5r s\u00e5 bra att jag fr\u00e5ng\u00e5tt min antipati mot ny\u00e5rsl\u00f6ften och inte bara lovar att l\u00e4mna Mariano &#8221;ahoj&#8221; i fred f\u00f6r tillf\u00e4llet utan jag har dessutom lovat att aldrig sluta grogga, att aldrig b\u00f6rja jogga och att aldrig betala Endesas fakturor i tid. Det g\u00e4ller bara, att precis som Orsa Kompani och Mariano &#8221;ahoj med R framf\u00f6r&#8221;, aldrig lova n\u00e5got best\u00e4mt. Man \u00e4r ju inte s\u00e4mre karl \u00e4n att man kan \u00e4ndra sig.<\/p>\n<p>M\u00e5 v\u00e4l och ta hand om er.<br \/>\nSaludos amigas\/os<\/p>\n","protected":false},"excerpt":{"rendered":"<p>D\u00e5 menar jag givetvis inte att vi \u00e4r f\u00f6dda p\u00e5 Costa del Sol utan snarare att vi \u00e4r f\u00f6dda p\u00e5 livets solsida och slipper att uppleva mycket av det el\u00e4nde som m\u00e5nga av v\u00e5ra medm\u00e4nniskor upplever just nu. F\u00f6r dem \u00e4r det tveksamt om det \u00e4r ett gott nytt \u00e5r som rullas upp. Av Hans [&hellip;]<\/p>\n","protected":false},"author":8,"featured_media":4710,"comment_status":"open","ping_status":"open","sticky":false,"template":"","format":"standard","meta":{"_et_pb_use_builder":"","_et_pb_old_content":"","_et_gb_content_width":"","footnotes":""},"categories":[396,4],"tags":[],"class_list":["post-4709","post","type-post","status-publish","format-standard","has-post-thumbnail","hentry","category-arkiv-artiklar","category-artiklar"],"yoast_head":"<!-- This site is optimized with the Yoast SEO Premium plugin v26.2 (Yoast SEO v28.2) - https:\/\/yoast.com\/product\/yoast-seo-premium-wordpress\/ -->\n<title>Hans G: Gott nytt \u00e5r till alla er som \u00e4r f\u00f6dda p\u00e5 solsidan - Svenska Magasinet<\/title>\n<meta name=\"robots\" content=\"noindex, follow, max-snippet:-1, max-image-preview:large, max-video-preview:-1\" \/>\n<meta property=\"og:locale\" content=\"sv_SE\" \/>\n<meta property=\"og:type\" content=\"article\" \/>\n<meta property=\"og:title\" content=\"Hans G: Gott nytt \u00e5r till alla er som \u00e4r f\u00f6dda p\u00e5 solsidan\" \/>\n<meta property=\"og:description\" content=\"D\u00e5 menar jag givetvis inte att vi \u00e4r f\u00f6dda p\u00e5 Costa del Sol utan snarare att vi \u00e4r f\u00f6dda p\u00e5 livets solsida och slipper att uppleva mycket av det el\u00e4nde som m\u00e5nga av v\u00e5ra medm\u00e4nniskor upplever just nu. F\u00f6r dem \u00e4r det tveksamt om det \u00e4r ett gott nytt \u00e5r som rullas upp. Av Hans [&hellip;]\" \/>\n<meta property=\"og:url\" content=\"https:\/\/lightweb.dev\/l\/svm-temp\/artiklar\/hans-g-gott-nytt-ar-till-alla-er-som-ar-fodda-pa-solsidan\/\" \/>\n<meta property=\"og:site_name\" content=\"Svenska Magasinet\" \/>\n<meta property=\"article:publisher\" content=\"https:\/\/www.facebook.com\/svenskamagasinet\" \/>\n<meta property=\"article:published_time\" content=\"2014-01-12T23:00:00+00:00\" \/>\n<meta property=\"og:image\" content=\"https:\/\/lightweb.dev\/l\/svm-temp\/wp-content\/uploads\/2022\/04\/hans-g-gott-nytt-r-till-alla-er-som-r-fdda-p-solsidan.png\" \/>\n\t<meta property=\"og:image:width\" content=\"280\" \/>\n\t<meta property=\"og:image:height\" content=\"498\" \/>\n\t<meta property=\"og:image:type\" content=\"image\/png\" \/>\n<meta name=\"author\" content=\"Redaktionen SvM\" \/>\n<meta name=\"twitter:card\" content=\"summary_large_image\" \/>\n<meta name=\"twitter:creator\" content=\"@SvenskaMagasine\" \/>\n<meta name=\"twitter:site\" content=\"@SvenskaMagasine\" \/>\n<script type=\"application\/ld+json\" class=\"yoast-schema-graph\">{\"@context\":\"https:\\\/\\\/schema.org\",\"@graph\":[{\"@type\":\"Article\",\"@id\":\"https:\\\/\\\/lightweb.dev\\\/l\\\/svm-temp\\\/artiklar\\\/hans-g-gott-nytt-ar-till-alla-er-som-ar-fodda-pa-solsidan\\\/#article\",\"isPartOf\":{\"@id\":\"https:\\\/\\\/lightweb.dev\\\/l\\\/svm-temp\\\/artiklar\\\/hans-g-gott-nytt-ar-till-alla-er-som-ar-fodda-pa-solsidan\\\/\"},\"author\":{\"name\":\"Redaktionen SvM\",\"@id\":\"https:\\\/\\\/lightweb.dev\\\/l\\\/svm-temp\\\/#\\\/schema\\\/person\\\/206a3bda5b607b0c25e1749191e4d837\"},\"headline\":\"Hans G: Gott nytt \u00e5r till alla er som \u00e4r f\u00f6dda p\u00e5 solsidan\",\"datePublished\":\"2014-01-12T23:00:00+00:00\",\"mainEntityOfPage\":{\"@id\":\"https:\\\/\\\/lightweb.dev\\\/l\\\/svm-temp\\\/artiklar\\\/hans-g-gott-nytt-ar-till-alla-er-som-ar-fodda-pa-solsidan\\\/\"},\"wordCount\":729,\"commentCount\":0,\"publisher\":{\"@id\":\"https:\\\/\\\/lightweb.dev\\\/l\\\/svm-temp\\\/#organization\"},\"image\":{\"@id\":\"https:\\\/\\\/lightweb.dev\\\/l\\\/svm-temp\\\/artiklar\\\/hans-g-gott-nytt-ar-till-alla-er-som-ar-fodda-pa-solsidan\\\/#primaryimage\"},\"thumbnailUrl\":\"https:\\\/\\\/lightweb.dev\\\/l\\\/svm-temp\\\/wp-content\\\/uploads\\\/2022\\\/04\\\/hans-g-gott-nytt-r-till-alla-er-som-r-fdda-p-solsidan.png\",\"articleSection\":[\"Arkiv\",\"Artiklar\"],\"inLanguage\":\"sv-SE\"},{\"@type\":\"WebPage\",\"@id\":\"https:\\\/\\\/lightweb.dev\\\/l\\\/svm-temp\\\/artiklar\\\/hans-g-gott-nytt-ar-till-alla-er-som-ar-fodda-pa-solsidan\\\/\",\"url\":\"https:\\\/\\\/lightweb.dev\\\/l\\\/svm-temp\\\/artiklar\\\/hans-g-gott-nytt-ar-till-alla-er-som-ar-fodda-pa-solsidan\\\/\",\"name\":\"Hans G: Gott nytt \u00e5r till alla er som \u00e4r f\u00f6dda p\u00e5 solsidan - Svenska Magasinet\",\"isPartOf\":{\"@id\":\"https:\\\/\\\/lightweb.dev\\\/l\\\/svm-temp\\\/#website\"},\"primaryImageOfPage\":{\"@id\":\"https:\\\/\\\/lightweb.dev\\\/l\\\/svm-temp\\\/artiklar\\\/hans-g-gott-nytt-ar-till-alla-er-som-ar-fodda-pa-solsidan\\\/#primaryimage\"},\"image\":{\"@id\":\"https:\\\/\\\/lightweb.dev\\\/l\\\/svm-temp\\\/artiklar\\\/hans-g-gott-nytt-ar-till-alla-er-som-ar-fodda-pa-solsidan\\\/#primaryimage\"},\"thumbnailUrl\":\"https:\\\/\\\/lightweb.dev\\\/l\\\/svm-temp\\\/wp-content\\\/uploads\\\/2022\\\/04\\\/hans-g-gott-nytt-r-till-alla-er-som-r-fdda-p-solsidan.png\",\"datePublished\":\"2014-01-12T23:00:00+00:00\",\"breadcrumb\":{\"@id\":\"https:\\\/\\\/lightweb.dev\\\/l\\\/svm-temp\\\/artiklar\\\/hans-g-gott-nytt-ar-till-alla-er-som-ar-fodda-pa-solsidan\\\/#breadcrumb\"},\"inLanguage\":\"sv-SE\",\"potentialAction\":[{\"@type\":\"ReadAction\",\"target\":[\"https:\\\/\\\/lightweb.dev\\\/l\\\/svm-temp\\\/artiklar\\\/hans-g-gott-nytt-ar-till-alla-er-som-ar-fodda-pa-solsidan\\\/\"]}]},{\"@type\":\"ImageObject\",\"inLanguage\":\"sv-SE\",\"@id\":\"https:\\\/\\\/lightweb.dev\\\/l\\\/svm-temp\\\/artiklar\\\/hans-g-gott-nytt-ar-till-alla-er-som-ar-fodda-pa-solsidan\\\/#primaryimage\",\"url\":\"https:\\\/\\\/lightweb.dev\\\/l\\\/svm-temp\\\/wp-content\\\/uploads\\\/2022\\\/04\\\/hans-g-gott-nytt-r-till-alla-er-som-r-fdda-p-solsidan.png\",\"contentUrl\":\"https:\\\/\\\/lightweb.dev\\\/l\\\/svm-temp\\\/wp-content\\\/uploads\\\/2022\\\/04\\\/hans-g-gott-nytt-r-till-alla-er-som-r-fdda-p-solsidan.png\",\"width\":280,\"height\":498},{\"@type\":\"BreadcrumbList\",\"@id\":\"https:\\\/\\\/lightweb.dev\\\/l\\\/svm-temp\\\/artiklar\\\/hans-g-gott-nytt-ar-till-alla-er-som-ar-fodda-pa-solsidan\\\/#breadcrumb\",\"itemListElement\":[{\"@type\":\"ListItem\",\"position\":1,\"name\":\"Hem\",\"item\":\"https:\\\/\\\/lightweb.dev\\\/l\\\/svm-temp\\\/\"},{\"@type\":\"ListItem\",\"position\":2,\"name\":\"Hans G: Gott nytt \u00e5r till alla er som \u00e4r f\u00f6dda p\u00e5 solsidan\"}]},{\"@type\":\"WebSite\",\"@id\":\"https:\\\/\\\/lightweb.dev\\\/l\\\/svm-temp\\\/#website\",\"url\":\"https:\\\/\\\/lightweb.dev\\\/l\\\/svm-temp\\\/\",\"name\":\"Svenska Magasinet\",\"description\":\"Dina Spanska nyheter p&aring; Svenska\",\"publisher\":{\"@id\":\"https:\\\/\\\/lightweb.dev\\\/l\\\/svm-temp\\\/#organization\"},\"potentialAction\":[{\"@type\":\"SearchAction\",\"target\":{\"@type\":\"EntryPoint\",\"urlTemplate\":\"https:\\\/\\\/lightweb.dev\\\/l\\\/svm-temp\\\/?s={search_term_string}\"},\"query-input\":{\"@type\":\"PropertyValueSpecification\",\"valueRequired\":true,\"valueName\":\"search_term_string\"}}],\"inLanguage\":\"sv-SE\"},{\"@type\":\"Organization\",\"@id\":\"https:\\\/\\\/lightweb.dev\\\/l\\\/svm-temp\\\/#organization\",\"name\":\"Melkerson y Nott SL\",\"alternateName\":\"Svenska Magasinet\",\"url\":\"https:\\\/\\\/lightweb.dev\\\/l\\\/svm-temp\\\/\",\"logo\":{\"@type\":\"ImageObject\",\"inLanguage\":\"sv-SE\",\"@id\":\"https:\\\/\\\/lightweb.dev\\\/l\\\/svm-temp\\\/#\\\/schema\\\/logo\\\/image\\\/\",\"url\":\"https:\\\/\\\/lightweb.dev\\\/l\\\/svm-temp\\\/wp-content\\\/uploads\\\/2025\\\/02\\\/SvM-logo-Xtra-Centrerad-SVART.png\",\"contentUrl\":\"https:\\\/\\\/lightweb.dev\\\/l\\\/svm-temp\\\/wp-content\\\/uploads\\\/2025\\\/02\\\/SvM-logo-Xtra-Centrerad-SVART.png\",\"width\":300,\"height\":99,\"caption\":\"Melkerson y Nott SL\"},\"image\":{\"@id\":\"https:\\\/\\\/lightweb.dev\\\/l\\\/svm-temp\\\/#\\\/schema\\\/logo\\\/image\\\/\"},\"sameAs\":[\"https:\\\/\\\/www.facebook.com\\\/svenskamagasinet\",\"https:\\\/\\\/x.com\\\/SvenskaMagasine\"]},{\"@type\":\"Person\",\"@id\":\"https:\\\/\\\/lightweb.dev\\\/l\\\/svm-temp\\\/#\\\/schema\\\/person\\\/206a3bda5b607b0c25e1749191e4d837\",\"name\":\"Redaktionen SvM\",\"description\":\"Redaktionen\",\"sameAs\":[\"https:\\\/\\\/lightweb.dev\\\/l\\\/svm-temp\"],\"url\":\"https:\\\/\\\/lightweb.dev\\\/l\\\/svm-temp\\\/reporter\\\/redaktionen\\\/\"}]}<\/script>\n<!-- \/ Yoast SEO Premium plugin. -->","yoast_head_json":{"title":"Hans G: Gott nytt \u00e5r till alla er som \u00e4r f\u00f6dda p\u00e5 solsidan - Svenska Magasinet","robots":{"index":"noindex","follow":"follow","max-snippet":"max-snippet:-1","max-image-preview":"max-image-preview:large","max-video-preview":"max-video-preview:-1"},"og_locale":"sv_SE","og_type":"article","og_title":"Hans G: Gott nytt \u00e5r till alla er som \u00e4r f\u00f6dda p\u00e5 solsidan","og_description":"D\u00e5 menar jag givetvis inte att vi \u00e4r f\u00f6dda p\u00e5 Costa del Sol utan snarare att vi \u00e4r f\u00f6dda p\u00e5 livets solsida och slipper att uppleva mycket av det el\u00e4nde som m\u00e5nga av v\u00e5ra medm\u00e4nniskor upplever just nu. F\u00f6r dem \u00e4r det tveksamt om det \u00e4r ett gott nytt \u00e5r som rullas upp. Av Hans [&hellip;]","og_url":"https:\/\/lightweb.dev\/l\/svm-temp\/artiklar\/hans-g-gott-nytt-ar-till-alla-er-som-ar-fodda-pa-solsidan\/","og_site_name":"Svenska Magasinet","article_publisher":"https:\/\/www.facebook.com\/svenskamagasinet","article_published_time":"2014-01-12T23:00:00+00:00","og_image":[{"width":280,"height":498,"url":"https:\/\/lightweb.dev\/l\/svm-temp\/wp-content\/uploads\/2022\/04\/hans-g-gott-nytt-r-till-alla-er-som-r-fdda-p-solsidan.png","type":"image\/png"}],"author":"Redaktionen SvM","twitter_card":"summary_large_image","twitter_creator":"@SvenskaMagasine","twitter_site":"@SvenskaMagasine","schema":{"@context":"https:\/\/schema.org","@graph":[{"@type":"Article","@id":"https:\/\/lightweb.dev\/l\/svm-temp\/artiklar\/hans-g-gott-nytt-ar-till-alla-er-som-ar-fodda-pa-solsidan\/#article","isPartOf":{"@id":"https:\/\/lightweb.dev\/l\/svm-temp\/artiklar\/hans-g-gott-nytt-ar-till-alla-er-som-ar-fodda-pa-solsidan\/"},"author":{"name":"Redaktionen SvM","@id":"https:\/\/lightweb.dev\/l\/svm-temp\/#\/schema\/person\/206a3bda5b607b0c25e1749191e4d837"},"headline":"Hans G: Gott nytt \u00e5r till alla er som \u00e4r f\u00f6dda p\u00e5 solsidan","datePublished":"2014-01-12T23:00:00+00:00","mainEntityOfPage":{"@id":"https:\/\/lightweb.dev\/l\/svm-temp\/artiklar\/hans-g-gott-nytt-ar-till-alla-er-som-ar-fodda-pa-solsidan\/"},"wordCount":729,"commentCount":0,"publisher":{"@id":"https:\/\/lightweb.dev\/l\/svm-temp\/#organization"},"image":{"@id":"https:\/\/lightweb.dev\/l\/svm-temp\/artiklar\/hans-g-gott-nytt-ar-till-alla-er-som-ar-fodda-pa-solsidan\/#primaryimage"},"thumbnailUrl":"https:\/\/lightweb.dev\/l\/svm-temp\/wp-content\/uploads\/2022\/04\/hans-g-gott-nytt-r-till-alla-er-som-r-fdda-p-solsidan.png","articleSection":["Arkiv","Artiklar"],"inLanguage":"sv-SE"},{"@type":"WebPage","@id":"https:\/\/lightweb.dev\/l\/svm-temp\/artiklar\/hans-g-gott-nytt-ar-till-alla-er-som-ar-fodda-pa-solsidan\/","url":"https:\/\/lightweb.dev\/l\/svm-temp\/artiklar\/hans-g-gott-nytt-ar-till-alla-er-som-ar-fodda-pa-solsidan\/","name":"Hans G: Gott nytt \u00e5r till alla er som \u00e4r f\u00f6dda p\u00e5 solsidan - Svenska Magasinet","isPartOf":{"@id":"https:\/\/lightweb.dev\/l\/svm-temp\/#website"},"primaryImageOfPage":{"@id":"https:\/\/lightweb.dev\/l\/svm-temp\/artiklar\/hans-g-gott-nytt-ar-till-alla-er-som-ar-fodda-pa-solsidan\/#primaryimage"},"image":{"@id":"https:\/\/lightweb.dev\/l\/svm-temp\/artiklar\/hans-g-gott-nytt-ar-till-alla-er-som-ar-fodda-pa-solsidan\/#primaryimage"},"thumbnailUrl":"https:\/\/lightweb.dev\/l\/svm-temp\/wp-content\/uploads\/2022\/04\/hans-g-gott-nytt-r-till-alla-er-som-r-fdda-p-solsidan.png","datePublished":"2014-01-12T23:00:00+00:00","breadcrumb":{"@id":"https:\/\/lightweb.dev\/l\/svm-temp\/artiklar\/hans-g-gott-nytt-ar-till-alla-er-som-ar-fodda-pa-solsidan\/#breadcrumb"},"inLanguage":"sv-SE","potentialAction":[{"@type":"ReadAction","target":["https:\/\/lightweb.dev\/l\/svm-temp\/artiklar\/hans-g-gott-nytt-ar-till-alla-er-som-ar-fodda-pa-solsidan\/"]}]},{"@type":"ImageObject","inLanguage":"sv-SE","@id":"https:\/\/lightweb.dev\/l\/svm-temp\/artiklar\/hans-g-gott-nytt-ar-till-alla-er-som-ar-fodda-pa-solsidan\/#primaryimage","url":"https:\/\/lightweb.dev\/l\/svm-temp\/wp-content\/uploads\/2022\/04\/hans-g-gott-nytt-r-till-alla-er-som-r-fdda-p-solsidan.png","contentUrl":"https:\/\/lightweb.dev\/l\/svm-temp\/wp-content\/uploads\/2022\/04\/hans-g-gott-nytt-r-till-alla-er-som-r-fdda-p-solsidan.png","width":280,"height":498},{"@type":"BreadcrumbList","@id":"https:\/\/lightweb.dev\/l\/svm-temp\/artiklar\/hans-g-gott-nytt-ar-till-alla-er-som-ar-fodda-pa-solsidan\/#breadcrumb","itemListElement":[{"@type":"ListItem","position":1,"name":"Hem","item":"https:\/\/lightweb.dev\/l\/svm-temp\/"},{"@type":"ListItem","position":2,"name":"Hans G: Gott nytt \u00e5r till alla er som \u00e4r f\u00f6dda p\u00e5 solsidan"}]},{"@type":"WebSite","@id":"https:\/\/lightweb.dev\/l\/svm-temp\/#website","url":"https:\/\/lightweb.dev\/l\/svm-temp\/","name":"Svenska Magasinet","description":"Dina Spanska nyheter p&aring; Svenska","publisher":{"@id":"https:\/\/lightweb.dev\/l\/svm-temp\/#organization"},"potentialAction":[{"@type":"SearchAction","target":{"@type":"EntryPoint","urlTemplate":"https:\/\/lightweb.dev\/l\/svm-temp\/?s={search_term_string}"},"query-input":{"@type":"PropertyValueSpecification","valueRequired":true,"valueName":"search_term_string"}}],"inLanguage":"sv-SE"},{"@type":"Organization","@id":"https:\/\/lightweb.dev\/l\/svm-temp\/#organization","name":"Melkerson y Nott SL","alternateName":"Svenska Magasinet","url":"https:\/\/lightweb.dev\/l\/svm-temp\/","logo":{"@type":"ImageObject","inLanguage":"sv-SE","@id":"https:\/\/lightweb.dev\/l\/svm-temp\/#\/schema\/logo\/image\/","url":"https:\/\/lightweb.dev\/l\/svm-temp\/wp-content\/uploads\/2025\/02\/SvM-logo-Xtra-Centrerad-SVART.png","contentUrl":"https:\/\/lightweb.dev\/l\/svm-temp\/wp-content\/uploads\/2025\/02\/SvM-logo-Xtra-Centrerad-SVART.png","width":300,"height":99,"caption":"Melkerson y Nott SL"},"image":{"@id":"https:\/\/lightweb.dev\/l\/svm-temp\/#\/schema\/logo\/image\/"},"sameAs":["https:\/\/www.facebook.com\/svenskamagasinet","https:\/\/x.com\/SvenskaMagasine"]},{"@type":"Person","@id":"https:\/\/lightweb.dev\/l\/svm-temp\/#\/schema\/person\/206a3bda5b607b0c25e1749191e4d837","name":"Redaktionen SvM","description":"Redaktionen","sameAs":["https:\/\/lightweb.dev\/l\/svm-temp"],"url":"https:\/\/lightweb.dev\/l\/svm-temp\/reporter\/redaktionen\/"}]}},"_links":{"self":[{"href":"https:\/\/lightweb.dev\/l\/svm-temp\/wp-json\/wp\/v2\/posts\/4709","targetHints":{"allow":["GET"]}}],"collection":[{"href":"https:\/\/lightweb.dev\/l\/svm-temp\/wp-json\/wp\/v2\/posts"}],"about":[{"href":"https:\/\/lightweb.dev\/l\/svm-temp\/wp-json\/wp\/v2\/types\/post"}],"author":[{"embeddable":true,"href":"https:\/\/lightweb.dev\/l\/svm-temp\/wp-json\/wp\/v2\/users\/8"}],"replies":[{"embeddable":true,"href":"https:\/\/lightweb.dev\/l\/svm-temp\/wp-json\/wp\/v2\/comments?post=4709"}],"version-history":[{"count":0,"href":"https:\/\/lightweb.dev\/l\/svm-temp\/wp-json\/wp\/v2\/posts\/4709\/revisions"}],"wp:featuredmedia":[{"embeddable":true,"href":"https:\/\/lightweb.dev\/l\/svm-temp\/wp-json\/wp\/v2\/media\/4710"}],"wp:attachment":[{"href":"https:\/\/lightweb.dev\/l\/svm-temp\/wp-json\/wp\/v2\/media?parent=4709"}],"wp:term":[{"taxonomy":"category","embeddable":true,"href":"https:\/\/lightweb.dev\/l\/svm-temp\/wp-json\/wp\/v2\/categories?post=4709"},{"taxonomy":"post_tag","embeddable":true,"href":"https:\/\/lightweb.dev\/l\/svm-temp\/wp-json\/wp\/v2\/tags?post=4709"}],"curies":[{"name":"wp","href":"https:\/\/api.w.org\/{rel}","templated":true}]}}