{"id":4713,"date":"2014-01-13T00:00:00","date_gmt":"2014-01-12T23:00:00","guid":{"rendered":"https:\/\/lightweb.dev\/l\/svm-temp\/advokatspalten-kan-min-spanska-egendom-utmatas-for-skulder-i-sverige\/"},"modified":"2014-01-13T00:00:00","modified_gmt":"2014-01-12T23:00:00","slug":"advokatspalten-kan-min-spanska-egendom-utmatas-for-skulder-i-sverige","status":"publish","type":"post","link":"https:\/\/lightweb.dev\/l\/svm-temp\/artiklar\/advokatspalten-kan-min-spanska-egendom-utmatas-for-skulder-i-sverige\/","title":{"rendered":"Advokatspalten: Kan min spanska egendom utm\u00e4tas f\u00f6r skulder i Sverige?"},"content":{"rendered":"<p> Jag \u00e4r en svensk medborgare som driver ett antal bolag i Sverige, jag har en fastighet p\u00e5 Mallorca och \u00e4r skriven i Sverige. Skatteverket skall inleda en granskning av ett antal transaktioner mellan mina bolag. Om Skatteverkets granskning skulle leda till att jag skall betala ytterligare skatter, skulle min egendom i Spanien kunna utm\u00e4tas f\u00f6r en skatteskuld i Sverige? Tack p\u00e5 f\u00f6rhand! Av Jonas Nordgren, bitr\u00e4dande jurist vid Advokatfirman G\u00f6ran Rise<\/p>\n<p>Svar:Att Skatteverket granskar transaktionerna beh\u00f6ver i sig inte vara s\u00e4rskilt allvarligt. Det h\u00e4nder som regel att de g\u00f6r det, men Du befinner dig i en mycket tryggare situation om Du har ett kunnigt ombud vid Din sida.<\/p>\n<p>Skulle utredningen leda till att Du skall betala ytterligare skatt har Du m\u00f6jlighet att opponera Dig mot beslutet och, antingen sj\u00e4lv eller genom ombud, f\u00f6rsvara dig mot Skatteverket inf\u00f6r de svenska f\u00f6rvaltningsdomstolarna. Kostnaden f\u00f6r ett ombud \u00e4r v\u00e4rd att ta, d\u00e5 det &#8211; \u00e4ven med ett ombud vid sin sida, \u00e4r tufft att f\u00f6rsvara sig mot Skatteverket, som har betydligt st\u00f6rre resurser till sitt f\u00f6rfogande \u00e4n den enskilde.<\/p>\n<p>\u00c5ter till Din fr\u00e5ga om det svenska skatteverket har m\u00f6jlighet att utm\u00e4ta Din egendom i Spanien f\u00f6r en skatteskuld i Sverige. Svaret p\u00e5 fr\u00e5gan \u00e4r ja. Inom EU finns det gemensamma regler f\u00f6r indrivning av skatter som inneb\u00e4r att medlemsstaterna skall samarbeta f\u00f6r att skatt skall betalas.<\/p>\n<p>I korthet inneb\u00e4r reglerna att det svenska skatteverket via Kronofogdemyndigheten kan beg\u00e4ra verkst\u00e4llighet av en svensk skattefordran i ett annat EU-land. Fordran kan verkst\u00e4llas och egendom kan tas i beslag i Spanien, \u00e4ven om beslutet \u00e4r \u00f6verklagat i Sverige. Regelverket ger \u00e4ven att egendom kan tas i beslag som betalningss\u00e4kring. Det beh\u00f6ver inte r\u00f6ra sig om en avslutad process d\u00e4r betalningsskyldigheten \u00e4r slutligen fastst\u00e4lld.<\/p>\n<p>F\u00f6r att stoppa ett beslag av egendom i Spanien och avbryta indrivningen skall man v\u00e4nda sig till den beh\u00f6riga myndigheten i ans\u00f6kningslandet, i aktuellt fall skatteverket i Sverige och beg\u00e4ra inhibition, d.v.s. att verkst\u00e4lligheten avvaktas med tills saken \u00e4r pr\u00f6vad av h\u00f6gre instans. Efter en \u00e4ndring av beslutet meddelas de spanska myndigheterna, som d\u00e5 skall avbryta indrivningen.<\/p>\n<p>Bed\u00f6mningen av huruvida det svenska skatteverkets agerande varit korrekt f\u00f6rs naturligtvis i Sverige enligt svenska regler. Jag rekommenderar Dig och andra i Din situation att ta kontant med en advokat som kan hj\u00e4lpa Dig med Dina problem s\u00e5v\u00e4l i Sverige som i Spanien.<\/p>\n","protected":false},"excerpt":{"rendered":"<p>Jag \u00e4r en svensk medborgare som driver ett antal bolag i Sverige, jag har en fastighet p\u00e5 Mallorca och \u00e4r skriven i Sverige. Skatteverket skall inleda en granskning av ett antal transaktioner mellan mina bolag. Om Skatteverkets granskning skulle leda till att jag skall betala ytterligare skatter, skulle min egendom i Spanien kunna utm\u00e4tas f\u00f6r [&hellip;]<\/p>\n","protected":false},"author":8,"featured_media":4714,"comment_status":"open","ping_status":"open","sticky":false,"template":"","format":"standard","meta":{"_et_pb_use_builder":"","_et_pb_old_content":"","_et_gb_content_width":"","footnotes":""},"categories":[396,4],"tags":[],"class_list":["post-4713","post","type-post","status-publish","format-standard","has-post-thumbnail","hentry","category-arkiv-artiklar","category-artiklar"],"yoast_head":"<!-- This site is optimized with the Yoast SEO Premium plugin v26.2 (Yoast SEO v27.5) - https:\/\/yoast.com\/product\/yoast-seo-premium-wordpress\/ -->\n<title>Advokatspalten: Kan min spanska egendom utm\u00e4tas f\u00f6r skulder i Sverige? - Svenska Magasinet<\/title>\n<meta name=\"robots\" content=\"noindex, follow, max-snippet:-1, max-image-preview:large, max-video-preview:-1\" \/>\n<meta property=\"og:locale\" content=\"sv_SE\" \/>\n<meta property=\"og:type\" content=\"article\" \/>\n<meta property=\"og:title\" content=\"Advokatspalten: Kan min spanska egendom utm\u00e4tas f\u00f6r skulder i Sverige?\" \/>\n<meta property=\"og:description\" content=\"Jag \u00e4r en svensk medborgare som driver ett antal bolag i Sverige, jag har en fastighet p\u00e5 Mallorca och \u00e4r skriven i Sverige. Skatteverket skall inleda en granskning av ett antal transaktioner mellan mina bolag. Om Skatteverkets granskning skulle leda till att jag skall betala ytterligare skatter, skulle min egendom i Spanien kunna utm\u00e4tas f\u00f6r [&hellip;]\" \/>\n<meta property=\"og:url\" content=\"https:\/\/lightweb.dev\/l\/svm-temp\/artiklar\/advokatspalten-kan-min-spanska-egendom-utmatas-for-skulder-i-sverige\/\" \/>\n<meta property=\"og:site_name\" content=\"Svenska Magasinet\" \/>\n<meta property=\"article:publisher\" content=\"https:\/\/www.facebook.com\/svenskamagasinet\" \/>\n<meta property=\"article:published_time\" content=\"2014-01-12T23:00:00+00:00\" \/>\n<meta property=\"og:image\" content=\"https:\/\/lightweb.dev\/l\/svm-temp\/wp-content\/uploads\/2022\/04\/advokatspalten-kan-min-spanska-egendom-utmtas-fr-skulder-i-sverige.png\" \/>\n\t<meta property=\"og:image:width\" content=\"280\" \/>\n\t<meta property=\"og:image:height\" content=\"396\" \/>\n\t<meta property=\"og:image:type\" content=\"image\/png\" \/>\n<meta name=\"author\" content=\"Redaktionen SvM\" \/>\n<meta name=\"twitter:card\" content=\"summary_large_image\" \/>\n<meta name=\"twitter:creator\" content=\"@SvenskaMagasine\" \/>\n<meta name=\"twitter:site\" content=\"@SvenskaMagasine\" \/>\n<script type=\"application\/ld+json\" class=\"yoast-schema-graph\">{\"@context\":\"https:\\\/\\\/schema.org\",\"@graph\":[{\"@type\":\"Article\",\"@id\":\"https:\\\/\\\/lightweb.dev\\\/l\\\/svm-temp\\\/artiklar\\\/advokatspalten-kan-min-spanska-egendom-utmatas-for-skulder-i-sverige\\\/#article\",\"isPartOf\":{\"@id\":\"https:\\\/\\\/lightweb.dev\\\/l\\\/svm-temp\\\/artiklar\\\/advokatspalten-kan-min-spanska-egendom-utmatas-for-skulder-i-sverige\\\/\"},\"author\":{\"name\":\"Redaktionen SvM\",\"@id\":\"https:\\\/\\\/lightweb.dev\\\/l\\\/svm-temp\\\/#\\\/schema\\\/person\\\/206a3bda5b607b0c25e1749191e4d837\"},\"headline\":\"Advokatspalten: Kan min spanska egendom utm\u00e4tas f\u00f6r skulder i Sverige?\",\"datePublished\":\"2014-01-12T23:00:00+00:00\",\"mainEntityOfPage\":{\"@id\":\"https:\\\/\\\/lightweb.dev\\\/l\\\/svm-temp\\\/artiklar\\\/advokatspalten-kan-min-spanska-egendom-utmatas-for-skulder-i-sverige\\\/\"},\"wordCount\":451,\"commentCount\":0,\"publisher\":{\"@id\":\"https:\\\/\\\/lightweb.dev\\\/l\\\/svm-temp\\\/#organization\"},\"image\":{\"@id\":\"https:\\\/\\\/lightweb.dev\\\/l\\\/svm-temp\\\/artiklar\\\/advokatspalten-kan-min-spanska-egendom-utmatas-for-skulder-i-sverige\\\/#primaryimage\"},\"thumbnailUrl\":\"https:\\\/\\\/lightweb.dev\\\/l\\\/svm-temp\\\/wp-content\\\/uploads\\\/2022\\\/04\\\/advokatspalten-kan-min-spanska-egendom-utmtas-fr-skulder-i-sverige.png\",\"articleSection\":[\"Arkiv\",\"Artiklar\"],\"inLanguage\":\"sv-SE\"},{\"@type\":\"WebPage\",\"@id\":\"https:\\\/\\\/lightweb.dev\\\/l\\\/svm-temp\\\/artiklar\\\/advokatspalten-kan-min-spanska-egendom-utmatas-for-skulder-i-sverige\\\/\",\"url\":\"https:\\\/\\\/lightweb.dev\\\/l\\\/svm-temp\\\/artiklar\\\/advokatspalten-kan-min-spanska-egendom-utmatas-for-skulder-i-sverige\\\/\",\"name\":\"Advokatspalten: Kan min spanska egendom utm\u00e4tas f\u00f6r skulder i Sverige? - Svenska Magasinet\",\"isPartOf\":{\"@id\":\"https:\\\/\\\/lightweb.dev\\\/l\\\/svm-temp\\\/#website\"},\"primaryImageOfPage\":{\"@id\":\"https:\\\/\\\/lightweb.dev\\\/l\\\/svm-temp\\\/artiklar\\\/advokatspalten-kan-min-spanska-egendom-utmatas-for-skulder-i-sverige\\\/#primaryimage\"},\"image\":{\"@id\":\"https:\\\/\\\/lightweb.dev\\\/l\\\/svm-temp\\\/artiklar\\\/advokatspalten-kan-min-spanska-egendom-utmatas-for-skulder-i-sverige\\\/#primaryimage\"},\"thumbnailUrl\":\"https:\\\/\\\/lightweb.dev\\\/l\\\/svm-temp\\\/wp-content\\\/uploads\\\/2022\\\/04\\\/advokatspalten-kan-min-spanska-egendom-utmtas-fr-skulder-i-sverige.png\",\"datePublished\":\"2014-01-12T23:00:00+00:00\",\"breadcrumb\":{\"@id\":\"https:\\\/\\\/lightweb.dev\\\/l\\\/svm-temp\\\/artiklar\\\/advokatspalten-kan-min-spanska-egendom-utmatas-for-skulder-i-sverige\\\/#breadcrumb\"},\"inLanguage\":\"sv-SE\",\"potentialAction\":[{\"@type\":\"ReadAction\",\"target\":[\"https:\\\/\\\/lightweb.dev\\\/l\\\/svm-temp\\\/artiklar\\\/advokatspalten-kan-min-spanska-egendom-utmatas-for-skulder-i-sverige\\\/\"]}]},{\"@type\":\"ImageObject\",\"inLanguage\":\"sv-SE\",\"@id\":\"https:\\\/\\\/lightweb.dev\\\/l\\\/svm-temp\\\/artiklar\\\/advokatspalten-kan-min-spanska-egendom-utmatas-for-skulder-i-sverige\\\/#primaryimage\",\"url\":\"https:\\\/\\\/lightweb.dev\\\/l\\\/svm-temp\\\/wp-content\\\/uploads\\\/2022\\\/04\\\/advokatspalten-kan-min-spanska-egendom-utmtas-fr-skulder-i-sverige.png\",\"contentUrl\":\"https:\\\/\\\/lightweb.dev\\\/l\\\/svm-temp\\\/wp-content\\\/uploads\\\/2022\\\/04\\\/advokatspalten-kan-min-spanska-egendom-utmtas-fr-skulder-i-sverige.png\",\"width\":280,\"height\":396},{\"@type\":\"BreadcrumbList\",\"@id\":\"https:\\\/\\\/lightweb.dev\\\/l\\\/svm-temp\\\/artiklar\\\/advokatspalten-kan-min-spanska-egendom-utmatas-for-skulder-i-sverige\\\/#breadcrumb\",\"itemListElement\":[{\"@type\":\"ListItem\",\"position\":1,\"name\":\"Hem\",\"item\":\"https:\\\/\\\/lightweb.dev\\\/l\\\/svm-temp\\\/\"},{\"@type\":\"ListItem\",\"position\":2,\"name\":\"Advokatspalten: Kan min spanska egendom utm\u00e4tas f\u00f6r skulder i Sverige?\"}]},{\"@type\":\"WebSite\",\"@id\":\"https:\\\/\\\/lightweb.dev\\\/l\\\/svm-temp\\\/#website\",\"url\":\"https:\\\/\\\/lightweb.dev\\\/l\\\/svm-temp\\\/\",\"name\":\"Svenska Magasinet\",\"description\":\"Dina Spanska nyheter p&aring; Svenska\",\"publisher\":{\"@id\":\"https:\\\/\\\/lightweb.dev\\\/l\\\/svm-temp\\\/#organization\"},\"potentialAction\":[{\"@type\":\"SearchAction\",\"target\":{\"@type\":\"EntryPoint\",\"urlTemplate\":\"https:\\\/\\\/lightweb.dev\\\/l\\\/svm-temp\\\/?s={search_term_string}\"},\"query-input\":{\"@type\":\"PropertyValueSpecification\",\"valueRequired\":true,\"valueName\":\"search_term_string\"}}],\"inLanguage\":\"sv-SE\"},{\"@type\":\"Organization\",\"@id\":\"https:\\\/\\\/lightweb.dev\\\/l\\\/svm-temp\\\/#organization\",\"name\":\"Melkerson y Nott SL\",\"alternateName\":\"Svenska Magasinet\",\"url\":\"https:\\\/\\\/lightweb.dev\\\/l\\\/svm-temp\\\/\",\"logo\":{\"@type\":\"ImageObject\",\"inLanguage\":\"sv-SE\",\"@id\":\"https:\\\/\\\/lightweb.dev\\\/l\\\/svm-temp\\\/#\\\/schema\\\/logo\\\/image\\\/\",\"url\":\"https:\\\/\\\/lightweb.dev\\\/l\\\/svm-temp\\\/wp-content\\\/uploads\\\/2025\\\/02\\\/SvM-logo-Xtra-Centrerad-SVART.png\",\"contentUrl\":\"https:\\\/\\\/lightweb.dev\\\/l\\\/svm-temp\\\/wp-content\\\/uploads\\\/2025\\\/02\\\/SvM-logo-Xtra-Centrerad-SVART.png\",\"width\":300,\"height\":99,\"caption\":\"Melkerson y Nott SL\"},\"image\":{\"@id\":\"https:\\\/\\\/lightweb.dev\\\/l\\\/svm-temp\\\/#\\\/schema\\\/logo\\\/image\\\/\"},\"sameAs\":[\"https:\\\/\\\/www.facebook.com\\\/svenskamagasinet\",\"https:\\\/\\\/x.com\\\/SvenskaMagasine\"]},{\"@type\":\"Person\",\"@id\":\"https:\\\/\\\/lightweb.dev\\\/l\\\/svm-temp\\\/#\\\/schema\\\/person\\\/206a3bda5b607b0c25e1749191e4d837\",\"name\":\"Redaktionen SvM\",\"description\":\"Redaktionen\",\"sameAs\":[\"https:\\\/\\\/lightweb.dev\\\/l\\\/svm-temp\"],\"url\":\"https:\\\/\\\/lightweb.dev\\\/l\\\/svm-temp\\\/reporter\\\/redaktionen\\\/\"}]}<\/script>\n<!-- \/ Yoast SEO Premium plugin. -->","yoast_head_json":{"title":"Advokatspalten: Kan min spanska egendom utm\u00e4tas f\u00f6r skulder i Sverige? - Svenska Magasinet","robots":{"index":"noindex","follow":"follow","max-snippet":"max-snippet:-1","max-image-preview":"max-image-preview:large","max-video-preview":"max-video-preview:-1"},"og_locale":"sv_SE","og_type":"article","og_title":"Advokatspalten: Kan min spanska egendom utm\u00e4tas f\u00f6r skulder i Sverige?","og_description":"Jag \u00e4r en svensk medborgare som driver ett antal bolag i Sverige, jag har en fastighet p\u00e5 Mallorca och \u00e4r skriven i Sverige. Skatteverket skall inleda en granskning av ett antal transaktioner mellan mina bolag. Om Skatteverkets granskning skulle leda till att jag skall betala ytterligare skatter, skulle min egendom i Spanien kunna utm\u00e4tas f\u00f6r [&hellip;]","og_url":"https:\/\/lightweb.dev\/l\/svm-temp\/artiklar\/advokatspalten-kan-min-spanska-egendom-utmatas-for-skulder-i-sverige\/","og_site_name":"Svenska Magasinet","article_publisher":"https:\/\/www.facebook.com\/svenskamagasinet","article_published_time":"2014-01-12T23:00:00+00:00","og_image":[{"width":280,"height":396,"url":"https:\/\/lightweb.dev\/l\/svm-temp\/wp-content\/uploads\/2022\/04\/advokatspalten-kan-min-spanska-egendom-utmtas-fr-skulder-i-sverige.png","type":"image\/png"}],"author":"Redaktionen SvM","twitter_card":"summary_large_image","twitter_creator":"@SvenskaMagasine","twitter_site":"@SvenskaMagasine","schema":{"@context":"https:\/\/schema.org","@graph":[{"@type":"Article","@id":"https:\/\/lightweb.dev\/l\/svm-temp\/artiklar\/advokatspalten-kan-min-spanska-egendom-utmatas-for-skulder-i-sverige\/#article","isPartOf":{"@id":"https:\/\/lightweb.dev\/l\/svm-temp\/artiklar\/advokatspalten-kan-min-spanska-egendom-utmatas-for-skulder-i-sverige\/"},"author":{"name":"Redaktionen SvM","@id":"https:\/\/lightweb.dev\/l\/svm-temp\/#\/schema\/person\/206a3bda5b607b0c25e1749191e4d837"},"headline":"Advokatspalten: Kan min spanska egendom utm\u00e4tas f\u00f6r skulder i Sverige?","datePublished":"2014-01-12T23:00:00+00:00","mainEntityOfPage":{"@id":"https:\/\/lightweb.dev\/l\/svm-temp\/artiklar\/advokatspalten-kan-min-spanska-egendom-utmatas-for-skulder-i-sverige\/"},"wordCount":451,"commentCount":0,"publisher":{"@id":"https:\/\/lightweb.dev\/l\/svm-temp\/#organization"},"image":{"@id":"https:\/\/lightweb.dev\/l\/svm-temp\/artiklar\/advokatspalten-kan-min-spanska-egendom-utmatas-for-skulder-i-sverige\/#primaryimage"},"thumbnailUrl":"https:\/\/lightweb.dev\/l\/svm-temp\/wp-content\/uploads\/2022\/04\/advokatspalten-kan-min-spanska-egendom-utmtas-fr-skulder-i-sverige.png","articleSection":["Arkiv","Artiklar"],"inLanguage":"sv-SE"},{"@type":"WebPage","@id":"https:\/\/lightweb.dev\/l\/svm-temp\/artiklar\/advokatspalten-kan-min-spanska-egendom-utmatas-for-skulder-i-sverige\/","url":"https:\/\/lightweb.dev\/l\/svm-temp\/artiklar\/advokatspalten-kan-min-spanska-egendom-utmatas-for-skulder-i-sverige\/","name":"Advokatspalten: Kan min spanska egendom utm\u00e4tas f\u00f6r skulder i Sverige? - Svenska Magasinet","isPartOf":{"@id":"https:\/\/lightweb.dev\/l\/svm-temp\/#website"},"primaryImageOfPage":{"@id":"https:\/\/lightweb.dev\/l\/svm-temp\/artiklar\/advokatspalten-kan-min-spanska-egendom-utmatas-for-skulder-i-sverige\/#primaryimage"},"image":{"@id":"https:\/\/lightweb.dev\/l\/svm-temp\/artiklar\/advokatspalten-kan-min-spanska-egendom-utmatas-for-skulder-i-sverige\/#primaryimage"},"thumbnailUrl":"https:\/\/lightweb.dev\/l\/svm-temp\/wp-content\/uploads\/2022\/04\/advokatspalten-kan-min-spanska-egendom-utmtas-fr-skulder-i-sverige.png","datePublished":"2014-01-12T23:00:00+00:00","breadcrumb":{"@id":"https:\/\/lightweb.dev\/l\/svm-temp\/artiklar\/advokatspalten-kan-min-spanska-egendom-utmatas-for-skulder-i-sverige\/#breadcrumb"},"inLanguage":"sv-SE","potentialAction":[{"@type":"ReadAction","target":["https:\/\/lightweb.dev\/l\/svm-temp\/artiklar\/advokatspalten-kan-min-spanska-egendom-utmatas-for-skulder-i-sverige\/"]}]},{"@type":"ImageObject","inLanguage":"sv-SE","@id":"https:\/\/lightweb.dev\/l\/svm-temp\/artiklar\/advokatspalten-kan-min-spanska-egendom-utmatas-for-skulder-i-sverige\/#primaryimage","url":"https:\/\/lightweb.dev\/l\/svm-temp\/wp-content\/uploads\/2022\/04\/advokatspalten-kan-min-spanska-egendom-utmtas-fr-skulder-i-sverige.png","contentUrl":"https:\/\/lightweb.dev\/l\/svm-temp\/wp-content\/uploads\/2022\/04\/advokatspalten-kan-min-spanska-egendom-utmtas-fr-skulder-i-sverige.png","width":280,"height":396},{"@type":"BreadcrumbList","@id":"https:\/\/lightweb.dev\/l\/svm-temp\/artiklar\/advokatspalten-kan-min-spanska-egendom-utmatas-for-skulder-i-sverige\/#breadcrumb","itemListElement":[{"@type":"ListItem","position":1,"name":"Hem","item":"https:\/\/lightweb.dev\/l\/svm-temp\/"},{"@type":"ListItem","position":2,"name":"Advokatspalten: Kan min spanska egendom utm\u00e4tas f\u00f6r skulder i Sverige?"}]},{"@type":"WebSite","@id":"https:\/\/lightweb.dev\/l\/svm-temp\/#website","url":"https:\/\/lightweb.dev\/l\/svm-temp\/","name":"Svenska Magasinet","description":"Dina Spanska nyheter p&aring; Svenska","publisher":{"@id":"https:\/\/lightweb.dev\/l\/svm-temp\/#organization"},"potentialAction":[{"@type":"SearchAction","target":{"@type":"EntryPoint","urlTemplate":"https:\/\/lightweb.dev\/l\/svm-temp\/?s={search_term_string}"},"query-input":{"@type":"PropertyValueSpecification","valueRequired":true,"valueName":"search_term_string"}}],"inLanguage":"sv-SE"},{"@type":"Organization","@id":"https:\/\/lightweb.dev\/l\/svm-temp\/#organization","name":"Melkerson y Nott SL","alternateName":"Svenska Magasinet","url":"https:\/\/lightweb.dev\/l\/svm-temp\/","logo":{"@type":"ImageObject","inLanguage":"sv-SE","@id":"https:\/\/lightweb.dev\/l\/svm-temp\/#\/schema\/logo\/image\/","url":"https:\/\/lightweb.dev\/l\/svm-temp\/wp-content\/uploads\/2025\/02\/SvM-logo-Xtra-Centrerad-SVART.png","contentUrl":"https:\/\/lightweb.dev\/l\/svm-temp\/wp-content\/uploads\/2025\/02\/SvM-logo-Xtra-Centrerad-SVART.png","width":300,"height":99,"caption":"Melkerson y Nott SL"},"image":{"@id":"https:\/\/lightweb.dev\/l\/svm-temp\/#\/schema\/logo\/image\/"},"sameAs":["https:\/\/www.facebook.com\/svenskamagasinet","https:\/\/x.com\/SvenskaMagasine"]},{"@type":"Person","@id":"https:\/\/lightweb.dev\/l\/svm-temp\/#\/schema\/person\/206a3bda5b607b0c25e1749191e4d837","name":"Redaktionen SvM","description":"Redaktionen","sameAs":["https:\/\/lightweb.dev\/l\/svm-temp"],"url":"https:\/\/lightweb.dev\/l\/svm-temp\/reporter\/redaktionen\/"}]}},"_links":{"self":[{"href":"https:\/\/lightweb.dev\/l\/svm-temp\/wp-json\/wp\/v2\/posts\/4713","targetHints":{"allow":["GET"]}}],"collection":[{"href":"https:\/\/lightweb.dev\/l\/svm-temp\/wp-json\/wp\/v2\/posts"}],"about":[{"href":"https:\/\/lightweb.dev\/l\/svm-temp\/wp-json\/wp\/v2\/types\/post"}],"author":[{"embeddable":true,"href":"https:\/\/lightweb.dev\/l\/svm-temp\/wp-json\/wp\/v2\/users\/8"}],"replies":[{"embeddable":true,"href":"https:\/\/lightweb.dev\/l\/svm-temp\/wp-json\/wp\/v2\/comments?post=4713"}],"version-history":[{"count":0,"href":"https:\/\/lightweb.dev\/l\/svm-temp\/wp-json\/wp\/v2\/posts\/4713\/revisions"}],"wp:featuredmedia":[{"embeddable":true,"href":"https:\/\/lightweb.dev\/l\/svm-temp\/wp-json\/wp\/v2\/media\/4714"}],"wp:attachment":[{"href":"https:\/\/lightweb.dev\/l\/svm-temp\/wp-json\/wp\/v2\/media?parent=4713"}],"wp:term":[{"taxonomy":"category","embeddable":true,"href":"https:\/\/lightweb.dev\/l\/svm-temp\/wp-json\/wp\/v2\/categories?post=4713"},{"taxonomy":"post_tag","embeddable":true,"href":"https:\/\/lightweb.dev\/l\/svm-temp\/wp-json\/wp\/v2\/tags?post=4713"}],"curies":[{"name":"wp","href":"https:\/\/api.w.org\/{rel}","templated":true}]}}