{"id":47182,"date":"2007-12-21T00:00:00","date_gmt":"2007-12-20T23:00:00","guid":{"rendered":"https:\/\/lightweb.dev\/l\/svm-temp\/nyheter\/pancho-campo-klimatforandringen-ar-ett-resultat-av-hur-vi-lever\/"},"modified":"2007-12-21T00:00:00","modified_gmt":"2007-12-20T23:00:00","slug":"pancho-campo-klimatforandringen-ar-ett-resultat-av-hur-vi-lever","status":"publish","type":"post","link":"https:\/\/lightweb.dev\/l\/svm-temp\/nyheter\/pancho-campo-klimatforandringen-ar-ett-resultat-av-hur-vi-lever\/","title":{"rendered":"Pancho Campo: &#8221;Klimatf\u00f6r\u00e4ndringen \u00e4r ett resultat av hur vi lever&#8221;"},"content":{"rendered":"<p> Klimatf\u00f6r\u00e4ndringen \u00e4r en realitet och den \u00e4r ett resultat av m\u00e4nniskans p\u00e5verkan. Det sade Pancho Campo, medarbetare till USA:s f\u00f6rre vicepresident Al Gore och ambassad\u00f6r i Klimatprojektet. Pancho Campo talade i samband med klimatkonferensen i Marbella p\u00e5 torsdagskv\u00e4llen som hade samlat uppskattningsvis en publik p\u00e5 600 f\u00f6rdelade p\u00e5 en engelsktalande sektion och en spansktalande. Anledningen till konferensen var att v\u00e4cka opinion och f\u00e5 folk att t\u00e4nka till var vi individuellt kan g\u00f6ra f\u00f6r att f\u00f6rb\u00e4ttra situationen f\u00f6r moder jord. &#8221;Vad vi hittills vet \u00e4r v\u00e5r planet unik, vi m\u00e5ste v\u00e5rda den v\u00e4l&#8221;, sa Pancho Campo som sj\u00e4lv bor i Marbella. Under kv\u00e4llen visades bilder p\u00e5 vad en eventuell \u00f6kning av havsniv\u00e5n kan f\u00e5 f\u00f6r resultat p\u00e5 Costa del Sol. Naturkatastroferna \u00f6kar liksom jordens medeltemperatur. &#8221;Klimatf\u00f6r\u00e4ndringen kommer smygande, det \u00e4r dags att handla innan det \u00e4r f\u00f6r sent&#8221;, sa Pancho Campo med stort allvar i r\u00f6sten. <\/p>\n","protected":false},"excerpt":{"rendered":"<p>Klimatf\u00f6r\u00e4ndringen \u00e4r en realitet och den \u00e4r ett resultat av m\u00e4nniskans p\u00e5verkan. Det sade Pancho Campo, medarbetare till USA:s f\u00f6rre vicepresident Al Gore och ambassad\u00f6r i Klimatprojektet. Pancho Campo talade i samband med klimatkonferensen i Marbella p\u00e5 torsdagskv\u00e4llen som hade samlat uppskattningsvis en publik p\u00e5 600 f\u00f6rdelade p\u00e5 en engelsktalande sektion och en spansktalande. Anledningen [&hellip;]<\/p>\n","protected":false},"author":8,"featured_media":0,"comment_status":"open","ping_status":"open","sticky":false,"template":"","format":"standard","meta":{"_et_pb_use_builder":"","_et_pb_old_content":"","_et_gb_content_width":"","footnotes":""},"categories":[395,3],"tags":[],"class_list":["post-47182","post","type-post","status-publish","format-standard","hentry","category-arkiv-nyheter","category-nyheter"],"yoast_head":"<!-- This site is optimized with the Yoast SEO Premium plugin v26.2 (Yoast SEO v28.2) - https:\/\/yoast.com\/product\/yoast-seo-premium-wordpress\/ -->\n<title>Pancho Campo: &quot;Klimatf\u00f6r\u00e4ndringen \u00e4r ett resultat av hur vi lever&quot; - Svenska Magasinet<\/title>\n<meta name=\"robots\" content=\"noindex, follow, max-snippet:-1, max-image-preview:large, max-video-preview:-1\" \/>\n<meta property=\"og:locale\" content=\"sv_SE\" \/>\n<meta property=\"og:type\" content=\"article\" \/>\n<meta property=\"og:title\" content=\"Pancho Campo: &quot;Klimatf\u00f6r\u00e4ndringen \u00e4r ett resultat av hur vi lever&quot;\" \/>\n<meta property=\"og:description\" content=\"Klimatf\u00f6r\u00e4ndringen \u00e4r en realitet och den \u00e4r ett resultat av m\u00e4nniskans p\u00e5verkan. Det sade Pancho Campo, medarbetare till USA:s f\u00f6rre vicepresident Al Gore och ambassad\u00f6r i Klimatprojektet. Pancho Campo talade i samband med klimatkonferensen i Marbella p\u00e5 torsdagskv\u00e4llen som hade samlat uppskattningsvis en publik p\u00e5 600 f\u00f6rdelade p\u00e5 en engelsktalande sektion och en spansktalande. Anledningen [&hellip;]\" \/>\n<meta property=\"og:url\" content=\"https:\/\/lightweb.dev\/l\/svm-temp\/nyheter\/pancho-campo-klimatforandringen-ar-ett-resultat-av-hur-vi-lever\/\" \/>\n<meta property=\"og:site_name\" content=\"Svenska Magasinet\" \/>\n<meta property=\"article:publisher\" content=\"https:\/\/www.facebook.com\/svenskamagasinet\" \/>\n<meta property=\"article:published_time\" content=\"2007-12-20T23:00:00+00:00\" \/>\n<meta name=\"author\" content=\"Redaktionen SvM\" \/>\n<meta name=\"twitter:card\" content=\"summary_large_image\" \/>\n<meta name=\"twitter:creator\" content=\"@SvenskaMagasine\" \/>\n<meta name=\"twitter:site\" content=\"@SvenskaMagasine\" \/>\n<script type=\"application\/ld+json\" class=\"yoast-schema-graph\">{\"@context\":\"https:\\\/\\\/schema.org\",\"@graph\":[{\"@type\":\"Article\",\"@id\":\"https:\\\/\\\/lightweb.dev\\\/l\\\/svm-temp\\\/nyheter\\\/pancho-campo-klimatforandringen-ar-ett-resultat-av-hur-vi-lever\\\/#article\",\"isPartOf\":{\"@id\":\"https:\\\/\\\/lightweb.dev\\\/l\\\/svm-temp\\\/nyheter\\\/pancho-campo-klimatforandringen-ar-ett-resultat-av-hur-vi-lever\\\/\"},\"author\":{\"name\":\"Redaktionen SvM\",\"@id\":\"https:\\\/\\\/lightweb.dev\\\/l\\\/svm-temp\\\/#\\\/schema\\\/person\\\/206a3bda5b607b0c25e1749191e4d837\"},\"headline\":\"Pancho Campo: &#8221;Klimatf\u00f6r\u00e4ndringen \u00e4r ett resultat av hur vi lever&#8221;\",\"datePublished\":\"2007-12-20T23:00:00+00:00\",\"mainEntityOfPage\":{\"@id\":\"https:\\\/\\\/lightweb.dev\\\/l\\\/svm-temp\\\/nyheter\\\/pancho-campo-klimatforandringen-ar-ett-resultat-av-hur-vi-lever\\\/\"},\"wordCount\":184,\"commentCount\":0,\"publisher\":{\"@id\":\"https:\\\/\\\/lightweb.dev\\\/l\\\/svm-temp\\\/#organization\"},\"articleSection\":[\"Arkiv\",\"Nyheter\"],\"inLanguage\":\"sv-SE\"},{\"@type\":\"WebPage\",\"@id\":\"https:\\\/\\\/lightweb.dev\\\/l\\\/svm-temp\\\/nyheter\\\/pancho-campo-klimatforandringen-ar-ett-resultat-av-hur-vi-lever\\\/\",\"url\":\"https:\\\/\\\/lightweb.dev\\\/l\\\/svm-temp\\\/nyheter\\\/pancho-campo-klimatforandringen-ar-ett-resultat-av-hur-vi-lever\\\/\",\"name\":\"Pancho Campo: \\\"Klimatf\u00f6r\u00e4ndringen \u00e4r ett resultat av hur vi lever\\\" - Svenska Magasinet\",\"isPartOf\":{\"@id\":\"https:\\\/\\\/lightweb.dev\\\/l\\\/svm-temp\\\/#website\"},\"datePublished\":\"2007-12-20T23:00:00+00:00\",\"breadcrumb\":{\"@id\":\"https:\\\/\\\/lightweb.dev\\\/l\\\/svm-temp\\\/nyheter\\\/pancho-campo-klimatforandringen-ar-ett-resultat-av-hur-vi-lever\\\/#breadcrumb\"},\"inLanguage\":\"sv-SE\",\"potentialAction\":[{\"@type\":\"ReadAction\",\"target\":[\"https:\\\/\\\/lightweb.dev\\\/l\\\/svm-temp\\\/nyheter\\\/pancho-campo-klimatforandringen-ar-ett-resultat-av-hur-vi-lever\\\/\"]}]},{\"@type\":\"BreadcrumbList\",\"@id\":\"https:\\\/\\\/lightweb.dev\\\/l\\\/svm-temp\\\/nyheter\\\/pancho-campo-klimatforandringen-ar-ett-resultat-av-hur-vi-lever\\\/#breadcrumb\",\"itemListElement\":[{\"@type\":\"ListItem\",\"position\":1,\"name\":\"Hem\",\"item\":\"https:\\\/\\\/lightweb.dev\\\/l\\\/svm-temp\\\/\"},{\"@type\":\"ListItem\",\"position\":2,\"name\":\"Pancho Campo: &#8221;Klimatf\u00f6r\u00e4ndringen \u00e4r ett resultat av hur vi lever&#8221;\"}]},{\"@type\":\"WebSite\",\"@id\":\"https:\\\/\\\/lightweb.dev\\\/l\\\/svm-temp\\\/#website\",\"url\":\"https:\\\/\\\/lightweb.dev\\\/l\\\/svm-temp\\\/\",\"name\":\"Svenska Magasinet\",\"description\":\"Dina Spanska nyheter p&aring; Svenska\",\"publisher\":{\"@id\":\"https:\\\/\\\/lightweb.dev\\\/l\\\/svm-temp\\\/#organization\"},\"potentialAction\":[{\"@type\":\"SearchAction\",\"target\":{\"@type\":\"EntryPoint\",\"urlTemplate\":\"https:\\\/\\\/lightweb.dev\\\/l\\\/svm-temp\\\/?s={search_term_string}\"},\"query-input\":{\"@type\":\"PropertyValueSpecification\",\"valueRequired\":true,\"valueName\":\"search_term_string\"}}],\"inLanguage\":\"sv-SE\"},{\"@type\":\"Organization\",\"@id\":\"https:\\\/\\\/lightweb.dev\\\/l\\\/svm-temp\\\/#organization\",\"name\":\"Melkerson y Nott SL\",\"alternateName\":\"Svenska Magasinet\",\"url\":\"https:\\\/\\\/lightweb.dev\\\/l\\\/svm-temp\\\/\",\"logo\":{\"@type\":\"ImageObject\",\"inLanguage\":\"sv-SE\",\"@id\":\"https:\\\/\\\/lightweb.dev\\\/l\\\/svm-temp\\\/#\\\/schema\\\/logo\\\/image\\\/\",\"url\":\"https:\\\/\\\/lightweb.dev\\\/l\\\/svm-temp\\\/wp-content\\\/uploads\\\/2025\\\/02\\\/SvM-logo-Xtra-Centrerad-SVART.png\",\"contentUrl\":\"https:\\\/\\\/lightweb.dev\\\/l\\\/svm-temp\\\/wp-content\\\/uploads\\\/2025\\\/02\\\/SvM-logo-Xtra-Centrerad-SVART.png\",\"width\":300,\"height\":99,\"caption\":\"Melkerson y Nott SL\"},\"image\":{\"@id\":\"https:\\\/\\\/lightweb.dev\\\/l\\\/svm-temp\\\/#\\\/schema\\\/logo\\\/image\\\/\"},\"sameAs\":[\"https:\\\/\\\/www.facebook.com\\\/svenskamagasinet\",\"https:\\\/\\\/x.com\\\/SvenskaMagasine\"]},{\"@type\":\"Person\",\"@id\":\"https:\\\/\\\/lightweb.dev\\\/l\\\/svm-temp\\\/#\\\/schema\\\/person\\\/206a3bda5b607b0c25e1749191e4d837\",\"name\":\"Redaktionen SvM\",\"description\":\"Redaktionen\",\"sameAs\":[\"https:\\\/\\\/lightweb.dev\\\/l\\\/svm-temp\"],\"url\":\"https:\\\/\\\/lightweb.dev\\\/l\\\/svm-temp\\\/reporter\\\/redaktionen\\\/\"}]}<\/script>\n<!-- \/ Yoast SEO Premium plugin. -->","yoast_head_json":{"title":"Pancho Campo: \"Klimatf\u00f6r\u00e4ndringen \u00e4r ett resultat av hur vi lever\" - Svenska Magasinet","robots":{"index":"noindex","follow":"follow","max-snippet":"max-snippet:-1","max-image-preview":"max-image-preview:large","max-video-preview":"max-video-preview:-1"},"og_locale":"sv_SE","og_type":"article","og_title":"Pancho Campo: \"Klimatf\u00f6r\u00e4ndringen \u00e4r ett resultat av hur vi lever\"","og_description":"Klimatf\u00f6r\u00e4ndringen \u00e4r en realitet och den \u00e4r ett resultat av m\u00e4nniskans p\u00e5verkan. Det sade Pancho Campo, medarbetare till USA:s f\u00f6rre vicepresident Al Gore och ambassad\u00f6r i Klimatprojektet. Pancho Campo talade i samband med klimatkonferensen i Marbella p\u00e5 torsdagskv\u00e4llen som hade samlat uppskattningsvis en publik p\u00e5 600 f\u00f6rdelade p\u00e5 en engelsktalande sektion och en spansktalande. Anledningen [&hellip;]","og_url":"https:\/\/lightweb.dev\/l\/svm-temp\/nyheter\/pancho-campo-klimatforandringen-ar-ett-resultat-av-hur-vi-lever\/","og_site_name":"Svenska Magasinet","article_publisher":"https:\/\/www.facebook.com\/svenskamagasinet","article_published_time":"2007-12-20T23:00:00+00:00","author":"Redaktionen SvM","twitter_card":"summary_large_image","twitter_creator":"@SvenskaMagasine","twitter_site":"@SvenskaMagasine","schema":{"@context":"https:\/\/schema.org","@graph":[{"@type":"Article","@id":"https:\/\/lightweb.dev\/l\/svm-temp\/nyheter\/pancho-campo-klimatforandringen-ar-ett-resultat-av-hur-vi-lever\/#article","isPartOf":{"@id":"https:\/\/lightweb.dev\/l\/svm-temp\/nyheter\/pancho-campo-klimatforandringen-ar-ett-resultat-av-hur-vi-lever\/"},"author":{"name":"Redaktionen SvM","@id":"https:\/\/lightweb.dev\/l\/svm-temp\/#\/schema\/person\/206a3bda5b607b0c25e1749191e4d837"},"headline":"Pancho Campo: &#8221;Klimatf\u00f6r\u00e4ndringen \u00e4r ett resultat av hur vi lever&#8221;","datePublished":"2007-12-20T23:00:00+00:00","mainEntityOfPage":{"@id":"https:\/\/lightweb.dev\/l\/svm-temp\/nyheter\/pancho-campo-klimatforandringen-ar-ett-resultat-av-hur-vi-lever\/"},"wordCount":184,"commentCount":0,"publisher":{"@id":"https:\/\/lightweb.dev\/l\/svm-temp\/#organization"},"articleSection":["Arkiv","Nyheter"],"inLanguage":"sv-SE"},{"@type":"WebPage","@id":"https:\/\/lightweb.dev\/l\/svm-temp\/nyheter\/pancho-campo-klimatforandringen-ar-ett-resultat-av-hur-vi-lever\/","url":"https:\/\/lightweb.dev\/l\/svm-temp\/nyheter\/pancho-campo-klimatforandringen-ar-ett-resultat-av-hur-vi-lever\/","name":"Pancho Campo: \"Klimatf\u00f6r\u00e4ndringen \u00e4r ett resultat av hur vi lever\" - Svenska Magasinet","isPartOf":{"@id":"https:\/\/lightweb.dev\/l\/svm-temp\/#website"},"datePublished":"2007-12-20T23:00:00+00:00","breadcrumb":{"@id":"https:\/\/lightweb.dev\/l\/svm-temp\/nyheter\/pancho-campo-klimatforandringen-ar-ett-resultat-av-hur-vi-lever\/#breadcrumb"},"inLanguage":"sv-SE","potentialAction":[{"@type":"ReadAction","target":["https:\/\/lightweb.dev\/l\/svm-temp\/nyheter\/pancho-campo-klimatforandringen-ar-ett-resultat-av-hur-vi-lever\/"]}]},{"@type":"BreadcrumbList","@id":"https:\/\/lightweb.dev\/l\/svm-temp\/nyheter\/pancho-campo-klimatforandringen-ar-ett-resultat-av-hur-vi-lever\/#breadcrumb","itemListElement":[{"@type":"ListItem","position":1,"name":"Hem","item":"https:\/\/lightweb.dev\/l\/svm-temp\/"},{"@type":"ListItem","position":2,"name":"Pancho Campo: &#8221;Klimatf\u00f6r\u00e4ndringen \u00e4r ett resultat av hur vi lever&#8221;"}]},{"@type":"WebSite","@id":"https:\/\/lightweb.dev\/l\/svm-temp\/#website","url":"https:\/\/lightweb.dev\/l\/svm-temp\/","name":"Svenska Magasinet","description":"Dina Spanska nyheter p&aring; Svenska","publisher":{"@id":"https:\/\/lightweb.dev\/l\/svm-temp\/#organization"},"potentialAction":[{"@type":"SearchAction","target":{"@type":"EntryPoint","urlTemplate":"https:\/\/lightweb.dev\/l\/svm-temp\/?s={search_term_string}"},"query-input":{"@type":"PropertyValueSpecification","valueRequired":true,"valueName":"search_term_string"}}],"inLanguage":"sv-SE"},{"@type":"Organization","@id":"https:\/\/lightweb.dev\/l\/svm-temp\/#organization","name":"Melkerson y Nott SL","alternateName":"Svenska Magasinet","url":"https:\/\/lightweb.dev\/l\/svm-temp\/","logo":{"@type":"ImageObject","inLanguage":"sv-SE","@id":"https:\/\/lightweb.dev\/l\/svm-temp\/#\/schema\/logo\/image\/","url":"https:\/\/lightweb.dev\/l\/svm-temp\/wp-content\/uploads\/2025\/02\/SvM-logo-Xtra-Centrerad-SVART.png","contentUrl":"https:\/\/lightweb.dev\/l\/svm-temp\/wp-content\/uploads\/2025\/02\/SvM-logo-Xtra-Centrerad-SVART.png","width":300,"height":99,"caption":"Melkerson y Nott SL"},"image":{"@id":"https:\/\/lightweb.dev\/l\/svm-temp\/#\/schema\/logo\/image\/"},"sameAs":["https:\/\/www.facebook.com\/svenskamagasinet","https:\/\/x.com\/SvenskaMagasine"]},{"@type":"Person","@id":"https:\/\/lightweb.dev\/l\/svm-temp\/#\/schema\/person\/206a3bda5b607b0c25e1749191e4d837","name":"Redaktionen SvM","description":"Redaktionen","sameAs":["https:\/\/lightweb.dev\/l\/svm-temp"],"url":"https:\/\/lightweb.dev\/l\/svm-temp\/reporter\/redaktionen\/"}]}},"_links":{"self":[{"href":"https:\/\/lightweb.dev\/l\/svm-temp\/wp-json\/wp\/v2\/posts\/47182","targetHints":{"allow":["GET"]}}],"collection":[{"href":"https:\/\/lightweb.dev\/l\/svm-temp\/wp-json\/wp\/v2\/posts"}],"about":[{"href":"https:\/\/lightweb.dev\/l\/svm-temp\/wp-json\/wp\/v2\/types\/post"}],"author":[{"embeddable":true,"href":"https:\/\/lightweb.dev\/l\/svm-temp\/wp-json\/wp\/v2\/users\/8"}],"replies":[{"embeddable":true,"href":"https:\/\/lightweb.dev\/l\/svm-temp\/wp-json\/wp\/v2\/comments?post=47182"}],"version-history":[{"count":0,"href":"https:\/\/lightweb.dev\/l\/svm-temp\/wp-json\/wp\/v2\/posts\/47182\/revisions"}],"wp:attachment":[{"href":"https:\/\/lightweb.dev\/l\/svm-temp\/wp-json\/wp\/v2\/media?parent=47182"}],"wp:term":[{"taxonomy":"category","embeddable":true,"href":"https:\/\/lightweb.dev\/l\/svm-temp\/wp-json\/wp\/v2\/categories?post=47182"},{"taxonomy":"post_tag","embeddable":true,"href":"https:\/\/lightweb.dev\/l\/svm-temp\/wp-json\/wp\/v2\/tags?post=47182"}],"curies":[{"name":"wp","href":"https:\/\/api.w.org\/{rel}","templated":true}]}}