{"id":4719,"date":"2014-01-10T00:00:00","date_gmt":"2014-01-09T23:00:00","guid":{"rendered":"https:\/\/lightweb.dev\/l\/svm-temp\/spada-skott-mitt-i-vintern\/"},"modified":"2014-01-10T00:00:00","modified_gmt":"2014-01-09T23:00:00","slug":"spada-skott-mitt-i-vintern","status":"publish","type":"post","link":"https:\/\/lightweb.dev\/l\/svm-temp\/artiklar\/spada-skott-mitt-i-vintern\/","title":{"rendered":"Sp\u00e4da skott mitt i vintern"},"content":{"rendered":"<p> Utsikterna f\u00f6r v\u00e4rldsekonomin \u00e4r ljusare \u00e4n p\u00e5 ett bra tag. 2014 ser ut att bli stabilt, men b\u00f6rsen l\u00e4r oroa sig f\u00f6r stigande inflation, och h\u00f6gre r\u00e4ntor. Av Jesper Hertz, Chief Representative Nordea Bank S.A.<\/p>\n<p>I USA kommer st\u00e4mningen p\u00e5 b\u00f6rsen i h\u00f6g grad att styras av Federal Reserves f\u00f6rv\u00e4ntade neddragningar av bankens st\u00f6dk\u00f6p av obligationer, som kan inledas redan nu i december. N\u00e4r l\u00e4nder som Japan och Kina nu b\u00f6rjat f\u00e5 fart p\u00e5 sin tillv\u00e4xt ser Europa allt mer ut som eftersl\u00e4ntraren.<\/p>\n<p>I b\u00f6rjan av november sl\u00e4ppte EU-kommissionen en rapport d\u00e4r man r\u00e4knade med att euroomr\u00e5dets tillv\u00e4xt hamnar p\u00e5 1,1 procent 2014 och 1,7 procent 2015. Motsvarande siffror f\u00f6r hela EU \u00e4r 1,4 respektive 1,9 procent. Euroomr\u00e5det har visserligen officiellt tagit sig ur l\u00e5gkonjunkturen, och till och med Spanien kunde redovisa en BNP-\u00f6kning p\u00e5 0,1 procent under 3:e kvartalet. J\u00e4mf\u00f6rt med f\u00f6rra rapporten som publicerades i maj s\u00e5 har kommissionen dock skrivit ned sin prognos.<\/p>\n<p>Det fr\u00e4msta orsaken till kommissionens f\u00f6rsiktighet, trots allt tal om \u201dv\u00e4ndpunkt\u201d och alla f\u00f6rhoppningar om \u201dpositiva resultat\u201d, \u00e4r den envist h\u00f6ga arbetsl\u00f6sheten. I dag ligger arbetsl\u00f6sheten i euroomr\u00e5det p\u00e5 12,1 procent och kommissionen r\u00e4knar med att den ligger kvar p\u00e5 samma niv\u00e5 n\u00e4sta \u00e5r. Om detta sl\u00e5r in, och med tanke p\u00e5 att arbetsl\u00f6sheten \u00e4r en \u201dbak\u00e5tblickande\u201d snarare \u00e4n en \u201dfram\u00e5tblickande\u201d indikator, kan kommissionen bli tvingad att s\u00e4nka sin senaste tillv\u00e4xtprognos ytterligare, och det kan ha p\u00e5verkat ECB:s beslut att s\u00e4nka sin styrr\u00e4nta till en rekordl\u00e5g niv\u00e5 f\u00f6rra m\u00e5naden.<\/p>\n<p>Stanna kvar eller tr\u00e4da ut?<br \/>\nEtt m\u00f6jligt undantag \u00e4r Storbritannien d\u00e4r kommissionen h\u00f6jde sin tillv\u00e4xtprognos f\u00f6r 2013 och 2014 fr\u00e5n 0,6 och 1,7 procent till 1,3 respektive 2,2 procent (vissa brittiska analytiker ligger betydligt h\u00f6gre). Den aktuella statistiken visar att det finns fog f\u00f6r denna optimism, men det finns ocks\u00e5 flera fallgropar. Storbritannien har en stor exportsektor och \u00e4r d\u00e4rmed till viss del beroende av efterfr\u00e5gan p\u00e5 landets viktigaste exportmarknader, till exempel euroomr\u00e5det som i dag st\u00e5r f\u00f6r cirka 44 procent av den brittiska exporten, den l\u00e4gsta andelen p\u00e5 25 \u00e5r. Den brittiska regeringen har ocks\u00e5 aviserat nya \u00e5tg\u00e4rder f\u00f6r att st\u00f6tta bostadsmarknaden och det kan s\u00e5 sm\u00e5ningom skapa en ny bostadsbubbla. Vidare folkomr\u00f6star Skottland om sj\u00e4lvst\u00e4ndighet i september n\u00e4sta \u00e5r, och utg\u00e5ngen \u00e4r l\u00e5ngt ifr\u00e5n s\u00e4ker.<\/p>\n<p>Om den brittiska ekonomin lyckas undvika dessa fallgropar kommer den sannolikt att l\u00e4gga \u00f6vriga EU l\u00e5ngt bakom sig. Storbritannien har redan l\u00f6st m\u00e5nga av de strukturproblem som pl\u00e5gar flera l\u00e4nder i euroomr\u00e5det, och har d\u00e4rmed chans att bli regionens f\u00f6rsta f\u00e5gel Fenix som reser sig ur finanskrisens aska. Allt fler britter vill l\u00e4mna EU, och om den brittiska ekonomin nu f\u00e5r ett l\u00e5ngvarigt uppsving s\u00e5 kan det f\u00e5 majoriteten st\u00e4lla sig bakom ett EU-uttr\u00e4de. N\u00e5got beslut kommer emellertid inte f\u00f6rr\u00e4n 2017, och fram till dess \u00e4r det viktigare f\u00f6r Storbritannien att klara sina n\u00e4rmaste ekonomiska m\u00e5l.<\/p>\n","protected":false},"excerpt":{"rendered":"<p>Utsikterna f\u00f6r v\u00e4rldsekonomin \u00e4r ljusare \u00e4n p\u00e5 ett bra tag. 2014 ser ut att bli stabilt, men b\u00f6rsen l\u00e4r oroa sig f\u00f6r stigande inflation, och h\u00f6gre r\u00e4ntor. Av Jesper Hertz, Chief Representative Nordea Bank S.A. I USA kommer st\u00e4mningen p\u00e5 b\u00f6rsen i h\u00f6g grad att styras av Federal Reserves f\u00f6rv\u00e4ntade neddragningar av bankens st\u00f6dk\u00f6p av [&hellip;]<\/p>\n","protected":false},"author":8,"featured_media":4720,"comment_status":"open","ping_status":"open","sticky":false,"template":"","format":"standard","meta":{"_et_pb_use_builder":"","_et_pb_old_content":"","_et_gb_content_width":"","footnotes":""},"categories":[4,398],"tags":[],"class_list":["post-4719","post","type-post","status-publish","format-standard","has-post-thumbnail","hentry","category-artiklar","category-naringsliv"],"yoast_head":"<!-- This site is optimized with the Yoast SEO Premium plugin v26.2 (Yoast SEO v27.5) - https:\/\/yoast.com\/product\/yoast-seo-premium-wordpress\/ -->\n<title>Sp\u00e4da skott mitt i vintern - Svenska Magasinet<\/title>\n<meta name=\"robots\" content=\"noindex, follow, max-snippet:-1, max-image-preview:large, max-video-preview:-1\" \/>\n<meta property=\"og:locale\" content=\"sv_SE\" \/>\n<meta property=\"og:type\" content=\"article\" \/>\n<meta property=\"og:title\" content=\"Sp\u00e4da skott mitt i vintern\" \/>\n<meta property=\"og:description\" content=\"Utsikterna f\u00f6r v\u00e4rldsekonomin \u00e4r ljusare \u00e4n p\u00e5 ett bra tag. 2014 ser ut att bli stabilt, men b\u00f6rsen l\u00e4r oroa sig f\u00f6r stigande inflation, och h\u00f6gre r\u00e4ntor. Av Jesper Hertz, Chief Representative Nordea Bank S.A. I USA kommer st\u00e4mningen p\u00e5 b\u00f6rsen i h\u00f6g grad att styras av Federal Reserves f\u00f6rv\u00e4ntade neddragningar av bankens st\u00f6dk\u00f6p av [&hellip;]\" \/>\n<meta property=\"og:url\" content=\"https:\/\/lightweb.dev\/l\/svm-temp\/artiklar\/spada-skott-mitt-i-vintern\/\" \/>\n<meta property=\"og:site_name\" content=\"Svenska Magasinet\" \/>\n<meta property=\"article:publisher\" content=\"https:\/\/www.facebook.com\/svenskamagasinet\" \/>\n<meta property=\"article:published_time\" content=\"2014-01-09T23:00:00+00:00\" \/>\n<meta property=\"og:image\" content=\"https:\/\/lightweb.dev\/l\/svm-temp\/wp-content\/uploads\/2022\/04\/spda-skott-mitt-i-vintern.png\" \/>\n\t<meta property=\"og:image:width\" content=\"280\" \/>\n\t<meta property=\"og:image:height\" content=\"351\" \/>\n\t<meta property=\"og:image:type\" content=\"image\/png\" \/>\n<meta name=\"author\" content=\"Redaktionen SvM\" \/>\n<meta name=\"twitter:card\" content=\"summary_large_image\" \/>\n<meta name=\"twitter:creator\" content=\"@SvenskaMagasine\" \/>\n<meta name=\"twitter:site\" content=\"@SvenskaMagasine\" \/>\n<script type=\"application\/ld+json\" class=\"yoast-schema-graph\">{\"@context\":\"https:\\\/\\\/schema.org\",\"@graph\":[{\"@type\":\"Article\",\"@id\":\"https:\\\/\\\/lightweb.dev\\\/l\\\/svm-temp\\\/artiklar\\\/spada-skott-mitt-i-vintern\\\/#article\",\"isPartOf\":{\"@id\":\"https:\\\/\\\/lightweb.dev\\\/l\\\/svm-temp\\\/artiklar\\\/spada-skott-mitt-i-vintern\\\/\"},\"author\":{\"name\":\"Redaktionen SvM\",\"@id\":\"https:\\\/\\\/lightweb.dev\\\/l\\\/svm-temp\\\/#\\\/schema\\\/person\\\/206a3bda5b607b0c25e1749191e4d837\"},\"headline\":\"Sp\u00e4da skott mitt i vintern\",\"datePublished\":\"2014-01-09T23:00:00+00:00\",\"mainEntityOfPage\":{\"@id\":\"https:\\\/\\\/lightweb.dev\\\/l\\\/svm-temp\\\/artiklar\\\/spada-skott-mitt-i-vintern\\\/\"},\"wordCount\":560,\"commentCount\":0,\"publisher\":{\"@id\":\"https:\\\/\\\/lightweb.dev\\\/l\\\/svm-temp\\\/#organization\"},\"image\":{\"@id\":\"https:\\\/\\\/lightweb.dev\\\/l\\\/svm-temp\\\/artiklar\\\/spada-skott-mitt-i-vintern\\\/#primaryimage\"},\"thumbnailUrl\":\"https:\\\/\\\/lightweb.dev\\\/l\\\/svm-temp\\\/wp-content\\\/uploads\\\/2022\\\/04\\\/spda-skott-mitt-i-vintern.png\",\"articleSection\":[\"Artiklar\",\"N\u00e4ringsliv\"],\"inLanguage\":\"sv-SE\"},{\"@type\":\"WebPage\",\"@id\":\"https:\\\/\\\/lightweb.dev\\\/l\\\/svm-temp\\\/artiklar\\\/spada-skott-mitt-i-vintern\\\/\",\"url\":\"https:\\\/\\\/lightweb.dev\\\/l\\\/svm-temp\\\/artiklar\\\/spada-skott-mitt-i-vintern\\\/\",\"name\":\"Sp\u00e4da skott mitt i vintern - Svenska Magasinet\",\"isPartOf\":{\"@id\":\"https:\\\/\\\/lightweb.dev\\\/l\\\/svm-temp\\\/#website\"},\"primaryImageOfPage\":{\"@id\":\"https:\\\/\\\/lightweb.dev\\\/l\\\/svm-temp\\\/artiklar\\\/spada-skott-mitt-i-vintern\\\/#primaryimage\"},\"image\":{\"@id\":\"https:\\\/\\\/lightweb.dev\\\/l\\\/svm-temp\\\/artiklar\\\/spada-skott-mitt-i-vintern\\\/#primaryimage\"},\"thumbnailUrl\":\"https:\\\/\\\/lightweb.dev\\\/l\\\/svm-temp\\\/wp-content\\\/uploads\\\/2022\\\/04\\\/spda-skott-mitt-i-vintern.png\",\"datePublished\":\"2014-01-09T23:00:00+00:00\",\"breadcrumb\":{\"@id\":\"https:\\\/\\\/lightweb.dev\\\/l\\\/svm-temp\\\/artiklar\\\/spada-skott-mitt-i-vintern\\\/#breadcrumb\"},\"inLanguage\":\"sv-SE\",\"potentialAction\":[{\"@type\":\"ReadAction\",\"target\":[\"https:\\\/\\\/lightweb.dev\\\/l\\\/svm-temp\\\/artiklar\\\/spada-skott-mitt-i-vintern\\\/\"]}]},{\"@type\":\"ImageObject\",\"inLanguage\":\"sv-SE\",\"@id\":\"https:\\\/\\\/lightweb.dev\\\/l\\\/svm-temp\\\/artiklar\\\/spada-skott-mitt-i-vintern\\\/#primaryimage\",\"url\":\"https:\\\/\\\/lightweb.dev\\\/l\\\/svm-temp\\\/wp-content\\\/uploads\\\/2022\\\/04\\\/spda-skott-mitt-i-vintern.png\",\"contentUrl\":\"https:\\\/\\\/lightweb.dev\\\/l\\\/svm-temp\\\/wp-content\\\/uploads\\\/2022\\\/04\\\/spda-skott-mitt-i-vintern.png\",\"width\":280,\"height\":351},{\"@type\":\"BreadcrumbList\",\"@id\":\"https:\\\/\\\/lightweb.dev\\\/l\\\/svm-temp\\\/artiklar\\\/spada-skott-mitt-i-vintern\\\/#breadcrumb\",\"itemListElement\":[{\"@type\":\"ListItem\",\"position\":1,\"name\":\"Hem\",\"item\":\"https:\\\/\\\/lightweb.dev\\\/l\\\/svm-temp\\\/\"},{\"@type\":\"ListItem\",\"position\":2,\"name\":\"Sp\u00e4da skott mitt i vintern\"}]},{\"@type\":\"WebSite\",\"@id\":\"https:\\\/\\\/lightweb.dev\\\/l\\\/svm-temp\\\/#website\",\"url\":\"https:\\\/\\\/lightweb.dev\\\/l\\\/svm-temp\\\/\",\"name\":\"Svenska Magasinet\",\"description\":\"Dina Spanska nyheter p&aring; Svenska\",\"publisher\":{\"@id\":\"https:\\\/\\\/lightweb.dev\\\/l\\\/svm-temp\\\/#organization\"},\"potentialAction\":[{\"@type\":\"SearchAction\",\"target\":{\"@type\":\"EntryPoint\",\"urlTemplate\":\"https:\\\/\\\/lightweb.dev\\\/l\\\/svm-temp\\\/?s={search_term_string}\"},\"query-input\":{\"@type\":\"PropertyValueSpecification\",\"valueRequired\":true,\"valueName\":\"search_term_string\"}}],\"inLanguage\":\"sv-SE\"},{\"@type\":\"Organization\",\"@id\":\"https:\\\/\\\/lightweb.dev\\\/l\\\/svm-temp\\\/#organization\",\"name\":\"Melkerson y Nott SL\",\"alternateName\":\"Svenska Magasinet\",\"url\":\"https:\\\/\\\/lightweb.dev\\\/l\\\/svm-temp\\\/\",\"logo\":{\"@type\":\"ImageObject\",\"inLanguage\":\"sv-SE\",\"@id\":\"https:\\\/\\\/lightweb.dev\\\/l\\\/svm-temp\\\/#\\\/schema\\\/logo\\\/image\\\/\",\"url\":\"https:\\\/\\\/lightweb.dev\\\/l\\\/svm-temp\\\/wp-content\\\/uploads\\\/2025\\\/02\\\/SvM-logo-Xtra-Centrerad-SVART.png\",\"contentUrl\":\"https:\\\/\\\/lightweb.dev\\\/l\\\/svm-temp\\\/wp-content\\\/uploads\\\/2025\\\/02\\\/SvM-logo-Xtra-Centrerad-SVART.png\",\"width\":300,\"height\":99,\"caption\":\"Melkerson y Nott SL\"},\"image\":{\"@id\":\"https:\\\/\\\/lightweb.dev\\\/l\\\/svm-temp\\\/#\\\/schema\\\/logo\\\/image\\\/\"},\"sameAs\":[\"https:\\\/\\\/www.facebook.com\\\/svenskamagasinet\",\"https:\\\/\\\/x.com\\\/SvenskaMagasine\"]},{\"@type\":\"Person\",\"@id\":\"https:\\\/\\\/lightweb.dev\\\/l\\\/svm-temp\\\/#\\\/schema\\\/person\\\/206a3bda5b607b0c25e1749191e4d837\",\"name\":\"Redaktionen SvM\",\"description\":\"Redaktionen\",\"sameAs\":[\"https:\\\/\\\/lightweb.dev\\\/l\\\/svm-temp\"],\"url\":\"https:\\\/\\\/lightweb.dev\\\/l\\\/svm-temp\\\/reporter\\\/redaktionen\\\/\"}]}<\/script>\n<!-- \/ Yoast SEO Premium plugin. -->","yoast_head_json":{"title":"Sp\u00e4da skott mitt i vintern - Svenska Magasinet","robots":{"index":"noindex","follow":"follow","max-snippet":"max-snippet:-1","max-image-preview":"max-image-preview:large","max-video-preview":"max-video-preview:-1"},"og_locale":"sv_SE","og_type":"article","og_title":"Sp\u00e4da skott mitt i vintern","og_description":"Utsikterna f\u00f6r v\u00e4rldsekonomin \u00e4r ljusare \u00e4n p\u00e5 ett bra tag. 2014 ser ut att bli stabilt, men b\u00f6rsen l\u00e4r oroa sig f\u00f6r stigande inflation, och h\u00f6gre r\u00e4ntor. Av Jesper Hertz, Chief Representative Nordea Bank S.A. I USA kommer st\u00e4mningen p\u00e5 b\u00f6rsen i h\u00f6g grad att styras av Federal Reserves f\u00f6rv\u00e4ntade neddragningar av bankens st\u00f6dk\u00f6p av [&hellip;]","og_url":"https:\/\/lightweb.dev\/l\/svm-temp\/artiklar\/spada-skott-mitt-i-vintern\/","og_site_name":"Svenska Magasinet","article_publisher":"https:\/\/www.facebook.com\/svenskamagasinet","article_published_time":"2014-01-09T23:00:00+00:00","og_image":[{"width":280,"height":351,"url":"https:\/\/lightweb.dev\/l\/svm-temp\/wp-content\/uploads\/2022\/04\/spda-skott-mitt-i-vintern.png","type":"image\/png"}],"author":"Redaktionen SvM","twitter_card":"summary_large_image","twitter_creator":"@SvenskaMagasine","twitter_site":"@SvenskaMagasine","schema":{"@context":"https:\/\/schema.org","@graph":[{"@type":"Article","@id":"https:\/\/lightweb.dev\/l\/svm-temp\/artiklar\/spada-skott-mitt-i-vintern\/#article","isPartOf":{"@id":"https:\/\/lightweb.dev\/l\/svm-temp\/artiklar\/spada-skott-mitt-i-vintern\/"},"author":{"name":"Redaktionen SvM","@id":"https:\/\/lightweb.dev\/l\/svm-temp\/#\/schema\/person\/206a3bda5b607b0c25e1749191e4d837"},"headline":"Sp\u00e4da skott mitt i vintern","datePublished":"2014-01-09T23:00:00+00:00","mainEntityOfPage":{"@id":"https:\/\/lightweb.dev\/l\/svm-temp\/artiklar\/spada-skott-mitt-i-vintern\/"},"wordCount":560,"commentCount":0,"publisher":{"@id":"https:\/\/lightweb.dev\/l\/svm-temp\/#organization"},"image":{"@id":"https:\/\/lightweb.dev\/l\/svm-temp\/artiklar\/spada-skott-mitt-i-vintern\/#primaryimage"},"thumbnailUrl":"https:\/\/lightweb.dev\/l\/svm-temp\/wp-content\/uploads\/2022\/04\/spda-skott-mitt-i-vintern.png","articleSection":["Artiklar","N\u00e4ringsliv"],"inLanguage":"sv-SE"},{"@type":"WebPage","@id":"https:\/\/lightweb.dev\/l\/svm-temp\/artiklar\/spada-skott-mitt-i-vintern\/","url":"https:\/\/lightweb.dev\/l\/svm-temp\/artiklar\/spada-skott-mitt-i-vintern\/","name":"Sp\u00e4da skott mitt i vintern - Svenska Magasinet","isPartOf":{"@id":"https:\/\/lightweb.dev\/l\/svm-temp\/#website"},"primaryImageOfPage":{"@id":"https:\/\/lightweb.dev\/l\/svm-temp\/artiklar\/spada-skott-mitt-i-vintern\/#primaryimage"},"image":{"@id":"https:\/\/lightweb.dev\/l\/svm-temp\/artiklar\/spada-skott-mitt-i-vintern\/#primaryimage"},"thumbnailUrl":"https:\/\/lightweb.dev\/l\/svm-temp\/wp-content\/uploads\/2022\/04\/spda-skott-mitt-i-vintern.png","datePublished":"2014-01-09T23:00:00+00:00","breadcrumb":{"@id":"https:\/\/lightweb.dev\/l\/svm-temp\/artiklar\/spada-skott-mitt-i-vintern\/#breadcrumb"},"inLanguage":"sv-SE","potentialAction":[{"@type":"ReadAction","target":["https:\/\/lightweb.dev\/l\/svm-temp\/artiklar\/spada-skott-mitt-i-vintern\/"]}]},{"@type":"ImageObject","inLanguage":"sv-SE","@id":"https:\/\/lightweb.dev\/l\/svm-temp\/artiklar\/spada-skott-mitt-i-vintern\/#primaryimage","url":"https:\/\/lightweb.dev\/l\/svm-temp\/wp-content\/uploads\/2022\/04\/spda-skott-mitt-i-vintern.png","contentUrl":"https:\/\/lightweb.dev\/l\/svm-temp\/wp-content\/uploads\/2022\/04\/spda-skott-mitt-i-vintern.png","width":280,"height":351},{"@type":"BreadcrumbList","@id":"https:\/\/lightweb.dev\/l\/svm-temp\/artiklar\/spada-skott-mitt-i-vintern\/#breadcrumb","itemListElement":[{"@type":"ListItem","position":1,"name":"Hem","item":"https:\/\/lightweb.dev\/l\/svm-temp\/"},{"@type":"ListItem","position":2,"name":"Sp\u00e4da skott mitt i vintern"}]},{"@type":"WebSite","@id":"https:\/\/lightweb.dev\/l\/svm-temp\/#website","url":"https:\/\/lightweb.dev\/l\/svm-temp\/","name":"Svenska Magasinet","description":"Dina Spanska nyheter p&aring; Svenska","publisher":{"@id":"https:\/\/lightweb.dev\/l\/svm-temp\/#organization"},"potentialAction":[{"@type":"SearchAction","target":{"@type":"EntryPoint","urlTemplate":"https:\/\/lightweb.dev\/l\/svm-temp\/?s={search_term_string}"},"query-input":{"@type":"PropertyValueSpecification","valueRequired":true,"valueName":"search_term_string"}}],"inLanguage":"sv-SE"},{"@type":"Organization","@id":"https:\/\/lightweb.dev\/l\/svm-temp\/#organization","name":"Melkerson y Nott SL","alternateName":"Svenska Magasinet","url":"https:\/\/lightweb.dev\/l\/svm-temp\/","logo":{"@type":"ImageObject","inLanguage":"sv-SE","@id":"https:\/\/lightweb.dev\/l\/svm-temp\/#\/schema\/logo\/image\/","url":"https:\/\/lightweb.dev\/l\/svm-temp\/wp-content\/uploads\/2025\/02\/SvM-logo-Xtra-Centrerad-SVART.png","contentUrl":"https:\/\/lightweb.dev\/l\/svm-temp\/wp-content\/uploads\/2025\/02\/SvM-logo-Xtra-Centrerad-SVART.png","width":300,"height":99,"caption":"Melkerson y Nott SL"},"image":{"@id":"https:\/\/lightweb.dev\/l\/svm-temp\/#\/schema\/logo\/image\/"},"sameAs":["https:\/\/www.facebook.com\/svenskamagasinet","https:\/\/x.com\/SvenskaMagasine"]},{"@type":"Person","@id":"https:\/\/lightweb.dev\/l\/svm-temp\/#\/schema\/person\/206a3bda5b607b0c25e1749191e4d837","name":"Redaktionen SvM","description":"Redaktionen","sameAs":["https:\/\/lightweb.dev\/l\/svm-temp"],"url":"https:\/\/lightweb.dev\/l\/svm-temp\/reporter\/redaktionen\/"}]}},"_links":{"self":[{"href":"https:\/\/lightweb.dev\/l\/svm-temp\/wp-json\/wp\/v2\/posts\/4719","targetHints":{"allow":["GET"]}}],"collection":[{"href":"https:\/\/lightweb.dev\/l\/svm-temp\/wp-json\/wp\/v2\/posts"}],"about":[{"href":"https:\/\/lightweb.dev\/l\/svm-temp\/wp-json\/wp\/v2\/types\/post"}],"author":[{"embeddable":true,"href":"https:\/\/lightweb.dev\/l\/svm-temp\/wp-json\/wp\/v2\/users\/8"}],"replies":[{"embeddable":true,"href":"https:\/\/lightweb.dev\/l\/svm-temp\/wp-json\/wp\/v2\/comments?post=4719"}],"version-history":[{"count":0,"href":"https:\/\/lightweb.dev\/l\/svm-temp\/wp-json\/wp\/v2\/posts\/4719\/revisions"}],"wp:featuredmedia":[{"embeddable":true,"href":"https:\/\/lightweb.dev\/l\/svm-temp\/wp-json\/wp\/v2\/media\/4720"}],"wp:attachment":[{"href":"https:\/\/lightweb.dev\/l\/svm-temp\/wp-json\/wp\/v2\/media?parent=4719"}],"wp:term":[{"taxonomy":"category","embeddable":true,"href":"https:\/\/lightweb.dev\/l\/svm-temp\/wp-json\/wp\/v2\/categories?post=4719"},{"taxonomy":"post_tag","embeddable":true,"href":"https:\/\/lightweb.dev\/l\/svm-temp\/wp-json\/wp\/v2\/tags?post=4719"}],"curies":[{"name":"wp","href":"https:\/\/api.w.org\/{rel}","templated":true}]}}