{"id":4723,"date":"2014-01-10T00:00:00","date_gmt":"2014-01-09T23:00:00","guid":{"rendered":"https:\/\/lightweb.dev\/l\/svm-temp\/det-stormar-i-andalusiska-golfforbundet\/"},"modified":"2014-01-10T00:00:00","modified_gmt":"2014-01-09T23:00:00","slug":"det-stormar-i-andalusiska-golfforbundet","status":"publish","type":"post","link":"https:\/\/lightweb.dev\/l\/svm-temp\/artiklar\/det-stormar-i-andalusiska-golfforbundet\/","title":{"rendered":"Det stormar i andalusiska golff\u00f6rbundet"},"content":{"rendered":"<p> Fusk, oegentligheter, f\u00f6rfalskade r\u00f6ster, polisingripande och politiska manipulationer har f\u00f6rekommit vid de tre valen till det andalusiska golff\u00f6rbundet under h\u00f6sten. Det visar en rapport \u00f6ver valen som Svenska Magasinet har kommit \u00f6ver. Av Ola Josefsson<\/p>\n<p>\u00c1ngel de la Riva, 72, har varit ordf\u00f6rande i det andalusiska golff\u00f6rbundet sedan 1968 med undantag f\u00f6r en period p\u00e5 \u00e5tta \u00e5r, 1988 till 1996. P\u00e5 f\u00f6rbundets l\u00f6nelista finns tre anh\u00f6riga till de la Riva.<br \/>\nI samband med valen har de la Riva blivit ifr\u00e5gasatt av den disciplinn\u00e4mnd som handhar sportfr\u00e5gor vid regionalregeringen. Han anklagas fr\u00e5n flera h\u00e5ll f\u00f6r att manipulera valresultat f\u00f6r att beh\u00e5lla makten i golff\u00f6rbundet.<\/p>\n<p>De la Riva har utmanats av Pablo Heredia som st\u00f6ds av Eugenio Reviriego som \u00e4r direkt\u00f6r vid Sotogrande sedan 14 \u00e5r tillbaka. Eugenio Reviriego beskrivs som mycket kompetent. F\u00f6rutom Sotogrande har han varit klubbmanager p\u00e5 Victoria-banan i Vilamora i Portugal. Han har jobbat fem \u00e5r i USA. Reviriego beskriver situationen p\u00e5 sin alltid v\u00e4ll\u00e4sta blogg \u2013 och han spar inte p\u00e5 krutet.<br \/>\nHan anklagar de la Riva f\u00f6r att driva det andalusiska golff\u00f6rbundet som \u201dsin egen verksamhet utan insyn\u201d med ett representationskonto p\u00e5 40.000 euro om \u00e5ret.<\/p>\n<p>Till tidningen El Confidencial f\u00f6rsvarar sig de la Riva med att han har \u201den logisk representation som g\u00e5r till resor, hotell och v\u00e4nner som vill prata med honom\u201d. De la Riva till\u00e4gger att han t\u00e4nker sitta kvar till 2016.<\/p>\n<p>Vid valen till det andalusiska golff\u00f6rbundet har de la Riva-l\u00e4gret, d\u00e4r b\u00e5de Ignacio del Cuvillo och Luis Mansilla fr\u00e5n Guadalmina kandiderar, f\u00f6rs\u00f6kte f\u00e5 800 r\u00f6ster godk\u00e4nda. M\u00e5nga av dessa visste inte att de hade r\u00f6stat visar en rapport.<br \/>\nDessutom uppt\u00e4cktes f\u00f6rfalskade r\u00f6ster fr\u00e5n ett 60-tal ovetande medlemmar vid Guadalmina. 43 av dessa f\u00f6rfalskade r\u00f6ster har skickats \u00f6ver fr\u00e5n Junta de Andalucia till domstol i M\u00e1laga f\u00f6r utredning och domstolspr\u00f6vning.<\/p>\n<p>Trots att Reviriego\/Heredia-listan vann med 540 r\u00f6ster, s\u00e5 ogiltigf\u00f6rklarades valet p\u00e5 mycket m\u00e4rkliga grunder av Junta de Andalucia (CADD). Detta beslut har \u00f6verklagats och beslut i fr\u00e5gan v\u00e4ntas.<br \/>\nJunta de Andalucia beslutade trots detta att genomf\u00f6ra ett tredje f\u00f6rs\u00f6k med nya valregler, d\u00e4r man kunde postr\u00f6sta via intyg fr\u00e5n en notarie. \u00c4ven denna g\u00e5ng har Reviriego\/Heredia f\u00e5tt flest r\u00f6ster, nu med en \u00f6vervikt p\u00e5 350 r\u00f6ster (totalt: 2300 r\u00f6ster).<\/p>\n<p>Dock har de la Riva-folket lyckats, \u00e4n s\u00e5 l\u00e4nge, f\u00e5 420 r\u00f6ster f\u00f6r Reviriego\/Heredia underk\u00e4nda beroende p\u00e5 vilken text notarien anv\u00e4nt f\u00f6r att intyga namnteckningarna.<br \/>\nDet finns dock fem godk\u00e4nda formuleringar enligt notariernas praxis och det st\u00e5r ingenting om vilken text som ska anv\u00e4ndas i regionalregeringens valregler.<br \/>\n  Valrapporten talar om en politisk manipulation som m\u00e5ste upph\u00e4vas i h\u00f6gre instans. Presidenten i Andalusien, Susana Diaz, l\u00e4r vara informerad om dessa politiska manipulationer. Ovanp\u00e5 detta \u00e4r tv\u00e5 personer p\u00e5 de la Riva listan involverade i fuskvalet p\u00e5 Guadalmina.<br \/>\n\u201dHur l\u00e4nge skall dessa m\u00e4nniskor f\u00e5 h\u00e5lla p\u00e5 utan att n\u00e5gon s\u00e4tter stopp f\u00f6r alla dessa bedr\u00e4gerier? \u00c4r dessa m\u00e4nniskor golfare eller&#8230;.? Tillh\u00f6r Spanien verkligen EU eller&#8230;\u201d, fr\u00e5gar sig flera golfsvenskar.<\/p>\n<p>Valet till andalusiska golff\u00f6rbundet beskrivs som om de vore en bananrepublik. Med valobservat\u00f6rer p\u00e5 plats f\u00f6r att \u00f6vervaka f\u00f6r att allt g\u00e5r r\u00e4tt till. Folk har blivit utsl\u00e4ngda och polis har f\u00e5tt kallas till platsen n\u00e4r folk som ombads l\u00e4mna vallokalen v\u00e4grade.<\/p>\n<p>Andalusiska golff\u00f6rbundet har en pampig byggnad p\u00e5 tre tusen kvadratmeter i \u00f6stra M\u00e1lagas mest fashionabla omr\u00e5de, El Limonar. Den har kostat tv\u00e5 miljoner euro! F\u00f6rbundet har en budget p\u00e5 tre miljoner euro. 200 meter fr\u00e5n golff\u00f6rbundets lokaler bor de la Riva sj\u00e4lv.<br \/>\nVarf\u00f6r byggdes inte f\u00f6rbundets fastighet i anslutning till en golfbana d\u00e4r utbildningar ska h\u00e5llas, fr\u00e5gar sig m\u00e5nga.<\/p>\n<p>Samtidigt som andalusiska golff\u00f6rbundet skakas av skandaler lyser stort\u00e4vlingarna med sin fr\u00e5nvaro. Costa del Sol har mist sin glans som spelplats p\u00e5 Europatouren.<\/p>\n<p>1997 i samband med Ryder Cup fick kustremsan det s\u00e4ljande namnet Costa del Golf. Tidigare om \u00e5ren hade Golfkusten och Sydspanien tre eller fyra stort\u00e4vlingar om \u00e5ret. S\u00e4songen 2014 spelas inte en enda Europatourt\u00e4vling p\u00e5 Solkusten.<\/p>\n","protected":false},"excerpt":{"rendered":"<p>Fusk, oegentligheter, f\u00f6rfalskade r\u00f6ster, polisingripande och politiska manipulationer har f\u00f6rekommit vid de tre valen till det andalusiska golff\u00f6rbundet under h\u00f6sten. Det visar en rapport \u00f6ver valen som Svenska Magasinet har kommit \u00f6ver. Av Ola Josefsson \u00c1ngel de la Riva, 72, har varit ordf\u00f6rande i det andalusiska golff\u00f6rbundet sedan 1968 med undantag f\u00f6r en period p\u00e5 [&hellip;]<\/p>\n","protected":false},"author":8,"featured_media":4724,"comment_status":"open","ping_status":"open","sticky":false,"template":"","format":"standard","meta":{"_et_pb_use_builder":"","_et_pb_old_content":"","_et_gb_content_width":"","footnotes":""},"categories":[4,400],"tags":[],"class_list":["post-4723","post","type-post","status-publish","format-standard","has-post-thumbnail","hentry","category-artiklar","category-sport-artiklar"],"yoast_head":"<!-- This site is optimized with the Yoast SEO Premium plugin v26.2 (Yoast SEO v28.2) - https:\/\/yoast.com\/product\/yoast-seo-premium-wordpress\/ -->\n<title>Det stormar i andalusiska golff\u00f6rbundet - Svenska Magasinet<\/title>\n<meta name=\"robots\" content=\"noindex, follow, max-snippet:-1, max-image-preview:large, max-video-preview:-1\" \/>\n<meta property=\"og:locale\" content=\"sv_SE\" \/>\n<meta property=\"og:type\" content=\"article\" \/>\n<meta property=\"og:title\" content=\"Det stormar i andalusiska golff\u00f6rbundet\" \/>\n<meta property=\"og:description\" content=\"Fusk, oegentligheter, f\u00f6rfalskade r\u00f6ster, polisingripande och politiska manipulationer har f\u00f6rekommit vid de tre valen till det andalusiska golff\u00f6rbundet under h\u00f6sten. Det visar en rapport \u00f6ver valen som Svenska Magasinet har kommit \u00f6ver. Av Ola Josefsson \u00c1ngel de la Riva, 72, har varit ordf\u00f6rande i det andalusiska golff\u00f6rbundet sedan 1968 med undantag f\u00f6r en period p\u00e5 [&hellip;]\" \/>\n<meta property=\"og:url\" content=\"https:\/\/lightweb.dev\/l\/svm-temp\/artiklar\/det-stormar-i-andalusiska-golfforbundet\/\" \/>\n<meta property=\"og:site_name\" content=\"Svenska Magasinet\" \/>\n<meta property=\"article:publisher\" content=\"https:\/\/www.facebook.com\/svenskamagasinet\" \/>\n<meta property=\"article:published_time\" content=\"2014-01-09T23:00:00+00:00\" \/>\n<meta property=\"og:image\" content=\"https:\/\/lightweb.dev\/l\/svm-temp\/wp-content\/uploads\/2022\/04\/det-stormar-i-andalusiska-golffrbundet.png\" \/>\n\t<meta property=\"og:image:width\" content=\"280\" \/>\n\t<meta property=\"og:image:height\" content=\"272\" \/>\n\t<meta property=\"og:image:type\" content=\"image\/png\" \/>\n<meta name=\"author\" content=\"Redaktionen SvM\" \/>\n<meta name=\"twitter:card\" content=\"summary_large_image\" \/>\n<meta name=\"twitter:creator\" content=\"@SvenskaMagasine\" \/>\n<meta name=\"twitter:site\" content=\"@SvenskaMagasine\" \/>\n<script type=\"application\/ld+json\" class=\"yoast-schema-graph\">{\"@context\":\"https:\\\/\\\/schema.org\",\"@graph\":[{\"@type\":\"Article\",\"@id\":\"https:\\\/\\\/lightweb.dev\\\/l\\\/svm-temp\\\/artiklar\\\/det-stormar-i-andalusiska-golfforbundet\\\/#article\",\"isPartOf\":{\"@id\":\"https:\\\/\\\/lightweb.dev\\\/l\\\/svm-temp\\\/artiklar\\\/det-stormar-i-andalusiska-golfforbundet\\\/\"},\"author\":{\"name\":\"Redaktionen SvM\",\"@id\":\"https:\\\/\\\/lightweb.dev\\\/l\\\/svm-temp\\\/#\\\/schema\\\/person\\\/206a3bda5b607b0c25e1749191e4d837\"},\"headline\":\"Det stormar i andalusiska golff\u00f6rbundet\",\"datePublished\":\"2014-01-09T23:00:00+00:00\",\"mainEntityOfPage\":{\"@id\":\"https:\\\/\\\/lightweb.dev\\\/l\\\/svm-temp\\\/artiklar\\\/det-stormar-i-andalusiska-golfforbundet\\\/\"},\"wordCount\":759,\"commentCount\":0,\"publisher\":{\"@id\":\"https:\\\/\\\/lightweb.dev\\\/l\\\/svm-temp\\\/#organization\"},\"image\":{\"@id\":\"https:\\\/\\\/lightweb.dev\\\/l\\\/svm-temp\\\/artiklar\\\/det-stormar-i-andalusiska-golfforbundet\\\/#primaryimage\"},\"thumbnailUrl\":\"https:\\\/\\\/lightweb.dev\\\/l\\\/svm-temp\\\/wp-content\\\/uploads\\\/2022\\\/04\\\/det-stormar-i-andalusiska-golffrbundet.png\",\"articleSection\":[\"Artiklar\",\"Sport\"],\"inLanguage\":\"sv-SE\"},{\"@type\":\"WebPage\",\"@id\":\"https:\\\/\\\/lightweb.dev\\\/l\\\/svm-temp\\\/artiklar\\\/det-stormar-i-andalusiska-golfforbundet\\\/\",\"url\":\"https:\\\/\\\/lightweb.dev\\\/l\\\/svm-temp\\\/artiklar\\\/det-stormar-i-andalusiska-golfforbundet\\\/\",\"name\":\"Det stormar i andalusiska golff\u00f6rbundet - Svenska Magasinet\",\"isPartOf\":{\"@id\":\"https:\\\/\\\/lightweb.dev\\\/l\\\/svm-temp\\\/#website\"},\"primaryImageOfPage\":{\"@id\":\"https:\\\/\\\/lightweb.dev\\\/l\\\/svm-temp\\\/artiklar\\\/det-stormar-i-andalusiska-golfforbundet\\\/#primaryimage\"},\"image\":{\"@id\":\"https:\\\/\\\/lightweb.dev\\\/l\\\/svm-temp\\\/artiklar\\\/det-stormar-i-andalusiska-golfforbundet\\\/#primaryimage\"},\"thumbnailUrl\":\"https:\\\/\\\/lightweb.dev\\\/l\\\/svm-temp\\\/wp-content\\\/uploads\\\/2022\\\/04\\\/det-stormar-i-andalusiska-golffrbundet.png\",\"datePublished\":\"2014-01-09T23:00:00+00:00\",\"breadcrumb\":{\"@id\":\"https:\\\/\\\/lightweb.dev\\\/l\\\/svm-temp\\\/artiklar\\\/det-stormar-i-andalusiska-golfforbundet\\\/#breadcrumb\"},\"inLanguage\":\"sv-SE\",\"potentialAction\":[{\"@type\":\"ReadAction\",\"target\":[\"https:\\\/\\\/lightweb.dev\\\/l\\\/svm-temp\\\/artiklar\\\/det-stormar-i-andalusiska-golfforbundet\\\/\"]}]},{\"@type\":\"ImageObject\",\"inLanguage\":\"sv-SE\",\"@id\":\"https:\\\/\\\/lightweb.dev\\\/l\\\/svm-temp\\\/artiklar\\\/det-stormar-i-andalusiska-golfforbundet\\\/#primaryimage\",\"url\":\"https:\\\/\\\/lightweb.dev\\\/l\\\/svm-temp\\\/wp-content\\\/uploads\\\/2022\\\/04\\\/det-stormar-i-andalusiska-golffrbundet.png\",\"contentUrl\":\"https:\\\/\\\/lightweb.dev\\\/l\\\/svm-temp\\\/wp-content\\\/uploads\\\/2022\\\/04\\\/det-stormar-i-andalusiska-golffrbundet.png\",\"width\":280,\"height\":272},{\"@type\":\"BreadcrumbList\",\"@id\":\"https:\\\/\\\/lightweb.dev\\\/l\\\/svm-temp\\\/artiklar\\\/det-stormar-i-andalusiska-golfforbundet\\\/#breadcrumb\",\"itemListElement\":[{\"@type\":\"ListItem\",\"position\":1,\"name\":\"Hem\",\"item\":\"https:\\\/\\\/lightweb.dev\\\/l\\\/svm-temp\\\/\"},{\"@type\":\"ListItem\",\"position\":2,\"name\":\"Det stormar i andalusiska golff\u00f6rbundet\"}]},{\"@type\":\"WebSite\",\"@id\":\"https:\\\/\\\/lightweb.dev\\\/l\\\/svm-temp\\\/#website\",\"url\":\"https:\\\/\\\/lightweb.dev\\\/l\\\/svm-temp\\\/\",\"name\":\"Svenska Magasinet\",\"description\":\"Dina Spanska nyheter p&aring; Svenska\",\"publisher\":{\"@id\":\"https:\\\/\\\/lightweb.dev\\\/l\\\/svm-temp\\\/#organization\"},\"potentialAction\":[{\"@type\":\"SearchAction\",\"target\":{\"@type\":\"EntryPoint\",\"urlTemplate\":\"https:\\\/\\\/lightweb.dev\\\/l\\\/svm-temp\\\/?s={search_term_string}\"},\"query-input\":{\"@type\":\"PropertyValueSpecification\",\"valueRequired\":true,\"valueName\":\"search_term_string\"}}],\"inLanguage\":\"sv-SE\"},{\"@type\":\"Organization\",\"@id\":\"https:\\\/\\\/lightweb.dev\\\/l\\\/svm-temp\\\/#organization\",\"name\":\"Melkerson y Nott SL\",\"alternateName\":\"Svenska Magasinet\",\"url\":\"https:\\\/\\\/lightweb.dev\\\/l\\\/svm-temp\\\/\",\"logo\":{\"@type\":\"ImageObject\",\"inLanguage\":\"sv-SE\",\"@id\":\"https:\\\/\\\/lightweb.dev\\\/l\\\/svm-temp\\\/#\\\/schema\\\/logo\\\/image\\\/\",\"url\":\"https:\\\/\\\/lightweb.dev\\\/l\\\/svm-temp\\\/wp-content\\\/uploads\\\/2025\\\/02\\\/SvM-logo-Xtra-Centrerad-SVART.png\",\"contentUrl\":\"https:\\\/\\\/lightweb.dev\\\/l\\\/svm-temp\\\/wp-content\\\/uploads\\\/2025\\\/02\\\/SvM-logo-Xtra-Centrerad-SVART.png\",\"width\":300,\"height\":99,\"caption\":\"Melkerson y Nott SL\"},\"image\":{\"@id\":\"https:\\\/\\\/lightweb.dev\\\/l\\\/svm-temp\\\/#\\\/schema\\\/logo\\\/image\\\/\"},\"sameAs\":[\"https:\\\/\\\/www.facebook.com\\\/svenskamagasinet\",\"https:\\\/\\\/x.com\\\/SvenskaMagasine\"]},{\"@type\":\"Person\",\"@id\":\"https:\\\/\\\/lightweb.dev\\\/l\\\/svm-temp\\\/#\\\/schema\\\/person\\\/206a3bda5b607b0c25e1749191e4d837\",\"name\":\"Redaktionen SvM\",\"description\":\"Redaktionen\",\"sameAs\":[\"https:\\\/\\\/lightweb.dev\\\/l\\\/svm-temp\"],\"url\":\"https:\\\/\\\/lightweb.dev\\\/l\\\/svm-temp\\\/reporter\\\/redaktionen\\\/\"}]}<\/script>\n<!-- \/ Yoast SEO Premium plugin. -->","yoast_head_json":{"title":"Det stormar i andalusiska golff\u00f6rbundet - Svenska Magasinet","robots":{"index":"noindex","follow":"follow","max-snippet":"max-snippet:-1","max-image-preview":"max-image-preview:large","max-video-preview":"max-video-preview:-1"},"og_locale":"sv_SE","og_type":"article","og_title":"Det stormar i andalusiska golff\u00f6rbundet","og_description":"Fusk, oegentligheter, f\u00f6rfalskade r\u00f6ster, polisingripande och politiska manipulationer har f\u00f6rekommit vid de tre valen till det andalusiska golff\u00f6rbundet under h\u00f6sten. Det visar en rapport \u00f6ver valen som Svenska Magasinet har kommit \u00f6ver. Av Ola Josefsson \u00c1ngel de la Riva, 72, har varit ordf\u00f6rande i det andalusiska golff\u00f6rbundet sedan 1968 med undantag f\u00f6r en period p\u00e5 [&hellip;]","og_url":"https:\/\/lightweb.dev\/l\/svm-temp\/artiklar\/det-stormar-i-andalusiska-golfforbundet\/","og_site_name":"Svenska Magasinet","article_publisher":"https:\/\/www.facebook.com\/svenskamagasinet","article_published_time":"2014-01-09T23:00:00+00:00","og_image":[{"width":280,"height":272,"url":"https:\/\/lightweb.dev\/l\/svm-temp\/wp-content\/uploads\/2022\/04\/det-stormar-i-andalusiska-golffrbundet.png","type":"image\/png"}],"author":"Redaktionen SvM","twitter_card":"summary_large_image","twitter_creator":"@SvenskaMagasine","twitter_site":"@SvenskaMagasine","schema":{"@context":"https:\/\/schema.org","@graph":[{"@type":"Article","@id":"https:\/\/lightweb.dev\/l\/svm-temp\/artiklar\/det-stormar-i-andalusiska-golfforbundet\/#article","isPartOf":{"@id":"https:\/\/lightweb.dev\/l\/svm-temp\/artiklar\/det-stormar-i-andalusiska-golfforbundet\/"},"author":{"name":"Redaktionen SvM","@id":"https:\/\/lightweb.dev\/l\/svm-temp\/#\/schema\/person\/206a3bda5b607b0c25e1749191e4d837"},"headline":"Det stormar i andalusiska golff\u00f6rbundet","datePublished":"2014-01-09T23:00:00+00:00","mainEntityOfPage":{"@id":"https:\/\/lightweb.dev\/l\/svm-temp\/artiklar\/det-stormar-i-andalusiska-golfforbundet\/"},"wordCount":759,"commentCount":0,"publisher":{"@id":"https:\/\/lightweb.dev\/l\/svm-temp\/#organization"},"image":{"@id":"https:\/\/lightweb.dev\/l\/svm-temp\/artiklar\/det-stormar-i-andalusiska-golfforbundet\/#primaryimage"},"thumbnailUrl":"https:\/\/lightweb.dev\/l\/svm-temp\/wp-content\/uploads\/2022\/04\/det-stormar-i-andalusiska-golffrbundet.png","articleSection":["Artiklar","Sport"],"inLanguage":"sv-SE"},{"@type":"WebPage","@id":"https:\/\/lightweb.dev\/l\/svm-temp\/artiklar\/det-stormar-i-andalusiska-golfforbundet\/","url":"https:\/\/lightweb.dev\/l\/svm-temp\/artiklar\/det-stormar-i-andalusiska-golfforbundet\/","name":"Det stormar i andalusiska golff\u00f6rbundet - Svenska Magasinet","isPartOf":{"@id":"https:\/\/lightweb.dev\/l\/svm-temp\/#website"},"primaryImageOfPage":{"@id":"https:\/\/lightweb.dev\/l\/svm-temp\/artiklar\/det-stormar-i-andalusiska-golfforbundet\/#primaryimage"},"image":{"@id":"https:\/\/lightweb.dev\/l\/svm-temp\/artiklar\/det-stormar-i-andalusiska-golfforbundet\/#primaryimage"},"thumbnailUrl":"https:\/\/lightweb.dev\/l\/svm-temp\/wp-content\/uploads\/2022\/04\/det-stormar-i-andalusiska-golffrbundet.png","datePublished":"2014-01-09T23:00:00+00:00","breadcrumb":{"@id":"https:\/\/lightweb.dev\/l\/svm-temp\/artiklar\/det-stormar-i-andalusiska-golfforbundet\/#breadcrumb"},"inLanguage":"sv-SE","potentialAction":[{"@type":"ReadAction","target":["https:\/\/lightweb.dev\/l\/svm-temp\/artiklar\/det-stormar-i-andalusiska-golfforbundet\/"]}]},{"@type":"ImageObject","inLanguage":"sv-SE","@id":"https:\/\/lightweb.dev\/l\/svm-temp\/artiklar\/det-stormar-i-andalusiska-golfforbundet\/#primaryimage","url":"https:\/\/lightweb.dev\/l\/svm-temp\/wp-content\/uploads\/2022\/04\/det-stormar-i-andalusiska-golffrbundet.png","contentUrl":"https:\/\/lightweb.dev\/l\/svm-temp\/wp-content\/uploads\/2022\/04\/det-stormar-i-andalusiska-golffrbundet.png","width":280,"height":272},{"@type":"BreadcrumbList","@id":"https:\/\/lightweb.dev\/l\/svm-temp\/artiklar\/det-stormar-i-andalusiska-golfforbundet\/#breadcrumb","itemListElement":[{"@type":"ListItem","position":1,"name":"Hem","item":"https:\/\/lightweb.dev\/l\/svm-temp\/"},{"@type":"ListItem","position":2,"name":"Det stormar i andalusiska golff\u00f6rbundet"}]},{"@type":"WebSite","@id":"https:\/\/lightweb.dev\/l\/svm-temp\/#website","url":"https:\/\/lightweb.dev\/l\/svm-temp\/","name":"Svenska Magasinet","description":"Dina Spanska nyheter p&aring; Svenska","publisher":{"@id":"https:\/\/lightweb.dev\/l\/svm-temp\/#organization"},"potentialAction":[{"@type":"SearchAction","target":{"@type":"EntryPoint","urlTemplate":"https:\/\/lightweb.dev\/l\/svm-temp\/?s={search_term_string}"},"query-input":{"@type":"PropertyValueSpecification","valueRequired":true,"valueName":"search_term_string"}}],"inLanguage":"sv-SE"},{"@type":"Organization","@id":"https:\/\/lightweb.dev\/l\/svm-temp\/#organization","name":"Melkerson y Nott SL","alternateName":"Svenska Magasinet","url":"https:\/\/lightweb.dev\/l\/svm-temp\/","logo":{"@type":"ImageObject","inLanguage":"sv-SE","@id":"https:\/\/lightweb.dev\/l\/svm-temp\/#\/schema\/logo\/image\/","url":"https:\/\/lightweb.dev\/l\/svm-temp\/wp-content\/uploads\/2025\/02\/SvM-logo-Xtra-Centrerad-SVART.png","contentUrl":"https:\/\/lightweb.dev\/l\/svm-temp\/wp-content\/uploads\/2025\/02\/SvM-logo-Xtra-Centrerad-SVART.png","width":300,"height":99,"caption":"Melkerson y Nott SL"},"image":{"@id":"https:\/\/lightweb.dev\/l\/svm-temp\/#\/schema\/logo\/image\/"},"sameAs":["https:\/\/www.facebook.com\/svenskamagasinet","https:\/\/x.com\/SvenskaMagasine"]},{"@type":"Person","@id":"https:\/\/lightweb.dev\/l\/svm-temp\/#\/schema\/person\/206a3bda5b607b0c25e1749191e4d837","name":"Redaktionen SvM","description":"Redaktionen","sameAs":["https:\/\/lightweb.dev\/l\/svm-temp"],"url":"https:\/\/lightweb.dev\/l\/svm-temp\/reporter\/redaktionen\/"}]}},"_links":{"self":[{"href":"https:\/\/lightweb.dev\/l\/svm-temp\/wp-json\/wp\/v2\/posts\/4723","targetHints":{"allow":["GET"]}}],"collection":[{"href":"https:\/\/lightweb.dev\/l\/svm-temp\/wp-json\/wp\/v2\/posts"}],"about":[{"href":"https:\/\/lightweb.dev\/l\/svm-temp\/wp-json\/wp\/v2\/types\/post"}],"author":[{"embeddable":true,"href":"https:\/\/lightweb.dev\/l\/svm-temp\/wp-json\/wp\/v2\/users\/8"}],"replies":[{"embeddable":true,"href":"https:\/\/lightweb.dev\/l\/svm-temp\/wp-json\/wp\/v2\/comments?post=4723"}],"version-history":[{"count":0,"href":"https:\/\/lightweb.dev\/l\/svm-temp\/wp-json\/wp\/v2\/posts\/4723\/revisions"}],"wp:featuredmedia":[{"embeddable":true,"href":"https:\/\/lightweb.dev\/l\/svm-temp\/wp-json\/wp\/v2\/media\/4724"}],"wp:attachment":[{"href":"https:\/\/lightweb.dev\/l\/svm-temp\/wp-json\/wp\/v2\/media?parent=4723"}],"wp:term":[{"taxonomy":"category","embeddable":true,"href":"https:\/\/lightweb.dev\/l\/svm-temp\/wp-json\/wp\/v2\/categories?post=4723"},{"taxonomy":"post_tag","embeddable":true,"href":"https:\/\/lightweb.dev\/l\/svm-temp\/wp-json\/wp\/v2\/tags?post=4723"}],"curies":[{"name":"wp","href":"https:\/\/api.w.org\/{rel}","templated":true}]}}