{"id":4725,"date":"2014-01-10T00:00:00","date_gmt":"2014-01-09T23:00:00","guid":{"rendered":"https:\/\/lightweb.dev\/l\/svm-temp\/spanien-just-nu-bara-syrien-har-en-mer-vaxande-korruption\/"},"modified":"2014-01-10T00:00:00","modified_gmt":"2014-01-09T23:00:00","slug":"spanien-just-nu-bara-syrien-har-en-mer-vaxande-korruption","status":"publish","type":"post","link":"https:\/\/lightweb.dev\/l\/svm-temp\/artiklar\/spanien-just-nu-bara-syrien-har-en-mer-vaxande-korruption\/","title":{"rendered":"Spanien just nu \u2013 bara Syrien har en mer v\u00e4xande korruption"},"content":{"rendered":"<p> Etik, familjen, enhet och dialog. Fyra v\u00e4rdegrunder som Spaniens kung Juan Carlos talade om vid sitt traditionella jultal till nationen. Den spanske monarken fick ber\u00f6m fr\u00e5n hela den politiska skalan efter att ha talat klarspr\u00e5k. Av Ola Josefsson<\/p>\n<p>Det har varit en jobbig tid f\u00f6r kung Juan Carlos. St\u00e4ndiga h\u00f6ftledsoperationer i kombination med sv\u00e4rsonens bravader i en bedr\u00e4gerih\u00e4rva. Saker som kan sl\u00e5 ned modet \u00e4ven p\u00e5 den b\u00e4ste.<\/p>\n<p>Kung Juan Carlos \u00e4r fortfarande popul\u00e4r bland m\u00e5nga grupper i Spanien efter hans insatser under landets \u00f6verg\u00e5ng till demokrati. Milit\u00e4rkuppf\u00f6rs\u00f6ket i februari 1981 har m\u00e5nga spanjorer \u00e4nnu p\u00e5 n\u00e4thinnan. Inte minst n\u00e4r den spanske monarken ikl\u00e4dd uniform h\u00e5ller sitt minnesv\u00e4rda tv-tal till folket om att h\u00e5lla sig lugna under dessa oroliga timmar i Spanien.<\/p>\n<p>\u00c5terigen prisas kungen f\u00f6r sin insats i samband med det jultal han h\u00f6ll den 24 december. N\u00e4r situationen verkar som mest ogynnsam och komplicerad h\u00e5ller kungen sitt tal och beskriver en komplex verklighet.<br \/>\n\u201dVi blev alla \u00f6verraskade av budskapet p\u00e5 julafton. Kungen visade modernitet och dj\u00e4rvhet l\u00e5ngt fr\u00e5n de klich\u00e9er som \u00e4r s\u00e5 vanliga f\u00f6r tillf\u00e4llet\u201d recenserade ledarskribenten i dagstidning Diario SUR.<\/p>\n<p>Juan Carlos talade om ett exemplariskt samh\u00e4lle, med lika r\u00e4ttvisa f\u00f6r alla och krav p\u00e5 \u00f6ppenhet. Det finns ett stort behov av social f\u00f6r\u00e4ndring och ett engagemang grundat p\u00e5 etik inom alla omr\u00e5den. Utan att n\u00e4mna Katalonien talade kungen om ett enat Spanien som respekterar de konstitutionella lagarna. Kungen talade ocks\u00e5 om ledarskap och inbj\u00f6d de politiska krafterna till dialog f\u00f6r att \u00f6vervinna sina meningsskiljaktigheter f\u00f6r att n\u00e5 fram till en \u00f6verenskommelse som m\u00f6jligg\u00f6r de reformer som beh\u00f6vs f\u00f6r framtiden.<\/p>\n<p>Juan Carlos uppmanade ocks\u00e5 institutioner, entrepren\u00f6rer och investerare att investera i forskning och innovation f\u00f6r att f\u00f6rb\u00e4ttra konkurrenskraften. Sammantaget; kungahuset uppmanade alla att agera f\u00f6r att hitta konstruktiva l\u00f6sningar i samf\u00f6rst\u00e5nd som bygger p\u00e5 den spanska konstitutionen.<\/p>\n<p>Kungen s\u00e4tter press p\u00e5 politikerna. Och det beh\u00f6vs. V\u00e5ra dagars demokrater (l\u00e4s kleptokrater) \u00e4r indragna i den ena korruptionsh\u00e4rvan efter den andra. Kleptokrati st\u00e5r f\u00f6r \u201dst\u00f6ldstyre\u201d antingen det \u00e4r Kleptopartido Popular eller socialkleptokratiska PSOE som styr.<\/p>\n<p>Enligt spanjorerna sj\u00e4lva \u00e4r politikerklassen ett av landets stora problem efter arbetsl\u00f6shet och korruption visar en unders\u00f6kning fr\u00e5n CIS (Centro de Investigaciones Sociol\u00f3gicas). Och en nyligen gjord unders\u00f6kning fr\u00e5n stiftelsen FAD (Fundaci\u00f3n de Ayuda contra la Drogadicci\u00f3n) visar att bara tv\u00e5 procent av de spanska ungdomarna tillh\u00f6r ett politiskt parti \u00e4ven om den ekonomiska krisen har medverkat till ett v\u00e4xande intresse f\u00f6r vad som h\u00e4nder i regeringss\u00e4tet Moncloa, parlamentet och i kommunen. Vid unders\u00f6kningen 2004 var det knappt var fj\u00e4rde, eller 23,3 procent, mellan 15 till 29 \u00e5r som brydde sig vad som h\u00e4nde inom politiken. Den siffran har \u00f6kat med 17 procentenheter under krisen genom att ungdomar och andra har b\u00f6rjat att ifr\u00e5gas\u00e4tta vad politikerna egentligen g\u00f6r.<\/p>\n<p>Nyligen publicerade Transparencia Internacional (TI) som m\u00e4ter korruptionen i v\u00e4rldens l\u00e4nder ett nytt korruptionsindex. H\u00e4r backar Spanien tio platser och hamnar efter Brunei i Sydostasien och Polen som har mindre fall av korruption \u00e4n Spanien.<\/p>\n<p>Rapporten sl\u00e4pptes samtidigt som en ny bedr\u00e4geriskandal som r\u00f6r fackf\u00f6rbundet UGT i Andalusien avsl\u00f6jades och som tvingade fackpampen Francisco Fern\u00e1ndez att avg\u00e5. Faktum \u00e4r att efter det krigsdrabbade och s\u00f6nderslitna landet Syrien \u00f6kar korruptionen mest i Spanien (l\u00e4s meningen en g\u00e5ng till, jag trodde att jag l\u00e4ste fel n\u00e4r jag l\u00e4ste den i TI:s korruptionsindex). Det \u00e4r en skr\u00e4mmande utveckling som borde resultera i drastiska och kraftfulla \u00e5tg\u00e4rder mot detta gissel.<\/p>\n<p>Korruptionsskandalerna som avsl\u00f6jats under det g\u00e5ngna \u00e5ret visar vilka \u201dstrukturella svagheter\u201d som finns i r\u00e4ttssystemet och det g\u00e4ller i synnerhet regler f\u00f6r offentlig upphandling eller vilka normer som styr stadsplanering visar rapporten fr\u00e5n TI. Dessutom r\u00e5der det straff-frihet f\u00f6r dem som f\u00e4lls f\u00f6r korruption fr\u00e4mst p\u00e5 grund av det l\u00e5ngsamma r\u00e4ttsv\u00e4sendet menar f\u00f6rfattarna till TI-rapporten.<\/p>\n<p>Det r\u00e5der misstro och tr\u00f6tthet f\u00f6r politiker bland vanligt folk i Spanien. Spaniens h\u00f6gerregering hade den 22 december suttit vid makten i tv\u00e5 \u00e5r sedan valet 2011. Som resultat av den ekonomiska krisen har Spanien tvingats g\u00f6ra n\u00e5gra av de st\u00f6rsta budgetjusteringar som gjorts sedan demokratin inf\u00f6rdes med kontroversiella reformer p\u00e5 arbetsmarknaden och f\u00f6r pension\u00e4rer.<\/p>\n<p>Kungen talade om behovet av enhet. P\u00e5 ett omr\u00e5de r\u00e5der enhet oavsett om det \u00e4r v\u00e4nster eller h\u00f6ger, ateist eller troende, monarkist eller republikan, katalan eller andalusier, \u00f6verklass eller underklass. Korruptionen f\u00f6renar alla i Spanien. Spanien st\u00e5r enat.<\/p>\n<p>Det vi nu v\u00e4ntar p\u00e5 \u00e4r att regering och opposition s\u00e4tter sig ned och tar krafttag mot korruptionen. Det kan inte bli s\u00e4mre i hela v\u00e4rlden. Bara i Syrien.<\/p>\n<p>\u2026. f\u00f6r \u00f6vrigt anser jag att priserna p\u00e5 betalmotorv\u00e4gen Autopista del la Costa del Sol AP-7 b\u00f6r s\u00e4nkas!<\/p>\n","protected":false},"excerpt":{"rendered":"<p>Etik, familjen, enhet och dialog. Fyra v\u00e4rdegrunder som Spaniens kung Juan Carlos talade om vid sitt traditionella jultal till nationen. Den spanske monarken fick ber\u00f6m fr\u00e5n hela den politiska skalan efter att ha talat klarspr\u00e5k. Av Ola Josefsson Det har varit en jobbig tid f\u00f6r kung Juan Carlos. St\u00e4ndiga h\u00f6ftledsoperationer i kombination med sv\u00e4rsonens bravader [&hellip;]<\/p>\n","protected":false},"author":8,"featured_media":4726,"comment_status":"open","ping_status":"open","sticky":false,"template":"","format":"standard","meta":{"_et_pb_use_builder":"","_et_pb_old_content":"","_et_gb_content_width":"","footnotes":""},"categories":[4,36],"tags":[],"class_list":["post-4725","post","type-post","status-publish","format-standard","has-post-thumbnail","hentry","category-artiklar","category-spanien-just-nu"],"yoast_head":"<!-- This site is optimized with the Yoast SEO Premium plugin v26.2 (Yoast SEO v28.2) - https:\/\/yoast.com\/product\/yoast-seo-premium-wordpress\/ -->\n<title>Spanien just nu \u2013 bara Syrien har en mer v\u00e4xande korruption - Svenska Magasinet<\/title>\n<meta name=\"robots\" content=\"noindex, follow, max-snippet:-1, max-image-preview:large, max-video-preview:-1\" \/>\n<meta property=\"og:locale\" content=\"sv_SE\" \/>\n<meta property=\"og:type\" content=\"article\" \/>\n<meta property=\"og:title\" content=\"Spanien just nu \u2013 bara Syrien har en mer v\u00e4xande korruption\" \/>\n<meta property=\"og:description\" content=\"Etik, familjen, enhet och dialog. Fyra v\u00e4rdegrunder som Spaniens kung Juan Carlos talade om vid sitt traditionella jultal till nationen. Den spanske monarken fick ber\u00f6m fr\u00e5n hela den politiska skalan efter att ha talat klarspr\u00e5k. Av Ola Josefsson Det har varit en jobbig tid f\u00f6r kung Juan Carlos. St\u00e4ndiga h\u00f6ftledsoperationer i kombination med sv\u00e4rsonens bravader [&hellip;]\" \/>\n<meta property=\"og:url\" content=\"https:\/\/lightweb.dev\/l\/svm-temp\/artiklar\/spanien-just-nu-bara-syrien-har-en-mer-vaxande-korruption\/\" \/>\n<meta property=\"og:site_name\" content=\"Svenska Magasinet\" \/>\n<meta property=\"article:publisher\" content=\"https:\/\/www.facebook.com\/svenskamagasinet\" \/>\n<meta property=\"article:published_time\" content=\"2014-01-09T23:00:00+00:00\" \/>\n<meta property=\"og:image\" content=\"https:\/\/lightweb.dev\/l\/svm-temp\/wp-content\/uploads\/2022\/04\/spanien-just-nu-bara-syrien-har-en-mer-vxande-korruption.png\" \/>\n\t<meta property=\"og:image:width\" content=\"280\" \/>\n\t<meta property=\"og:image:height\" content=\"419\" \/>\n\t<meta property=\"og:image:type\" content=\"image\/png\" \/>\n<meta name=\"author\" content=\"Redaktionen SvM\" \/>\n<meta name=\"twitter:card\" content=\"summary_large_image\" \/>\n<meta name=\"twitter:creator\" content=\"@SvenskaMagasine\" \/>\n<meta name=\"twitter:site\" content=\"@SvenskaMagasine\" \/>\n<script type=\"application\/ld+json\" class=\"yoast-schema-graph\">{\"@context\":\"https:\\\/\\\/schema.org\",\"@graph\":[{\"@type\":\"Article\",\"@id\":\"https:\\\/\\\/lightweb.dev\\\/l\\\/svm-temp\\\/artiklar\\\/spanien-just-nu-bara-syrien-har-en-mer-vaxande-korruption\\\/#article\",\"isPartOf\":{\"@id\":\"https:\\\/\\\/lightweb.dev\\\/l\\\/svm-temp\\\/artiklar\\\/spanien-just-nu-bara-syrien-har-en-mer-vaxande-korruption\\\/\"},\"author\":{\"name\":\"Redaktionen SvM\",\"@id\":\"https:\\\/\\\/lightweb.dev\\\/l\\\/svm-temp\\\/#\\\/schema\\\/person\\\/206a3bda5b607b0c25e1749191e4d837\"},\"headline\":\"Spanien just nu \u2013 bara Syrien har en mer v\u00e4xande korruption\",\"datePublished\":\"2014-01-09T23:00:00+00:00\",\"mainEntityOfPage\":{\"@id\":\"https:\\\/\\\/lightweb.dev\\\/l\\\/svm-temp\\\/artiklar\\\/spanien-just-nu-bara-syrien-har-en-mer-vaxande-korruption\\\/\"},\"wordCount\":900,\"commentCount\":0,\"publisher\":{\"@id\":\"https:\\\/\\\/lightweb.dev\\\/l\\\/svm-temp\\\/#organization\"},\"image\":{\"@id\":\"https:\\\/\\\/lightweb.dev\\\/l\\\/svm-temp\\\/artiklar\\\/spanien-just-nu-bara-syrien-har-en-mer-vaxande-korruption\\\/#primaryimage\"},\"thumbnailUrl\":\"https:\\\/\\\/lightweb.dev\\\/l\\\/svm-temp\\\/wp-content\\\/uploads\\\/2022\\\/04\\\/spanien-just-nu-bara-syrien-har-en-mer-vxande-korruption.png\",\"articleSection\":[\"Artiklar\",\"Spanien just nu\"],\"inLanguage\":\"sv-SE\"},{\"@type\":\"WebPage\",\"@id\":\"https:\\\/\\\/lightweb.dev\\\/l\\\/svm-temp\\\/artiklar\\\/spanien-just-nu-bara-syrien-har-en-mer-vaxande-korruption\\\/\",\"url\":\"https:\\\/\\\/lightweb.dev\\\/l\\\/svm-temp\\\/artiklar\\\/spanien-just-nu-bara-syrien-har-en-mer-vaxande-korruption\\\/\",\"name\":\"Spanien just nu \u2013 bara Syrien har en mer v\u00e4xande korruption - Svenska Magasinet\",\"isPartOf\":{\"@id\":\"https:\\\/\\\/lightweb.dev\\\/l\\\/svm-temp\\\/#website\"},\"primaryImageOfPage\":{\"@id\":\"https:\\\/\\\/lightweb.dev\\\/l\\\/svm-temp\\\/artiklar\\\/spanien-just-nu-bara-syrien-har-en-mer-vaxande-korruption\\\/#primaryimage\"},\"image\":{\"@id\":\"https:\\\/\\\/lightweb.dev\\\/l\\\/svm-temp\\\/artiklar\\\/spanien-just-nu-bara-syrien-har-en-mer-vaxande-korruption\\\/#primaryimage\"},\"thumbnailUrl\":\"https:\\\/\\\/lightweb.dev\\\/l\\\/svm-temp\\\/wp-content\\\/uploads\\\/2022\\\/04\\\/spanien-just-nu-bara-syrien-har-en-mer-vxande-korruption.png\",\"datePublished\":\"2014-01-09T23:00:00+00:00\",\"breadcrumb\":{\"@id\":\"https:\\\/\\\/lightweb.dev\\\/l\\\/svm-temp\\\/artiklar\\\/spanien-just-nu-bara-syrien-har-en-mer-vaxande-korruption\\\/#breadcrumb\"},\"inLanguage\":\"sv-SE\",\"potentialAction\":[{\"@type\":\"ReadAction\",\"target\":[\"https:\\\/\\\/lightweb.dev\\\/l\\\/svm-temp\\\/artiklar\\\/spanien-just-nu-bara-syrien-har-en-mer-vaxande-korruption\\\/\"]}]},{\"@type\":\"ImageObject\",\"inLanguage\":\"sv-SE\",\"@id\":\"https:\\\/\\\/lightweb.dev\\\/l\\\/svm-temp\\\/artiklar\\\/spanien-just-nu-bara-syrien-har-en-mer-vaxande-korruption\\\/#primaryimage\",\"url\":\"https:\\\/\\\/lightweb.dev\\\/l\\\/svm-temp\\\/wp-content\\\/uploads\\\/2022\\\/04\\\/spanien-just-nu-bara-syrien-har-en-mer-vxande-korruption.png\",\"contentUrl\":\"https:\\\/\\\/lightweb.dev\\\/l\\\/svm-temp\\\/wp-content\\\/uploads\\\/2022\\\/04\\\/spanien-just-nu-bara-syrien-har-en-mer-vxande-korruption.png\",\"width\":280,\"height\":419},{\"@type\":\"BreadcrumbList\",\"@id\":\"https:\\\/\\\/lightweb.dev\\\/l\\\/svm-temp\\\/artiklar\\\/spanien-just-nu-bara-syrien-har-en-mer-vaxande-korruption\\\/#breadcrumb\",\"itemListElement\":[{\"@type\":\"ListItem\",\"position\":1,\"name\":\"Hem\",\"item\":\"https:\\\/\\\/lightweb.dev\\\/l\\\/svm-temp\\\/\"},{\"@type\":\"ListItem\",\"position\":2,\"name\":\"Spanien just nu \u2013 bara Syrien har en mer v\u00e4xande korruption\"}]},{\"@type\":\"WebSite\",\"@id\":\"https:\\\/\\\/lightweb.dev\\\/l\\\/svm-temp\\\/#website\",\"url\":\"https:\\\/\\\/lightweb.dev\\\/l\\\/svm-temp\\\/\",\"name\":\"Svenska Magasinet\",\"description\":\"Dina Spanska nyheter p&aring; Svenska\",\"publisher\":{\"@id\":\"https:\\\/\\\/lightweb.dev\\\/l\\\/svm-temp\\\/#organization\"},\"potentialAction\":[{\"@type\":\"SearchAction\",\"target\":{\"@type\":\"EntryPoint\",\"urlTemplate\":\"https:\\\/\\\/lightweb.dev\\\/l\\\/svm-temp\\\/?s={search_term_string}\"},\"query-input\":{\"@type\":\"PropertyValueSpecification\",\"valueRequired\":true,\"valueName\":\"search_term_string\"}}],\"inLanguage\":\"sv-SE\"},{\"@type\":\"Organization\",\"@id\":\"https:\\\/\\\/lightweb.dev\\\/l\\\/svm-temp\\\/#organization\",\"name\":\"Melkerson y Nott SL\",\"alternateName\":\"Svenska Magasinet\",\"url\":\"https:\\\/\\\/lightweb.dev\\\/l\\\/svm-temp\\\/\",\"logo\":{\"@type\":\"ImageObject\",\"inLanguage\":\"sv-SE\",\"@id\":\"https:\\\/\\\/lightweb.dev\\\/l\\\/svm-temp\\\/#\\\/schema\\\/logo\\\/image\\\/\",\"url\":\"https:\\\/\\\/lightweb.dev\\\/l\\\/svm-temp\\\/wp-content\\\/uploads\\\/2025\\\/02\\\/SvM-logo-Xtra-Centrerad-SVART.png\",\"contentUrl\":\"https:\\\/\\\/lightweb.dev\\\/l\\\/svm-temp\\\/wp-content\\\/uploads\\\/2025\\\/02\\\/SvM-logo-Xtra-Centrerad-SVART.png\",\"width\":300,\"height\":99,\"caption\":\"Melkerson y Nott SL\"},\"image\":{\"@id\":\"https:\\\/\\\/lightweb.dev\\\/l\\\/svm-temp\\\/#\\\/schema\\\/logo\\\/image\\\/\"},\"sameAs\":[\"https:\\\/\\\/www.facebook.com\\\/svenskamagasinet\",\"https:\\\/\\\/x.com\\\/SvenskaMagasine\"]},{\"@type\":\"Person\",\"@id\":\"https:\\\/\\\/lightweb.dev\\\/l\\\/svm-temp\\\/#\\\/schema\\\/person\\\/206a3bda5b607b0c25e1749191e4d837\",\"name\":\"Redaktionen SvM\",\"description\":\"Redaktionen\",\"sameAs\":[\"https:\\\/\\\/lightweb.dev\\\/l\\\/svm-temp\"],\"url\":\"https:\\\/\\\/lightweb.dev\\\/l\\\/svm-temp\\\/reporter\\\/redaktionen\\\/\"}]}<\/script>\n<!-- \/ Yoast SEO Premium plugin. -->","yoast_head_json":{"title":"Spanien just nu \u2013 bara Syrien har en mer v\u00e4xande korruption - Svenska Magasinet","robots":{"index":"noindex","follow":"follow","max-snippet":"max-snippet:-1","max-image-preview":"max-image-preview:large","max-video-preview":"max-video-preview:-1"},"og_locale":"sv_SE","og_type":"article","og_title":"Spanien just nu \u2013 bara Syrien har en mer v\u00e4xande korruption","og_description":"Etik, familjen, enhet och dialog. Fyra v\u00e4rdegrunder som Spaniens kung Juan Carlos talade om vid sitt traditionella jultal till nationen. Den spanske monarken fick ber\u00f6m fr\u00e5n hela den politiska skalan efter att ha talat klarspr\u00e5k. Av Ola Josefsson Det har varit en jobbig tid f\u00f6r kung Juan Carlos. St\u00e4ndiga h\u00f6ftledsoperationer i kombination med sv\u00e4rsonens bravader [&hellip;]","og_url":"https:\/\/lightweb.dev\/l\/svm-temp\/artiklar\/spanien-just-nu-bara-syrien-har-en-mer-vaxande-korruption\/","og_site_name":"Svenska Magasinet","article_publisher":"https:\/\/www.facebook.com\/svenskamagasinet","article_published_time":"2014-01-09T23:00:00+00:00","og_image":[{"width":280,"height":419,"url":"https:\/\/lightweb.dev\/l\/svm-temp\/wp-content\/uploads\/2022\/04\/spanien-just-nu-bara-syrien-har-en-mer-vxande-korruption.png","type":"image\/png"}],"author":"Redaktionen SvM","twitter_card":"summary_large_image","twitter_creator":"@SvenskaMagasine","twitter_site":"@SvenskaMagasine","schema":{"@context":"https:\/\/schema.org","@graph":[{"@type":"Article","@id":"https:\/\/lightweb.dev\/l\/svm-temp\/artiklar\/spanien-just-nu-bara-syrien-har-en-mer-vaxande-korruption\/#article","isPartOf":{"@id":"https:\/\/lightweb.dev\/l\/svm-temp\/artiklar\/spanien-just-nu-bara-syrien-har-en-mer-vaxande-korruption\/"},"author":{"name":"Redaktionen SvM","@id":"https:\/\/lightweb.dev\/l\/svm-temp\/#\/schema\/person\/206a3bda5b607b0c25e1749191e4d837"},"headline":"Spanien just nu \u2013 bara Syrien har en mer v\u00e4xande korruption","datePublished":"2014-01-09T23:00:00+00:00","mainEntityOfPage":{"@id":"https:\/\/lightweb.dev\/l\/svm-temp\/artiklar\/spanien-just-nu-bara-syrien-har-en-mer-vaxande-korruption\/"},"wordCount":900,"commentCount":0,"publisher":{"@id":"https:\/\/lightweb.dev\/l\/svm-temp\/#organization"},"image":{"@id":"https:\/\/lightweb.dev\/l\/svm-temp\/artiklar\/spanien-just-nu-bara-syrien-har-en-mer-vaxande-korruption\/#primaryimage"},"thumbnailUrl":"https:\/\/lightweb.dev\/l\/svm-temp\/wp-content\/uploads\/2022\/04\/spanien-just-nu-bara-syrien-har-en-mer-vxande-korruption.png","articleSection":["Artiklar","Spanien just nu"],"inLanguage":"sv-SE"},{"@type":"WebPage","@id":"https:\/\/lightweb.dev\/l\/svm-temp\/artiklar\/spanien-just-nu-bara-syrien-har-en-mer-vaxande-korruption\/","url":"https:\/\/lightweb.dev\/l\/svm-temp\/artiklar\/spanien-just-nu-bara-syrien-har-en-mer-vaxande-korruption\/","name":"Spanien just nu \u2013 bara Syrien har en mer v\u00e4xande korruption - Svenska Magasinet","isPartOf":{"@id":"https:\/\/lightweb.dev\/l\/svm-temp\/#website"},"primaryImageOfPage":{"@id":"https:\/\/lightweb.dev\/l\/svm-temp\/artiklar\/spanien-just-nu-bara-syrien-har-en-mer-vaxande-korruption\/#primaryimage"},"image":{"@id":"https:\/\/lightweb.dev\/l\/svm-temp\/artiklar\/spanien-just-nu-bara-syrien-har-en-mer-vaxande-korruption\/#primaryimage"},"thumbnailUrl":"https:\/\/lightweb.dev\/l\/svm-temp\/wp-content\/uploads\/2022\/04\/spanien-just-nu-bara-syrien-har-en-mer-vxande-korruption.png","datePublished":"2014-01-09T23:00:00+00:00","breadcrumb":{"@id":"https:\/\/lightweb.dev\/l\/svm-temp\/artiklar\/spanien-just-nu-bara-syrien-har-en-mer-vaxande-korruption\/#breadcrumb"},"inLanguage":"sv-SE","potentialAction":[{"@type":"ReadAction","target":["https:\/\/lightweb.dev\/l\/svm-temp\/artiklar\/spanien-just-nu-bara-syrien-har-en-mer-vaxande-korruption\/"]}]},{"@type":"ImageObject","inLanguage":"sv-SE","@id":"https:\/\/lightweb.dev\/l\/svm-temp\/artiklar\/spanien-just-nu-bara-syrien-har-en-mer-vaxande-korruption\/#primaryimage","url":"https:\/\/lightweb.dev\/l\/svm-temp\/wp-content\/uploads\/2022\/04\/spanien-just-nu-bara-syrien-har-en-mer-vxande-korruption.png","contentUrl":"https:\/\/lightweb.dev\/l\/svm-temp\/wp-content\/uploads\/2022\/04\/spanien-just-nu-bara-syrien-har-en-mer-vxande-korruption.png","width":280,"height":419},{"@type":"BreadcrumbList","@id":"https:\/\/lightweb.dev\/l\/svm-temp\/artiklar\/spanien-just-nu-bara-syrien-har-en-mer-vaxande-korruption\/#breadcrumb","itemListElement":[{"@type":"ListItem","position":1,"name":"Hem","item":"https:\/\/lightweb.dev\/l\/svm-temp\/"},{"@type":"ListItem","position":2,"name":"Spanien just nu \u2013 bara Syrien har en mer v\u00e4xande korruption"}]},{"@type":"WebSite","@id":"https:\/\/lightweb.dev\/l\/svm-temp\/#website","url":"https:\/\/lightweb.dev\/l\/svm-temp\/","name":"Svenska Magasinet","description":"Dina Spanska nyheter p&aring; Svenska","publisher":{"@id":"https:\/\/lightweb.dev\/l\/svm-temp\/#organization"},"potentialAction":[{"@type":"SearchAction","target":{"@type":"EntryPoint","urlTemplate":"https:\/\/lightweb.dev\/l\/svm-temp\/?s={search_term_string}"},"query-input":{"@type":"PropertyValueSpecification","valueRequired":true,"valueName":"search_term_string"}}],"inLanguage":"sv-SE"},{"@type":"Organization","@id":"https:\/\/lightweb.dev\/l\/svm-temp\/#organization","name":"Melkerson y Nott SL","alternateName":"Svenska Magasinet","url":"https:\/\/lightweb.dev\/l\/svm-temp\/","logo":{"@type":"ImageObject","inLanguage":"sv-SE","@id":"https:\/\/lightweb.dev\/l\/svm-temp\/#\/schema\/logo\/image\/","url":"https:\/\/lightweb.dev\/l\/svm-temp\/wp-content\/uploads\/2025\/02\/SvM-logo-Xtra-Centrerad-SVART.png","contentUrl":"https:\/\/lightweb.dev\/l\/svm-temp\/wp-content\/uploads\/2025\/02\/SvM-logo-Xtra-Centrerad-SVART.png","width":300,"height":99,"caption":"Melkerson y Nott SL"},"image":{"@id":"https:\/\/lightweb.dev\/l\/svm-temp\/#\/schema\/logo\/image\/"},"sameAs":["https:\/\/www.facebook.com\/svenskamagasinet","https:\/\/x.com\/SvenskaMagasine"]},{"@type":"Person","@id":"https:\/\/lightweb.dev\/l\/svm-temp\/#\/schema\/person\/206a3bda5b607b0c25e1749191e4d837","name":"Redaktionen SvM","description":"Redaktionen","sameAs":["https:\/\/lightweb.dev\/l\/svm-temp"],"url":"https:\/\/lightweb.dev\/l\/svm-temp\/reporter\/redaktionen\/"}]}},"_links":{"self":[{"href":"https:\/\/lightweb.dev\/l\/svm-temp\/wp-json\/wp\/v2\/posts\/4725","targetHints":{"allow":["GET"]}}],"collection":[{"href":"https:\/\/lightweb.dev\/l\/svm-temp\/wp-json\/wp\/v2\/posts"}],"about":[{"href":"https:\/\/lightweb.dev\/l\/svm-temp\/wp-json\/wp\/v2\/types\/post"}],"author":[{"embeddable":true,"href":"https:\/\/lightweb.dev\/l\/svm-temp\/wp-json\/wp\/v2\/users\/8"}],"replies":[{"embeddable":true,"href":"https:\/\/lightweb.dev\/l\/svm-temp\/wp-json\/wp\/v2\/comments?post=4725"}],"version-history":[{"count":0,"href":"https:\/\/lightweb.dev\/l\/svm-temp\/wp-json\/wp\/v2\/posts\/4725\/revisions"}],"wp:featuredmedia":[{"embeddable":true,"href":"https:\/\/lightweb.dev\/l\/svm-temp\/wp-json\/wp\/v2\/media\/4726"}],"wp:attachment":[{"href":"https:\/\/lightweb.dev\/l\/svm-temp\/wp-json\/wp\/v2\/media?parent=4725"}],"wp:term":[{"taxonomy":"category","embeddable":true,"href":"https:\/\/lightweb.dev\/l\/svm-temp\/wp-json\/wp\/v2\/categories?post=4725"},{"taxonomy":"post_tag","embeddable":true,"href":"https:\/\/lightweb.dev\/l\/svm-temp\/wp-json\/wp\/v2\/tags?post=4725"}],"curies":[{"name":"wp","href":"https:\/\/api.w.org\/{rel}","templated":true}]}}