{"id":4727,"date":"2014-01-10T00:00:00","date_gmt":"2014-01-09T23:00:00","guid":{"rendered":"https:\/\/lightweb.dev\/l\/svm-temp\/tillbaka-till-framtiden-i-torremolinos-rockin-race-jamboree-firar-20-ar\/"},"modified":"2014-01-10T00:00:00","modified_gmt":"2014-01-09T23:00:00","slug":"tillbaka-till-framtiden-i-torremolinos-rockin-race-jamboree-firar-20-ar","status":"publish","type":"post","link":"https:\/\/lightweb.dev\/l\/svm-temp\/artiklar\/tillbaka-till-framtiden-i-torremolinos-rockin-race-jamboree-firar-20-ar\/","title":{"rendered":"Tillbaka till framtiden i Torremolinos: Rockin&#8217; Race Jamboree firar 20 \u00e5r"},"content":{"rendered":"<p> Det kommer att sv\u00e4nga rej\u00e4lt i Torremolinos mellan den 13 till 16 februari n\u00e4r  Rockin&#8217; Race Jamboree arrangeras f\u00f6r tjugonde g\u00e5ngen. Kongresshallen i Torremolinos och l\u00e4genhetshotellet Buensol i Carihuela blir spelplatser. Svenska The Intruders \u00e4r p\u00e5 plats och passar samtidigt p\u00e5 att sl\u00e4ppa en ny vinylskiva. Av Ola Josefsson<\/p>\n<p>Arrang\u00f6ren f\u00f6r festivalen har lagt sin hittills dj\u00e4rvaste budget f\u00f6r att markera \u00e5rsdagen f\u00f6r festivalen. Att det \u00e4r 20-\u00e5rsjubileum ska b\u00e5de ses och h\u00f6ras. Festivalen Rockin&#39; Race Jamboree har blivit en av de st\u00f6rsta h\u00e4ndelserna i kulturutbudet p\u00e5 Costa del Sol under vinterhalv\u00e5ret och \u00e4r en viktig tilldragelse f\u00f6r Torremolinos som v\u00e4rdstad.<br \/>\nEtt tjugotal grupper fr\u00e5n sju l\u00e4nder d\u00e4ribland Sverige finns p\u00e5 plats under de fyra dagarna.<br \/>\nSvenska The Intruders spelar klockan 01.30 natten mot den 14 februari p\u00e5 den stora scenen i kongresshallen i Torremolinos.<\/p>\n<p>F\u00f6r gitarristen Per Thorsell blir det tredje g\u00e5ngen han medverkar vid festivalen i Torremolinos.<br \/>\n&#8211; Tredje g\u00e5ngen med tredje bandet. The Intruders \u00e4r en ny konstellation och det blir andra g\u00e5ngen vi spelar i Spanien. F\u00f6rra \u00e5ret bes\u00f6kte vi Rockabilly-festivalen i Tarragona.<\/p>\n<p>N\u00e4r Svenska Magasinet n\u00e5r Per Thorsell har bandet precis spelat in en ny vinylskiva med The Intruders som lanseras vid festivalen i Torremolinos p\u00e5 det spanska skivbolaget Sleazy Records som \u00e4r arrangerar av Rockin&#39; Race Jamboree.<br \/>\n&#8211; Det \u00e4r nyinspelat material, inspelade in p\u00e5 rullband och med gamla mikrofoner. N\u00e4r vi skriver l\u00e5tar \u00e4r det l\u00e5tar som skulle kunna vara skrivna p\u00e5 1950-talet. Vi anv\u00e4nder utrustning som anv\u00e4ndes f\u00f6rr. Dagens elektroniska musik \u00e4r bannlyst hos oss.<\/p>\n<p>Den 13 till 16 februari v\u00e4ntar allts\u00e5 Rockin&#39; Race Jamboree. Kongresshallen i Torremolinos och l\u00e4genhetshotellet Buensol i Carihuela blir spelplatser vid festivalen och det kommer musiker och entusiaster fr\u00e5n hela v\u00e4rlden.<br \/>\n&#8211; Bes\u00f6karna kommer fr\u00e5n Italien, Spanien, Frankrike, England, Tyskland, Skandinavien men ocks\u00e5 fr\u00e5n USA.<\/p>\n<p>Per Thorsell arbetar till vardags som grafisk formgivare. I Sverige blir det inte s\u00e5 m\u00e5nga spelningar under ett \u00e5r, de flesta \u00e4r p\u00e5 veckosluten i utlandet. Per ber\u00e4ttar att festivaler inom den h\u00e4r musikstilen kom startade p\u00e5 1980-talet. Fr\u00e5n b\u00f6rjan var England st\u00f6rst men p\u00e5 senare tid har Spanien blivit stora. Runt tv\u00e5 tusen bes\u00f6kare v\u00e4ntas till fyradagarsfesten i Torremolinos.<br \/>\n&#8211; Hela stuket \u00e4r viktigt.. Kl\u00e4dseln \u00e4r lika viktig som musiken. Alla g\u00e5r in f\u00f6r att hitta r\u00e4tt kl\u00e4der. Det \u00e4r en hel livsstil.<\/p>\n<p>Per har bes\u00f6kt festivalen i Torremolinos tre g\u00e5nger tidigare och det \u00e4r en h\u00e4ftig k\u00e4nsla som infinner sig.<br \/>\n&#8211; K\u00e4nslan \u00e4r att alla som bokat rum p\u00e5 hotellen \u00e4r d\u00e4r p\u00e5 grund av festivalen. Det \u00e4r en god st\u00e4mning. Trots en del alkohol \u00e4r det aldrig br\u00e5k. En h\u00e4rligt god st\u00e4mning dygnet runt. Det blir kanske lite lugnt fram\u00e5t sm\u00e5timmarna d\u00e5 n\u00e5gra g\u00e5r och l\u00e4gger sig n\u00e5gra timmar innan det tar fart igen&#8230;<\/p>\n<p>P\u00e5 dagarna \u00e4r det poolparty p\u00e5 dagen och m\u00e5nga passar p\u00e5 att bes\u00f6ka f\u00f6rs\u00e4ljare fr\u00e5n hela Europa som s\u00e4ljer prylar, kl\u00e4der och vinylskivor.<\/p>\n<p>F\u00f6rutom de cirka 20 grupper som framtr\u00e4der \u00e4r discjockey eller plattv\u00e4ndarna minst lika viktiga som den levande musiken. Det \u00e4r mycket dans och det ing\u00e5r i deras uppgift att f\u00e5 folk att dansa och det kommer discjockey fr\u00e5n hela v\u00e4rlden.<br \/>\nDansstilarna \u00e4r fphroll, bop och jive. Per Thorsell f\u00f6rklarar:<br \/>\n&#8211; Stroll \u00e4r en slags g\u00e5dans som tjejer framf\u00f6r i formation. De kan vara 50 till 60 stycken. Bop \u00e4r en singeldans p\u00e5 st\u00e4llet medan jive \u00e4r pardans.<br \/>\n  Bes\u00f6karna \u00e4r i alla \u00e5ldrar. Fr\u00e5n ton\u00e5ringar till 80-\u00e5ringar. M\u00e5nga har upplevt musiken n\u00e4r de var unga och \u00e5ker iv\u00e4g f\u00f6r att uppleva gamla minnen. Men de flesta av bes\u00f6karna \u00e4r mellan 30 och 50 \u00e5r, det vill s\u00e4ga de som har r\u00e5d och tid att \u00e5ka iv\u00e4g utomlands och bo p\u00e5 hotell.<br \/>\n&#8211; Festivalen i Torremolinos ligger ganska ensam i tidschemat eftersom de flesta festivaler \u00e4r under sommarhalv\u00e5ret. Tidpunkten i februari uppskattas n\u00e4r m\u00e5nga \u00e4r p\u00e5 jakt efter v\u00e4rme, s\u00e4ger Per Thorsell som ber\u00f6mmer arrang\u00f6ren.<br \/>\n&#8211; De g\u00f6r bra bokningar och \u00e4r ute i god tid.<\/p>\n<p>Sex av grupperna \u00e4r fr\u00e5n USA och Storbritannien och har redan varit med om att skriva historia. Originalartister fr\u00e5n 1950-talets USA som Young Jessie och Sleepy Labeef kommer till Torremolinos. Tv\u00e5 andra artister p\u00e5 1960-talet som kommer \u00e4r The Rapiers och Strayjackets med Kaiser George som tar plats p\u00e5 scenen i kongresshallen (Palacio de Congresos) sent p\u00e5 kv\u00e4llen den 15 och 16 februari. Det \u00e4r artisternas enda upptr\u00e4dande i Europa.<br \/>\n&#8211; En del av dessa spelades in skivor p\u00e5 Sun Records samma som Elvis. De \u00e4r bra trots sin \u00e5lder n\u00e4r de backas upp av yngre band.<\/p>\n<p>N\u00e5gra andra k\u00e4nda namn \u00e4r Barrence Whitfield (USA) som med Mambo Jambo kommer att spela in ett album i Torremolinos tillsammans Kim Lenz (USA) v\u00e4rldsk\u00e4nd f\u00f6r modern rockabilly. Dessa kommer att spela p\u00e5 scen under festivalen Rockin&#39;Race Jamboree som \u00e4r en av Europas st\u00f6rsta rockfestivaler med musik fr\u00e5n 50-och 60-talet.<br \/>\nF\u00f6rutom musiken \u00e4r den en upplevelse att ta del av kl\u00e4derna, danserna och det glada livet som k\u00e4nnetecknade denna tid. Det blir musikalisk h\u00f6gtidsdagar fr\u00e5n den gyllene eran med rock&#038;roll, swing, surf och rockabilly.<\/p>\n<p>De \u00f6vriga artisterna kommer Ryssland, Tyskland, Sverige, England, Belgien och Portugal. Grupperna \u00e4r Los Mambo Jambo, 49 Special, Moonshine Reunion, The Intruders, Mike Sanchez &#038; His Band, Eddie Angel Guitar Party Feat. Smokestack Lightnin, Keith Turner &#038; The Southern Sound, Randy Rich &#038; The Poor Boy, The Imperial Surfers och The Hi.Tones bland annat.<\/p>\n<p>F\u00f6rutom spelningarna och dansen arrangerar arrang\u00f6ren flera andra trevliga m\u00f6jligheter under temat retrokultur av 50-talet d\u00e4r man kan k\u00f6pa vinylskivor, kl\u00e4der och andra tillbeh\u00f6r eller ta en bild i \u00e4kta vintagestil.<br \/>\nBiljettpriserna per dag ligger p\u00e5 mellan 20 till 35 euro. Paketpris f\u00f6r samtliga dagar kostar 60 euro.<\/p>\n","protected":false},"excerpt":{"rendered":"<p>Det kommer att sv\u00e4nga rej\u00e4lt i Torremolinos mellan den 13 till 16 februari n\u00e4r Rockin&#8217; Race Jamboree arrangeras f\u00f6r tjugonde g\u00e5ngen. Kongresshallen i Torremolinos och l\u00e4genhetshotellet Buensol i Carihuela blir spelplatser. Svenska The Intruders \u00e4r p\u00e5 plats och passar samtidigt p\u00e5 att sl\u00e4ppa en ny vinylskiva. Av Ola Josefsson Arrang\u00f6ren f\u00f6r festivalen har lagt sin [&hellip;]<\/p>\n","protected":false},"author":8,"featured_media":4728,"comment_status":"open","ping_status":"open","sticky":false,"template":"","format":"standard","meta":{"_et_pb_use_builder":"","_et_pb_old_content":"","_et_gb_content_width":"","footnotes":""},"categories":[4,45],"tags":[],"class_list":["post-4727","post","type-post","status-publish","format-standard","has-post-thumbnail","hentry","category-artiklar","category-kultur"],"yoast_head":"<!-- This site is optimized with the Yoast SEO Premium plugin v26.2 (Yoast SEO v28.2) - https:\/\/yoast.com\/product\/yoast-seo-premium-wordpress\/ -->\n<title>Tillbaka till framtiden i Torremolinos: Rockin&#039; Race Jamboree firar 20 \u00e5r - Svenska Magasinet<\/title>\n<meta name=\"robots\" content=\"noindex, follow, max-snippet:-1, max-image-preview:large, max-video-preview:-1\" \/>\n<meta property=\"og:locale\" content=\"sv_SE\" \/>\n<meta property=\"og:type\" content=\"article\" \/>\n<meta property=\"og:title\" content=\"Tillbaka till framtiden i Torremolinos: Rockin&#039; Race Jamboree firar 20 \u00e5r\" \/>\n<meta property=\"og:description\" content=\"Det kommer att sv\u00e4nga rej\u00e4lt i Torremolinos mellan den 13 till 16 februari n\u00e4r Rockin&#8217; Race Jamboree arrangeras f\u00f6r tjugonde g\u00e5ngen. Kongresshallen i Torremolinos och l\u00e4genhetshotellet Buensol i Carihuela blir spelplatser. Svenska The Intruders \u00e4r p\u00e5 plats och passar samtidigt p\u00e5 att sl\u00e4ppa en ny vinylskiva. Av Ola Josefsson Arrang\u00f6ren f\u00f6r festivalen har lagt sin [&hellip;]\" \/>\n<meta property=\"og:url\" content=\"https:\/\/lightweb.dev\/l\/svm-temp\/artiklar\/tillbaka-till-framtiden-i-torremolinos-rockin-race-jamboree-firar-20-ar\/\" \/>\n<meta property=\"og:site_name\" content=\"Svenska Magasinet\" \/>\n<meta property=\"article:publisher\" content=\"https:\/\/www.facebook.com\/svenskamagasinet\" \/>\n<meta property=\"article:published_time\" content=\"2014-01-09T23:00:00+00:00\" \/>\n<meta property=\"og:image\" content=\"https:\/\/lightweb.dev\/l\/svm-temp\/wp-content\/uploads\/2022\/04\/tillbaka-till-framtiden-i-torremolinos-rockin-race-jamboree-firar-20-r.png\" \/>\n\t<meta property=\"og:image:width\" content=\"280\" \/>\n\t<meta property=\"og:image:height\" content=\"210\" \/>\n\t<meta property=\"og:image:type\" content=\"image\/png\" \/>\n<meta name=\"author\" content=\"Redaktionen SvM\" \/>\n<meta name=\"twitter:card\" content=\"summary_large_image\" \/>\n<meta name=\"twitter:creator\" content=\"@SvenskaMagasine\" \/>\n<meta name=\"twitter:site\" content=\"@SvenskaMagasine\" \/>\n<script type=\"application\/ld+json\" class=\"yoast-schema-graph\">{\"@context\":\"https:\\\/\\\/schema.org\",\"@graph\":[{\"@type\":\"Article\",\"@id\":\"https:\\\/\\\/lightweb.dev\\\/l\\\/svm-temp\\\/artiklar\\\/tillbaka-till-framtiden-i-torremolinos-rockin-race-jamboree-firar-20-ar\\\/#article\",\"isPartOf\":{\"@id\":\"https:\\\/\\\/lightweb.dev\\\/l\\\/svm-temp\\\/artiklar\\\/tillbaka-till-framtiden-i-torremolinos-rockin-race-jamboree-firar-20-ar\\\/\"},\"author\":{\"name\":\"Redaktionen SvM\",\"@id\":\"https:\\\/\\\/lightweb.dev\\\/l\\\/svm-temp\\\/#\\\/schema\\\/person\\\/206a3bda5b607b0c25e1749191e4d837\"},\"headline\":\"Tillbaka till framtiden i Torremolinos: Rockin&#8217; Race Jamboree firar 20 \u00e5r\",\"datePublished\":\"2014-01-09T23:00:00+00:00\",\"mainEntityOfPage\":{\"@id\":\"https:\\\/\\\/lightweb.dev\\\/l\\\/svm-temp\\\/artiklar\\\/tillbaka-till-framtiden-i-torremolinos-rockin-race-jamboree-firar-20-ar\\\/\"},\"wordCount\":1063,\"commentCount\":0,\"publisher\":{\"@id\":\"https:\\\/\\\/lightweb.dev\\\/l\\\/svm-temp\\\/#organization\"},\"image\":{\"@id\":\"https:\\\/\\\/lightweb.dev\\\/l\\\/svm-temp\\\/artiklar\\\/tillbaka-till-framtiden-i-torremolinos-rockin-race-jamboree-firar-20-ar\\\/#primaryimage\"},\"thumbnailUrl\":\"https:\\\/\\\/lightweb.dev\\\/l\\\/svm-temp\\\/wp-content\\\/uploads\\\/2022\\\/04\\\/tillbaka-till-framtiden-i-torremolinos-rockin-race-jamboree-firar-20-r.png\",\"articleSection\":[\"Artiklar\",\"Kultur &amp; historia\"],\"inLanguage\":\"sv-SE\"},{\"@type\":\"WebPage\",\"@id\":\"https:\\\/\\\/lightweb.dev\\\/l\\\/svm-temp\\\/artiklar\\\/tillbaka-till-framtiden-i-torremolinos-rockin-race-jamboree-firar-20-ar\\\/\",\"url\":\"https:\\\/\\\/lightweb.dev\\\/l\\\/svm-temp\\\/artiklar\\\/tillbaka-till-framtiden-i-torremolinos-rockin-race-jamboree-firar-20-ar\\\/\",\"name\":\"Tillbaka till framtiden i Torremolinos: Rockin' Race Jamboree firar 20 \u00e5r - Svenska Magasinet\",\"isPartOf\":{\"@id\":\"https:\\\/\\\/lightweb.dev\\\/l\\\/svm-temp\\\/#website\"},\"primaryImageOfPage\":{\"@id\":\"https:\\\/\\\/lightweb.dev\\\/l\\\/svm-temp\\\/artiklar\\\/tillbaka-till-framtiden-i-torremolinos-rockin-race-jamboree-firar-20-ar\\\/#primaryimage\"},\"image\":{\"@id\":\"https:\\\/\\\/lightweb.dev\\\/l\\\/svm-temp\\\/artiklar\\\/tillbaka-till-framtiden-i-torremolinos-rockin-race-jamboree-firar-20-ar\\\/#primaryimage\"},\"thumbnailUrl\":\"https:\\\/\\\/lightweb.dev\\\/l\\\/svm-temp\\\/wp-content\\\/uploads\\\/2022\\\/04\\\/tillbaka-till-framtiden-i-torremolinos-rockin-race-jamboree-firar-20-r.png\",\"datePublished\":\"2014-01-09T23:00:00+00:00\",\"breadcrumb\":{\"@id\":\"https:\\\/\\\/lightweb.dev\\\/l\\\/svm-temp\\\/artiklar\\\/tillbaka-till-framtiden-i-torremolinos-rockin-race-jamboree-firar-20-ar\\\/#breadcrumb\"},\"inLanguage\":\"sv-SE\",\"potentialAction\":[{\"@type\":\"ReadAction\",\"target\":[\"https:\\\/\\\/lightweb.dev\\\/l\\\/svm-temp\\\/artiklar\\\/tillbaka-till-framtiden-i-torremolinos-rockin-race-jamboree-firar-20-ar\\\/\"]}]},{\"@type\":\"ImageObject\",\"inLanguage\":\"sv-SE\",\"@id\":\"https:\\\/\\\/lightweb.dev\\\/l\\\/svm-temp\\\/artiklar\\\/tillbaka-till-framtiden-i-torremolinos-rockin-race-jamboree-firar-20-ar\\\/#primaryimage\",\"url\":\"https:\\\/\\\/lightweb.dev\\\/l\\\/svm-temp\\\/wp-content\\\/uploads\\\/2022\\\/04\\\/tillbaka-till-framtiden-i-torremolinos-rockin-race-jamboree-firar-20-r.png\",\"contentUrl\":\"https:\\\/\\\/lightweb.dev\\\/l\\\/svm-temp\\\/wp-content\\\/uploads\\\/2022\\\/04\\\/tillbaka-till-framtiden-i-torremolinos-rockin-race-jamboree-firar-20-r.png\",\"width\":280,\"height\":210},{\"@type\":\"BreadcrumbList\",\"@id\":\"https:\\\/\\\/lightweb.dev\\\/l\\\/svm-temp\\\/artiklar\\\/tillbaka-till-framtiden-i-torremolinos-rockin-race-jamboree-firar-20-ar\\\/#breadcrumb\",\"itemListElement\":[{\"@type\":\"ListItem\",\"position\":1,\"name\":\"Hem\",\"item\":\"https:\\\/\\\/lightweb.dev\\\/l\\\/svm-temp\\\/\"},{\"@type\":\"ListItem\",\"position\":2,\"name\":\"Tillbaka till framtiden i Torremolinos: Rockin&#8217; Race Jamboree firar 20 \u00e5r\"}]},{\"@type\":\"WebSite\",\"@id\":\"https:\\\/\\\/lightweb.dev\\\/l\\\/svm-temp\\\/#website\",\"url\":\"https:\\\/\\\/lightweb.dev\\\/l\\\/svm-temp\\\/\",\"name\":\"Svenska Magasinet\",\"description\":\"Dina Spanska nyheter p&aring; Svenska\",\"publisher\":{\"@id\":\"https:\\\/\\\/lightweb.dev\\\/l\\\/svm-temp\\\/#organization\"},\"potentialAction\":[{\"@type\":\"SearchAction\",\"target\":{\"@type\":\"EntryPoint\",\"urlTemplate\":\"https:\\\/\\\/lightweb.dev\\\/l\\\/svm-temp\\\/?s={search_term_string}\"},\"query-input\":{\"@type\":\"PropertyValueSpecification\",\"valueRequired\":true,\"valueName\":\"search_term_string\"}}],\"inLanguage\":\"sv-SE\"},{\"@type\":\"Organization\",\"@id\":\"https:\\\/\\\/lightweb.dev\\\/l\\\/svm-temp\\\/#organization\",\"name\":\"Melkerson y Nott SL\",\"alternateName\":\"Svenska Magasinet\",\"url\":\"https:\\\/\\\/lightweb.dev\\\/l\\\/svm-temp\\\/\",\"logo\":{\"@type\":\"ImageObject\",\"inLanguage\":\"sv-SE\",\"@id\":\"https:\\\/\\\/lightweb.dev\\\/l\\\/svm-temp\\\/#\\\/schema\\\/logo\\\/image\\\/\",\"url\":\"https:\\\/\\\/lightweb.dev\\\/l\\\/svm-temp\\\/wp-content\\\/uploads\\\/2025\\\/02\\\/SvM-logo-Xtra-Centrerad-SVART.png\",\"contentUrl\":\"https:\\\/\\\/lightweb.dev\\\/l\\\/svm-temp\\\/wp-content\\\/uploads\\\/2025\\\/02\\\/SvM-logo-Xtra-Centrerad-SVART.png\",\"width\":300,\"height\":99,\"caption\":\"Melkerson y Nott SL\"},\"image\":{\"@id\":\"https:\\\/\\\/lightweb.dev\\\/l\\\/svm-temp\\\/#\\\/schema\\\/logo\\\/image\\\/\"},\"sameAs\":[\"https:\\\/\\\/www.facebook.com\\\/svenskamagasinet\",\"https:\\\/\\\/x.com\\\/SvenskaMagasine\"]},{\"@type\":\"Person\",\"@id\":\"https:\\\/\\\/lightweb.dev\\\/l\\\/svm-temp\\\/#\\\/schema\\\/person\\\/206a3bda5b607b0c25e1749191e4d837\",\"name\":\"Redaktionen SvM\",\"description\":\"Redaktionen\",\"sameAs\":[\"https:\\\/\\\/lightweb.dev\\\/l\\\/svm-temp\"],\"url\":\"https:\\\/\\\/lightweb.dev\\\/l\\\/svm-temp\\\/reporter\\\/redaktionen\\\/\"}]}<\/script>\n<!-- \/ Yoast SEO Premium plugin. -->","yoast_head_json":{"title":"Tillbaka till framtiden i Torremolinos: Rockin' Race Jamboree firar 20 \u00e5r - Svenska Magasinet","robots":{"index":"noindex","follow":"follow","max-snippet":"max-snippet:-1","max-image-preview":"max-image-preview:large","max-video-preview":"max-video-preview:-1"},"og_locale":"sv_SE","og_type":"article","og_title":"Tillbaka till framtiden i Torremolinos: Rockin' Race Jamboree firar 20 \u00e5r","og_description":"Det kommer att sv\u00e4nga rej\u00e4lt i Torremolinos mellan den 13 till 16 februari n\u00e4r Rockin&#8217; Race Jamboree arrangeras f\u00f6r tjugonde g\u00e5ngen. Kongresshallen i Torremolinos och l\u00e4genhetshotellet Buensol i Carihuela blir spelplatser. Svenska The Intruders \u00e4r p\u00e5 plats och passar samtidigt p\u00e5 att sl\u00e4ppa en ny vinylskiva. Av Ola Josefsson Arrang\u00f6ren f\u00f6r festivalen har lagt sin [&hellip;]","og_url":"https:\/\/lightweb.dev\/l\/svm-temp\/artiklar\/tillbaka-till-framtiden-i-torremolinos-rockin-race-jamboree-firar-20-ar\/","og_site_name":"Svenska Magasinet","article_publisher":"https:\/\/www.facebook.com\/svenskamagasinet","article_published_time":"2014-01-09T23:00:00+00:00","og_image":[{"width":280,"height":210,"url":"https:\/\/lightweb.dev\/l\/svm-temp\/wp-content\/uploads\/2022\/04\/tillbaka-till-framtiden-i-torremolinos-rockin-race-jamboree-firar-20-r.png","type":"image\/png"}],"author":"Redaktionen SvM","twitter_card":"summary_large_image","twitter_creator":"@SvenskaMagasine","twitter_site":"@SvenskaMagasine","schema":{"@context":"https:\/\/schema.org","@graph":[{"@type":"Article","@id":"https:\/\/lightweb.dev\/l\/svm-temp\/artiklar\/tillbaka-till-framtiden-i-torremolinos-rockin-race-jamboree-firar-20-ar\/#article","isPartOf":{"@id":"https:\/\/lightweb.dev\/l\/svm-temp\/artiklar\/tillbaka-till-framtiden-i-torremolinos-rockin-race-jamboree-firar-20-ar\/"},"author":{"name":"Redaktionen SvM","@id":"https:\/\/lightweb.dev\/l\/svm-temp\/#\/schema\/person\/206a3bda5b607b0c25e1749191e4d837"},"headline":"Tillbaka till framtiden i Torremolinos: Rockin&#8217; Race Jamboree firar 20 \u00e5r","datePublished":"2014-01-09T23:00:00+00:00","mainEntityOfPage":{"@id":"https:\/\/lightweb.dev\/l\/svm-temp\/artiklar\/tillbaka-till-framtiden-i-torremolinos-rockin-race-jamboree-firar-20-ar\/"},"wordCount":1063,"commentCount":0,"publisher":{"@id":"https:\/\/lightweb.dev\/l\/svm-temp\/#organization"},"image":{"@id":"https:\/\/lightweb.dev\/l\/svm-temp\/artiklar\/tillbaka-till-framtiden-i-torremolinos-rockin-race-jamboree-firar-20-ar\/#primaryimage"},"thumbnailUrl":"https:\/\/lightweb.dev\/l\/svm-temp\/wp-content\/uploads\/2022\/04\/tillbaka-till-framtiden-i-torremolinos-rockin-race-jamboree-firar-20-r.png","articleSection":["Artiklar","Kultur &amp; historia"],"inLanguage":"sv-SE"},{"@type":"WebPage","@id":"https:\/\/lightweb.dev\/l\/svm-temp\/artiklar\/tillbaka-till-framtiden-i-torremolinos-rockin-race-jamboree-firar-20-ar\/","url":"https:\/\/lightweb.dev\/l\/svm-temp\/artiklar\/tillbaka-till-framtiden-i-torremolinos-rockin-race-jamboree-firar-20-ar\/","name":"Tillbaka till framtiden i Torremolinos: Rockin' Race Jamboree firar 20 \u00e5r - Svenska Magasinet","isPartOf":{"@id":"https:\/\/lightweb.dev\/l\/svm-temp\/#website"},"primaryImageOfPage":{"@id":"https:\/\/lightweb.dev\/l\/svm-temp\/artiklar\/tillbaka-till-framtiden-i-torremolinos-rockin-race-jamboree-firar-20-ar\/#primaryimage"},"image":{"@id":"https:\/\/lightweb.dev\/l\/svm-temp\/artiklar\/tillbaka-till-framtiden-i-torremolinos-rockin-race-jamboree-firar-20-ar\/#primaryimage"},"thumbnailUrl":"https:\/\/lightweb.dev\/l\/svm-temp\/wp-content\/uploads\/2022\/04\/tillbaka-till-framtiden-i-torremolinos-rockin-race-jamboree-firar-20-r.png","datePublished":"2014-01-09T23:00:00+00:00","breadcrumb":{"@id":"https:\/\/lightweb.dev\/l\/svm-temp\/artiklar\/tillbaka-till-framtiden-i-torremolinos-rockin-race-jamboree-firar-20-ar\/#breadcrumb"},"inLanguage":"sv-SE","potentialAction":[{"@type":"ReadAction","target":["https:\/\/lightweb.dev\/l\/svm-temp\/artiklar\/tillbaka-till-framtiden-i-torremolinos-rockin-race-jamboree-firar-20-ar\/"]}]},{"@type":"ImageObject","inLanguage":"sv-SE","@id":"https:\/\/lightweb.dev\/l\/svm-temp\/artiklar\/tillbaka-till-framtiden-i-torremolinos-rockin-race-jamboree-firar-20-ar\/#primaryimage","url":"https:\/\/lightweb.dev\/l\/svm-temp\/wp-content\/uploads\/2022\/04\/tillbaka-till-framtiden-i-torremolinos-rockin-race-jamboree-firar-20-r.png","contentUrl":"https:\/\/lightweb.dev\/l\/svm-temp\/wp-content\/uploads\/2022\/04\/tillbaka-till-framtiden-i-torremolinos-rockin-race-jamboree-firar-20-r.png","width":280,"height":210},{"@type":"BreadcrumbList","@id":"https:\/\/lightweb.dev\/l\/svm-temp\/artiklar\/tillbaka-till-framtiden-i-torremolinos-rockin-race-jamboree-firar-20-ar\/#breadcrumb","itemListElement":[{"@type":"ListItem","position":1,"name":"Hem","item":"https:\/\/lightweb.dev\/l\/svm-temp\/"},{"@type":"ListItem","position":2,"name":"Tillbaka till framtiden i Torremolinos: Rockin&#8217; Race Jamboree firar 20 \u00e5r"}]},{"@type":"WebSite","@id":"https:\/\/lightweb.dev\/l\/svm-temp\/#website","url":"https:\/\/lightweb.dev\/l\/svm-temp\/","name":"Svenska Magasinet","description":"Dina Spanska nyheter p&aring; Svenska","publisher":{"@id":"https:\/\/lightweb.dev\/l\/svm-temp\/#organization"},"potentialAction":[{"@type":"SearchAction","target":{"@type":"EntryPoint","urlTemplate":"https:\/\/lightweb.dev\/l\/svm-temp\/?s={search_term_string}"},"query-input":{"@type":"PropertyValueSpecification","valueRequired":true,"valueName":"search_term_string"}}],"inLanguage":"sv-SE"},{"@type":"Organization","@id":"https:\/\/lightweb.dev\/l\/svm-temp\/#organization","name":"Melkerson y Nott SL","alternateName":"Svenska Magasinet","url":"https:\/\/lightweb.dev\/l\/svm-temp\/","logo":{"@type":"ImageObject","inLanguage":"sv-SE","@id":"https:\/\/lightweb.dev\/l\/svm-temp\/#\/schema\/logo\/image\/","url":"https:\/\/lightweb.dev\/l\/svm-temp\/wp-content\/uploads\/2025\/02\/SvM-logo-Xtra-Centrerad-SVART.png","contentUrl":"https:\/\/lightweb.dev\/l\/svm-temp\/wp-content\/uploads\/2025\/02\/SvM-logo-Xtra-Centrerad-SVART.png","width":300,"height":99,"caption":"Melkerson y Nott SL"},"image":{"@id":"https:\/\/lightweb.dev\/l\/svm-temp\/#\/schema\/logo\/image\/"},"sameAs":["https:\/\/www.facebook.com\/svenskamagasinet","https:\/\/x.com\/SvenskaMagasine"]},{"@type":"Person","@id":"https:\/\/lightweb.dev\/l\/svm-temp\/#\/schema\/person\/206a3bda5b607b0c25e1749191e4d837","name":"Redaktionen SvM","description":"Redaktionen","sameAs":["https:\/\/lightweb.dev\/l\/svm-temp"],"url":"https:\/\/lightweb.dev\/l\/svm-temp\/reporter\/redaktionen\/"}]}},"_links":{"self":[{"href":"https:\/\/lightweb.dev\/l\/svm-temp\/wp-json\/wp\/v2\/posts\/4727","targetHints":{"allow":["GET"]}}],"collection":[{"href":"https:\/\/lightweb.dev\/l\/svm-temp\/wp-json\/wp\/v2\/posts"}],"about":[{"href":"https:\/\/lightweb.dev\/l\/svm-temp\/wp-json\/wp\/v2\/types\/post"}],"author":[{"embeddable":true,"href":"https:\/\/lightweb.dev\/l\/svm-temp\/wp-json\/wp\/v2\/users\/8"}],"replies":[{"embeddable":true,"href":"https:\/\/lightweb.dev\/l\/svm-temp\/wp-json\/wp\/v2\/comments?post=4727"}],"version-history":[{"count":0,"href":"https:\/\/lightweb.dev\/l\/svm-temp\/wp-json\/wp\/v2\/posts\/4727\/revisions"}],"wp:featuredmedia":[{"embeddable":true,"href":"https:\/\/lightweb.dev\/l\/svm-temp\/wp-json\/wp\/v2\/media\/4728"}],"wp:attachment":[{"href":"https:\/\/lightweb.dev\/l\/svm-temp\/wp-json\/wp\/v2\/media?parent=4727"}],"wp:term":[{"taxonomy":"category","embeddable":true,"href":"https:\/\/lightweb.dev\/l\/svm-temp\/wp-json\/wp\/v2\/categories?post=4727"},{"taxonomy":"post_tag","embeddable":true,"href":"https:\/\/lightweb.dev\/l\/svm-temp\/wp-json\/wp\/v2\/tags?post=4727"}],"curies":[{"name":"wp","href":"https:\/\/api.w.org\/{rel}","templated":true}]}}