{"id":4729,"date":"2013-12-16T00:00:00","date_gmt":"2013-12-15T23:00:00","guid":{"rendered":"https:\/\/lightweb.dev\/l\/svm-temp\/mitt-nya-ansikte\/"},"modified":"2013-12-16T00:00:00","modified_gmt":"2013-12-15T23:00:00","slug":"mitt-nya-ansikte","status":"publish","type":"post","link":"https:\/\/lightweb.dev\/l\/svm-temp\/artiklar\/mitt-nya-ansikte\/","title":{"rendered":"Mitt nya ansikte"},"content":{"rendered":"<p> Jag har f\u00e5tt en rej\u00e4l reprimand. Eller r\u00e4ttare sagt kritik. Svidande s\u00e5dan. Av Hans G<\/p>\n<p>Mina kvinnliga fans, som jag inte visste fanns, har p\u00e5pekat att jag ser f\u00f6r j\u00e4vlig ut p\u00e5 den bild jag anv\u00e4nder till mina kr\u00f6nikor. Det \u00e4r egentligen bara Sambon som inte sagt n\u00e5got, antagligen av fink\u00e4nslighet. F\u00f6r \u00f6vrigt \u00e4r det tummen ner. &#8221;Ad bestias&#8221;, kasta honom \u00e5t vilddjuren som romarna skrek n\u00e4r en gladiator gjort taskigt ifr\u00e5n sig.<\/p>\n<p>&#8221;Du ser ju f\u00f6r tusan ut som om du vore ordf\u00f6rande i Hells Angels&#8221;, som en av dem sa till mig.<\/p>\n<p>Och det g\u00e5r ju inte an. Som den uppm\u00e4rksamme l\u00e4saren givetvis redan noterat har jag dymedelst bytt bild.<br \/>\nH\u00e4r handlar det ju om n\u00e5got som \u00e4r det viktigaste som finns h\u00e4r i livet, n\u00e4mligen om &#8221;image&#8221;, eller &#8221;branding&#8221;, som \u00e4r det senaste mantrat inom PR-branschen. Idag r\u00e4cker det sannerligen inte med att ha en bra produkt, det handlar lika mycket om att skapa ett outgrundligt skimmer omkring sig, n\u00e5got som alla vill ha eller vara. Att forts\u00e4tta att se ut som en Hells Angels-potentat skulle ju d\u00e4rf\u00f6r totalt f\u00f6rst\u00f6ra mitt &#8221;brand&#8221;.<\/p>\n<p>Jag har under l\u00e5ng tid arbetat p\u00e5 att bygga upp min image som en intellektuell, v\u00e4nstervriden sanningss\u00e4gare. Att d\u00e5 bli f\u00f6rknippad med Hells Angels \u00e4r givetvis f\u00f6r\u00f6dande.<\/p>\n<p>Det vore som om Mariano &#8221;ahoj med r framf\u00f6r&#8221; helt pl\u00f6tsligt hade b\u00f6rjat prata. Det skulle p\u00e5 \u00f6gonblicket f\u00f6rst\u00f6ra den image som galicierna under \u00e5rtionden f\u00f6rs\u00f6kt bygga upp. Deras &#8221;brand&#8221; \u00e4r ju att de \u00e4r ett tystl\u00e5tet, idogt arbetande folk som lever under tuffa omst\u00e4ndigheter och knappast l\u00e5ter sig imponeras av n\u00e5got. I varje fall definitivt inte av politiker i Madrid. S\u00e5 det \u00e4r ju inte konstigt att &#8221;ahoj med r framf\u00f6r&#8221; h\u00e5ller k\u00e4ften.<\/p>\n<p>Det \u00e4r med honom som med jultomten. Det g\u00e4ller att odla den image man har. T\u00e4nk om tomtens image hade varit att det bara \u00e4r en gammal sur finnpajsare som sitter uppe i Rovaniemi och kr\u00f6kar. D\u00e4r sitter han hela \u00e5ret med undantag f\u00f6r n\u00e5gra dagar d\u00e5 han f\u00f6rs\u00f6ker nyktra till och f\u00e5 fart p\u00e5 renarna. Hur skulle det se ut? Men som tur \u00e4r har tomten en bra Pr-firma s\u00e5 hans image \u00e4r p\u00e5 topp. Och nu \u00e4r vi ju med stormsteg p\u00e5 v\u00e4g in i den stora illusionens tid. Nu, och s\u00e5 d\u00e4r ett par veckor fram\u00e5t \u00e4r det bara image och branding som g\u00e4ller. Grabbarna och tjejerna som h\u00e5ller p\u00e5 med s\u00e5dant har verkligen julafton.<\/p>\n<p>Allt g\u00e5r att s\u00e4lja med m\u00f6rdande reklam som Bertil Perrolf sj\u00f6ng en g\u00e5ng i tiden. D\u00e5 g\u00e4llde det konserverad gr\u00f6t, nu handlar det om att man kan f\u00e5 ett helt nytt fejs om man kostar p\u00e5 sig ett par tusen sp\u00e4nn och k\u00f6per en speciell salva som definitivt tar d\u00f6d allt vad rynkor heter. En s\u00e5dan salva hade jag beh\u00f6vt men jag \u00e4r inte stadd vid kassa s\u00e5 jag f\u00e5r dras med att se ut som en gammal skr\u00e5puk. Ny bild eller inte. I b\u00e4sta fall f\u00e5r det bli en ny slips. Men visst \u00e4r det fascinerande med alla prylar som finns som g\u00f6r att man blir en helt ny m\u00e4nniska. S\u00e5 det \u00e4r bara att shoppa s\u00e5 dyker man upp p\u00e5 ny\u00e5rsafton med rosenr\u00f6da kinder och solsken i blick. Jag l\u00e4ngtar redan efter julafton och tomten.<\/p>\n<p>Ps. Efter mycket letande har jag nu hittat ordet som betecknar &#8221;svenskhetsivrare&#8221;. Ni vet dom d\u00e4r som efter en halv minut eller s\u00e5 drar till med &#8221;I Sverige g\u00f6r vi&#8230;&#8221;.<\/p>\n<p>Det korrekta uttrycket f\u00f6r dessa individer \u00e4r Svekoman. S\u00e5 \u00e4r det. Ett uttrycksfullt ord, eller hur. S\u00e5 n\u00e4sta g\u00e5ng n\u00e5gon kommer dragandes med &#8221;I Sverige&#8230;&#8221; s\u00e5 \u00e4r det bara att s\u00e4ga, &#8221;Jaha, s\u00e5 du \u00e4r en s\u00e5dan d\u00e4r Svekoman. Dom trodde jag var utd\u00f6da&#8221;. DS.<\/p>\n<p>GOD JUL OCH GOTT NYTT \u00c5R P\u00c5 ER!<\/p>\n","protected":false},"excerpt":{"rendered":"<p>Jag har f\u00e5tt en rej\u00e4l reprimand. Eller r\u00e4ttare sagt kritik. Svidande s\u00e5dan. Av Hans G Mina kvinnliga fans, som jag inte visste fanns, har p\u00e5pekat att jag ser f\u00f6r j\u00e4vlig ut p\u00e5 den bild jag anv\u00e4nder till mina kr\u00f6nikor. Det \u00e4r egentligen bara Sambon som inte sagt n\u00e5got, antagligen av fink\u00e4nslighet. F\u00f6r \u00f6vrigt \u00e4r det [&hellip;]<\/p>\n","protected":false},"author":8,"featured_media":4730,"comment_status":"open","ping_status":"open","sticky":false,"template":"","format":"standard","meta":{"_et_pb_use_builder":"","_et_pb_old_content":"","_et_gb_content_width":"","footnotes":""},"categories":[396,4],"tags":[],"class_list":["post-4729","post","type-post","status-publish","format-standard","has-post-thumbnail","hentry","category-arkiv-artiklar","category-artiklar"],"yoast_head":"<!-- This site is optimized with the Yoast SEO Premium plugin v26.2 (Yoast SEO v27.5) - https:\/\/yoast.com\/product\/yoast-seo-premium-wordpress\/ -->\n<title>Mitt nya ansikte - Svenska Magasinet<\/title>\n<meta name=\"robots\" content=\"noindex, follow, max-snippet:-1, max-image-preview:large, max-video-preview:-1\" \/>\n<meta property=\"og:locale\" content=\"sv_SE\" \/>\n<meta property=\"og:type\" content=\"article\" \/>\n<meta property=\"og:title\" content=\"Mitt nya ansikte\" \/>\n<meta property=\"og:description\" content=\"Jag har f\u00e5tt en rej\u00e4l reprimand. Eller r\u00e4ttare sagt kritik. Svidande s\u00e5dan. Av Hans G Mina kvinnliga fans, som jag inte visste fanns, har p\u00e5pekat att jag ser f\u00f6r j\u00e4vlig ut p\u00e5 den bild jag anv\u00e4nder till mina kr\u00f6nikor. Det \u00e4r egentligen bara Sambon som inte sagt n\u00e5got, antagligen av fink\u00e4nslighet. F\u00f6r \u00f6vrigt \u00e4r det [&hellip;]\" \/>\n<meta property=\"og:url\" content=\"https:\/\/lightweb.dev\/l\/svm-temp\/artiklar\/mitt-nya-ansikte\/\" \/>\n<meta property=\"og:site_name\" content=\"Svenska Magasinet\" \/>\n<meta property=\"article:publisher\" content=\"https:\/\/www.facebook.com\/svenskamagasinet\" \/>\n<meta property=\"article:published_time\" content=\"2013-12-15T23:00:00+00:00\" \/>\n<meta property=\"og:image\" content=\"https:\/\/lightweb.dev\/l\/svm-temp\/wp-content\/uploads\/2022\/04\/mitt-nya-ansikte.png\" \/>\n\t<meta property=\"og:image:width\" content=\"280\" \/>\n\t<meta property=\"og:image:height\" content=\"498\" \/>\n\t<meta property=\"og:image:type\" content=\"image\/png\" \/>\n<meta name=\"author\" content=\"Redaktionen SvM\" \/>\n<meta name=\"twitter:card\" content=\"summary_large_image\" \/>\n<meta name=\"twitter:creator\" content=\"@SvenskaMagasine\" \/>\n<meta name=\"twitter:site\" content=\"@SvenskaMagasine\" \/>\n<script type=\"application\/ld+json\" class=\"yoast-schema-graph\">{\"@context\":\"https:\\\/\\\/schema.org\",\"@graph\":[{\"@type\":\"Article\",\"@id\":\"https:\\\/\\\/lightweb.dev\\\/l\\\/svm-temp\\\/artiklar\\\/mitt-nya-ansikte\\\/#article\",\"isPartOf\":{\"@id\":\"https:\\\/\\\/lightweb.dev\\\/l\\\/svm-temp\\\/artiklar\\\/mitt-nya-ansikte\\\/\"},\"author\":{\"name\":\"Redaktionen SvM\",\"@id\":\"https:\\\/\\\/lightweb.dev\\\/l\\\/svm-temp\\\/#\\\/schema\\\/person\\\/206a3bda5b607b0c25e1749191e4d837\"},\"headline\":\"Mitt nya ansikte\",\"datePublished\":\"2013-12-15T23:00:00+00:00\",\"mainEntityOfPage\":{\"@id\":\"https:\\\/\\\/lightweb.dev\\\/l\\\/svm-temp\\\/artiklar\\\/mitt-nya-ansikte\\\/\"},\"wordCount\":722,\"commentCount\":0,\"publisher\":{\"@id\":\"https:\\\/\\\/lightweb.dev\\\/l\\\/svm-temp\\\/#organization\"},\"image\":{\"@id\":\"https:\\\/\\\/lightweb.dev\\\/l\\\/svm-temp\\\/artiklar\\\/mitt-nya-ansikte\\\/#primaryimage\"},\"thumbnailUrl\":\"https:\\\/\\\/lightweb.dev\\\/l\\\/svm-temp\\\/wp-content\\\/uploads\\\/2022\\\/04\\\/mitt-nya-ansikte.png\",\"articleSection\":[\"Arkiv\",\"Artiklar\"],\"inLanguage\":\"sv-SE\"},{\"@type\":\"WebPage\",\"@id\":\"https:\\\/\\\/lightweb.dev\\\/l\\\/svm-temp\\\/artiklar\\\/mitt-nya-ansikte\\\/\",\"url\":\"https:\\\/\\\/lightweb.dev\\\/l\\\/svm-temp\\\/artiklar\\\/mitt-nya-ansikte\\\/\",\"name\":\"Mitt nya ansikte - Svenska Magasinet\",\"isPartOf\":{\"@id\":\"https:\\\/\\\/lightweb.dev\\\/l\\\/svm-temp\\\/#website\"},\"primaryImageOfPage\":{\"@id\":\"https:\\\/\\\/lightweb.dev\\\/l\\\/svm-temp\\\/artiklar\\\/mitt-nya-ansikte\\\/#primaryimage\"},\"image\":{\"@id\":\"https:\\\/\\\/lightweb.dev\\\/l\\\/svm-temp\\\/artiklar\\\/mitt-nya-ansikte\\\/#primaryimage\"},\"thumbnailUrl\":\"https:\\\/\\\/lightweb.dev\\\/l\\\/svm-temp\\\/wp-content\\\/uploads\\\/2022\\\/04\\\/mitt-nya-ansikte.png\",\"datePublished\":\"2013-12-15T23:00:00+00:00\",\"breadcrumb\":{\"@id\":\"https:\\\/\\\/lightweb.dev\\\/l\\\/svm-temp\\\/artiklar\\\/mitt-nya-ansikte\\\/#breadcrumb\"},\"inLanguage\":\"sv-SE\",\"potentialAction\":[{\"@type\":\"ReadAction\",\"target\":[\"https:\\\/\\\/lightweb.dev\\\/l\\\/svm-temp\\\/artiklar\\\/mitt-nya-ansikte\\\/\"]}]},{\"@type\":\"ImageObject\",\"inLanguage\":\"sv-SE\",\"@id\":\"https:\\\/\\\/lightweb.dev\\\/l\\\/svm-temp\\\/artiklar\\\/mitt-nya-ansikte\\\/#primaryimage\",\"url\":\"https:\\\/\\\/lightweb.dev\\\/l\\\/svm-temp\\\/wp-content\\\/uploads\\\/2022\\\/04\\\/mitt-nya-ansikte.png\",\"contentUrl\":\"https:\\\/\\\/lightweb.dev\\\/l\\\/svm-temp\\\/wp-content\\\/uploads\\\/2022\\\/04\\\/mitt-nya-ansikte.png\",\"width\":280,\"height\":498},{\"@type\":\"BreadcrumbList\",\"@id\":\"https:\\\/\\\/lightweb.dev\\\/l\\\/svm-temp\\\/artiklar\\\/mitt-nya-ansikte\\\/#breadcrumb\",\"itemListElement\":[{\"@type\":\"ListItem\",\"position\":1,\"name\":\"Hem\",\"item\":\"https:\\\/\\\/lightweb.dev\\\/l\\\/svm-temp\\\/\"},{\"@type\":\"ListItem\",\"position\":2,\"name\":\"Mitt nya ansikte\"}]},{\"@type\":\"WebSite\",\"@id\":\"https:\\\/\\\/lightweb.dev\\\/l\\\/svm-temp\\\/#website\",\"url\":\"https:\\\/\\\/lightweb.dev\\\/l\\\/svm-temp\\\/\",\"name\":\"Svenska Magasinet\",\"description\":\"Dina Spanska nyheter p&aring; Svenska\",\"publisher\":{\"@id\":\"https:\\\/\\\/lightweb.dev\\\/l\\\/svm-temp\\\/#organization\"},\"potentialAction\":[{\"@type\":\"SearchAction\",\"target\":{\"@type\":\"EntryPoint\",\"urlTemplate\":\"https:\\\/\\\/lightweb.dev\\\/l\\\/svm-temp\\\/?s={search_term_string}\"},\"query-input\":{\"@type\":\"PropertyValueSpecification\",\"valueRequired\":true,\"valueName\":\"search_term_string\"}}],\"inLanguage\":\"sv-SE\"},{\"@type\":\"Organization\",\"@id\":\"https:\\\/\\\/lightweb.dev\\\/l\\\/svm-temp\\\/#organization\",\"name\":\"Melkerson y Nott SL\",\"alternateName\":\"Svenska Magasinet\",\"url\":\"https:\\\/\\\/lightweb.dev\\\/l\\\/svm-temp\\\/\",\"logo\":{\"@type\":\"ImageObject\",\"inLanguage\":\"sv-SE\",\"@id\":\"https:\\\/\\\/lightweb.dev\\\/l\\\/svm-temp\\\/#\\\/schema\\\/logo\\\/image\\\/\",\"url\":\"https:\\\/\\\/lightweb.dev\\\/l\\\/svm-temp\\\/wp-content\\\/uploads\\\/2025\\\/02\\\/SvM-logo-Xtra-Centrerad-SVART.png\",\"contentUrl\":\"https:\\\/\\\/lightweb.dev\\\/l\\\/svm-temp\\\/wp-content\\\/uploads\\\/2025\\\/02\\\/SvM-logo-Xtra-Centrerad-SVART.png\",\"width\":300,\"height\":99,\"caption\":\"Melkerson y Nott SL\"},\"image\":{\"@id\":\"https:\\\/\\\/lightweb.dev\\\/l\\\/svm-temp\\\/#\\\/schema\\\/logo\\\/image\\\/\"},\"sameAs\":[\"https:\\\/\\\/www.facebook.com\\\/svenskamagasinet\",\"https:\\\/\\\/x.com\\\/SvenskaMagasine\"]},{\"@type\":\"Person\",\"@id\":\"https:\\\/\\\/lightweb.dev\\\/l\\\/svm-temp\\\/#\\\/schema\\\/person\\\/206a3bda5b607b0c25e1749191e4d837\",\"name\":\"Redaktionen SvM\",\"description\":\"Redaktionen\",\"sameAs\":[\"https:\\\/\\\/lightweb.dev\\\/l\\\/svm-temp\"],\"url\":\"https:\\\/\\\/lightweb.dev\\\/l\\\/svm-temp\\\/reporter\\\/redaktionen\\\/\"}]}<\/script>\n<!-- \/ Yoast SEO Premium plugin. -->","yoast_head_json":{"title":"Mitt nya ansikte - Svenska Magasinet","robots":{"index":"noindex","follow":"follow","max-snippet":"max-snippet:-1","max-image-preview":"max-image-preview:large","max-video-preview":"max-video-preview:-1"},"og_locale":"sv_SE","og_type":"article","og_title":"Mitt nya ansikte","og_description":"Jag har f\u00e5tt en rej\u00e4l reprimand. Eller r\u00e4ttare sagt kritik. Svidande s\u00e5dan. Av Hans G Mina kvinnliga fans, som jag inte visste fanns, har p\u00e5pekat att jag ser f\u00f6r j\u00e4vlig ut p\u00e5 den bild jag anv\u00e4nder till mina kr\u00f6nikor. Det \u00e4r egentligen bara Sambon som inte sagt n\u00e5got, antagligen av fink\u00e4nslighet. F\u00f6r \u00f6vrigt \u00e4r det [&hellip;]","og_url":"https:\/\/lightweb.dev\/l\/svm-temp\/artiklar\/mitt-nya-ansikte\/","og_site_name":"Svenska Magasinet","article_publisher":"https:\/\/www.facebook.com\/svenskamagasinet","article_published_time":"2013-12-15T23:00:00+00:00","og_image":[{"width":280,"height":498,"url":"https:\/\/lightweb.dev\/l\/svm-temp\/wp-content\/uploads\/2022\/04\/mitt-nya-ansikte.png","type":"image\/png"}],"author":"Redaktionen SvM","twitter_card":"summary_large_image","twitter_creator":"@SvenskaMagasine","twitter_site":"@SvenskaMagasine","schema":{"@context":"https:\/\/schema.org","@graph":[{"@type":"Article","@id":"https:\/\/lightweb.dev\/l\/svm-temp\/artiklar\/mitt-nya-ansikte\/#article","isPartOf":{"@id":"https:\/\/lightweb.dev\/l\/svm-temp\/artiklar\/mitt-nya-ansikte\/"},"author":{"name":"Redaktionen SvM","@id":"https:\/\/lightweb.dev\/l\/svm-temp\/#\/schema\/person\/206a3bda5b607b0c25e1749191e4d837"},"headline":"Mitt nya ansikte","datePublished":"2013-12-15T23:00:00+00:00","mainEntityOfPage":{"@id":"https:\/\/lightweb.dev\/l\/svm-temp\/artiklar\/mitt-nya-ansikte\/"},"wordCount":722,"commentCount":0,"publisher":{"@id":"https:\/\/lightweb.dev\/l\/svm-temp\/#organization"},"image":{"@id":"https:\/\/lightweb.dev\/l\/svm-temp\/artiklar\/mitt-nya-ansikte\/#primaryimage"},"thumbnailUrl":"https:\/\/lightweb.dev\/l\/svm-temp\/wp-content\/uploads\/2022\/04\/mitt-nya-ansikte.png","articleSection":["Arkiv","Artiklar"],"inLanguage":"sv-SE"},{"@type":"WebPage","@id":"https:\/\/lightweb.dev\/l\/svm-temp\/artiklar\/mitt-nya-ansikte\/","url":"https:\/\/lightweb.dev\/l\/svm-temp\/artiklar\/mitt-nya-ansikte\/","name":"Mitt nya ansikte - Svenska Magasinet","isPartOf":{"@id":"https:\/\/lightweb.dev\/l\/svm-temp\/#website"},"primaryImageOfPage":{"@id":"https:\/\/lightweb.dev\/l\/svm-temp\/artiklar\/mitt-nya-ansikte\/#primaryimage"},"image":{"@id":"https:\/\/lightweb.dev\/l\/svm-temp\/artiklar\/mitt-nya-ansikte\/#primaryimage"},"thumbnailUrl":"https:\/\/lightweb.dev\/l\/svm-temp\/wp-content\/uploads\/2022\/04\/mitt-nya-ansikte.png","datePublished":"2013-12-15T23:00:00+00:00","breadcrumb":{"@id":"https:\/\/lightweb.dev\/l\/svm-temp\/artiklar\/mitt-nya-ansikte\/#breadcrumb"},"inLanguage":"sv-SE","potentialAction":[{"@type":"ReadAction","target":["https:\/\/lightweb.dev\/l\/svm-temp\/artiklar\/mitt-nya-ansikte\/"]}]},{"@type":"ImageObject","inLanguage":"sv-SE","@id":"https:\/\/lightweb.dev\/l\/svm-temp\/artiklar\/mitt-nya-ansikte\/#primaryimage","url":"https:\/\/lightweb.dev\/l\/svm-temp\/wp-content\/uploads\/2022\/04\/mitt-nya-ansikte.png","contentUrl":"https:\/\/lightweb.dev\/l\/svm-temp\/wp-content\/uploads\/2022\/04\/mitt-nya-ansikte.png","width":280,"height":498},{"@type":"BreadcrumbList","@id":"https:\/\/lightweb.dev\/l\/svm-temp\/artiklar\/mitt-nya-ansikte\/#breadcrumb","itemListElement":[{"@type":"ListItem","position":1,"name":"Hem","item":"https:\/\/lightweb.dev\/l\/svm-temp\/"},{"@type":"ListItem","position":2,"name":"Mitt nya ansikte"}]},{"@type":"WebSite","@id":"https:\/\/lightweb.dev\/l\/svm-temp\/#website","url":"https:\/\/lightweb.dev\/l\/svm-temp\/","name":"Svenska Magasinet","description":"Dina Spanska nyheter p&aring; Svenska","publisher":{"@id":"https:\/\/lightweb.dev\/l\/svm-temp\/#organization"},"potentialAction":[{"@type":"SearchAction","target":{"@type":"EntryPoint","urlTemplate":"https:\/\/lightweb.dev\/l\/svm-temp\/?s={search_term_string}"},"query-input":{"@type":"PropertyValueSpecification","valueRequired":true,"valueName":"search_term_string"}}],"inLanguage":"sv-SE"},{"@type":"Organization","@id":"https:\/\/lightweb.dev\/l\/svm-temp\/#organization","name":"Melkerson y Nott SL","alternateName":"Svenska Magasinet","url":"https:\/\/lightweb.dev\/l\/svm-temp\/","logo":{"@type":"ImageObject","inLanguage":"sv-SE","@id":"https:\/\/lightweb.dev\/l\/svm-temp\/#\/schema\/logo\/image\/","url":"https:\/\/lightweb.dev\/l\/svm-temp\/wp-content\/uploads\/2025\/02\/SvM-logo-Xtra-Centrerad-SVART.png","contentUrl":"https:\/\/lightweb.dev\/l\/svm-temp\/wp-content\/uploads\/2025\/02\/SvM-logo-Xtra-Centrerad-SVART.png","width":300,"height":99,"caption":"Melkerson y Nott SL"},"image":{"@id":"https:\/\/lightweb.dev\/l\/svm-temp\/#\/schema\/logo\/image\/"},"sameAs":["https:\/\/www.facebook.com\/svenskamagasinet","https:\/\/x.com\/SvenskaMagasine"]},{"@type":"Person","@id":"https:\/\/lightweb.dev\/l\/svm-temp\/#\/schema\/person\/206a3bda5b607b0c25e1749191e4d837","name":"Redaktionen SvM","description":"Redaktionen","sameAs":["https:\/\/lightweb.dev\/l\/svm-temp"],"url":"https:\/\/lightweb.dev\/l\/svm-temp\/reporter\/redaktionen\/"}]}},"_links":{"self":[{"href":"https:\/\/lightweb.dev\/l\/svm-temp\/wp-json\/wp\/v2\/posts\/4729","targetHints":{"allow":["GET"]}}],"collection":[{"href":"https:\/\/lightweb.dev\/l\/svm-temp\/wp-json\/wp\/v2\/posts"}],"about":[{"href":"https:\/\/lightweb.dev\/l\/svm-temp\/wp-json\/wp\/v2\/types\/post"}],"author":[{"embeddable":true,"href":"https:\/\/lightweb.dev\/l\/svm-temp\/wp-json\/wp\/v2\/users\/8"}],"replies":[{"embeddable":true,"href":"https:\/\/lightweb.dev\/l\/svm-temp\/wp-json\/wp\/v2\/comments?post=4729"}],"version-history":[{"count":0,"href":"https:\/\/lightweb.dev\/l\/svm-temp\/wp-json\/wp\/v2\/posts\/4729\/revisions"}],"wp:featuredmedia":[{"embeddable":true,"href":"https:\/\/lightweb.dev\/l\/svm-temp\/wp-json\/wp\/v2\/media\/4730"}],"wp:attachment":[{"href":"https:\/\/lightweb.dev\/l\/svm-temp\/wp-json\/wp\/v2\/media?parent=4729"}],"wp:term":[{"taxonomy":"category","embeddable":true,"href":"https:\/\/lightweb.dev\/l\/svm-temp\/wp-json\/wp\/v2\/categories?post=4729"},{"taxonomy":"post_tag","embeddable":true,"href":"https:\/\/lightweb.dev\/l\/svm-temp\/wp-json\/wp\/v2\/tags?post=4729"}],"curies":[{"name":"wp","href":"https:\/\/api.w.org\/{rel}","templated":true}]}}