{"id":4731,"date":"2013-12-16T00:00:00","date_gmt":"2013-12-15T23:00:00","guid":{"rendered":"https:\/\/lightweb.dev\/l\/svm-temp\/lantligt-boende-nar-det-ar-som-bast\/"},"modified":"2013-12-16T00:00:00","modified_gmt":"2013-12-15T23:00:00","slug":"lantligt-boende-nar-det-ar-som-bast","status":"publish","type":"post","link":"https:\/\/lightweb.dev\/l\/svm-temp\/artiklar\/lantligt-boende-nar-det-ar-som-bast\/","title":{"rendered":"Lantligt boende n\u00e4r det \u00e4r som b\u00e4st!"},"content":{"rendered":"<p> Fincan \u201dEl Carligto\u201d blickar ut \u00f6ver havet fr\u00e5n en privilegierad position p\u00e5 toppen av en kulle i trakterna av Canillas de Aceituno, en by \u00f6ster om Vi\u00f1uela-sj\u00f6n. Fr\u00e5n det att \u00e4garna f\u00f6r f\u00f6rsta g\u00e5ngen s\u00e5g denna finca, var de f\u00e5ngade.<\/p>\n<p>Utmaningen blev att renovera fincan och g\u00f6ra om den till ett lantligt semesterboende och samtidigt respektera och \u00e5teranv\u00e4nda traditionell arkitektur och lokalt material fr\u00e5n trakten.<\/p>\n<p>Det var inget enkelt renoveringsobjekt men slutresultatet \u00e4r mer \u00e4n v\u00e4l v\u00e4rt allt besv\u00e4r.<\/p>\n<p>Man lyckades \u00e5teranv\u00e4nda golvplattor av terrakotta vilka delvis lagdes utomhus och \u00e4ven inomhus, efter ett n\u00e4tverk f\u00f6r golvv\u00e4rme installerats.<\/p>\n<p>I k\u00f6k och badrum anv\u00e4ndes den traditionella metoden med murade m\u00f6bler, tv\u00e4ttst\u00e4ll, b\u00e4nkar, hyllorosv. Synliga takbj\u00e4lkar m\u00e5lades vita f\u00f6r att ge mer effekt. Alla f\u00f6nster gjordes st\u00f6rre f\u00f6r att sl\u00e4ppa in mer ljus. Man kan nu ta del av vildmarkens sk\u00f6nhet som omg\u00e4rdar hela fincan.<\/p>\n<p>Vitt \u00e4r f\u00e4rgen som dominerar men kontrasterna med gamla f\u00e4rgytorna p\u00e5 d\u00f6rrar och f\u00f6nster fr\u00e5n \u00e5tervunnet byggmaterial, \u00e4r helt underbar.<br \/>\n  Sedan fattades bara att v\u00e4lja m\u00f6bler, tyger och n\u00f6dv\u00e4ndiga tillbeh\u00f6r f\u00f6r att flytta in. Vi valde en eklektisk inredning, en mix av \u00e4garnas samling fr\u00e5n resor, enkla m\u00f6bler med andalusisk inspiration och antika f\u00f6rem\u00e5l med en historia att ber\u00e4tta.  En stor del av dessa f\u00f6rem\u00e5l kommer fr\u00e5n butiken \u201dLa Galeria\u201d.<br \/>\nI n\u00e5gra sovrum h\u00e4nger \u00e4kta, handbroderade Suzanis fr\u00e5n Fj\u00e4rran \u00d6stern, en annan detalj som ni kan hitta i v\u00e5r butik. \u201dEl Carligto\u201d \u00e4r dr\u00f6mprojektet som blev verklighet.<\/p>\n<p>V\u00e4lkomna till v\u00e5r butik och tr\u00e4ffa oss h\u00e4lsar Rocio Arias och Alfonso Campos vid La Galeria, Calle Cruz 34, Nerja, tlf 952 528 607.<\/p>\n","protected":false},"excerpt":{"rendered":"<p>Fincan \u201dEl Carligto\u201d blickar ut \u00f6ver havet fr\u00e5n en privilegierad position p\u00e5 toppen av en kulle i trakterna av Canillas de Aceituno, en by \u00f6ster om Vi\u00f1uela-sj\u00f6n. Fr\u00e5n det att \u00e4garna f\u00f6r f\u00f6rsta g\u00e5ngen s\u00e5g denna finca, var de f\u00e5ngade. Utmaningen blev att renovera fincan och g\u00f6ra om den till ett lantligt semesterboende och samtidigt [&hellip;]<\/p>\n","protected":false},"author":8,"featured_media":4732,"comment_status":"open","ping_status":"open","sticky":false,"template":"","format":"standard","meta":{"_et_pb_use_builder":"","_et_pb_old_content":"","_et_gb_content_width":"","footnotes":""},"categories":[4,37],"tags":[],"class_list":["post-4731","post","type-post","status-publish","format-standard","has-post-thumbnail","hentry","category-artiklar","category-hem-bostad"],"yoast_head":"<!-- This site is optimized with the Yoast SEO Premium plugin v26.2 (Yoast SEO v27.5) - https:\/\/yoast.com\/product\/yoast-seo-premium-wordpress\/ -->\n<title>Lantligt boende n\u00e4r det \u00e4r som b\u00e4st! - Svenska Magasinet<\/title>\n<meta name=\"robots\" content=\"noindex, follow, max-snippet:-1, max-image-preview:large, max-video-preview:-1\" \/>\n<meta property=\"og:locale\" content=\"sv_SE\" \/>\n<meta property=\"og:type\" content=\"article\" \/>\n<meta property=\"og:title\" content=\"Lantligt boende n\u00e4r det \u00e4r som b\u00e4st!\" \/>\n<meta property=\"og:description\" content=\"Fincan \u201dEl Carligto\u201d blickar ut \u00f6ver havet fr\u00e5n en privilegierad position p\u00e5 toppen av en kulle i trakterna av Canillas de Aceituno, en by \u00f6ster om Vi\u00f1uela-sj\u00f6n. Fr\u00e5n det att \u00e4garna f\u00f6r f\u00f6rsta g\u00e5ngen s\u00e5g denna finca, var de f\u00e5ngade. Utmaningen blev att renovera fincan och g\u00f6ra om den till ett lantligt semesterboende och samtidigt [&hellip;]\" \/>\n<meta property=\"og:url\" content=\"https:\/\/lightweb.dev\/l\/svm-temp\/artiklar\/lantligt-boende-nar-det-ar-som-bast\/\" \/>\n<meta property=\"og:site_name\" content=\"Svenska Magasinet\" \/>\n<meta property=\"article:publisher\" content=\"https:\/\/www.facebook.com\/svenskamagasinet\" \/>\n<meta property=\"article:published_time\" content=\"2013-12-15T23:00:00+00:00\" \/>\n<meta property=\"og:image\" content=\"https:\/\/lightweb.dev\/l\/svm-temp\/wp-content\/uploads\/2022\/04\/lantligt-boende-nr-det-r-som-bst.png\" \/>\n\t<meta property=\"og:image:width\" content=\"308\" \/>\n\t<meta property=\"og:image:height\" content=\"200\" \/>\n\t<meta property=\"og:image:type\" content=\"image\/png\" \/>\n<meta name=\"author\" content=\"Redaktionen SvM\" \/>\n<meta name=\"twitter:card\" content=\"summary_large_image\" \/>\n<meta name=\"twitter:creator\" content=\"@SvenskaMagasine\" \/>\n<meta name=\"twitter:site\" content=\"@SvenskaMagasine\" \/>\n<script type=\"application\/ld+json\" class=\"yoast-schema-graph\">{\"@context\":\"https:\\\/\\\/schema.org\",\"@graph\":[{\"@type\":\"Article\",\"@id\":\"https:\\\/\\\/lightweb.dev\\\/l\\\/svm-temp\\\/artiklar\\\/lantligt-boende-nar-det-ar-som-bast\\\/#article\",\"isPartOf\":{\"@id\":\"https:\\\/\\\/lightweb.dev\\\/l\\\/svm-temp\\\/artiklar\\\/lantligt-boende-nar-det-ar-som-bast\\\/\"},\"author\":{\"name\":\"Redaktionen SvM\",\"@id\":\"https:\\\/\\\/lightweb.dev\\\/l\\\/svm-temp\\\/#\\\/schema\\\/person\\\/206a3bda5b607b0c25e1749191e4d837\"},\"headline\":\"Lantligt boende n\u00e4r det \u00e4r som b\u00e4st!\",\"datePublished\":\"2013-12-15T23:00:00+00:00\",\"mainEntityOfPage\":{\"@id\":\"https:\\\/\\\/lightweb.dev\\\/l\\\/svm-temp\\\/artiklar\\\/lantligt-boende-nar-det-ar-som-bast\\\/\"},\"wordCount\":332,\"commentCount\":0,\"publisher\":{\"@id\":\"https:\\\/\\\/lightweb.dev\\\/l\\\/svm-temp\\\/#organization\"},\"image\":{\"@id\":\"https:\\\/\\\/lightweb.dev\\\/l\\\/svm-temp\\\/artiklar\\\/lantligt-boende-nar-det-ar-som-bast\\\/#primaryimage\"},\"thumbnailUrl\":\"https:\\\/\\\/lightweb.dev\\\/l\\\/svm-temp\\\/wp-content\\\/uploads\\\/2022\\\/04\\\/lantligt-boende-nr-det-r-som-bst.png\",\"articleSection\":[\"Artiklar\",\"Hem &amp; bostad\"],\"inLanguage\":\"sv-SE\"},{\"@type\":\"WebPage\",\"@id\":\"https:\\\/\\\/lightweb.dev\\\/l\\\/svm-temp\\\/artiklar\\\/lantligt-boende-nar-det-ar-som-bast\\\/\",\"url\":\"https:\\\/\\\/lightweb.dev\\\/l\\\/svm-temp\\\/artiklar\\\/lantligt-boende-nar-det-ar-som-bast\\\/\",\"name\":\"Lantligt boende n\u00e4r det \u00e4r som b\u00e4st! - Svenska Magasinet\",\"isPartOf\":{\"@id\":\"https:\\\/\\\/lightweb.dev\\\/l\\\/svm-temp\\\/#website\"},\"primaryImageOfPage\":{\"@id\":\"https:\\\/\\\/lightweb.dev\\\/l\\\/svm-temp\\\/artiklar\\\/lantligt-boende-nar-det-ar-som-bast\\\/#primaryimage\"},\"image\":{\"@id\":\"https:\\\/\\\/lightweb.dev\\\/l\\\/svm-temp\\\/artiklar\\\/lantligt-boende-nar-det-ar-som-bast\\\/#primaryimage\"},\"thumbnailUrl\":\"https:\\\/\\\/lightweb.dev\\\/l\\\/svm-temp\\\/wp-content\\\/uploads\\\/2022\\\/04\\\/lantligt-boende-nr-det-r-som-bst.png\",\"datePublished\":\"2013-12-15T23:00:00+00:00\",\"breadcrumb\":{\"@id\":\"https:\\\/\\\/lightweb.dev\\\/l\\\/svm-temp\\\/artiklar\\\/lantligt-boende-nar-det-ar-som-bast\\\/#breadcrumb\"},\"inLanguage\":\"sv-SE\",\"potentialAction\":[{\"@type\":\"ReadAction\",\"target\":[\"https:\\\/\\\/lightweb.dev\\\/l\\\/svm-temp\\\/artiklar\\\/lantligt-boende-nar-det-ar-som-bast\\\/\"]}]},{\"@type\":\"ImageObject\",\"inLanguage\":\"sv-SE\",\"@id\":\"https:\\\/\\\/lightweb.dev\\\/l\\\/svm-temp\\\/artiklar\\\/lantligt-boende-nar-det-ar-som-bast\\\/#primaryimage\",\"url\":\"https:\\\/\\\/lightweb.dev\\\/l\\\/svm-temp\\\/wp-content\\\/uploads\\\/2022\\\/04\\\/lantligt-boende-nr-det-r-som-bst.png\",\"contentUrl\":\"https:\\\/\\\/lightweb.dev\\\/l\\\/svm-temp\\\/wp-content\\\/uploads\\\/2022\\\/04\\\/lantligt-boende-nr-det-r-som-bst.png\",\"width\":308,\"height\":200},{\"@type\":\"BreadcrumbList\",\"@id\":\"https:\\\/\\\/lightweb.dev\\\/l\\\/svm-temp\\\/artiklar\\\/lantligt-boende-nar-det-ar-som-bast\\\/#breadcrumb\",\"itemListElement\":[{\"@type\":\"ListItem\",\"position\":1,\"name\":\"Hem\",\"item\":\"https:\\\/\\\/lightweb.dev\\\/l\\\/svm-temp\\\/\"},{\"@type\":\"ListItem\",\"position\":2,\"name\":\"Lantligt boende n\u00e4r det \u00e4r som b\u00e4st!\"}]},{\"@type\":\"WebSite\",\"@id\":\"https:\\\/\\\/lightweb.dev\\\/l\\\/svm-temp\\\/#website\",\"url\":\"https:\\\/\\\/lightweb.dev\\\/l\\\/svm-temp\\\/\",\"name\":\"Svenska Magasinet\",\"description\":\"Dina Spanska nyheter p&aring; Svenska\",\"publisher\":{\"@id\":\"https:\\\/\\\/lightweb.dev\\\/l\\\/svm-temp\\\/#organization\"},\"potentialAction\":[{\"@type\":\"SearchAction\",\"target\":{\"@type\":\"EntryPoint\",\"urlTemplate\":\"https:\\\/\\\/lightweb.dev\\\/l\\\/svm-temp\\\/?s={search_term_string}\"},\"query-input\":{\"@type\":\"PropertyValueSpecification\",\"valueRequired\":true,\"valueName\":\"search_term_string\"}}],\"inLanguage\":\"sv-SE\"},{\"@type\":\"Organization\",\"@id\":\"https:\\\/\\\/lightweb.dev\\\/l\\\/svm-temp\\\/#organization\",\"name\":\"Melkerson y Nott SL\",\"alternateName\":\"Svenska Magasinet\",\"url\":\"https:\\\/\\\/lightweb.dev\\\/l\\\/svm-temp\\\/\",\"logo\":{\"@type\":\"ImageObject\",\"inLanguage\":\"sv-SE\",\"@id\":\"https:\\\/\\\/lightweb.dev\\\/l\\\/svm-temp\\\/#\\\/schema\\\/logo\\\/image\\\/\",\"url\":\"https:\\\/\\\/lightweb.dev\\\/l\\\/svm-temp\\\/wp-content\\\/uploads\\\/2025\\\/02\\\/SvM-logo-Xtra-Centrerad-SVART.png\",\"contentUrl\":\"https:\\\/\\\/lightweb.dev\\\/l\\\/svm-temp\\\/wp-content\\\/uploads\\\/2025\\\/02\\\/SvM-logo-Xtra-Centrerad-SVART.png\",\"width\":300,\"height\":99,\"caption\":\"Melkerson y Nott SL\"},\"image\":{\"@id\":\"https:\\\/\\\/lightweb.dev\\\/l\\\/svm-temp\\\/#\\\/schema\\\/logo\\\/image\\\/\"},\"sameAs\":[\"https:\\\/\\\/www.facebook.com\\\/svenskamagasinet\",\"https:\\\/\\\/x.com\\\/SvenskaMagasine\"]},{\"@type\":\"Person\",\"@id\":\"https:\\\/\\\/lightweb.dev\\\/l\\\/svm-temp\\\/#\\\/schema\\\/person\\\/206a3bda5b607b0c25e1749191e4d837\",\"name\":\"Redaktionen SvM\",\"description\":\"Redaktionen\",\"sameAs\":[\"https:\\\/\\\/lightweb.dev\\\/l\\\/svm-temp\"],\"url\":\"https:\\\/\\\/lightweb.dev\\\/l\\\/svm-temp\\\/reporter\\\/redaktionen\\\/\"}]}<\/script>\n<!-- \/ Yoast SEO Premium plugin. -->","yoast_head_json":{"title":"Lantligt boende n\u00e4r det \u00e4r som b\u00e4st! - Svenska Magasinet","robots":{"index":"noindex","follow":"follow","max-snippet":"max-snippet:-1","max-image-preview":"max-image-preview:large","max-video-preview":"max-video-preview:-1"},"og_locale":"sv_SE","og_type":"article","og_title":"Lantligt boende n\u00e4r det \u00e4r som b\u00e4st!","og_description":"Fincan \u201dEl Carligto\u201d blickar ut \u00f6ver havet fr\u00e5n en privilegierad position p\u00e5 toppen av en kulle i trakterna av Canillas de Aceituno, en by \u00f6ster om Vi\u00f1uela-sj\u00f6n. Fr\u00e5n det att \u00e4garna f\u00f6r f\u00f6rsta g\u00e5ngen s\u00e5g denna finca, var de f\u00e5ngade. Utmaningen blev att renovera fincan och g\u00f6ra om den till ett lantligt semesterboende och samtidigt [&hellip;]","og_url":"https:\/\/lightweb.dev\/l\/svm-temp\/artiklar\/lantligt-boende-nar-det-ar-som-bast\/","og_site_name":"Svenska Magasinet","article_publisher":"https:\/\/www.facebook.com\/svenskamagasinet","article_published_time":"2013-12-15T23:00:00+00:00","og_image":[{"width":308,"height":200,"url":"https:\/\/lightweb.dev\/l\/svm-temp\/wp-content\/uploads\/2022\/04\/lantligt-boende-nr-det-r-som-bst.png","type":"image\/png"}],"author":"Redaktionen SvM","twitter_card":"summary_large_image","twitter_creator":"@SvenskaMagasine","twitter_site":"@SvenskaMagasine","schema":{"@context":"https:\/\/schema.org","@graph":[{"@type":"Article","@id":"https:\/\/lightweb.dev\/l\/svm-temp\/artiklar\/lantligt-boende-nar-det-ar-som-bast\/#article","isPartOf":{"@id":"https:\/\/lightweb.dev\/l\/svm-temp\/artiklar\/lantligt-boende-nar-det-ar-som-bast\/"},"author":{"name":"Redaktionen SvM","@id":"https:\/\/lightweb.dev\/l\/svm-temp\/#\/schema\/person\/206a3bda5b607b0c25e1749191e4d837"},"headline":"Lantligt boende n\u00e4r det \u00e4r som b\u00e4st!","datePublished":"2013-12-15T23:00:00+00:00","mainEntityOfPage":{"@id":"https:\/\/lightweb.dev\/l\/svm-temp\/artiklar\/lantligt-boende-nar-det-ar-som-bast\/"},"wordCount":332,"commentCount":0,"publisher":{"@id":"https:\/\/lightweb.dev\/l\/svm-temp\/#organization"},"image":{"@id":"https:\/\/lightweb.dev\/l\/svm-temp\/artiklar\/lantligt-boende-nar-det-ar-som-bast\/#primaryimage"},"thumbnailUrl":"https:\/\/lightweb.dev\/l\/svm-temp\/wp-content\/uploads\/2022\/04\/lantligt-boende-nr-det-r-som-bst.png","articleSection":["Artiklar","Hem &amp; bostad"],"inLanguage":"sv-SE"},{"@type":"WebPage","@id":"https:\/\/lightweb.dev\/l\/svm-temp\/artiklar\/lantligt-boende-nar-det-ar-som-bast\/","url":"https:\/\/lightweb.dev\/l\/svm-temp\/artiklar\/lantligt-boende-nar-det-ar-som-bast\/","name":"Lantligt boende n\u00e4r det \u00e4r som b\u00e4st! - Svenska Magasinet","isPartOf":{"@id":"https:\/\/lightweb.dev\/l\/svm-temp\/#website"},"primaryImageOfPage":{"@id":"https:\/\/lightweb.dev\/l\/svm-temp\/artiklar\/lantligt-boende-nar-det-ar-som-bast\/#primaryimage"},"image":{"@id":"https:\/\/lightweb.dev\/l\/svm-temp\/artiklar\/lantligt-boende-nar-det-ar-som-bast\/#primaryimage"},"thumbnailUrl":"https:\/\/lightweb.dev\/l\/svm-temp\/wp-content\/uploads\/2022\/04\/lantligt-boende-nr-det-r-som-bst.png","datePublished":"2013-12-15T23:00:00+00:00","breadcrumb":{"@id":"https:\/\/lightweb.dev\/l\/svm-temp\/artiklar\/lantligt-boende-nar-det-ar-som-bast\/#breadcrumb"},"inLanguage":"sv-SE","potentialAction":[{"@type":"ReadAction","target":["https:\/\/lightweb.dev\/l\/svm-temp\/artiklar\/lantligt-boende-nar-det-ar-som-bast\/"]}]},{"@type":"ImageObject","inLanguage":"sv-SE","@id":"https:\/\/lightweb.dev\/l\/svm-temp\/artiklar\/lantligt-boende-nar-det-ar-som-bast\/#primaryimage","url":"https:\/\/lightweb.dev\/l\/svm-temp\/wp-content\/uploads\/2022\/04\/lantligt-boende-nr-det-r-som-bst.png","contentUrl":"https:\/\/lightweb.dev\/l\/svm-temp\/wp-content\/uploads\/2022\/04\/lantligt-boende-nr-det-r-som-bst.png","width":308,"height":200},{"@type":"BreadcrumbList","@id":"https:\/\/lightweb.dev\/l\/svm-temp\/artiklar\/lantligt-boende-nar-det-ar-som-bast\/#breadcrumb","itemListElement":[{"@type":"ListItem","position":1,"name":"Hem","item":"https:\/\/lightweb.dev\/l\/svm-temp\/"},{"@type":"ListItem","position":2,"name":"Lantligt boende n\u00e4r det \u00e4r som b\u00e4st!"}]},{"@type":"WebSite","@id":"https:\/\/lightweb.dev\/l\/svm-temp\/#website","url":"https:\/\/lightweb.dev\/l\/svm-temp\/","name":"Svenska Magasinet","description":"Dina Spanska nyheter p&aring; Svenska","publisher":{"@id":"https:\/\/lightweb.dev\/l\/svm-temp\/#organization"},"potentialAction":[{"@type":"SearchAction","target":{"@type":"EntryPoint","urlTemplate":"https:\/\/lightweb.dev\/l\/svm-temp\/?s={search_term_string}"},"query-input":{"@type":"PropertyValueSpecification","valueRequired":true,"valueName":"search_term_string"}}],"inLanguage":"sv-SE"},{"@type":"Organization","@id":"https:\/\/lightweb.dev\/l\/svm-temp\/#organization","name":"Melkerson y Nott SL","alternateName":"Svenska Magasinet","url":"https:\/\/lightweb.dev\/l\/svm-temp\/","logo":{"@type":"ImageObject","inLanguage":"sv-SE","@id":"https:\/\/lightweb.dev\/l\/svm-temp\/#\/schema\/logo\/image\/","url":"https:\/\/lightweb.dev\/l\/svm-temp\/wp-content\/uploads\/2025\/02\/SvM-logo-Xtra-Centrerad-SVART.png","contentUrl":"https:\/\/lightweb.dev\/l\/svm-temp\/wp-content\/uploads\/2025\/02\/SvM-logo-Xtra-Centrerad-SVART.png","width":300,"height":99,"caption":"Melkerson y Nott SL"},"image":{"@id":"https:\/\/lightweb.dev\/l\/svm-temp\/#\/schema\/logo\/image\/"},"sameAs":["https:\/\/www.facebook.com\/svenskamagasinet","https:\/\/x.com\/SvenskaMagasine"]},{"@type":"Person","@id":"https:\/\/lightweb.dev\/l\/svm-temp\/#\/schema\/person\/206a3bda5b607b0c25e1749191e4d837","name":"Redaktionen SvM","description":"Redaktionen","sameAs":["https:\/\/lightweb.dev\/l\/svm-temp"],"url":"https:\/\/lightweb.dev\/l\/svm-temp\/reporter\/redaktionen\/"}]}},"_links":{"self":[{"href":"https:\/\/lightweb.dev\/l\/svm-temp\/wp-json\/wp\/v2\/posts\/4731","targetHints":{"allow":["GET"]}}],"collection":[{"href":"https:\/\/lightweb.dev\/l\/svm-temp\/wp-json\/wp\/v2\/posts"}],"about":[{"href":"https:\/\/lightweb.dev\/l\/svm-temp\/wp-json\/wp\/v2\/types\/post"}],"author":[{"embeddable":true,"href":"https:\/\/lightweb.dev\/l\/svm-temp\/wp-json\/wp\/v2\/users\/8"}],"replies":[{"embeddable":true,"href":"https:\/\/lightweb.dev\/l\/svm-temp\/wp-json\/wp\/v2\/comments?post=4731"}],"version-history":[{"count":0,"href":"https:\/\/lightweb.dev\/l\/svm-temp\/wp-json\/wp\/v2\/posts\/4731\/revisions"}],"wp:featuredmedia":[{"embeddable":true,"href":"https:\/\/lightweb.dev\/l\/svm-temp\/wp-json\/wp\/v2\/media\/4732"}],"wp:attachment":[{"href":"https:\/\/lightweb.dev\/l\/svm-temp\/wp-json\/wp\/v2\/media?parent=4731"}],"wp:term":[{"taxonomy":"category","embeddable":true,"href":"https:\/\/lightweb.dev\/l\/svm-temp\/wp-json\/wp\/v2\/categories?post=4731"},{"taxonomy":"post_tag","embeddable":true,"href":"https:\/\/lightweb.dev\/l\/svm-temp\/wp-json\/wp\/v2\/tags?post=4731"}],"curies":[{"name":"wp","href":"https:\/\/api.w.org\/{rel}","templated":true}]}}