{"id":4733,"date":"2013-12-16T00:00:00","date_gmt":"2013-12-15T23:00:00","guid":{"rendered":"https:\/\/lightweb.dev\/l\/svm-temp\/advokatspalten-vad-ska-man-tanka-pa-vid-upprattande-av-vardnadsavtal-i-spanien\/"},"modified":"2013-12-16T00:00:00","modified_gmt":"2013-12-15T23:00:00","slug":"advokatspalten-vad-ska-man-tanka-pa-vid-upprattande-av-vardnadsavtal-i-spanien","status":"publish","type":"post","link":"https:\/\/lightweb.dev\/l\/svm-temp\/artiklar\/advokatspalten-vad-ska-man-tanka-pa-vid-upprattande-av-vardnadsavtal-i-spanien\/","title":{"rendered":"Advokatspalten: Vad ska man t\u00e4nka p\u00e5 vid uppr\u00e4ttande av v\u00e5rdnadsavtal i Spanien?"},"content":{"rendered":"<p> Jag \u00e4r en svensk kvinna som \u00e4r gift med en spansk man, vi har tre barn och \u00e4r bosatta p\u00e5 Solkusten V\u00e5rt f\u00f6rh\u00e5llande har inte varit s\u00e4rskilt bra de senaste \u00e5ren och jag funderar p\u00e5 att skilja mig, flytta tillbaka till Sverige och d\u00e5 vill jag ta med mig barnen.  Vad b\u00f6r jag t\u00e4nka p\u00e5 g\u00e4llande v\u00e5rdnaden om barnen? Av Jonas Nordgren, bitr\u00e4dande jurist vid Advokatfirman G\u00f6ran Rise<\/p>\n<p>Svar: Du kan ans\u00f6ka om \u00e4ktenskapsskillnad vid svensk eller spansk domstol.<\/p>\n<p>V\u00e4ljer Du spansk domstol brukar domen \u00e4ven reglera fr\u00e5gor som v\u00e5rdnaden om barnen, umg\u00e4nge och underh\u00e5ll. F\u00f6r\u00e4ldrarna tr\u00e4ffar vanligtvis ett avtal som bekr\u00e4ftas av domstolen genom en dom.<\/p>\n<p>Domen fr\u00e5n den spanska domstolen accepteras av svenska myndigheter och g\u00e5r att anv\u00e4nda f\u00f6r att registrera vem som \u00e4r v\u00e5rdnadshavare hos det svenska skatteverket. Det g\u00e5r \u00e4ven att med st\u00f6d av den spanska domen beg\u00e4ra verkst\u00e4llighet i svensk domstol av umg\u00e4ngesr\u00e4tten med barnen, till exempel.<\/p>\n<p>Det som \u00e4r mycket viktigt att t\u00e4nka p\u00e5 inf\u00f6r \u00f6verenskommelsen g\u00e4llande v\u00e5rdnaden om barnen \u00e4r utformningen av avtalet. Begreppen inom svensk och spansk r\u00e4tt skiljer sig \u00e5t.<\/p>\n<p>Skatteverket, som \u00e4r den myndighet som skall registrera v\u00e5rdnaden i Sverige och tolka domen, har ingen enhetlig \u00f6vers\u00e4ttning av utl\u00e4ndska v\u00e5rdnadsbegrepp. Det inneb\u00e4r att varje enskilt fall pr\u00f6vas separat av den som handl\u00e4gger \u00e4rendet. Det \u00e4r d\u00e4rf\u00f6r mycket viktigt att det spanska dokumentet \u00e4r utformat p\u00e5 s\u00e5dant vis att tolkningen blir den avsedda i Sverige.<\/p>\n<p>Vi har varit med om fall d\u00e4r det svenska skatteverket har tolkat det spanska v\u00e5rdnadsbegreppet p\u00e5 olika vis, vilket har lett till merkostnader f\u00f6r den som flyttat till Sverige och resultatet inte blev det avsedda.<\/p>\n<p>Inf\u00f6r uppr\u00e4ttandet av ett avtal som skall reglera v\u00e5rdnad om barn \u00e4r det mycket viktigt att kontakta ett ombud som \u00e4r kunnigt i b\u00e5de spansk och svensk r\u00e4tt. Detta g\u00e4ller inte enbart ett v\u00e5rdnadsavtal utan alla typer av spanska dokument som skall anv\u00e4ndas i Sverige.<\/p>\n","protected":false},"excerpt":{"rendered":"<p>Jag \u00e4r en svensk kvinna som \u00e4r gift med en spansk man, vi har tre barn och \u00e4r bosatta p\u00e5 Solkusten V\u00e5rt f\u00f6rh\u00e5llande har inte varit s\u00e4rskilt bra de senaste \u00e5ren och jag funderar p\u00e5 att skilja mig, flytta tillbaka till Sverige och d\u00e5 vill jag ta med mig barnen. Vad b\u00f6r jag t\u00e4nka p\u00e5 [&hellip;]<\/p>\n","protected":false},"author":8,"featured_media":4734,"comment_status":"open","ping_status":"open","sticky":false,"template":"","format":"standard","meta":{"_et_pb_use_builder":"","_et_pb_old_content":"","_et_gb_content_width":"","footnotes":""},"categories":[396,4],"tags":[],"class_list":["post-4733","post","type-post","status-publish","format-standard","has-post-thumbnail","hentry","category-arkiv-artiklar","category-artiklar"],"yoast_head":"<!-- This site is optimized with the Yoast SEO Premium plugin v26.2 (Yoast SEO v27.5) - https:\/\/yoast.com\/product\/yoast-seo-premium-wordpress\/ -->\n<title>Advokatspalten: Vad ska man t\u00e4nka p\u00e5 vid uppr\u00e4ttande av v\u00e5rdnadsavtal i Spanien? - Svenska Magasinet<\/title>\n<meta name=\"robots\" content=\"noindex, follow, max-snippet:-1, max-image-preview:large, max-video-preview:-1\" \/>\n<meta property=\"og:locale\" content=\"sv_SE\" \/>\n<meta property=\"og:type\" content=\"article\" \/>\n<meta property=\"og:title\" content=\"Advokatspalten: Vad ska man t\u00e4nka p\u00e5 vid uppr\u00e4ttande av v\u00e5rdnadsavtal i Spanien?\" \/>\n<meta property=\"og:description\" content=\"Jag \u00e4r en svensk kvinna som \u00e4r gift med en spansk man, vi har tre barn och \u00e4r bosatta p\u00e5 Solkusten V\u00e5rt f\u00f6rh\u00e5llande har inte varit s\u00e4rskilt bra de senaste \u00e5ren och jag funderar p\u00e5 att skilja mig, flytta tillbaka till Sverige och d\u00e5 vill jag ta med mig barnen. Vad b\u00f6r jag t\u00e4nka p\u00e5 [&hellip;]\" \/>\n<meta property=\"og:url\" content=\"https:\/\/lightweb.dev\/l\/svm-temp\/artiklar\/advokatspalten-vad-ska-man-tanka-pa-vid-upprattande-av-vardnadsavtal-i-spanien\/\" \/>\n<meta property=\"og:site_name\" content=\"Svenska Magasinet\" \/>\n<meta property=\"article:publisher\" content=\"https:\/\/www.facebook.com\/svenskamagasinet\" \/>\n<meta property=\"article:published_time\" content=\"2013-12-15T23:00:00+00:00\" \/>\n<meta property=\"og:image\" content=\"https:\/\/lightweb.dev\/l\/svm-temp\/wp-content\/uploads\/2022\/04\/advokatspalten-vad-ska-man-tnka-p-vid-upprttande-av-vrdnadsavtal-i-spanien.png\" \/>\n\t<meta property=\"og:image:width\" content=\"280\" \/>\n\t<meta property=\"og:image:height\" content=\"396\" \/>\n\t<meta property=\"og:image:type\" content=\"image\/png\" \/>\n<meta name=\"author\" content=\"Redaktionen SvM\" \/>\n<meta name=\"twitter:card\" content=\"summary_large_image\" \/>\n<meta name=\"twitter:creator\" content=\"@SvenskaMagasine\" \/>\n<meta name=\"twitter:site\" content=\"@SvenskaMagasine\" \/>\n<script type=\"application\/ld+json\" class=\"yoast-schema-graph\">{\"@context\":\"https:\\\/\\\/schema.org\",\"@graph\":[{\"@type\":\"Article\",\"@id\":\"https:\\\/\\\/lightweb.dev\\\/l\\\/svm-temp\\\/artiklar\\\/advokatspalten-vad-ska-man-tanka-pa-vid-upprattande-av-vardnadsavtal-i-spanien\\\/#article\",\"isPartOf\":{\"@id\":\"https:\\\/\\\/lightweb.dev\\\/l\\\/svm-temp\\\/artiklar\\\/advokatspalten-vad-ska-man-tanka-pa-vid-upprattande-av-vardnadsavtal-i-spanien\\\/\"},\"author\":{\"name\":\"Redaktionen SvM\",\"@id\":\"https:\\\/\\\/lightweb.dev\\\/l\\\/svm-temp\\\/#\\\/schema\\\/person\\\/206a3bda5b607b0c25e1749191e4d837\"},\"headline\":\"Advokatspalten: Vad ska man t\u00e4nka p\u00e5 vid uppr\u00e4ttande av v\u00e5rdnadsavtal i Spanien?\",\"datePublished\":\"2013-12-15T23:00:00+00:00\",\"mainEntityOfPage\":{\"@id\":\"https:\\\/\\\/lightweb.dev\\\/l\\\/svm-temp\\\/artiklar\\\/advokatspalten-vad-ska-man-tanka-pa-vid-upprattande-av-vardnadsavtal-i-spanien\\\/\"},\"wordCount\":386,\"commentCount\":0,\"publisher\":{\"@id\":\"https:\\\/\\\/lightweb.dev\\\/l\\\/svm-temp\\\/#organization\"},\"image\":{\"@id\":\"https:\\\/\\\/lightweb.dev\\\/l\\\/svm-temp\\\/artiklar\\\/advokatspalten-vad-ska-man-tanka-pa-vid-upprattande-av-vardnadsavtal-i-spanien\\\/#primaryimage\"},\"thumbnailUrl\":\"https:\\\/\\\/lightweb.dev\\\/l\\\/svm-temp\\\/wp-content\\\/uploads\\\/2022\\\/04\\\/advokatspalten-vad-ska-man-tnka-p-vid-upprttande-av-vrdnadsavtal-i-spanien.png\",\"articleSection\":[\"Arkiv\",\"Artiklar\"],\"inLanguage\":\"sv-SE\"},{\"@type\":\"WebPage\",\"@id\":\"https:\\\/\\\/lightweb.dev\\\/l\\\/svm-temp\\\/artiklar\\\/advokatspalten-vad-ska-man-tanka-pa-vid-upprattande-av-vardnadsavtal-i-spanien\\\/\",\"url\":\"https:\\\/\\\/lightweb.dev\\\/l\\\/svm-temp\\\/artiklar\\\/advokatspalten-vad-ska-man-tanka-pa-vid-upprattande-av-vardnadsavtal-i-spanien\\\/\",\"name\":\"Advokatspalten: Vad ska man t\u00e4nka p\u00e5 vid uppr\u00e4ttande av v\u00e5rdnadsavtal i Spanien? - Svenska Magasinet\",\"isPartOf\":{\"@id\":\"https:\\\/\\\/lightweb.dev\\\/l\\\/svm-temp\\\/#website\"},\"primaryImageOfPage\":{\"@id\":\"https:\\\/\\\/lightweb.dev\\\/l\\\/svm-temp\\\/artiklar\\\/advokatspalten-vad-ska-man-tanka-pa-vid-upprattande-av-vardnadsavtal-i-spanien\\\/#primaryimage\"},\"image\":{\"@id\":\"https:\\\/\\\/lightweb.dev\\\/l\\\/svm-temp\\\/artiklar\\\/advokatspalten-vad-ska-man-tanka-pa-vid-upprattande-av-vardnadsavtal-i-spanien\\\/#primaryimage\"},\"thumbnailUrl\":\"https:\\\/\\\/lightweb.dev\\\/l\\\/svm-temp\\\/wp-content\\\/uploads\\\/2022\\\/04\\\/advokatspalten-vad-ska-man-tnka-p-vid-upprttande-av-vrdnadsavtal-i-spanien.png\",\"datePublished\":\"2013-12-15T23:00:00+00:00\",\"breadcrumb\":{\"@id\":\"https:\\\/\\\/lightweb.dev\\\/l\\\/svm-temp\\\/artiklar\\\/advokatspalten-vad-ska-man-tanka-pa-vid-upprattande-av-vardnadsavtal-i-spanien\\\/#breadcrumb\"},\"inLanguage\":\"sv-SE\",\"potentialAction\":[{\"@type\":\"ReadAction\",\"target\":[\"https:\\\/\\\/lightweb.dev\\\/l\\\/svm-temp\\\/artiklar\\\/advokatspalten-vad-ska-man-tanka-pa-vid-upprattande-av-vardnadsavtal-i-spanien\\\/\"]}]},{\"@type\":\"ImageObject\",\"inLanguage\":\"sv-SE\",\"@id\":\"https:\\\/\\\/lightweb.dev\\\/l\\\/svm-temp\\\/artiklar\\\/advokatspalten-vad-ska-man-tanka-pa-vid-upprattande-av-vardnadsavtal-i-spanien\\\/#primaryimage\",\"url\":\"https:\\\/\\\/lightweb.dev\\\/l\\\/svm-temp\\\/wp-content\\\/uploads\\\/2022\\\/04\\\/advokatspalten-vad-ska-man-tnka-p-vid-upprttande-av-vrdnadsavtal-i-spanien.png\",\"contentUrl\":\"https:\\\/\\\/lightweb.dev\\\/l\\\/svm-temp\\\/wp-content\\\/uploads\\\/2022\\\/04\\\/advokatspalten-vad-ska-man-tnka-p-vid-upprttande-av-vrdnadsavtal-i-spanien.png\",\"width\":280,\"height\":396},{\"@type\":\"BreadcrumbList\",\"@id\":\"https:\\\/\\\/lightweb.dev\\\/l\\\/svm-temp\\\/artiklar\\\/advokatspalten-vad-ska-man-tanka-pa-vid-upprattande-av-vardnadsavtal-i-spanien\\\/#breadcrumb\",\"itemListElement\":[{\"@type\":\"ListItem\",\"position\":1,\"name\":\"Hem\",\"item\":\"https:\\\/\\\/lightweb.dev\\\/l\\\/svm-temp\\\/\"},{\"@type\":\"ListItem\",\"position\":2,\"name\":\"Advokatspalten: Vad ska man t\u00e4nka p\u00e5 vid uppr\u00e4ttande av v\u00e5rdnadsavtal i Spanien?\"}]},{\"@type\":\"WebSite\",\"@id\":\"https:\\\/\\\/lightweb.dev\\\/l\\\/svm-temp\\\/#website\",\"url\":\"https:\\\/\\\/lightweb.dev\\\/l\\\/svm-temp\\\/\",\"name\":\"Svenska Magasinet\",\"description\":\"Dina Spanska nyheter p&aring; Svenska\",\"publisher\":{\"@id\":\"https:\\\/\\\/lightweb.dev\\\/l\\\/svm-temp\\\/#organization\"},\"potentialAction\":[{\"@type\":\"SearchAction\",\"target\":{\"@type\":\"EntryPoint\",\"urlTemplate\":\"https:\\\/\\\/lightweb.dev\\\/l\\\/svm-temp\\\/?s={search_term_string}\"},\"query-input\":{\"@type\":\"PropertyValueSpecification\",\"valueRequired\":true,\"valueName\":\"search_term_string\"}}],\"inLanguage\":\"sv-SE\"},{\"@type\":\"Organization\",\"@id\":\"https:\\\/\\\/lightweb.dev\\\/l\\\/svm-temp\\\/#organization\",\"name\":\"Melkerson y Nott SL\",\"alternateName\":\"Svenska Magasinet\",\"url\":\"https:\\\/\\\/lightweb.dev\\\/l\\\/svm-temp\\\/\",\"logo\":{\"@type\":\"ImageObject\",\"inLanguage\":\"sv-SE\",\"@id\":\"https:\\\/\\\/lightweb.dev\\\/l\\\/svm-temp\\\/#\\\/schema\\\/logo\\\/image\\\/\",\"url\":\"https:\\\/\\\/lightweb.dev\\\/l\\\/svm-temp\\\/wp-content\\\/uploads\\\/2025\\\/02\\\/SvM-logo-Xtra-Centrerad-SVART.png\",\"contentUrl\":\"https:\\\/\\\/lightweb.dev\\\/l\\\/svm-temp\\\/wp-content\\\/uploads\\\/2025\\\/02\\\/SvM-logo-Xtra-Centrerad-SVART.png\",\"width\":300,\"height\":99,\"caption\":\"Melkerson y Nott SL\"},\"image\":{\"@id\":\"https:\\\/\\\/lightweb.dev\\\/l\\\/svm-temp\\\/#\\\/schema\\\/logo\\\/image\\\/\"},\"sameAs\":[\"https:\\\/\\\/www.facebook.com\\\/svenskamagasinet\",\"https:\\\/\\\/x.com\\\/SvenskaMagasine\"]},{\"@type\":\"Person\",\"@id\":\"https:\\\/\\\/lightweb.dev\\\/l\\\/svm-temp\\\/#\\\/schema\\\/person\\\/206a3bda5b607b0c25e1749191e4d837\",\"name\":\"Redaktionen SvM\",\"description\":\"Redaktionen\",\"sameAs\":[\"https:\\\/\\\/lightweb.dev\\\/l\\\/svm-temp\"],\"url\":\"https:\\\/\\\/lightweb.dev\\\/l\\\/svm-temp\\\/reporter\\\/redaktionen\\\/\"}]}<\/script>\n<!-- \/ Yoast SEO Premium plugin. -->","yoast_head_json":{"title":"Advokatspalten: Vad ska man t\u00e4nka p\u00e5 vid uppr\u00e4ttande av v\u00e5rdnadsavtal i Spanien? - Svenska Magasinet","robots":{"index":"noindex","follow":"follow","max-snippet":"max-snippet:-1","max-image-preview":"max-image-preview:large","max-video-preview":"max-video-preview:-1"},"og_locale":"sv_SE","og_type":"article","og_title":"Advokatspalten: Vad ska man t\u00e4nka p\u00e5 vid uppr\u00e4ttande av v\u00e5rdnadsavtal i Spanien?","og_description":"Jag \u00e4r en svensk kvinna som \u00e4r gift med en spansk man, vi har tre barn och \u00e4r bosatta p\u00e5 Solkusten V\u00e5rt f\u00f6rh\u00e5llande har inte varit s\u00e4rskilt bra de senaste \u00e5ren och jag funderar p\u00e5 att skilja mig, flytta tillbaka till Sverige och d\u00e5 vill jag ta med mig barnen. Vad b\u00f6r jag t\u00e4nka p\u00e5 [&hellip;]","og_url":"https:\/\/lightweb.dev\/l\/svm-temp\/artiklar\/advokatspalten-vad-ska-man-tanka-pa-vid-upprattande-av-vardnadsavtal-i-spanien\/","og_site_name":"Svenska Magasinet","article_publisher":"https:\/\/www.facebook.com\/svenskamagasinet","article_published_time":"2013-12-15T23:00:00+00:00","og_image":[{"width":280,"height":396,"url":"https:\/\/lightweb.dev\/l\/svm-temp\/wp-content\/uploads\/2022\/04\/advokatspalten-vad-ska-man-tnka-p-vid-upprttande-av-vrdnadsavtal-i-spanien.png","type":"image\/png"}],"author":"Redaktionen SvM","twitter_card":"summary_large_image","twitter_creator":"@SvenskaMagasine","twitter_site":"@SvenskaMagasine","schema":{"@context":"https:\/\/schema.org","@graph":[{"@type":"Article","@id":"https:\/\/lightweb.dev\/l\/svm-temp\/artiklar\/advokatspalten-vad-ska-man-tanka-pa-vid-upprattande-av-vardnadsavtal-i-spanien\/#article","isPartOf":{"@id":"https:\/\/lightweb.dev\/l\/svm-temp\/artiklar\/advokatspalten-vad-ska-man-tanka-pa-vid-upprattande-av-vardnadsavtal-i-spanien\/"},"author":{"name":"Redaktionen SvM","@id":"https:\/\/lightweb.dev\/l\/svm-temp\/#\/schema\/person\/206a3bda5b607b0c25e1749191e4d837"},"headline":"Advokatspalten: Vad ska man t\u00e4nka p\u00e5 vid uppr\u00e4ttande av v\u00e5rdnadsavtal i Spanien?","datePublished":"2013-12-15T23:00:00+00:00","mainEntityOfPage":{"@id":"https:\/\/lightweb.dev\/l\/svm-temp\/artiklar\/advokatspalten-vad-ska-man-tanka-pa-vid-upprattande-av-vardnadsavtal-i-spanien\/"},"wordCount":386,"commentCount":0,"publisher":{"@id":"https:\/\/lightweb.dev\/l\/svm-temp\/#organization"},"image":{"@id":"https:\/\/lightweb.dev\/l\/svm-temp\/artiklar\/advokatspalten-vad-ska-man-tanka-pa-vid-upprattande-av-vardnadsavtal-i-spanien\/#primaryimage"},"thumbnailUrl":"https:\/\/lightweb.dev\/l\/svm-temp\/wp-content\/uploads\/2022\/04\/advokatspalten-vad-ska-man-tnka-p-vid-upprttande-av-vrdnadsavtal-i-spanien.png","articleSection":["Arkiv","Artiklar"],"inLanguage":"sv-SE"},{"@type":"WebPage","@id":"https:\/\/lightweb.dev\/l\/svm-temp\/artiklar\/advokatspalten-vad-ska-man-tanka-pa-vid-upprattande-av-vardnadsavtal-i-spanien\/","url":"https:\/\/lightweb.dev\/l\/svm-temp\/artiklar\/advokatspalten-vad-ska-man-tanka-pa-vid-upprattande-av-vardnadsavtal-i-spanien\/","name":"Advokatspalten: Vad ska man t\u00e4nka p\u00e5 vid uppr\u00e4ttande av v\u00e5rdnadsavtal i Spanien? - Svenska Magasinet","isPartOf":{"@id":"https:\/\/lightweb.dev\/l\/svm-temp\/#website"},"primaryImageOfPage":{"@id":"https:\/\/lightweb.dev\/l\/svm-temp\/artiklar\/advokatspalten-vad-ska-man-tanka-pa-vid-upprattande-av-vardnadsavtal-i-spanien\/#primaryimage"},"image":{"@id":"https:\/\/lightweb.dev\/l\/svm-temp\/artiklar\/advokatspalten-vad-ska-man-tanka-pa-vid-upprattande-av-vardnadsavtal-i-spanien\/#primaryimage"},"thumbnailUrl":"https:\/\/lightweb.dev\/l\/svm-temp\/wp-content\/uploads\/2022\/04\/advokatspalten-vad-ska-man-tnka-p-vid-upprttande-av-vrdnadsavtal-i-spanien.png","datePublished":"2013-12-15T23:00:00+00:00","breadcrumb":{"@id":"https:\/\/lightweb.dev\/l\/svm-temp\/artiklar\/advokatspalten-vad-ska-man-tanka-pa-vid-upprattande-av-vardnadsavtal-i-spanien\/#breadcrumb"},"inLanguage":"sv-SE","potentialAction":[{"@type":"ReadAction","target":["https:\/\/lightweb.dev\/l\/svm-temp\/artiklar\/advokatspalten-vad-ska-man-tanka-pa-vid-upprattande-av-vardnadsavtal-i-spanien\/"]}]},{"@type":"ImageObject","inLanguage":"sv-SE","@id":"https:\/\/lightweb.dev\/l\/svm-temp\/artiklar\/advokatspalten-vad-ska-man-tanka-pa-vid-upprattande-av-vardnadsavtal-i-spanien\/#primaryimage","url":"https:\/\/lightweb.dev\/l\/svm-temp\/wp-content\/uploads\/2022\/04\/advokatspalten-vad-ska-man-tnka-p-vid-upprttande-av-vrdnadsavtal-i-spanien.png","contentUrl":"https:\/\/lightweb.dev\/l\/svm-temp\/wp-content\/uploads\/2022\/04\/advokatspalten-vad-ska-man-tnka-p-vid-upprttande-av-vrdnadsavtal-i-spanien.png","width":280,"height":396},{"@type":"BreadcrumbList","@id":"https:\/\/lightweb.dev\/l\/svm-temp\/artiklar\/advokatspalten-vad-ska-man-tanka-pa-vid-upprattande-av-vardnadsavtal-i-spanien\/#breadcrumb","itemListElement":[{"@type":"ListItem","position":1,"name":"Hem","item":"https:\/\/lightweb.dev\/l\/svm-temp\/"},{"@type":"ListItem","position":2,"name":"Advokatspalten: Vad ska man t\u00e4nka p\u00e5 vid uppr\u00e4ttande av v\u00e5rdnadsavtal i Spanien?"}]},{"@type":"WebSite","@id":"https:\/\/lightweb.dev\/l\/svm-temp\/#website","url":"https:\/\/lightweb.dev\/l\/svm-temp\/","name":"Svenska Magasinet","description":"Dina Spanska nyheter p&aring; Svenska","publisher":{"@id":"https:\/\/lightweb.dev\/l\/svm-temp\/#organization"},"potentialAction":[{"@type":"SearchAction","target":{"@type":"EntryPoint","urlTemplate":"https:\/\/lightweb.dev\/l\/svm-temp\/?s={search_term_string}"},"query-input":{"@type":"PropertyValueSpecification","valueRequired":true,"valueName":"search_term_string"}}],"inLanguage":"sv-SE"},{"@type":"Organization","@id":"https:\/\/lightweb.dev\/l\/svm-temp\/#organization","name":"Melkerson y Nott SL","alternateName":"Svenska Magasinet","url":"https:\/\/lightweb.dev\/l\/svm-temp\/","logo":{"@type":"ImageObject","inLanguage":"sv-SE","@id":"https:\/\/lightweb.dev\/l\/svm-temp\/#\/schema\/logo\/image\/","url":"https:\/\/lightweb.dev\/l\/svm-temp\/wp-content\/uploads\/2025\/02\/SvM-logo-Xtra-Centrerad-SVART.png","contentUrl":"https:\/\/lightweb.dev\/l\/svm-temp\/wp-content\/uploads\/2025\/02\/SvM-logo-Xtra-Centrerad-SVART.png","width":300,"height":99,"caption":"Melkerson y Nott SL"},"image":{"@id":"https:\/\/lightweb.dev\/l\/svm-temp\/#\/schema\/logo\/image\/"},"sameAs":["https:\/\/www.facebook.com\/svenskamagasinet","https:\/\/x.com\/SvenskaMagasine"]},{"@type":"Person","@id":"https:\/\/lightweb.dev\/l\/svm-temp\/#\/schema\/person\/206a3bda5b607b0c25e1749191e4d837","name":"Redaktionen SvM","description":"Redaktionen","sameAs":["https:\/\/lightweb.dev\/l\/svm-temp"],"url":"https:\/\/lightweb.dev\/l\/svm-temp\/reporter\/redaktionen\/"}]}},"_links":{"self":[{"href":"https:\/\/lightweb.dev\/l\/svm-temp\/wp-json\/wp\/v2\/posts\/4733","targetHints":{"allow":["GET"]}}],"collection":[{"href":"https:\/\/lightweb.dev\/l\/svm-temp\/wp-json\/wp\/v2\/posts"}],"about":[{"href":"https:\/\/lightweb.dev\/l\/svm-temp\/wp-json\/wp\/v2\/types\/post"}],"author":[{"embeddable":true,"href":"https:\/\/lightweb.dev\/l\/svm-temp\/wp-json\/wp\/v2\/users\/8"}],"replies":[{"embeddable":true,"href":"https:\/\/lightweb.dev\/l\/svm-temp\/wp-json\/wp\/v2\/comments?post=4733"}],"version-history":[{"count":0,"href":"https:\/\/lightweb.dev\/l\/svm-temp\/wp-json\/wp\/v2\/posts\/4733\/revisions"}],"wp:featuredmedia":[{"embeddable":true,"href":"https:\/\/lightweb.dev\/l\/svm-temp\/wp-json\/wp\/v2\/media\/4734"}],"wp:attachment":[{"href":"https:\/\/lightweb.dev\/l\/svm-temp\/wp-json\/wp\/v2\/media?parent=4733"}],"wp:term":[{"taxonomy":"category","embeddable":true,"href":"https:\/\/lightweb.dev\/l\/svm-temp\/wp-json\/wp\/v2\/categories?post=4733"},{"taxonomy":"post_tag","embeddable":true,"href":"https:\/\/lightweb.dev\/l\/svm-temp\/wp-json\/wp\/v2\/tags?post=4733"}],"curies":[{"name":"wp","href":"https:\/\/api.w.org\/{rel}","templated":true}]}}