{"id":4746,"date":"2013-12-12T00:00:00","date_gmt":"2013-12-11T23:00:00","guid":{"rendered":"https:\/\/lightweb.dev\/l\/svm-temp\/spanien-just-nu-skrackens-offer\/"},"modified":"2013-12-12T00:00:00","modified_gmt":"2013-12-11T23:00:00","slug":"spanien-just-nu-skrackens-offer","status":"publish","type":"post","link":"https:\/\/lightweb.dev\/l\/svm-temp\/artiklar\/spanien-just-nu-skrackens-offer\/","title":{"rendered":"Spanien just nu \u2013 skr\u00e4ckens offer"},"content":{"rendered":"<p> Spanien h\u00e5ller p\u00e5 att t\u00f6mma sina f\u00e4ngelser. Terrorister, sexbrottslingar, v\u00e5ldt\u00e4ktsm\u00e4n, m\u00f6rdare och andra v\u00e5ldsverkare sl\u00e4pps fria p\u00e5 l\u00f6pande band efter en v\u00e4gledande dom vid Europadomstolen i Strasbourg. Inrikesdepartementet betonar att de inte kan garantera s\u00e4kerheten f\u00f6r allm\u00e4nheten n\u00e4r v\u00e5ldsverkare och m\u00f6rdare sl\u00e4pps fria. Samtidigt har domen gjort att en annan intressant fr\u00e5ga har kommit upp till ytan; n\u00e4r \u00e4r det dags att f\u00f6rl\u00e5ta. Av Ola Josefsson<\/p>\n<p>F\u00f6rl\u00e5t. Ett litet litet ord p\u00e5 sex bokst\u00e4ver som ibland kan sitta v\u00e4ldigt l\u00e5ngt inne. Ett uppslagsverk f\u00f6rklarar ordet f\u00f6rl\u00e5t med att ha \u00f6verseende med \u00f6vertr\u00e4delse; det att upph\u00f6ra att k\u00e4nna bitterhet mot n\u00e5gon eller kr\u00e4va gottg\u00f6relse f\u00f6r liden of\u00f6rr\u00e4tt.<br \/>\nVar och en av oss \u00f6nskar att andra ska f\u00f6rl\u00e5ta oss n\u00e4r vi har felat. Vi m\u00e4nniskor handlar fel i sm\u00e5tt och i stort. N\u00e4r \u00e4r det egentligen dags att f\u00f6rl\u00e5ta.<\/p>\n<p>N\u00e4r beskedet fr\u00e5n Strasbourg kom publicerade flera dagstidningar dramatiska framsidor i upplagorna. Den konservativa tidningen ABC l\u00e4t en bild fr\u00e5n terroristattentatet 1986 i Madrid som kostade 12 poliser livet t\u00e4cka hela f\u00f6rstasidan med texten\u201d Skr\u00e4cken som Strasbourg vill f\u00f6rl\u00e5ta\u201d.<\/p>\n<p>Spanien \u00e4r ett land som drabbats av otaliga terroristattentat utf\u00f6rda av fr\u00e4mst ETA, al-Qaida och v\u00e4nstergerillan GRAPO. Fr\u00e5n det att ETA inledde sin v\u00e4pnade kamp f\u00f6r ett sj\u00e4lvst\u00e4ndigt socialistiskt Baskien har \u00f6ver 850 m\u00e4nniskor mist livet. Synen p\u00e5 ETA utifr\u00e5n har varierat. Europas v\u00e4nster s\u00e5g ETA som en befrielseorganisation fram till Francos d\u00f6d 1975. N\u00e4r demokratin inf\u00f6rdes st\u00e4mplades ETA som separatist- och terrororganisation. ETA s\u00e5g sig sj\u00e4lva som en socialistisk bev\u00e4pnad befrielsefront.<\/p>\n<p>En av de ETA-terrorister som nyligen sl\u00e4pptes \u00e4r In\u00e9s del Rio. Hon d\u00f6mdes till 3.828 \u00e5rs f\u00e4ngelse f\u00f6r delaktighet i 24 mord. Hon hade avtj\u00e4nat sitt straff 2008, efter strafflindring, men frigavs inte. Europadomstolen f\u00f6r m\u00e4nskliga r\u00e4ttigheter menar att In\u00e9s del Rios fortsatta frihetsber\u00f6vande \u00e4r en kr\u00e4nkning av de grundl\u00e4ggande r\u00e4ttigheterna. Nu \u00e4r Del Rios ute i det fria.<\/p>\n<p>Beskedet fr\u00e5n Strasbourg att annullera \u201dParot doktrinen\u201d har v\u00e4ckt debatter. Regeringen la sig platt f\u00f6r beskedet fr\u00e5n Strasbourg och regeringschefen Mariano Rajoy har inte protesterat. ETA-offrens anh\u00f6riga menar att terrorister sl\u00e4pps fria. Omkring 460 ETA-aktivister satt i somras i anstalter runt om i Spanien. De senaste \u00e5ren har ETA inlett en vapenvila men de har v\u00e4grat att l\u00e4mna ifr\u00e5n sig vapen. <\/p>\n<p>De spanska dagstidningarna har rapporterat om frisl\u00e4ppanden s\u00e5 gott som varje dag sedan beskedet kom. Med utf\u00f6rlig statistik och bilder. Strax f\u00f6re m\u00e5nadsskiftet november\/december hade omkring 70 d\u00f6mda terrorister sl\u00e4ppts fria varav 65 tillh\u00f6r ETA.<\/p>\n<p>Bland de frisl\u00e4ppta hittar vi \u00e4ven namn som Olga Oliveira fr\u00e5n v\u00e4nsterextrema GRAPO som d\u00f6mdes till 23 \u00e5rs f\u00e4ngelse f\u00f6r mordet den 15 juni 1990 p\u00e5 en \u00f6verste i Valladolid. Vi hittar \u00e4ven \u201dhiss-v\u00e5ldt\u00e4ktmannen \u201d Pedro Luis Gallego Fern\u00e1ndez som v\u00e5ldtog och d\u00f6dade tv\u00e5 ton\u00e5rstjejer. Eller \u201dportal-v\u00e5ldt\u00e4ktmannen\u201d Pablo Garc\u00eda Ribado som d\u00f6mdes till 1.721 \u00e5rs f\u00e4ngelse f\u00f6r n\u00e4ra 90 brott.<\/p>\n<p>Detta \u00e4r bara n\u00e5gra av de interner som sl\u00e4ppts fr\u00e5n spanska f\u00e5ngv\u00e5rdsanstalter. Det finns en stigande oro i det spanska samh\u00e4llet. Generalsekreteraren f\u00f6r spanska anstalter, \u00c1ngel Yuste, s\u00e4ger att det bland seriev\u00e5ldt\u00e4ktsm\u00e4n och seriem\u00f6rdare finns \u201den mycket h\u00f6g frekvens av \u00e5terfall. Det \u00e4r m\u00e4nniskor som \u00e4r k\u00e4nsliga och som har ett destruktivt beteende\u201d.<br \/>\n  Nu i dagarna \u00e4r det 40 \u00e5r sedan Luis Carrero Blanco d\u00f6dades vid ett ETA-attentat i Madrid. Han hade p\u00e5 sommaren 1973 blivit utn\u00e4mnd till Spaniens premi\u00e4rminister. Blanco var \u00e4ven vice regeringschef och s\u00e5gs som eftertr\u00e4dare till Franco.<\/p>\n<p>F\u00f6r n\u00e5gra \u00e5r sedan bes\u00f6kte jag platsen, calle de Claudio Coello 104 i Madrid (se kartan nedan). Det var h\u00e4r en fj\u00e4rrstyrd bomb, n\u00e4ra ett ton spr\u00e4ngmedel, under gatan utl\u00f6stes. Bilen, en Dodge 3700 GT, slungades tjugo meter upp i luften. P\u00e5 en husv\u00e4gg vid platsen sitter en minnesplatta. Den 20 december varje \u00e5r pryds platsen av blommor.<\/p>\n<p>Det har skrivits otaliga b\u00f6cker. Konspirationsteorier har presenterats p\u00e5 l\u00f6pande band. 2011 s\u00e4ndes \u00e4ven en miniserie. Den som kommer n\u00e4rmast sanningen \u00e4r Jos\u00e9 Enrique Carrero-Blanco Mart\u00ednez-Hombre, advokat men \u00e4ven barnbarn till Carrero Blanco. I en intervju 2010 sa han:<\/p>\n<p>\u201dAlla som k\u00e4nde min farfar visste att han var monarkist och n\u00e4r v\u00e4l Franco avled skulle han sj\u00e4lv l\u00e4mna in sin avskedsans\u00f6kan och g\u00f6ra Juan Carlos I till ny statschef. Att Luis Carrero Blanco skulle bli Francos eftertr\u00e4dare \u00e4r en av de st\u00f6rsta l\u00f6gnerna i Spaniens politiska historia\u201d.<br \/>\n\u201dJag vet inte om det \u00e4r r\u00e4tt att anv\u00e4nda ordet konspiration, men det \u00e4r m\u00e4rkligt att de kunde gr\u00e4va en tunnel under en gata utan att n\u00e5gon fick veta det, s\u00e4rskilt p\u00e5 en plats med poliser som inte lade m\u00e4rke till konstiga saker\u201d.<\/p>\n<p>Luis Carrero Blanco \u00e4r bara en av \u00f6ver 850 \u201dskr\u00e4ckens offer\u201d. Allt \u00e4r inte l\u00e4tt att f\u00f6rl\u00e5ta. Eller som den judiske forskaren och f\u00f6rfattaren Joseph Jacobs sade en g\u00e5ng att f\u00f6rl\u00e5telse \u00e4r \u201dden \u00e4dlaste och sv\u00e5raste av alla moraliska l\u00e4rdomar\u201d.<\/p>\n<p>\u2026. f\u00f6r \u00f6vrigt anser jag att priserna p\u00e5 betalmotorv\u00e4gen Autopista del la Costa del Sol AP-7 b\u00f6r s\u00e4nkas!<\/p>\n","protected":false},"excerpt":{"rendered":"<p>Spanien h\u00e5ller p\u00e5 att t\u00f6mma sina f\u00e4ngelser. Terrorister, sexbrottslingar, v\u00e5ldt\u00e4ktsm\u00e4n, m\u00f6rdare och andra v\u00e5ldsverkare sl\u00e4pps fria p\u00e5 l\u00f6pande band efter en v\u00e4gledande dom vid Europadomstolen i Strasbourg. Inrikesdepartementet betonar att de inte kan garantera s\u00e4kerheten f\u00f6r allm\u00e4nheten n\u00e4r v\u00e5ldsverkare och m\u00f6rdare sl\u00e4pps fria. Samtidigt har domen gjort att en annan intressant fr\u00e5ga har kommit upp [&hellip;]<\/p>\n","protected":false},"author":8,"featured_media":4747,"comment_status":"open","ping_status":"open","sticky":false,"template":"","format":"standard","meta":{"_et_pb_use_builder":"","_et_pb_old_content":"","_et_gb_content_width":"","footnotes":""},"categories":[4,36],"tags":[],"class_list":["post-4746","post","type-post","status-publish","format-standard","has-post-thumbnail","hentry","category-artiklar","category-spanien-just-nu"],"yoast_head":"<!-- This site is optimized with the Yoast SEO Premium plugin v26.2 (Yoast SEO v27.5) - https:\/\/yoast.com\/product\/yoast-seo-premium-wordpress\/ -->\n<title>Spanien just nu \u2013 skr\u00e4ckens offer - Svenska Magasinet<\/title>\n<meta name=\"robots\" content=\"noindex, follow, max-snippet:-1, max-image-preview:large, max-video-preview:-1\" \/>\n<meta property=\"og:locale\" content=\"sv_SE\" \/>\n<meta property=\"og:type\" content=\"article\" \/>\n<meta property=\"og:title\" content=\"Spanien just nu \u2013 skr\u00e4ckens offer\" \/>\n<meta property=\"og:description\" content=\"Spanien h\u00e5ller p\u00e5 att t\u00f6mma sina f\u00e4ngelser. Terrorister, sexbrottslingar, v\u00e5ldt\u00e4ktsm\u00e4n, m\u00f6rdare och andra v\u00e5ldsverkare sl\u00e4pps fria p\u00e5 l\u00f6pande band efter en v\u00e4gledande dom vid Europadomstolen i Strasbourg. Inrikesdepartementet betonar att de inte kan garantera s\u00e4kerheten f\u00f6r allm\u00e4nheten n\u00e4r v\u00e5ldsverkare och m\u00f6rdare sl\u00e4pps fria. Samtidigt har domen gjort att en annan intressant fr\u00e5ga har kommit upp [&hellip;]\" \/>\n<meta property=\"og:url\" content=\"https:\/\/lightweb.dev\/l\/svm-temp\/artiklar\/spanien-just-nu-skrackens-offer\/\" \/>\n<meta property=\"og:site_name\" content=\"Svenska Magasinet\" \/>\n<meta property=\"article:publisher\" content=\"https:\/\/www.facebook.com\/svenskamagasinet\" \/>\n<meta property=\"article:published_time\" content=\"2013-12-11T23:00:00+00:00\" \/>\n<meta property=\"og:image\" content=\"https:\/\/lightweb.dev\/l\/svm-temp\/wp-content\/uploads\/2022\/04\/spanien-just-nu-skrckens-offer.png\" \/>\n\t<meta property=\"og:image:width\" content=\"280\" \/>\n\t<meta property=\"og:image:height\" content=\"419\" \/>\n\t<meta property=\"og:image:type\" content=\"image\/png\" \/>\n<meta name=\"author\" content=\"Redaktionen SvM\" \/>\n<meta name=\"twitter:card\" content=\"summary_large_image\" \/>\n<meta name=\"twitter:creator\" content=\"@SvenskaMagasine\" \/>\n<meta name=\"twitter:site\" content=\"@SvenskaMagasine\" \/>\n<script type=\"application\/ld+json\" class=\"yoast-schema-graph\">{\"@context\":\"https:\\\/\\\/schema.org\",\"@graph\":[{\"@type\":\"Article\",\"@id\":\"https:\\\/\\\/lightweb.dev\\\/l\\\/svm-temp\\\/artiklar\\\/spanien-just-nu-skrackens-offer\\\/#article\",\"isPartOf\":{\"@id\":\"https:\\\/\\\/lightweb.dev\\\/l\\\/svm-temp\\\/artiklar\\\/spanien-just-nu-skrackens-offer\\\/\"},\"author\":{\"name\":\"Redaktionen SvM\",\"@id\":\"https:\\\/\\\/lightweb.dev\\\/l\\\/svm-temp\\\/#\\\/schema\\\/person\\\/206a3bda5b607b0c25e1749191e4d837\"},\"headline\":\"Spanien just nu \u2013 skr\u00e4ckens offer\",\"datePublished\":\"2013-12-11T23:00:00+00:00\",\"mainEntityOfPage\":{\"@id\":\"https:\\\/\\\/lightweb.dev\\\/l\\\/svm-temp\\\/artiklar\\\/spanien-just-nu-skrackens-offer\\\/\"},\"wordCount\":971,\"commentCount\":0,\"publisher\":{\"@id\":\"https:\\\/\\\/lightweb.dev\\\/l\\\/svm-temp\\\/#organization\"},\"image\":{\"@id\":\"https:\\\/\\\/lightweb.dev\\\/l\\\/svm-temp\\\/artiklar\\\/spanien-just-nu-skrackens-offer\\\/#primaryimage\"},\"thumbnailUrl\":\"https:\\\/\\\/lightweb.dev\\\/l\\\/svm-temp\\\/wp-content\\\/uploads\\\/2022\\\/04\\\/spanien-just-nu-skrckens-offer.png\",\"articleSection\":[\"Artiklar\",\"Spanien just nu\"],\"inLanguage\":\"sv-SE\"},{\"@type\":\"WebPage\",\"@id\":\"https:\\\/\\\/lightweb.dev\\\/l\\\/svm-temp\\\/artiklar\\\/spanien-just-nu-skrackens-offer\\\/\",\"url\":\"https:\\\/\\\/lightweb.dev\\\/l\\\/svm-temp\\\/artiklar\\\/spanien-just-nu-skrackens-offer\\\/\",\"name\":\"Spanien just nu \u2013 skr\u00e4ckens offer - Svenska Magasinet\",\"isPartOf\":{\"@id\":\"https:\\\/\\\/lightweb.dev\\\/l\\\/svm-temp\\\/#website\"},\"primaryImageOfPage\":{\"@id\":\"https:\\\/\\\/lightweb.dev\\\/l\\\/svm-temp\\\/artiklar\\\/spanien-just-nu-skrackens-offer\\\/#primaryimage\"},\"image\":{\"@id\":\"https:\\\/\\\/lightweb.dev\\\/l\\\/svm-temp\\\/artiklar\\\/spanien-just-nu-skrackens-offer\\\/#primaryimage\"},\"thumbnailUrl\":\"https:\\\/\\\/lightweb.dev\\\/l\\\/svm-temp\\\/wp-content\\\/uploads\\\/2022\\\/04\\\/spanien-just-nu-skrckens-offer.png\",\"datePublished\":\"2013-12-11T23:00:00+00:00\",\"breadcrumb\":{\"@id\":\"https:\\\/\\\/lightweb.dev\\\/l\\\/svm-temp\\\/artiklar\\\/spanien-just-nu-skrackens-offer\\\/#breadcrumb\"},\"inLanguage\":\"sv-SE\",\"potentialAction\":[{\"@type\":\"ReadAction\",\"target\":[\"https:\\\/\\\/lightweb.dev\\\/l\\\/svm-temp\\\/artiklar\\\/spanien-just-nu-skrackens-offer\\\/\"]}]},{\"@type\":\"ImageObject\",\"inLanguage\":\"sv-SE\",\"@id\":\"https:\\\/\\\/lightweb.dev\\\/l\\\/svm-temp\\\/artiklar\\\/spanien-just-nu-skrackens-offer\\\/#primaryimage\",\"url\":\"https:\\\/\\\/lightweb.dev\\\/l\\\/svm-temp\\\/wp-content\\\/uploads\\\/2022\\\/04\\\/spanien-just-nu-skrckens-offer.png\",\"contentUrl\":\"https:\\\/\\\/lightweb.dev\\\/l\\\/svm-temp\\\/wp-content\\\/uploads\\\/2022\\\/04\\\/spanien-just-nu-skrckens-offer.png\",\"width\":280,\"height\":419},{\"@type\":\"BreadcrumbList\",\"@id\":\"https:\\\/\\\/lightweb.dev\\\/l\\\/svm-temp\\\/artiklar\\\/spanien-just-nu-skrackens-offer\\\/#breadcrumb\",\"itemListElement\":[{\"@type\":\"ListItem\",\"position\":1,\"name\":\"Hem\",\"item\":\"https:\\\/\\\/lightweb.dev\\\/l\\\/svm-temp\\\/\"},{\"@type\":\"ListItem\",\"position\":2,\"name\":\"Spanien just nu \u2013 skr\u00e4ckens offer\"}]},{\"@type\":\"WebSite\",\"@id\":\"https:\\\/\\\/lightweb.dev\\\/l\\\/svm-temp\\\/#website\",\"url\":\"https:\\\/\\\/lightweb.dev\\\/l\\\/svm-temp\\\/\",\"name\":\"Svenska Magasinet\",\"description\":\"Dina Spanska nyheter p&aring; Svenska\",\"publisher\":{\"@id\":\"https:\\\/\\\/lightweb.dev\\\/l\\\/svm-temp\\\/#organization\"},\"potentialAction\":[{\"@type\":\"SearchAction\",\"target\":{\"@type\":\"EntryPoint\",\"urlTemplate\":\"https:\\\/\\\/lightweb.dev\\\/l\\\/svm-temp\\\/?s={search_term_string}\"},\"query-input\":{\"@type\":\"PropertyValueSpecification\",\"valueRequired\":true,\"valueName\":\"search_term_string\"}}],\"inLanguage\":\"sv-SE\"},{\"@type\":\"Organization\",\"@id\":\"https:\\\/\\\/lightweb.dev\\\/l\\\/svm-temp\\\/#organization\",\"name\":\"Melkerson y Nott SL\",\"alternateName\":\"Svenska Magasinet\",\"url\":\"https:\\\/\\\/lightweb.dev\\\/l\\\/svm-temp\\\/\",\"logo\":{\"@type\":\"ImageObject\",\"inLanguage\":\"sv-SE\",\"@id\":\"https:\\\/\\\/lightweb.dev\\\/l\\\/svm-temp\\\/#\\\/schema\\\/logo\\\/image\\\/\",\"url\":\"https:\\\/\\\/lightweb.dev\\\/l\\\/svm-temp\\\/wp-content\\\/uploads\\\/2025\\\/02\\\/SvM-logo-Xtra-Centrerad-SVART.png\",\"contentUrl\":\"https:\\\/\\\/lightweb.dev\\\/l\\\/svm-temp\\\/wp-content\\\/uploads\\\/2025\\\/02\\\/SvM-logo-Xtra-Centrerad-SVART.png\",\"width\":300,\"height\":99,\"caption\":\"Melkerson y Nott SL\"},\"image\":{\"@id\":\"https:\\\/\\\/lightweb.dev\\\/l\\\/svm-temp\\\/#\\\/schema\\\/logo\\\/image\\\/\"},\"sameAs\":[\"https:\\\/\\\/www.facebook.com\\\/svenskamagasinet\",\"https:\\\/\\\/x.com\\\/SvenskaMagasine\"]},{\"@type\":\"Person\",\"@id\":\"https:\\\/\\\/lightweb.dev\\\/l\\\/svm-temp\\\/#\\\/schema\\\/person\\\/206a3bda5b607b0c25e1749191e4d837\",\"name\":\"Redaktionen SvM\",\"description\":\"Redaktionen\",\"sameAs\":[\"https:\\\/\\\/lightweb.dev\\\/l\\\/svm-temp\"],\"url\":\"https:\\\/\\\/lightweb.dev\\\/l\\\/svm-temp\\\/reporter\\\/redaktionen\\\/\"}]}<\/script>\n<!-- \/ Yoast SEO Premium plugin. -->","yoast_head_json":{"title":"Spanien just nu \u2013 skr\u00e4ckens offer - Svenska Magasinet","robots":{"index":"noindex","follow":"follow","max-snippet":"max-snippet:-1","max-image-preview":"max-image-preview:large","max-video-preview":"max-video-preview:-1"},"og_locale":"sv_SE","og_type":"article","og_title":"Spanien just nu \u2013 skr\u00e4ckens offer","og_description":"Spanien h\u00e5ller p\u00e5 att t\u00f6mma sina f\u00e4ngelser. Terrorister, sexbrottslingar, v\u00e5ldt\u00e4ktsm\u00e4n, m\u00f6rdare och andra v\u00e5ldsverkare sl\u00e4pps fria p\u00e5 l\u00f6pande band efter en v\u00e4gledande dom vid Europadomstolen i Strasbourg. Inrikesdepartementet betonar att de inte kan garantera s\u00e4kerheten f\u00f6r allm\u00e4nheten n\u00e4r v\u00e5ldsverkare och m\u00f6rdare sl\u00e4pps fria. Samtidigt har domen gjort att en annan intressant fr\u00e5ga har kommit upp [&hellip;]","og_url":"https:\/\/lightweb.dev\/l\/svm-temp\/artiklar\/spanien-just-nu-skrackens-offer\/","og_site_name":"Svenska Magasinet","article_publisher":"https:\/\/www.facebook.com\/svenskamagasinet","article_published_time":"2013-12-11T23:00:00+00:00","og_image":[{"width":280,"height":419,"url":"https:\/\/lightweb.dev\/l\/svm-temp\/wp-content\/uploads\/2022\/04\/spanien-just-nu-skrckens-offer.png","type":"image\/png"}],"author":"Redaktionen SvM","twitter_card":"summary_large_image","twitter_creator":"@SvenskaMagasine","twitter_site":"@SvenskaMagasine","schema":{"@context":"https:\/\/schema.org","@graph":[{"@type":"Article","@id":"https:\/\/lightweb.dev\/l\/svm-temp\/artiklar\/spanien-just-nu-skrackens-offer\/#article","isPartOf":{"@id":"https:\/\/lightweb.dev\/l\/svm-temp\/artiklar\/spanien-just-nu-skrackens-offer\/"},"author":{"name":"Redaktionen SvM","@id":"https:\/\/lightweb.dev\/l\/svm-temp\/#\/schema\/person\/206a3bda5b607b0c25e1749191e4d837"},"headline":"Spanien just nu \u2013 skr\u00e4ckens offer","datePublished":"2013-12-11T23:00:00+00:00","mainEntityOfPage":{"@id":"https:\/\/lightweb.dev\/l\/svm-temp\/artiklar\/spanien-just-nu-skrackens-offer\/"},"wordCount":971,"commentCount":0,"publisher":{"@id":"https:\/\/lightweb.dev\/l\/svm-temp\/#organization"},"image":{"@id":"https:\/\/lightweb.dev\/l\/svm-temp\/artiklar\/spanien-just-nu-skrackens-offer\/#primaryimage"},"thumbnailUrl":"https:\/\/lightweb.dev\/l\/svm-temp\/wp-content\/uploads\/2022\/04\/spanien-just-nu-skrckens-offer.png","articleSection":["Artiklar","Spanien just nu"],"inLanguage":"sv-SE"},{"@type":"WebPage","@id":"https:\/\/lightweb.dev\/l\/svm-temp\/artiklar\/spanien-just-nu-skrackens-offer\/","url":"https:\/\/lightweb.dev\/l\/svm-temp\/artiklar\/spanien-just-nu-skrackens-offer\/","name":"Spanien just nu \u2013 skr\u00e4ckens offer - Svenska Magasinet","isPartOf":{"@id":"https:\/\/lightweb.dev\/l\/svm-temp\/#website"},"primaryImageOfPage":{"@id":"https:\/\/lightweb.dev\/l\/svm-temp\/artiklar\/spanien-just-nu-skrackens-offer\/#primaryimage"},"image":{"@id":"https:\/\/lightweb.dev\/l\/svm-temp\/artiklar\/spanien-just-nu-skrackens-offer\/#primaryimage"},"thumbnailUrl":"https:\/\/lightweb.dev\/l\/svm-temp\/wp-content\/uploads\/2022\/04\/spanien-just-nu-skrckens-offer.png","datePublished":"2013-12-11T23:00:00+00:00","breadcrumb":{"@id":"https:\/\/lightweb.dev\/l\/svm-temp\/artiklar\/spanien-just-nu-skrackens-offer\/#breadcrumb"},"inLanguage":"sv-SE","potentialAction":[{"@type":"ReadAction","target":["https:\/\/lightweb.dev\/l\/svm-temp\/artiklar\/spanien-just-nu-skrackens-offer\/"]}]},{"@type":"ImageObject","inLanguage":"sv-SE","@id":"https:\/\/lightweb.dev\/l\/svm-temp\/artiklar\/spanien-just-nu-skrackens-offer\/#primaryimage","url":"https:\/\/lightweb.dev\/l\/svm-temp\/wp-content\/uploads\/2022\/04\/spanien-just-nu-skrckens-offer.png","contentUrl":"https:\/\/lightweb.dev\/l\/svm-temp\/wp-content\/uploads\/2022\/04\/spanien-just-nu-skrckens-offer.png","width":280,"height":419},{"@type":"BreadcrumbList","@id":"https:\/\/lightweb.dev\/l\/svm-temp\/artiklar\/spanien-just-nu-skrackens-offer\/#breadcrumb","itemListElement":[{"@type":"ListItem","position":1,"name":"Hem","item":"https:\/\/lightweb.dev\/l\/svm-temp\/"},{"@type":"ListItem","position":2,"name":"Spanien just nu \u2013 skr\u00e4ckens offer"}]},{"@type":"WebSite","@id":"https:\/\/lightweb.dev\/l\/svm-temp\/#website","url":"https:\/\/lightweb.dev\/l\/svm-temp\/","name":"Svenska Magasinet","description":"Dina Spanska nyheter p&aring; Svenska","publisher":{"@id":"https:\/\/lightweb.dev\/l\/svm-temp\/#organization"},"potentialAction":[{"@type":"SearchAction","target":{"@type":"EntryPoint","urlTemplate":"https:\/\/lightweb.dev\/l\/svm-temp\/?s={search_term_string}"},"query-input":{"@type":"PropertyValueSpecification","valueRequired":true,"valueName":"search_term_string"}}],"inLanguage":"sv-SE"},{"@type":"Organization","@id":"https:\/\/lightweb.dev\/l\/svm-temp\/#organization","name":"Melkerson y Nott SL","alternateName":"Svenska Magasinet","url":"https:\/\/lightweb.dev\/l\/svm-temp\/","logo":{"@type":"ImageObject","inLanguage":"sv-SE","@id":"https:\/\/lightweb.dev\/l\/svm-temp\/#\/schema\/logo\/image\/","url":"https:\/\/lightweb.dev\/l\/svm-temp\/wp-content\/uploads\/2025\/02\/SvM-logo-Xtra-Centrerad-SVART.png","contentUrl":"https:\/\/lightweb.dev\/l\/svm-temp\/wp-content\/uploads\/2025\/02\/SvM-logo-Xtra-Centrerad-SVART.png","width":300,"height":99,"caption":"Melkerson y Nott SL"},"image":{"@id":"https:\/\/lightweb.dev\/l\/svm-temp\/#\/schema\/logo\/image\/"},"sameAs":["https:\/\/www.facebook.com\/svenskamagasinet","https:\/\/x.com\/SvenskaMagasine"]},{"@type":"Person","@id":"https:\/\/lightweb.dev\/l\/svm-temp\/#\/schema\/person\/206a3bda5b607b0c25e1749191e4d837","name":"Redaktionen SvM","description":"Redaktionen","sameAs":["https:\/\/lightweb.dev\/l\/svm-temp"],"url":"https:\/\/lightweb.dev\/l\/svm-temp\/reporter\/redaktionen\/"}]}},"_links":{"self":[{"href":"https:\/\/lightweb.dev\/l\/svm-temp\/wp-json\/wp\/v2\/posts\/4746","targetHints":{"allow":["GET"]}}],"collection":[{"href":"https:\/\/lightweb.dev\/l\/svm-temp\/wp-json\/wp\/v2\/posts"}],"about":[{"href":"https:\/\/lightweb.dev\/l\/svm-temp\/wp-json\/wp\/v2\/types\/post"}],"author":[{"embeddable":true,"href":"https:\/\/lightweb.dev\/l\/svm-temp\/wp-json\/wp\/v2\/users\/8"}],"replies":[{"embeddable":true,"href":"https:\/\/lightweb.dev\/l\/svm-temp\/wp-json\/wp\/v2\/comments?post=4746"}],"version-history":[{"count":0,"href":"https:\/\/lightweb.dev\/l\/svm-temp\/wp-json\/wp\/v2\/posts\/4746\/revisions"}],"wp:featuredmedia":[{"embeddable":true,"href":"https:\/\/lightweb.dev\/l\/svm-temp\/wp-json\/wp\/v2\/media\/4747"}],"wp:attachment":[{"href":"https:\/\/lightweb.dev\/l\/svm-temp\/wp-json\/wp\/v2\/media?parent=4746"}],"wp:term":[{"taxonomy":"category","embeddable":true,"href":"https:\/\/lightweb.dev\/l\/svm-temp\/wp-json\/wp\/v2\/categories?post=4746"},{"taxonomy":"post_tag","embeddable":true,"href":"https:\/\/lightweb.dev\/l\/svm-temp\/wp-json\/wp\/v2\/tags?post=4746"}],"curies":[{"name":"wp","href":"https:\/\/api.w.org\/{rel}","templated":true}]}}