{"id":4750,"date":"2013-12-12T00:00:00","date_gmt":"2013-12-11T23:00:00","guid":{"rendered":"https:\/\/lightweb.dev\/l\/svm-temp\/har-goran-lambertz-ratten-att-forsvara-sig\/"},"modified":"2013-12-12T00:00:00","modified_gmt":"2013-12-11T23:00:00","slug":"har-goran-lambertz-ratten-att-forsvara-sig","status":"publish","type":"post","link":"https:\/\/lightweb.dev\/l\/svm-temp\/artiklar\/har-goran-lambertz-ratten-att-forsvara-sig\/","title":{"rendered":"Har G\u00f6ran Lambertz r\u00e4tten att f\u00f6rsvara sig?"},"content":{"rendered":"<p> I den p\u00e5g\u00e5ende debatten om de friande domarna f\u00f6r Sture Bergwall har f.d. justitiekanslern, numera justitier\u00e5det, G\u00f6ran Lambertz f\u00e5tt l\u00f6pa gatlopp f\u00f6r att han uttalat att en friande dom inte betyder att Sture Bergwall \u00e4r oskyldig. Hans uttalande har uppr\u00f6rt och hans domarg\u00e4rning i H\u00f6gsta domstolen har ifr\u00e5gasatts p\u00e5 grund av d\u00e5ligt omd\u00f6me.<\/p>\n<p>Hur \u00e4r det nu med detta?<br \/>\nEn dom, som ogillar \u00e5talet, \u00e4r grundad p\u00e5 att \u00e5klagaren inte utom allt rimligt tvivel kunnat bevisa, att den \u00e5talade beg\u00e5tt den p\u00e5st\u00e5dda g\u00e4rningen. Det \u00e4r en grov missuppfattning att tro, att domstolen tar st\u00e4llning till fr\u00e5gan om den \u00e5talade \u00e4r skyldig eller oskyldig.  Det \u00e4r inte domstolens sak att reda ut vad som \u00e4r sanningen. Detta tycks vara sv\u00e5rbegripligt f\u00f6r m\u00e5nga.<\/p>\n<p>De friande domarna mot Sture Bergwall inneh\u00e5ller inget uttalande fr\u00e5n domstolen att Sture Bergwall \u00e4r oskyldig.  G\u00f6ran Lambertz uttalande, att Sture Bergwall kan vara skyldig, \u00e4r f\u00f6rvisso att spetsa till saken, som kan vara sv\u00e5rt f\u00f6r gemene man att f\u00f6rst\u00e5. Hans uttalande i fr\u00e5gan om skyldig eller oskyldig \u00e4r &#8211; enligt min uppfattning sakligt korrekt \u2013 \u00e4ven om det \u00e4r mycket provocerande.<\/p>\n<p>Den andra fr\u00e5gan, som hetsat upp m\u00e5nga, \u00e4r om r\u00e4ttsf\u00f6rfarandet mot Thomas Quick inneb\u00e4r en r\u00e4ttsskandal. G\u00f6ran Lambertz har som tidigare justitiekansler tagit st\u00e4llning f\u00f6r att det inte har varit ett haveri i r\u00e4ttsutredningen. Han har r\u00e4tt att nu g\u00e5 i svarom\u00e5l och alltj\u00e4mt h\u00e4vda att hans tidigare granskning st\u00e5r sig. Han har r\u00e4tten att f\u00f6rsvara sitt st\u00e4llningstagande och vidh\u00e5lla sin uppfattning. I denna fr\u00e5ga spelar det ingen roll om G\u00f6ran Lambertz st\u00e5r ensam p\u00e5 barrikaderna som en Sancho Panza.<\/p>\n<p>Den som i tr\u00e5ngm\u00e5l \u00e4r sin egen advokat och talar i sin egen sak b\u00f6r noga reflektera \u00f6ver sin roll. M\u00e5h\u00e4nda har G\u00f6ran Lambertz \u00f6verskattat sin egen f\u00f6rm\u00e5ga att f\u00f6rsvara sig.<\/p>\n<p>Den hetsjakt som piskat upp st\u00e4mningen mot honom \u00e4r d\u00e4rf\u00f6r obefogad.<\/p>\n<p>En annan sak \u00e4r att m\u00e5len mot Thomas Quick lett till att de som utf\u00f6rt dessa bestialiska brott nu g\u00e5tt fria.  Detta \u00e4r f\u00f6rvisso en r\u00e4ttsskandal!<\/p>\n<p>Jag betackar mig dock f\u00f6r att denna skandal blir till underh\u00e5llning i media.<\/p>\n<p>Nueva Andalucia (Malaga)<br \/>\nG\u00f6ran Rise<br \/>\nAdvokat<\/p>\n","protected":false},"excerpt":{"rendered":"<p>I den p\u00e5g\u00e5ende debatten om de friande domarna f\u00f6r Sture Bergwall har f.d. justitiekanslern, numera justitier\u00e5det, G\u00f6ran Lambertz f\u00e5tt l\u00f6pa gatlopp f\u00f6r att han uttalat att en friande dom inte betyder att Sture Bergwall \u00e4r oskyldig. Hans uttalande har uppr\u00f6rt och hans domarg\u00e4rning i H\u00f6gsta domstolen har ifr\u00e5gasatts p\u00e5 grund av d\u00e5ligt omd\u00f6me. Hur \u00e4r [&hellip;]<\/p>\n","protected":false},"author":8,"featured_media":4751,"comment_status":"open","ping_status":"open","sticky":false,"template":"","format":"standard","meta":{"_et_pb_use_builder":"","_et_pb_old_content":"","_et_gb_content_width":"","footnotes":""},"categories":[396,4],"tags":[],"class_list":["post-4750","post","type-post","status-publish","format-standard","has-post-thumbnail","hentry","category-arkiv-artiklar","category-artiklar"],"yoast_head":"<!-- This site is optimized with the Yoast SEO Premium plugin v26.2 (Yoast SEO v27.5) - https:\/\/yoast.com\/product\/yoast-seo-premium-wordpress\/ -->\n<title>Har G\u00f6ran Lambertz r\u00e4tten att f\u00f6rsvara sig? - Svenska Magasinet<\/title>\n<meta name=\"robots\" content=\"noindex, follow, max-snippet:-1, max-image-preview:large, max-video-preview:-1\" \/>\n<meta property=\"og:locale\" content=\"sv_SE\" \/>\n<meta property=\"og:type\" content=\"article\" \/>\n<meta property=\"og:title\" content=\"Har G\u00f6ran Lambertz r\u00e4tten att f\u00f6rsvara sig?\" \/>\n<meta property=\"og:description\" content=\"I den p\u00e5g\u00e5ende debatten om de friande domarna f\u00f6r Sture Bergwall har f.d. justitiekanslern, numera justitier\u00e5det, G\u00f6ran Lambertz f\u00e5tt l\u00f6pa gatlopp f\u00f6r att han uttalat att en friande dom inte betyder att Sture Bergwall \u00e4r oskyldig. Hans uttalande har uppr\u00f6rt och hans domarg\u00e4rning i H\u00f6gsta domstolen har ifr\u00e5gasatts p\u00e5 grund av d\u00e5ligt omd\u00f6me. Hur \u00e4r [&hellip;]\" \/>\n<meta property=\"og:url\" content=\"https:\/\/lightweb.dev\/l\/svm-temp\/artiklar\/har-goran-lambertz-ratten-att-forsvara-sig\/\" \/>\n<meta property=\"og:site_name\" content=\"Svenska Magasinet\" \/>\n<meta property=\"article:publisher\" content=\"https:\/\/www.facebook.com\/svenskamagasinet\" \/>\n<meta property=\"article:published_time\" content=\"2013-12-11T23:00:00+00:00\" \/>\n<meta property=\"og:image\" content=\"https:\/\/lightweb.dev\/l\/svm-temp\/wp-content\/uploads\/2022\/04\/har-gran-lambertz-rtten-att-frsvara-sig.png\" \/>\n\t<meta property=\"og:image:width\" content=\"299\" \/>\n\t<meta property=\"og:image:height\" content=\"200\" \/>\n\t<meta property=\"og:image:type\" content=\"image\/png\" \/>\n<meta name=\"author\" content=\"Redaktionen SvM\" \/>\n<meta name=\"twitter:card\" content=\"summary_large_image\" \/>\n<meta name=\"twitter:creator\" content=\"@SvenskaMagasine\" \/>\n<meta name=\"twitter:site\" content=\"@SvenskaMagasine\" \/>\n<script type=\"application\/ld+json\" class=\"yoast-schema-graph\">{\"@context\":\"https:\\\/\\\/schema.org\",\"@graph\":[{\"@type\":\"Article\",\"@id\":\"https:\\\/\\\/lightweb.dev\\\/l\\\/svm-temp\\\/artiklar\\\/har-goran-lambertz-ratten-att-forsvara-sig\\\/#article\",\"isPartOf\":{\"@id\":\"https:\\\/\\\/lightweb.dev\\\/l\\\/svm-temp\\\/artiklar\\\/har-goran-lambertz-ratten-att-forsvara-sig\\\/\"},\"author\":{\"name\":\"Redaktionen SvM\",\"@id\":\"https:\\\/\\\/lightweb.dev\\\/l\\\/svm-temp\\\/#\\\/schema\\\/person\\\/206a3bda5b607b0c25e1749191e4d837\"},\"headline\":\"Har G\u00f6ran Lambertz r\u00e4tten att f\u00f6rsvara sig?\",\"datePublished\":\"2013-12-11T23:00:00+00:00\",\"mainEntityOfPage\":{\"@id\":\"https:\\\/\\\/lightweb.dev\\\/l\\\/svm-temp\\\/artiklar\\\/har-goran-lambertz-ratten-att-forsvara-sig\\\/\"},\"wordCount\":433,\"commentCount\":0,\"publisher\":{\"@id\":\"https:\\\/\\\/lightweb.dev\\\/l\\\/svm-temp\\\/#organization\"},\"image\":{\"@id\":\"https:\\\/\\\/lightweb.dev\\\/l\\\/svm-temp\\\/artiklar\\\/har-goran-lambertz-ratten-att-forsvara-sig\\\/#primaryimage\"},\"thumbnailUrl\":\"https:\\\/\\\/lightweb.dev\\\/l\\\/svm-temp\\\/wp-content\\\/uploads\\\/2022\\\/04\\\/har-gran-lambertz-rtten-att-frsvara-sig.png\",\"articleSection\":[\"Arkiv\",\"Artiklar\"],\"inLanguage\":\"sv-SE\"},{\"@type\":\"WebPage\",\"@id\":\"https:\\\/\\\/lightweb.dev\\\/l\\\/svm-temp\\\/artiklar\\\/har-goran-lambertz-ratten-att-forsvara-sig\\\/\",\"url\":\"https:\\\/\\\/lightweb.dev\\\/l\\\/svm-temp\\\/artiklar\\\/har-goran-lambertz-ratten-att-forsvara-sig\\\/\",\"name\":\"Har G\u00f6ran Lambertz r\u00e4tten att f\u00f6rsvara sig? - Svenska Magasinet\",\"isPartOf\":{\"@id\":\"https:\\\/\\\/lightweb.dev\\\/l\\\/svm-temp\\\/#website\"},\"primaryImageOfPage\":{\"@id\":\"https:\\\/\\\/lightweb.dev\\\/l\\\/svm-temp\\\/artiklar\\\/har-goran-lambertz-ratten-att-forsvara-sig\\\/#primaryimage\"},\"image\":{\"@id\":\"https:\\\/\\\/lightweb.dev\\\/l\\\/svm-temp\\\/artiklar\\\/har-goran-lambertz-ratten-att-forsvara-sig\\\/#primaryimage\"},\"thumbnailUrl\":\"https:\\\/\\\/lightweb.dev\\\/l\\\/svm-temp\\\/wp-content\\\/uploads\\\/2022\\\/04\\\/har-gran-lambertz-rtten-att-frsvara-sig.png\",\"datePublished\":\"2013-12-11T23:00:00+00:00\",\"breadcrumb\":{\"@id\":\"https:\\\/\\\/lightweb.dev\\\/l\\\/svm-temp\\\/artiklar\\\/har-goran-lambertz-ratten-att-forsvara-sig\\\/#breadcrumb\"},\"inLanguage\":\"sv-SE\",\"potentialAction\":[{\"@type\":\"ReadAction\",\"target\":[\"https:\\\/\\\/lightweb.dev\\\/l\\\/svm-temp\\\/artiklar\\\/har-goran-lambertz-ratten-att-forsvara-sig\\\/\"]}]},{\"@type\":\"ImageObject\",\"inLanguage\":\"sv-SE\",\"@id\":\"https:\\\/\\\/lightweb.dev\\\/l\\\/svm-temp\\\/artiklar\\\/har-goran-lambertz-ratten-att-forsvara-sig\\\/#primaryimage\",\"url\":\"https:\\\/\\\/lightweb.dev\\\/l\\\/svm-temp\\\/wp-content\\\/uploads\\\/2022\\\/04\\\/har-gran-lambertz-rtten-att-frsvara-sig.png\",\"contentUrl\":\"https:\\\/\\\/lightweb.dev\\\/l\\\/svm-temp\\\/wp-content\\\/uploads\\\/2022\\\/04\\\/har-gran-lambertz-rtten-att-frsvara-sig.png\",\"width\":299,\"height\":200},{\"@type\":\"BreadcrumbList\",\"@id\":\"https:\\\/\\\/lightweb.dev\\\/l\\\/svm-temp\\\/artiklar\\\/har-goran-lambertz-ratten-att-forsvara-sig\\\/#breadcrumb\",\"itemListElement\":[{\"@type\":\"ListItem\",\"position\":1,\"name\":\"Hem\",\"item\":\"https:\\\/\\\/lightweb.dev\\\/l\\\/svm-temp\\\/\"},{\"@type\":\"ListItem\",\"position\":2,\"name\":\"Har G\u00f6ran Lambertz r\u00e4tten att f\u00f6rsvara sig?\"}]},{\"@type\":\"WebSite\",\"@id\":\"https:\\\/\\\/lightweb.dev\\\/l\\\/svm-temp\\\/#website\",\"url\":\"https:\\\/\\\/lightweb.dev\\\/l\\\/svm-temp\\\/\",\"name\":\"Svenska Magasinet\",\"description\":\"Dina Spanska nyheter p&aring; Svenska\",\"publisher\":{\"@id\":\"https:\\\/\\\/lightweb.dev\\\/l\\\/svm-temp\\\/#organization\"},\"potentialAction\":[{\"@type\":\"SearchAction\",\"target\":{\"@type\":\"EntryPoint\",\"urlTemplate\":\"https:\\\/\\\/lightweb.dev\\\/l\\\/svm-temp\\\/?s={search_term_string}\"},\"query-input\":{\"@type\":\"PropertyValueSpecification\",\"valueRequired\":true,\"valueName\":\"search_term_string\"}}],\"inLanguage\":\"sv-SE\"},{\"@type\":\"Organization\",\"@id\":\"https:\\\/\\\/lightweb.dev\\\/l\\\/svm-temp\\\/#organization\",\"name\":\"Melkerson y Nott SL\",\"alternateName\":\"Svenska Magasinet\",\"url\":\"https:\\\/\\\/lightweb.dev\\\/l\\\/svm-temp\\\/\",\"logo\":{\"@type\":\"ImageObject\",\"inLanguage\":\"sv-SE\",\"@id\":\"https:\\\/\\\/lightweb.dev\\\/l\\\/svm-temp\\\/#\\\/schema\\\/logo\\\/image\\\/\",\"url\":\"https:\\\/\\\/lightweb.dev\\\/l\\\/svm-temp\\\/wp-content\\\/uploads\\\/2025\\\/02\\\/SvM-logo-Xtra-Centrerad-SVART.png\",\"contentUrl\":\"https:\\\/\\\/lightweb.dev\\\/l\\\/svm-temp\\\/wp-content\\\/uploads\\\/2025\\\/02\\\/SvM-logo-Xtra-Centrerad-SVART.png\",\"width\":300,\"height\":99,\"caption\":\"Melkerson y Nott SL\"},\"image\":{\"@id\":\"https:\\\/\\\/lightweb.dev\\\/l\\\/svm-temp\\\/#\\\/schema\\\/logo\\\/image\\\/\"},\"sameAs\":[\"https:\\\/\\\/www.facebook.com\\\/svenskamagasinet\",\"https:\\\/\\\/x.com\\\/SvenskaMagasine\"]},{\"@type\":\"Person\",\"@id\":\"https:\\\/\\\/lightweb.dev\\\/l\\\/svm-temp\\\/#\\\/schema\\\/person\\\/206a3bda5b607b0c25e1749191e4d837\",\"name\":\"Redaktionen SvM\",\"description\":\"Redaktionen\",\"sameAs\":[\"https:\\\/\\\/lightweb.dev\\\/l\\\/svm-temp\"],\"url\":\"https:\\\/\\\/lightweb.dev\\\/l\\\/svm-temp\\\/reporter\\\/redaktionen\\\/\"}]}<\/script>\n<!-- \/ Yoast SEO Premium plugin. -->","yoast_head_json":{"title":"Har G\u00f6ran Lambertz r\u00e4tten att f\u00f6rsvara sig? - Svenska Magasinet","robots":{"index":"noindex","follow":"follow","max-snippet":"max-snippet:-1","max-image-preview":"max-image-preview:large","max-video-preview":"max-video-preview:-1"},"og_locale":"sv_SE","og_type":"article","og_title":"Har G\u00f6ran Lambertz r\u00e4tten att f\u00f6rsvara sig?","og_description":"I den p\u00e5g\u00e5ende debatten om de friande domarna f\u00f6r Sture Bergwall har f.d. justitiekanslern, numera justitier\u00e5det, G\u00f6ran Lambertz f\u00e5tt l\u00f6pa gatlopp f\u00f6r att han uttalat att en friande dom inte betyder att Sture Bergwall \u00e4r oskyldig. Hans uttalande har uppr\u00f6rt och hans domarg\u00e4rning i H\u00f6gsta domstolen har ifr\u00e5gasatts p\u00e5 grund av d\u00e5ligt omd\u00f6me. Hur \u00e4r [&hellip;]","og_url":"https:\/\/lightweb.dev\/l\/svm-temp\/artiklar\/har-goran-lambertz-ratten-att-forsvara-sig\/","og_site_name":"Svenska Magasinet","article_publisher":"https:\/\/www.facebook.com\/svenskamagasinet","article_published_time":"2013-12-11T23:00:00+00:00","og_image":[{"width":299,"height":200,"url":"https:\/\/lightweb.dev\/l\/svm-temp\/wp-content\/uploads\/2022\/04\/har-gran-lambertz-rtten-att-frsvara-sig.png","type":"image\/png"}],"author":"Redaktionen SvM","twitter_card":"summary_large_image","twitter_creator":"@SvenskaMagasine","twitter_site":"@SvenskaMagasine","schema":{"@context":"https:\/\/schema.org","@graph":[{"@type":"Article","@id":"https:\/\/lightweb.dev\/l\/svm-temp\/artiklar\/har-goran-lambertz-ratten-att-forsvara-sig\/#article","isPartOf":{"@id":"https:\/\/lightweb.dev\/l\/svm-temp\/artiklar\/har-goran-lambertz-ratten-att-forsvara-sig\/"},"author":{"name":"Redaktionen SvM","@id":"https:\/\/lightweb.dev\/l\/svm-temp\/#\/schema\/person\/206a3bda5b607b0c25e1749191e4d837"},"headline":"Har G\u00f6ran Lambertz r\u00e4tten att f\u00f6rsvara sig?","datePublished":"2013-12-11T23:00:00+00:00","mainEntityOfPage":{"@id":"https:\/\/lightweb.dev\/l\/svm-temp\/artiklar\/har-goran-lambertz-ratten-att-forsvara-sig\/"},"wordCount":433,"commentCount":0,"publisher":{"@id":"https:\/\/lightweb.dev\/l\/svm-temp\/#organization"},"image":{"@id":"https:\/\/lightweb.dev\/l\/svm-temp\/artiklar\/har-goran-lambertz-ratten-att-forsvara-sig\/#primaryimage"},"thumbnailUrl":"https:\/\/lightweb.dev\/l\/svm-temp\/wp-content\/uploads\/2022\/04\/har-gran-lambertz-rtten-att-frsvara-sig.png","articleSection":["Arkiv","Artiklar"],"inLanguage":"sv-SE"},{"@type":"WebPage","@id":"https:\/\/lightweb.dev\/l\/svm-temp\/artiklar\/har-goran-lambertz-ratten-att-forsvara-sig\/","url":"https:\/\/lightweb.dev\/l\/svm-temp\/artiklar\/har-goran-lambertz-ratten-att-forsvara-sig\/","name":"Har G\u00f6ran Lambertz r\u00e4tten att f\u00f6rsvara sig? - Svenska Magasinet","isPartOf":{"@id":"https:\/\/lightweb.dev\/l\/svm-temp\/#website"},"primaryImageOfPage":{"@id":"https:\/\/lightweb.dev\/l\/svm-temp\/artiklar\/har-goran-lambertz-ratten-att-forsvara-sig\/#primaryimage"},"image":{"@id":"https:\/\/lightweb.dev\/l\/svm-temp\/artiklar\/har-goran-lambertz-ratten-att-forsvara-sig\/#primaryimage"},"thumbnailUrl":"https:\/\/lightweb.dev\/l\/svm-temp\/wp-content\/uploads\/2022\/04\/har-gran-lambertz-rtten-att-frsvara-sig.png","datePublished":"2013-12-11T23:00:00+00:00","breadcrumb":{"@id":"https:\/\/lightweb.dev\/l\/svm-temp\/artiklar\/har-goran-lambertz-ratten-att-forsvara-sig\/#breadcrumb"},"inLanguage":"sv-SE","potentialAction":[{"@type":"ReadAction","target":["https:\/\/lightweb.dev\/l\/svm-temp\/artiklar\/har-goran-lambertz-ratten-att-forsvara-sig\/"]}]},{"@type":"ImageObject","inLanguage":"sv-SE","@id":"https:\/\/lightweb.dev\/l\/svm-temp\/artiklar\/har-goran-lambertz-ratten-att-forsvara-sig\/#primaryimage","url":"https:\/\/lightweb.dev\/l\/svm-temp\/wp-content\/uploads\/2022\/04\/har-gran-lambertz-rtten-att-frsvara-sig.png","contentUrl":"https:\/\/lightweb.dev\/l\/svm-temp\/wp-content\/uploads\/2022\/04\/har-gran-lambertz-rtten-att-frsvara-sig.png","width":299,"height":200},{"@type":"BreadcrumbList","@id":"https:\/\/lightweb.dev\/l\/svm-temp\/artiklar\/har-goran-lambertz-ratten-att-forsvara-sig\/#breadcrumb","itemListElement":[{"@type":"ListItem","position":1,"name":"Hem","item":"https:\/\/lightweb.dev\/l\/svm-temp\/"},{"@type":"ListItem","position":2,"name":"Har G\u00f6ran Lambertz r\u00e4tten att f\u00f6rsvara sig?"}]},{"@type":"WebSite","@id":"https:\/\/lightweb.dev\/l\/svm-temp\/#website","url":"https:\/\/lightweb.dev\/l\/svm-temp\/","name":"Svenska Magasinet","description":"Dina Spanska nyheter p&aring; Svenska","publisher":{"@id":"https:\/\/lightweb.dev\/l\/svm-temp\/#organization"},"potentialAction":[{"@type":"SearchAction","target":{"@type":"EntryPoint","urlTemplate":"https:\/\/lightweb.dev\/l\/svm-temp\/?s={search_term_string}"},"query-input":{"@type":"PropertyValueSpecification","valueRequired":true,"valueName":"search_term_string"}}],"inLanguage":"sv-SE"},{"@type":"Organization","@id":"https:\/\/lightweb.dev\/l\/svm-temp\/#organization","name":"Melkerson y Nott SL","alternateName":"Svenska Magasinet","url":"https:\/\/lightweb.dev\/l\/svm-temp\/","logo":{"@type":"ImageObject","inLanguage":"sv-SE","@id":"https:\/\/lightweb.dev\/l\/svm-temp\/#\/schema\/logo\/image\/","url":"https:\/\/lightweb.dev\/l\/svm-temp\/wp-content\/uploads\/2025\/02\/SvM-logo-Xtra-Centrerad-SVART.png","contentUrl":"https:\/\/lightweb.dev\/l\/svm-temp\/wp-content\/uploads\/2025\/02\/SvM-logo-Xtra-Centrerad-SVART.png","width":300,"height":99,"caption":"Melkerson y Nott SL"},"image":{"@id":"https:\/\/lightweb.dev\/l\/svm-temp\/#\/schema\/logo\/image\/"},"sameAs":["https:\/\/www.facebook.com\/svenskamagasinet","https:\/\/x.com\/SvenskaMagasine"]},{"@type":"Person","@id":"https:\/\/lightweb.dev\/l\/svm-temp\/#\/schema\/person\/206a3bda5b607b0c25e1749191e4d837","name":"Redaktionen SvM","description":"Redaktionen","sameAs":["https:\/\/lightweb.dev\/l\/svm-temp"],"url":"https:\/\/lightweb.dev\/l\/svm-temp\/reporter\/redaktionen\/"}]}},"_links":{"self":[{"href":"https:\/\/lightweb.dev\/l\/svm-temp\/wp-json\/wp\/v2\/posts\/4750","targetHints":{"allow":["GET"]}}],"collection":[{"href":"https:\/\/lightweb.dev\/l\/svm-temp\/wp-json\/wp\/v2\/posts"}],"about":[{"href":"https:\/\/lightweb.dev\/l\/svm-temp\/wp-json\/wp\/v2\/types\/post"}],"author":[{"embeddable":true,"href":"https:\/\/lightweb.dev\/l\/svm-temp\/wp-json\/wp\/v2\/users\/8"}],"replies":[{"embeddable":true,"href":"https:\/\/lightweb.dev\/l\/svm-temp\/wp-json\/wp\/v2\/comments?post=4750"}],"version-history":[{"count":0,"href":"https:\/\/lightweb.dev\/l\/svm-temp\/wp-json\/wp\/v2\/posts\/4750\/revisions"}],"wp:featuredmedia":[{"embeddable":true,"href":"https:\/\/lightweb.dev\/l\/svm-temp\/wp-json\/wp\/v2\/media\/4751"}],"wp:attachment":[{"href":"https:\/\/lightweb.dev\/l\/svm-temp\/wp-json\/wp\/v2\/media?parent=4750"}],"wp:term":[{"taxonomy":"category","embeddable":true,"href":"https:\/\/lightweb.dev\/l\/svm-temp\/wp-json\/wp\/v2\/categories?post=4750"},{"taxonomy":"post_tag","embeddable":true,"href":"https:\/\/lightweb.dev\/l\/svm-temp\/wp-json\/wp\/v2\/tags?post=4750"}],"curies":[{"name":"wp","href":"https:\/\/api.w.org\/{rel}","templated":true}]}}