{"id":4752,"date":"2013-12-12T00:00:00","date_gmt":"2013-12-11T23:00:00","guid":{"rendered":"https:\/\/lightweb.dev\/l\/svm-temp\/lakarbesok-i-spanien\/"},"modified":"2013-12-12T00:00:00","modified_gmt":"2013-12-11T23:00:00","slug":"lakarbesok-i-spanien","status":"publish","type":"post","link":"https:\/\/lightweb.dev\/l\/svm-temp\/artiklar\/lakarbesok-i-spanien\/","title":{"rendered":"L\u00e4karbes\u00f6k i Spanien"},"content":{"rendered":"<p> Glad i h\u00e5gen fl\u00f6g jag till Spanien f\u00f6r att \u00e5terigen, som s\u00e5 m\u00e5nga g\u00e5nger f\u00f6rr, njuta av hav och sol med bad och l\u00e5nga promenader. Men s\u00e4g vilken lycka som varar. Efter fem veckor kunde jag pl\u00f6tsligt en dag inte g\u00e5. Mitt h\u00f6gra ben v\u00e4rkte fr\u00e5n bak i ryggen till kn\u00e4t och \u00e4nda ned i foten. Jag kunde knappt ta ett steg utan f\u00f6rf\u00e4rliga sm\u00e4rtor. Mina ben ville tydligen ocks\u00e5 ha semester! Men skam den som ger sig. En god v\u00e4n tipsade mig om en bra l\u00e4kare, visserligen privat, men<br \/>\nvad g\u00f6r man inte f\u00f6r att bokstavligen komma p\u00e5 f\u00f6tter igen.<\/p>\n<p>Fem behandlingar blev det och jag blev s\u00e5 pass bra att jag kunde ta mig till taxi och flyga hem utan krycka. Ett stort h\u00e5l i penningpungen blev det, men jag hade ju en bra resef\u00f6rs\u00e4kring. Vid varje behandlingstillf\u00e4lle erlades kontant likvid. Kvitto skrevs inte ut \u2013 trots min beg\u00e4ran \u2013 med h\u00e4nvisning till att slutr\u00e4kningen skulle utst\u00e4llas p\u00e5 sista behandlingsdagen. Den dagen hade l\u00e4karen bett mig komma kl 10. Praktiken var dock st\u00e4ngd och jag fick v\u00e4nta ca en kvart innan l\u00e4karen d\u00f6k upp. N\u00e5gon urs\u00e4kt f\u00f6r dr\u00f6jsm\u00e5let var det inte tal om. Inte heller var slutr\u00e4kningen utskriven utan skulle skickas mig per post. De hade ju redan mina n\u00f6dv\u00e4ndiga uppgifter om namn och adress etc.<\/p>\n<p>Med tanke p\u00e5 den spanska postens nyckfulla service v\u00e4ntade jag minst en m\u00e5nad innan jag p\u00e5minde om r\u00e4kningen. Svaret blev att de hade skickat den till Danmark i st\u00e4llet f\u00f6r Sverige \u2013 vilket l\u00e5ter konstigt med tanke p\u00e5 den skillnaden i uttalet mellan dessa spr\u00e5k. Men f\u00f6r all del, jag hade ju talat mest engelska samt \u00e4ven n\u00e5gra ord p\u00e5 l\u00e4karens spr\u00e5k. En ny r\u00e4kning utlovades. Efter en tid d\u00f6k den nya r\u00e4kningen upp, men med felstavade namn- och adress-uppgifter. V\u00e4rre var dock att beloppet p\u00e5 r\u00e4kningen var mindre \u00e4n h\u00e4lften av den summa jag hade betalat. Nya telefonsamtal samt mail och man lovade skicka en ny r\u00e4ttad r\u00e4kning.<\/p>\n<p>Nu hade det g\u00e5tt n\u00e4stan tre m\u00e5nader sedan jag behandlats och jag stod inf\u00f6r en ny spanienresa. Jag hade ju helst velat g\u00f6ra upp med mitt f\u00f6rs\u00e4kringsbolag om \u00e4rendet, innan jag for igen, men jag hade ju \u00e4nnu inte f\u00e5tt r\u00e4kningen. Det \u00e5terstod bara att ringa l\u00e4karen igen och meddela att jag personligen skulle komma och h\u00e4mta r\u00e4kningen. Vi kom \u00f6verens om en termin, men jag ombads att f\u00f6r s\u00e4kerhets skull ringa en g\u00e5ng till strax f\u00f6re mitt bes\u00f6k.<\/p>\n<p>P\u00e5 dagen f\u00f6r bes\u00f6ket var v\u00e4dret mycket ogynnsamt. Det regnade och stormade. Temperaturen var minst sagt avskr\u00e4ckande. Men skam den som ger sig. Visserligen sur i kl\u00e4derna kom jag dock i avtalad tid till den avsides liggande praktiken. Tyv\u00e4rr skulle surhetsgraden stiga ytterligare. P\u00e5 kuvertet, som \u00f6verl\u00e4mnades, var mitt namn \u00e5terigen felstavat. Med onda aningar tog jag ur r\u00e4kningen och \u00e4ven d\u00e4r var namnet felstavat och \u00e4ven adressen. Vidare hade beloppet minskats med 100 Euro. Nya p\u00e5pekanden och en p\u00e5 sin hj\u00e4lpkraft skyllande, os\u00e4ker verkande l\u00e4kare, som tydligen inte kunde r\u00e4tta felen i datorn och skriva ut en ny r\u00e4kning. Sekreteraren var upptagen p\u00e5 annat h\u00e5ll och d\u00e5 hittade han p\u00e5 en genial l\u00f6sning: Kom hit en annan g\u00e5ng.<\/p>\n<p>Detta efter tre m\u00e5naders v\u00e4ntan och en resa fr\u00e5n Sverige till honom! Jag svarade att jag inte skulle l\u00e4mna praktiken f\u00f6rr\u00e4n jag f\u00e5tt en ny, r\u00e4ttad r\u00e4kning, satte mig i v\u00e4ntrummet och l\u00f6ste korsord i en av hans patienttidningar. Efter en stunds v\u00e4ntan f\u00f6reslog jag att han n\u00e4sta dag p\u00e5 morgonen kunde komma till mitt appartemanghotell och ha med sig r\u00e4kningen. Nej, d\u00e5 skulle han hellre klara av utskriften.<\/p>\n<p>N\u00e4r jag \u00e4ntligen fick r\u00e4kningen var beloppet r\u00e4tt fast i geng\u00e4ld hade man gjort mig tre \u00e5r \u00e4ldre. De \u00e5ren beh\u00f6ver jag inte i f\u00f6rskott, ty jag har redan 83 av dessa bakom mig. Der g\u00e5r l\u00e4tt att r\u00e4tta genom att stryka \u00e5rtalet och skriva det r\u00e4tta f\u00f6r hand vid sidan om, menade man. I andanom s\u00e5g jag riskerna att hamna p\u00e5 l\u00e5ngb\u00e4nken igen. P\u00e5 min anm\u00e4rkning att en s\u00e5dan r\u00e4ttelse f\u00f6rmodligen ej skulle godk\u00e4nnas av mitt f\u00f6rs\u00e4kringsbolag svarade man att bolaget i s\u00e5 fall kunde kontakta l\u00e4karen f\u00f6r bekr\u00e4ftelse. Ibland kan det dock vara en f\u00f6rdel med gjorda misstag. Jag hittade n\u00e4mligen tv\u00e5 felstavningar till i mitt namn och gatuadressen. (Trots att jag p\u00e5 beg\u00e4ran hade mailat dessa uppgifter innan jag for hemifr\u00e5n), s\u00e5 att man gav med sig och gjorde en utskrift till!<\/p>\n<p>Mer sur inombords \u00e4n utombords efter allt detta slarv och nonchalans mot en klient gick jag ut i ruskv\u00e4dret igen. N\u00e5gon urs\u00e4kt fick jag ej, men jag f\u00e5r v\u00e4l vara tacksam f\u00f6r att ha sluppit ytterliga bes\u00f6k.<\/p>\n<p>H\u00e4rmed \u00e4r historien dock inte slut. Enligt uppgift hade man f\u00f6r ca en m\u00e5nad sen skickat tv\u00e5 brev med r\u00e4kningar till mig. Nu undrar jag bara om dessa n\u00e5gonsin skall hitta fram till min adress.<\/p>\n<p>Till slut ber jag den v\u00e4nliga l\u00e4saren att inte tyda min rubrik alltf\u00f6r f\u00f6rdomsfullt. Visst h\u00e4nde mig detta i Spanien, men d\u00e4rmed inte sagt att det var en spansk l\u00e4kare!!! <\/p>\n<p>I \u00f6vrigt: KR\u00c4V ALLTID KVITTO VID BETALNINGSTILLF\u00c4LLET!<\/p>\n<p>Efterber\u00e4ttad, med av diskretionssk\u00e4l gjorda och i sammanhanget betydelsel\u00f6sa detaljavvikelser.<\/p>\n<p>Sven Erik Jonsson<\/p>\n","protected":false},"excerpt":{"rendered":"<p>Glad i h\u00e5gen fl\u00f6g jag till Spanien f\u00f6r att \u00e5terigen, som s\u00e5 m\u00e5nga g\u00e5nger f\u00f6rr, njuta av hav och sol med bad och l\u00e5nga promenader. Men s\u00e4g vilken lycka som varar. Efter fem veckor kunde jag pl\u00f6tsligt en dag inte g\u00e5. Mitt h\u00f6gra ben v\u00e4rkte fr\u00e5n bak i ryggen till kn\u00e4t och \u00e4nda ned i [&hellip;]<\/p>\n","protected":false},"author":8,"featured_media":0,"comment_status":"open","ping_status":"open","sticky":false,"template":"","format":"standard","meta":{"_et_pb_use_builder":"","_et_pb_old_content":"","_et_gb_content_width":"","footnotes":""},"categories":[396,4],"tags":[],"class_list":["post-4752","post","type-post","status-publish","format-standard","hentry","category-arkiv-artiklar","category-artiklar"],"yoast_head":"<!-- This site is optimized with the Yoast SEO Premium plugin v26.2 (Yoast SEO v27.5) - https:\/\/yoast.com\/product\/yoast-seo-premium-wordpress\/ -->\n<title>L\u00e4karbes\u00f6k i Spanien - Svenska Magasinet<\/title>\n<meta name=\"robots\" content=\"noindex, follow, max-snippet:-1, max-image-preview:large, max-video-preview:-1\" \/>\n<meta property=\"og:locale\" content=\"sv_SE\" \/>\n<meta property=\"og:type\" content=\"article\" \/>\n<meta property=\"og:title\" content=\"L\u00e4karbes\u00f6k i Spanien\" \/>\n<meta property=\"og:description\" content=\"Glad i h\u00e5gen fl\u00f6g jag till Spanien f\u00f6r att \u00e5terigen, som s\u00e5 m\u00e5nga g\u00e5nger f\u00f6rr, njuta av hav och sol med bad och l\u00e5nga promenader. Men s\u00e4g vilken lycka som varar. Efter fem veckor kunde jag pl\u00f6tsligt en dag inte g\u00e5. Mitt h\u00f6gra ben v\u00e4rkte fr\u00e5n bak i ryggen till kn\u00e4t och \u00e4nda ned i [&hellip;]\" \/>\n<meta property=\"og:url\" content=\"https:\/\/lightweb.dev\/l\/svm-temp\/artiklar\/lakarbesok-i-spanien\/\" \/>\n<meta property=\"og:site_name\" content=\"Svenska Magasinet\" \/>\n<meta property=\"article:publisher\" content=\"https:\/\/www.facebook.com\/svenskamagasinet\" \/>\n<meta property=\"article:published_time\" content=\"2013-12-11T23:00:00+00:00\" \/>\n<meta name=\"author\" content=\"Redaktionen SvM\" \/>\n<meta name=\"twitter:card\" content=\"summary_large_image\" \/>\n<meta name=\"twitter:creator\" content=\"@SvenskaMagasine\" \/>\n<meta name=\"twitter:site\" content=\"@SvenskaMagasine\" \/>\n<script type=\"application\/ld+json\" class=\"yoast-schema-graph\">{\"@context\":\"https:\\\/\\\/schema.org\",\"@graph\":[{\"@type\":\"Article\",\"@id\":\"https:\\\/\\\/lightweb.dev\\\/l\\\/svm-temp\\\/artiklar\\\/lakarbesok-i-spanien\\\/#article\",\"isPartOf\":{\"@id\":\"https:\\\/\\\/lightweb.dev\\\/l\\\/svm-temp\\\/artiklar\\\/lakarbesok-i-spanien\\\/\"},\"author\":{\"name\":\"Redaktionen SvM\",\"@id\":\"https:\\\/\\\/lightweb.dev\\\/l\\\/svm-temp\\\/#\\\/schema\\\/person\\\/206a3bda5b607b0c25e1749191e4d837\"},\"headline\":\"L\u00e4karbes\u00f6k i Spanien\",\"datePublished\":\"2013-12-11T23:00:00+00:00\",\"mainEntityOfPage\":{\"@id\":\"https:\\\/\\\/lightweb.dev\\\/l\\\/svm-temp\\\/artiklar\\\/lakarbesok-i-spanien\\\/\"},\"wordCount\":1014,\"commentCount\":0,\"publisher\":{\"@id\":\"https:\\\/\\\/lightweb.dev\\\/l\\\/svm-temp\\\/#organization\"},\"articleSection\":[\"Arkiv\",\"Artiklar\"],\"inLanguage\":\"sv-SE\"},{\"@type\":\"WebPage\",\"@id\":\"https:\\\/\\\/lightweb.dev\\\/l\\\/svm-temp\\\/artiklar\\\/lakarbesok-i-spanien\\\/\",\"url\":\"https:\\\/\\\/lightweb.dev\\\/l\\\/svm-temp\\\/artiklar\\\/lakarbesok-i-spanien\\\/\",\"name\":\"L\u00e4karbes\u00f6k i Spanien - Svenska Magasinet\",\"isPartOf\":{\"@id\":\"https:\\\/\\\/lightweb.dev\\\/l\\\/svm-temp\\\/#website\"},\"datePublished\":\"2013-12-11T23:00:00+00:00\",\"breadcrumb\":{\"@id\":\"https:\\\/\\\/lightweb.dev\\\/l\\\/svm-temp\\\/artiklar\\\/lakarbesok-i-spanien\\\/#breadcrumb\"},\"inLanguage\":\"sv-SE\",\"potentialAction\":[{\"@type\":\"ReadAction\",\"target\":[\"https:\\\/\\\/lightweb.dev\\\/l\\\/svm-temp\\\/artiklar\\\/lakarbesok-i-spanien\\\/\"]}]},{\"@type\":\"BreadcrumbList\",\"@id\":\"https:\\\/\\\/lightweb.dev\\\/l\\\/svm-temp\\\/artiklar\\\/lakarbesok-i-spanien\\\/#breadcrumb\",\"itemListElement\":[{\"@type\":\"ListItem\",\"position\":1,\"name\":\"Hem\",\"item\":\"https:\\\/\\\/lightweb.dev\\\/l\\\/svm-temp\\\/\"},{\"@type\":\"ListItem\",\"position\":2,\"name\":\"L\u00e4karbes\u00f6k i Spanien\"}]},{\"@type\":\"WebSite\",\"@id\":\"https:\\\/\\\/lightweb.dev\\\/l\\\/svm-temp\\\/#website\",\"url\":\"https:\\\/\\\/lightweb.dev\\\/l\\\/svm-temp\\\/\",\"name\":\"Svenska Magasinet\",\"description\":\"Dina Spanska nyheter p&aring; Svenska\",\"publisher\":{\"@id\":\"https:\\\/\\\/lightweb.dev\\\/l\\\/svm-temp\\\/#organization\"},\"potentialAction\":[{\"@type\":\"SearchAction\",\"target\":{\"@type\":\"EntryPoint\",\"urlTemplate\":\"https:\\\/\\\/lightweb.dev\\\/l\\\/svm-temp\\\/?s={search_term_string}\"},\"query-input\":{\"@type\":\"PropertyValueSpecification\",\"valueRequired\":true,\"valueName\":\"search_term_string\"}}],\"inLanguage\":\"sv-SE\"},{\"@type\":\"Organization\",\"@id\":\"https:\\\/\\\/lightweb.dev\\\/l\\\/svm-temp\\\/#organization\",\"name\":\"Melkerson y Nott SL\",\"alternateName\":\"Svenska Magasinet\",\"url\":\"https:\\\/\\\/lightweb.dev\\\/l\\\/svm-temp\\\/\",\"logo\":{\"@type\":\"ImageObject\",\"inLanguage\":\"sv-SE\",\"@id\":\"https:\\\/\\\/lightweb.dev\\\/l\\\/svm-temp\\\/#\\\/schema\\\/logo\\\/image\\\/\",\"url\":\"https:\\\/\\\/lightweb.dev\\\/l\\\/svm-temp\\\/wp-content\\\/uploads\\\/2025\\\/02\\\/SvM-logo-Xtra-Centrerad-SVART.png\",\"contentUrl\":\"https:\\\/\\\/lightweb.dev\\\/l\\\/svm-temp\\\/wp-content\\\/uploads\\\/2025\\\/02\\\/SvM-logo-Xtra-Centrerad-SVART.png\",\"width\":300,\"height\":99,\"caption\":\"Melkerson y Nott SL\"},\"image\":{\"@id\":\"https:\\\/\\\/lightweb.dev\\\/l\\\/svm-temp\\\/#\\\/schema\\\/logo\\\/image\\\/\"},\"sameAs\":[\"https:\\\/\\\/www.facebook.com\\\/svenskamagasinet\",\"https:\\\/\\\/x.com\\\/SvenskaMagasine\"]},{\"@type\":\"Person\",\"@id\":\"https:\\\/\\\/lightweb.dev\\\/l\\\/svm-temp\\\/#\\\/schema\\\/person\\\/206a3bda5b607b0c25e1749191e4d837\",\"name\":\"Redaktionen SvM\",\"description\":\"Redaktionen\",\"sameAs\":[\"https:\\\/\\\/lightweb.dev\\\/l\\\/svm-temp\"],\"url\":\"https:\\\/\\\/lightweb.dev\\\/l\\\/svm-temp\\\/reporter\\\/redaktionen\\\/\"}]}<\/script>\n<!-- \/ Yoast SEO Premium plugin. -->","yoast_head_json":{"title":"L\u00e4karbes\u00f6k i Spanien - Svenska Magasinet","robots":{"index":"noindex","follow":"follow","max-snippet":"max-snippet:-1","max-image-preview":"max-image-preview:large","max-video-preview":"max-video-preview:-1"},"og_locale":"sv_SE","og_type":"article","og_title":"L\u00e4karbes\u00f6k i Spanien","og_description":"Glad i h\u00e5gen fl\u00f6g jag till Spanien f\u00f6r att \u00e5terigen, som s\u00e5 m\u00e5nga g\u00e5nger f\u00f6rr, njuta av hav och sol med bad och l\u00e5nga promenader. Men s\u00e4g vilken lycka som varar. Efter fem veckor kunde jag pl\u00f6tsligt en dag inte g\u00e5. Mitt h\u00f6gra ben v\u00e4rkte fr\u00e5n bak i ryggen till kn\u00e4t och \u00e4nda ned i [&hellip;]","og_url":"https:\/\/lightweb.dev\/l\/svm-temp\/artiklar\/lakarbesok-i-spanien\/","og_site_name":"Svenska Magasinet","article_publisher":"https:\/\/www.facebook.com\/svenskamagasinet","article_published_time":"2013-12-11T23:00:00+00:00","author":"Redaktionen SvM","twitter_card":"summary_large_image","twitter_creator":"@SvenskaMagasine","twitter_site":"@SvenskaMagasine","schema":{"@context":"https:\/\/schema.org","@graph":[{"@type":"Article","@id":"https:\/\/lightweb.dev\/l\/svm-temp\/artiklar\/lakarbesok-i-spanien\/#article","isPartOf":{"@id":"https:\/\/lightweb.dev\/l\/svm-temp\/artiklar\/lakarbesok-i-spanien\/"},"author":{"name":"Redaktionen SvM","@id":"https:\/\/lightweb.dev\/l\/svm-temp\/#\/schema\/person\/206a3bda5b607b0c25e1749191e4d837"},"headline":"L\u00e4karbes\u00f6k i Spanien","datePublished":"2013-12-11T23:00:00+00:00","mainEntityOfPage":{"@id":"https:\/\/lightweb.dev\/l\/svm-temp\/artiklar\/lakarbesok-i-spanien\/"},"wordCount":1014,"commentCount":0,"publisher":{"@id":"https:\/\/lightweb.dev\/l\/svm-temp\/#organization"},"articleSection":["Arkiv","Artiklar"],"inLanguage":"sv-SE"},{"@type":"WebPage","@id":"https:\/\/lightweb.dev\/l\/svm-temp\/artiklar\/lakarbesok-i-spanien\/","url":"https:\/\/lightweb.dev\/l\/svm-temp\/artiklar\/lakarbesok-i-spanien\/","name":"L\u00e4karbes\u00f6k i Spanien - Svenska Magasinet","isPartOf":{"@id":"https:\/\/lightweb.dev\/l\/svm-temp\/#website"},"datePublished":"2013-12-11T23:00:00+00:00","breadcrumb":{"@id":"https:\/\/lightweb.dev\/l\/svm-temp\/artiklar\/lakarbesok-i-spanien\/#breadcrumb"},"inLanguage":"sv-SE","potentialAction":[{"@type":"ReadAction","target":["https:\/\/lightweb.dev\/l\/svm-temp\/artiklar\/lakarbesok-i-spanien\/"]}]},{"@type":"BreadcrumbList","@id":"https:\/\/lightweb.dev\/l\/svm-temp\/artiklar\/lakarbesok-i-spanien\/#breadcrumb","itemListElement":[{"@type":"ListItem","position":1,"name":"Hem","item":"https:\/\/lightweb.dev\/l\/svm-temp\/"},{"@type":"ListItem","position":2,"name":"L\u00e4karbes\u00f6k i Spanien"}]},{"@type":"WebSite","@id":"https:\/\/lightweb.dev\/l\/svm-temp\/#website","url":"https:\/\/lightweb.dev\/l\/svm-temp\/","name":"Svenska Magasinet","description":"Dina Spanska nyheter p&aring; Svenska","publisher":{"@id":"https:\/\/lightweb.dev\/l\/svm-temp\/#organization"},"potentialAction":[{"@type":"SearchAction","target":{"@type":"EntryPoint","urlTemplate":"https:\/\/lightweb.dev\/l\/svm-temp\/?s={search_term_string}"},"query-input":{"@type":"PropertyValueSpecification","valueRequired":true,"valueName":"search_term_string"}}],"inLanguage":"sv-SE"},{"@type":"Organization","@id":"https:\/\/lightweb.dev\/l\/svm-temp\/#organization","name":"Melkerson y Nott SL","alternateName":"Svenska Magasinet","url":"https:\/\/lightweb.dev\/l\/svm-temp\/","logo":{"@type":"ImageObject","inLanguage":"sv-SE","@id":"https:\/\/lightweb.dev\/l\/svm-temp\/#\/schema\/logo\/image\/","url":"https:\/\/lightweb.dev\/l\/svm-temp\/wp-content\/uploads\/2025\/02\/SvM-logo-Xtra-Centrerad-SVART.png","contentUrl":"https:\/\/lightweb.dev\/l\/svm-temp\/wp-content\/uploads\/2025\/02\/SvM-logo-Xtra-Centrerad-SVART.png","width":300,"height":99,"caption":"Melkerson y Nott SL"},"image":{"@id":"https:\/\/lightweb.dev\/l\/svm-temp\/#\/schema\/logo\/image\/"},"sameAs":["https:\/\/www.facebook.com\/svenskamagasinet","https:\/\/x.com\/SvenskaMagasine"]},{"@type":"Person","@id":"https:\/\/lightweb.dev\/l\/svm-temp\/#\/schema\/person\/206a3bda5b607b0c25e1749191e4d837","name":"Redaktionen SvM","description":"Redaktionen","sameAs":["https:\/\/lightweb.dev\/l\/svm-temp"],"url":"https:\/\/lightweb.dev\/l\/svm-temp\/reporter\/redaktionen\/"}]}},"_links":{"self":[{"href":"https:\/\/lightweb.dev\/l\/svm-temp\/wp-json\/wp\/v2\/posts\/4752","targetHints":{"allow":["GET"]}}],"collection":[{"href":"https:\/\/lightweb.dev\/l\/svm-temp\/wp-json\/wp\/v2\/posts"}],"about":[{"href":"https:\/\/lightweb.dev\/l\/svm-temp\/wp-json\/wp\/v2\/types\/post"}],"author":[{"embeddable":true,"href":"https:\/\/lightweb.dev\/l\/svm-temp\/wp-json\/wp\/v2\/users\/8"}],"replies":[{"embeddable":true,"href":"https:\/\/lightweb.dev\/l\/svm-temp\/wp-json\/wp\/v2\/comments?post=4752"}],"version-history":[{"count":0,"href":"https:\/\/lightweb.dev\/l\/svm-temp\/wp-json\/wp\/v2\/posts\/4752\/revisions"}],"wp:attachment":[{"href":"https:\/\/lightweb.dev\/l\/svm-temp\/wp-json\/wp\/v2\/media?parent=4752"}],"wp:term":[{"taxonomy":"category","embeddable":true,"href":"https:\/\/lightweb.dev\/l\/svm-temp\/wp-json\/wp\/v2\/categories?post=4752"},{"taxonomy":"post_tag","embeddable":true,"href":"https:\/\/lightweb.dev\/l\/svm-temp\/wp-json\/wp\/v2\/tags?post=4752"}],"curies":[{"name":"wp","href":"https:\/\/api.w.org\/{rel}","templated":true}]}}