{"id":4753,"date":"2013-12-11T00:00:00","date_gmt":"2013-12-10T23:00:00","guid":{"rendered":"https:\/\/lightweb.dev\/l\/svm-temp\/smaka-pa-sallsynt-frukt\/"},"modified":"2013-12-11T00:00:00","modified_gmt":"2013-12-10T23:00:00","slug":"smaka-pa-sallsynt-frukt","status":"publish","type":"post","link":"https:\/\/lightweb.dev\/l\/svm-temp\/artiklar\/smaka-pa-sallsynt-frukt\/","title":{"rendered":"Smaka p\u00e5 s\u00e4llsynt frukt&#8230;"},"content":{"rendered":"<p> &#8230;eller prova det s\u00f6taste som finns i v\u00e4rlden. Av Lennart Ekman<br \/>\ne-post: lennartekman@hotmail.com<\/p>\n<p>Julstj\u00e4rna (Euphorbia pulcherrima)<br \/>\nGod jul \u00f6nskar jag er alla och det \u00e4r det m\u00e5nga som liksom jag g\u00f6r med en julstj\u00e4rna. De flesta exemplaren har r\u00f6da men m\u00e5nga har gula eller vita h\u00f6gblad till de ynkliga blommorna. Normalt \u00e4r julstj\u00e4rnan en ganska stor och rufsig buske utan s\u00e4rskild helgst\u00e4mning.<br \/>\nDet var Joel Roberts Poinsett som 1825 som USA:s  minister i Mexico tog med sig den h\u00e4r busken hem till Amerika. Han g\u00f6r att blomman ocks\u00e5 kallas poinsettia. P\u00e5 spanska heter den pascuero eller flor de pascua.<\/p>\n<p>Monstera (Monstera deliciosa)<br \/>\nFr\u00e5n Mellanamerika h\u00e4rstammar kl\u00e4ngv\u00e4xten monstera som kl\u00e4ttrar med sina luftr\u00f6tter. Det vi s\u00e4llan ser \u00e4r frukterna, om vi har den som pampig krukv\u00e4xt hemma i Sverige. Ni ser kolvarna p\u00e5 bilden. De \u00e4r mycket v\u00e4lsmakande, lite \u00e5t ananash\u00e5llet, men de m\u00e5ste vara riktigt mogna, annars inneh\u00e5ller de ett \u00e4mne som irriterar.<br \/>\nEtt passande spanskt namn \u00e4r costillas de Adan, Adams revben. Visst ser ett blad ut s\u00e5?<br \/>\n  Mistel (Viscum cruciatum)<br \/>\nDen h\u00e4r misteln har som ni ser r\u00f6da b\u00e4r och inte de vita vi \u00e4r vana vid att pussas under till jul. Den h\u00e4r arten v\u00e4xter i bergstrakterna kring Ronda och \u00e4r som alla mistlar en halvparasit som sprids genom att t ex f\u00e5gelspillning med mistelb\u00e4r fastnar i barken och tr\u00e4nger  in i tr\u00e4dets inre system.<br \/>\nPussandet under mistlar \u00e4r en sed som minner om att det var misteln som var den enda v\u00e4xt som blev till den pil som d\u00f6dade den k\u00e4rleksfulle och \u00e4lskade guden Balder i nordisk mytologi.<\/p>\n<p>Stevia (Stevia rebaudiana)<br \/>\nDen lilla busken stevia av familjen s\u00f6tflockel fr\u00e5n Paraguay har precis b\u00f6rjat odlas i Velez-Malagaomr\u00e5det.<br \/>\nStevia \u00e4r en m\u00e4rkv\u00e4rdig v\u00e4xt. Den uppt\u00e4cktes p\u00e5 1500-talet av Pedro Jaime Esteve och dess blad som torkas ger en s\u00f6tma som \u00e4r hundratals g\u00e5nger s\u00f6tare \u00e4n socker men som \u00e4r alldeles kalorifri! Ett fynd f\u00f6r diabetiker och bantare. Cocacola har redan vissa patent p\u00e5 stevia och den nya mangomarmeladen Malaga Mango Jam \u00e4r helt s\u00f6tad med stevia.<br \/>\nBilden \u00e4r fr\u00e5n en hylla p\u00e5 Mercadona.<br \/>\nPS. Har ni smakat p\u00e5 horngurka?<\/p>\n","protected":false},"excerpt":{"rendered":"<p>&#8230;eller prova det s\u00f6taste som finns i v\u00e4rlden. Av Lennart Ekman e-post: lennartekman@hotmail.com Julstj\u00e4rna (Euphorbia pulcherrima) God jul \u00f6nskar jag er alla och det \u00e4r det m\u00e5nga som liksom jag g\u00f6r med en julstj\u00e4rna. De flesta exemplaren har r\u00f6da men m\u00e5nga har gula eller vita h\u00f6gblad till de ynkliga blommorna. Normalt \u00e4r julstj\u00e4rnan en ganska [&hellip;]<\/p>\n","protected":false},"author":8,"featured_media":4754,"comment_status":"open","ping_status":"open","sticky":false,"template":"","format":"standard","meta":{"_et_pb_use_builder":"","_et_pb_old_content":"","_et_gb_content_width":"","footnotes":""},"categories":[4,37],"tags":[],"class_list":["post-4753","post","type-post","status-publish","format-standard","has-post-thumbnail","hentry","category-artiklar","category-hem-bostad"],"yoast_head":"<!-- This site is optimized with the Yoast SEO Premium plugin v26.2 (Yoast SEO v27.5) - https:\/\/yoast.com\/product\/yoast-seo-premium-wordpress\/ -->\n<title>Smaka p\u00e5 s\u00e4llsynt frukt... - Svenska Magasinet<\/title>\n<meta name=\"robots\" content=\"noindex, follow, max-snippet:-1, max-image-preview:large, max-video-preview:-1\" \/>\n<meta property=\"og:locale\" content=\"sv_SE\" \/>\n<meta property=\"og:type\" content=\"article\" \/>\n<meta property=\"og:title\" content=\"Smaka p\u00e5 s\u00e4llsynt frukt...\" \/>\n<meta property=\"og:description\" content=\"&#8230;eller prova det s\u00f6taste som finns i v\u00e4rlden. Av Lennart Ekman e-post: lennartekman@hotmail.com Julstj\u00e4rna (Euphorbia pulcherrima) God jul \u00f6nskar jag er alla och det \u00e4r det m\u00e5nga som liksom jag g\u00f6r med en julstj\u00e4rna. De flesta exemplaren har r\u00f6da men m\u00e5nga har gula eller vita h\u00f6gblad till de ynkliga blommorna. Normalt \u00e4r julstj\u00e4rnan en ganska [&hellip;]\" \/>\n<meta property=\"og:url\" content=\"https:\/\/lightweb.dev\/l\/svm-temp\/artiklar\/smaka-pa-sallsynt-frukt\/\" \/>\n<meta property=\"og:site_name\" content=\"Svenska Magasinet\" \/>\n<meta property=\"article:publisher\" content=\"https:\/\/www.facebook.com\/svenskamagasinet\" \/>\n<meta property=\"article:published_time\" content=\"2013-12-10T23:00:00+00:00\" \/>\n<meta property=\"og:image\" content=\"https:\/\/lightweb.dev\/l\/svm-temp\/wp-content\/uploads\/2022\/04\/smaka-p-sllsynt-frukt.png\" \/>\n\t<meta property=\"og:image:width\" content=\"280\" \/>\n\t<meta property=\"og:image:height\" content=\"210\" \/>\n\t<meta property=\"og:image:type\" content=\"image\/png\" \/>\n<meta name=\"author\" content=\"Redaktionen SvM\" \/>\n<meta name=\"twitter:card\" content=\"summary_large_image\" \/>\n<meta name=\"twitter:creator\" content=\"@SvenskaMagasine\" \/>\n<meta name=\"twitter:site\" content=\"@SvenskaMagasine\" \/>\n<script type=\"application\/ld+json\" class=\"yoast-schema-graph\">{\"@context\":\"https:\\\/\\\/schema.org\",\"@graph\":[{\"@type\":\"Article\",\"@id\":\"https:\\\/\\\/lightweb.dev\\\/l\\\/svm-temp\\\/artiklar\\\/smaka-pa-sallsynt-frukt\\\/#article\",\"isPartOf\":{\"@id\":\"https:\\\/\\\/lightweb.dev\\\/l\\\/svm-temp\\\/artiklar\\\/smaka-pa-sallsynt-frukt\\\/\"},\"author\":{\"name\":\"Redaktionen SvM\",\"@id\":\"https:\\\/\\\/lightweb.dev\\\/l\\\/svm-temp\\\/#\\\/schema\\\/person\\\/206a3bda5b607b0c25e1749191e4d837\"},\"headline\":\"Smaka p\u00e5 s\u00e4llsynt frukt&#8230;\",\"datePublished\":\"2013-12-10T23:00:00+00:00\",\"mainEntityOfPage\":{\"@id\":\"https:\\\/\\\/lightweb.dev\\\/l\\\/svm-temp\\\/artiklar\\\/smaka-pa-sallsynt-frukt\\\/\"},\"wordCount\":410,\"commentCount\":0,\"publisher\":{\"@id\":\"https:\\\/\\\/lightweb.dev\\\/l\\\/svm-temp\\\/#organization\"},\"image\":{\"@id\":\"https:\\\/\\\/lightweb.dev\\\/l\\\/svm-temp\\\/artiklar\\\/smaka-pa-sallsynt-frukt\\\/#primaryimage\"},\"thumbnailUrl\":\"https:\\\/\\\/lightweb.dev\\\/l\\\/svm-temp\\\/wp-content\\\/uploads\\\/2022\\\/04\\\/smaka-p-sllsynt-frukt.png\",\"articleSection\":[\"Artiklar\",\"Hem &amp; bostad\"],\"inLanguage\":\"sv-SE\"},{\"@type\":\"WebPage\",\"@id\":\"https:\\\/\\\/lightweb.dev\\\/l\\\/svm-temp\\\/artiklar\\\/smaka-pa-sallsynt-frukt\\\/\",\"url\":\"https:\\\/\\\/lightweb.dev\\\/l\\\/svm-temp\\\/artiklar\\\/smaka-pa-sallsynt-frukt\\\/\",\"name\":\"Smaka p\u00e5 s\u00e4llsynt frukt... - Svenska Magasinet\",\"isPartOf\":{\"@id\":\"https:\\\/\\\/lightweb.dev\\\/l\\\/svm-temp\\\/#website\"},\"primaryImageOfPage\":{\"@id\":\"https:\\\/\\\/lightweb.dev\\\/l\\\/svm-temp\\\/artiklar\\\/smaka-pa-sallsynt-frukt\\\/#primaryimage\"},\"image\":{\"@id\":\"https:\\\/\\\/lightweb.dev\\\/l\\\/svm-temp\\\/artiklar\\\/smaka-pa-sallsynt-frukt\\\/#primaryimage\"},\"thumbnailUrl\":\"https:\\\/\\\/lightweb.dev\\\/l\\\/svm-temp\\\/wp-content\\\/uploads\\\/2022\\\/04\\\/smaka-p-sllsynt-frukt.png\",\"datePublished\":\"2013-12-10T23:00:00+00:00\",\"breadcrumb\":{\"@id\":\"https:\\\/\\\/lightweb.dev\\\/l\\\/svm-temp\\\/artiklar\\\/smaka-pa-sallsynt-frukt\\\/#breadcrumb\"},\"inLanguage\":\"sv-SE\",\"potentialAction\":[{\"@type\":\"ReadAction\",\"target\":[\"https:\\\/\\\/lightweb.dev\\\/l\\\/svm-temp\\\/artiklar\\\/smaka-pa-sallsynt-frukt\\\/\"]}]},{\"@type\":\"ImageObject\",\"inLanguage\":\"sv-SE\",\"@id\":\"https:\\\/\\\/lightweb.dev\\\/l\\\/svm-temp\\\/artiklar\\\/smaka-pa-sallsynt-frukt\\\/#primaryimage\",\"url\":\"https:\\\/\\\/lightweb.dev\\\/l\\\/svm-temp\\\/wp-content\\\/uploads\\\/2022\\\/04\\\/smaka-p-sllsynt-frukt.png\",\"contentUrl\":\"https:\\\/\\\/lightweb.dev\\\/l\\\/svm-temp\\\/wp-content\\\/uploads\\\/2022\\\/04\\\/smaka-p-sllsynt-frukt.png\",\"width\":280,\"height\":210},{\"@type\":\"BreadcrumbList\",\"@id\":\"https:\\\/\\\/lightweb.dev\\\/l\\\/svm-temp\\\/artiklar\\\/smaka-pa-sallsynt-frukt\\\/#breadcrumb\",\"itemListElement\":[{\"@type\":\"ListItem\",\"position\":1,\"name\":\"Hem\",\"item\":\"https:\\\/\\\/lightweb.dev\\\/l\\\/svm-temp\\\/\"},{\"@type\":\"ListItem\",\"position\":2,\"name\":\"Smaka p\u00e5 s\u00e4llsynt frukt&#8230;\"}]},{\"@type\":\"WebSite\",\"@id\":\"https:\\\/\\\/lightweb.dev\\\/l\\\/svm-temp\\\/#website\",\"url\":\"https:\\\/\\\/lightweb.dev\\\/l\\\/svm-temp\\\/\",\"name\":\"Svenska Magasinet\",\"description\":\"Dina Spanska nyheter p&aring; Svenska\",\"publisher\":{\"@id\":\"https:\\\/\\\/lightweb.dev\\\/l\\\/svm-temp\\\/#organization\"},\"potentialAction\":[{\"@type\":\"SearchAction\",\"target\":{\"@type\":\"EntryPoint\",\"urlTemplate\":\"https:\\\/\\\/lightweb.dev\\\/l\\\/svm-temp\\\/?s={search_term_string}\"},\"query-input\":{\"@type\":\"PropertyValueSpecification\",\"valueRequired\":true,\"valueName\":\"search_term_string\"}}],\"inLanguage\":\"sv-SE\"},{\"@type\":\"Organization\",\"@id\":\"https:\\\/\\\/lightweb.dev\\\/l\\\/svm-temp\\\/#organization\",\"name\":\"Melkerson y Nott SL\",\"alternateName\":\"Svenska Magasinet\",\"url\":\"https:\\\/\\\/lightweb.dev\\\/l\\\/svm-temp\\\/\",\"logo\":{\"@type\":\"ImageObject\",\"inLanguage\":\"sv-SE\",\"@id\":\"https:\\\/\\\/lightweb.dev\\\/l\\\/svm-temp\\\/#\\\/schema\\\/logo\\\/image\\\/\",\"url\":\"https:\\\/\\\/lightweb.dev\\\/l\\\/svm-temp\\\/wp-content\\\/uploads\\\/2025\\\/02\\\/SvM-logo-Xtra-Centrerad-SVART.png\",\"contentUrl\":\"https:\\\/\\\/lightweb.dev\\\/l\\\/svm-temp\\\/wp-content\\\/uploads\\\/2025\\\/02\\\/SvM-logo-Xtra-Centrerad-SVART.png\",\"width\":300,\"height\":99,\"caption\":\"Melkerson y Nott SL\"},\"image\":{\"@id\":\"https:\\\/\\\/lightweb.dev\\\/l\\\/svm-temp\\\/#\\\/schema\\\/logo\\\/image\\\/\"},\"sameAs\":[\"https:\\\/\\\/www.facebook.com\\\/svenskamagasinet\",\"https:\\\/\\\/x.com\\\/SvenskaMagasine\"]},{\"@type\":\"Person\",\"@id\":\"https:\\\/\\\/lightweb.dev\\\/l\\\/svm-temp\\\/#\\\/schema\\\/person\\\/206a3bda5b607b0c25e1749191e4d837\",\"name\":\"Redaktionen SvM\",\"description\":\"Redaktionen\",\"sameAs\":[\"https:\\\/\\\/lightweb.dev\\\/l\\\/svm-temp\"],\"url\":\"https:\\\/\\\/lightweb.dev\\\/l\\\/svm-temp\\\/reporter\\\/redaktionen\\\/\"}]}<\/script>\n<!-- \/ Yoast SEO Premium plugin. -->","yoast_head_json":{"title":"Smaka p\u00e5 s\u00e4llsynt frukt... - Svenska Magasinet","robots":{"index":"noindex","follow":"follow","max-snippet":"max-snippet:-1","max-image-preview":"max-image-preview:large","max-video-preview":"max-video-preview:-1"},"og_locale":"sv_SE","og_type":"article","og_title":"Smaka p\u00e5 s\u00e4llsynt frukt...","og_description":"&#8230;eller prova det s\u00f6taste som finns i v\u00e4rlden. Av Lennart Ekman e-post: lennartekman@hotmail.com Julstj\u00e4rna (Euphorbia pulcherrima) God jul \u00f6nskar jag er alla och det \u00e4r det m\u00e5nga som liksom jag g\u00f6r med en julstj\u00e4rna. De flesta exemplaren har r\u00f6da men m\u00e5nga har gula eller vita h\u00f6gblad till de ynkliga blommorna. Normalt \u00e4r julstj\u00e4rnan en ganska [&hellip;]","og_url":"https:\/\/lightweb.dev\/l\/svm-temp\/artiklar\/smaka-pa-sallsynt-frukt\/","og_site_name":"Svenska Magasinet","article_publisher":"https:\/\/www.facebook.com\/svenskamagasinet","article_published_time":"2013-12-10T23:00:00+00:00","og_image":[{"width":280,"height":210,"url":"https:\/\/lightweb.dev\/l\/svm-temp\/wp-content\/uploads\/2022\/04\/smaka-p-sllsynt-frukt.png","type":"image\/png"}],"author":"Redaktionen SvM","twitter_card":"summary_large_image","twitter_creator":"@SvenskaMagasine","twitter_site":"@SvenskaMagasine","schema":{"@context":"https:\/\/schema.org","@graph":[{"@type":"Article","@id":"https:\/\/lightweb.dev\/l\/svm-temp\/artiklar\/smaka-pa-sallsynt-frukt\/#article","isPartOf":{"@id":"https:\/\/lightweb.dev\/l\/svm-temp\/artiklar\/smaka-pa-sallsynt-frukt\/"},"author":{"name":"Redaktionen SvM","@id":"https:\/\/lightweb.dev\/l\/svm-temp\/#\/schema\/person\/206a3bda5b607b0c25e1749191e4d837"},"headline":"Smaka p\u00e5 s\u00e4llsynt frukt&#8230;","datePublished":"2013-12-10T23:00:00+00:00","mainEntityOfPage":{"@id":"https:\/\/lightweb.dev\/l\/svm-temp\/artiklar\/smaka-pa-sallsynt-frukt\/"},"wordCount":410,"commentCount":0,"publisher":{"@id":"https:\/\/lightweb.dev\/l\/svm-temp\/#organization"},"image":{"@id":"https:\/\/lightweb.dev\/l\/svm-temp\/artiklar\/smaka-pa-sallsynt-frukt\/#primaryimage"},"thumbnailUrl":"https:\/\/lightweb.dev\/l\/svm-temp\/wp-content\/uploads\/2022\/04\/smaka-p-sllsynt-frukt.png","articleSection":["Artiklar","Hem &amp; bostad"],"inLanguage":"sv-SE"},{"@type":"WebPage","@id":"https:\/\/lightweb.dev\/l\/svm-temp\/artiklar\/smaka-pa-sallsynt-frukt\/","url":"https:\/\/lightweb.dev\/l\/svm-temp\/artiklar\/smaka-pa-sallsynt-frukt\/","name":"Smaka p\u00e5 s\u00e4llsynt frukt... - Svenska Magasinet","isPartOf":{"@id":"https:\/\/lightweb.dev\/l\/svm-temp\/#website"},"primaryImageOfPage":{"@id":"https:\/\/lightweb.dev\/l\/svm-temp\/artiklar\/smaka-pa-sallsynt-frukt\/#primaryimage"},"image":{"@id":"https:\/\/lightweb.dev\/l\/svm-temp\/artiklar\/smaka-pa-sallsynt-frukt\/#primaryimage"},"thumbnailUrl":"https:\/\/lightweb.dev\/l\/svm-temp\/wp-content\/uploads\/2022\/04\/smaka-p-sllsynt-frukt.png","datePublished":"2013-12-10T23:00:00+00:00","breadcrumb":{"@id":"https:\/\/lightweb.dev\/l\/svm-temp\/artiklar\/smaka-pa-sallsynt-frukt\/#breadcrumb"},"inLanguage":"sv-SE","potentialAction":[{"@type":"ReadAction","target":["https:\/\/lightweb.dev\/l\/svm-temp\/artiklar\/smaka-pa-sallsynt-frukt\/"]}]},{"@type":"ImageObject","inLanguage":"sv-SE","@id":"https:\/\/lightweb.dev\/l\/svm-temp\/artiklar\/smaka-pa-sallsynt-frukt\/#primaryimage","url":"https:\/\/lightweb.dev\/l\/svm-temp\/wp-content\/uploads\/2022\/04\/smaka-p-sllsynt-frukt.png","contentUrl":"https:\/\/lightweb.dev\/l\/svm-temp\/wp-content\/uploads\/2022\/04\/smaka-p-sllsynt-frukt.png","width":280,"height":210},{"@type":"BreadcrumbList","@id":"https:\/\/lightweb.dev\/l\/svm-temp\/artiklar\/smaka-pa-sallsynt-frukt\/#breadcrumb","itemListElement":[{"@type":"ListItem","position":1,"name":"Hem","item":"https:\/\/lightweb.dev\/l\/svm-temp\/"},{"@type":"ListItem","position":2,"name":"Smaka p\u00e5 s\u00e4llsynt frukt&#8230;"}]},{"@type":"WebSite","@id":"https:\/\/lightweb.dev\/l\/svm-temp\/#website","url":"https:\/\/lightweb.dev\/l\/svm-temp\/","name":"Svenska Magasinet","description":"Dina Spanska nyheter p&aring; Svenska","publisher":{"@id":"https:\/\/lightweb.dev\/l\/svm-temp\/#organization"},"potentialAction":[{"@type":"SearchAction","target":{"@type":"EntryPoint","urlTemplate":"https:\/\/lightweb.dev\/l\/svm-temp\/?s={search_term_string}"},"query-input":{"@type":"PropertyValueSpecification","valueRequired":true,"valueName":"search_term_string"}}],"inLanguage":"sv-SE"},{"@type":"Organization","@id":"https:\/\/lightweb.dev\/l\/svm-temp\/#organization","name":"Melkerson y Nott SL","alternateName":"Svenska Magasinet","url":"https:\/\/lightweb.dev\/l\/svm-temp\/","logo":{"@type":"ImageObject","inLanguage":"sv-SE","@id":"https:\/\/lightweb.dev\/l\/svm-temp\/#\/schema\/logo\/image\/","url":"https:\/\/lightweb.dev\/l\/svm-temp\/wp-content\/uploads\/2025\/02\/SvM-logo-Xtra-Centrerad-SVART.png","contentUrl":"https:\/\/lightweb.dev\/l\/svm-temp\/wp-content\/uploads\/2025\/02\/SvM-logo-Xtra-Centrerad-SVART.png","width":300,"height":99,"caption":"Melkerson y Nott SL"},"image":{"@id":"https:\/\/lightweb.dev\/l\/svm-temp\/#\/schema\/logo\/image\/"},"sameAs":["https:\/\/www.facebook.com\/svenskamagasinet","https:\/\/x.com\/SvenskaMagasine"]},{"@type":"Person","@id":"https:\/\/lightweb.dev\/l\/svm-temp\/#\/schema\/person\/206a3bda5b607b0c25e1749191e4d837","name":"Redaktionen SvM","description":"Redaktionen","sameAs":["https:\/\/lightweb.dev\/l\/svm-temp"],"url":"https:\/\/lightweb.dev\/l\/svm-temp\/reporter\/redaktionen\/"}]}},"_links":{"self":[{"href":"https:\/\/lightweb.dev\/l\/svm-temp\/wp-json\/wp\/v2\/posts\/4753","targetHints":{"allow":["GET"]}}],"collection":[{"href":"https:\/\/lightweb.dev\/l\/svm-temp\/wp-json\/wp\/v2\/posts"}],"about":[{"href":"https:\/\/lightweb.dev\/l\/svm-temp\/wp-json\/wp\/v2\/types\/post"}],"author":[{"embeddable":true,"href":"https:\/\/lightweb.dev\/l\/svm-temp\/wp-json\/wp\/v2\/users\/8"}],"replies":[{"embeddable":true,"href":"https:\/\/lightweb.dev\/l\/svm-temp\/wp-json\/wp\/v2\/comments?post=4753"}],"version-history":[{"count":0,"href":"https:\/\/lightweb.dev\/l\/svm-temp\/wp-json\/wp\/v2\/posts\/4753\/revisions"}],"wp:featuredmedia":[{"embeddable":true,"href":"https:\/\/lightweb.dev\/l\/svm-temp\/wp-json\/wp\/v2\/media\/4754"}],"wp:attachment":[{"href":"https:\/\/lightweb.dev\/l\/svm-temp\/wp-json\/wp\/v2\/media?parent=4753"}],"wp:term":[{"taxonomy":"category","embeddable":true,"href":"https:\/\/lightweb.dev\/l\/svm-temp\/wp-json\/wp\/v2\/categories?post=4753"},{"taxonomy":"post_tag","embeddable":true,"href":"https:\/\/lightweb.dev\/l\/svm-temp\/wp-json\/wp\/v2\/tags?post=4753"}],"curies":[{"name":"wp","href":"https:\/\/api.w.org\/{rel}","templated":true}]}}