{"id":4755,"date":"2013-12-11T00:00:00","date_gmt":"2013-12-10T23:00:00","guid":{"rendered":"https:\/\/lightweb.dev\/l\/svm-temp\/historiska-kulturveckor-de-katolska-monarkerna-tema-i-fuengirola\/"},"modified":"2013-12-11T00:00:00","modified_gmt":"2013-12-10T23:00:00","slug":"historiska-kulturveckor-de-katolska-monarkerna-tema-i-fuengirola","status":"publish","type":"post","link":"https:\/\/lightweb.dev\/l\/svm-temp\/artiklar\/historiska-kulturveckor-de-katolska-monarkerna-tema-i-fuengirola\/","title":{"rendered":"Historiska kulturveckor: De katolska monarkerna tema i Fuengirola"},"content":{"rendered":"<p> Fuengirola minns de katolska kungligheternas \u00e5terer\u00f6vringen av borgen castillo Sohail sommaren 1485 med en rad aktiviteter de kommande veckorna. Efter \u00e5terer\u00f6vring blev Fuengirola en del av kungariket Spanien. De katolska monarkerna har l\u00e4mnat sp\u00e5r efter sig i Fuengirola Av Ola Josefsson<\/p>\n<p>15 oktober 1469 s\u00e5 tr\u00e4ffas kusinerna fr\u00e5n huset Trast\u00e1mara. Isabel tronarvinge fr\u00e5n Kastilien och kronprins Fernando fr\u00e5n Aragonien m\u00f6ts f\u00f6r f\u00f6rsta g\u00e5ngen. Isabel \u00e4r 18 \u00e5r, Fernando \u00e4r 17 \u00e5r. Fyra dagar senare var de gifta.<br \/>\nN\u00e4r Isabel f\u00f6rst sa nej till kungen av Portugal och sedan sa nej till en fransk prins f\u00f6r att i st\u00e4llet s\u00e4ga ja till kronprinsen av Aragonien s\u00e5 innebar det f\u00f6rsta steget till kungariket Spanien. Tidigare hade Hispana existerat som ett geografiskt begrepp f\u00f6r alla l\u00e4nder p\u00e5 den iberiska halv\u00f6n.<\/p>\n<p>De f\u00f6rsta tio \u00e5ren blev stormiga med krig och inb\u00f6rdeskrig. 1479 avlider Fernandos far och med det blir Fernando II och Isabel I regenter i sina riken. Med det katolska kungaparet s\u00e5 tar Spanien form p\u00e5 allvar. Genom Kastilien-Aragonien som t\u00e4cker 90 procent av det kommande Spaniens yta.<br \/>\nIsabel var en driftig kvinna som tidigt visste vad hon ville. En kvinna f\u00f6re sin tid skulle man kunna uttrycka det. Fernando var en stor beg\u00e5vning och inf\u00f6rde ny milit\u00e4r teknik. Han var dessutom en skicklig f\u00f6rhandlare. <\/p>\n<p>1482 var hela Spanien befriat fr\u00e5n muslimer utom det muslimska kungariket Granada som var tre g\u00e5nger st\u00f6rre \u00e4n Sk\u00e5ne och med ungef\u00e4r 300.000 inv\u00e5nare. Det \u00e5ret inleddes kriget mot det muslimska riket Granada. Ronda f\u00f6ll f\u00f6rst.<\/p>\n<p>Borgen Sohail i Fuengirola er\u00f6vrades den 7 augusti 1485. 1487 v\u00e4ntade M\u00e1laga som var det muslimska kungariket Granadas st\u00f6rsta och viktigaste hamnstad. En er\u00f6vring som blev betydligt blodigare.<br \/>\nEfter er\u00f6vringen byttes en stor del av befolkningen ut mot kristna f\u00e5ngar i Nordafrika,  andra utv\u00e4xlades mot kristna f\u00e5ngar i Granada \u00e5ter andra s\u00e5ldes som slavar medan en del lyckades k\u00f6pa sig fria. Runt tv\u00e5 tusen familjer fr\u00e5n Kastilien fick hus och hem gratis i M\u00e1laga.<br \/>\nP\u00e5 ny\u00e5rsafton 1491 befann sig Isabel och Fernando i Santa F\u00e9 utanf\u00f6r Granada. Det gick bara n\u00e5gra dagar in p\u00e5 det nya \u00e5ret 1492 s\u00e5 hade de katolska monarkerna intagit Granada och slottet Alhambra.<\/p>\n<p>Gifterm\u00e5let mellan drottning Isabel av Kastilien och kung Fernando av Aragonien skulle g\u00f6ra att Spanien hamnade p\u00e5 kartan och blev en v\u00e4rldsmakt p\u00e5 1500-talet d\u00e4r solen aldrig gick ned. Isabel och Fernando ligger begravda i det kungliga gravkapellet i Granadas katedral.<\/p>\n<p>Aktuell<br \/>\nUnder de senaste m\u00e5naderna har vi kunnat f\u00f6lja drottning Isabels \u00e4ventyr i den v\u00e4lgjorda tv-serien som b\u00e4r hennes namn och som har visats i spansk tv under m\u00e5ndagskv\u00e4llar. Fuengirolas borgm\u00e4stare Esperanza O\u00f1a presenterade nyligen en rad aktiviteter som kommer att arrangeras fr\u00e5n den 19 november till den 17 januari under temat \u201dEl legado de los Reyes Cat\u00f3licos\u201d, Arvet fr\u00e5n de katolska monarkerna. Den stora h\u00e4ndelsen blir n\u00e4r en tre meter h\u00f6g staty i brons av de katolska kungaparet kommer att invigas p\u00e5 ett nytt torg framf\u00f6r gamla kommunhuset.<\/p>\n<p>I Fuengirola minns man historien och borgm\u00e4staren betonar att hon skulle \u00f6nska att alla borde k\u00e4nna mer f\u00f6r den spanska historien.<br \/>\n&#8211; Tack vare de katolska monarkerna, speciellt drottning Isabel, existerar Spanien idag. <\/p>\n<p>D\u00e4rf\u00f6r kommer de katolska monarkerna att hyllas och en staty kommer att invigas.<br \/>\n&#8211; F\u00f6r att fira detta har vi f\u00f6r avsikt att anordna en rad evenemang som f\u00f6r oss n\u00e4rmare v\u00e5rt lands historia. Vi kan k\u00e4nna stolthet \u00f6ver Spanien som har monarki och \u00e4r ett av de \u00e4ldsta l\u00e4nderna i Europa.<br \/>\n  De kulturhistoriska veckorna i Fuengirola \u00f6ppnade den 19 november med f\u00f6rel\u00e4sning av den erk\u00e4nde professorn Antonio Garrido Moraga fr\u00e5n Sevilla universitet. Temat p\u00e5 f\u00f6rel\u00e4sningen var \u201dEl Reino de Arag\u00f3n y su relaci\u00f3n con Catalu\u00f1a\u201d, Aragoniens kung och f\u00f6rh\u00e5llandet till Katalonien.<\/p>\n<p>Totalt \u00e4r det tre f\u00f6rel\u00e4sningar med Antonio Garrido Moraga. Den 2 december var temat \u201dNacimiento de un Reino: El Estado Moderno\u201d, Ett rikes f\u00f6delse, den moderna staten. Den 16 december arrangeras ytterligare en f\u00f6rel\u00e4sning under temat: \u201dIsabel La Cat\u00f3lica. Una mujer adelantada a su tiempo\u201d, Katolska Isabel, en kvinna f\u00f6re sin tid. Samtliga f\u00f6rel\u00e4sningar p\u00e5 kommunhuset.<\/p>\n<p>Fr\u00e5n den 3 december till den 17 januari arrangeras utst\u00e4llningen \u201dLos Reyes Cat\u00f3licos y Fuengirola\u201d i Fuengirolas stadsmuseum. Ett av flera intressant f\u00f6rem\u00e5l kommer fr\u00e5n kommunarkivet i M\u00e1laga och visar en stadga som undertecknades av drottning Isabel. I stadgan uppmanas de som ingick i milit\u00e4rstyrkorna utmed kusten som exempelvis i Fuengirola att bo med sina familjer f\u00f6r att inte orsaka en befolkningsminskning.<\/p>\n<p>En medeltidsscen spelas upp d\u00e4r drottning Isabel n\u00e4rvarar och skriver under f\u00f6rdraget i Tordesillas d\u00e4r Sydamerika delades upp mellan den spanska och portugisiska v\u00e4rlden. Andra intressanta f\u00f6rem\u00e5l vid utst\u00e4llningen \u00e4r brev av Isabel liksom kungaparets krona och spira samt Fernandos sv\u00e4rd som har l\u00e5nats ut av museet vid det kungliga gravkapellet i Granada.<br \/>\nEn speciell visuell bildvisning visas p\u00e5 fasaden till Fuengirolas kommunhus den 2 till 4 januari 2014. Bilderna visar det gamla Fuengirola och det moderna Fuengirola. <\/p>\n<p>F\u00f6r barnen v\u00e4ntar en tillst\u00e4llning med medeltidstema i centrala Fuengirola den 3 januari vilket g\u00f6r att avenida Condes de San Isidro st\u00e4ngs av f\u00f6r trafik den dagen. En medeltidskonsert arrangeras den 17 januari klockan 20.30 i kyrkan Iglesia del Rosario p\u00e5 kyrktorget under temat \u201dArtefactum M\u00fasica Medieval\u201d.<\/p>\n<p>Bronsskulptur av de katolska monarkerna<br \/>\nFuengirola kommun satsar 19.500 euro p\u00e5 en staty av Reyes Cat\u00f3licos, de katolska monarkerna. Oppositionen anser att det \u00e4r ett sl\u00f6seri med pengar medan de styrande anser att det \u00e4r en turistinvestering.<br \/>\nSkulpturen av los Reyes Cat\u00f3licos, det vill s\u00e4ga Fernando II av Aragonien och Isabel I av Kastilien, placeras p\u00e5 det lilla torget framf\u00f6r det gamla kommunhuset. Torget f\u00e5r namnet plaza de los Reyes Cat\u00f3licos.<br \/>\nInte helt ov\u00e4ntat kommer det kritik fr\u00e5n Izquierda Unidas Jos\u00e9 Miguel L\u00f3pez Espa\u00f1a som menar att kostnaden, 19.500 euro, \u00e4r att sl\u00e4nga pengar i sj\u00f6n. Lika kritisk \u00e4r socialdemokraten Juan Pedro \u00c1lvarez del Pozo.<br \/>\nDe styrande i kommunen vill \u00e5 andra sidan v\u00e4rna om landets rika kulturarv. Tidigare har kommunen bjudit in utbytesstudenter vid Svenska skolan i Fuengirola till att bes\u00f6ka borgen castillo Sohail f\u00f6r att l\u00e4ra sig mer om platsen.<br \/>\nDen 7 augusti \u00e4r \u00e5rsdagen d\u00e5 de katolska monarkerna \u00e5terer\u00f6vrade borgen Sohail. F\u00f6r att hedra det katolska kungaparet Fernando och Isabel f\u00e5r d\u00e4rf\u00f6r staden en staty var det k\u00e4nda kungaparet.<br \/>\n\u201dVi vill erk\u00e4nna dem som en viktig och grundl\u00e4ggande del av v\u00e5r historia, inte bara i Spaniens historia, utan \u00e4ven f\u00f6r v\u00e5r stad\u201d s\u00e4ger borgm\u00e4staren Esperanza O\u00f1a i en kommentar.<br \/>\nBronsstatyn m\u00e4ter tre meter och placeras p\u00e5 torget framf\u00f6r gamla kommunhuset. Skulpturen \u00e4r gjord under ledning av Rosario Garc\u00eda.<\/p>\n","protected":false},"excerpt":{"rendered":"<p>Fuengirola minns de katolska kungligheternas \u00e5terer\u00f6vringen av borgen castillo Sohail sommaren 1485 med en rad aktiviteter de kommande veckorna. Efter \u00e5terer\u00f6vring blev Fuengirola en del av kungariket Spanien. De katolska monarkerna har l\u00e4mnat sp\u00e5r efter sig i Fuengirola Av Ola Josefsson 15 oktober 1469 s\u00e5 tr\u00e4ffas kusinerna fr\u00e5n huset Trast\u00e1mara. Isabel tronarvinge fr\u00e5n Kastilien och [&hellip;]<\/p>\n","protected":false},"author":8,"featured_media":4756,"comment_status":"open","ping_status":"open","sticky":false,"template":"","format":"standard","meta":{"_et_pb_use_builder":"","_et_pb_old_content":"","_et_gb_content_width":"","footnotes":""},"categories":[396,4],"tags":[],"class_list":["post-4755","post","type-post","status-publish","format-standard","has-post-thumbnail","hentry","category-arkiv-artiklar","category-artiklar"],"yoast_head":"<!-- This site is optimized with the Yoast SEO Premium plugin v26.2 (Yoast SEO v27.5) - https:\/\/yoast.com\/product\/yoast-seo-premium-wordpress\/ -->\n<title>Historiska kulturveckor: De katolska monarkerna tema i Fuengirola - Svenska Magasinet<\/title>\n<meta name=\"robots\" content=\"noindex, follow, max-snippet:-1, max-image-preview:large, max-video-preview:-1\" \/>\n<meta property=\"og:locale\" content=\"sv_SE\" \/>\n<meta property=\"og:type\" content=\"article\" \/>\n<meta property=\"og:title\" content=\"Historiska kulturveckor: De katolska monarkerna tema i Fuengirola\" \/>\n<meta property=\"og:description\" content=\"Fuengirola minns de katolska kungligheternas \u00e5terer\u00f6vringen av borgen castillo Sohail sommaren 1485 med en rad aktiviteter de kommande veckorna. Efter \u00e5terer\u00f6vring blev Fuengirola en del av kungariket Spanien. De katolska monarkerna har l\u00e4mnat sp\u00e5r efter sig i Fuengirola Av Ola Josefsson 15 oktober 1469 s\u00e5 tr\u00e4ffas kusinerna fr\u00e5n huset Trast\u00e1mara. Isabel tronarvinge fr\u00e5n Kastilien och [&hellip;]\" \/>\n<meta property=\"og:url\" content=\"https:\/\/lightweb.dev\/l\/svm-temp\/artiklar\/historiska-kulturveckor-de-katolska-monarkerna-tema-i-fuengirola\/\" \/>\n<meta property=\"og:site_name\" content=\"Svenska Magasinet\" \/>\n<meta property=\"article:publisher\" content=\"https:\/\/www.facebook.com\/svenskamagasinet\" \/>\n<meta property=\"article:published_time\" content=\"2013-12-10T23:00:00+00:00\" \/>\n<meta property=\"og:image\" content=\"https:\/\/lightweb.dev\/l\/svm-temp\/wp-content\/uploads\/2022\/04\/historiska-kulturveckor-de-katolska-monarkerna-tema-i-fuengirola.png\" \/>\n\t<meta property=\"og:image:width\" content=\"280\" \/>\n\t<meta property=\"og:image:height\" content=\"285\" \/>\n\t<meta property=\"og:image:type\" content=\"image\/png\" \/>\n<meta name=\"author\" content=\"Redaktionen SvM\" \/>\n<meta name=\"twitter:card\" content=\"summary_large_image\" \/>\n<meta name=\"twitter:creator\" content=\"@SvenskaMagasine\" \/>\n<meta name=\"twitter:site\" content=\"@SvenskaMagasine\" \/>\n<script type=\"application\/ld+json\" class=\"yoast-schema-graph\">{\"@context\":\"https:\\\/\\\/schema.org\",\"@graph\":[{\"@type\":\"Article\",\"@id\":\"https:\\\/\\\/lightweb.dev\\\/l\\\/svm-temp\\\/artiklar\\\/historiska-kulturveckor-de-katolska-monarkerna-tema-i-fuengirola\\\/#article\",\"isPartOf\":{\"@id\":\"https:\\\/\\\/lightweb.dev\\\/l\\\/svm-temp\\\/artiklar\\\/historiska-kulturveckor-de-katolska-monarkerna-tema-i-fuengirola\\\/\"},\"author\":{\"name\":\"Redaktionen SvM\",\"@id\":\"https:\\\/\\\/lightweb.dev\\\/l\\\/svm-temp\\\/#\\\/schema\\\/person\\\/206a3bda5b607b0c25e1749191e4d837\"},\"headline\":\"Historiska kulturveckor: De katolska monarkerna tema i Fuengirola\",\"datePublished\":\"2013-12-10T23:00:00+00:00\",\"mainEntityOfPage\":{\"@id\":\"https:\\\/\\\/lightweb.dev\\\/l\\\/svm-temp\\\/artiklar\\\/historiska-kulturveckor-de-katolska-monarkerna-tema-i-fuengirola\\\/\"},\"wordCount\":1217,\"commentCount\":0,\"publisher\":{\"@id\":\"https:\\\/\\\/lightweb.dev\\\/l\\\/svm-temp\\\/#organization\"},\"image\":{\"@id\":\"https:\\\/\\\/lightweb.dev\\\/l\\\/svm-temp\\\/artiklar\\\/historiska-kulturveckor-de-katolska-monarkerna-tema-i-fuengirola\\\/#primaryimage\"},\"thumbnailUrl\":\"https:\\\/\\\/lightweb.dev\\\/l\\\/svm-temp\\\/wp-content\\\/uploads\\\/2022\\\/04\\\/historiska-kulturveckor-de-katolska-monarkerna-tema-i-fuengirola.png\",\"articleSection\":[\"Arkiv\",\"Artiklar\"],\"inLanguage\":\"sv-SE\"},{\"@type\":\"WebPage\",\"@id\":\"https:\\\/\\\/lightweb.dev\\\/l\\\/svm-temp\\\/artiklar\\\/historiska-kulturveckor-de-katolska-monarkerna-tema-i-fuengirola\\\/\",\"url\":\"https:\\\/\\\/lightweb.dev\\\/l\\\/svm-temp\\\/artiklar\\\/historiska-kulturveckor-de-katolska-monarkerna-tema-i-fuengirola\\\/\",\"name\":\"Historiska kulturveckor: De katolska monarkerna tema i Fuengirola - Svenska Magasinet\",\"isPartOf\":{\"@id\":\"https:\\\/\\\/lightweb.dev\\\/l\\\/svm-temp\\\/#website\"},\"primaryImageOfPage\":{\"@id\":\"https:\\\/\\\/lightweb.dev\\\/l\\\/svm-temp\\\/artiklar\\\/historiska-kulturveckor-de-katolska-monarkerna-tema-i-fuengirola\\\/#primaryimage\"},\"image\":{\"@id\":\"https:\\\/\\\/lightweb.dev\\\/l\\\/svm-temp\\\/artiklar\\\/historiska-kulturveckor-de-katolska-monarkerna-tema-i-fuengirola\\\/#primaryimage\"},\"thumbnailUrl\":\"https:\\\/\\\/lightweb.dev\\\/l\\\/svm-temp\\\/wp-content\\\/uploads\\\/2022\\\/04\\\/historiska-kulturveckor-de-katolska-monarkerna-tema-i-fuengirola.png\",\"datePublished\":\"2013-12-10T23:00:00+00:00\",\"breadcrumb\":{\"@id\":\"https:\\\/\\\/lightweb.dev\\\/l\\\/svm-temp\\\/artiklar\\\/historiska-kulturveckor-de-katolska-monarkerna-tema-i-fuengirola\\\/#breadcrumb\"},\"inLanguage\":\"sv-SE\",\"potentialAction\":[{\"@type\":\"ReadAction\",\"target\":[\"https:\\\/\\\/lightweb.dev\\\/l\\\/svm-temp\\\/artiklar\\\/historiska-kulturveckor-de-katolska-monarkerna-tema-i-fuengirola\\\/\"]}]},{\"@type\":\"ImageObject\",\"inLanguage\":\"sv-SE\",\"@id\":\"https:\\\/\\\/lightweb.dev\\\/l\\\/svm-temp\\\/artiklar\\\/historiska-kulturveckor-de-katolska-monarkerna-tema-i-fuengirola\\\/#primaryimage\",\"url\":\"https:\\\/\\\/lightweb.dev\\\/l\\\/svm-temp\\\/wp-content\\\/uploads\\\/2022\\\/04\\\/historiska-kulturveckor-de-katolska-monarkerna-tema-i-fuengirola.png\",\"contentUrl\":\"https:\\\/\\\/lightweb.dev\\\/l\\\/svm-temp\\\/wp-content\\\/uploads\\\/2022\\\/04\\\/historiska-kulturveckor-de-katolska-monarkerna-tema-i-fuengirola.png\",\"width\":280,\"height\":285},{\"@type\":\"BreadcrumbList\",\"@id\":\"https:\\\/\\\/lightweb.dev\\\/l\\\/svm-temp\\\/artiklar\\\/historiska-kulturveckor-de-katolska-monarkerna-tema-i-fuengirola\\\/#breadcrumb\",\"itemListElement\":[{\"@type\":\"ListItem\",\"position\":1,\"name\":\"Hem\",\"item\":\"https:\\\/\\\/lightweb.dev\\\/l\\\/svm-temp\\\/\"},{\"@type\":\"ListItem\",\"position\":2,\"name\":\"Historiska kulturveckor: De katolska monarkerna tema i Fuengirola\"}]},{\"@type\":\"WebSite\",\"@id\":\"https:\\\/\\\/lightweb.dev\\\/l\\\/svm-temp\\\/#website\",\"url\":\"https:\\\/\\\/lightweb.dev\\\/l\\\/svm-temp\\\/\",\"name\":\"Svenska Magasinet\",\"description\":\"Dina Spanska nyheter p&aring; Svenska\",\"publisher\":{\"@id\":\"https:\\\/\\\/lightweb.dev\\\/l\\\/svm-temp\\\/#organization\"},\"potentialAction\":[{\"@type\":\"SearchAction\",\"target\":{\"@type\":\"EntryPoint\",\"urlTemplate\":\"https:\\\/\\\/lightweb.dev\\\/l\\\/svm-temp\\\/?s={search_term_string}\"},\"query-input\":{\"@type\":\"PropertyValueSpecification\",\"valueRequired\":true,\"valueName\":\"search_term_string\"}}],\"inLanguage\":\"sv-SE\"},{\"@type\":\"Organization\",\"@id\":\"https:\\\/\\\/lightweb.dev\\\/l\\\/svm-temp\\\/#organization\",\"name\":\"Melkerson y Nott SL\",\"alternateName\":\"Svenska Magasinet\",\"url\":\"https:\\\/\\\/lightweb.dev\\\/l\\\/svm-temp\\\/\",\"logo\":{\"@type\":\"ImageObject\",\"inLanguage\":\"sv-SE\",\"@id\":\"https:\\\/\\\/lightweb.dev\\\/l\\\/svm-temp\\\/#\\\/schema\\\/logo\\\/image\\\/\",\"url\":\"https:\\\/\\\/lightweb.dev\\\/l\\\/svm-temp\\\/wp-content\\\/uploads\\\/2025\\\/02\\\/SvM-logo-Xtra-Centrerad-SVART.png\",\"contentUrl\":\"https:\\\/\\\/lightweb.dev\\\/l\\\/svm-temp\\\/wp-content\\\/uploads\\\/2025\\\/02\\\/SvM-logo-Xtra-Centrerad-SVART.png\",\"width\":300,\"height\":99,\"caption\":\"Melkerson y Nott SL\"},\"image\":{\"@id\":\"https:\\\/\\\/lightweb.dev\\\/l\\\/svm-temp\\\/#\\\/schema\\\/logo\\\/image\\\/\"},\"sameAs\":[\"https:\\\/\\\/www.facebook.com\\\/svenskamagasinet\",\"https:\\\/\\\/x.com\\\/SvenskaMagasine\"]},{\"@type\":\"Person\",\"@id\":\"https:\\\/\\\/lightweb.dev\\\/l\\\/svm-temp\\\/#\\\/schema\\\/person\\\/206a3bda5b607b0c25e1749191e4d837\",\"name\":\"Redaktionen SvM\",\"description\":\"Redaktionen\",\"sameAs\":[\"https:\\\/\\\/lightweb.dev\\\/l\\\/svm-temp\"],\"url\":\"https:\\\/\\\/lightweb.dev\\\/l\\\/svm-temp\\\/reporter\\\/redaktionen\\\/\"}]}<\/script>\n<!-- \/ Yoast SEO Premium plugin. -->","yoast_head_json":{"title":"Historiska kulturveckor: De katolska monarkerna tema i Fuengirola - Svenska Magasinet","robots":{"index":"noindex","follow":"follow","max-snippet":"max-snippet:-1","max-image-preview":"max-image-preview:large","max-video-preview":"max-video-preview:-1"},"og_locale":"sv_SE","og_type":"article","og_title":"Historiska kulturveckor: De katolska monarkerna tema i Fuengirola","og_description":"Fuengirola minns de katolska kungligheternas \u00e5terer\u00f6vringen av borgen castillo Sohail sommaren 1485 med en rad aktiviteter de kommande veckorna. Efter \u00e5terer\u00f6vring blev Fuengirola en del av kungariket Spanien. De katolska monarkerna har l\u00e4mnat sp\u00e5r efter sig i Fuengirola Av Ola Josefsson 15 oktober 1469 s\u00e5 tr\u00e4ffas kusinerna fr\u00e5n huset Trast\u00e1mara. Isabel tronarvinge fr\u00e5n Kastilien och [&hellip;]","og_url":"https:\/\/lightweb.dev\/l\/svm-temp\/artiklar\/historiska-kulturveckor-de-katolska-monarkerna-tema-i-fuengirola\/","og_site_name":"Svenska Magasinet","article_publisher":"https:\/\/www.facebook.com\/svenskamagasinet","article_published_time":"2013-12-10T23:00:00+00:00","og_image":[{"width":280,"height":285,"url":"https:\/\/lightweb.dev\/l\/svm-temp\/wp-content\/uploads\/2022\/04\/historiska-kulturveckor-de-katolska-monarkerna-tema-i-fuengirola.png","type":"image\/png"}],"author":"Redaktionen SvM","twitter_card":"summary_large_image","twitter_creator":"@SvenskaMagasine","twitter_site":"@SvenskaMagasine","schema":{"@context":"https:\/\/schema.org","@graph":[{"@type":"Article","@id":"https:\/\/lightweb.dev\/l\/svm-temp\/artiklar\/historiska-kulturveckor-de-katolska-monarkerna-tema-i-fuengirola\/#article","isPartOf":{"@id":"https:\/\/lightweb.dev\/l\/svm-temp\/artiklar\/historiska-kulturveckor-de-katolska-monarkerna-tema-i-fuengirola\/"},"author":{"name":"Redaktionen SvM","@id":"https:\/\/lightweb.dev\/l\/svm-temp\/#\/schema\/person\/206a3bda5b607b0c25e1749191e4d837"},"headline":"Historiska kulturveckor: De katolska monarkerna tema i Fuengirola","datePublished":"2013-12-10T23:00:00+00:00","mainEntityOfPage":{"@id":"https:\/\/lightweb.dev\/l\/svm-temp\/artiklar\/historiska-kulturveckor-de-katolska-monarkerna-tema-i-fuengirola\/"},"wordCount":1217,"commentCount":0,"publisher":{"@id":"https:\/\/lightweb.dev\/l\/svm-temp\/#organization"},"image":{"@id":"https:\/\/lightweb.dev\/l\/svm-temp\/artiklar\/historiska-kulturveckor-de-katolska-monarkerna-tema-i-fuengirola\/#primaryimage"},"thumbnailUrl":"https:\/\/lightweb.dev\/l\/svm-temp\/wp-content\/uploads\/2022\/04\/historiska-kulturveckor-de-katolska-monarkerna-tema-i-fuengirola.png","articleSection":["Arkiv","Artiklar"],"inLanguage":"sv-SE"},{"@type":"WebPage","@id":"https:\/\/lightweb.dev\/l\/svm-temp\/artiklar\/historiska-kulturveckor-de-katolska-monarkerna-tema-i-fuengirola\/","url":"https:\/\/lightweb.dev\/l\/svm-temp\/artiklar\/historiska-kulturveckor-de-katolska-monarkerna-tema-i-fuengirola\/","name":"Historiska kulturveckor: De katolska monarkerna tema i Fuengirola - Svenska Magasinet","isPartOf":{"@id":"https:\/\/lightweb.dev\/l\/svm-temp\/#website"},"primaryImageOfPage":{"@id":"https:\/\/lightweb.dev\/l\/svm-temp\/artiklar\/historiska-kulturveckor-de-katolska-monarkerna-tema-i-fuengirola\/#primaryimage"},"image":{"@id":"https:\/\/lightweb.dev\/l\/svm-temp\/artiklar\/historiska-kulturveckor-de-katolska-monarkerna-tema-i-fuengirola\/#primaryimage"},"thumbnailUrl":"https:\/\/lightweb.dev\/l\/svm-temp\/wp-content\/uploads\/2022\/04\/historiska-kulturveckor-de-katolska-monarkerna-tema-i-fuengirola.png","datePublished":"2013-12-10T23:00:00+00:00","breadcrumb":{"@id":"https:\/\/lightweb.dev\/l\/svm-temp\/artiklar\/historiska-kulturveckor-de-katolska-monarkerna-tema-i-fuengirola\/#breadcrumb"},"inLanguage":"sv-SE","potentialAction":[{"@type":"ReadAction","target":["https:\/\/lightweb.dev\/l\/svm-temp\/artiklar\/historiska-kulturveckor-de-katolska-monarkerna-tema-i-fuengirola\/"]}]},{"@type":"ImageObject","inLanguage":"sv-SE","@id":"https:\/\/lightweb.dev\/l\/svm-temp\/artiklar\/historiska-kulturveckor-de-katolska-monarkerna-tema-i-fuengirola\/#primaryimage","url":"https:\/\/lightweb.dev\/l\/svm-temp\/wp-content\/uploads\/2022\/04\/historiska-kulturveckor-de-katolska-monarkerna-tema-i-fuengirola.png","contentUrl":"https:\/\/lightweb.dev\/l\/svm-temp\/wp-content\/uploads\/2022\/04\/historiska-kulturveckor-de-katolska-monarkerna-tema-i-fuengirola.png","width":280,"height":285},{"@type":"BreadcrumbList","@id":"https:\/\/lightweb.dev\/l\/svm-temp\/artiklar\/historiska-kulturveckor-de-katolska-monarkerna-tema-i-fuengirola\/#breadcrumb","itemListElement":[{"@type":"ListItem","position":1,"name":"Hem","item":"https:\/\/lightweb.dev\/l\/svm-temp\/"},{"@type":"ListItem","position":2,"name":"Historiska kulturveckor: De katolska monarkerna tema i Fuengirola"}]},{"@type":"WebSite","@id":"https:\/\/lightweb.dev\/l\/svm-temp\/#website","url":"https:\/\/lightweb.dev\/l\/svm-temp\/","name":"Svenska Magasinet","description":"Dina Spanska nyheter p&aring; Svenska","publisher":{"@id":"https:\/\/lightweb.dev\/l\/svm-temp\/#organization"},"potentialAction":[{"@type":"SearchAction","target":{"@type":"EntryPoint","urlTemplate":"https:\/\/lightweb.dev\/l\/svm-temp\/?s={search_term_string}"},"query-input":{"@type":"PropertyValueSpecification","valueRequired":true,"valueName":"search_term_string"}}],"inLanguage":"sv-SE"},{"@type":"Organization","@id":"https:\/\/lightweb.dev\/l\/svm-temp\/#organization","name":"Melkerson y Nott SL","alternateName":"Svenska Magasinet","url":"https:\/\/lightweb.dev\/l\/svm-temp\/","logo":{"@type":"ImageObject","inLanguage":"sv-SE","@id":"https:\/\/lightweb.dev\/l\/svm-temp\/#\/schema\/logo\/image\/","url":"https:\/\/lightweb.dev\/l\/svm-temp\/wp-content\/uploads\/2025\/02\/SvM-logo-Xtra-Centrerad-SVART.png","contentUrl":"https:\/\/lightweb.dev\/l\/svm-temp\/wp-content\/uploads\/2025\/02\/SvM-logo-Xtra-Centrerad-SVART.png","width":300,"height":99,"caption":"Melkerson y Nott SL"},"image":{"@id":"https:\/\/lightweb.dev\/l\/svm-temp\/#\/schema\/logo\/image\/"},"sameAs":["https:\/\/www.facebook.com\/svenskamagasinet","https:\/\/x.com\/SvenskaMagasine"]},{"@type":"Person","@id":"https:\/\/lightweb.dev\/l\/svm-temp\/#\/schema\/person\/206a3bda5b607b0c25e1749191e4d837","name":"Redaktionen SvM","description":"Redaktionen","sameAs":["https:\/\/lightweb.dev\/l\/svm-temp"],"url":"https:\/\/lightweb.dev\/l\/svm-temp\/reporter\/redaktionen\/"}]}},"_links":{"self":[{"href":"https:\/\/lightweb.dev\/l\/svm-temp\/wp-json\/wp\/v2\/posts\/4755","targetHints":{"allow":["GET"]}}],"collection":[{"href":"https:\/\/lightweb.dev\/l\/svm-temp\/wp-json\/wp\/v2\/posts"}],"about":[{"href":"https:\/\/lightweb.dev\/l\/svm-temp\/wp-json\/wp\/v2\/types\/post"}],"author":[{"embeddable":true,"href":"https:\/\/lightweb.dev\/l\/svm-temp\/wp-json\/wp\/v2\/users\/8"}],"replies":[{"embeddable":true,"href":"https:\/\/lightweb.dev\/l\/svm-temp\/wp-json\/wp\/v2\/comments?post=4755"}],"version-history":[{"count":0,"href":"https:\/\/lightweb.dev\/l\/svm-temp\/wp-json\/wp\/v2\/posts\/4755\/revisions"}],"wp:featuredmedia":[{"embeddable":true,"href":"https:\/\/lightweb.dev\/l\/svm-temp\/wp-json\/wp\/v2\/media\/4756"}],"wp:attachment":[{"href":"https:\/\/lightweb.dev\/l\/svm-temp\/wp-json\/wp\/v2\/media?parent=4755"}],"wp:term":[{"taxonomy":"category","embeddable":true,"href":"https:\/\/lightweb.dev\/l\/svm-temp\/wp-json\/wp\/v2\/categories?post=4755"},{"taxonomy":"post_tag","embeddable":true,"href":"https:\/\/lightweb.dev\/l\/svm-temp\/wp-json\/wp\/v2\/tags?post=4755"}],"curies":[{"name":"wp","href":"https:\/\/api.w.org\/{rel}","templated":true}]}}