{"id":4759,"date":"2013-12-11T00:00:00","date_gmt":"2013-12-10T23:00:00","guid":{"rendered":"https:\/\/lightweb.dev\/l\/svm-temp\/har-ar-malagaprovinsens-basta-viner\/"},"modified":"2013-12-11T00:00:00","modified_gmt":"2013-12-10T23:00:00","slug":"har-ar-malagaprovinsens-basta-viner","status":"publish","type":"post","link":"https:\/\/lightweb.dev\/l\/svm-temp\/artiklar\/har-ar-malagaprovinsens-basta-viner\/","title":{"rendered":"H\u00e4r \u00e4r M\u00e1lagaprovinsens b\u00e4sta viner"},"content":{"rendered":"<p> Nyligen h\u00f6lls en vinprovning organiserad av provinsstyrelsen Diputaci\u00f3n de M\u00e1laga. Professionella vinexperter var p\u00e5 plats f\u00f6r att titta, dofta och smaka inte mindre \u00e4n 46 olika viner fr\u00e5n 18 ving\u00e5rdar i provinsen M\u00e1laga, 21 r\u00f6da viner, sex vita, nio Pedro Xim\u00e9n och tio s\u00f6ta dessertviner. H\u00e4r \u00e4r vinerna som vann:<br \/>\nVitt vin:<br \/>\nAfrutado 12 fr\u00e5n Cortijo la Fuente, Mollina. Gjort p\u00e5 moscatel de grano menudo.<\/p>\n<p>R\u00f6tt vin:<br \/>\nLunera 2012 fr\u00e5n Morosanto, Ronda. Gjort p\u00e5 Petit Verdot, Cabernet Suavignon och Syrah.<\/p>\n<p>Dessertvin, M\u00e1lagavin (dulce moscatel):<br \/>\nAriyanas Terru\u00f1o Pizarroso 2008 fr\u00e5n Bentomiz, Sayalonga. Gjort p\u00e5 100 procent moscatel-druvan Alejandr\u00eda.<\/p>\n<p>Vin, Pedro Xim\u00e9n 100 procent:<br \/>\nCarpe Diem M\u00e1laga Trasa\u00f1ejo fr\u00e5n Tierras, Mollina (Dcoop). Detta vin vann \u00e4ven VM som h\u00f6lls i Bryssel 2013.<\/p>\n<p>De b\u00e4sta bodegas eller ving\u00e5rdar i provinsen M\u00e1laga \u00e4r Cortijo La Fuente i Mollina, Morosanto i Ronda, Bentomiz i Sayalonga och Tierras i Mollina som ing\u00e5r i Dcoop. Dessa ving\u00e5rdar vann f\u00f6rstapriset vid t\u00e4vlingen Concurso Provincial de Vinos &#39;Sabor a M\u00e1laga. T\u00e4vlingen h\u00f6lls vid restaurangskolan Convento Santo Domingo i Archidona och priserna kommer att delas ut vid en h\u00f6gtidlig ceremoni den 2 december.<br \/>\n  Varje prisbel\u00f6nt bodega eller ving\u00e5rd f\u00e5r 4.500 euro och de kan \u00e4ven anv\u00e4nda sig av varum\u00e4rket \u201dSabor a M\u00e1laga\u201d.<\/p>\n<p>I juryn satt bland annat den professionella vinjournalisten Jos\u00e9 Pe\u00f1\u00edn som ligger bakom vinguiden \u201dGu\u00eda Pe\u00f1\u00edn\u201d samt vin- och matkritikern Enrique Bellver och grundaren av vinsajten Verema, Jos\u00e9 Luis Contreras.<\/p>\n<p>Vi kan ocks\u00e5 ber\u00e4tta att n\u00e4sta upplaga av Spaniens mest ansedda vinguide, Gu\u00eda Pe\u00f1\u00edn, kommer att katalogisera 10.200 viner. Jos\u00e9 Pe\u00f1\u00edn betonade under sitt bes\u00f6k i M\u00e1laga hur viktigt det \u00e4r att provinsens inte f\u00f6rlorar sina traditionella s\u00f6ta dessertviner.<br \/>\n\u201dVi lever i en tid som pr\u00e4glas av torra viner. Idag prioriteras b\u00e5de vita och r\u00f6da men s\u00f6ta viner \u00e4r gr\u00e4dden p\u00e5 moset\u201d.<br \/>\nDock varnade han f\u00f6r att M\u00e1lagas vinindustri inte b\u00f6r leva uteslutande p\u00e5 s\u00f6ta viner.<\/p>\n<p>Svenska Magasinet tipsar: Tillsammans med vinguiden Pe\u00f1\u00edn \u00e4r vinsajten verema.com med 700.000 anv\u00e4ndare i m\u00e5naden fantastiska hj\u00e4lpmedel i att hitta spanska viner.<\/p>\n","protected":false},"excerpt":{"rendered":"<p>Nyligen h\u00f6lls en vinprovning organiserad av provinsstyrelsen Diputaci\u00f3n de M\u00e1laga. Professionella vinexperter var p\u00e5 plats f\u00f6r att titta, dofta och smaka inte mindre \u00e4n 46 olika viner fr\u00e5n 18 ving\u00e5rdar i provinsen M\u00e1laga, 21 r\u00f6da viner, sex vita, nio Pedro Xim\u00e9n och tio s\u00f6ta dessertviner. H\u00e4r \u00e4r vinerna som vann: Vitt vin: Afrutado 12 fr\u00e5n [&hellip;]<\/p>\n","protected":false},"author":8,"featured_media":4760,"comment_status":"open","ping_status":"open","sticky":false,"template":"","format":"standard","meta":{"_et_pb_use_builder":"","_et_pb_old_content":"","_et_gb_content_width":"","footnotes":""},"categories":[4,38],"tags":[],"class_list":["post-4759","post","type-post","status-publish","format-standard","has-post-thumbnail","hentry","category-artiklar","category-mat-vin"],"yoast_head":"<!-- This site is optimized with the Yoast SEO Premium plugin v26.2 (Yoast SEO v27.5) - https:\/\/yoast.com\/product\/yoast-seo-premium-wordpress\/ -->\n<title>H\u00e4r \u00e4r M\u00e1lagaprovinsens b\u00e4sta viner - Svenska Magasinet<\/title>\n<meta name=\"robots\" content=\"noindex, follow, max-snippet:-1, max-image-preview:large, max-video-preview:-1\" \/>\n<meta property=\"og:locale\" content=\"sv_SE\" \/>\n<meta property=\"og:type\" content=\"article\" \/>\n<meta property=\"og:title\" content=\"H\u00e4r \u00e4r M\u00e1lagaprovinsens b\u00e4sta viner\" \/>\n<meta property=\"og:description\" content=\"Nyligen h\u00f6lls en vinprovning organiserad av provinsstyrelsen Diputaci\u00f3n de M\u00e1laga. Professionella vinexperter var p\u00e5 plats f\u00f6r att titta, dofta och smaka inte mindre \u00e4n 46 olika viner fr\u00e5n 18 ving\u00e5rdar i provinsen M\u00e1laga, 21 r\u00f6da viner, sex vita, nio Pedro Xim\u00e9n och tio s\u00f6ta dessertviner. H\u00e4r \u00e4r vinerna som vann: Vitt vin: Afrutado 12 fr\u00e5n [&hellip;]\" \/>\n<meta property=\"og:url\" content=\"https:\/\/lightweb.dev\/l\/svm-temp\/artiklar\/har-ar-malagaprovinsens-basta-viner\/\" \/>\n<meta property=\"og:site_name\" content=\"Svenska Magasinet\" \/>\n<meta property=\"article:publisher\" content=\"https:\/\/www.facebook.com\/svenskamagasinet\" \/>\n<meta property=\"article:published_time\" content=\"2013-12-10T23:00:00+00:00\" \/>\n<meta property=\"og:image\" content=\"https:\/\/lightweb.dev\/l\/svm-temp\/wp-content\/uploads\/2022\/04\/hr-r-mlagaprovinsens-bsta-viner.png\" \/>\n\t<meta property=\"og:image:width\" content=\"299\" \/>\n\t<meta property=\"og:image:height\" content=\"200\" \/>\n\t<meta property=\"og:image:type\" content=\"image\/png\" \/>\n<meta name=\"author\" content=\"Redaktionen SvM\" \/>\n<meta name=\"twitter:card\" content=\"summary_large_image\" \/>\n<meta name=\"twitter:creator\" content=\"@SvenskaMagasine\" \/>\n<meta name=\"twitter:site\" content=\"@SvenskaMagasine\" \/>\n<script type=\"application\/ld+json\" class=\"yoast-schema-graph\">{\"@context\":\"https:\\\/\\\/schema.org\",\"@graph\":[{\"@type\":\"Article\",\"@id\":\"https:\\\/\\\/lightweb.dev\\\/l\\\/svm-temp\\\/artiklar\\\/har-ar-malagaprovinsens-basta-viner\\\/#article\",\"isPartOf\":{\"@id\":\"https:\\\/\\\/lightweb.dev\\\/l\\\/svm-temp\\\/artiklar\\\/har-ar-malagaprovinsens-basta-viner\\\/\"},\"author\":{\"name\":\"Redaktionen SvM\",\"@id\":\"https:\\\/\\\/lightweb.dev\\\/l\\\/svm-temp\\\/#\\\/schema\\\/person\\\/206a3bda5b607b0c25e1749191e4d837\"},\"headline\":\"H\u00e4r \u00e4r M\u00e1lagaprovinsens b\u00e4sta viner\",\"datePublished\":\"2013-12-10T23:00:00+00:00\",\"mainEntityOfPage\":{\"@id\":\"https:\\\/\\\/lightweb.dev\\\/l\\\/svm-temp\\\/artiklar\\\/har-ar-malagaprovinsens-basta-viner\\\/\"},\"wordCount\":391,\"commentCount\":0,\"publisher\":{\"@id\":\"https:\\\/\\\/lightweb.dev\\\/l\\\/svm-temp\\\/#organization\"},\"image\":{\"@id\":\"https:\\\/\\\/lightweb.dev\\\/l\\\/svm-temp\\\/artiklar\\\/har-ar-malagaprovinsens-basta-viner\\\/#primaryimage\"},\"thumbnailUrl\":\"https:\\\/\\\/lightweb.dev\\\/l\\\/svm-temp\\\/wp-content\\\/uploads\\\/2022\\\/04\\\/hr-r-mlagaprovinsens-bsta-viner.png\",\"articleSection\":[\"Artiklar\",\"Mat &amp; vin\"],\"inLanguage\":\"sv-SE\"},{\"@type\":\"WebPage\",\"@id\":\"https:\\\/\\\/lightweb.dev\\\/l\\\/svm-temp\\\/artiklar\\\/har-ar-malagaprovinsens-basta-viner\\\/\",\"url\":\"https:\\\/\\\/lightweb.dev\\\/l\\\/svm-temp\\\/artiklar\\\/har-ar-malagaprovinsens-basta-viner\\\/\",\"name\":\"H\u00e4r \u00e4r M\u00e1lagaprovinsens b\u00e4sta viner - Svenska Magasinet\",\"isPartOf\":{\"@id\":\"https:\\\/\\\/lightweb.dev\\\/l\\\/svm-temp\\\/#website\"},\"primaryImageOfPage\":{\"@id\":\"https:\\\/\\\/lightweb.dev\\\/l\\\/svm-temp\\\/artiklar\\\/har-ar-malagaprovinsens-basta-viner\\\/#primaryimage\"},\"image\":{\"@id\":\"https:\\\/\\\/lightweb.dev\\\/l\\\/svm-temp\\\/artiklar\\\/har-ar-malagaprovinsens-basta-viner\\\/#primaryimage\"},\"thumbnailUrl\":\"https:\\\/\\\/lightweb.dev\\\/l\\\/svm-temp\\\/wp-content\\\/uploads\\\/2022\\\/04\\\/hr-r-mlagaprovinsens-bsta-viner.png\",\"datePublished\":\"2013-12-10T23:00:00+00:00\",\"breadcrumb\":{\"@id\":\"https:\\\/\\\/lightweb.dev\\\/l\\\/svm-temp\\\/artiklar\\\/har-ar-malagaprovinsens-basta-viner\\\/#breadcrumb\"},\"inLanguage\":\"sv-SE\",\"potentialAction\":[{\"@type\":\"ReadAction\",\"target\":[\"https:\\\/\\\/lightweb.dev\\\/l\\\/svm-temp\\\/artiklar\\\/har-ar-malagaprovinsens-basta-viner\\\/\"]}]},{\"@type\":\"ImageObject\",\"inLanguage\":\"sv-SE\",\"@id\":\"https:\\\/\\\/lightweb.dev\\\/l\\\/svm-temp\\\/artiklar\\\/har-ar-malagaprovinsens-basta-viner\\\/#primaryimage\",\"url\":\"https:\\\/\\\/lightweb.dev\\\/l\\\/svm-temp\\\/wp-content\\\/uploads\\\/2022\\\/04\\\/hr-r-mlagaprovinsens-bsta-viner.png\",\"contentUrl\":\"https:\\\/\\\/lightweb.dev\\\/l\\\/svm-temp\\\/wp-content\\\/uploads\\\/2022\\\/04\\\/hr-r-mlagaprovinsens-bsta-viner.png\",\"width\":299,\"height\":200},{\"@type\":\"BreadcrumbList\",\"@id\":\"https:\\\/\\\/lightweb.dev\\\/l\\\/svm-temp\\\/artiklar\\\/har-ar-malagaprovinsens-basta-viner\\\/#breadcrumb\",\"itemListElement\":[{\"@type\":\"ListItem\",\"position\":1,\"name\":\"Hem\",\"item\":\"https:\\\/\\\/lightweb.dev\\\/l\\\/svm-temp\\\/\"},{\"@type\":\"ListItem\",\"position\":2,\"name\":\"H\u00e4r \u00e4r M\u00e1lagaprovinsens b\u00e4sta viner\"}]},{\"@type\":\"WebSite\",\"@id\":\"https:\\\/\\\/lightweb.dev\\\/l\\\/svm-temp\\\/#website\",\"url\":\"https:\\\/\\\/lightweb.dev\\\/l\\\/svm-temp\\\/\",\"name\":\"Svenska Magasinet\",\"description\":\"Dina Spanska nyheter p&aring; Svenska\",\"publisher\":{\"@id\":\"https:\\\/\\\/lightweb.dev\\\/l\\\/svm-temp\\\/#organization\"},\"potentialAction\":[{\"@type\":\"SearchAction\",\"target\":{\"@type\":\"EntryPoint\",\"urlTemplate\":\"https:\\\/\\\/lightweb.dev\\\/l\\\/svm-temp\\\/?s={search_term_string}\"},\"query-input\":{\"@type\":\"PropertyValueSpecification\",\"valueRequired\":true,\"valueName\":\"search_term_string\"}}],\"inLanguage\":\"sv-SE\"},{\"@type\":\"Organization\",\"@id\":\"https:\\\/\\\/lightweb.dev\\\/l\\\/svm-temp\\\/#organization\",\"name\":\"Melkerson y Nott SL\",\"alternateName\":\"Svenska Magasinet\",\"url\":\"https:\\\/\\\/lightweb.dev\\\/l\\\/svm-temp\\\/\",\"logo\":{\"@type\":\"ImageObject\",\"inLanguage\":\"sv-SE\",\"@id\":\"https:\\\/\\\/lightweb.dev\\\/l\\\/svm-temp\\\/#\\\/schema\\\/logo\\\/image\\\/\",\"url\":\"https:\\\/\\\/lightweb.dev\\\/l\\\/svm-temp\\\/wp-content\\\/uploads\\\/2025\\\/02\\\/SvM-logo-Xtra-Centrerad-SVART.png\",\"contentUrl\":\"https:\\\/\\\/lightweb.dev\\\/l\\\/svm-temp\\\/wp-content\\\/uploads\\\/2025\\\/02\\\/SvM-logo-Xtra-Centrerad-SVART.png\",\"width\":300,\"height\":99,\"caption\":\"Melkerson y Nott SL\"},\"image\":{\"@id\":\"https:\\\/\\\/lightweb.dev\\\/l\\\/svm-temp\\\/#\\\/schema\\\/logo\\\/image\\\/\"},\"sameAs\":[\"https:\\\/\\\/www.facebook.com\\\/svenskamagasinet\",\"https:\\\/\\\/x.com\\\/SvenskaMagasine\"]},{\"@type\":\"Person\",\"@id\":\"https:\\\/\\\/lightweb.dev\\\/l\\\/svm-temp\\\/#\\\/schema\\\/person\\\/206a3bda5b607b0c25e1749191e4d837\",\"name\":\"Redaktionen SvM\",\"description\":\"Redaktionen\",\"sameAs\":[\"https:\\\/\\\/lightweb.dev\\\/l\\\/svm-temp\"],\"url\":\"https:\\\/\\\/lightweb.dev\\\/l\\\/svm-temp\\\/reporter\\\/redaktionen\\\/\"}]}<\/script>\n<!-- \/ Yoast SEO Premium plugin. -->","yoast_head_json":{"title":"H\u00e4r \u00e4r M\u00e1lagaprovinsens b\u00e4sta viner - Svenska Magasinet","robots":{"index":"noindex","follow":"follow","max-snippet":"max-snippet:-1","max-image-preview":"max-image-preview:large","max-video-preview":"max-video-preview:-1"},"og_locale":"sv_SE","og_type":"article","og_title":"H\u00e4r \u00e4r M\u00e1lagaprovinsens b\u00e4sta viner","og_description":"Nyligen h\u00f6lls en vinprovning organiserad av provinsstyrelsen Diputaci\u00f3n de M\u00e1laga. Professionella vinexperter var p\u00e5 plats f\u00f6r att titta, dofta och smaka inte mindre \u00e4n 46 olika viner fr\u00e5n 18 ving\u00e5rdar i provinsen M\u00e1laga, 21 r\u00f6da viner, sex vita, nio Pedro Xim\u00e9n och tio s\u00f6ta dessertviner. H\u00e4r \u00e4r vinerna som vann: Vitt vin: Afrutado 12 fr\u00e5n [&hellip;]","og_url":"https:\/\/lightweb.dev\/l\/svm-temp\/artiklar\/har-ar-malagaprovinsens-basta-viner\/","og_site_name":"Svenska Magasinet","article_publisher":"https:\/\/www.facebook.com\/svenskamagasinet","article_published_time":"2013-12-10T23:00:00+00:00","og_image":[{"width":299,"height":200,"url":"https:\/\/lightweb.dev\/l\/svm-temp\/wp-content\/uploads\/2022\/04\/hr-r-mlagaprovinsens-bsta-viner.png","type":"image\/png"}],"author":"Redaktionen SvM","twitter_card":"summary_large_image","twitter_creator":"@SvenskaMagasine","twitter_site":"@SvenskaMagasine","schema":{"@context":"https:\/\/schema.org","@graph":[{"@type":"Article","@id":"https:\/\/lightweb.dev\/l\/svm-temp\/artiklar\/har-ar-malagaprovinsens-basta-viner\/#article","isPartOf":{"@id":"https:\/\/lightweb.dev\/l\/svm-temp\/artiklar\/har-ar-malagaprovinsens-basta-viner\/"},"author":{"name":"Redaktionen SvM","@id":"https:\/\/lightweb.dev\/l\/svm-temp\/#\/schema\/person\/206a3bda5b607b0c25e1749191e4d837"},"headline":"H\u00e4r \u00e4r M\u00e1lagaprovinsens b\u00e4sta viner","datePublished":"2013-12-10T23:00:00+00:00","mainEntityOfPage":{"@id":"https:\/\/lightweb.dev\/l\/svm-temp\/artiklar\/har-ar-malagaprovinsens-basta-viner\/"},"wordCount":391,"commentCount":0,"publisher":{"@id":"https:\/\/lightweb.dev\/l\/svm-temp\/#organization"},"image":{"@id":"https:\/\/lightweb.dev\/l\/svm-temp\/artiklar\/har-ar-malagaprovinsens-basta-viner\/#primaryimage"},"thumbnailUrl":"https:\/\/lightweb.dev\/l\/svm-temp\/wp-content\/uploads\/2022\/04\/hr-r-mlagaprovinsens-bsta-viner.png","articleSection":["Artiklar","Mat &amp; vin"],"inLanguage":"sv-SE"},{"@type":"WebPage","@id":"https:\/\/lightweb.dev\/l\/svm-temp\/artiklar\/har-ar-malagaprovinsens-basta-viner\/","url":"https:\/\/lightweb.dev\/l\/svm-temp\/artiklar\/har-ar-malagaprovinsens-basta-viner\/","name":"H\u00e4r \u00e4r M\u00e1lagaprovinsens b\u00e4sta viner - Svenska Magasinet","isPartOf":{"@id":"https:\/\/lightweb.dev\/l\/svm-temp\/#website"},"primaryImageOfPage":{"@id":"https:\/\/lightweb.dev\/l\/svm-temp\/artiklar\/har-ar-malagaprovinsens-basta-viner\/#primaryimage"},"image":{"@id":"https:\/\/lightweb.dev\/l\/svm-temp\/artiklar\/har-ar-malagaprovinsens-basta-viner\/#primaryimage"},"thumbnailUrl":"https:\/\/lightweb.dev\/l\/svm-temp\/wp-content\/uploads\/2022\/04\/hr-r-mlagaprovinsens-bsta-viner.png","datePublished":"2013-12-10T23:00:00+00:00","breadcrumb":{"@id":"https:\/\/lightweb.dev\/l\/svm-temp\/artiklar\/har-ar-malagaprovinsens-basta-viner\/#breadcrumb"},"inLanguage":"sv-SE","potentialAction":[{"@type":"ReadAction","target":["https:\/\/lightweb.dev\/l\/svm-temp\/artiklar\/har-ar-malagaprovinsens-basta-viner\/"]}]},{"@type":"ImageObject","inLanguage":"sv-SE","@id":"https:\/\/lightweb.dev\/l\/svm-temp\/artiklar\/har-ar-malagaprovinsens-basta-viner\/#primaryimage","url":"https:\/\/lightweb.dev\/l\/svm-temp\/wp-content\/uploads\/2022\/04\/hr-r-mlagaprovinsens-bsta-viner.png","contentUrl":"https:\/\/lightweb.dev\/l\/svm-temp\/wp-content\/uploads\/2022\/04\/hr-r-mlagaprovinsens-bsta-viner.png","width":299,"height":200},{"@type":"BreadcrumbList","@id":"https:\/\/lightweb.dev\/l\/svm-temp\/artiklar\/har-ar-malagaprovinsens-basta-viner\/#breadcrumb","itemListElement":[{"@type":"ListItem","position":1,"name":"Hem","item":"https:\/\/lightweb.dev\/l\/svm-temp\/"},{"@type":"ListItem","position":2,"name":"H\u00e4r \u00e4r M\u00e1lagaprovinsens b\u00e4sta viner"}]},{"@type":"WebSite","@id":"https:\/\/lightweb.dev\/l\/svm-temp\/#website","url":"https:\/\/lightweb.dev\/l\/svm-temp\/","name":"Svenska Magasinet","description":"Dina Spanska nyheter p&aring; Svenska","publisher":{"@id":"https:\/\/lightweb.dev\/l\/svm-temp\/#organization"},"potentialAction":[{"@type":"SearchAction","target":{"@type":"EntryPoint","urlTemplate":"https:\/\/lightweb.dev\/l\/svm-temp\/?s={search_term_string}"},"query-input":{"@type":"PropertyValueSpecification","valueRequired":true,"valueName":"search_term_string"}}],"inLanguage":"sv-SE"},{"@type":"Organization","@id":"https:\/\/lightweb.dev\/l\/svm-temp\/#organization","name":"Melkerson y Nott SL","alternateName":"Svenska Magasinet","url":"https:\/\/lightweb.dev\/l\/svm-temp\/","logo":{"@type":"ImageObject","inLanguage":"sv-SE","@id":"https:\/\/lightweb.dev\/l\/svm-temp\/#\/schema\/logo\/image\/","url":"https:\/\/lightweb.dev\/l\/svm-temp\/wp-content\/uploads\/2025\/02\/SvM-logo-Xtra-Centrerad-SVART.png","contentUrl":"https:\/\/lightweb.dev\/l\/svm-temp\/wp-content\/uploads\/2025\/02\/SvM-logo-Xtra-Centrerad-SVART.png","width":300,"height":99,"caption":"Melkerson y Nott SL"},"image":{"@id":"https:\/\/lightweb.dev\/l\/svm-temp\/#\/schema\/logo\/image\/"},"sameAs":["https:\/\/www.facebook.com\/svenskamagasinet","https:\/\/x.com\/SvenskaMagasine"]},{"@type":"Person","@id":"https:\/\/lightweb.dev\/l\/svm-temp\/#\/schema\/person\/206a3bda5b607b0c25e1749191e4d837","name":"Redaktionen SvM","description":"Redaktionen","sameAs":["https:\/\/lightweb.dev\/l\/svm-temp"],"url":"https:\/\/lightweb.dev\/l\/svm-temp\/reporter\/redaktionen\/"}]}},"_links":{"self":[{"href":"https:\/\/lightweb.dev\/l\/svm-temp\/wp-json\/wp\/v2\/posts\/4759","targetHints":{"allow":["GET"]}}],"collection":[{"href":"https:\/\/lightweb.dev\/l\/svm-temp\/wp-json\/wp\/v2\/posts"}],"about":[{"href":"https:\/\/lightweb.dev\/l\/svm-temp\/wp-json\/wp\/v2\/types\/post"}],"author":[{"embeddable":true,"href":"https:\/\/lightweb.dev\/l\/svm-temp\/wp-json\/wp\/v2\/users\/8"}],"replies":[{"embeddable":true,"href":"https:\/\/lightweb.dev\/l\/svm-temp\/wp-json\/wp\/v2\/comments?post=4759"}],"version-history":[{"count":0,"href":"https:\/\/lightweb.dev\/l\/svm-temp\/wp-json\/wp\/v2\/posts\/4759\/revisions"}],"wp:featuredmedia":[{"embeddable":true,"href":"https:\/\/lightweb.dev\/l\/svm-temp\/wp-json\/wp\/v2\/media\/4760"}],"wp:attachment":[{"href":"https:\/\/lightweb.dev\/l\/svm-temp\/wp-json\/wp\/v2\/media?parent=4759"}],"wp:term":[{"taxonomy":"category","embeddable":true,"href":"https:\/\/lightweb.dev\/l\/svm-temp\/wp-json\/wp\/v2\/categories?post=4759"},{"taxonomy":"post_tag","embeddable":true,"href":"https:\/\/lightweb.dev\/l\/svm-temp\/wp-json\/wp\/v2\/tags?post=4759"}],"curies":[{"name":"wp","href":"https:\/\/api.w.org\/{rel}","templated":true}]}}