{"id":47592,"date":"2007-12-10T00:00:00","date_gmt":"2007-12-09T23:00:00","guid":{"rendered":"https:\/\/lightweb.dev\/l\/svm-temp\/nyheter\/percy-nilsson-saljer-los-naranjos-for-halv-miljard\/"},"modified":"2007-12-10T00:00:00","modified_gmt":"2007-12-09T23:00:00","slug":"percy-nilsson-saljer-los-naranjos-for-halv-miljard","status":"publish","type":"post","link":"https:\/\/lightweb.dev\/l\/svm-temp\/nyheter\/percy-nilsson-saljer-los-naranjos-for-halv-miljard\/","title":{"rendered":"Percy Nilsson s\u00e4ljer Los Naranjos f\u00f6r halv miljard"},"content":{"rendered":"<p> Percy Nilsson s\u00e4ljer Los Naranjos i Nueva Andalucia, Marbella. Ett konsortium best\u00e5ende av fyra aff\u00e4rsm\u00e4n k\u00f6per anl\u00e4ggningen f\u00f6r 500 miljoner kronor, enligt ett pressmeddelande. Avsikten \u00e4r att utveckla anl\u00e4ggningen s\u00e5 att det blir en av Europas finaste och mest exklusiva golfanl\u00e4ggninar med en m\u00e4sterskapsbana. D\u00e4r vill man bland annat ha t\u00e4vlingar i Europatouren. Max 500 medlemmar ska det vara. Dessa ska betala 70000 euro f\u00f6r en aktie och dessutom en intr\u00e4desavgift p\u00e5 25000 euro. Bakom satsningen st\u00e5r de fyra aff\u00e4rsm\u00e4nnen Lennart Hall, Hans Fagerlund, Bengt-Arne Bengtsson och Alexander Kotton. De har sin bakgrund i detaljhandel respektive byggbranschen. De fyra k\u00f6per samtliga aktier i Percy Nilssons bolag BBL Holding Aps som \u00e4ger banan, klubbhus, bost\u00e4der, maskiner och \u00f6vrigt. S\u00e4ljaren \u00e4r n\u00f6jd, enligt pressmeddelandet: &#8221;Los Naranjos har varit mitt sk\u00f6tebarn under m\u00e5nga \u00e5r. Jag k\u00e4nner att det \u00e4r dags att l\u00e4mna \u00f6ver till andra f\u00f6r att kunna lyfta banan ytterligare. Nu vill jag fokusera p\u00e5 mina andra aktuella projekt, som till exempel sportarenan i Hyllie utanf\u00f6r Malm\u00f6&#8221;, s\u00e4ger Percy Nilsson. <\/p>\n","protected":false},"excerpt":{"rendered":"<p>Percy Nilsson s\u00e4ljer Los Naranjos i Nueva Andalucia, Marbella. Ett konsortium best\u00e5ende av fyra aff\u00e4rsm\u00e4n k\u00f6per anl\u00e4ggningen f\u00f6r 500 miljoner kronor, enligt ett pressmeddelande. Avsikten \u00e4r att utveckla anl\u00e4ggningen s\u00e5 att det blir en av Europas finaste och mest exklusiva golfanl\u00e4ggninar med en m\u00e4sterskapsbana. D\u00e4r vill man bland annat ha t\u00e4vlingar i Europatouren. Max 500 [&hellip;]<\/p>\n","protected":false},"author":8,"featured_media":0,"comment_status":"open","ping_status":"open","sticky":false,"template":"","format":"standard","meta":{"_et_pb_use_builder":"","_et_pb_old_content":"","_et_gb_content_width":"","footnotes":""},"categories":[395,3],"tags":[],"class_list":["post-47592","post","type-post","status-publish","format-standard","hentry","category-arkiv-nyheter","category-nyheter"],"yoast_head":"<!-- This site is optimized with the Yoast SEO Premium plugin v26.2 (Yoast SEO v28.2) - https:\/\/yoast.com\/product\/yoast-seo-premium-wordpress\/ -->\n<title>Percy Nilsson s\u00e4ljer Los Naranjos f\u00f6r halv miljard - Svenska Magasinet<\/title>\n<meta name=\"robots\" content=\"noindex, follow, max-snippet:-1, max-image-preview:large, max-video-preview:-1\" \/>\n<meta property=\"og:locale\" content=\"sv_SE\" \/>\n<meta property=\"og:type\" content=\"article\" \/>\n<meta property=\"og:title\" content=\"Percy Nilsson s\u00e4ljer Los Naranjos f\u00f6r halv miljard\" \/>\n<meta property=\"og:description\" content=\"Percy Nilsson s\u00e4ljer Los Naranjos i Nueva Andalucia, Marbella. Ett konsortium best\u00e5ende av fyra aff\u00e4rsm\u00e4n k\u00f6per anl\u00e4ggningen f\u00f6r 500 miljoner kronor, enligt ett pressmeddelande. Avsikten \u00e4r att utveckla anl\u00e4ggningen s\u00e5 att det blir en av Europas finaste och mest exklusiva golfanl\u00e4ggninar med en m\u00e4sterskapsbana. D\u00e4r vill man bland annat ha t\u00e4vlingar i Europatouren. Max 500 [&hellip;]\" \/>\n<meta property=\"og:url\" content=\"https:\/\/lightweb.dev\/l\/svm-temp\/nyheter\/percy-nilsson-saljer-los-naranjos-for-halv-miljard\/\" \/>\n<meta property=\"og:site_name\" content=\"Svenska Magasinet\" \/>\n<meta property=\"article:publisher\" content=\"https:\/\/www.facebook.com\/svenskamagasinet\" \/>\n<meta property=\"article:published_time\" content=\"2007-12-09T23:00:00+00:00\" \/>\n<meta name=\"author\" content=\"Redaktionen SvM\" \/>\n<meta name=\"twitter:card\" content=\"summary_large_image\" \/>\n<meta name=\"twitter:creator\" content=\"@SvenskaMagasine\" \/>\n<meta name=\"twitter:site\" content=\"@SvenskaMagasine\" \/>\n<script type=\"application\/ld+json\" class=\"yoast-schema-graph\">{\"@context\":\"https:\\\/\\\/schema.org\",\"@graph\":[{\"@type\":\"Article\",\"@id\":\"https:\\\/\\\/lightweb.dev\\\/l\\\/svm-temp\\\/nyheter\\\/percy-nilsson-saljer-los-naranjos-for-halv-miljard\\\/#article\",\"isPartOf\":{\"@id\":\"https:\\\/\\\/lightweb.dev\\\/l\\\/svm-temp\\\/nyheter\\\/percy-nilsson-saljer-los-naranjos-for-halv-miljard\\\/\"},\"author\":{\"name\":\"Redaktionen SvM\",\"@id\":\"https:\\\/\\\/lightweb.dev\\\/l\\\/svm-temp\\\/#\\\/schema\\\/person\\\/206a3bda5b607b0c25e1749191e4d837\"},\"headline\":\"Percy Nilsson s\u00e4ljer Los Naranjos f\u00f6r halv miljard\",\"datePublished\":\"2007-12-09T23:00:00+00:00\",\"mainEntityOfPage\":{\"@id\":\"https:\\\/\\\/lightweb.dev\\\/l\\\/svm-temp\\\/nyheter\\\/percy-nilsson-saljer-los-naranjos-for-halv-miljard\\\/\"},\"wordCount\":202,\"commentCount\":0,\"publisher\":{\"@id\":\"https:\\\/\\\/lightweb.dev\\\/l\\\/svm-temp\\\/#organization\"},\"articleSection\":[\"Arkiv\",\"Nyheter\"],\"inLanguage\":\"sv-SE\"},{\"@type\":\"WebPage\",\"@id\":\"https:\\\/\\\/lightweb.dev\\\/l\\\/svm-temp\\\/nyheter\\\/percy-nilsson-saljer-los-naranjos-for-halv-miljard\\\/\",\"url\":\"https:\\\/\\\/lightweb.dev\\\/l\\\/svm-temp\\\/nyheter\\\/percy-nilsson-saljer-los-naranjos-for-halv-miljard\\\/\",\"name\":\"Percy Nilsson s\u00e4ljer Los Naranjos f\u00f6r halv miljard - Svenska Magasinet\",\"isPartOf\":{\"@id\":\"https:\\\/\\\/lightweb.dev\\\/l\\\/svm-temp\\\/#website\"},\"datePublished\":\"2007-12-09T23:00:00+00:00\",\"breadcrumb\":{\"@id\":\"https:\\\/\\\/lightweb.dev\\\/l\\\/svm-temp\\\/nyheter\\\/percy-nilsson-saljer-los-naranjos-for-halv-miljard\\\/#breadcrumb\"},\"inLanguage\":\"sv-SE\",\"potentialAction\":[{\"@type\":\"ReadAction\",\"target\":[\"https:\\\/\\\/lightweb.dev\\\/l\\\/svm-temp\\\/nyheter\\\/percy-nilsson-saljer-los-naranjos-for-halv-miljard\\\/\"]}]},{\"@type\":\"BreadcrumbList\",\"@id\":\"https:\\\/\\\/lightweb.dev\\\/l\\\/svm-temp\\\/nyheter\\\/percy-nilsson-saljer-los-naranjos-for-halv-miljard\\\/#breadcrumb\",\"itemListElement\":[{\"@type\":\"ListItem\",\"position\":1,\"name\":\"Hem\",\"item\":\"https:\\\/\\\/lightweb.dev\\\/l\\\/svm-temp\\\/\"},{\"@type\":\"ListItem\",\"position\":2,\"name\":\"Percy Nilsson s\u00e4ljer Los Naranjos f\u00f6r halv miljard\"}]},{\"@type\":\"WebSite\",\"@id\":\"https:\\\/\\\/lightweb.dev\\\/l\\\/svm-temp\\\/#website\",\"url\":\"https:\\\/\\\/lightweb.dev\\\/l\\\/svm-temp\\\/\",\"name\":\"Svenska Magasinet\",\"description\":\"Dina Spanska nyheter p&aring; Svenska\",\"publisher\":{\"@id\":\"https:\\\/\\\/lightweb.dev\\\/l\\\/svm-temp\\\/#organization\"},\"potentialAction\":[{\"@type\":\"SearchAction\",\"target\":{\"@type\":\"EntryPoint\",\"urlTemplate\":\"https:\\\/\\\/lightweb.dev\\\/l\\\/svm-temp\\\/?s={search_term_string}\"},\"query-input\":{\"@type\":\"PropertyValueSpecification\",\"valueRequired\":true,\"valueName\":\"search_term_string\"}}],\"inLanguage\":\"sv-SE\"},{\"@type\":\"Organization\",\"@id\":\"https:\\\/\\\/lightweb.dev\\\/l\\\/svm-temp\\\/#organization\",\"name\":\"Melkerson y Nott SL\",\"alternateName\":\"Svenska Magasinet\",\"url\":\"https:\\\/\\\/lightweb.dev\\\/l\\\/svm-temp\\\/\",\"logo\":{\"@type\":\"ImageObject\",\"inLanguage\":\"sv-SE\",\"@id\":\"https:\\\/\\\/lightweb.dev\\\/l\\\/svm-temp\\\/#\\\/schema\\\/logo\\\/image\\\/\",\"url\":\"https:\\\/\\\/lightweb.dev\\\/l\\\/svm-temp\\\/wp-content\\\/uploads\\\/2025\\\/02\\\/SvM-logo-Xtra-Centrerad-SVART.png\",\"contentUrl\":\"https:\\\/\\\/lightweb.dev\\\/l\\\/svm-temp\\\/wp-content\\\/uploads\\\/2025\\\/02\\\/SvM-logo-Xtra-Centrerad-SVART.png\",\"width\":300,\"height\":99,\"caption\":\"Melkerson y Nott SL\"},\"image\":{\"@id\":\"https:\\\/\\\/lightweb.dev\\\/l\\\/svm-temp\\\/#\\\/schema\\\/logo\\\/image\\\/\"},\"sameAs\":[\"https:\\\/\\\/www.facebook.com\\\/svenskamagasinet\",\"https:\\\/\\\/x.com\\\/SvenskaMagasine\"]},{\"@type\":\"Person\",\"@id\":\"https:\\\/\\\/lightweb.dev\\\/l\\\/svm-temp\\\/#\\\/schema\\\/person\\\/206a3bda5b607b0c25e1749191e4d837\",\"name\":\"Redaktionen SvM\",\"description\":\"Redaktionen\",\"sameAs\":[\"https:\\\/\\\/lightweb.dev\\\/l\\\/svm-temp\"],\"url\":\"https:\\\/\\\/lightweb.dev\\\/l\\\/svm-temp\\\/reporter\\\/redaktionen\\\/\"}]}<\/script>\n<!-- \/ Yoast SEO Premium plugin. -->","yoast_head_json":{"title":"Percy Nilsson s\u00e4ljer Los Naranjos f\u00f6r halv miljard - Svenska Magasinet","robots":{"index":"noindex","follow":"follow","max-snippet":"max-snippet:-1","max-image-preview":"max-image-preview:large","max-video-preview":"max-video-preview:-1"},"og_locale":"sv_SE","og_type":"article","og_title":"Percy Nilsson s\u00e4ljer Los Naranjos f\u00f6r halv miljard","og_description":"Percy Nilsson s\u00e4ljer Los Naranjos i Nueva Andalucia, Marbella. Ett konsortium best\u00e5ende av fyra aff\u00e4rsm\u00e4n k\u00f6per anl\u00e4ggningen f\u00f6r 500 miljoner kronor, enligt ett pressmeddelande. Avsikten \u00e4r att utveckla anl\u00e4ggningen s\u00e5 att det blir en av Europas finaste och mest exklusiva golfanl\u00e4ggninar med en m\u00e4sterskapsbana. D\u00e4r vill man bland annat ha t\u00e4vlingar i Europatouren. Max 500 [&hellip;]","og_url":"https:\/\/lightweb.dev\/l\/svm-temp\/nyheter\/percy-nilsson-saljer-los-naranjos-for-halv-miljard\/","og_site_name":"Svenska Magasinet","article_publisher":"https:\/\/www.facebook.com\/svenskamagasinet","article_published_time":"2007-12-09T23:00:00+00:00","author":"Redaktionen SvM","twitter_card":"summary_large_image","twitter_creator":"@SvenskaMagasine","twitter_site":"@SvenskaMagasine","schema":{"@context":"https:\/\/schema.org","@graph":[{"@type":"Article","@id":"https:\/\/lightweb.dev\/l\/svm-temp\/nyheter\/percy-nilsson-saljer-los-naranjos-for-halv-miljard\/#article","isPartOf":{"@id":"https:\/\/lightweb.dev\/l\/svm-temp\/nyheter\/percy-nilsson-saljer-los-naranjos-for-halv-miljard\/"},"author":{"name":"Redaktionen SvM","@id":"https:\/\/lightweb.dev\/l\/svm-temp\/#\/schema\/person\/206a3bda5b607b0c25e1749191e4d837"},"headline":"Percy Nilsson s\u00e4ljer Los Naranjos f\u00f6r halv miljard","datePublished":"2007-12-09T23:00:00+00:00","mainEntityOfPage":{"@id":"https:\/\/lightweb.dev\/l\/svm-temp\/nyheter\/percy-nilsson-saljer-los-naranjos-for-halv-miljard\/"},"wordCount":202,"commentCount":0,"publisher":{"@id":"https:\/\/lightweb.dev\/l\/svm-temp\/#organization"},"articleSection":["Arkiv","Nyheter"],"inLanguage":"sv-SE"},{"@type":"WebPage","@id":"https:\/\/lightweb.dev\/l\/svm-temp\/nyheter\/percy-nilsson-saljer-los-naranjos-for-halv-miljard\/","url":"https:\/\/lightweb.dev\/l\/svm-temp\/nyheter\/percy-nilsson-saljer-los-naranjos-for-halv-miljard\/","name":"Percy Nilsson s\u00e4ljer Los Naranjos f\u00f6r halv miljard - Svenska Magasinet","isPartOf":{"@id":"https:\/\/lightweb.dev\/l\/svm-temp\/#website"},"datePublished":"2007-12-09T23:00:00+00:00","breadcrumb":{"@id":"https:\/\/lightweb.dev\/l\/svm-temp\/nyheter\/percy-nilsson-saljer-los-naranjos-for-halv-miljard\/#breadcrumb"},"inLanguage":"sv-SE","potentialAction":[{"@type":"ReadAction","target":["https:\/\/lightweb.dev\/l\/svm-temp\/nyheter\/percy-nilsson-saljer-los-naranjos-for-halv-miljard\/"]}]},{"@type":"BreadcrumbList","@id":"https:\/\/lightweb.dev\/l\/svm-temp\/nyheter\/percy-nilsson-saljer-los-naranjos-for-halv-miljard\/#breadcrumb","itemListElement":[{"@type":"ListItem","position":1,"name":"Hem","item":"https:\/\/lightweb.dev\/l\/svm-temp\/"},{"@type":"ListItem","position":2,"name":"Percy Nilsson s\u00e4ljer Los Naranjos f\u00f6r halv miljard"}]},{"@type":"WebSite","@id":"https:\/\/lightweb.dev\/l\/svm-temp\/#website","url":"https:\/\/lightweb.dev\/l\/svm-temp\/","name":"Svenska Magasinet","description":"Dina Spanska nyheter p&aring; Svenska","publisher":{"@id":"https:\/\/lightweb.dev\/l\/svm-temp\/#organization"},"potentialAction":[{"@type":"SearchAction","target":{"@type":"EntryPoint","urlTemplate":"https:\/\/lightweb.dev\/l\/svm-temp\/?s={search_term_string}"},"query-input":{"@type":"PropertyValueSpecification","valueRequired":true,"valueName":"search_term_string"}}],"inLanguage":"sv-SE"},{"@type":"Organization","@id":"https:\/\/lightweb.dev\/l\/svm-temp\/#organization","name":"Melkerson y Nott SL","alternateName":"Svenska Magasinet","url":"https:\/\/lightweb.dev\/l\/svm-temp\/","logo":{"@type":"ImageObject","inLanguage":"sv-SE","@id":"https:\/\/lightweb.dev\/l\/svm-temp\/#\/schema\/logo\/image\/","url":"https:\/\/lightweb.dev\/l\/svm-temp\/wp-content\/uploads\/2025\/02\/SvM-logo-Xtra-Centrerad-SVART.png","contentUrl":"https:\/\/lightweb.dev\/l\/svm-temp\/wp-content\/uploads\/2025\/02\/SvM-logo-Xtra-Centrerad-SVART.png","width":300,"height":99,"caption":"Melkerson y Nott SL"},"image":{"@id":"https:\/\/lightweb.dev\/l\/svm-temp\/#\/schema\/logo\/image\/"},"sameAs":["https:\/\/www.facebook.com\/svenskamagasinet","https:\/\/x.com\/SvenskaMagasine"]},{"@type":"Person","@id":"https:\/\/lightweb.dev\/l\/svm-temp\/#\/schema\/person\/206a3bda5b607b0c25e1749191e4d837","name":"Redaktionen SvM","description":"Redaktionen","sameAs":["https:\/\/lightweb.dev\/l\/svm-temp"],"url":"https:\/\/lightweb.dev\/l\/svm-temp\/reporter\/redaktionen\/"}]}},"_links":{"self":[{"href":"https:\/\/lightweb.dev\/l\/svm-temp\/wp-json\/wp\/v2\/posts\/47592","targetHints":{"allow":["GET"]}}],"collection":[{"href":"https:\/\/lightweb.dev\/l\/svm-temp\/wp-json\/wp\/v2\/posts"}],"about":[{"href":"https:\/\/lightweb.dev\/l\/svm-temp\/wp-json\/wp\/v2\/types\/post"}],"author":[{"embeddable":true,"href":"https:\/\/lightweb.dev\/l\/svm-temp\/wp-json\/wp\/v2\/users\/8"}],"replies":[{"embeddable":true,"href":"https:\/\/lightweb.dev\/l\/svm-temp\/wp-json\/wp\/v2\/comments?post=47592"}],"version-history":[{"count":0,"href":"https:\/\/lightweb.dev\/l\/svm-temp\/wp-json\/wp\/v2\/posts\/47592\/revisions"}],"wp:attachment":[{"href":"https:\/\/lightweb.dev\/l\/svm-temp\/wp-json\/wp\/v2\/media?parent=47592"}],"wp:term":[{"taxonomy":"category","embeddable":true,"href":"https:\/\/lightweb.dev\/l\/svm-temp\/wp-json\/wp\/v2\/categories?post=47592"},{"taxonomy":"post_tag","embeddable":true,"href":"https:\/\/lightweb.dev\/l\/svm-temp\/wp-json\/wp\/v2\/tags?post=47592"}],"curies":[{"name":"wp","href":"https:\/\/api.w.org\/{rel}","templated":true}]}}