{"id":4781,"date":"2016-02-11T00:00:00","date_gmt":"2016-02-10T23:00:00","guid":{"rendered":"https:\/\/lightweb.dev\/l\/svm-temp\/nytt-yoga-och-halsocenter-ananda-mandira-gong-yoga\/"},"modified":"2016-02-11T00:00:00","modified_gmt":"2016-02-10T23:00:00","slug":"nytt-yoga-och-halsocenter-ananda-mandira-gong-yoga","status":"publish","type":"post","link":"https:\/\/lightweb.dev\/l\/svm-temp\/artiklar\/nytt-yoga-och-halsocenter-ananda-mandira-gong-yoga\/","title":{"rendered":"Nytt yoga och h\u00e4lsocenter Ananda Mandira Gong Yoga"},"content":{"rendered":"<p> Sofi Gibson sl\u00e5r upp d\u00f6rrarna till sitt yoga och h\u00e4lsocenter och v\u00e4lkomnar alla svenskar och nordbor att gratis prova p\u00e5 en yoga klass. H\u00e4r finns yoga f\u00f6r ALLA s\u00e5 det \u00e4r bara att v\u00e4lja en klass som passar in i din planering och niv\u00e5. \u00c4r du os\u00e4ker hj\u00e4lper Sofi dig att v\u00e4lja r\u00e4tt! Sofi \u00e4r utbildad hudterapeut och har haft sk\u00f6nhetssalong  i Stockholm innan hon flyttade ner till Spanien. Hon  erbjuder olika sk\u00f6nhetsbehandlingar, t ex Thaimassage och Ayurvedisk massage, klangskalsmassage och vanliga ansiktsbehandlingar.<\/p>\n<p>Projektet med att \u00f6ppna ett yoga center b\u00f6rjade f\u00f6r ett par \u00e5r sedan n\u00e4r Sofi och hennes man Talo uppt\u00e4ckte denna fantastiska lokal, alldeles perfekt f\u00f6r \u00e4ndam\u00e5let och dessutom i n\u00e4rheten av hemmet och barnens skola.<\/p>\n<p>&#8211; Vi b\u00f6rjade att renovera lite i taget och under tv\u00e5 \u00e5r tog centret form, ber\u00e4ttar Sofi. Invigningen var en yoga retreat som Sofi och mamma Karin, som har ett kundaliniyogacenter i Sverige,  anordnat med 20 svenskar som kom ner fr\u00e5n kalla Sverige f\u00f6r att uppleva den spanska naturen. Det erbj\u00f6ds bergsvandringar, tv\u00e5 yogapass om dagen och mycket mantras\u00e5ng och mysiga stunder. Det var en perfekt invigning f\u00f6r mig, s\u00e4ger Sofi som i bland saknar sina n\u00e4ra och k\u00e4ra i Sverige.<\/p>\n<p>Sofi b\u00f6rjade att yoga \u00e5r 2002 efter att hon f\u00e5tt sitt f\u00f6rsta barn och f\u00f6rstod genast att yogan kunde hj\u00e4lpa henne p\u00e5 alla plan i livet, i vardagens relationer och framf\u00f6r allt med hennes egen spirituella utveckling.<\/p>\n<p>Sedan dess har hon aldrig slutat yoga. Yoga \u00e4r en trogen livskamrat som ger en det man s\u00f6ker i varje \u00f6gonblick, menar Sofi. Yogan handlar att komma hem igen, att hitta sig sj\u00e4lv bakom alla tankar och<br \/>\nf\u00f6rutfattade meningar om vem man \u00e4r.<\/p>\n<p>Ananda Mandira \u00e4r ett varmt och vackert yogacenter, n\u00e4ra San Pedro med gott om parkering direkt utanf\u00f6r. Finns p\u00e5 Facebook och hemsidan \u00e4r www.anandamandira.es<\/p>\n<p>Adressen \u00e4r CC Montebiarritz, local 6, f\u00f6rsta efter avfarten till Benahavis.<\/p>\n","protected":false},"excerpt":{"rendered":"<p>Sofi Gibson sl\u00e5r upp d\u00f6rrarna till sitt yoga och h\u00e4lsocenter och v\u00e4lkomnar alla svenskar och nordbor att gratis prova p\u00e5 en yoga klass. H\u00e4r finns yoga f\u00f6r ALLA s\u00e5 det \u00e4r bara att v\u00e4lja en klass som passar in i din planering och niv\u00e5. \u00c4r du os\u00e4ker hj\u00e4lper Sofi dig att v\u00e4lja r\u00e4tt! Sofi \u00e4r [&hellip;]<\/p>\n","protected":false},"author":8,"featured_media":4782,"comment_status":"open","ping_status":"open","sticky":false,"template":"","format":"standard","meta":{"_et_pb_use_builder":"","_et_pb_old_content":"","_et_gb_content_width":"","footnotes":""},"categories":[396,4],"tags":[],"class_list":["post-4781","post","type-post","status-publish","format-standard","has-post-thumbnail","hentry","category-arkiv-artiklar","category-artiklar"],"yoast_head":"<!-- This site is optimized with the Yoast SEO Premium plugin v26.2 (Yoast SEO v27.4) - https:\/\/yoast.com\/product\/yoast-seo-premium-wordpress\/ -->\n<title>Nytt yoga och h\u00e4lsocenter Ananda Mandira Gong Yoga - Svenska Magasinet<\/title>\n<meta name=\"robots\" content=\"noindex, follow, max-snippet:-1, max-image-preview:large, max-video-preview:-1\" \/>\n<meta property=\"og:locale\" content=\"sv_SE\" \/>\n<meta property=\"og:type\" content=\"article\" \/>\n<meta property=\"og:title\" content=\"Nytt yoga och h\u00e4lsocenter Ananda Mandira Gong Yoga\" \/>\n<meta property=\"og:description\" content=\"Sofi Gibson sl\u00e5r upp d\u00f6rrarna till sitt yoga och h\u00e4lsocenter och v\u00e4lkomnar alla svenskar och nordbor att gratis prova p\u00e5 en yoga klass. H\u00e4r finns yoga f\u00f6r ALLA s\u00e5 det \u00e4r bara att v\u00e4lja en klass som passar in i din planering och niv\u00e5. \u00c4r du os\u00e4ker hj\u00e4lper Sofi dig att v\u00e4lja r\u00e4tt! Sofi \u00e4r [&hellip;]\" \/>\n<meta property=\"og:url\" content=\"https:\/\/lightweb.dev\/l\/svm-temp\/artiklar\/nytt-yoga-och-halsocenter-ananda-mandira-gong-yoga\/\" \/>\n<meta property=\"og:site_name\" content=\"Svenska Magasinet\" \/>\n<meta property=\"article:publisher\" content=\"https:\/\/www.facebook.com\/svenskamagasinet\" \/>\n<meta property=\"article:published_time\" content=\"2016-02-10T23:00:00+00:00\" \/>\n<meta property=\"og:image\" content=\"https:\/\/lightweb.dev\/l\/svm-temp\/wp-content\/uploads\/2022\/04\/nytt-yoga-och-hlsocenter-ananda-mandira-gong-yoga.png\" \/>\n\t<meta property=\"og:image:width\" content=\"300\" \/>\n\t<meta property=\"og:image:height\" content=\"200\" \/>\n\t<meta property=\"og:image:type\" content=\"image\/png\" \/>\n<meta name=\"author\" content=\"Redaktionen SvM\" \/>\n<meta name=\"twitter:card\" content=\"summary_large_image\" \/>\n<meta name=\"twitter:creator\" content=\"@SvenskaMagasine\" \/>\n<meta name=\"twitter:site\" content=\"@SvenskaMagasine\" \/>\n<script type=\"application\/ld+json\" class=\"yoast-schema-graph\">{\"@context\":\"https:\\\/\\\/schema.org\",\"@graph\":[{\"@type\":\"Article\",\"@id\":\"https:\\\/\\\/lightweb.dev\\\/l\\\/svm-temp\\\/artiklar\\\/nytt-yoga-och-halsocenter-ananda-mandira-gong-yoga\\\/#article\",\"isPartOf\":{\"@id\":\"https:\\\/\\\/lightweb.dev\\\/l\\\/svm-temp\\\/artiklar\\\/nytt-yoga-och-halsocenter-ananda-mandira-gong-yoga\\\/\"},\"author\":{\"name\":\"Redaktionen SvM\",\"@id\":\"https:\\\/\\\/lightweb.dev\\\/l\\\/svm-temp\\\/#\\\/schema\\\/person\\\/206a3bda5b607b0c25e1749191e4d837\"},\"headline\":\"Nytt yoga och h\u00e4lsocenter Ananda Mandira Gong Yoga\",\"datePublished\":\"2016-02-10T23:00:00+00:00\",\"mainEntityOfPage\":{\"@id\":\"https:\\\/\\\/lightweb.dev\\\/l\\\/svm-temp\\\/artiklar\\\/nytt-yoga-och-halsocenter-ananda-mandira-gong-yoga\\\/\"},\"wordCount\":365,\"commentCount\":0,\"publisher\":{\"@id\":\"https:\\\/\\\/lightweb.dev\\\/l\\\/svm-temp\\\/#organization\"},\"image\":{\"@id\":\"https:\\\/\\\/lightweb.dev\\\/l\\\/svm-temp\\\/artiklar\\\/nytt-yoga-och-halsocenter-ananda-mandira-gong-yoga\\\/#primaryimage\"},\"thumbnailUrl\":\"https:\\\/\\\/lightweb.dev\\\/l\\\/svm-temp\\\/wp-content\\\/uploads\\\/2022\\\/04\\\/nytt-yoga-och-hlsocenter-ananda-mandira-gong-yoga.png\",\"articleSection\":[\"Arkiv\",\"Artiklar\"],\"inLanguage\":\"sv-SE\"},{\"@type\":\"WebPage\",\"@id\":\"https:\\\/\\\/lightweb.dev\\\/l\\\/svm-temp\\\/artiklar\\\/nytt-yoga-och-halsocenter-ananda-mandira-gong-yoga\\\/\",\"url\":\"https:\\\/\\\/lightweb.dev\\\/l\\\/svm-temp\\\/artiklar\\\/nytt-yoga-och-halsocenter-ananda-mandira-gong-yoga\\\/\",\"name\":\"Nytt yoga och h\u00e4lsocenter Ananda Mandira Gong Yoga - Svenska Magasinet\",\"isPartOf\":{\"@id\":\"https:\\\/\\\/lightweb.dev\\\/l\\\/svm-temp\\\/#website\"},\"primaryImageOfPage\":{\"@id\":\"https:\\\/\\\/lightweb.dev\\\/l\\\/svm-temp\\\/artiklar\\\/nytt-yoga-och-halsocenter-ananda-mandira-gong-yoga\\\/#primaryimage\"},\"image\":{\"@id\":\"https:\\\/\\\/lightweb.dev\\\/l\\\/svm-temp\\\/artiklar\\\/nytt-yoga-och-halsocenter-ananda-mandira-gong-yoga\\\/#primaryimage\"},\"thumbnailUrl\":\"https:\\\/\\\/lightweb.dev\\\/l\\\/svm-temp\\\/wp-content\\\/uploads\\\/2022\\\/04\\\/nytt-yoga-och-hlsocenter-ananda-mandira-gong-yoga.png\",\"datePublished\":\"2016-02-10T23:00:00+00:00\",\"breadcrumb\":{\"@id\":\"https:\\\/\\\/lightweb.dev\\\/l\\\/svm-temp\\\/artiklar\\\/nytt-yoga-och-halsocenter-ananda-mandira-gong-yoga\\\/#breadcrumb\"},\"inLanguage\":\"sv-SE\",\"potentialAction\":[{\"@type\":\"ReadAction\",\"target\":[\"https:\\\/\\\/lightweb.dev\\\/l\\\/svm-temp\\\/artiklar\\\/nytt-yoga-och-halsocenter-ananda-mandira-gong-yoga\\\/\"]}]},{\"@type\":\"ImageObject\",\"inLanguage\":\"sv-SE\",\"@id\":\"https:\\\/\\\/lightweb.dev\\\/l\\\/svm-temp\\\/artiklar\\\/nytt-yoga-och-halsocenter-ananda-mandira-gong-yoga\\\/#primaryimage\",\"url\":\"https:\\\/\\\/lightweb.dev\\\/l\\\/svm-temp\\\/wp-content\\\/uploads\\\/2022\\\/04\\\/nytt-yoga-och-hlsocenter-ananda-mandira-gong-yoga.png\",\"contentUrl\":\"https:\\\/\\\/lightweb.dev\\\/l\\\/svm-temp\\\/wp-content\\\/uploads\\\/2022\\\/04\\\/nytt-yoga-och-hlsocenter-ananda-mandira-gong-yoga.png\",\"width\":300,\"height\":200},{\"@type\":\"BreadcrumbList\",\"@id\":\"https:\\\/\\\/lightweb.dev\\\/l\\\/svm-temp\\\/artiklar\\\/nytt-yoga-och-halsocenter-ananda-mandira-gong-yoga\\\/#breadcrumb\",\"itemListElement\":[{\"@type\":\"ListItem\",\"position\":1,\"name\":\"Hem\",\"item\":\"https:\\\/\\\/lightweb.dev\\\/l\\\/svm-temp\\\/\"},{\"@type\":\"ListItem\",\"position\":2,\"name\":\"Nytt yoga och h\u00e4lsocenter Ananda Mandira Gong Yoga\"}]},{\"@type\":\"WebSite\",\"@id\":\"https:\\\/\\\/lightweb.dev\\\/l\\\/svm-temp\\\/#website\",\"url\":\"https:\\\/\\\/lightweb.dev\\\/l\\\/svm-temp\\\/\",\"name\":\"Svenska Magasinet\",\"description\":\"Dina Spanska nyheter p&aring; Svenska\",\"publisher\":{\"@id\":\"https:\\\/\\\/lightweb.dev\\\/l\\\/svm-temp\\\/#organization\"},\"potentialAction\":[{\"@type\":\"SearchAction\",\"target\":{\"@type\":\"EntryPoint\",\"urlTemplate\":\"https:\\\/\\\/lightweb.dev\\\/l\\\/svm-temp\\\/?s={search_term_string}\"},\"query-input\":{\"@type\":\"PropertyValueSpecification\",\"valueRequired\":true,\"valueName\":\"search_term_string\"}}],\"inLanguage\":\"sv-SE\"},{\"@type\":\"Organization\",\"@id\":\"https:\\\/\\\/lightweb.dev\\\/l\\\/svm-temp\\\/#organization\",\"name\":\"Melkerson y Nott SL\",\"alternateName\":\"Svenska Magasinet\",\"url\":\"https:\\\/\\\/lightweb.dev\\\/l\\\/svm-temp\\\/\",\"logo\":{\"@type\":\"ImageObject\",\"inLanguage\":\"sv-SE\",\"@id\":\"https:\\\/\\\/lightweb.dev\\\/l\\\/svm-temp\\\/#\\\/schema\\\/logo\\\/image\\\/\",\"url\":\"https:\\\/\\\/lightweb.dev\\\/l\\\/svm-temp\\\/wp-content\\\/uploads\\\/2025\\\/02\\\/SvM-logo-Xtra-Centrerad-SVART.png\",\"contentUrl\":\"https:\\\/\\\/lightweb.dev\\\/l\\\/svm-temp\\\/wp-content\\\/uploads\\\/2025\\\/02\\\/SvM-logo-Xtra-Centrerad-SVART.png\",\"width\":300,\"height\":99,\"caption\":\"Melkerson y Nott SL\"},\"image\":{\"@id\":\"https:\\\/\\\/lightweb.dev\\\/l\\\/svm-temp\\\/#\\\/schema\\\/logo\\\/image\\\/\"},\"sameAs\":[\"https:\\\/\\\/www.facebook.com\\\/svenskamagasinet\",\"https:\\\/\\\/x.com\\\/SvenskaMagasine\"]},{\"@type\":\"Person\",\"@id\":\"https:\\\/\\\/lightweb.dev\\\/l\\\/svm-temp\\\/#\\\/schema\\\/person\\\/206a3bda5b607b0c25e1749191e4d837\",\"name\":\"Redaktionen SvM\",\"description\":\"Redaktionen\",\"sameAs\":[\"https:\\\/\\\/lightweb.dev\\\/l\\\/svm-temp\"],\"url\":\"https:\\\/\\\/lightweb.dev\\\/l\\\/svm-temp\\\/reporter\\\/redaktionen\\\/\"}]}<\/script>\n<!-- \/ Yoast SEO Premium plugin. -->","yoast_head_json":{"title":"Nytt yoga och h\u00e4lsocenter Ananda Mandira Gong Yoga - Svenska Magasinet","robots":{"index":"noindex","follow":"follow","max-snippet":"max-snippet:-1","max-image-preview":"max-image-preview:large","max-video-preview":"max-video-preview:-1"},"og_locale":"sv_SE","og_type":"article","og_title":"Nytt yoga och h\u00e4lsocenter Ananda Mandira Gong Yoga","og_description":"Sofi Gibson sl\u00e5r upp d\u00f6rrarna till sitt yoga och h\u00e4lsocenter och v\u00e4lkomnar alla svenskar och nordbor att gratis prova p\u00e5 en yoga klass. H\u00e4r finns yoga f\u00f6r ALLA s\u00e5 det \u00e4r bara att v\u00e4lja en klass som passar in i din planering och niv\u00e5. \u00c4r du os\u00e4ker hj\u00e4lper Sofi dig att v\u00e4lja r\u00e4tt! Sofi \u00e4r [&hellip;]","og_url":"https:\/\/lightweb.dev\/l\/svm-temp\/artiklar\/nytt-yoga-och-halsocenter-ananda-mandira-gong-yoga\/","og_site_name":"Svenska Magasinet","article_publisher":"https:\/\/www.facebook.com\/svenskamagasinet","article_published_time":"2016-02-10T23:00:00+00:00","og_image":[{"width":300,"height":200,"url":"https:\/\/lightweb.dev\/l\/svm-temp\/wp-content\/uploads\/2022\/04\/nytt-yoga-och-hlsocenter-ananda-mandira-gong-yoga.png","type":"image\/png"}],"author":"Redaktionen SvM","twitter_card":"summary_large_image","twitter_creator":"@SvenskaMagasine","twitter_site":"@SvenskaMagasine","schema":{"@context":"https:\/\/schema.org","@graph":[{"@type":"Article","@id":"https:\/\/lightweb.dev\/l\/svm-temp\/artiklar\/nytt-yoga-och-halsocenter-ananda-mandira-gong-yoga\/#article","isPartOf":{"@id":"https:\/\/lightweb.dev\/l\/svm-temp\/artiklar\/nytt-yoga-och-halsocenter-ananda-mandira-gong-yoga\/"},"author":{"name":"Redaktionen SvM","@id":"https:\/\/lightweb.dev\/l\/svm-temp\/#\/schema\/person\/206a3bda5b607b0c25e1749191e4d837"},"headline":"Nytt yoga och h\u00e4lsocenter Ananda Mandira Gong Yoga","datePublished":"2016-02-10T23:00:00+00:00","mainEntityOfPage":{"@id":"https:\/\/lightweb.dev\/l\/svm-temp\/artiklar\/nytt-yoga-och-halsocenter-ananda-mandira-gong-yoga\/"},"wordCount":365,"commentCount":0,"publisher":{"@id":"https:\/\/lightweb.dev\/l\/svm-temp\/#organization"},"image":{"@id":"https:\/\/lightweb.dev\/l\/svm-temp\/artiklar\/nytt-yoga-och-halsocenter-ananda-mandira-gong-yoga\/#primaryimage"},"thumbnailUrl":"https:\/\/lightweb.dev\/l\/svm-temp\/wp-content\/uploads\/2022\/04\/nytt-yoga-och-hlsocenter-ananda-mandira-gong-yoga.png","articleSection":["Arkiv","Artiklar"],"inLanguage":"sv-SE"},{"@type":"WebPage","@id":"https:\/\/lightweb.dev\/l\/svm-temp\/artiklar\/nytt-yoga-och-halsocenter-ananda-mandira-gong-yoga\/","url":"https:\/\/lightweb.dev\/l\/svm-temp\/artiklar\/nytt-yoga-och-halsocenter-ananda-mandira-gong-yoga\/","name":"Nytt yoga och h\u00e4lsocenter Ananda Mandira Gong Yoga - Svenska Magasinet","isPartOf":{"@id":"https:\/\/lightweb.dev\/l\/svm-temp\/#website"},"primaryImageOfPage":{"@id":"https:\/\/lightweb.dev\/l\/svm-temp\/artiklar\/nytt-yoga-och-halsocenter-ananda-mandira-gong-yoga\/#primaryimage"},"image":{"@id":"https:\/\/lightweb.dev\/l\/svm-temp\/artiklar\/nytt-yoga-och-halsocenter-ananda-mandira-gong-yoga\/#primaryimage"},"thumbnailUrl":"https:\/\/lightweb.dev\/l\/svm-temp\/wp-content\/uploads\/2022\/04\/nytt-yoga-och-hlsocenter-ananda-mandira-gong-yoga.png","datePublished":"2016-02-10T23:00:00+00:00","breadcrumb":{"@id":"https:\/\/lightweb.dev\/l\/svm-temp\/artiklar\/nytt-yoga-och-halsocenter-ananda-mandira-gong-yoga\/#breadcrumb"},"inLanguage":"sv-SE","potentialAction":[{"@type":"ReadAction","target":["https:\/\/lightweb.dev\/l\/svm-temp\/artiklar\/nytt-yoga-och-halsocenter-ananda-mandira-gong-yoga\/"]}]},{"@type":"ImageObject","inLanguage":"sv-SE","@id":"https:\/\/lightweb.dev\/l\/svm-temp\/artiklar\/nytt-yoga-och-halsocenter-ananda-mandira-gong-yoga\/#primaryimage","url":"https:\/\/lightweb.dev\/l\/svm-temp\/wp-content\/uploads\/2022\/04\/nytt-yoga-och-hlsocenter-ananda-mandira-gong-yoga.png","contentUrl":"https:\/\/lightweb.dev\/l\/svm-temp\/wp-content\/uploads\/2022\/04\/nytt-yoga-och-hlsocenter-ananda-mandira-gong-yoga.png","width":300,"height":200},{"@type":"BreadcrumbList","@id":"https:\/\/lightweb.dev\/l\/svm-temp\/artiklar\/nytt-yoga-och-halsocenter-ananda-mandira-gong-yoga\/#breadcrumb","itemListElement":[{"@type":"ListItem","position":1,"name":"Hem","item":"https:\/\/lightweb.dev\/l\/svm-temp\/"},{"@type":"ListItem","position":2,"name":"Nytt yoga och h\u00e4lsocenter Ananda Mandira Gong Yoga"}]},{"@type":"WebSite","@id":"https:\/\/lightweb.dev\/l\/svm-temp\/#website","url":"https:\/\/lightweb.dev\/l\/svm-temp\/","name":"Svenska Magasinet","description":"Dina Spanska nyheter p&aring; Svenska","publisher":{"@id":"https:\/\/lightweb.dev\/l\/svm-temp\/#organization"},"potentialAction":[{"@type":"SearchAction","target":{"@type":"EntryPoint","urlTemplate":"https:\/\/lightweb.dev\/l\/svm-temp\/?s={search_term_string}"},"query-input":{"@type":"PropertyValueSpecification","valueRequired":true,"valueName":"search_term_string"}}],"inLanguage":"sv-SE"},{"@type":"Organization","@id":"https:\/\/lightweb.dev\/l\/svm-temp\/#organization","name":"Melkerson y Nott SL","alternateName":"Svenska Magasinet","url":"https:\/\/lightweb.dev\/l\/svm-temp\/","logo":{"@type":"ImageObject","inLanguage":"sv-SE","@id":"https:\/\/lightweb.dev\/l\/svm-temp\/#\/schema\/logo\/image\/","url":"https:\/\/lightweb.dev\/l\/svm-temp\/wp-content\/uploads\/2025\/02\/SvM-logo-Xtra-Centrerad-SVART.png","contentUrl":"https:\/\/lightweb.dev\/l\/svm-temp\/wp-content\/uploads\/2025\/02\/SvM-logo-Xtra-Centrerad-SVART.png","width":300,"height":99,"caption":"Melkerson y Nott SL"},"image":{"@id":"https:\/\/lightweb.dev\/l\/svm-temp\/#\/schema\/logo\/image\/"},"sameAs":["https:\/\/www.facebook.com\/svenskamagasinet","https:\/\/x.com\/SvenskaMagasine"]},{"@type":"Person","@id":"https:\/\/lightweb.dev\/l\/svm-temp\/#\/schema\/person\/206a3bda5b607b0c25e1749191e4d837","name":"Redaktionen SvM","description":"Redaktionen","sameAs":["https:\/\/lightweb.dev\/l\/svm-temp"],"url":"https:\/\/lightweb.dev\/l\/svm-temp\/reporter\/redaktionen\/"}]}},"_links":{"self":[{"href":"https:\/\/lightweb.dev\/l\/svm-temp\/wp-json\/wp\/v2\/posts\/4781","targetHints":{"allow":["GET"]}}],"collection":[{"href":"https:\/\/lightweb.dev\/l\/svm-temp\/wp-json\/wp\/v2\/posts"}],"about":[{"href":"https:\/\/lightweb.dev\/l\/svm-temp\/wp-json\/wp\/v2\/types\/post"}],"author":[{"embeddable":true,"href":"https:\/\/lightweb.dev\/l\/svm-temp\/wp-json\/wp\/v2\/users\/8"}],"replies":[{"embeddable":true,"href":"https:\/\/lightweb.dev\/l\/svm-temp\/wp-json\/wp\/v2\/comments?post=4781"}],"version-history":[{"count":0,"href":"https:\/\/lightweb.dev\/l\/svm-temp\/wp-json\/wp\/v2\/posts\/4781\/revisions"}],"wp:featuredmedia":[{"embeddable":true,"href":"https:\/\/lightweb.dev\/l\/svm-temp\/wp-json\/wp\/v2\/media\/4782"}],"wp:attachment":[{"href":"https:\/\/lightweb.dev\/l\/svm-temp\/wp-json\/wp\/v2\/media?parent=4781"}],"wp:term":[{"taxonomy":"category","embeddable":true,"href":"https:\/\/lightweb.dev\/l\/svm-temp\/wp-json\/wp\/v2\/categories?post=4781"},{"taxonomy":"post_tag","embeddable":true,"href":"https:\/\/lightweb.dev\/l\/svm-temp\/wp-json\/wp\/v2\/tags?post=4781"}],"curies":[{"name":"wp","href":"https:\/\/api.w.org\/{rel}","templated":true}]}}