{"id":4792,"date":"2016-02-11T00:00:00","date_gmt":"2016-02-10T23:00:00","guid":{"rendered":"https:\/\/lightweb.dev\/l\/svm-temp\/varldens-mest-odlade-druva\/"},"modified":"2016-02-11T00:00:00","modified_gmt":"2016-02-10T23:00:00","slug":"varldens-mest-odlade-druva","status":"publish","type":"post","link":"https:\/\/lightweb.dev\/l\/svm-temp\/artiklar\/varldens-mest-odlade-druva\/","title":{"rendered":"V\u00e4rldens mest odlade druva?"},"content":{"rendered":"<p> Vilken \u00e4r v\u00e4rldens mest odlade druva? F\u00f6r oss som gillar att fara runt bland Spaniens underbara ving\u00e5rdar kan det vara l\u00e4tt att svara Tempranillo. Den k\u00e4nda druvan fr\u00e5n Spanien kommer f\u00f6rst p\u00e5 fj\u00e4rde plats \u00f6ver v\u00e4rldens mest odlade druvor. Cabernet Sauvignon har tagit sig upp p\u00e5 f\u00f6rsta platsen. Av Ola Josefsson<\/p>\n<p>Tills f\u00f6r n\u00e5gra \u00e5r sedan var Air\u00e9n som odlas i Kastilien La Mancha v\u00e4rldens mest odlade druva. Det kanske kommer som en \u00f6verraskning f\u00f6r m\u00e5nga. P\u00e5 \u00f6ver 300.000 hektar ving\u00e5rdsareal odlades druvan i huvudsak i mellersta Spanien p\u00e5 ett lika stort omr\u00e5de om vi skulle sl\u00e5 ihop Chiles och Australiens ving\u00e5rdsareal. Det s\u00e4ger en hel del om vinlandet Spanien och dess vinn\u00e4ring.<\/p>\n<p>Allt fler vinstockar av sorten Air\u00e9n rycks upp i Spanien och i st\u00e4llet planteras andra sorter i huvudsak internationella skriver magasinet V\u00e4rldens viner. \u00c4ven i Kastilien La Mancha h\u00e4nder nya saker i vinets underbara v\u00e4rld.<\/p>\n<p>\u00d6verst p\u00e5 tronen i den globala vinv\u00e4rlden \u00e4r allts\u00e5 fornfranska Cabernet Sauvignon den mest odlade druvan. Air\u00e9n \u00e4r fortsatt stor men kommer nu p\u00e5 tredje plats. Spaniens nationaldruva Tempranillo kommer p\u00e5 fj\u00e4rde plats globalt sett och \u00e4r den druva som har flest synonymer, minst 50.<br \/>\nTillsammans med Cabernet Sauvignon och Syrah \u00e4r Tempranillo den druva som \u00f6kar mest. \u00c4ven om vi h\u00f6r talas om enorma framg\u00e5ngar f\u00f6r Sydafrika, Chile och Australien s\u00e5 st\u00e5r Spanien, Frankrike och Italien tillsammans f\u00f6r \u00f6ver 50 procent av v\u00e4rldens ving\u00e5rdsareal.<\/p>\n<p>H\u00e4r \u00e4r druvornas tio i top:<br \/>\nCabernet Sauvignon (bl\u00e5), 290.000 hektar<br \/>\nMerlot (bl\u00e5), 267.000<br \/>\nAir\u00e9n (gr\u00f6n), 252.000<br \/>\nTempranillo (bl\u00e5), 232.000<br \/>\nChardonnay (gr\u00f6n), 199.000<br \/>\nSyrah (bl\u00e5), 185.000<br \/>\nGarnacha Tinta (bl\u00e5), 184.000<br \/>\nSauvignon Blanc (gr\u00f6n), 110.000<br \/>\nTrebbiano Toscano (gr\u00f6n), 109.000<br \/>\nPinot Noir (bl\u00e5), 87.000<br \/>\nK\u00e4lla: V\u00e4rldens viner, nr 4\/2015<\/p>\n<p>  Spaniens ekologiska viner<br \/>\nBland ekologiska viner tillh\u00f6r Spanien de stora tillsammans med Frankrike och Italien. 2012 hade Spanien 57.000 hektar ekologiska vinodlingar. Och Skandinavien och Tyskland \u00e4r Spaniens b\u00e4sta kunder p\u00e5 ekoviner.<br \/>\nEn av mina favoriter p\u00e5 omr\u00e5det \u00e4r Bodegas Mureda i syd\u00f6stra delen av provinsen Ciudad Real i Kastilien La Mancha. De har f\u00e5tt flera utm\u00e4rkelser f\u00f6r sitt fina arbete med ekoviner. Den ekologiska vinodlingen best\u00e5r av 1.200 hektar.<br \/>\nMureda Tinto 2014 har jag bara lyckats hitta i Sverige. Kostar 59 SEK p\u00e5 Systembolaget. Ett medelfylligt, b\u00e4rigt vin med bra balans som passar utm\u00e4rkt till kyckling eller f\u00e5gel. Bl\u00e5r\u00f6d f\u00e4rg, n\u00e5got kryddig doft med inslag av b\u00e4r och \u00f6rter. Vinet har f\u00e5tt bra betyg vid provningar i Sverige. Skulle du hitta vinet p\u00e5 kusten s\u00e5 h\u00f6r av dig till mig.<\/p>\n<p>Bodega Hacienda La Princesa i Valdepe\u00f1as \u00e4r familje\u00e4gd som i huvudsak koncentrar sig p\u00e5 ekoviner. Vinodlingarna ligger runt San Carlos del Valle och Valdepe\u00f1as i Kastlien La Mancha. Vinerna lagras i franska ekfat (225 miter) fr\u00e5n skogarna i Troncais och Bertranges.<br \/>\nVinacoteca La Princesa i Almu\u00f1\u00e9car \u00e4r agentur och f\u00f6rs\u00e4ljare till dessa ekologiska viner som har en fr\u00e4sch och trevlig stil. De startade sin verksamhet i augusti 2015 och arrangerar vinprovningar f\u00f6rutom att du kan k\u00f6pa viner.<\/p>\n<p>Tempranillo Debir Gala \u00e4r gjort p\u00e5 100 procent Tempranillo. Ansedda vinguiden Gu\u00eda Pe\u00f1\u00edn ger 89 po\u00e4ng. F\u00e4rgen r\u00f6d som k\u00f6rsb\u00e4r\/granat\u00e4pple med en violett\/purpurf\u00e4rgad nyans. Mogen doft med inslag av m\u00f6rka b\u00e4r (bj\u00f6rnb\u00e4r), och lakrits. Smaken fruktig, balanserad med inslag av tanniner och ek. Pris: 12 euro.<\/p>\n<p>Chardonnay 2012 \u00e4r ett vitt ekologiskt vin som har fermenterat p\u00e5 fransk ek fr\u00e5n skogarna i Nevers. F\u00e4rgen \u00e4r gyllengul, lite \u00e5t det svagt gr\u00f6na h\u00e5llet. Doft av sm\u00f6r, blommor, frukt, ananas och grapefrukt. En smakrikt fruktigt vitt vin och med ett balanserat avslut. Perfekt till fisk, fisksoppa eller mildare ostar. Pris: 6 euro. Mycket vin f\u00f6r lite pengar.<\/p>\n<p>Den 28 februari kommer jag att n\u00e4rvara vid en exklusiv vinprovning med fem ekologiska viner fr\u00e5n Valdepe\u00f1as med tillh\u00f6rande tapas. Tillsammans med Carlos och Ana Sanchez p\u00e5 Vinacoteca La Princesa som ligger i omr\u00e5det Santa Cruz i Almu\u00f1\u00e9car ska vi ber\u00e4tta om vinets underbara v\u00e4rld och ekoviner.<br \/>\nDu har m\u00f6jlighet att anm\u00e4la dig till vinprovningen den 28 februari klockan 20. Avgift 7 euro (max 30 deltagare). Anm\u00e4lan g\u00f6rs via e-postadress: almunecar.se@gmail.se.<\/p>\n","protected":false},"excerpt":{"rendered":"<p>Vilken \u00e4r v\u00e4rldens mest odlade druva? F\u00f6r oss som gillar att fara runt bland Spaniens underbara ving\u00e5rdar kan det vara l\u00e4tt att svara Tempranillo. Den k\u00e4nda druvan fr\u00e5n Spanien kommer f\u00f6rst p\u00e5 fj\u00e4rde plats \u00f6ver v\u00e4rldens mest odlade druvor. Cabernet Sauvignon har tagit sig upp p\u00e5 f\u00f6rsta platsen. Av Ola Josefsson Tills f\u00f6r n\u00e5gra \u00e5r [&hellip;]<\/p>\n","protected":false},"author":8,"featured_media":4793,"comment_status":"open","ping_status":"open","sticky":false,"template":"","format":"standard","meta":{"_et_pb_use_builder":"","_et_pb_old_content":"","_et_gb_content_width":"","footnotes":""},"categories":[4,38],"tags":[],"class_list":["post-4792","post","type-post","status-publish","format-standard","has-post-thumbnail","hentry","category-artiklar","category-mat-vin"],"yoast_head":"<!-- This site is optimized with the Yoast SEO Premium plugin v26.2 (Yoast SEO v27.4) - https:\/\/yoast.com\/product\/yoast-seo-premium-wordpress\/ -->\n<title>V\u00e4rldens mest odlade druva? - Svenska Magasinet<\/title>\n<meta name=\"robots\" content=\"noindex, follow, max-snippet:-1, max-image-preview:large, max-video-preview:-1\" \/>\n<meta property=\"og:locale\" content=\"sv_SE\" \/>\n<meta property=\"og:type\" content=\"article\" \/>\n<meta property=\"og:title\" content=\"V\u00e4rldens mest odlade druva?\" \/>\n<meta property=\"og:description\" content=\"Vilken \u00e4r v\u00e4rldens mest odlade druva? F\u00f6r oss som gillar att fara runt bland Spaniens underbara ving\u00e5rdar kan det vara l\u00e4tt att svara Tempranillo. Den k\u00e4nda druvan fr\u00e5n Spanien kommer f\u00f6rst p\u00e5 fj\u00e4rde plats \u00f6ver v\u00e4rldens mest odlade druvor. Cabernet Sauvignon har tagit sig upp p\u00e5 f\u00f6rsta platsen. Av Ola Josefsson Tills f\u00f6r n\u00e5gra \u00e5r [&hellip;]\" \/>\n<meta property=\"og:url\" content=\"https:\/\/lightweb.dev\/l\/svm-temp\/artiklar\/varldens-mest-odlade-druva\/\" \/>\n<meta property=\"og:site_name\" content=\"Svenska Magasinet\" \/>\n<meta property=\"article:publisher\" content=\"https:\/\/www.facebook.com\/svenskamagasinet\" \/>\n<meta property=\"article:published_time\" content=\"2016-02-10T23:00:00+00:00\" \/>\n<meta property=\"og:image\" content=\"https:\/\/lightweb.dev\/l\/svm-temp\/wp-content\/uploads\/2022\/04\/vrldens-mest-odlade-druva.png\" \/>\n\t<meta property=\"og:image:width\" content=\"299\" \/>\n\t<meta property=\"og:image:height\" content=\"200\" \/>\n\t<meta property=\"og:image:type\" content=\"image\/png\" \/>\n<meta name=\"author\" content=\"Redaktionen SvM\" \/>\n<meta name=\"twitter:card\" content=\"summary_large_image\" \/>\n<meta name=\"twitter:creator\" content=\"@SvenskaMagasine\" \/>\n<meta name=\"twitter:site\" content=\"@SvenskaMagasine\" \/>\n<script type=\"application\/ld+json\" class=\"yoast-schema-graph\">{\"@context\":\"https:\\\/\\\/schema.org\",\"@graph\":[{\"@type\":\"Article\",\"@id\":\"https:\\\/\\\/lightweb.dev\\\/l\\\/svm-temp\\\/artiklar\\\/varldens-mest-odlade-druva\\\/#article\",\"isPartOf\":{\"@id\":\"https:\\\/\\\/lightweb.dev\\\/l\\\/svm-temp\\\/artiklar\\\/varldens-mest-odlade-druva\\\/\"},\"author\":{\"name\":\"Redaktionen SvM\",\"@id\":\"https:\\\/\\\/lightweb.dev\\\/l\\\/svm-temp\\\/#\\\/schema\\\/person\\\/206a3bda5b607b0c25e1749191e4d837\"},\"headline\":\"V\u00e4rldens mest odlade druva?\",\"datePublished\":\"2016-02-10T23:00:00+00:00\",\"mainEntityOfPage\":{\"@id\":\"https:\\\/\\\/lightweb.dev\\\/l\\\/svm-temp\\\/artiklar\\\/varldens-mest-odlade-druva\\\/\"},\"wordCount\":746,\"commentCount\":0,\"publisher\":{\"@id\":\"https:\\\/\\\/lightweb.dev\\\/l\\\/svm-temp\\\/#organization\"},\"image\":{\"@id\":\"https:\\\/\\\/lightweb.dev\\\/l\\\/svm-temp\\\/artiklar\\\/varldens-mest-odlade-druva\\\/#primaryimage\"},\"thumbnailUrl\":\"https:\\\/\\\/lightweb.dev\\\/l\\\/svm-temp\\\/wp-content\\\/uploads\\\/2022\\\/04\\\/vrldens-mest-odlade-druva.png\",\"articleSection\":[\"Artiklar\",\"Mat &amp; vin\"],\"inLanguage\":\"sv-SE\"},{\"@type\":\"WebPage\",\"@id\":\"https:\\\/\\\/lightweb.dev\\\/l\\\/svm-temp\\\/artiklar\\\/varldens-mest-odlade-druva\\\/\",\"url\":\"https:\\\/\\\/lightweb.dev\\\/l\\\/svm-temp\\\/artiklar\\\/varldens-mest-odlade-druva\\\/\",\"name\":\"V\u00e4rldens mest odlade druva? - Svenska Magasinet\",\"isPartOf\":{\"@id\":\"https:\\\/\\\/lightweb.dev\\\/l\\\/svm-temp\\\/#website\"},\"primaryImageOfPage\":{\"@id\":\"https:\\\/\\\/lightweb.dev\\\/l\\\/svm-temp\\\/artiklar\\\/varldens-mest-odlade-druva\\\/#primaryimage\"},\"image\":{\"@id\":\"https:\\\/\\\/lightweb.dev\\\/l\\\/svm-temp\\\/artiklar\\\/varldens-mest-odlade-druva\\\/#primaryimage\"},\"thumbnailUrl\":\"https:\\\/\\\/lightweb.dev\\\/l\\\/svm-temp\\\/wp-content\\\/uploads\\\/2022\\\/04\\\/vrldens-mest-odlade-druva.png\",\"datePublished\":\"2016-02-10T23:00:00+00:00\",\"breadcrumb\":{\"@id\":\"https:\\\/\\\/lightweb.dev\\\/l\\\/svm-temp\\\/artiklar\\\/varldens-mest-odlade-druva\\\/#breadcrumb\"},\"inLanguage\":\"sv-SE\",\"potentialAction\":[{\"@type\":\"ReadAction\",\"target\":[\"https:\\\/\\\/lightweb.dev\\\/l\\\/svm-temp\\\/artiklar\\\/varldens-mest-odlade-druva\\\/\"]}]},{\"@type\":\"ImageObject\",\"inLanguage\":\"sv-SE\",\"@id\":\"https:\\\/\\\/lightweb.dev\\\/l\\\/svm-temp\\\/artiklar\\\/varldens-mest-odlade-druva\\\/#primaryimage\",\"url\":\"https:\\\/\\\/lightweb.dev\\\/l\\\/svm-temp\\\/wp-content\\\/uploads\\\/2022\\\/04\\\/vrldens-mest-odlade-druva.png\",\"contentUrl\":\"https:\\\/\\\/lightweb.dev\\\/l\\\/svm-temp\\\/wp-content\\\/uploads\\\/2022\\\/04\\\/vrldens-mest-odlade-druva.png\",\"width\":299,\"height\":200},{\"@type\":\"BreadcrumbList\",\"@id\":\"https:\\\/\\\/lightweb.dev\\\/l\\\/svm-temp\\\/artiklar\\\/varldens-mest-odlade-druva\\\/#breadcrumb\",\"itemListElement\":[{\"@type\":\"ListItem\",\"position\":1,\"name\":\"Hem\",\"item\":\"https:\\\/\\\/lightweb.dev\\\/l\\\/svm-temp\\\/\"},{\"@type\":\"ListItem\",\"position\":2,\"name\":\"V\u00e4rldens mest odlade druva?\"}]},{\"@type\":\"WebSite\",\"@id\":\"https:\\\/\\\/lightweb.dev\\\/l\\\/svm-temp\\\/#website\",\"url\":\"https:\\\/\\\/lightweb.dev\\\/l\\\/svm-temp\\\/\",\"name\":\"Svenska Magasinet\",\"description\":\"Dina Spanska nyheter p&aring; Svenska\",\"publisher\":{\"@id\":\"https:\\\/\\\/lightweb.dev\\\/l\\\/svm-temp\\\/#organization\"},\"potentialAction\":[{\"@type\":\"SearchAction\",\"target\":{\"@type\":\"EntryPoint\",\"urlTemplate\":\"https:\\\/\\\/lightweb.dev\\\/l\\\/svm-temp\\\/?s={search_term_string}\"},\"query-input\":{\"@type\":\"PropertyValueSpecification\",\"valueRequired\":true,\"valueName\":\"search_term_string\"}}],\"inLanguage\":\"sv-SE\"},{\"@type\":\"Organization\",\"@id\":\"https:\\\/\\\/lightweb.dev\\\/l\\\/svm-temp\\\/#organization\",\"name\":\"Melkerson y Nott SL\",\"alternateName\":\"Svenska Magasinet\",\"url\":\"https:\\\/\\\/lightweb.dev\\\/l\\\/svm-temp\\\/\",\"logo\":{\"@type\":\"ImageObject\",\"inLanguage\":\"sv-SE\",\"@id\":\"https:\\\/\\\/lightweb.dev\\\/l\\\/svm-temp\\\/#\\\/schema\\\/logo\\\/image\\\/\",\"url\":\"https:\\\/\\\/lightweb.dev\\\/l\\\/svm-temp\\\/wp-content\\\/uploads\\\/2025\\\/02\\\/SvM-logo-Xtra-Centrerad-SVART.png\",\"contentUrl\":\"https:\\\/\\\/lightweb.dev\\\/l\\\/svm-temp\\\/wp-content\\\/uploads\\\/2025\\\/02\\\/SvM-logo-Xtra-Centrerad-SVART.png\",\"width\":300,\"height\":99,\"caption\":\"Melkerson y Nott SL\"},\"image\":{\"@id\":\"https:\\\/\\\/lightweb.dev\\\/l\\\/svm-temp\\\/#\\\/schema\\\/logo\\\/image\\\/\"},\"sameAs\":[\"https:\\\/\\\/www.facebook.com\\\/svenskamagasinet\",\"https:\\\/\\\/x.com\\\/SvenskaMagasine\"]},{\"@type\":\"Person\",\"@id\":\"https:\\\/\\\/lightweb.dev\\\/l\\\/svm-temp\\\/#\\\/schema\\\/person\\\/206a3bda5b607b0c25e1749191e4d837\",\"name\":\"Redaktionen SvM\",\"description\":\"Redaktionen\",\"sameAs\":[\"https:\\\/\\\/lightweb.dev\\\/l\\\/svm-temp\"],\"url\":\"https:\\\/\\\/lightweb.dev\\\/l\\\/svm-temp\\\/reporter\\\/redaktionen\\\/\"}]}<\/script>\n<!-- \/ Yoast SEO Premium plugin. -->","yoast_head_json":{"title":"V\u00e4rldens mest odlade druva? - Svenska Magasinet","robots":{"index":"noindex","follow":"follow","max-snippet":"max-snippet:-1","max-image-preview":"max-image-preview:large","max-video-preview":"max-video-preview:-1"},"og_locale":"sv_SE","og_type":"article","og_title":"V\u00e4rldens mest odlade druva?","og_description":"Vilken \u00e4r v\u00e4rldens mest odlade druva? F\u00f6r oss som gillar att fara runt bland Spaniens underbara ving\u00e5rdar kan det vara l\u00e4tt att svara Tempranillo. Den k\u00e4nda druvan fr\u00e5n Spanien kommer f\u00f6rst p\u00e5 fj\u00e4rde plats \u00f6ver v\u00e4rldens mest odlade druvor. Cabernet Sauvignon har tagit sig upp p\u00e5 f\u00f6rsta platsen. Av Ola Josefsson Tills f\u00f6r n\u00e5gra \u00e5r [&hellip;]","og_url":"https:\/\/lightweb.dev\/l\/svm-temp\/artiklar\/varldens-mest-odlade-druva\/","og_site_name":"Svenska Magasinet","article_publisher":"https:\/\/www.facebook.com\/svenskamagasinet","article_published_time":"2016-02-10T23:00:00+00:00","og_image":[{"width":299,"height":200,"url":"https:\/\/lightweb.dev\/l\/svm-temp\/wp-content\/uploads\/2022\/04\/vrldens-mest-odlade-druva.png","type":"image\/png"}],"author":"Redaktionen SvM","twitter_card":"summary_large_image","twitter_creator":"@SvenskaMagasine","twitter_site":"@SvenskaMagasine","schema":{"@context":"https:\/\/schema.org","@graph":[{"@type":"Article","@id":"https:\/\/lightweb.dev\/l\/svm-temp\/artiklar\/varldens-mest-odlade-druva\/#article","isPartOf":{"@id":"https:\/\/lightweb.dev\/l\/svm-temp\/artiklar\/varldens-mest-odlade-druva\/"},"author":{"name":"Redaktionen SvM","@id":"https:\/\/lightweb.dev\/l\/svm-temp\/#\/schema\/person\/206a3bda5b607b0c25e1749191e4d837"},"headline":"V\u00e4rldens mest odlade druva?","datePublished":"2016-02-10T23:00:00+00:00","mainEntityOfPage":{"@id":"https:\/\/lightweb.dev\/l\/svm-temp\/artiklar\/varldens-mest-odlade-druva\/"},"wordCount":746,"commentCount":0,"publisher":{"@id":"https:\/\/lightweb.dev\/l\/svm-temp\/#organization"},"image":{"@id":"https:\/\/lightweb.dev\/l\/svm-temp\/artiklar\/varldens-mest-odlade-druva\/#primaryimage"},"thumbnailUrl":"https:\/\/lightweb.dev\/l\/svm-temp\/wp-content\/uploads\/2022\/04\/vrldens-mest-odlade-druva.png","articleSection":["Artiklar","Mat &amp; vin"],"inLanguage":"sv-SE"},{"@type":"WebPage","@id":"https:\/\/lightweb.dev\/l\/svm-temp\/artiklar\/varldens-mest-odlade-druva\/","url":"https:\/\/lightweb.dev\/l\/svm-temp\/artiklar\/varldens-mest-odlade-druva\/","name":"V\u00e4rldens mest odlade druva? - Svenska Magasinet","isPartOf":{"@id":"https:\/\/lightweb.dev\/l\/svm-temp\/#website"},"primaryImageOfPage":{"@id":"https:\/\/lightweb.dev\/l\/svm-temp\/artiklar\/varldens-mest-odlade-druva\/#primaryimage"},"image":{"@id":"https:\/\/lightweb.dev\/l\/svm-temp\/artiklar\/varldens-mest-odlade-druva\/#primaryimage"},"thumbnailUrl":"https:\/\/lightweb.dev\/l\/svm-temp\/wp-content\/uploads\/2022\/04\/vrldens-mest-odlade-druva.png","datePublished":"2016-02-10T23:00:00+00:00","breadcrumb":{"@id":"https:\/\/lightweb.dev\/l\/svm-temp\/artiklar\/varldens-mest-odlade-druva\/#breadcrumb"},"inLanguage":"sv-SE","potentialAction":[{"@type":"ReadAction","target":["https:\/\/lightweb.dev\/l\/svm-temp\/artiklar\/varldens-mest-odlade-druva\/"]}]},{"@type":"ImageObject","inLanguage":"sv-SE","@id":"https:\/\/lightweb.dev\/l\/svm-temp\/artiklar\/varldens-mest-odlade-druva\/#primaryimage","url":"https:\/\/lightweb.dev\/l\/svm-temp\/wp-content\/uploads\/2022\/04\/vrldens-mest-odlade-druva.png","contentUrl":"https:\/\/lightweb.dev\/l\/svm-temp\/wp-content\/uploads\/2022\/04\/vrldens-mest-odlade-druva.png","width":299,"height":200},{"@type":"BreadcrumbList","@id":"https:\/\/lightweb.dev\/l\/svm-temp\/artiklar\/varldens-mest-odlade-druva\/#breadcrumb","itemListElement":[{"@type":"ListItem","position":1,"name":"Hem","item":"https:\/\/lightweb.dev\/l\/svm-temp\/"},{"@type":"ListItem","position":2,"name":"V\u00e4rldens mest odlade druva?"}]},{"@type":"WebSite","@id":"https:\/\/lightweb.dev\/l\/svm-temp\/#website","url":"https:\/\/lightweb.dev\/l\/svm-temp\/","name":"Svenska Magasinet","description":"Dina Spanska nyheter p&aring; Svenska","publisher":{"@id":"https:\/\/lightweb.dev\/l\/svm-temp\/#organization"},"potentialAction":[{"@type":"SearchAction","target":{"@type":"EntryPoint","urlTemplate":"https:\/\/lightweb.dev\/l\/svm-temp\/?s={search_term_string}"},"query-input":{"@type":"PropertyValueSpecification","valueRequired":true,"valueName":"search_term_string"}}],"inLanguage":"sv-SE"},{"@type":"Organization","@id":"https:\/\/lightweb.dev\/l\/svm-temp\/#organization","name":"Melkerson y Nott SL","alternateName":"Svenska Magasinet","url":"https:\/\/lightweb.dev\/l\/svm-temp\/","logo":{"@type":"ImageObject","inLanguage":"sv-SE","@id":"https:\/\/lightweb.dev\/l\/svm-temp\/#\/schema\/logo\/image\/","url":"https:\/\/lightweb.dev\/l\/svm-temp\/wp-content\/uploads\/2025\/02\/SvM-logo-Xtra-Centrerad-SVART.png","contentUrl":"https:\/\/lightweb.dev\/l\/svm-temp\/wp-content\/uploads\/2025\/02\/SvM-logo-Xtra-Centrerad-SVART.png","width":300,"height":99,"caption":"Melkerson y Nott SL"},"image":{"@id":"https:\/\/lightweb.dev\/l\/svm-temp\/#\/schema\/logo\/image\/"},"sameAs":["https:\/\/www.facebook.com\/svenskamagasinet","https:\/\/x.com\/SvenskaMagasine"]},{"@type":"Person","@id":"https:\/\/lightweb.dev\/l\/svm-temp\/#\/schema\/person\/206a3bda5b607b0c25e1749191e4d837","name":"Redaktionen SvM","description":"Redaktionen","sameAs":["https:\/\/lightweb.dev\/l\/svm-temp"],"url":"https:\/\/lightweb.dev\/l\/svm-temp\/reporter\/redaktionen\/"}]}},"_links":{"self":[{"href":"https:\/\/lightweb.dev\/l\/svm-temp\/wp-json\/wp\/v2\/posts\/4792","targetHints":{"allow":["GET"]}}],"collection":[{"href":"https:\/\/lightweb.dev\/l\/svm-temp\/wp-json\/wp\/v2\/posts"}],"about":[{"href":"https:\/\/lightweb.dev\/l\/svm-temp\/wp-json\/wp\/v2\/types\/post"}],"author":[{"embeddable":true,"href":"https:\/\/lightweb.dev\/l\/svm-temp\/wp-json\/wp\/v2\/users\/8"}],"replies":[{"embeddable":true,"href":"https:\/\/lightweb.dev\/l\/svm-temp\/wp-json\/wp\/v2\/comments?post=4792"}],"version-history":[{"count":0,"href":"https:\/\/lightweb.dev\/l\/svm-temp\/wp-json\/wp\/v2\/posts\/4792\/revisions"}],"wp:featuredmedia":[{"embeddable":true,"href":"https:\/\/lightweb.dev\/l\/svm-temp\/wp-json\/wp\/v2\/media\/4793"}],"wp:attachment":[{"href":"https:\/\/lightweb.dev\/l\/svm-temp\/wp-json\/wp\/v2\/media?parent=4792"}],"wp:term":[{"taxonomy":"category","embeddable":true,"href":"https:\/\/lightweb.dev\/l\/svm-temp\/wp-json\/wp\/v2\/categories?post=4792"},{"taxonomy":"post_tag","embeddable":true,"href":"https:\/\/lightweb.dev\/l\/svm-temp\/wp-json\/wp\/v2\/tags?post=4792"}],"curies":[{"name":"wp","href":"https:\/\/api.w.org\/{rel}","templated":true}]}}