{"id":47942,"date":"2007-12-01T00:00:00","date_gmt":"2007-11-30T23:00:00","guid":{"rendered":"https:\/\/lightweb.dev\/l\/svm-temp\/nyheter\/gloggparty-pa-svenska-magasinet\/"},"modified":"2007-12-01T00:00:00","modified_gmt":"2007-11-30T23:00:00","slug":"gloggparty-pa-svenska-magasinet","status":"publish","type":"post","link":"https:\/\/lightweb.dev\/l\/svm-temp\/nyheter\/gloggparty-pa-svenska-magasinet\/","title":{"rendered":"Gl\u00f6ggparty p\u00e5 Svenska Magasinet"},"content":{"rendered":"<p> Till Svenska Magasinet och Kustradion kom idag l\u00f6rdag l\u00e4sare och lyssnare f\u00f6r att f\u00f6r sj\u00e4tte \u00e5ret i f\u00f6ljd bjudas p\u00e5 Jennies omtalade julgl\u00f6gg. N\u00e4r d\u00f6rrarna \u00f6ppnades klockan 14 av Jennie Jons\u00e9r och Christer Melkerson var bes\u00f6karna redan p\u00e5 plats. P\u00e5 bilden serverar Gustavo Fern\u00e1ndez rykande het gl\u00f6gg till Hasse, en av m\u00e5nga bes\u00f6kare. Se lite mingelbilder!<br \/>\n< KLICKA H\u00c4R &gt;\n<\/p>\n","protected":false},"excerpt":{"rendered":"<p>Till Svenska Magasinet och Kustradion kom idag l\u00f6rdag l\u00e4sare och lyssnare f\u00f6r att f\u00f6r sj\u00e4tte \u00e5ret i f\u00f6ljd bjudas p\u00e5 Jennies omtalade julgl\u00f6gg. N\u00e4r d\u00f6rrarna \u00f6ppnades klockan 14 av Jennie Jons\u00e9r och Christer Melkerson var bes\u00f6karna redan p\u00e5 plats. P\u00e5 bilden serverar Gustavo Fern\u00e1ndez rykande het gl\u00f6gg till Hasse, en av m\u00e5nga bes\u00f6kare. Se lite [&hellip;]<\/p>\n","protected":false},"author":8,"featured_media":0,"comment_status":"open","ping_status":"open","sticky":false,"template":"","format":"standard","meta":{"_et_pb_use_builder":"","_et_pb_old_content":"","_et_gb_content_width":"","footnotes":""},"categories":[395,3],"tags":[],"class_list":["post-47942","post","type-post","status-publish","format-standard","hentry","category-arkiv-nyheter","category-nyheter"],"yoast_head":"<!-- This site is optimized with the Yoast SEO Premium plugin v26.2 (Yoast SEO v28.2) - https:\/\/yoast.com\/product\/yoast-seo-premium-wordpress\/ -->\n<title>Gl\u00f6ggparty p\u00e5 Svenska Magasinet - Svenska Magasinet<\/title>\n<meta name=\"robots\" content=\"noindex, follow, max-snippet:-1, max-image-preview:large, max-video-preview:-1\" \/>\n<meta property=\"og:locale\" content=\"sv_SE\" \/>\n<meta property=\"og:type\" content=\"article\" \/>\n<meta property=\"og:title\" content=\"Gl\u00f6ggparty p\u00e5 Svenska Magasinet\" \/>\n<meta property=\"og:description\" content=\"Till Svenska Magasinet och Kustradion kom idag l\u00f6rdag l\u00e4sare och lyssnare f\u00f6r att f\u00f6r sj\u00e4tte \u00e5ret i f\u00f6ljd bjudas p\u00e5 Jennies omtalade julgl\u00f6gg. N\u00e4r d\u00f6rrarna \u00f6ppnades klockan 14 av Jennie Jons\u00e9r och Christer Melkerson var bes\u00f6karna redan p\u00e5 plats. P\u00e5 bilden serverar Gustavo Fern\u00e1ndez rykande het gl\u00f6gg till Hasse, en av m\u00e5nga bes\u00f6kare. Se lite [&hellip;]\" \/>\n<meta property=\"og:url\" content=\"https:\/\/lightweb.dev\/l\/svm-temp\/nyheter\/gloggparty-pa-svenska-magasinet\/\" \/>\n<meta property=\"og:site_name\" content=\"Svenska Magasinet\" \/>\n<meta property=\"article:publisher\" content=\"https:\/\/www.facebook.com\/svenskamagasinet\" \/>\n<meta property=\"article:published_time\" content=\"2007-11-30T23:00:00+00:00\" \/>\n<meta name=\"author\" content=\"Redaktionen SvM\" \/>\n<meta name=\"twitter:card\" content=\"summary_large_image\" \/>\n<meta name=\"twitter:creator\" content=\"@SvenskaMagasine\" \/>\n<meta name=\"twitter:site\" content=\"@SvenskaMagasine\" \/>\n<script type=\"application\/ld+json\" class=\"yoast-schema-graph\">{\"@context\":\"https:\\\/\\\/schema.org\",\"@graph\":[{\"@type\":\"Article\",\"@id\":\"https:\\\/\\\/lightweb.dev\\\/l\\\/svm-temp\\\/nyheter\\\/gloggparty-pa-svenska-magasinet\\\/#article\",\"isPartOf\":{\"@id\":\"https:\\\/\\\/lightweb.dev\\\/l\\\/svm-temp\\\/nyheter\\\/gloggparty-pa-svenska-magasinet\\\/\"},\"author\":{\"name\":\"Redaktionen SvM\",\"@id\":\"https:\\\/\\\/lightweb.dev\\\/l\\\/svm-temp\\\/#\\\/schema\\\/person\\\/206a3bda5b607b0c25e1749191e4d837\"},\"headline\":\"Gl\u00f6ggparty p\u00e5 Svenska Magasinet\",\"datePublished\":\"2007-11-30T23:00:00+00:00\",\"mainEntityOfPage\":{\"@id\":\"https:\\\/\\\/lightweb.dev\\\/l\\\/svm-temp\\\/nyheter\\\/gloggparty-pa-svenska-magasinet\\\/\"},\"wordCount\":79,\"commentCount\":0,\"publisher\":{\"@id\":\"https:\\\/\\\/lightweb.dev\\\/l\\\/svm-temp\\\/#organization\"},\"articleSection\":[\"Arkiv\",\"Nyheter\"],\"inLanguage\":\"sv-SE\"},{\"@type\":\"WebPage\",\"@id\":\"https:\\\/\\\/lightweb.dev\\\/l\\\/svm-temp\\\/nyheter\\\/gloggparty-pa-svenska-magasinet\\\/\",\"url\":\"https:\\\/\\\/lightweb.dev\\\/l\\\/svm-temp\\\/nyheter\\\/gloggparty-pa-svenska-magasinet\\\/\",\"name\":\"Gl\u00f6ggparty p\u00e5 Svenska Magasinet - Svenska Magasinet\",\"isPartOf\":{\"@id\":\"https:\\\/\\\/lightweb.dev\\\/l\\\/svm-temp\\\/#website\"},\"datePublished\":\"2007-11-30T23:00:00+00:00\",\"breadcrumb\":{\"@id\":\"https:\\\/\\\/lightweb.dev\\\/l\\\/svm-temp\\\/nyheter\\\/gloggparty-pa-svenska-magasinet\\\/#breadcrumb\"},\"inLanguage\":\"sv-SE\",\"potentialAction\":[{\"@type\":\"ReadAction\",\"target\":[\"https:\\\/\\\/lightweb.dev\\\/l\\\/svm-temp\\\/nyheter\\\/gloggparty-pa-svenska-magasinet\\\/\"]}]},{\"@type\":\"BreadcrumbList\",\"@id\":\"https:\\\/\\\/lightweb.dev\\\/l\\\/svm-temp\\\/nyheter\\\/gloggparty-pa-svenska-magasinet\\\/#breadcrumb\",\"itemListElement\":[{\"@type\":\"ListItem\",\"position\":1,\"name\":\"Hem\",\"item\":\"https:\\\/\\\/lightweb.dev\\\/l\\\/svm-temp\\\/\"},{\"@type\":\"ListItem\",\"position\":2,\"name\":\"Gl\u00f6ggparty p\u00e5 Svenska Magasinet\"}]},{\"@type\":\"WebSite\",\"@id\":\"https:\\\/\\\/lightweb.dev\\\/l\\\/svm-temp\\\/#website\",\"url\":\"https:\\\/\\\/lightweb.dev\\\/l\\\/svm-temp\\\/\",\"name\":\"Svenska Magasinet\",\"description\":\"Dina Spanska nyheter p&aring; Svenska\",\"publisher\":{\"@id\":\"https:\\\/\\\/lightweb.dev\\\/l\\\/svm-temp\\\/#organization\"},\"potentialAction\":[{\"@type\":\"SearchAction\",\"target\":{\"@type\":\"EntryPoint\",\"urlTemplate\":\"https:\\\/\\\/lightweb.dev\\\/l\\\/svm-temp\\\/?s={search_term_string}\"},\"query-input\":{\"@type\":\"PropertyValueSpecification\",\"valueRequired\":true,\"valueName\":\"search_term_string\"}}],\"inLanguage\":\"sv-SE\"},{\"@type\":\"Organization\",\"@id\":\"https:\\\/\\\/lightweb.dev\\\/l\\\/svm-temp\\\/#organization\",\"name\":\"Melkerson y Nott SL\",\"alternateName\":\"Svenska Magasinet\",\"url\":\"https:\\\/\\\/lightweb.dev\\\/l\\\/svm-temp\\\/\",\"logo\":{\"@type\":\"ImageObject\",\"inLanguage\":\"sv-SE\",\"@id\":\"https:\\\/\\\/lightweb.dev\\\/l\\\/svm-temp\\\/#\\\/schema\\\/logo\\\/image\\\/\",\"url\":\"https:\\\/\\\/lightweb.dev\\\/l\\\/svm-temp\\\/wp-content\\\/uploads\\\/2025\\\/02\\\/SvM-logo-Xtra-Centrerad-SVART.png\",\"contentUrl\":\"https:\\\/\\\/lightweb.dev\\\/l\\\/svm-temp\\\/wp-content\\\/uploads\\\/2025\\\/02\\\/SvM-logo-Xtra-Centrerad-SVART.png\",\"width\":300,\"height\":99,\"caption\":\"Melkerson y Nott SL\"},\"image\":{\"@id\":\"https:\\\/\\\/lightweb.dev\\\/l\\\/svm-temp\\\/#\\\/schema\\\/logo\\\/image\\\/\"},\"sameAs\":[\"https:\\\/\\\/www.facebook.com\\\/svenskamagasinet\",\"https:\\\/\\\/x.com\\\/SvenskaMagasine\"]},{\"@type\":\"Person\",\"@id\":\"https:\\\/\\\/lightweb.dev\\\/l\\\/svm-temp\\\/#\\\/schema\\\/person\\\/206a3bda5b607b0c25e1749191e4d837\",\"name\":\"Redaktionen SvM\",\"description\":\"Redaktionen\",\"sameAs\":[\"https:\\\/\\\/lightweb.dev\\\/l\\\/svm-temp\"],\"url\":\"https:\\\/\\\/lightweb.dev\\\/l\\\/svm-temp\\\/reporter\\\/redaktionen\\\/\"}]}<\/script>\n<!-- \/ Yoast SEO Premium plugin. -->","yoast_head_json":{"title":"Gl\u00f6ggparty p\u00e5 Svenska Magasinet - Svenska Magasinet","robots":{"index":"noindex","follow":"follow","max-snippet":"max-snippet:-1","max-image-preview":"max-image-preview:large","max-video-preview":"max-video-preview:-1"},"og_locale":"sv_SE","og_type":"article","og_title":"Gl\u00f6ggparty p\u00e5 Svenska Magasinet","og_description":"Till Svenska Magasinet och Kustradion kom idag l\u00f6rdag l\u00e4sare och lyssnare f\u00f6r att f\u00f6r sj\u00e4tte \u00e5ret i f\u00f6ljd bjudas p\u00e5 Jennies omtalade julgl\u00f6gg. N\u00e4r d\u00f6rrarna \u00f6ppnades klockan 14 av Jennie Jons\u00e9r och Christer Melkerson var bes\u00f6karna redan p\u00e5 plats. P\u00e5 bilden serverar Gustavo Fern\u00e1ndez rykande het gl\u00f6gg till Hasse, en av m\u00e5nga bes\u00f6kare. Se lite [&hellip;]","og_url":"https:\/\/lightweb.dev\/l\/svm-temp\/nyheter\/gloggparty-pa-svenska-magasinet\/","og_site_name":"Svenska Magasinet","article_publisher":"https:\/\/www.facebook.com\/svenskamagasinet","article_published_time":"2007-11-30T23:00:00+00:00","author":"Redaktionen SvM","twitter_card":"summary_large_image","twitter_creator":"@SvenskaMagasine","twitter_site":"@SvenskaMagasine","schema":{"@context":"https:\/\/schema.org","@graph":[{"@type":"Article","@id":"https:\/\/lightweb.dev\/l\/svm-temp\/nyheter\/gloggparty-pa-svenska-magasinet\/#article","isPartOf":{"@id":"https:\/\/lightweb.dev\/l\/svm-temp\/nyheter\/gloggparty-pa-svenska-magasinet\/"},"author":{"name":"Redaktionen SvM","@id":"https:\/\/lightweb.dev\/l\/svm-temp\/#\/schema\/person\/206a3bda5b607b0c25e1749191e4d837"},"headline":"Gl\u00f6ggparty p\u00e5 Svenska Magasinet","datePublished":"2007-11-30T23:00:00+00:00","mainEntityOfPage":{"@id":"https:\/\/lightweb.dev\/l\/svm-temp\/nyheter\/gloggparty-pa-svenska-magasinet\/"},"wordCount":79,"commentCount":0,"publisher":{"@id":"https:\/\/lightweb.dev\/l\/svm-temp\/#organization"},"articleSection":["Arkiv","Nyheter"],"inLanguage":"sv-SE"},{"@type":"WebPage","@id":"https:\/\/lightweb.dev\/l\/svm-temp\/nyheter\/gloggparty-pa-svenska-magasinet\/","url":"https:\/\/lightweb.dev\/l\/svm-temp\/nyheter\/gloggparty-pa-svenska-magasinet\/","name":"Gl\u00f6ggparty p\u00e5 Svenska Magasinet - Svenska Magasinet","isPartOf":{"@id":"https:\/\/lightweb.dev\/l\/svm-temp\/#website"},"datePublished":"2007-11-30T23:00:00+00:00","breadcrumb":{"@id":"https:\/\/lightweb.dev\/l\/svm-temp\/nyheter\/gloggparty-pa-svenska-magasinet\/#breadcrumb"},"inLanguage":"sv-SE","potentialAction":[{"@type":"ReadAction","target":["https:\/\/lightweb.dev\/l\/svm-temp\/nyheter\/gloggparty-pa-svenska-magasinet\/"]}]},{"@type":"BreadcrumbList","@id":"https:\/\/lightweb.dev\/l\/svm-temp\/nyheter\/gloggparty-pa-svenska-magasinet\/#breadcrumb","itemListElement":[{"@type":"ListItem","position":1,"name":"Hem","item":"https:\/\/lightweb.dev\/l\/svm-temp\/"},{"@type":"ListItem","position":2,"name":"Gl\u00f6ggparty p\u00e5 Svenska Magasinet"}]},{"@type":"WebSite","@id":"https:\/\/lightweb.dev\/l\/svm-temp\/#website","url":"https:\/\/lightweb.dev\/l\/svm-temp\/","name":"Svenska Magasinet","description":"Dina Spanska nyheter p&aring; Svenska","publisher":{"@id":"https:\/\/lightweb.dev\/l\/svm-temp\/#organization"},"potentialAction":[{"@type":"SearchAction","target":{"@type":"EntryPoint","urlTemplate":"https:\/\/lightweb.dev\/l\/svm-temp\/?s={search_term_string}"},"query-input":{"@type":"PropertyValueSpecification","valueRequired":true,"valueName":"search_term_string"}}],"inLanguage":"sv-SE"},{"@type":"Organization","@id":"https:\/\/lightweb.dev\/l\/svm-temp\/#organization","name":"Melkerson y Nott SL","alternateName":"Svenska Magasinet","url":"https:\/\/lightweb.dev\/l\/svm-temp\/","logo":{"@type":"ImageObject","inLanguage":"sv-SE","@id":"https:\/\/lightweb.dev\/l\/svm-temp\/#\/schema\/logo\/image\/","url":"https:\/\/lightweb.dev\/l\/svm-temp\/wp-content\/uploads\/2025\/02\/SvM-logo-Xtra-Centrerad-SVART.png","contentUrl":"https:\/\/lightweb.dev\/l\/svm-temp\/wp-content\/uploads\/2025\/02\/SvM-logo-Xtra-Centrerad-SVART.png","width":300,"height":99,"caption":"Melkerson y Nott SL"},"image":{"@id":"https:\/\/lightweb.dev\/l\/svm-temp\/#\/schema\/logo\/image\/"},"sameAs":["https:\/\/www.facebook.com\/svenskamagasinet","https:\/\/x.com\/SvenskaMagasine"]},{"@type":"Person","@id":"https:\/\/lightweb.dev\/l\/svm-temp\/#\/schema\/person\/206a3bda5b607b0c25e1749191e4d837","name":"Redaktionen SvM","description":"Redaktionen","sameAs":["https:\/\/lightweb.dev\/l\/svm-temp"],"url":"https:\/\/lightweb.dev\/l\/svm-temp\/reporter\/redaktionen\/"}]}},"_links":{"self":[{"href":"https:\/\/lightweb.dev\/l\/svm-temp\/wp-json\/wp\/v2\/posts\/47942","targetHints":{"allow":["GET"]}}],"collection":[{"href":"https:\/\/lightweb.dev\/l\/svm-temp\/wp-json\/wp\/v2\/posts"}],"about":[{"href":"https:\/\/lightweb.dev\/l\/svm-temp\/wp-json\/wp\/v2\/types\/post"}],"author":[{"embeddable":true,"href":"https:\/\/lightweb.dev\/l\/svm-temp\/wp-json\/wp\/v2\/users\/8"}],"replies":[{"embeddable":true,"href":"https:\/\/lightweb.dev\/l\/svm-temp\/wp-json\/wp\/v2\/comments?post=47942"}],"version-history":[{"count":0,"href":"https:\/\/lightweb.dev\/l\/svm-temp\/wp-json\/wp\/v2\/posts\/47942\/revisions"}],"wp:attachment":[{"href":"https:\/\/lightweb.dev\/l\/svm-temp\/wp-json\/wp\/v2\/media?parent=47942"}],"wp:term":[{"taxonomy":"category","embeddable":true,"href":"https:\/\/lightweb.dev\/l\/svm-temp\/wp-json\/wp\/v2\/categories?post=47942"},{"taxonomy":"post_tag","embeddable":true,"href":"https:\/\/lightweb.dev\/l\/svm-temp\/wp-json\/wp\/v2\/tags?post=47942"}],"curies":[{"name":"wp","href":"https:\/\/api.w.org\/{rel}","templated":true}]}}