{"id":4796,"date":"2016-02-10T00:00:00","date_gmt":"2016-02-09T23:00:00","guid":{"rendered":"https:\/\/lightweb.dev\/l\/svm-temp\/hej-lasare-alderdom-i-solen\/"},"modified":"2022-10-23T11:42:28","modified_gmt":"2022-10-23T09:42:28","slug":"hej-lasare-alderdom-i-solen","status":"publish","type":"post","link":"https:\/\/lightweb.dev\/l\/svm-temp\/artiklar\/hej-lasare-alderdom-i-solen\/","title":{"rendered":"Hej l\u00e4sare: \u00c5lderdom i solen"},"content":{"rendered":"<p>V\u00c5R KRUTGUMMA TILL GRANNE. Det stod klart t\u00e4mligen tidigt efter v\u00e5r inflyttning, att detta var ingen vanlig gammal tant, redan d\u00e5 83 \u00e5r gammal. Av Anders Rosell, chefredakt\u00f6r &amp; formgivare<\/p>\n<p>Hon \u00e4r skotska, \u00e4ger marken i v\u00e5rt omr\u00e5de och har bott h\u00e4r i \u00f6ver 30 \u00e5r. Maken gick bort f\u00f6r ett par \u00e5r sedan och hon har d\u00e4refter bott ensam med sin tv\u00e5 adopterade hundar, Kali och Murphy. Barn och barnbarn finns kvar i Skottland och n\u00e5gra har spritt sig vidare till USA.<\/p>\n<p>Fiona har en spansk hush\u00e5llerska, Lorena, som kommer varje vardag mellan 10 och 15, och en tr\u00e4dg\u00e5rdsm\u00e4stare som regelbundet hj\u00e4lper till med tr\u00e4dg\u00e5rden. Han heter Antonio. Hon k\u00f6r som en biltjuv och r\u00f6ker som en skorsten, men ack s\u00e5 \u201dungdomlig\u201d n\u00e4r hon susar f\u00f6rbi i sin rubinr\u00f6da men \u00e5ldrade Toyota, med ciggen h\u00e4ngandes p\u00e5 l\u00e4ppen, nervevade bilrutor och stora, moderna kolsvarta solbrillor.<\/p>\n<p>Och hon \u00e4r en dam med skinn p\u00e5 n\u00e4san, van att ge order. N\u00e4r vi vistas i hennes och i spanjorers n\u00e4rhet s\u00e5 vill hon kallas Do\u00f1a Fiona. N\u00e5gon g\u00e5ng i m\u00e5naden ordnar hon dinner-parties f\u00f6r sina v\u00e4nner eller s\u00e5 k\u00f6r hon ner till Marbella f\u00f6r att \u00e4ta lunch med v\u00e4ninnorna \u2013 \u00e4ven de b\u00f6rjar komma till \u00e5ren. De senaste tv\u00e5 m\u00e5naderna har l\u00e4get dock f\u00f6r\u00e4ndrats och Fiona har snabbt \u00e5ldrats.<\/p>\n<p>Eftersom v\u00e4nnerna \u00e4r gamla och inte s\u00e5 l\u00e4tt tar sig runt i bil har vi f\u00e5tt rycka in och ta henne till l\u00e4kare i Marbella med j\u00e4mna mellanrum. V\u00e5rden hon har m\u00f6tt d\u00e4r har varit exemplarisk och enligt henne sj\u00e4lv s\u00e5 betala hon ingenting d\u00e5 hon faktiskt har en t\u00e4ckande sjukf\u00f6rs\u00e4kring. Vi har f\u00f6rst\u00e5s varit oroliga f\u00f6r v\u00e5r \u201dgamla krutgumma\u201d ensam i sitt hus, och vi har ocks\u00e5 l\u00e4rt oss att det finns en sl\u00e5ende likhet mellan sm\u00e5l\u00e4nningar och skottar \u2013 de h\u00e5ller i pengarna, p\u00e5 b\u00e5de gott och ont!<\/p>\n<p>Under vintern har Fionas h\u00e4lsa dalat ytterligare, hennes hus har varit s\u00e5 kallt att vi l\u00e5nat ut och placerat flera av v\u00e5ra extra v\u00e4rmeelement hos henne, framf\u00f6r allt i sovrummet som varit som ett kylsk\u00e5p. Eftersom hembitr\u00e4det Lorena inte vet hur man g\u00f6r har vi ocks\u00e5 hj\u00e4lpt att t\u00e4nda eldstaden f\u00f6r att v\u00e4rma upp bostaden, \u00e5tminstone f\u00f6r n\u00e5gra timmar.<\/p>\n<p>Vi har lagat mat som tagits hem till Fiona n\u00e4r hush\u00e5llerskan inte varit i tj\u00e4nst. N\u00e4r hon legat p\u00e5 sjukhuset har vi \u201denligt order\u201d f\u00f6rsett henne med engelska tidningar och choklad, som st\u00e5tt p\u00e5 \u00f6nskelistan. Vi har \u00e4ven h\u00e5llt anh\u00f6riga underr\u00e4ttade om hennes h\u00e4lsotillst\u00e5nd, uppmanat att n\u00e5gon kanske ska ta sig till henne innan det \u00e4r f\u00f6rsent.<\/p>\n<p>Alla vi som mist n\u00e5gon anh\u00f6rig vet hur fort det kan g\u00e5 och hur sk\u00f6rt livet faktiskt \u00e4r. Men inget st\u00f6rre gensvar fr\u00e5n familjen. S\u00e5 tragiskt och ledsamt. Det har f\u00f6rst\u00e5s f\u00e5tt oss att fundera p\u00e5; \u00e4r det s\u00e5 h\u00e4r det \u00e4r att bli gammal i Spanien som utl\u00e4nning och vad finns det f\u00f6r alternativ?<\/p>\n","protected":false},"excerpt":{"rendered":"<p>V\u00c5R KRUTGUMMA TILL GRANNE. Det stod klart t\u00e4mligen tidigt efter v\u00e5r inflyttning, att detta var ingen vanlig gammal tant, redan d\u00e5 83 \u00e5r gammal. Av Anders Rosell, chefredakt\u00f6r &amp; formgivare Hon \u00e4r skotska, \u00e4ger marken i v\u00e5rt omr\u00e5de och har bott h\u00e4r i \u00f6ver 30 \u00e5r. Maken gick bort f\u00f6r ett par \u00e5r sedan och [&hellip;]<\/p>\n","protected":false},"author":8,"featured_media":58572,"comment_status":"open","ping_status":"open","sticky":false,"template":"","format":"standard","meta":{"_et_pb_use_builder":"","_et_pb_old_content":"","_et_gb_content_width":"","footnotes":""},"categories":[4,397],"tags":[],"class_list":["post-4796","post","type-post","status-publish","format-standard","has-post-thumbnail","hentry","category-artiklar","category-ledare"],"yoast_head":"<!-- This site is optimized with the Yoast SEO Premium plugin v26.2 (Yoast SEO v27.4) - https:\/\/yoast.com\/product\/yoast-seo-premium-wordpress\/ -->\n<title>Hej l\u00e4sare: \u00c5lderdom i solen - Svenska Magasinet<\/title>\n<meta name=\"robots\" content=\"noindex, follow, max-snippet:-1, max-image-preview:large, max-video-preview:-1\" \/>\n<meta property=\"og:locale\" content=\"sv_SE\" \/>\n<meta property=\"og:type\" content=\"article\" \/>\n<meta property=\"og:title\" content=\"Hej l\u00e4sare: \u00c5lderdom i solen\" \/>\n<meta property=\"og:description\" content=\"V\u00c5R KRUTGUMMA TILL GRANNE. Det stod klart t\u00e4mligen tidigt efter v\u00e5r inflyttning, att detta var ingen vanlig gammal tant, redan d\u00e5 83 \u00e5r gammal. Av Anders Rosell, chefredakt\u00f6r &amp; formgivare Hon \u00e4r skotska, \u00e4ger marken i v\u00e5rt omr\u00e5de och har bott h\u00e4r i \u00f6ver 30 \u00e5r. Maken gick bort f\u00f6r ett par \u00e5r sedan och [&hellip;]\" \/>\n<meta property=\"og:url\" content=\"https:\/\/lightweb.dev\/l\/svm-temp\/artiklar\/hej-lasare-alderdom-i-solen\/\" \/>\n<meta property=\"og:site_name\" content=\"Svenska Magasinet\" \/>\n<meta property=\"article:publisher\" content=\"https:\/\/www.facebook.com\/svenskamagasinet\" \/>\n<meta property=\"article:published_time\" content=\"2016-02-09T23:00:00+00:00\" \/>\n<meta property=\"article:modified_time\" content=\"2022-10-23T09:42:28+00:00\" \/>\n<meta property=\"og:image\" content=\"https:\/\/lightweb.dev\/l\/svm-temp\/wp-content\/uploads\/2021\/03\/coffee-gd09340dec_1920.jpg\" \/>\n\t<meta property=\"og:image:width\" content=\"1920\" \/>\n\t<meta property=\"og:image:height\" content=\"1280\" \/>\n\t<meta property=\"og:image:type\" content=\"image\/jpeg\" \/>\n<meta name=\"author\" content=\"Redaktionen SvM\" \/>\n<meta name=\"twitter:card\" content=\"summary_large_image\" \/>\n<meta name=\"twitter:creator\" content=\"@SvenskaMagasine\" \/>\n<meta name=\"twitter:site\" content=\"@SvenskaMagasine\" \/>\n<script type=\"application\/ld+json\" class=\"yoast-schema-graph\">{\"@context\":\"https:\\\/\\\/schema.org\",\"@graph\":[{\"@type\":\"Article\",\"@id\":\"https:\\\/\\\/lightweb.dev\\\/l\\\/svm-temp\\\/artiklar\\\/hej-lasare-alderdom-i-solen\\\/#article\",\"isPartOf\":{\"@id\":\"https:\\\/\\\/lightweb.dev\\\/l\\\/svm-temp\\\/artiklar\\\/hej-lasare-alderdom-i-solen\\\/\"},\"author\":{\"name\":\"Redaktionen SvM\",\"@id\":\"https:\\\/\\\/lightweb.dev\\\/l\\\/svm-temp\\\/#\\\/schema\\\/person\\\/206a3bda5b607b0c25e1749191e4d837\"},\"headline\":\"Hej l\u00e4sare: \u00c5lderdom i solen\",\"datePublished\":\"2016-02-09T23:00:00+00:00\",\"dateModified\":\"2022-10-23T09:42:28+00:00\",\"mainEntityOfPage\":{\"@id\":\"https:\\\/\\\/lightweb.dev\\\/l\\\/svm-temp\\\/artiklar\\\/hej-lasare-alderdom-i-solen\\\/\"},\"wordCount\":578,\"commentCount\":0,\"publisher\":{\"@id\":\"https:\\\/\\\/lightweb.dev\\\/l\\\/svm-temp\\\/#organization\"},\"image\":{\"@id\":\"https:\\\/\\\/lightweb.dev\\\/l\\\/svm-temp\\\/artiklar\\\/hej-lasare-alderdom-i-solen\\\/#primaryimage\"},\"thumbnailUrl\":\"https:\\\/\\\/lightweb.dev\\\/l\\\/svm-temp\\\/wp-content\\\/uploads\\\/2021\\\/03\\\/coffee-gd09340dec_1920.jpg\",\"articleSection\":[\"Artiklar\",\"Ledare\"],\"inLanguage\":\"sv-SE\"},{\"@type\":\"WebPage\",\"@id\":\"https:\\\/\\\/lightweb.dev\\\/l\\\/svm-temp\\\/artiklar\\\/hej-lasare-alderdom-i-solen\\\/\",\"url\":\"https:\\\/\\\/lightweb.dev\\\/l\\\/svm-temp\\\/artiklar\\\/hej-lasare-alderdom-i-solen\\\/\",\"name\":\"Hej l\u00e4sare: \u00c5lderdom i solen - Svenska Magasinet\",\"isPartOf\":{\"@id\":\"https:\\\/\\\/lightweb.dev\\\/l\\\/svm-temp\\\/#website\"},\"primaryImageOfPage\":{\"@id\":\"https:\\\/\\\/lightweb.dev\\\/l\\\/svm-temp\\\/artiklar\\\/hej-lasare-alderdom-i-solen\\\/#primaryimage\"},\"image\":{\"@id\":\"https:\\\/\\\/lightweb.dev\\\/l\\\/svm-temp\\\/artiklar\\\/hej-lasare-alderdom-i-solen\\\/#primaryimage\"},\"thumbnailUrl\":\"https:\\\/\\\/lightweb.dev\\\/l\\\/svm-temp\\\/wp-content\\\/uploads\\\/2021\\\/03\\\/coffee-gd09340dec_1920.jpg\",\"datePublished\":\"2016-02-09T23:00:00+00:00\",\"dateModified\":\"2022-10-23T09:42:28+00:00\",\"breadcrumb\":{\"@id\":\"https:\\\/\\\/lightweb.dev\\\/l\\\/svm-temp\\\/artiklar\\\/hej-lasare-alderdom-i-solen\\\/#breadcrumb\"},\"inLanguage\":\"sv-SE\",\"potentialAction\":[{\"@type\":\"ReadAction\",\"target\":[\"https:\\\/\\\/lightweb.dev\\\/l\\\/svm-temp\\\/artiklar\\\/hej-lasare-alderdom-i-solen\\\/\"]}]},{\"@type\":\"ImageObject\",\"inLanguage\":\"sv-SE\",\"@id\":\"https:\\\/\\\/lightweb.dev\\\/l\\\/svm-temp\\\/artiklar\\\/hej-lasare-alderdom-i-solen\\\/#primaryimage\",\"url\":\"https:\\\/\\\/lightweb.dev\\\/l\\\/svm-temp\\\/wp-content\\\/uploads\\\/2021\\\/03\\\/coffee-gd09340dec_1920.jpg\",\"contentUrl\":\"https:\\\/\\\/lightweb.dev\\\/l\\\/svm-temp\\\/wp-content\\\/uploads\\\/2021\\\/03\\\/coffee-gd09340dec_1920.jpg\",\"width\":1920,\"height\":1280},{\"@type\":\"BreadcrumbList\",\"@id\":\"https:\\\/\\\/lightweb.dev\\\/l\\\/svm-temp\\\/artiklar\\\/hej-lasare-alderdom-i-solen\\\/#breadcrumb\",\"itemListElement\":[{\"@type\":\"ListItem\",\"position\":1,\"name\":\"Hem\",\"item\":\"https:\\\/\\\/lightweb.dev\\\/l\\\/svm-temp\\\/\"},{\"@type\":\"ListItem\",\"position\":2,\"name\":\"Hej l\u00e4sare: \u00c5lderdom i solen\"}]},{\"@type\":\"WebSite\",\"@id\":\"https:\\\/\\\/lightweb.dev\\\/l\\\/svm-temp\\\/#website\",\"url\":\"https:\\\/\\\/lightweb.dev\\\/l\\\/svm-temp\\\/\",\"name\":\"Svenska Magasinet\",\"description\":\"Dina Spanska nyheter p&aring; Svenska\",\"publisher\":{\"@id\":\"https:\\\/\\\/lightweb.dev\\\/l\\\/svm-temp\\\/#organization\"},\"potentialAction\":[{\"@type\":\"SearchAction\",\"target\":{\"@type\":\"EntryPoint\",\"urlTemplate\":\"https:\\\/\\\/lightweb.dev\\\/l\\\/svm-temp\\\/?s={search_term_string}\"},\"query-input\":{\"@type\":\"PropertyValueSpecification\",\"valueRequired\":true,\"valueName\":\"search_term_string\"}}],\"inLanguage\":\"sv-SE\"},{\"@type\":\"Organization\",\"@id\":\"https:\\\/\\\/lightweb.dev\\\/l\\\/svm-temp\\\/#organization\",\"name\":\"Melkerson y Nott SL\",\"alternateName\":\"Svenska Magasinet\",\"url\":\"https:\\\/\\\/lightweb.dev\\\/l\\\/svm-temp\\\/\",\"logo\":{\"@type\":\"ImageObject\",\"inLanguage\":\"sv-SE\",\"@id\":\"https:\\\/\\\/lightweb.dev\\\/l\\\/svm-temp\\\/#\\\/schema\\\/logo\\\/image\\\/\",\"url\":\"https:\\\/\\\/lightweb.dev\\\/l\\\/svm-temp\\\/wp-content\\\/uploads\\\/2025\\\/02\\\/SvM-logo-Xtra-Centrerad-SVART.png\",\"contentUrl\":\"https:\\\/\\\/lightweb.dev\\\/l\\\/svm-temp\\\/wp-content\\\/uploads\\\/2025\\\/02\\\/SvM-logo-Xtra-Centrerad-SVART.png\",\"width\":300,\"height\":99,\"caption\":\"Melkerson y Nott SL\"},\"image\":{\"@id\":\"https:\\\/\\\/lightweb.dev\\\/l\\\/svm-temp\\\/#\\\/schema\\\/logo\\\/image\\\/\"},\"sameAs\":[\"https:\\\/\\\/www.facebook.com\\\/svenskamagasinet\",\"https:\\\/\\\/x.com\\\/SvenskaMagasine\"]},{\"@type\":\"Person\",\"@id\":\"https:\\\/\\\/lightweb.dev\\\/l\\\/svm-temp\\\/#\\\/schema\\\/person\\\/206a3bda5b607b0c25e1749191e4d837\",\"name\":\"Redaktionen SvM\",\"description\":\"Redaktionen\",\"sameAs\":[\"https:\\\/\\\/lightweb.dev\\\/l\\\/svm-temp\"],\"url\":\"https:\\\/\\\/lightweb.dev\\\/l\\\/svm-temp\\\/reporter\\\/redaktionen\\\/\"}]}<\/script>\n<!-- \/ Yoast SEO Premium plugin. -->","yoast_head_json":{"title":"Hej l\u00e4sare: \u00c5lderdom i solen - Svenska Magasinet","robots":{"index":"noindex","follow":"follow","max-snippet":"max-snippet:-1","max-image-preview":"max-image-preview:large","max-video-preview":"max-video-preview:-1"},"og_locale":"sv_SE","og_type":"article","og_title":"Hej l\u00e4sare: \u00c5lderdom i solen","og_description":"V\u00c5R KRUTGUMMA TILL GRANNE. Det stod klart t\u00e4mligen tidigt efter v\u00e5r inflyttning, att detta var ingen vanlig gammal tant, redan d\u00e5 83 \u00e5r gammal. Av Anders Rosell, chefredakt\u00f6r &amp; formgivare Hon \u00e4r skotska, \u00e4ger marken i v\u00e5rt omr\u00e5de och har bott h\u00e4r i \u00f6ver 30 \u00e5r. Maken gick bort f\u00f6r ett par \u00e5r sedan och [&hellip;]","og_url":"https:\/\/lightweb.dev\/l\/svm-temp\/artiklar\/hej-lasare-alderdom-i-solen\/","og_site_name":"Svenska Magasinet","article_publisher":"https:\/\/www.facebook.com\/svenskamagasinet","article_published_time":"2016-02-09T23:00:00+00:00","article_modified_time":"2022-10-23T09:42:28+00:00","og_image":[{"width":1920,"height":1280,"url":"https:\/\/lightweb.dev\/l\/svm-temp\/wp-content\/uploads\/2021\/03\/coffee-gd09340dec_1920.jpg","type":"image\/jpeg"}],"author":"Redaktionen SvM","twitter_card":"summary_large_image","twitter_creator":"@SvenskaMagasine","twitter_site":"@SvenskaMagasine","schema":{"@context":"https:\/\/schema.org","@graph":[{"@type":"Article","@id":"https:\/\/lightweb.dev\/l\/svm-temp\/artiklar\/hej-lasare-alderdom-i-solen\/#article","isPartOf":{"@id":"https:\/\/lightweb.dev\/l\/svm-temp\/artiklar\/hej-lasare-alderdom-i-solen\/"},"author":{"name":"Redaktionen SvM","@id":"https:\/\/lightweb.dev\/l\/svm-temp\/#\/schema\/person\/206a3bda5b607b0c25e1749191e4d837"},"headline":"Hej l\u00e4sare: \u00c5lderdom i solen","datePublished":"2016-02-09T23:00:00+00:00","dateModified":"2022-10-23T09:42:28+00:00","mainEntityOfPage":{"@id":"https:\/\/lightweb.dev\/l\/svm-temp\/artiklar\/hej-lasare-alderdom-i-solen\/"},"wordCount":578,"commentCount":0,"publisher":{"@id":"https:\/\/lightweb.dev\/l\/svm-temp\/#organization"},"image":{"@id":"https:\/\/lightweb.dev\/l\/svm-temp\/artiklar\/hej-lasare-alderdom-i-solen\/#primaryimage"},"thumbnailUrl":"https:\/\/lightweb.dev\/l\/svm-temp\/wp-content\/uploads\/2021\/03\/coffee-gd09340dec_1920.jpg","articleSection":["Artiklar","Ledare"],"inLanguage":"sv-SE"},{"@type":"WebPage","@id":"https:\/\/lightweb.dev\/l\/svm-temp\/artiklar\/hej-lasare-alderdom-i-solen\/","url":"https:\/\/lightweb.dev\/l\/svm-temp\/artiklar\/hej-lasare-alderdom-i-solen\/","name":"Hej l\u00e4sare: \u00c5lderdom i solen - Svenska Magasinet","isPartOf":{"@id":"https:\/\/lightweb.dev\/l\/svm-temp\/#website"},"primaryImageOfPage":{"@id":"https:\/\/lightweb.dev\/l\/svm-temp\/artiklar\/hej-lasare-alderdom-i-solen\/#primaryimage"},"image":{"@id":"https:\/\/lightweb.dev\/l\/svm-temp\/artiklar\/hej-lasare-alderdom-i-solen\/#primaryimage"},"thumbnailUrl":"https:\/\/lightweb.dev\/l\/svm-temp\/wp-content\/uploads\/2021\/03\/coffee-gd09340dec_1920.jpg","datePublished":"2016-02-09T23:00:00+00:00","dateModified":"2022-10-23T09:42:28+00:00","breadcrumb":{"@id":"https:\/\/lightweb.dev\/l\/svm-temp\/artiklar\/hej-lasare-alderdom-i-solen\/#breadcrumb"},"inLanguage":"sv-SE","potentialAction":[{"@type":"ReadAction","target":["https:\/\/lightweb.dev\/l\/svm-temp\/artiklar\/hej-lasare-alderdom-i-solen\/"]}]},{"@type":"ImageObject","inLanguage":"sv-SE","@id":"https:\/\/lightweb.dev\/l\/svm-temp\/artiklar\/hej-lasare-alderdom-i-solen\/#primaryimage","url":"https:\/\/lightweb.dev\/l\/svm-temp\/wp-content\/uploads\/2021\/03\/coffee-gd09340dec_1920.jpg","contentUrl":"https:\/\/lightweb.dev\/l\/svm-temp\/wp-content\/uploads\/2021\/03\/coffee-gd09340dec_1920.jpg","width":1920,"height":1280},{"@type":"BreadcrumbList","@id":"https:\/\/lightweb.dev\/l\/svm-temp\/artiklar\/hej-lasare-alderdom-i-solen\/#breadcrumb","itemListElement":[{"@type":"ListItem","position":1,"name":"Hem","item":"https:\/\/lightweb.dev\/l\/svm-temp\/"},{"@type":"ListItem","position":2,"name":"Hej l\u00e4sare: \u00c5lderdom i solen"}]},{"@type":"WebSite","@id":"https:\/\/lightweb.dev\/l\/svm-temp\/#website","url":"https:\/\/lightweb.dev\/l\/svm-temp\/","name":"Svenska Magasinet","description":"Dina Spanska nyheter p&aring; Svenska","publisher":{"@id":"https:\/\/lightweb.dev\/l\/svm-temp\/#organization"},"potentialAction":[{"@type":"SearchAction","target":{"@type":"EntryPoint","urlTemplate":"https:\/\/lightweb.dev\/l\/svm-temp\/?s={search_term_string}"},"query-input":{"@type":"PropertyValueSpecification","valueRequired":true,"valueName":"search_term_string"}}],"inLanguage":"sv-SE"},{"@type":"Organization","@id":"https:\/\/lightweb.dev\/l\/svm-temp\/#organization","name":"Melkerson y Nott SL","alternateName":"Svenska Magasinet","url":"https:\/\/lightweb.dev\/l\/svm-temp\/","logo":{"@type":"ImageObject","inLanguage":"sv-SE","@id":"https:\/\/lightweb.dev\/l\/svm-temp\/#\/schema\/logo\/image\/","url":"https:\/\/lightweb.dev\/l\/svm-temp\/wp-content\/uploads\/2025\/02\/SvM-logo-Xtra-Centrerad-SVART.png","contentUrl":"https:\/\/lightweb.dev\/l\/svm-temp\/wp-content\/uploads\/2025\/02\/SvM-logo-Xtra-Centrerad-SVART.png","width":300,"height":99,"caption":"Melkerson y Nott SL"},"image":{"@id":"https:\/\/lightweb.dev\/l\/svm-temp\/#\/schema\/logo\/image\/"},"sameAs":["https:\/\/www.facebook.com\/svenskamagasinet","https:\/\/x.com\/SvenskaMagasine"]},{"@type":"Person","@id":"https:\/\/lightweb.dev\/l\/svm-temp\/#\/schema\/person\/206a3bda5b607b0c25e1749191e4d837","name":"Redaktionen SvM","description":"Redaktionen","sameAs":["https:\/\/lightweb.dev\/l\/svm-temp"],"url":"https:\/\/lightweb.dev\/l\/svm-temp\/reporter\/redaktionen\/"}]}},"_links":{"self":[{"href":"https:\/\/lightweb.dev\/l\/svm-temp\/wp-json\/wp\/v2\/posts\/4796","targetHints":{"allow":["GET"]}}],"collection":[{"href":"https:\/\/lightweb.dev\/l\/svm-temp\/wp-json\/wp\/v2\/posts"}],"about":[{"href":"https:\/\/lightweb.dev\/l\/svm-temp\/wp-json\/wp\/v2\/types\/post"}],"author":[{"embeddable":true,"href":"https:\/\/lightweb.dev\/l\/svm-temp\/wp-json\/wp\/v2\/users\/8"}],"replies":[{"embeddable":true,"href":"https:\/\/lightweb.dev\/l\/svm-temp\/wp-json\/wp\/v2\/comments?post=4796"}],"version-history":[{"count":0,"href":"https:\/\/lightweb.dev\/l\/svm-temp\/wp-json\/wp\/v2\/posts\/4796\/revisions"}],"wp:featuredmedia":[{"embeddable":true,"href":"https:\/\/lightweb.dev\/l\/svm-temp\/wp-json\/wp\/v2\/media\/58572"}],"wp:attachment":[{"href":"https:\/\/lightweb.dev\/l\/svm-temp\/wp-json\/wp\/v2\/media?parent=4796"}],"wp:term":[{"taxonomy":"category","embeddable":true,"href":"https:\/\/lightweb.dev\/l\/svm-temp\/wp-json\/wp\/v2\/categories?post=4796"},{"taxonomy":"post_tag","embeddable":true,"href":"https:\/\/lightweb.dev\/l\/svm-temp\/wp-json\/wp\/v2\/tags?post=4796"}],"curies":[{"name":"wp","href":"https:\/\/api.w.org\/{rel}","templated":true}]}}