{"id":4805,"date":"2016-02-10T00:00:00","date_gmt":"2016-02-09T23:00:00","guid":{"rendered":"https:\/\/lightweb.dev\/l\/svm-temp\/i-lost-my-heart-in\/"},"modified":"2016-02-10T00:00:00","modified_gmt":"2016-02-09T23:00:00","slug":"i-lost-my-heart-in","status":"publish","type":"post","link":"https:\/\/lightweb.dev\/l\/svm-temp\/artiklar\/i-lost-my-heart-in\/","title":{"rendered":"I lost my heart in&#8230;"},"content":{"rendered":"<p> F\u00f6rsta g\u00e5ngen Elisabeth, Ulla och jag i sakta mak kom in i Baeza med bilen f\u00f6r att kolla upp staden och se om det var n\u00e5got f\u00f6r v\u00e5ra kommande resor, var det f\u00f6rsta vi s\u00e5g det gamla Plaza del P\u00f3pule med sin springbrunn och den romerska triumfb\u00e5gen, sa vi enh\u00e4lligt: waaaaow h\u00e4r m\u00e5ste vi stanna. Av Frida Hansson<br \/>\ne-post: farida392@hotmail.com<\/p>\n<p>Jag har nu gjort tre bes\u00f6k i denna stad och kan inte f\u00f6rst\u00e5 vad det \u00e4r med Baeza som f\u00e5r mitt hj\u00e4rta att flimra och framkalla en underbar sk\u00f6n k\u00e4nsla i b\u00e5de kropp och sj\u00e4l.<br \/>\nJag k\u00e4nner mig bara s\u00e5 hemma i denna lilla stad som funnits sedan romarrikets tid och kan bara beundra alla byggnader som str\u00e4cker sig \u00f6ver en tidsperiod av flera \u00e5rhundraden och njuta av atmosf\u00e4ren.<\/p>\n<p>Runt det st\u00f6rre Plaza de la Constituci\u00f3n, bara 50 meter l\u00e4ngre bort, st\u00e5r de gamla sm\u00e5 pittoreska husen t\u00e4tt inp\u00e5 varandra och att vandra runt i arkaden under dessa och bes\u00f6ka sm\u00e5 h\u00e4rliga barer och sm\u00e5 butiker \u00e4r ett n\u00f6je, s\u00e4ger jag som inte gillar att g\u00e5 i aff\u00e4rer. Jag har ju best\u00e4mt mig redan f\u00f6r flera \u00e5r sedan att endast handla det jag beh\u00f6ver och inte vad som tilltalar mina \u00f6gon. Men den lilla baren p\u00e5 h\u00f6rnet m\u00e5ste jag bara bes\u00f6ka d\u00e5 den inbjuder till m\u00e5nga leenden d\u00e5 servit\u00f6ren springer ut genom d\u00f6rren i baren, tar n\u00e5gra steg p\u00e5 trottoaren och in genom n\u00e4sta d\u00f6rr d\u00e4r han serverar sina g\u00e4ster.<\/p>\n<p>Detta har framkallat m\u00e5nga skratt och leenden b\u00e5de hos mig och andra g\u00e4ster och f\u00f6r att inte tala om inredningen med sina h\u00f6ga barstolar och speciella lampor i taket, det ger rena rama nostalgiska k\u00e4nslor inom mig och s\u00e4kert m\u00e5nga fler d\u00e5 baren alltid \u00e4r full av g\u00e4ster.<\/p>\n<p>Under mina vistelser h\u00e4r i Andalusien har jag aldrig r\u00e5kat ut f\u00f6r n\u00e5gon surkart, m\u00e4nniskorna \u00e4r s\u00e5 v\u00e4nliga och hj\u00e4lpsamma i alla l\u00e4gen. Om det beror p\u00e5 mig sj\u00e4lv eller inte vet jag inte, men jag \u00e4r ju inte r\u00e4dd f\u00f6r att g\u00f6ra bort mig inf\u00f6r andra m\u00e4nniskor och kan skratta \u00e5t mina tabbar. Kanske \u00e4r det d\u00e4rf\u00f6r att de skrattar med mig och inte \u00e5t mig och inte rycker p\u00e5 axlarna n\u00e4r spr\u00e5ksv\u00e5righeterna hopar sig.<\/p>\n<p>Visst har n\u00e5gra ord och rentav fraser p\u00e5 spanska fastnat i mitt minne, men n\u00e5got jag ofta anv\u00e4nder \u00e4r kroppsspr\u00e5k och mimande. Hade n\u00e5gon filmskapare sett mig hade jag nog f\u00e5tt erbjudande att vara med i en komedi. F\u00f6rra \u00e5ret hade jag problem d\u00e5 det droppade vatten ner \u00f6ver min toalett, var g\u00e5ng grannen \u00f6ver mig spolade sin toalett. Detta m\u00e5ste jag ju anm\u00e4la till min v\u00e4rdinna som inte kan ett ord engelska.<\/p>\n<p>Hur g\u00f6ra? Jo jag spelade upp en scen d\u00e4r jag visade hur jag satt p\u00e5 toan och spolade efter mig.. Detta f\u00f6rstod hon varp\u00e5 jag fortsatte scenen med att visa hur jag sp\u00e4nde upp ett osynligt paraply \u00f6ver mitt huvud och hur det dripp droppade ner p\u00e5 mig. Hon f\u00f6rstod budskapet \u2026 det var min spanska och den fungerar v\u00e4ldigt bra i vissa situationer.<\/p>\n<p>Tillbaka till Baeza d\u00e4r jag inte kan f\u00f6rklara varf\u00f6r jag f\u00e5r s\u00e5 sk\u00f6na k\u00e4nslor inom mig. En vacker dag f\u00f6rst\u00e5r jag nog varf\u00f6r den p\u00e5verkar mig s\u00e5 positivt och den dagen ser jag fram emot, jag vet ju att jag kommer till Baeza fler g\u00e5nger. En stad som ocks\u00e5 p\u00e5verkar mig positiv \u00e4r C\u00f3rdoba, en vacker dag \u00e5ker jag nog dit bara f\u00f6r att sitta i lugn och ro p\u00e5 Katedralen\/Mosk\u00e9ns innerg\u00e5rd och bara njuta av atmosf\u00e4ren och riktigt ta mig tid att studera alla byggnaderna b\u00e5de innanf\u00f6r och utanp\u00e5. Mosk\u00e9n med sina 856 polkagrisrandiga moriska kolumner av jaspis, onyx, marmor och granit \u00e4r verkligen n\u00e5got att njuta av.<\/p>\n<p>Mitt intresse f\u00f6r Andalusien och dess moriska historia v\u00e4cktes f\u00f6r 3 \u00e5r sedan d\u00e5 jag s\u00e5g statyn av Abd ar-Rahman I h\u00e4r i Almu\u00f1\u00e9car, jag blev nyfiken att veta mer om honom och ju mer jag l\u00e4ste om honom dess mer blev f\u00f6ljdfr\u00e5gorna och min nyfikenhet. Sedan dess har jag l\u00e4st mycket om Andalusiens historia och det hj\u00e4lper oss att leta upp sp\u00e4nnande historiska resor till platser som \u00e4nnu inte \u00e4r uppt\u00e4ckta av turister.<\/p>\n<p>Som v\u00e5r chauff\u00f6r Manuel brukar s\u00e4ga: N\u00e4 jag k\u00f6r era resor \u00e4r jag turist i mitt eget land.<\/p>\n","protected":false},"excerpt":{"rendered":"<p>F\u00f6rsta g\u00e5ngen Elisabeth, Ulla och jag i sakta mak kom in i Baeza med bilen f\u00f6r att kolla upp staden och se om det var n\u00e5got f\u00f6r v\u00e5ra kommande resor, var det f\u00f6rsta vi s\u00e5g det gamla Plaza del P\u00f3pule med sin springbrunn och den romerska triumfb\u00e5gen, sa vi enh\u00e4lligt: waaaaow h\u00e4r m\u00e5ste vi stanna. [&hellip;]<\/p>\n","protected":false},"author":8,"featured_media":4806,"comment_status":"open","ping_status":"open","sticky":false,"template":"","format":"standard","meta":{"_et_pb_use_builder":"","_et_pb_old_content":"","_et_gb_content_width":"","footnotes":""},"categories":[396,4],"tags":[],"class_list":["post-4805","post","type-post","status-publish","format-standard","has-post-thumbnail","hentry","category-arkiv-artiklar","category-artiklar"],"yoast_head":"<!-- This site is optimized with the Yoast SEO Premium plugin v26.2 (Yoast SEO v27.4) - https:\/\/yoast.com\/product\/yoast-seo-premium-wordpress\/ -->\n<title>I lost my heart in... - Svenska Magasinet<\/title>\n<meta name=\"robots\" content=\"noindex, follow, max-snippet:-1, max-image-preview:large, max-video-preview:-1\" \/>\n<meta property=\"og:locale\" content=\"sv_SE\" \/>\n<meta property=\"og:type\" content=\"article\" \/>\n<meta property=\"og:title\" content=\"I lost my heart in...\" \/>\n<meta property=\"og:description\" content=\"F\u00f6rsta g\u00e5ngen Elisabeth, Ulla och jag i sakta mak kom in i Baeza med bilen f\u00f6r att kolla upp staden och se om det var n\u00e5got f\u00f6r v\u00e5ra kommande resor, var det f\u00f6rsta vi s\u00e5g det gamla Plaza del P\u00f3pule med sin springbrunn och den romerska triumfb\u00e5gen, sa vi enh\u00e4lligt: waaaaow h\u00e4r m\u00e5ste vi stanna. [&hellip;]\" \/>\n<meta property=\"og:url\" content=\"https:\/\/lightweb.dev\/l\/svm-temp\/artiklar\/i-lost-my-heart-in\/\" \/>\n<meta property=\"og:site_name\" content=\"Svenska Magasinet\" \/>\n<meta property=\"article:publisher\" content=\"https:\/\/www.facebook.com\/svenskamagasinet\" \/>\n<meta property=\"article:published_time\" content=\"2016-02-09T23:00:00+00:00\" \/>\n<meta property=\"og:image\" content=\"https:\/\/lightweb.dev\/l\/svm-temp\/wp-content\/uploads\/2022\/04\/i-lost-my-heart-in.png\" \/>\n\t<meta property=\"og:image:width\" content=\"280\" \/>\n\t<meta property=\"og:image:height\" content=\"356\" \/>\n\t<meta property=\"og:image:type\" content=\"image\/png\" \/>\n<meta name=\"author\" content=\"Redaktionen SvM\" \/>\n<meta name=\"twitter:card\" content=\"summary_large_image\" \/>\n<meta name=\"twitter:creator\" content=\"@SvenskaMagasine\" \/>\n<meta name=\"twitter:site\" content=\"@SvenskaMagasine\" \/>\n<script type=\"application\/ld+json\" class=\"yoast-schema-graph\">{\"@context\":\"https:\\\/\\\/schema.org\",\"@graph\":[{\"@type\":\"Article\",\"@id\":\"https:\\\/\\\/lightweb.dev\\\/l\\\/svm-temp\\\/artiklar\\\/i-lost-my-heart-in\\\/#article\",\"isPartOf\":{\"@id\":\"https:\\\/\\\/lightweb.dev\\\/l\\\/svm-temp\\\/artiklar\\\/i-lost-my-heart-in\\\/\"},\"author\":{\"name\":\"Redaktionen SvM\",\"@id\":\"https:\\\/\\\/lightweb.dev\\\/l\\\/svm-temp\\\/#\\\/schema\\\/person\\\/206a3bda5b607b0c25e1749191e4d837\"},\"headline\":\"I lost my heart in&#8230;\",\"datePublished\":\"2016-02-09T23:00:00+00:00\",\"mainEntityOfPage\":{\"@id\":\"https:\\\/\\\/lightweb.dev\\\/l\\\/svm-temp\\\/artiklar\\\/i-lost-my-heart-in\\\/\"},\"wordCount\":837,\"commentCount\":0,\"publisher\":{\"@id\":\"https:\\\/\\\/lightweb.dev\\\/l\\\/svm-temp\\\/#organization\"},\"image\":{\"@id\":\"https:\\\/\\\/lightweb.dev\\\/l\\\/svm-temp\\\/artiklar\\\/i-lost-my-heart-in\\\/#primaryimage\"},\"thumbnailUrl\":\"https:\\\/\\\/lightweb.dev\\\/l\\\/svm-temp\\\/wp-content\\\/uploads\\\/2022\\\/04\\\/i-lost-my-heart-in.png\",\"articleSection\":[\"Arkiv\",\"Artiklar\"],\"inLanguage\":\"sv-SE\"},{\"@type\":\"WebPage\",\"@id\":\"https:\\\/\\\/lightweb.dev\\\/l\\\/svm-temp\\\/artiklar\\\/i-lost-my-heart-in\\\/\",\"url\":\"https:\\\/\\\/lightweb.dev\\\/l\\\/svm-temp\\\/artiklar\\\/i-lost-my-heart-in\\\/\",\"name\":\"I lost my heart in... - Svenska Magasinet\",\"isPartOf\":{\"@id\":\"https:\\\/\\\/lightweb.dev\\\/l\\\/svm-temp\\\/#website\"},\"primaryImageOfPage\":{\"@id\":\"https:\\\/\\\/lightweb.dev\\\/l\\\/svm-temp\\\/artiklar\\\/i-lost-my-heart-in\\\/#primaryimage\"},\"image\":{\"@id\":\"https:\\\/\\\/lightweb.dev\\\/l\\\/svm-temp\\\/artiklar\\\/i-lost-my-heart-in\\\/#primaryimage\"},\"thumbnailUrl\":\"https:\\\/\\\/lightweb.dev\\\/l\\\/svm-temp\\\/wp-content\\\/uploads\\\/2022\\\/04\\\/i-lost-my-heart-in.png\",\"datePublished\":\"2016-02-09T23:00:00+00:00\",\"breadcrumb\":{\"@id\":\"https:\\\/\\\/lightweb.dev\\\/l\\\/svm-temp\\\/artiklar\\\/i-lost-my-heart-in\\\/#breadcrumb\"},\"inLanguage\":\"sv-SE\",\"potentialAction\":[{\"@type\":\"ReadAction\",\"target\":[\"https:\\\/\\\/lightweb.dev\\\/l\\\/svm-temp\\\/artiklar\\\/i-lost-my-heart-in\\\/\"]}]},{\"@type\":\"ImageObject\",\"inLanguage\":\"sv-SE\",\"@id\":\"https:\\\/\\\/lightweb.dev\\\/l\\\/svm-temp\\\/artiklar\\\/i-lost-my-heart-in\\\/#primaryimage\",\"url\":\"https:\\\/\\\/lightweb.dev\\\/l\\\/svm-temp\\\/wp-content\\\/uploads\\\/2022\\\/04\\\/i-lost-my-heart-in.png\",\"contentUrl\":\"https:\\\/\\\/lightweb.dev\\\/l\\\/svm-temp\\\/wp-content\\\/uploads\\\/2022\\\/04\\\/i-lost-my-heart-in.png\",\"width\":280,\"height\":356},{\"@type\":\"BreadcrumbList\",\"@id\":\"https:\\\/\\\/lightweb.dev\\\/l\\\/svm-temp\\\/artiklar\\\/i-lost-my-heart-in\\\/#breadcrumb\",\"itemListElement\":[{\"@type\":\"ListItem\",\"position\":1,\"name\":\"Hem\",\"item\":\"https:\\\/\\\/lightweb.dev\\\/l\\\/svm-temp\\\/\"},{\"@type\":\"ListItem\",\"position\":2,\"name\":\"I lost my heart in&#8230;\"}]},{\"@type\":\"WebSite\",\"@id\":\"https:\\\/\\\/lightweb.dev\\\/l\\\/svm-temp\\\/#website\",\"url\":\"https:\\\/\\\/lightweb.dev\\\/l\\\/svm-temp\\\/\",\"name\":\"Svenska Magasinet\",\"description\":\"Dina Spanska nyheter p&aring; Svenska\",\"publisher\":{\"@id\":\"https:\\\/\\\/lightweb.dev\\\/l\\\/svm-temp\\\/#organization\"},\"potentialAction\":[{\"@type\":\"SearchAction\",\"target\":{\"@type\":\"EntryPoint\",\"urlTemplate\":\"https:\\\/\\\/lightweb.dev\\\/l\\\/svm-temp\\\/?s={search_term_string}\"},\"query-input\":{\"@type\":\"PropertyValueSpecification\",\"valueRequired\":true,\"valueName\":\"search_term_string\"}}],\"inLanguage\":\"sv-SE\"},{\"@type\":\"Organization\",\"@id\":\"https:\\\/\\\/lightweb.dev\\\/l\\\/svm-temp\\\/#organization\",\"name\":\"Melkerson y Nott SL\",\"alternateName\":\"Svenska Magasinet\",\"url\":\"https:\\\/\\\/lightweb.dev\\\/l\\\/svm-temp\\\/\",\"logo\":{\"@type\":\"ImageObject\",\"inLanguage\":\"sv-SE\",\"@id\":\"https:\\\/\\\/lightweb.dev\\\/l\\\/svm-temp\\\/#\\\/schema\\\/logo\\\/image\\\/\",\"url\":\"https:\\\/\\\/lightweb.dev\\\/l\\\/svm-temp\\\/wp-content\\\/uploads\\\/2025\\\/02\\\/SvM-logo-Xtra-Centrerad-SVART.png\",\"contentUrl\":\"https:\\\/\\\/lightweb.dev\\\/l\\\/svm-temp\\\/wp-content\\\/uploads\\\/2025\\\/02\\\/SvM-logo-Xtra-Centrerad-SVART.png\",\"width\":300,\"height\":99,\"caption\":\"Melkerson y Nott SL\"},\"image\":{\"@id\":\"https:\\\/\\\/lightweb.dev\\\/l\\\/svm-temp\\\/#\\\/schema\\\/logo\\\/image\\\/\"},\"sameAs\":[\"https:\\\/\\\/www.facebook.com\\\/svenskamagasinet\",\"https:\\\/\\\/x.com\\\/SvenskaMagasine\"]},{\"@type\":\"Person\",\"@id\":\"https:\\\/\\\/lightweb.dev\\\/l\\\/svm-temp\\\/#\\\/schema\\\/person\\\/206a3bda5b607b0c25e1749191e4d837\",\"name\":\"Redaktionen SvM\",\"description\":\"Redaktionen\",\"sameAs\":[\"https:\\\/\\\/lightweb.dev\\\/l\\\/svm-temp\"],\"url\":\"https:\\\/\\\/lightweb.dev\\\/l\\\/svm-temp\\\/reporter\\\/redaktionen\\\/\"}]}<\/script>\n<!-- \/ Yoast SEO Premium plugin. -->","yoast_head_json":{"title":"I lost my heart in... - Svenska Magasinet","robots":{"index":"noindex","follow":"follow","max-snippet":"max-snippet:-1","max-image-preview":"max-image-preview:large","max-video-preview":"max-video-preview:-1"},"og_locale":"sv_SE","og_type":"article","og_title":"I lost my heart in...","og_description":"F\u00f6rsta g\u00e5ngen Elisabeth, Ulla och jag i sakta mak kom in i Baeza med bilen f\u00f6r att kolla upp staden och se om det var n\u00e5got f\u00f6r v\u00e5ra kommande resor, var det f\u00f6rsta vi s\u00e5g det gamla Plaza del P\u00f3pule med sin springbrunn och den romerska triumfb\u00e5gen, sa vi enh\u00e4lligt: waaaaow h\u00e4r m\u00e5ste vi stanna. [&hellip;]","og_url":"https:\/\/lightweb.dev\/l\/svm-temp\/artiklar\/i-lost-my-heart-in\/","og_site_name":"Svenska Magasinet","article_publisher":"https:\/\/www.facebook.com\/svenskamagasinet","article_published_time":"2016-02-09T23:00:00+00:00","og_image":[{"width":280,"height":356,"url":"https:\/\/lightweb.dev\/l\/svm-temp\/wp-content\/uploads\/2022\/04\/i-lost-my-heart-in.png","type":"image\/png"}],"author":"Redaktionen SvM","twitter_card":"summary_large_image","twitter_creator":"@SvenskaMagasine","twitter_site":"@SvenskaMagasine","schema":{"@context":"https:\/\/schema.org","@graph":[{"@type":"Article","@id":"https:\/\/lightweb.dev\/l\/svm-temp\/artiklar\/i-lost-my-heart-in\/#article","isPartOf":{"@id":"https:\/\/lightweb.dev\/l\/svm-temp\/artiklar\/i-lost-my-heart-in\/"},"author":{"name":"Redaktionen SvM","@id":"https:\/\/lightweb.dev\/l\/svm-temp\/#\/schema\/person\/206a3bda5b607b0c25e1749191e4d837"},"headline":"I lost my heart in&#8230;","datePublished":"2016-02-09T23:00:00+00:00","mainEntityOfPage":{"@id":"https:\/\/lightweb.dev\/l\/svm-temp\/artiklar\/i-lost-my-heart-in\/"},"wordCount":837,"commentCount":0,"publisher":{"@id":"https:\/\/lightweb.dev\/l\/svm-temp\/#organization"},"image":{"@id":"https:\/\/lightweb.dev\/l\/svm-temp\/artiklar\/i-lost-my-heart-in\/#primaryimage"},"thumbnailUrl":"https:\/\/lightweb.dev\/l\/svm-temp\/wp-content\/uploads\/2022\/04\/i-lost-my-heart-in.png","articleSection":["Arkiv","Artiklar"],"inLanguage":"sv-SE"},{"@type":"WebPage","@id":"https:\/\/lightweb.dev\/l\/svm-temp\/artiklar\/i-lost-my-heart-in\/","url":"https:\/\/lightweb.dev\/l\/svm-temp\/artiklar\/i-lost-my-heart-in\/","name":"I lost my heart in... - Svenska Magasinet","isPartOf":{"@id":"https:\/\/lightweb.dev\/l\/svm-temp\/#website"},"primaryImageOfPage":{"@id":"https:\/\/lightweb.dev\/l\/svm-temp\/artiklar\/i-lost-my-heart-in\/#primaryimage"},"image":{"@id":"https:\/\/lightweb.dev\/l\/svm-temp\/artiklar\/i-lost-my-heart-in\/#primaryimage"},"thumbnailUrl":"https:\/\/lightweb.dev\/l\/svm-temp\/wp-content\/uploads\/2022\/04\/i-lost-my-heart-in.png","datePublished":"2016-02-09T23:00:00+00:00","breadcrumb":{"@id":"https:\/\/lightweb.dev\/l\/svm-temp\/artiklar\/i-lost-my-heart-in\/#breadcrumb"},"inLanguage":"sv-SE","potentialAction":[{"@type":"ReadAction","target":["https:\/\/lightweb.dev\/l\/svm-temp\/artiklar\/i-lost-my-heart-in\/"]}]},{"@type":"ImageObject","inLanguage":"sv-SE","@id":"https:\/\/lightweb.dev\/l\/svm-temp\/artiklar\/i-lost-my-heart-in\/#primaryimage","url":"https:\/\/lightweb.dev\/l\/svm-temp\/wp-content\/uploads\/2022\/04\/i-lost-my-heart-in.png","contentUrl":"https:\/\/lightweb.dev\/l\/svm-temp\/wp-content\/uploads\/2022\/04\/i-lost-my-heart-in.png","width":280,"height":356},{"@type":"BreadcrumbList","@id":"https:\/\/lightweb.dev\/l\/svm-temp\/artiklar\/i-lost-my-heart-in\/#breadcrumb","itemListElement":[{"@type":"ListItem","position":1,"name":"Hem","item":"https:\/\/lightweb.dev\/l\/svm-temp\/"},{"@type":"ListItem","position":2,"name":"I lost my heart in&#8230;"}]},{"@type":"WebSite","@id":"https:\/\/lightweb.dev\/l\/svm-temp\/#website","url":"https:\/\/lightweb.dev\/l\/svm-temp\/","name":"Svenska Magasinet","description":"Dina Spanska nyheter p&aring; Svenska","publisher":{"@id":"https:\/\/lightweb.dev\/l\/svm-temp\/#organization"},"potentialAction":[{"@type":"SearchAction","target":{"@type":"EntryPoint","urlTemplate":"https:\/\/lightweb.dev\/l\/svm-temp\/?s={search_term_string}"},"query-input":{"@type":"PropertyValueSpecification","valueRequired":true,"valueName":"search_term_string"}}],"inLanguage":"sv-SE"},{"@type":"Organization","@id":"https:\/\/lightweb.dev\/l\/svm-temp\/#organization","name":"Melkerson y Nott SL","alternateName":"Svenska Magasinet","url":"https:\/\/lightweb.dev\/l\/svm-temp\/","logo":{"@type":"ImageObject","inLanguage":"sv-SE","@id":"https:\/\/lightweb.dev\/l\/svm-temp\/#\/schema\/logo\/image\/","url":"https:\/\/lightweb.dev\/l\/svm-temp\/wp-content\/uploads\/2025\/02\/SvM-logo-Xtra-Centrerad-SVART.png","contentUrl":"https:\/\/lightweb.dev\/l\/svm-temp\/wp-content\/uploads\/2025\/02\/SvM-logo-Xtra-Centrerad-SVART.png","width":300,"height":99,"caption":"Melkerson y Nott SL"},"image":{"@id":"https:\/\/lightweb.dev\/l\/svm-temp\/#\/schema\/logo\/image\/"},"sameAs":["https:\/\/www.facebook.com\/svenskamagasinet","https:\/\/x.com\/SvenskaMagasine"]},{"@type":"Person","@id":"https:\/\/lightweb.dev\/l\/svm-temp\/#\/schema\/person\/206a3bda5b607b0c25e1749191e4d837","name":"Redaktionen SvM","description":"Redaktionen","sameAs":["https:\/\/lightweb.dev\/l\/svm-temp"],"url":"https:\/\/lightweb.dev\/l\/svm-temp\/reporter\/redaktionen\/"}]}},"_links":{"self":[{"href":"https:\/\/lightweb.dev\/l\/svm-temp\/wp-json\/wp\/v2\/posts\/4805","targetHints":{"allow":["GET"]}}],"collection":[{"href":"https:\/\/lightweb.dev\/l\/svm-temp\/wp-json\/wp\/v2\/posts"}],"about":[{"href":"https:\/\/lightweb.dev\/l\/svm-temp\/wp-json\/wp\/v2\/types\/post"}],"author":[{"embeddable":true,"href":"https:\/\/lightweb.dev\/l\/svm-temp\/wp-json\/wp\/v2\/users\/8"}],"replies":[{"embeddable":true,"href":"https:\/\/lightweb.dev\/l\/svm-temp\/wp-json\/wp\/v2\/comments?post=4805"}],"version-history":[{"count":0,"href":"https:\/\/lightweb.dev\/l\/svm-temp\/wp-json\/wp\/v2\/posts\/4805\/revisions"}],"wp:featuredmedia":[{"embeddable":true,"href":"https:\/\/lightweb.dev\/l\/svm-temp\/wp-json\/wp\/v2\/media\/4806"}],"wp:attachment":[{"href":"https:\/\/lightweb.dev\/l\/svm-temp\/wp-json\/wp\/v2\/media?parent=4805"}],"wp:term":[{"taxonomy":"category","embeddable":true,"href":"https:\/\/lightweb.dev\/l\/svm-temp\/wp-json\/wp\/v2\/categories?post=4805"},{"taxonomy":"post_tag","embeddable":true,"href":"https:\/\/lightweb.dev\/l\/svm-temp\/wp-json\/wp\/v2\/tags?post=4805"}],"curies":[{"name":"wp","href":"https:\/\/api.w.org\/{rel}","templated":true}]}}