{"id":48056,"date":"2007-11-29T00:00:00","date_gmt":"2007-11-28T23:00:00","guid":{"rendered":"https:\/\/lightweb.dev\/l\/svm-temp\/nyheter\/bob-geldof-i-malaga\/"},"modified":"2007-11-29T00:00:00","modified_gmt":"2007-11-28T23:00:00","slug":"bob-geldof-i-malaga","status":"publish","type":"post","link":"https:\/\/lightweb.dev\/l\/svm-temp\/nyheter\/bob-geldof-i-malaga\/","title":{"rendered":"Bob Geldof i M\u00e1laga"},"content":{"rendered":"<p> Det genomf\u00f6rs i dag och i morgon en stor internationell konferens i M\u00e1laga om informations- och medborgaransvarssamh\u00e4llet. \u00d6ppningstalare var irl\u00e4ndaren, musikern, aktivisten och den adlade Sir Bob Geldof. Han po\u00e4ngterade i sitt tal att en r\u00e4ttvisare och mer j\u00e4mlik v\u00e4rld med ett v\u00e4rdigt liv f\u00f6r alla bygger p\u00e5 att vi forts\u00e4tter att g\u00f6ra teknisk och andra framsteg. Han ville med det markera distans till m\u00e5nga aktivister som ibland tenderar att mots\u00e4tta sig alla nya tekniker och framsteg. Geldof betraktar sig sj\u00e4lv i f\u00f6rsta hand som musiker och var ledare f\u00f6r gruppen Boomtown Rats som kom fram i punkv\u00e5gen under andra halvan av 70-talet. Han \u00e4r dock nu mest k\u00e4nd f\u00f6r sina initiativ och insatser mot sv\u00e4lten i framf\u00f6r allt Afrika. Han l\u00e5g bland annat bakom de v\u00e4rldsomsp\u00e4nnande konserterna Live Aid p\u00e5 80-talet och Live 8 nu p\u00e5 2000-talet.<\/p>\n","protected":false},"excerpt":{"rendered":"<p>Det genomf\u00f6rs i dag och i morgon en stor internationell konferens i M\u00e1laga om informations- och medborgaransvarssamh\u00e4llet. \u00d6ppningstalare var irl\u00e4ndaren, musikern, aktivisten och den adlade Sir Bob Geldof. Han po\u00e4ngterade i sitt tal att en r\u00e4ttvisare och mer j\u00e4mlik v\u00e4rld med ett v\u00e4rdigt liv f\u00f6r alla bygger p\u00e5 att vi forts\u00e4tter att g\u00f6ra teknisk och [&hellip;]<\/p>\n","protected":false},"author":8,"featured_media":0,"comment_status":"open","ping_status":"open","sticky":false,"template":"","format":"standard","meta":{"_et_pb_use_builder":"","_et_pb_old_content":"","_et_gb_content_width":"","footnotes":""},"categories":[395,3],"tags":[],"class_list":["post-48056","post","type-post","status-publish","format-standard","hentry","category-arkiv-nyheter","category-nyheter"],"yoast_head":"<!-- This site is optimized with the Yoast SEO Premium plugin v26.2 (Yoast SEO v28.2) - https:\/\/yoast.com\/product\/yoast-seo-premium-wordpress\/ -->\n<title>Bob Geldof i M\u00e1laga - Svenska Magasinet<\/title>\n<meta name=\"robots\" content=\"noindex, follow, max-snippet:-1, max-image-preview:large, max-video-preview:-1\" \/>\n<meta property=\"og:locale\" content=\"sv_SE\" \/>\n<meta property=\"og:type\" content=\"article\" \/>\n<meta property=\"og:title\" content=\"Bob Geldof i M\u00e1laga\" \/>\n<meta property=\"og:description\" content=\"Det genomf\u00f6rs i dag och i morgon en stor internationell konferens i M\u00e1laga om informations- och medborgaransvarssamh\u00e4llet. \u00d6ppningstalare var irl\u00e4ndaren, musikern, aktivisten och den adlade Sir Bob Geldof. Han po\u00e4ngterade i sitt tal att en r\u00e4ttvisare och mer j\u00e4mlik v\u00e4rld med ett v\u00e4rdigt liv f\u00f6r alla bygger p\u00e5 att vi forts\u00e4tter att g\u00f6ra teknisk och [&hellip;]\" \/>\n<meta property=\"og:url\" content=\"https:\/\/lightweb.dev\/l\/svm-temp\/nyheter\/bob-geldof-i-malaga\/\" \/>\n<meta property=\"og:site_name\" content=\"Svenska Magasinet\" \/>\n<meta property=\"article:publisher\" content=\"https:\/\/www.facebook.com\/svenskamagasinet\" \/>\n<meta property=\"article:published_time\" content=\"2007-11-28T23:00:00+00:00\" \/>\n<meta name=\"author\" content=\"Redaktionen SvM\" \/>\n<meta name=\"twitter:card\" content=\"summary_large_image\" \/>\n<meta name=\"twitter:creator\" content=\"@SvenskaMagasine\" \/>\n<meta name=\"twitter:site\" content=\"@SvenskaMagasine\" \/>\n<script type=\"application\/ld+json\" class=\"yoast-schema-graph\">{\"@context\":\"https:\\\/\\\/schema.org\",\"@graph\":[{\"@type\":\"Article\",\"@id\":\"https:\\\/\\\/lightweb.dev\\\/l\\\/svm-temp\\\/nyheter\\\/bob-geldof-i-malaga\\\/#article\",\"isPartOf\":{\"@id\":\"https:\\\/\\\/lightweb.dev\\\/l\\\/svm-temp\\\/nyheter\\\/bob-geldof-i-malaga\\\/\"},\"author\":{\"name\":\"Redaktionen SvM\",\"@id\":\"https:\\\/\\\/lightweb.dev\\\/l\\\/svm-temp\\\/#\\\/schema\\\/person\\\/206a3bda5b607b0c25e1749191e4d837\"},\"headline\":\"Bob Geldof i M\u00e1laga\",\"datePublished\":\"2007-11-28T23:00:00+00:00\",\"mainEntityOfPage\":{\"@id\":\"https:\\\/\\\/lightweb.dev\\\/l\\\/svm-temp\\\/nyheter\\\/bob-geldof-i-malaga\\\/\"},\"wordCount\":167,\"commentCount\":0,\"publisher\":{\"@id\":\"https:\\\/\\\/lightweb.dev\\\/l\\\/svm-temp\\\/#organization\"},\"articleSection\":[\"Arkiv\",\"Nyheter\"],\"inLanguage\":\"sv-SE\"},{\"@type\":\"WebPage\",\"@id\":\"https:\\\/\\\/lightweb.dev\\\/l\\\/svm-temp\\\/nyheter\\\/bob-geldof-i-malaga\\\/\",\"url\":\"https:\\\/\\\/lightweb.dev\\\/l\\\/svm-temp\\\/nyheter\\\/bob-geldof-i-malaga\\\/\",\"name\":\"Bob Geldof i M\u00e1laga - Svenska Magasinet\",\"isPartOf\":{\"@id\":\"https:\\\/\\\/lightweb.dev\\\/l\\\/svm-temp\\\/#website\"},\"datePublished\":\"2007-11-28T23:00:00+00:00\",\"breadcrumb\":{\"@id\":\"https:\\\/\\\/lightweb.dev\\\/l\\\/svm-temp\\\/nyheter\\\/bob-geldof-i-malaga\\\/#breadcrumb\"},\"inLanguage\":\"sv-SE\",\"potentialAction\":[{\"@type\":\"ReadAction\",\"target\":[\"https:\\\/\\\/lightweb.dev\\\/l\\\/svm-temp\\\/nyheter\\\/bob-geldof-i-malaga\\\/\"]}]},{\"@type\":\"BreadcrumbList\",\"@id\":\"https:\\\/\\\/lightweb.dev\\\/l\\\/svm-temp\\\/nyheter\\\/bob-geldof-i-malaga\\\/#breadcrumb\",\"itemListElement\":[{\"@type\":\"ListItem\",\"position\":1,\"name\":\"Hem\",\"item\":\"https:\\\/\\\/lightweb.dev\\\/l\\\/svm-temp\\\/\"},{\"@type\":\"ListItem\",\"position\":2,\"name\":\"Bob Geldof i M\u00e1laga\"}]},{\"@type\":\"WebSite\",\"@id\":\"https:\\\/\\\/lightweb.dev\\\/l\\\/svm-temp\\\/#website\",\"url\":\"https:\\\/\\\/lightweb.dev\\\/l\\\/svm-temp\\\/\",\"name\":\"Svenska Magasinet\",\"description\":\"Dina Spanska nyheter p&aring; Svenska\",\"publisher\":{\"@id\":\"https:\\\/\\\/lightweb.dev\\\/l\\\/svm-temp\\\/#organization\"},\"potentialAction\":[{\"@type\":\"SearchAction\",\"target\":{\"@type\":\"EntryPoint\",\"urlTemplate\":\"https:\\\/\\\/lightweb.dev\\\/l\\\/svm-temp\\\/?s={search_term_string}\"},\"query-input\":{\"@type\":\"PropertyValueSpecification\",\"valueRequired\":true,\"valueName\":\"search_term_string\"}}],\"inLanguage\":\"sv-SE\"},{\"@type\":\"Organization\",\"@id\":\"https:\\\/\\\/lightweb.dev\\\/l\\\/svm-temp\\\/#organization\",\"name\":\"Melkerson y Nott SL\",\"alternateName\":\"Svenska Magasinet\",\"url\":\"https:\\\/\\\/lightweb.dev\\\/l\\\/svm-temp\\\/\",\"logo\":{\"@type\":\"ImageObject\",\"inLanguage\":\"sv-SE\",\"@id\":\"https:\\\/\\\/lightweb.dev\\\/l\\\/svm-temp\\\/#\\\/schema\\\/logo\\\/image\\\/\",\"url\":\"https:\\\/\\\/lightweb.dev\\\/l\\\/svm-temp\\\/wp-content\\\/uploads\\\/2025\\\/02\\\/SvM-logo-Xtra-Centrerad-SVART.png\",\"contentUrl\":\"https:\\\/\\\/lightweb.dev\\\/l\\\/svm-temp\\\/wp-content\\\/uploads\\\/2025\\\/02\\\/SvM-logo-Xtra-Centrerad-SVART.png\",\"width\":300,\"height\":99,\"caption\":\"Melkerson y Nott SL\"},\"image\":{\"@id\":\"https:\\\/\\\/lightweb.dev\\\/l\\\/svm-temp\\\/#\\\/schema\\\/logo\\\/image\\\/\"},\"sameAs\":[\"https:\\\/\\\/www.facebook.com\\\/svenskamagasinet\",\"https:\\\/\\\/x.com\\\/SvenskaMagasine\"]},{\"@type\":\"Person\",\"@id\":\"https:\\\/\\\/lightweb.dev\\\/l\\\/svm-temp\\\/#\\\/schema\\\/person\\\/206a3bda5b607b0c25e1749191e4d837\",\"name\":\"Redaktionen SvM\",\"description\":\"Redaktionen\",\"sameAs\":[\"https:\\\/\\\/lightweb.dev\\\/l\\\/svm-temp\"],\"url\":\"https:\\\/\\\/lightweb.dev\\\/l\\\/svm-temp\\\/reporter\\\/redaktionen\\\/\"}]}<\/script>\n<!-- \/ Yoast SEO Premium plugin. -->","yoast_head_json":{"title":"Bob Geldof i M\u00e1laga - Svenska Magasinet","robots":{"index":"noindex","follow":"follow","max-snippet":"max-snippet:-1","max-image-preview":"max-image-preview:large","max-video-preview":"max-video-preview:-1"},"og_locale":"sv_SE","og_type":"article","og_title":"Bob Geldof i M\u00e1laga","og_description":"Det genomf\u00f6rs i dag och i morgon en stor internationell konferens i M\u00e1laga om informations- och medborgaransvarssamh\u00e4llet. \u00d6ppningstalare var irl\u00e4ndaren, musikern, aktivisten och den adlade Sir Bob Geldof. Han po\u00e4ngterade i sitt tal att en r\u00e4ttvisare och mer j\u00e4mlik v\u00e4rld med ett v\u00e4rdigt liv f\u00f6r alla bygger p\u00e5 att vi forts\u00e4tter att g\u00f6ra teknisk och [&hellip;]","og_url":"https:\/\/lightweb.dev\/l\/svm-temp\/nyheter\/bob-geldof-i-malaga\/","og_site_name":"Svenska Magasinet","article_publisher":"https:\/\/www.facebook.com\/svenskamagasinet","article_published_time":"2007-11-28T23:00:00+00:00","author":"Redaktionen SvM","twitter_card":"summary_large_image","twitter_creator":"@SvenskaMagasine","twitter_site":"@SvenskaMagasine","schema":{"@context":"https:\/\/schema.org","@graph":[{"@type":"Article","@id":"https:\/\/lightweb.dev\/l\/svm-temp\/nyheter\/bob-geldof-i-malaga\/#article","isPartOf":{"@id":"https:\/\/lightweb.dev\/l\/svm-temp\/nyheter\/bob-geldof-i-malaga\/"},"author":{"name":"Redaktionen SvM","@id":"https:\/\/lightweb.dev\/l\/svm-temp\/#\/schema\/person\/206a3bda5b607b0c25e1749191e4d837"},"headline":"Bob Geldof i M\u00e1laga","datePublished":"2007-11-28T23:00:00+00:00","mainEntityOfPage":{"@id":"https:\/\/lightweb.dev\/l\/svm-temp\/nyheter\/bob-geldof-i-malaga\/"},"wordCount":167,"commentCount":0,"publisher":{"@id":"https:\/\/lightweb.dev\/l\/svm-temp\/#organization"},"articleSection":["Arkiv","Nyheter"],"inLanguage":"sv-SE"},{"@type":"WebPage","@id":"https:\/\/lightweb.dev\/l\/svm-temp\/nyheter\/bob-geldof-i-malaga\/","url":"https:\/\/lightweb.dev\/l\/svm-temp\/nyheter\/bob-geldof-i-malaga\/","name":"Bob Geldof i M\u00e1laga - Svenska Magasinet","isPartOf":{"@id":"https:\/\/lightweb.dev\/l\/svm-temp\/#website"},"datePublished":"2007-11-28T23:00:00+00:00","breadcrumb":{"@id":"https:\/\/lightweb.dev\/l\/svm-temp\/nyheter\/bob-geldof-i-malaga\/#breadcrumb"},"inLanguage":"sv-SE","potentialAction":[{"@type":"ReadAction","target":["https:\/\/lightweb.dev\/l\/svm-temp\/nyheter\/bob-geldof-i-malaga\/"]}]},{"@type":"BreadcrumbList","@id":"https:\/\/lightweb.dev\/l\/svm-temp\/nyheter\/bob-geldof-i-malaga\/#breadcrumb","itemListElement":[{"@type":"ListItem","position":1,"name":"Hem","item":"https:\/\/lightweb.dev\/l\/svm-temp\/"},{"@type":"ListItem","position":2,"name":"Bob Geldof i M\u00e1laga"}]},{"@type":"WebSite","@id":"https:\/\/lightweb.dev\/l\/svm-temp\/#website","url":"https:\/\/lightweb.dev\/l\/svm-temp\/","name":"Svenska Magasinet","description":"Dina Spanska nyheter p&aring; Svenska","publisher":{"@id":"https:\/\/lightweb.dev\/l\/svm-temp\/#organization"},"potentialAction":[{"@type":"SearchAction","target":{"@type":"EntryPoint","urlTemplate":"https:\/\/lightweb.dev\/l\/svm-temp\/?s={search_term_string}"},"query-input":{"@type":"PropertyValueSpecification","valueRequired":true,"valueName":"search_term_string"}}],"inLanguage":"sv-SE"},{"@type":"Organization","@id":"https:\/\/lightweb.dev\/l\/svm-temp\/#organization","name":"Melkerson y Nott SL","alternateName":"Svenska Magasinet","url":"https:\/\/lightweb.dev\/l\/svm-temp\/","logo":{"@type":"ImageObject","inLanguage":"sv-SE","@id":"https:\/\/lightweb.dev\/l\/svm-temp\/#\/schema\/logo\/image\/","url":"https:\/\/lightweb.dev\/l\/svm-temp\/wp-content\/uploads\/2025\/02\/SvM-logo-Xtra-Centrerad-SVART.png","contentUrl":"https:\/\/lightweb.dev\/l\/svm-temp\/wp-content\/uploads\/2025\/02\/SvM-logo-Xtra-Centrerad-SVART.png","width":300,"height":99,"caption":"Melkerson y Nott SL"},"image":{"@id":"https:\/\/lightweb.dev\/l\/svm-temp\/#\/schema\/logo\/image\/"},"sameAs":["https:\/\/www.facebook.com\/svenskamagasinet","https:\/\/x.com\/SvenskaMagasine"]},{"@type":"Person","@id":"https:\/\/lightweb.dev\/l\/svm-temp\/#\/schema\/person\/206a3bda5b607b0c25e1749191e4d837","name":"Redaktionen SvM","description":"Redaktionen","sameAs":["https:\/\/lightweb.dev\/l\/svm-temp"],"url":"https:\/\/lightweb.dev\/l\/svm-temp\/reporter\/redaktionen\/"}]}},"_links":{"self":[{"href":"https:\/\/lightweb.dev\/l\/svm-temp\/wp-json\/wp\/v2\/posts\/48056","targetHints":{"allow":["GET"]}}],"collection":[{"href":"https:\/\/lightweb.dev\/l\/svm-temp\/wp-json\/wp\/v2\/posts"}],"about":[{"href":"https:\/\/lightweb.dev\/l\/svm-temp\/wp-json\/wp\/v2\/types\/post"}],"author":[{"embeddable":true,"href":"https:\/\/lightweb.dev\/l\/svm-temp\/wp-json\/wp\/v2\/users\/8"}],"replies":[{"embeddable":true,"href":"https:\/\/lightweb.dev\/l\/svm-temp\/wp-json\/wp\/v2\/comments?post=48056"}],"version-history":[{"count":0,"href":"https:\/\/lightweb.dev\/l\/svm-temp\/wp-json\/wp\/v2\/posts\/48056\/revisions"}],"wp:attachment":[{"href":"https:\/\/lightweb.dev\/l\/svm-temp\/wp-json\/wp\/v2\/media?parent=48056"}],"wp:term":[{"taxonomy":"category","embeddable":true,"href":"https:\/\/lightweb.dev\/l\/svm-temp\/wp-json\/wp\/v2\/categories?post=48056"},{"taxonomy":"post_tag","embeddable":true,"href":"https:\/\/lightweb.dev\/l\/svm-temp\/wp-json\/wp\/v2\/tags?post=48056"}],"curies":[{"name":"wp","href":"https:\/\/api.w.org\/{rel}","templated":true}]}}